{"id":8210,"date":"2022-05-13T16:20:57","date_gmt":"2022-05-13T14:20:57","guid":{"rendered":"https:\/\/www.renouvelle.be\/?p=8210"},"modified":"2022-05-13T16:27:02","modified_gmt":"2022-05-13T14:27:02","slug":"energiedelen-in-brussel-daar-gaan-we","status":"publish","type":"post","link":"https:\/\/www.renouvelle.be\/nl\/energiedelen-in-brussel-daar-gaan-we\/","title":{"rendered":"Energiedelen in Brussel, daar gaan we!"},"content":{"rendered":"\n<p><\/p>\n\n\n\n<p>De algemene stijging van de energieprijzen baart veel gezinnen zorgen, en terecht, en trekt de politieke aandacht.<\/p>\n\n\n\n<p>De afgelopen 7 maanden loopt de inflatie hoog op door de hoge prijzen op internationale energiemarkt, als gevolg van de stijging van de koolstofprijzen en vooral van de prijzen van fossiele brandstoffen (in de eerste plaats gas). Daarbij komt nog de oorlog in Oekra\u00efne en het vooruitzicht van een vermindering of boycot van Russische olie, die de geopolitiek van de Europese energie door elkaar schudt.<\/p>\n\n\n\n<p>Het is nog nooit zo duidelijk geweest dat de goedkoopste energie om te produceren (warmte en elektriciteit samen) hernieuwbare energie is.<\/p>\n\n\n\n<p>Door de rechtstreekse toegang tot hernieuwbare energie uit te breiden en te democratiseren, via lokale zelfproductie, kan men minder afhankelijk worden van de internationale energiemarkt &#8211; en van de prijsschommelingen daarvan &#8211; en zijn energiefactuur op middellange en lange termijn onder controle houden.<\/p>\n\n\n\n<h2 class=\"wp-block-heading\"><strong>Lang leve de Energiegemeenschappen !<\/strong><\/h2>\n\n\n\n<p>Het principe van de energiegemeenschappen, dat wordt ondersteund door twee Europese richtlijnen, maakt het mogelijk de lokale elektriciteitsproductie &#8211; door bijvoorbeeld een school die is uitgerust met fotovolta\u00efsche zonnepanelen &#8211; tegen een gunstig tarief te delen met de consumenten in de buurt (gezinnen, bedrijven, overheden, enz.).<\/p>\n\n\n\n<p>Er bestaan al proefprojecten in Belgi\u00eb, namelijk in Brussel, met een sociale en solidaire dimensie (zie ons artikel Sociale woningen in Sint-Gillis bundelen hun energie).<\/p>\n\n\n\n<p>Het delen van energie binnen een gebouw of binnen een gemeenschap biedt dus collectieve oplossingen voor de vele Brusselaars die zelf geen zonnestroom kunnen produceren, door gebrek aan financi\u00eble middelen of toegang tot een dak.<\/p>\n\n\n\n<p>Dit is dus een grote stap voorwaarts voor de energiedemocratie!<\/p>\n\n\n\n<h2 class=\"wp-block-heading\"><strong>Een Brusselse verordening<\/strong><\/h2>\n\n\n\n<p>Het Brussels Parlement heeft zopas een juridisch kader goedgekeurd.<\/p>\n\n\n\n<p>Een verordening, die begin april in werking treedt, maakt het energiedelen tussen actieve afnemers en het oprichten van Energiegemeenschappen mogelijk.<\/p>\n\n\n\n<p>Deze verordening dient eveneens als juridische basis voor :<\/p>\n\n\n\n<p>&#8211; Ambitieuze ondersteuning voor de renovatie van openbare gebouwen (Renoclick).<\/p>\n\n\n\n<p>&#8211; De installatie van laadpalen voor elektrische voertuigen (Chargyclick).<\/p>\n\n\n\n<p>&#8211; De geleidelijke invoering van slimme meters (noodzakelijk voor het delen van energie).&nbsp;<\/p>\n\n\n\n<p>Het bevat ook een versterking van de toegang tot energie:<\/p>\n\n\n\n<p>&#8211; \u201cGegarandeerde levering&#8221;, die de meest kwetsbaren beschermt en de toegang tot energie garandeert.<\/p>\n\n\n\n<p>&#8211; Opheffing van vermogensbegrenzers (duur en ineffici\u00ebnt).<\/p>\n\n\n\n<p>&#8211; Vereenvoudiging en automatisering van de toegang tot beschermde klantenstatus.<\/p>\n\n\n\n<p>Ook Walloni\u00eb moet tegen medio 2022 een wettelijk kader vastleggen.<\/p>\n\n\n\n<h2 class=\"wp-block-heading\"><strong>Bestrijding van brandstofarmoede&nbsp;<\/strong><\/h2>\n\n\n\n<p>In Belgi\u00eb verkeert \u00e9\u00e9n op de vijf gezinnen in een situatie van brandstofarmoede (slecht ge\u00efsoleerde woning, onevenredig hoge energiefactuur, &#8230;).<\/p>\n\n\n\n<p>In Walloni\u00eb en Brussel gaat het zelfs over 1 op 4 gezinnen.<\/p>\n\n\n\n<p>De Energiegemeenschappen worden zo een middel in de strijd tegen brandstofarmoede.<\/p>\n\n\n\n<p>Deze nieuwe actor kan nu immers de toegang tot collectieve zelfproductie van energie en energierenovatie vergemakkelijken.<\/p>\n\n\n\n<p>Een Energiegemeenschap is wettelijk verplicht om sociale en economische doelstellingen na te streven en geen winstdoeleinden. De leden van een Energiegemeenschap kunnen zo van de strijd tegen brandstofarmoede een prioriteit maken (zie ons artikel Energiegemeenschappen willen strijden tegen brandstofarmoede).<\/p>\n\n\n\n<h2 class=\"wp-block-heading\"><strong>Betere kennis van elektriciteit&nbsp;<\/strong><\/h2>\n\n\n\n<p>Elektriciteit is een belangrijk thema in ons dagelijks leven geworden, gezien de noodzaak om over te schakelen op koolstofarme energie en om het verbruik te verminderen, maar ook om het hoofd te bieden aan de steeds hogere prijzen.&nbsp;<\/p>\n\n\n\n<p>Door deel te nemen aan een systeem voor het delen van elektriciteit heeft u een beter inzicht in de werking van het elektriciteitsnet, de rol van de spelers op de energiemarkt, enz. Dit is een aanpak die zich steeds meer zal ontwikkelen, gezien het groeiende aandeel van elektriciteit die wordt opgewekt met wind- of zonne-energie, die niet altijd beschikbaar is.&nbsp;<\/p>\n\n\n\n<p>Ten slotte kan een consument door het delen van elektriciteit zich ook meer interesseren in zijn of haar elektriciteitsverbruik en beter begrijpen waar er besparingen op elektriciteit mogelijk zijn.&nbsp;<\/p>\n\n\n\n<h2 class=\"wp-block-heading\"><strong>Een dienst om projecten te vergemakkelijken<\/strong><\/h2>\n\n\n\n<p>Om de Brusselaars te helpen bij de opstart van hun lokale energiegemeenschap, heeft het Brussels Gewest een <a href=\"https:\/\/leefmilieu.brussels\/news\/een-nieuwe-facilitator-voor-energiedelen\" target=\"_blank\" rel=\"noreferrer noopener\">Facilitatordienst<\/a> opgericht voor projecten rond energiegemeenschappen en -energiedelen.<\/p>\n\n\n\n<p>Elke burger, onderneming of overheidsinstantie die in Brussel is gevestigd, kan bij hen advies inwinnen.<\/p>\n","protected":false},"excerpt":{"rendered":"<p>De algemene stijging van de energieprijzen baart veel gezinnen zorgen, en terecht, en trekt de politieke aandacht. De afgelopen 7 maanden loopt de inflatie hoog op door de hoge prijzen op internationale energiemarkt, als gevolg van de stijging van de koolstofprijzen en vooral van de prijzen van fossiele brandstoffen (in de eerste plaats gas). Daarbij komt nog de oorlog in Oekra\u00efne en het vooruitzicht van een vermindering of boycot van Russische olie, die de geopolitiek van de Europese energie door elkaar schudt. Het is nog nooit zo duidelijk geweest dat de goedkoopste energie om te produceren (warmte en elektriciteit samen) hernieuwbare energie is. Door de rechtstreekse toegang tot hernieuwbare energie uit te breiden en te democratiseren, via lokale zelfproductie, kan men minder afhankelijk worden van de internationale energiemarkt &#8211; en van de prijsschommelingen daarvan &#8211; en zijn energiefactuur op middellange en lange termijn onder controle houden. Lang leve de Energiegemeenschappen ! Het principe van de energiegemeenschappen, dat wordt ondersteund door twee Europese richtlijnen, maakt het mogelijk de lokale elektriciteitsproductie &#8211; door bijvoorbeeld een school die is uitgerust met fotovolta\u00efsche zonnepanelen &#8211; tegen een gunstig tarief te delen met de consumenten in de buurt (gezinnen, bedrijven, overheden, enz.). Er bestaan al proefprojecten in Belgi\u00eb, namelijk in Brussel, met een sociale en solidaire dimensie (zie ons artikel Sociale woningen in Sint-Gillis bundelen hun energie). Het delen van energie binnen een gebouw of binnen een gemeenschap biedt dus collectieve oplossingen voor de vele Brusselaars die zelf geen zonnestroom kunnen produceren, door gebrek aan financi\u00eble middelen of toegang tot een dak. Dit is dus een grote stap voorwaarts voor de energiedemocratie! Een Brusselse verordening Het Brussels Parlement heeft zopas een juridisch kader goedgekeurd. Een verordening, die begin april in werking treedt, maakt het energiedelen &hellip; <a href=\"https:\/\/www.renouvelle.be\/nl\/energiedelen-in-brussel-daar-gaan-we\/\" class=\"more-link\">Continue reading<span class=\"screen-reader-text\"> &#8220;Energiedelen in Brussel, daar gaan we!&#8221;<\/span><\/a><\/p>\n","protected":false},"author":3,"featured_media":8015,"comment_status":"closed","ping_status":"closed","sticky":false,"template":"","format":"standard","meta":{"_acf_changed":false,"footnotes":""},"categories":[32],"tags":[],"section":[44],"class_list":["post-8210","post","type-post","status-publish","format-standard","has-post-thumbnail","hentry","category-in-belgie","section-energiegemeenschap"],"acf":[],"yoast_head":"<!-- This site is optimized with the Yoast SEO plugin v27.4 - https:\/\/yoast.com\/product\/yoast-seo-wordpress\/ -->\n<title>Energiedelen in Brussel, daar gaan we! - Hernieuws<\/title>\n<meta name=\"robots\" content=\"index, follow, max-snippet:-1, max-image-preview:large, max-video-preview:-1\" \/>\n<link rel=\"canonical\" href=\"https:\/\/www.renouvelle.be\/nl\/energiedelen-in-brussel-daar-gaan-we\/\" \/>\n<meta property=\"og:locale\" content=\"nl_NL\" \/>\n<meta property=\"og:type\" content=\"article\" \/>\n<meta property=\"og:title\" content=\"Energiedelen in Brussel, daar gaan we! - Hernieuws\" \/>\n<meta property=\"og:description\" content=\"De algemene stijging van de energieprijzen baart veel gezinnen zorgen, en terecht, en trekt de politieke aandacht. De afgelopen 7 maanden loopt de inflatie hoog op door de hoge prijzen op internationale energiemarkt, als gevolg van de stijging van de koolstofprijzen en vooral van de prijzen van fossiele brandstoffen (in de eerste plaats gas). Daarbij komt nog de oorlog in Oekra\u00efne en het vooruitzicht van een vermindering of boycot van Russische olie, die de geopolitiek van de Europese energie door elkaar schudt. Het is nog nooit zo duidelijk geweest dat de goedkoopste energie om te produceren (warmte en elektriciteit samen) hernieuwbare energie is. Door de rechtstreekse toegang tot hernieuwbare energie uit te breiden en te democratiseren, via lokale zelfproductie, kan men minder afhankelijk worden van de internationale energiemarkt &#8211; en van de prijsschommelingen daarvan &#8211; en zijn energiefactuur op middellange en lange termijn onder controle houden. Lang leve de Energiegemeenschappen ! Het principe van de energiegemeenschappen, dat wordt ondersteund door twee Europese richtlijnen, maakt het mogelijk de lokale elektriciteitsproductie &#8211; door bijvoorbeeld een school die is uitgerust met fotovolta\u00efsche zonnepanelen &#8211; tegen een gunstig tarief te delen met de consumenten in de buurt (gezinnen, bedrijven, overheden, enz.). Er bestaan al proefprojecten in Belgi\u00eb, namelijk in Brussel, met een sociale en solidaire dimensie (zie ons artikel Sociale woningen in Sint-Gillis bundelen hun energie). Het delen van energie binnen een gebouw of binnen een gemeenschap biedt dus collectieve oplossingen voor de vele Brusselaars die zelf geen zonnestroom kunnen produceren, door gebrek aan financi\u00eble middelen of toegang tot een dak. Dit is dus een grote stap voorwaarts voor de energiedemocratie! Een Brusselse verordening Het Brussels Parlement heeft zopas een juridisch kader goedgekeurd. Een verordening, die begin april in werking treedt, maakt het energiedelen &hellip; Continue reading &quot;Energiedelen in Brussel, daar gaan we!&quot;\" \/>\n<meta property=\"og:url\" content=\"https:\/\/www.renouvelle.be\/nl\/energiedelen-in-brussel-daar-gaan-we\/\" \/>\n<meta property=\"og:site_name\" content=\"Hernieuws\" \/>\n<meta property=\"article:published_time\" content=\"2022-05-13T14:20:57+00:00\" \/>\n<meta property=\"article:modified_time\" content=\"2022-05-13T14:27:02+00:00\" \/>\n<meta property=\"og:image\" content=\"https:\/\/www.renouvelle.be\/wp-content\/uploads\/2022\/03\/solidarite2.jpg\" \/>\n\t<meta property=\"og:image:width\" content=\"700\" \/>\n\t<meta property=\"og:image:height\" content=\"629\" \/>\n\t<meta property=\"og:image:type\" content=\"image\/jpeg\" \/>\n<meta name=\"author\" content=\"Energie Commune\" \/>\n<meta name=\"twitter:card\" content=\"summary_large_image\" \/>\n<script type=\"application\/ld+json\" class=\"yoast-schema-graph\">{\"@context\":\"https:\\\/\\\/schema.org\",\"@graph\":[{\"@type\":\"Article\",\"@id\":\"https:\\\/\\\/www.renouvelle.be\\\/nl\\\/energiedelen-in-brussel-daar-gaan-we\\\/#article\",\"isPartOf\":{\"@id\":\"https:\\\/\\\/www.renouvelle.be\\\/nl\\\/energiedelen-in-brussel-daar-gaan-we\\\/\"},\"author\":{\"name\":\"Energie Commune\",\"@id\":\"https:\\\/\\\/www.renouvelle.be\\\/fr\\\/#\\\/schema\\\/person\\\/01fbe8226a07f8f3d4a1cd059b31f17a\"},\"headline\":\"Energiedelen in Brussel, daar gaan we!\",\"datePublished\":\"2022-05-13T14:20:57+00:00\",\"dateModified\":\"2022-05-13T14:27:02+00:00\",\"mainEntityOfPage\":{\"@id\":\"https:\\\/\\\/www.renouvelle.be\\\/nl\\\/energiedelen-in-brussel-daar-gaan-we\\\/\"},\"wordCount\":679,\"image\":{\"@id\":\"https:\\\/\\\/www.renouvelle.be\\\/nl\\\/energiedelen-in-brussel-daar-gaan-we\\\/#primaryimage\"},\"thumbnailUrl\":\"https:\\\/\\\/www.renouvelle.be\\\/wp-content\\\/uploads\\\/2022\\\/03\\\/solidarite2.jpg\",\"articleSection\":[\"In Belgi\u00eb\"],\"inLanguage\":\"nl-NL\"},{\"@type\":\"WebPage\",\"@id\":\"https:\\\/\\\/www.renouvelle.be\\\/nl\\\/energiedelen-in-brussel-daar-gaan-we\\\/\",\"url\":\"https:\\\/\\\/www.renouvelle.be\\\/nl\\\/energiedelen-in-brussel-daar-gaan-we\\\/\",\"name\":\"Energiedelen in Brussel, daar gaan we! - Hernieuws\",\"isPartOf\":{\"@id\":\"https:\\\/\\\/www.renouvelle.be\\\/fr\\\/#website\"},\"primaryImageOfPage\":{\"@id\":\"https:\\\/\\\/www.renouvelle.be\\\/nl\\\/energiedelen-in-brussel-daar-gaan-we\\\/#primaryimage\"},\"image\":{\"@id\":\"https:\\\/\\\/www.renouvelle.be\\\/nl\\\/energiedelen-in-brussel-daar-gaan-we\\\/#primaryimage\"},\"thumbnailUrl\":\"https:\\\/\\\/www.renouvelle.be\\\/wp-content\\\/uploads\\\/2022\\\/03\\\/solidarite2.jpg\",\"datePublished\":\"2022-05-13T14:20:57+00:00\",\"dateModified\":\"2022-05-13T14:27:02+00:00\",\"author\":{\"@id\":\"https:\\\/\\\/www.renouvelle.be\\\/fr\\\/#\\\/schema\\\/person\\\/01fbe8226a07f8f3d4a1cd059b31f17a\"},\"breadcrumb\":{\"@id\":\"https:\\\/\\\/www.renouvelle.be\\\/nl\\\/energiedelen-in-brussel-daar-gaan-we\\\/#breadcrumb\"},\"inLanguage\":\"nl-NL\",\"potentialAction\":[{\"@type\":\"ReadAction\",\"target\":[\"https:\\\/\\\/www.renouvelle.be\\\/nl\\\/energiedelen-in-brussel-daar-gaan-we\\\/\"]}]},{\"@type\":\"ImageObject\",\"inLanguage\":\"nl-NL\",\"@id\":\"https:\\\/\\\/www.renouvelle.be\\\/nl\\\/energiedelen-in-brussel-daar-gaan-we\\\/#primaryimage\",\"url\":\"https:\\\/\\\/www.renouvelle.be\\\/wp-content\\\/uploads\\\/2022\\\/03\\\/solidarite2.jpg\",\"contentUrl\":\"https:\\\/\\\/www.renouvelle.be\\\/wp-content\\\/uploads\\\/2022\\\/03\\\/solidarite2.jpg\",\"width\":700,\"height\":629,\"caption\":\"Parents and Children Environment Green Button Background on Blue Sky. The main icon is placed on a round green shiny button in the center of the illustration. Environmental green living lifestyle icons go around the circumference of the button. Green building, man on a bicycle, trees, wind turbine, alternative energy and other environmental conservation symbols complete this illustration. The background has a blue glow effect.\"},{\"@type\":\"BreadcrumbList\",\"@id\":\"https:\\\/\\\/www.renouvelle.be\\\/nl\\\/energiedelen-in-brussel-daar-gaan-we\\\/#breadcrumb\",\"itemListElement\":[{\"@type\":\"ListItem\",\"position\":1,\"name\":\"Accueil\",\"item\":\"https:\\\/\\\/www.renouvelle.be\\\/nl\\\/\"},{\"@type\":\"ListItem\",\"position\":2,\"name\":\"Energiedelen in Brussel, daar gaan we!\"}]},{\"@type\":\"WebSite\",\"@id\":\"https:\\\/\\\/www.renouvelle.be\\\/fr\\\/#website\",\"url\":\"https:\\\/\\\/www.renouvelle.be\\\/fr\\\/\",\"name\":\"Hernieuws\",\"description\":\"Nieuws  over duurzame energie\",\"potentialAction\":[{\"@type\":\"SearchAction\",\"target\":{\"@type\":\"EntryPoint\",\"urlTemplate\":\"https:\\\/\\\/www.renouvelle.be\\\/fr\\\/?s={search_term_string}\"},\"query-input\":{\"@type\":\"PropertyValueSpecification\",\"valueRequired\":true,\"valueName\":\"search_term_string\"}}],\"inLanguage\":\"nl-NL\"},{\"@type\":\"Person\",\"@id\":\"https:\\\/\\\/www.renouvelle.be\\\/fr\\\/#\\\/schema\\\/person\\\/01fbe8226a07f8f3d4a1cd059b31f17a\",\"name\":\"Energie Commune\",\"url\":\"https:\\\/\\\/www.renouvelle.be\\\/nl\\\/author\\\/apere\\\/\"}]}<\/script>\n<!-- \/ Yoast SEO plugin. -->","yoast_head_json":{"title":"Energiedelen in Brussel, daar gaan we! - Hernieuws","robots":{"index":"index","follow":"follow","max-snippet":"max-snippet:-1","max-image-preview":"max-image-preview:large","max-video-preview":"max-video-preview:-1"},"canonical":"https:\/\/www.renouvelle.be\/nl\/energiedelen-in-brussel-daar-gaan-we\/","og_locale":"nl_NL","og_type":"article","og_title":"Energiedelen in Brussel, daar gaan we! - Hernieuws","og_description":"De algemene stijging van de energieprijzen baart veel gezinnen zorgen, en terecht, en trekt de politieke aandacht. De afgelopen 7 maanden loopt de inflatie hoog op door de hoge prijzen op internationale energiemarkt, als gevolg van de stijging van de koolstofprijzen en vooral van de prijzen van fossiele brandstoffen (in de eerste plaats gas). Daarbij komt nog de oorlog in Oekra\u00efne en het vooruitzicht van een vermindering of boycot van Russische olie, die de geopolitiek van de Europese energie door elkaar schudt. Het is nog nooit zo duidelijk geweest dat de goedkoopste energie om te produceren (warmte en elektriciteit samen) hernieuwbare energie is. Door de rechtstreekse toegang tot hernieuwbare energie uit te breiden en te democratiseren, via lokale zelfproductie, kan men minder afhankelijk worden van de internationale energiemarkt &#8211; en van de prijsschommelingen daarvan &#8211; en zijn energiefactuur op middellange en lange termijn onder controle houden. Lang leve de Energiegemeenschappen ! Het principe van de energiegemeenschappen, dat wordt ondersteund door twee Europese richtlijnen, maakt het mogelijk de lokale elektriciteitsproductie &#8211; door bijvoorbeeld een school die is uitgerust met fotovolta\u00efsche zonnepanelen &#8211; tegen een gunstig tarief te delen met de consumenten in de buurt (gezinnen, bedrijven, overheden, enz.). Er bestaan al proefprojecten in Belgi\u00eb, namelijk in Brussel, met een sociale en solidaire dimensie (zie ons artikel Sociale woningen in Sint-Gillis bundelen hun energie). Het delen van energie binnen een gebouw of binnen een gemeenschap biedt dus collectieve oplossingen voor de vele Brusselaars die zelf geen zonnestroom kunnen produceren, door gebrek aan financi\u00eble middelen of toegang tot een dak. Dit is dus een grote stap voorwaarts voor de energiedemocratie! Een Brusselse verordening Het Brussels Parlement heeft zopas een juridisch kader goedgekeurd. Een verordening, die begin april in werking treedt, maakt het energiedelen &hellip; Continue reading \"Energiedelen in Brussel, daar gaan we!\"","og_url":"https:\/\/www.renouvelle.be\/nl\/energiedelen-in-brussel-daar-gaan-we\/","og_site_name":"Hernieuws","article_published_time":"2022-05-13T14:20:57+00:00","article_modified_time":"2022-05-13T14:27:02+00:00","og_image":[{"width":700,"height":629,"url":"https:\/\/www.renouvelle.be\/wp-content\/uploads\/2022\/03\/solidarite2.jpg","type":"image\/jpeg"}],"author":"Energie Commune","twitter_card":"summary_large_image","schema":{"@context":"https:\/\/schema.org","@graph":[{"@type":"Article","@id":"https:\/\/www.renouvelle.be\/nl\/energiedelen-in-brussel-daar-gaan-we\/#article","isPartOf":{"@id":"https:\/\/www.renouvelle.be\/nl\/energiedelen-in-brussel-daar-gaan-we\/"},"author":{"name":"Energie Commune","@id":"https:\/\/www.renouvelle.be\/fr\/#\/schema\/person\/01fbe8226a07f8f3d4a1cd059b31f17a"},"headline":"Energiedelen in Brussel, daar gaan we!","datePublished":"2022-05-13T14:20:57+00:00","dateModified":"2022-05-13T14:27:02+00:00","mainEntityOfPage":{"@id":"https:\/\/www.renouvelle.be\/nl\/energiedelen-in-brussel-daar-gaan-we\/"},"wordCount":679,"image":{"@id":"https:\/\/www.renouvelle.be\/nl\/energiedelen-in-brussel-daar-gaan-we\/#primaryimage"},"thumbnailUrl":"https:\/\/www.renouvelle.be\/wp-content\/uploads\/2022\/03\/solidarite2.jpg","articleSection":["In Belgi\u00eb"],"inLanguage":"nl-NL"},{"@type":"WebPage","@id":"https:\/\/www.renouvelle.be\/nl\/energiedelen-in-brussel-daar-gaan-we\/","url":"https:\/\/www.renouvelle.be\/nl\/energiedelen-in-brussel-daar-gaan-we\/","name":"Energiedelen in Brussel, daar gaan we! - Hernieuws","isPartOf":{"@id":"https:\/\/www.renouvelle.be\/fr\/#website"},"primaryImageOfPage":{"@id":"https:\/\/www.renouvelle.be\/nl\/energiedelen-in-brussel-daar-gaan-we\/#primaryimage"},"image":{"@id":"https:\/\/www.renouvelle.be\/nl\/energiedelen-in-brussel-daar-gaan-we\/#primaryimage"},"thumbnailUrl":"https:\/\/www.renouvelle.be\/wp-content\/uploads\/2022\/03\/solidarite2.jpg","datePublished":"2022-05-13T14:20:57+00:00","dateModified":"2022-05-13T14:27:02+00:00","author":{"@id":"https:\/\/www.renouvelle.be\/fr\/#\/schema\/person\/01fbe8226a07f8f3d4a1cd059b31f17a"},"breadcrumb":{"@id":"https:\/\/www.renouvelle.be\/nl\/energiedelen-in-brussel-daar-gaan-we\/#breadcrumb"},"inLanguage":"nl-NL","potentialAction":[{"@type":"ReadAction","target":["https:\/\/www.renouvelle.be\/nl\/energiedelen-in-brussel-daar-gaan-we\/"]}]},{"@type":"ImageObject","inLanguage":"nl-NL","@id":"https:\/\/www.renouvelle.be\/nl\/energiedelen-in-brussel-daar-gaan-we\/#primaryimage","url":"https:\/\/www.renouvelle.be\/wp-content\/uploads\/2022\/03\/solidarite2.jpg","contentUrl":"https:\/\/www.renouvelle.be\/wp-content\/uploads\/2022\/03\/solidarite2.jpg","width":700,"height":629,"caption":"Parents and Children Environment Green Button Background on Blue Sky. The main icon is placed on a round green shiny button in the center of the illustration. Environmental green living lifestyle icons go around the circumference of the button. Green building, man on a bicycle, trees, wind turbine, alternative energy and other environmental conservation symbols complete this illustration. The background has a blue glow effect."},{"@type":"BreadcrumbList","@id":"https:\/\/www.renouvelle.be\/nl\/energiedelen-in-brussel-daar-gaan-we\/#breadcrumb","itemListElement":[{"@type":"ListItem","position":1,"name":"Accueil","item":"https:\/\/www.renouvelle.be\/nl\/"},{"@type":"ListItem","position":2,"name":"Energiedelen in Brussel, daar gaan we!"}]},{"@type":"WebSite","@id":"https:\/\/www.renouvelle.be\/fr\/#website","url":"https:\/\/www.renouvelle.be\/fr\/","name":"Hernieuws","description":"Nieuws  over duurzame energie","potentialAction":[{"@type":"SearchAction","target":{"@type":"EntryPoint","urlTemplate":"https:\/\/www.renouvelle.be\/fr\/?s={search_term_string}"},"query-input":{"@type":"PropertyValueSpecification","valueRequired":true,"valueName":"search_term_string"}}],"inLanguage":"nl-NL"},{"@type":"Person","@id":"https:\/\/www.renouvelle.be\/fr\/#\/schema\/person\/01fbe8226a07f8f3d4a1cd059b31f17a","name":"Energie Commune","url":"https:\/\/www.renouvelle.be\/nl\/author\/apere\/"}]}},"_links":{"self":[{"href":"https:\/\/www.renouvelle.be\/nl\/wp-json\/wp\/v2\/posts\/8210","targetHints":{"allow":["GET"]}}],"collection":[{"href":"https:\/\/www.renouvelle.be\/nl\/wp-json\/wp\/v2\/posts"}],"about":[{"href":"https:\/\/www.renouvelle.be\/nl\/wp-json\/wp\/v2\/types\/post"}],"author":[{"embeddable":true,"href":"https:\/\/www.renouvelle.be\/nl\/wp-json\/wp\/v2\/users\/3"}],"replies":[{"embeddable":true,"href":"https:\/\/www.renouvelle.be\/nl\/wp-json\/wp\/v2\/comments?post=8210"}],"version-history":[{"count":3,"href":"https:\/\/www.renouvelle.be\/nl\/wp-json\/wp\/v2\/posts\/8210\/revisions"}],"predecessor-version":[{"id":8215,"href":"https:\/\/www.renouvelle.be\/nl\/wp-json\/wp\/v2\/posts\/8210\/revisions\/8215"}],"wp:featuredmedia":[{"embeddable":true,"href":"https:\/\/www.renouvelle.be\/nl\/wp-json\/wp\/v2\/media\/8015"}],"wp:attachment":[{"href":"https:\/\/www.renouvelle.be\/nl\/wp-json\/wp\/v2\/media?parent=8210"}],"wp:term":[{"taxonomy":"category","embeddable":true,"href":"https:\/\/www.renouvelle.be\/nl\/wp-json\/wp\/v2\/categories?post=8210"},{"taxonomy":"post_tag","embeddable":true,"href":"https:\/\/www.renouvelle.be\/nl\/wp-json\/wp\/v2\/tags?post=8210"},{"taxonomy":"section","embeddable":true,"href":"https:\/\/www.renouvelle.be\/nl\/wp-json\/wp\/v2\/section?post=8210"}],"curies":[{"name":"wp","href":"https:\/\/api.w.org\/{rel}","templated":true}]}}