{"id":4879,"date":"2020-10-16T08:57:59","date_gmt":"2020-10-16T08:57:59","guid":{"rendered":""},"modified":"2021-02-17T19:33:49","modified_gmt":"2021-02-17T18:33:49","slug":"batterijen-hebben-een-gunstige-co2-balans-maar-enkel-op-grote-schaal","status":"publish","type":"post","link":"https:\/\/www.renouvelle.be\/nl\/batterijen-hebben-een-gunstige-co2-balans-maar-enkel-op-grote-schaal\/","title":{"rendered":"Batterijen hebben een gunstige CO2-balans\u2026 maar enkel op grote schaal"},"content":{"rendered":"<p>Het Internationaal Energieagentschap en zijn R&amp;D-programma voor fotovolta\u00efsche zonne-energie (IEA PVPS) richt zich sinds kort op de milieuprestaties van residenti\u00eble fotovolta\u00efsche zonnesystemen in combinatie met de opslag van batterijen.<\/p>\n<p>Zij heeft onlangs een rapport gepubliceerd over de levenscyclusanalyse van een systeem, waarvan de kenmerken de volgende zijn:<\/p>\n<p><u>PV + batterij (Europa)<\/u><\/p>\n<p>&#8211; Fotovolta\u00efsche zonne-installatie van 10 kWp<\/p>\n<p>&#8211; Polykristallijne Silicium panelen<\/p>\n<p>&#8211; Jaarlijkse productie: 10.000 kWh<\/p>\n<p>&#8211; Tests op Li-ionbatterijen met 3 verschillende opslagcapaciteiten: 5, 10 en 20 kWh.<\/p>\n<p>&nbsp;<\/p>\n<p><u>Residentieel gebouw<\/u> :<\/p>\n<p>&#8211; Jaarlijks verbruik: 10.000 kWh.<\/p>\n<p>&#8211; Jaarlijks zelfverbruik :<\/p>\n<p>&nbsp;&nbsp;&nbsp; Direct: 3.000 kWh (d.w.z. 30%)<\/p>\n<p>&nbsp;&nbsp;&nbsp; Via batterij: 1500 kWh (15%), 2700 kWh (27%) en 3900 kWh (39%)<\/p>\n<p><u>Functionele eenheid<\/u> :&nbsp;<\/p>\n<p>&#8211; 1 kWh AC-elektriciteit voor eigen gebruik<\/p>\n<p>&nbsp;<\/p>\n<p><img decoding=\"async\" alt=\"\" src=\"\/wp-content\/uploads\/2021\/02\/post\/ieapvps1.jpg\" style=\"width: 322px; height: 220px;\"><\/p>\n<p>De resultaten van de analyse (Life Cycle Assessment &#8211; LCA) tonen een grotere milieu-impact van een fotovolta\u00efsch zonnesysteem gekoppeld aan een batterij. De productie van \u00e9\u00e9n kWh zelf verbruikte zonnestroom via de drie accu&#8217;s met een toenemende capaciteit, stoot cumulatieve broeikasgassen uit van respectievelijk 80, 84 en 88 g C02-eq\/kWh.&nbsp;<\/p>\n<p>De productie van de panelen is verantwoordelijk voor de helft van deze emissies, terwijl de drie batterijen respectievelijk 17%, 23% en 28% van deze emissies voor hun rekening nemen &#8211; voornamelijk vanwege de aard van de energie ten opzichte van de elektriciteit die nodig is voor de productie van de batterijcellen.<\/p>\n<p>&nbsp;<\/p>\n<p><img decoding=\"async\" alt=\"\" src=\"\/wp-content\/uploads\/2021\/02\/post\/ieapvps2.jpg\" style=\"width: 580px; height: 191px;\"><\/p>\n<p>Ter vergelijking: de cumulatieve broeikasgasemissie van \u00e9\u00e9n kWh zonnestroom die rechtstreeks door de zon wordt verbruikt of aan het net wordt toegevoerd (zonder batterijen) bedraagt 54 g CO2-eq\/kWh.<\/p>\n<p>De analyse toont ook aan dat het milieueffect verandert met de levensduur van de batterij. Zo verhoogt een vermindering van 5.000 tot 3.000 laadcycli de cumulatieve vraag naar niet-hernieuwbare energie met 24% en de uitstoot van broeikasgassen met 16%. Omgekeerd vermindert een toename van 5.000 tot 7.000 laadcycli de milieu-impact (-6% voor energie, -7% voor broeikasgassen).<\/p>\n<p>&nbsp;<\/p>\n<h2>Batterijen zijn beter dan aardgascentrales<\/h2>\n<p>&nbsp;<\/p>\n<p>De auteurs vermelden ook een Californische studie die illustreert dat een grootschalig batterijsysteem in combinatie met een grote overproductie van zonne-energie de uitstoot van broeikasgassen met ongeveer 8 % verminderen, wanneer men de PV + batterij formule vergelijkt als een back-up alternatief voor het gebruik van aardgas (fossiele) centrales.<\/p>\n<p><img decoding=\"async\" alt=\"\" src=\"\/wp-content\/uploads\/2021\/02\/post\/ieapvps3.jpg\" style=\"width: 580px; height: 267px;\"><\/p>\n<p><em>Figuur 1: Business as usual (Zonne-energie + aardgas als back-up) in vergelijking met grootschalige zonne-energie + batterij als back-up, scenario\u2019s periode 2016-2030 (Balakrishnan et al. 2019)<\/em><\/p>\n<p>Deze laatste analyse is belangrijk en werpt een nieuw licht op de discussies (debatten) die momenteel worden gevoerd in verband met de beslissing van de federale regering om de Belgische kerncentrales in 2025 te sluiten.<\/p>\n<p>Het biedt betere alternatieven dan de oplossing van &#8220;alles met aardgas&#8221;, die de vorige federale regering als eerste optie had voor de voorzieningszekerheid.<\/p>\n<p><img decoding=\"async\" alt=\"\" src=\"\/wp-content\/uploads\/2021\/02\/post\/ieapvps_1.jpg\" style=\"width: 194px; height: 105px;\"><\/p>\n<h2><em>Word lid van het IEA en de PV Sustainability Task Force<\/em><\/h2>\n<p><em>U bent actief in de fotovolta\u00efsche zonne-energiesector in Belgi\u00eb en u wenst, net als andere Belgische bedrijven en onderzoekscentra, uw expertise aanbieden bij de sectie fotovolta\u00efsche zonne-energie van het Internationaal Energie Agentschap (https:\/\/iea-pvps.org\/)?<\/em><\/p>\n<p><em>Belgi\u00eb zorgt voor een permanente aanwezigheid binnen het IEA-PVPS-programma door de bijdrage van de 3 gewesten. Deze bijdrage geeft kansen aan elk bedrijf, elke onderzoeker of professional om deel te nemen aan \u00e9\u00e9n van de acht lopende taken, waaronder taak 12 &#8220;PV Sustainability&#8221;.&nbsp;<\/em><\/p>\n<p><em>Deelname betekent uitwisseling van informatie, onderzoeksresultaten, statistieken, technologische en marktinnovaties in een PV-toepassing. Deze internationale uitwisselingen vinden plaats in de vorm van bijeenkomsten, die om de twee jaar worden gehouden en die verdere samenwerking mogelijk maken.<\/em><\/p>\n<p><em>Indien u ge\u00efnteresseerd bent om deel te nemen aan Task 12 van het IEA-PVPS, neem dan contact op met APERe, de Belgische vertegenwoordiger in de persoon van Benjamin Wilkin: bwilkin@apere.org.<\/em><\/p>\n<p>&nbsp;<br \/>\n&nbsp;<\/p>\n","protected":false},"excerpt":{"rendered":"<p>Het Internationaal Energieagentschap en zijn R&amp;D-programma voor fotovolta\u00efsche zonne-energie (IEA PVPS) richt zich sinds kort op de milieuprestaties van residenti\u00eble fotovolta\u00efsche zonnesystemen in combinatie met de opslag van batterijen. Zij heeft onlangs een rapport gepubliceerd over de levenscyclusanalyse van een systeem, waarvan de kenmerken de volgende zijn: PV + batterij (Europa) &#8211; Fotovolta\u00efsche zonne-installatie van 10 kWp &#8211; Polykristallijne Silicium panelen &#8211; Jaarlijkse productie: 10.000 kWh &#8211; Tests op Li-ionbatterijen met 3 verschillende opslagcapaciteiten: 5, 10 en 20 kWh. &nbsp; Residentieel gebouw : &#8211; Jaarlijks verbruik: 10.000 kWh. &#8211; Jaarlijks zelfverbruik : &nbsp;&nbsp;&nbsp; Direct: 3.000 kWh (d.w.z. 30%) &nbsp;&nbsp;&nbsp; Via batterij: 1500 kWh (15%), 2700 kWh (27%) en 3900 kWh (39%) Functionele eenheid :&nbsp; &#8211; 1 kWh AC-elektriciteit voor eigen gebruik &nbsp; De resultaten van de analyse (Life Cycle Assessment &#8211; LCA) tonen een grotere milieu-impact van een fotovolta\u00efsch zonnesysteem gekoppeld aan een batterij. De productie van \u00e9\u00e9n kWh zelf verbruikte zonnestroom via de drie accu&#8217;s met een toenemende capaciteit, stoot cumulatieve broeikasgassen uit van respectievelijk 80, 84 en 88 g C02-eq\/kWh.&nbsp; De productie van de panelen is verantwoordelijk voor de helft van deze emissies, terwijl de drie batterijen respectievelijk 17%, 23% en 28% van deze emissies voor hun rekening nemen &#8211; voornamelijk vanwege de aard van de energie ten opzichte van de elektriciteit die nodig is voor de productie van de batterijcellen. &nbsp; Ter vergelijking: de cumulatieve broeikasgasemissie van \u00e9\u00e9n kWh zonnestroom die rechtstreeks door de zon wordt verbruikt of aan het net wordt toegevoerd (zonder batterijen) bedraagt 54 g CO2-eq\/kWh. De analyse toont ook aan dat het milieueffect verandert met de levensduur van de batterij. Zo verhoogt een vermindering van 5.000 tot 3.000 laadcycli de cumulatieve vraag naar niet-hernieuwbare energie met 24% en de uitstoot van broeikasgassen met &hellip; <a href=\"https:\/\/www.renouvelle.be\/nl\/batterijen-hebben-een-gunstige-co2-balans-maar-enkel-op-grote-schaal\/\" class=\"more-link\">Continue reading<span class=\"screen-reader-text\"> &#8220;Batterijen hebben een gunstige CO2-balans\u2026 maar enkel op grote schaal&#8221;<\/span><\/a><\/p>\n","protected":false},"author":17,"featured_media":0,"comment_status":"open","ping_status":"open","sticky":false,"template":"","format":"standard","meta":{"_acf_changed":false,"footnotes":""},"categories":[33],"tags":[],"section":[48],"class_list":["post-4879","post","type-post","status-publish","format-standard","hentry","category-internationaal","section-opslag"],"acf":[],"yoast_head":"<!-- This site is optimized with the Yoast SEO plugin v27.5 - https:\/\/yoast.com\/product\/yoast-seo-wordpress\/ -->\n<title>Batterijen hebben een gunstige CO2-balans\u2026 maar enkel op grote schaal - Hernieuws<\/title>\n<meta name=\"robots\" content=\"index, follow, max-snippet:-1, max-image-preview:large, max-video-preview:-1\" \/>\n<link rel=\"canonical\" href=\"https:\/\/www.renouvelle.be\/nl\/batterijen-hebben-een-gunstige-co2-balans-maar-enkel-op-grote-schaal\/\" \/>\n<meta property=\"og:locale\" content=\"nl_NL\" \/>\n<meta property=\"og:type\" content=\"article\" \/>\n<meta property=\"og:title\" content=\"Batterijen hebben een gunstige CO2-balans\u2026 maar enkel op grote schaal - Hernieuws\" \/>\n<meta property=\"og:description\" content=\"Het Internationaal Energieagentschap en zijn R&amp;D-programma voor fotovolta\u00efsche zonne-energie (IEA PVPS) richt zich sinds kort op de milieuprestaties van residenti\u00eble fotovolta\u00efsche zonnesystemen in combinatie met de opslag van batterijen. Zij heeft onlangs een rapport gepubliceerd over de levenscyclusanalyse van een systeem, waarvan de kenmerken de volgende zijn: PV + batterij (Europa) &#8211; Fotovolta\u00efsche zonne-installatie van 10 kWp &#8211; Polykristallijne Silicium panelen &#8211; Jaarlijkse productie: 10.000 kWh &#8211; Tests op Li-ionbatterijen met 3 verschillende opslagcapaciteiten: 5, 10 en 20 kWh. &nbsp; Residentieel gebouw : &#8211; Jaarlijks verbruik: 10.000 kWh. &#8211; Jaarlijks zelfverbruik : &nbsp;&nbsp;&nbsp; Direct: 3.000 kWh (d.w.z. 30%) &nbsp;&nbsp;&nbsp; Via batterij: 1500 kWh (15%), 2700 kWh (27%) en 3900 kWh (39%) Functionele eenheid :&nbsp; &#8211; 1 kWh AC-elektriciteit voor eigen gebruik &nbsp; De resultaten van de analyse (Life Cycle Assessment &#8211; LCA) tonen een grotere milieu-impact van een fotovolta\u00efsch zonnesysteem gekoppeld aan een batterij. De productie van \u00e9\u00e9n kWh zelf verbruikte zonnestroom via de drie accu&#8217;s met een toenemende capaciteit, stoot cumulatieve broeikasgassen uit van respectievelijk 80, 84 en 88 g C02-eq\/kWh.&nbsp; De productie van de panelen is verantwoordelijk voor de helft van deze emissies, terwijl de drie batterijen respectievelijk 17%, 23% en 28% van deze emissies voor hun rekening nemen &#8211; voornamelijk vanwege de aard van de energie ten opzichte van de elektriciteit die nodig is voor de productie van de batterijcellen. &nbsp; Ter vergelijking: de cumulatieve broeikasgasemissie van \u00e9\u00e9n kWh zonnestroom die rechtstreeks door de zon wordt verbruikt of aan het net wordt toegevoerd (zonder batterijen) bedraagt 54 g CO2-eq\/kWh. De analyse toont ook aan dat het milieueffect verandert met de levensduur van de batterij. Zo verhoogt een vermindering van 5.000 tot 3.000 laadcycli de cumulatieve vraag naar niet-hernieuwbare energie met 24% en de uitstoot van broeikasgassen met &hellip; Continue reading &quot;Batterijen hebben een gunstige CO2-balans\u2026 maar enkel op grote schaal&quot;\" \/>\n<meta property=\"og:url\" content=\"https:\/\/www.renouvelle.be\/nl\/batterijen-hebben-een-gunstige-co2-balans-maar-enkel-op-grote-schaal\/\" \/>\n<meta property=\"og:site_name\" content=\"Hernieuws\" \/>\n<meta property=\"article:published_time\" content=\"2020-10-16T08:57:59+00:00\" \/>\n<meta property=\"article:modified_time\" content=\"2021-02-17T18:33:49+00:00\" \/>\n<meta property=\"og:image\" content=\"https:\/\/www.renouvelle.be\/wp-content\/uploads\/2021\/02\/post\/ieapvps1.jpg\" \/>\n<meta name=\"author\" content=\"Benjamin WILKIN\" \/>\n<meta name=\"twitter:card\" content=\"summary_large_image\" \/>\n<script type=\"application\/ld+json\" class=\"yoast-schema-graph\">{\"@context\":\"https:\\\/\\\/schema.org\",\"@graph\":[{\"@type\":\"Article\",\"@id\":\"https:\\\/\\\/www.renouvelle.be\\\/nl\\\/batterijen-hebben-een-gunstige-co2-balans-maar-enkel-op-grote-schaal\\\/#article\",\"isPartOf\":{\"@id\":\"https:\\\/\\\/www.renouvelle.be\\\/nl\\\/batterijen-hebben-een-gunstige-co2-balans-maar-enkel-op-grote-schaal\\\/\"},\"author\":{\"name\":\"Benjamin WILKIN\",\"@id\":\"https:\\\/\\\/www.renouvelle.be\\\/fr\\\/#\\\/schema\\\/person\\\/20d41a25c5a48ee6500cc1a14288f058\"},\"headline\":\"Batterijen hebben een gunstige CO2-balans\u2026 maar enkel op grote schaal\",\"datePublished\":\"2020-10-16T08:57:59+00:00\",\"dateModified\":\"2021-02-17T18:33:49+00:00\",\"mainEntityOfPage\":{\"@id\":\"https:\\\/\\\/www.renouvelle.be\\\/nl\\\/batterijen-hebben-een-gunstige-co2-balans-maar-enkel-op-grote-schaal\\\/\"},\"wordCount\":599,\"commentCount\":0,\"articleSection\":[\"Internationaal\"],\"inLanguage\":\"nl-NL\",\"potentialAction\":[{\"@type\":\"CommentAction\",\"name\":\"Comment\",\"target\":[\"https:\\\/\\\/www.renouvelle.be\\\/nl\\\/batterijen-hebben-een-gunstige-co2-balans-maar-enkel-op-grote-schaal\\\/#respond\"]}]},{\"@type\":\"WebPage\",\"@id\":\"https:\\\/\\\/www.renouvelle.be\\\/nl\\\/batterijen-hebben-een-gunstige-co2-balans-maar-enkel-op-grote-schaal\\\/\",\"url\":\"https:\\\/\\\/www.renouvelle.be\\\/nl\\\/batterijen-hebben-een-gunstige-co2-balans-maar-enkel-op-grote-schaal\\\/\",\"name\":\"Batterijen hebben een gunstige CO2-balans\u2026 maar enkel op grote schaal - Hernieuws\",\"isPartOf\":{\"@id\":\"https:\\\/\\\/www.renouvelle.be\\\/fr\\\/#website\"},\"datePublished\":\"2020-10-16T08:57:59+00:00\",\"dateModified\":\"2021-02-17T18:33:49+00:00\",\"author\":{\"@id\":\"https:\\\/\\\/www.renouvelle.be\\\/fr\\\/#\\\/schema\\\/person\\\/20d41a25c5a48ee6500cc1a14288f058\"},\"breadcrumb\":{\"@id\":\"https:\\\/\\\/www.renouvelle.be\\\/nl\\\/batterijen-hebben-een-gunstige-co2-balans-maar-enkel-op-grote-schaal\\\/#breadcrumb\"},\"inLanguage\":\"nl-NL\",\"potentialAction\":[{\"@type\":\"ReadAction\",\"target\":[\"https:\\\/\\\/www.renouvelle.be\\\/nl\\\/batterijen-hebben-een-gunstige-co2-balans-maar-enkel-op-grote-schaal\\\/\"]}]},{\"@type\":\"BreadcrumbList\",\"@id\":\"https:\\\/\\\/www.renouvelle.be\\\/nl\\\/batterijen-hebben-een-gunstige-co2-balans-maar-enkel-op-grote-schaal\\\/#breadcrumb\",\"itemListElement\":[{\"@type\":\"ListItem\",\"position\":1,\"name\":\"Accueil\",\"item\":\"https:\\\/\\\/www.renouvelle.be\\\/nl\\\/\"},{\"@type\":\"ListItem\",\"position\":2,\"name\":\"Batterijen hebben een gunstige CO2-balans\u2026 maar enkel op grote schaal\"}]},{\"@type\":\"WebSite\",\"@id\":\"https:\\\/\\\/www.renouvelle.be\\\/fr\\\/#website\",\"url\":\"https:\\\/\\\/www.renouvelle.be\\\/fr\\\/\",\"name\":\"Hernieuws\",\"description\":\"Nieuws  over duurzame energie\",\"potentialAction\":[{\"@type\":\"SearchAction\",\"target\":{\"@type\":\"EntryPoint\",\"urlTemplate\":\"https:\\\/\\\/www.renouvelle.be\\\/fr\\\/?s={search_term_string}\"},\"query-input\":{\"@type\":\"PropertyValueSpecification\",\"valueRequired\":true,\"valueName\":\"search_term_string\"}}],\"inLanguage\":\"nl-NL\"},{\"@type\":\"Person\",\"@id\":\"https:\\\/\\\/www.renouvelle.be\\\/fr\\\/#\\\/schema\\\/person\\\/20d41a25c5a48ee6500cc1a14288f058\",\"name\":\"Benjamin WILKIN\",\"url\":\"https:\\\/\\\/www.renouvelle.be\\\/nl\\\/author\\\/benjaminwilkin\\\/\"}]}<\/script>\n<!-- \/ Yoast SEO plugin. -->","yoast_head_json":{"title":"Batterijen hebben een gunstige CO2-balans\u2026 maar enkel op grote schaal - Hernieuws","robots":{"index":"index","follow":"follow","max-snippet":"max-snippet:-1","max-image-preview":"max-image-preview:large","max-video-preview":"max-video-preview:-1"},"canonical":"https:\/\/www.renouvelle.be\/nl\/batterijen-hebben-een-gunstige-co2-balans-maar-enkel-op-grote-schaal\/","og_locale":"nl_NL","og_type":"article","og_title":"Batterijen hebben een gunstige CO2-balans\u2026 maar enkel op grote schaal - Hernieuws","og_description":"Het Internationaal Energieagentschap en zijn R&amp;D-programma voor fotovolta\u00efsche zonne-energie (IEA PVPS) richt zich sinds kort op de milieuprestaties van residenti\u00eble fotovolta\u00efsche zonnesystemen in combinatie met de opslag van batterijen. Zij heeft onlangs een rapport gepubliceerd over de levenscyclusanalyse van een systeem, waarvan de kenmerken de volgende zijn: PV + batterij (Europa) &#8211; Fotovolta\u00efsche zonne-installatie van 10 kWp &#8211; Polykristallijne Silicium panelen &#8211; Jaarlijkse productie: 10.000 kWh &#8211; Tests op Li-ionbatterijen met 3 verschillende opslagcapaciteiten: 5, 10 en 20 kWh. &nbsp; Residentieel gebouw : &#8211; Jaarlijks verbruik: 10.000 kWh. &#8211; Jaarlijks zelfverbruik : &nbsp;&nbsp;&nbsp; Direct: 3.000 kWh (d.w.z. 30%) &nbsp;&nbsp;&nbsp; Via batterij: 1500 kWh (15%), 2700 kWh (27%) en 3900 kWh (39%) Functionele eenheid :&nbsp; &#8211; 1 kWh AC-elektriciteit voor eigen gebruik &nbsp; De resultaten van de analyse (Life Cycle Assessment &#8211; LCA) tonen een grotere milieu-impact van een fotovolta\u00efsch zonnesysteem gekoppeld aan een batterij. De productie van \u00e9\u00e9n kWh zelf verbruikte zonnestroom via de drie accu&#8217;s met een toenemende capaciteit, stoot cumulatieve broeikasgassen uit van respectievelijk 80, 84 en 88 g C02-eq\/kWh.&nbsp; De productie van de panelen is verantwoordelijk voor de helft van deze emissies, terwijl de drie batterijen respectievelijk 17%, 23% en 28% van deze emissies voor hun rekening nemen &#8211; voornamelijk vanwege de aard van de energie ten opzichte van de elektriciteit die nodig is voor de productie van de batterijcellen. &nbsp; Ter vergelijking: de cumulatieve broeikasgasemissie van \u00e9\u00e9n kWh zonnestroom die rechtstreeks door de zon wordt verbruikt of aan het net wordt toegevoerd (zonder batterijen) bedraagt 54 g CO2-eq\/kWh. De analyse toont ook aan dat het milieueffect verandert met de levensduur van de batterij. Zo verhoogt een vermindering van 5.000 tot 3.000 laadcycli de cumulatieve vraag naar niet-hernieuwbare energie met 24% en de uitstoot van broeikasgassen met &hellip; Continue reading \"Batterijen hebben een gunstige CO2-balans\u2026 maar enkel op grote schaal\"","og_url":"https:\/\/www.renouvelle.be\/nl\/batterijen-hebben-een-gunstige-co2-balans-maar-enkel-op-grote-schaal\/","og_site_name":"Hernieuws","article_published_time":"2020-10-16T08:57:59+00:00","article_modified_time":"2021-02-17T18:33:49+00:00","og_image":[{"url":"https:\/\/www.renouvelle.be\/wp-content\/uploads\/2021\/02\/post\/ieapvps1.jpg","type":"","width":"","height":""}],"author":"Benjamin WILKIN","twitter_card":"summary_large_image","schema":{"@context":"https:\/\/schema.org","@graph":[{"@type":"Article","@id":"https:\/\/www.renouvelle.be\/nl\/batterijen-hebben-een-gunstige-co2-balans-maar-enkel-op-grote-schaal\/#article","isPartOf":{"@id":"https:\/\/www.renouvelle.be\/nl\/batterijen-hebben-een-gunstige-co2-balans-maar-enkel-op-grote-schaal\/"},"author":{"name":"Benjamin WILKIN","@id":"https:\/\/www.renouvelle.be\/fr\/#\/schema\/person\/20d41a25c5a48ee6500cc1a14288f058"},"headline":"Batterijen hebben een gunstige CO2-balans\u2026 maar enkel op grote schaal","datePublished":"2020-10-16T08:57:59+00:00","dateModified":"2021-02-17T18:33:49+00:00","mainEntityOfPage":{"@id":"https:\/\/www.renouvelle.be\/nl\/batterijen-hebben-een-gunstige-co2-balans-maar-enkel-op-grote-schaal\/"},"wordCount":599,"commentCount":0,"articleSection":["Internationaal"],"inLanguage":"nl-NL","potentialAction":[{"@type":"CommentAction","name":"Comment","target":["https:\/\/www.renouvelle.be\/nl\/batterijen-hebben-een-gunstige-co2-balans-maar-enkel-op-grote-schaal\/#respond"]}]},{"@type":"WebPage","@id":"https:\/\/www.renouvelle.be\/nl\/batterijen-hebben-een-gunstige-co2-balans-maar-enkel-op-grote-schaal\/","url":"https:\/\/www.renouvelle.be\/nl\/batterijen-hebben-een-gunstige-co2-balans-maar-enkel-op-grote-schaal\/","name":"Batterijen hebben een gunstige CO2-balans\u2026 maar enkel op grote schaal - Hernieuws","isPartOf":{"@id":"https:\/\/www.renouvelle.be\/fr\/#website"},"datePublished":"2020-10-16T08:57:59+00:00","dateModified":"2021-02-17T18:33:49+00:00","author":{"@id":"https:\/\/www.renouvelle.be\/fr\/#\/schema\/person\/20d41a25c5a48ee6500cc1a14288f058"},"breadcrumb":{"@id":"https:\/\/www.renouvelle.be\/nl\/batterijen-hebben-een-gunstige-co2-balans-maar-enkel-op-grote-schaal\/#breadcrumb"},"inLanguage":"nl-NL","potentialAction":[{"@type":"ReadAction","target":["https:\/\/www.renouvelle.be\/nl\/batterijen-hebben-een-gunstige-co2-balans-maar-enkel-op-grote-schaal\/"]}]},{"@type":"BreadcrumbList","@id":"https:\/\/www.renouvelle.be\/nl\/batterijen-hebben-een-gunstige-co2-balans-maar-enkel-op-grote-schaal\/#breadcrumb","itemListElement":[{"@type":"ListItem","position":1,"name":"Accueil","item":"https:\/\/www.renouvelle.be\/nl\/"},{"@type":"ListItem","position":2,"name":"Batterijen hebben een gunstige CO2-balans\u2026 maar enkel op grote schaal"}]},{"@type":"WebSite","@id":"https:\/\/www.renouvelle.be\/fr\/#website","url":"https:\/\/www.renouvelle.be\/fr\/","name":"Hernieuws","description":"Nieuws  over duurzame energie","potentialAction":[{"@type":"SearchAction","target":{"@type":"EntryPoint","urlTemplate":"https:\/\/www.renouvelle.be\/fr\/?s={search_term_string}"},"query-input":{"@type":"PropertyValueSpecification","valueRequired":true,"valueName":"search_term_string"}}],"inLanguage":"nl-NL"},{"@type":"Person","@id":"https:\/\/www.renouvelle.be\/fr\/#\/schema\/person\/20d41a25c5a48ee6500cc1a14288f058","name":"Benjamin WILKIN","url":"https:\/\/www.renouvelle.be\/nl\/author\/benjaminwilkin\/"}]}},"_links":{"self":[{"href":"https:\/\/www.renouvelle.be\/nl\/wp-json\/wp\/v2\/posts\/4879","targetHints":{"allow":["GET"]}}],"collection":[{"href":"https:\/\/www.renouvelle.be\/nl\/wp-json\/wp\/v2\/posts"}],"about":[{"href":"https:\/\/www.renouvelle.be\/nl\/wp-json\/wp\/v2\/types\/post"}],"author":[{"embeddable":true,"href":"https:\/\/www.renouvelle.be\/nl\/wp-json\/wp\/v2\/users\/17"}],"replies":[{"embeddable":true,"href":"https:\/\/www.renouvelle.be\/nl\/wp-json\/wp\/v2\/comments?post=4879"}],"version-history":[{"count":1,"href":"https:\/\/www.renouvelle.be\/nl\/wp-json\/wp\/v2\/posts\/4879\/revisions"}],"predecessor-version":[{"id":4925,"href":"https:\/\/www.renouvelle.be\/nl\/wp-json\/wp\/v2\/posts\/4879\/revisions\/4925"}],"wp:attachment":[{"href":"https:\/\/www.renouvelle.be\/nl\/wp-json\/wp\/v2\/media?parent=4879"}],"wp:term":[{"taxonomy":"category","embeddable":true,"href":"https:\/\/www.renouvelle.be\/nl\/wp-json\/wp\/v2\/categories?post=4879"},{"taxonomy":"post_tag","embeddable":true,"href":"https:\/\/www.renouvelle.be\/nl\/wp-json\/wp\/v2\/tags?post=4879"},{"taxonomy":"section","embeddable":true,"href":"https:\/\/www.renouvelle.be\/nl\/wp-json\/wp\/v2\/section?post=4879"}],"curies":[{"name":"wp","href":"https:\/\/api.w.org\/{rel}","templated":true}]}}