{"id":4869,"date":"2019-11-05T12:39:38","date_gmt":"2019-11-05T12:39:38","guid":{"rendered":""},"modified":"2021-02-17T19:33:15","modified_gmt":"2021-02-17T18:33:15","slug":"einde-van-de-compensatie-laten-we-het-eigen-verbruik-van-zonnestroom-maximaliseren","status":"publish","type":"post","link":"https:\/\/www.renouvelle.be\/nl\/einde-van-de-compensatie-laten-we-het-eigen-verbruik-van-zonnestroom-maximaliseren\/","title":{"rendered":"Einde van de compensatie? Laten we het eigen verbruik van zonnestroom maximaliseren!"},"content":{"rendered":"<p>De compensatieregeling is \u00e9\u00e9n van de financi\u00eble stimuli die in de 3 gewesten van Belgi\u00eb &#8211; en in andere Europese landen &#8211; zijn ingevoerd om gezinnen aan te moedigen zich te voorzien van fotovolta\u00efsche zonnesystemen.<\/p>\n<p>De stimulans wordt simpelweg &#8220;de terugdraaiende teller&#8221; genoemd, omdat deze ook daadwerkelijk terugdraait wanneer fotovolta\u00efsche zonnepanelen elektriciteit aan het net leveren.<\/p>\n<p>Elk jaar wordt er een boekhoudkundig saldo toegepast: op de rekening voor het elektriciteitsverbruik wordt de in het net ge\u00efnjecteerde zonne-energie in mindering gebracht, waardoor de energierekening van de prosument daalt &#8211; zowel voor de &#8220;energie-inkoop&#8221; als voor de &#8220;kosten van het netgebruik&#8221;.<\/p>\n<p>Na meer dan 10 jaar ervaring zijn de Belgische en Europese context ge\u00ebvolueerd en de 3 gewesten hebben besloten of aangekondigd om dit principe af te schaffen.<\/p>\n<h2>Waarom dit mechanisme afschaffen?<\/h2>\n<p>De afschaffing van het compensatiemechanisme is enkele jaren geleden aangekondigd en is nu verplicht door de richtlijn betreffende het ontwerp van de Europese elektriciteitsmarkt, die in juni 2019 is goedgekeurd en die de lidstaten aanmoedigt om tegen eind 2023 regelingen voor de geleidelijke afschaffing van het compensatiemechanisme te bepalen.<\/p>\n<p>Bovendien werd het compensatiemechanisme als discriminerend gezien tegenover de &#8220;traditionele&#8221; consumenten (die geen fotovolta\u00efsche zonnepanelen hebben op hun dak). Volgens dit principe dragen de prosumenten alleen bij aan de kosten van het net vanwege de netto hoeveelheid energie die wordt afgenomen &#8211; het saldo na het jaarlijkse verschil van de compensatie &#8211; terwijl zij in werkelijkheid het hele jaar door hogere brutohoeveelheden hebben afgenomen.<\/p>\n<p>Het gaat er dus om ervoor te zorgen dat alle consumenten, met of zonder zonnepanelen, een billijke bijdrage leveren aan de kosten van het net, op basis van hun werkelijke heffingen.<\/p>\n<p>Tegen een billijke vergoeding hebben prosumenten het recht om bij te dragen in de kosten van het net, ofwel volgens een vaste prijs die door de regulator wordt bepaald, hetzij op basis van hun daadwerkelijke afname van stroom van het net &#8211; waarvoor de installatie van een bidirectionele meter of een slimme meter vereist is, die beide in staat zijn om de afname van elektriciteit en de injectie van elektriciteit uit zonne-energie op het net afzonderlijk te verwerken.<\/p>\n<p>Het einde van de vergoeding is dus technisch gekoppeld aan het al dan niet beschikbaar zijn van \u00e9\u00e9n van deze twee soorten meters, zodat de prosument gebruik kan maken van zijn recht op facturatie op basis van zijn werkelijke verbruik.<\/p>\n<h2>Het Brussels Hoofdstedelijk Gewest is pionier<\/h2>\n<p>Het Brussels Gewest is de eerste die deze uitstap doorvoert.<\/p>\n<p>Om een zeer eenvoudige reden: sinds 2007 zijn alle Brusselse prosumenten reeds uitgerust met een bidirectionele meter of, sinds 1 januari 2019, met een intelligente bidirectionele meter. De Brusselse huishoudens kunnen dus nu al op hun meters zien hoeveel elektriciteit er daadwerkelijk van het net wordt afgenomen.<\/p>\n<p>Brugel, de regulator van de Brusselse energiemarkt, kon daarom onlangs in een <a href=\"https:\/\/www.brugel.brussels\/nl_BE\/acces_rapide\/hernieuwbare-energie-11\/einde-van-de-compensatie-338\" target=\"_blank\" rel=\"noopener\">persbericht<\/a> de volgende verandering aankondigen:<\/p>\n<p>&#8220;Vanaf 1 januari 2020 worden de &#8220;netkosten&#8221; op de elektriciteitsfactuur niet langer meer gecompenseerd voor productie-installaties met een vermogen van minder dan 5kW. De betrokken prosumenten zullen dus de netbijdrage betalen voor alle elektriciteit dat zij afnemen. Voor deze installaties van minder dan 5 kW blijft de compensatie ook van toepassing voor het gedeelte &#8220;energie&#8221; (ook wel &#8220;commodity deel&#8221; genoemd), tot het besluit groene stroom dat dit deel regelt eventueel aangepast wordt.. \u00bb<\/p>\n<h2>Walloni\u00eb heeft een gebrek aan visie<\/h2>\n<p>In Walloni\u00eb staat het verhaal over het &#8220;prosumententarief&#8221; weer volop in de belangstelling: de nieuwe Waalse regering kondigt aan dat dit tarief niet op 1 januari 2020, zoals voorzien, maar in 2025 van toepassing zal zijn.<\/p>\n<p>Hierdoor stelt men ook de geleidelijke afschaffing van de compensatie uit en houdt de onzekerheid aan.<\/p>\n<p>De CWaPE, de regulator van de Waalse energiemarkt, heeft in een verklaring gereageerd en is van mening dat het uitstel van het prosumententarief de gelijkheid ondermijnt ten aanzien van alle Waalse burgers die geen fotovolta\u00efsche panelen hebben en die de facto de enige residenti\u00eble klanten zijn die het net financieren. Met het uitstel van het prosumententarief in 2025 &#8220;zal er de komende jaren een aanzienlijke last op de schouders van deze burgers blijven rusten, soms omdat ze de keuze hebben gemaakt, maar soms ook omdat ze huurders zijn, eigenaars van appartementen of huizen met een slecht geori\u00ebnteerd dak&#8221;. Bovendien wijst de CWaPE erop dat de prijsstelling onder haar bevoegdheid valt en dat zij tegen dit uitstel beroep kan aantekenen.<\/p>\n<p>Het plan van de distributienetbeheerders (DNB&#8217;s), is om conventionele (analoge) meters tussen 2023 en 2029 geleidelijk te vervangen door slimme meters.<\/p>\n<p>Wanneer Waalse prosumenten hiermee zullen uitgerust zijn, kunnen zij genieten van een tarief dat gebaseerd is op hun werkelijke elektriciteitsheffingen op het net. En de compensatie kan dan geleidelijk aan stoppen.<\/p>\n<p>De Waalse fotovolta\u00efsche zonnesector willen een echt stappenplan voor de exit van dit mechanisme in Walloni\u00eb, naar het voorbeeld van het Vlaamse model.<\/p>\n<p><img decoding=\"async\" alt=\"\" src=\"\/wp-content\/uploads\/2021\/02\/post\/istock-477245674.jpg\" style=\"width: 580px; height: 575px;\"><\/p>\n<p><em>In Walloni\u00eb en Vlaanderen plannen de DNB&#8217;s tussen 2023 en 2029 een geleidelijke vervanging van conventionele meters door slimme meters (zie bovenstaande illustratie). Prosumenten kunnen dan kiezen voor een tarief dat gebaseerd is op de werkelijke elektriciteitsheffingen op het net. En het compensatiemechanisme kan dan zo stoppen.<\/em><\/p>\n<h2>Vlaanderen plant een vlotte exit<\/h2>\n<p>In Vlaanderen kunnen bestaande prosumenten (of gezinnen die zich tegen eind 2020 voorzien met PV-systemen) nu al een slimme meter laten installeren, op aanvraag of in het kader van een metervervanging door de distributienetbeheerders.<\/p>\n<p>Na de ingebruikname van de slimme meter kan de prosument voor een periode van 15 jaar kiezen tussen:<\/p>\n<p>&#8211; De handhaving van de jaarlijkse compensatie + een forfaitair prosumerentarief;<\/p>\n<p>Of<\/p>\n<p>&#8211; Een tarief dat gebaseerd is op de werkelijke kosten + een jaarlijkse compensatie die enkel op het &#8220;commodity&#8221;-gedeelte, d.w.z. op de aankoop van elektriciteit, is gebaseerd (de compensatie zal dus niet langer worden toegepast op de nettarieven).<\/p>\n<p>Na 15 jaar zal de vergoeding voor deze prosumenten (ongeacht hun keuze) definitief worden afgeschaft. Zij zullen zich dan aansluiten bij de regeling voor nieuwe fotovolta\u00efsche installaties (zie hieronder).<\/p>\n<p>Vanaf 1 januari 2021 zullen Vlaamse huishoudens die fotovolta\u00efsche energie aankopen, profiteren van de regeling voor nieuwe installaties, namelijk:<\/p>\n<ul>\n<li>Geen jaarlijkse compensatie,<\/li>\n<li>Verplichting om een slimme meter te installeren,<\/li>\n<li>Betaling van de bruto-elektriciteit die aan het net wordt onttrokken (IN-tellerindex),<\/li>\n<li>Valorisatie van de ge\u00efnjecteerde zonnestroom (OUT-tellerindex) via een terugkoopverplichting tegen een minimumprijs.<\/li>\n<\/ul>\n<p>Tegelijkertijd heeft Vlaanderen een premie uitgewerkt voor een opslagbatterij (250\u20ac\/kWh capaciteit).<\/p>\n<p>Dit Vlaamse model heeft de verdienste dat het eenvoudig en aantrekkelijk is, omdat het de prosument aanmoedigt tot energie-effici\u00ebnt gedrag of apparatuur en tot het maximaliseren van zijn eigen individuele of collectieve verbruik van zonnestroom.<\/p>\n<p>Ongeacht de termijn en de modaliteiten zal het einde van de compensatie in de 3 gewesten de prosumenten dus aanmoedigen om zoveel mogelijk autonomie te hebben op het vlak van zonne-energie, ongeacht de termijn en de modaliteiten.<\/p>\n<p>&nbsp;<\/p>\n<h2>Hoe uw eigenverbruik van zonne-energie stimuleren<\/h2>\n<p>&nbsp;<\/p>\n<p><img decoding=\"async\" alt=\"\" src=\"\/wp-content\/uploads\/2021\/02\/post\/istock-910289776_converti.jpg\" style=\"width: 580px; height: 500px;\"><\/p>\n<p>Voor de prosumenten verandert het einde van de compensatie de economische logica. Zij zullen er economisch baat bij hebben om zo min mogelijk elektriciteit uit het net te halen (en te betalen). Zij zullen op drie manieren tewerk kunnen gaan:<\/p>\n<ul>\n<li>Verminder onnodig elektriciteitsverbruik (verandering van gewoonten en kleine investeringen: meerdere stopcontacten, LED-lampen, &#8230;).<\/li>\n<li>Verplaats maximaal het restverbruik naar het moment van zonne-energieproductie (bijvoorbeeld door het programmeren van huishoudelijke apparaten gedurende de dag).<\/li>\n<li>Een hogere dimensionering van de installatie om het verbruik in alle seizoenen zo veel mogelijk te dekken. Andere mogelijke acties om te komen tot autonomie van 60% aan zonne-energie zijn: de installatie van een PVheater om het sanitair warm water van uw huis te verwarmen door zonnestroom en\/of de vervanging van uw klassieke wagen door een elektrisch model dat thuis overdag (bv. in het weekend) wordt opgeladen. De statische batterij die in het huis moet worden geplaatst is in dit stadium nog niet rendabel.<\/li>\n<\/ul>\n","protected":false},"excerpt":{"rendered":"<p>De compensatieregeling is \u00e9\u00e9n van de financi\u00eble stimuli die in de 3 gewesten van Belgi\u00eb &#8211; en in andere Europese landen &#8211; zijn ingevoerd om gezinnen aan te moedigen zich te voorzien van fotovolta\u00efsche zonnesystemen. De stimulans wordt simpelweg &#8220;de terugdraaiende teller&#8221; genoemd, omdat deze ook daadwerkelijk terugdraait wanneer fotovolta\u00efsche zonnepanelen elektriciteit aan het net leveren. Elk jaar wordt er een boekhoudkundig saldo toegepast: op de rekening voor het elektriciteitsverbruik wordt de in het net ge\u00efnjecteerde zonne-energie in mindering gebracht, waardoor de energierekening van de prosument daalt &#8211; zowel voor de &#8220;energie-inkoop&#8221; als voor de &#8220;kosten van het netgebruik&#8221;. Na meer dan 10 jaar ervaring zijn de Belgische en Europese context ge\u00ebvolueerd en de 3 gewesten hebben besloten of aangekondigd om dit principe af te schaffen. Waarom dit mechanisme afschaffen? De afschaffing van het compensatiemechanisme is enkele jaren geleden aangekondigd en is nu verplicht door de richtlijn betreffende het ontwerp van de Europese elektriciteitsmarkt, die in juni 2019 is goedgekeurd en die de lidstaten aanmoedigt om tegen eind 2023 regelingen voor de geleidelijke afschaffing van het compensatiemechanisme te bepalen. Bovendien werd het compensatiemechanisme als discriminerend gezien tegenover de &#8220;traditionele&#8221; consumenten (die geen fotovolta\u00efsche zonnepanelen hebben op hun dak). Volgens dit principe dragen de prosumenten alleen bij aan de kosten van het net vanwege de netto hoeveelheid energie die wordt afgenomen &#8211; het saldo na het jaarlijkse verschil van de compensatie &#8211; terwijl zij in werkelijkheid het hele jaar door hogere brutohoeveelheden hebben afgenomen. Het gaat er dus om ervoor te zorgen dat alle consumenten, met of zonder zonnepanelen, een billijke bijdrage leveren aan de kosten van het net, op basis van hun werkelijke heffingen. Tegen een billijke vergoeding hebben prosumenten het recht om bij te dragen in de kosten van &hellip; <a href=\"https:\/\/www.renouvelle.be\/nl\/einde-van-de-compensatie-laten-we-het-eigen-verbruik-van-zonnestroom-maximaliseren\/\" class=\"more-link\">Continue reading<span class=\"screen-reader-text\"> &#8220;Einde van de compensatie? Laten we het eigen verbruik van zonnestroom maximaliseren!&#8221;<\/span><\/a><\/p>\n","protected":false},"author":17,"featured_media":0,"comment_status":"open","ping_status":"open","sticky":false,"template":"","format":"standard","meta":{"_acf_changed":false,"footnotes":""},"categories":[32],"tags":[],"section":[43],"class_list":["post-4869","post","type-post","status-publish","format-standard","hentry","category-in-belgie","section-zonnestroom"],"acf":[],"yoast_head":"<!-- This site is optimized with the Yoast SEO plugin v27.5 - https:\/\/yoast.com\/product\/yoast-seo-wordpress\/ -->\n<title>Einde van de compensatie? Laten we het eigen verbruik van zonnestroom maximaliseren! - Hernieuws<\/title>\n<meta name=\"robots\" content=\"index, follow, max-snippet:-1, max-image-preview:large, max-video-preview:-1\" \/>\n<link rel=\"canonical\" href=\"https:\/\/www.renouvelle.be\/nl\/einde-van-de-compensatie-laten-we-het-eigen-verbruik-van-zonnestroom-maximaliseren\/\" \/>\n<meta property=\"og:locale\" content=\"nl_NL\" \/>\n<meta property=\"og:type\" content=\"article\" \/>\n<meta property=\"og:title\" content=\"Einde van de compensatie? Laten we het eigen verbruik van zonnestroom maximaliseren! - Hernieuws\" \/>\n<meta property=\"og:description\" content=\"De compensatieregeling is \u00e9\u00e9n van de financi\u00eble stimuli die in de 3 gewesten van Belgi\u00eb &#8211; en in andere Europese landen &#8211; zijn ingevoerd om gezinnen aan te moedigen zich te voorzien van fotovolta\u00efsche zonnesystemen. De stimulans wordt simpelweg &#8220;de terugdraaiende teller&#8221; genoemd, omdat deze ook daadwerkelijk terugdraait wanneer fotovolta\u00efsche zonnepanelen elektriciteit aan het net leveren. Elk jaar wordt er een boekhoudkundig saldo toegepast: op de rekening voor het elektriciteitsverbruik wordt de in het net ge\u00efnjecteerde zonne-energie in mindering gebracht, waardoor de energierekening van de prosument daalt &#8211; zowel voor de &#8220;energie-inkoop&#8221; als voor de &#8220;kosten van het netgebruik&#8221;. Na meer dan 10 jaar ervaring zijn de Belgische en Europese context ge\u00ebvolueerd en de 3 gewesten hebben besloten of aangekondigd om dit principe af te schaffen. Waarom dit mechanisme afschaffen? De afschaffing van het compensatiemechanisme is enkele jaren geleden aangekondigd en is nu verplicht door de richtlijn betreffende het ontwerp van de Europese elektriciteitsmarkt, die in juni 2019 is goedgekeurd en die de lidstaten aanmoedigt om tegen eind 2023 regelingen voor de geleidelijke afschaffing van het compensatiemechanisme te bepalen. Bovendien werd het compensatiemechanisme als discriminerend gezien tegenover de &#8220;traditionele&#8221; consumenten (die geen fotovolta\u00efsche zonnepanelen hebben op hun dak). Volgens dit principe dragen de prosumenten alleen bij aan de kosten van het net vanwege de netto hoeveelheid energie die wordt afgenomen &#8211; het saldo na het jaarlijkse verschil van de compensatie &#8211; terwijl zij in werkelijkheid het hele jaar door hogere brutohoeveelheden hebben afgenomen. Het gaat er dus om ervoor te zorgen dat alle consumenten, met of zonder zonnepanelen, een billijke bijdrage leveren aan de kosten van het net, op basis van hun werkelijke heffingen. Tegen een billijke vergoeding hebben prosumenten het recht om bij te dragen in de kosten van &hellip; Continue reading &quot;Einde van de compensatie? Laten we het eigen verbruik van zonnestroom maximaliseren!&quot;\" \/>\n<meta property=\"og:url\" content=\"https:\/\/www.renouvelle.be\/nl\/einde-van-de-compensatie-laten-we-het-eigen-verbruik-van-zonnestroom-maximaliseren\/\" \/>\n<meta property=\"og:site_name\" content=\"Hernieuws\" \/>\n<meta property=\"article:published_time\" content=\"2019-11-05T12:39:38+00:00\" \/>\n<meta property=\"article:modified_time\" content=\"2021-02-17T18:33:15+00:00\" \/>\n<meta name=\"author\" content=\"Benjamin WILKIN\" \/>\n<meta name=\"twitter:card\" content=\"summary_large_image\" \/>\n<script type=\"application\/ld+json\" class=\"yoast-schema-graph\">{\"@context\":\"https:\\\/\\\/schema.org\",\"@graph\":[{\"@type\":\"Article\",\"@id\":\"https:\\\/\\\/www.renouvelle.be\\\/nl\\\/einde-van-de-compensatie-laten-we-het-eigen-verbruik-van-zonnestroom-maximaliseren\\\/#article\",\"isPartOf\":{\"@id\":\"https:\\\/\\\/www.renouvelle.be\\\/nl\\\/einde-van-de-compensatie-laten-we-het-eigen-verbruik-van-zonnestroom-maximaliseren\\\/\"},\"author\":{\"name\":\"Benjamin WILKIN\",\"@id\":\"https:\\\/\\\/www.renouvelle.be\\\/fr\\\/#\\\/schema\\\/person\\\/20d41a25c5a48ee6500cc1a14288f058\"},\"headline\":\"Einde van de compensatie? Laten we het eigen verbruik van zonnestroom maximaliseren!\",\"datePublished\":\"2019-11-05T12:39:38+00:00\",\"dateModified\":\"2021-02-17T18:33:15+00:00\",\"mainEntityOfPage\":{\"@id\":\"https:\\\/\\\/www.renouvelle.be\\\/nl\\\/einde-van-de-compensatie-laten-we-het-eigen-verbruik-van-zonnestroom-maximaliseren\\\/\"},\"wordCount\":1281,\"commentCount\":0,\"articleSection\":[\"In Belgi\u00eb\"],\"inLanguage\":\"nl-NL\",\"potentialAction\":[{\"@type\":\"CommentAction\",\"name\":\"Comment\",\"target\":[\"https:\\\/\\\/www.renouvelle.be\\\/nl\\\/einde-van-de-compensatie-laten-we-het-eigen-verbruik-van-zonnestroom-maximaliseren\\\/#respond\"]}]},{\"@type\":\"WebPage\",\"@id\":\"https:\\\/\\\/www.renouvelle.be\\\/nl\\\/einde-van-de-compensatie-laten-we-het-eigen-verbruik-van-zonnestroom-maximaliseren\\\/\",\"url\":\"https:\\\/\\\/www.renouvelle.be\\\/nl\\\/einde-van-de-compensatie-laten-we-het-eigen-verbruik-van-zonnestroom-maximaliseren\\\/\",\"name\":\"Einde van de compensatie? Laten we het eigen verbruik van zonnestroom maximaliseren! - Hernieuws\",\"isPartOf\":{\"@id\":\"https:\\\/\\\/www.renouvelle.be\\\/fr\\\/#website\"},\"datePublished\":\"2019-11-05T12:39:38+00:00\",\"dateModified\":\"2021-02-17T18:33:15+00:00\",\"author\":{\"@id\":\"https:\\\/\\\/www.renouvelle.be\\\/fr\\\/#\\\/schema\\\/person\\\/20d41a25c5a48ee6500cc1a14288f058\"},\"breadcrumb\":{\"@id\":\"https:\\\/\\\/www.renouvelle.be\\\/nl\\\/einde-van-de-compensatie-laten-we-het-eigen-verbruik-van-zonnestroom-maximaliseren\\\/#breadcrumb\"},\"inLanguage\":\"nl-NL\",\"potentialAction\":[{\"@type\":\"ReadAction\",\"target\":[\"https:\\\/\\\/www.renouvelle.be\\\/nl\\\/einde-van-de-compensatie-laten-we-het-eigen-verbruik-van-zonnestroom-maximaliseren\\\/\"]}]},{\"@type\":\"BreadcrumbList\",\"@id\":\"https:\\\/\\\/www.renouvelle.be\\\/nl\\\/einde-van-de-compensatie-laten-we-het-eigen-verbruik-van-zonnestroom-maximaliseren\\\/#breadcrumb\",\"itemListElement\":[{\"@type\":\"ListItem\",\"position\":1,\"name\":\"Accueil\",\"item\":\"https:\\\/\\\/www.renouvelle.be\\\/nl\\\/\"},{\"@type\":\"ListItem\",\"position\":2,\"name\":\"Einde van de compensatie? Laten we het eigen verbruik van zonnestroom maximaliseren!\"}]},{\"@type\":\"WebSite\",\"@id\":\"https:\\\/\\\/www.renouvelle.be\\\/fr\\\/#website\",\"url\":\"https:\\\/\\\/www.renouvelle.be\\\/fr\\\/\",\"name\":\"Hernieuws\",\"description\":\"Nieuws  over duurzame energie\",\"potentialAction\":[{\"@type\":\"SearchAction\",\"target\":{\"@type\":\"EntryPoint\",\"urlTemplate\":\"https:\\\/\\\/www.renouvelle.be\\\/fr\\\/?s={search_term_string}\"},\"query-input\":{\"@type\":\"PropertyValueSpecification\",\"valueRequired\":true,\"valueName\":\"search_term_string\"}}],\"inLanguage\":\"nl-NL\"},{\"@type\":\"Person\",\"@id\":\"https:\\\/\\\/www.renouvelle.be\\\/fr\\\/#\\\/schema\\\/person\\\/20d41a25c5a48ee6500cc1a14288f058\",\"name\":\"Benjamin WILKIN\",\"url\":\"https:\\\/\\\/www.renouvelle.be\\\/nl\\\/author\\\/benjaminwilkin\\\/\"}]}<\/script>\n<!-- \/ Yoast SEO plugin. -->","yoast_head_json":{"title":"Einde van de compensatie? Laten we het eigen verbruik van zonnestroom maximaliseren! - Hernieuws","robots":{"index":"index","follow":"follow","max-snippet":"max-snippet:-1","max-image-preview":"max-image-preview:large","max-video-preview":"max-video-preview:-1"},"canonical":"https:\/\/www.renouvelle.be\/nl\/einde-van-de-compensatie-laten-we-het-eigen-verbruik-van-zonnestroom-maximaliseren\/","og_locale":"nl_NL","og_type":"article","og_title":"Einde van de compensatie? Laten we het eigen verbruik van zonnestroom maximaliseren! - Hernieuws","og_description":"De compensatieregeling is \u00e9\u00e9n van de financi\u00eble stimuli die in de 3 gewesten van Belgi\u00eb &#8211; en in andere Europese landen &#8211; zijn ingevoerd om gezinnen aan te moedigen zich te voorzien van fotovolta\u00efsche zonnesystemen. De stimulans wordt simpelweg &#8220;de terugdraaiende teller&#8221; genoemd, omdat deze ook daadwerkelijk terugdraait wanneer fotovolta\u00efsche zonnepanelen elektriciteit aan het net leveren. Elk jaar wordt er een boekhoudkundig saldo toegepast: op de rekening voor het elektriciteitsverbruik wordt de in het net ge\u00efnjecteerde zonne-energie in mindering gebracht, waardoor de energierekening van de prosument daalt &#8211; zowel voor de &#8220;energie-inkoop&#8221; als voor de &#8220;kosten van het netgebruik&#8221;. Na meer dan 10 jaar ervaring zijn de Belgische en Europese context ge\u00ebvolueerd en de 3 gewesten hebben besloten of aangekondigd om dit principe af te schaffen. Waarom dit mechanisme afschaffen? De afschaffing van het compensatiemechanisme is enkele jaren geleden aangekondigd en is nu verplicht door de richtlijn betreffende het ontwerp van de Europese elektriciteitsmarkt, die in juni 2019 is goedgekeurd en die de lidstaten aanmoedigt om tegen eind 2023 regelingen voor de geleidelijke afschaffing van het compensatiemechanisme te bepalen. Bovendien werd het compensatiemechanisme als discriminerend gezien tegenover de &#8220;traditionele&#8221; consumenten (die geen fotovolta\u00efsche zonnepanelen hebben op hun dak). Volgens dit principe dragen de prosumenten alleen bij aan de kosten van het net vanwege de netto hoeveelheid energie die wordt afgenomen &#8211; het saldo na het jaarlijkse verschil van de compensatie &#8211; terwijl zij in werkelijkheid het hele jaar door hogere brutohoeveelheden hebben afgenomen. Het gaat er dus om ervoor te zorgen dat alle consumenten, met of zonder zonnepanelen, een billijke bijdrage leveren aan de kosten van het net, op basis van hun werkelijke heffingen. Tegen een billijke vergoeding hebben prosumenten het recht om bij te dragen in de kosten van &hellip; Continue reading \"Einde van de compensatie? Laten we het eigen verbruik van zonnestroom maximaliseren!\"","og_url":"https:\/\/www.renouvelle.be\/nl\/einde-van-de-compensatie-laten-we-het-eigen-verbruik-van-zonnestroom-maximaliseren\/","og_site_name":"Hernieuws","article_published_time":"2019-11-05T12:39:38+00:00","article_modified_time":"2021-02-17T18:33:15+00:00","author":"Benjamin WILKIN","twitter_card":"summary_large_image","schema":{"@context":"https:\/\/schema.org","@graph":[{"@type":"Article","@id":"https:\/\/www.renouvelle.be\/nl\/einde-van-de-compensatie-laten-we-het-eigen-verbruik-van-zonnestroom-maximaliseren\/#article","isPartOf":{"@id":"https:\/\/www.renouvelle.be\/nl\/einde-van-de-compensatie-laten-we-het-eigen-verbruik-van-zonnestroom-maximaliseren\/"},"author":{"name":"Benjamin WILKIN","@id":"https:\/\/www.renouvelle.be\/fr\/#\/schema\/person\/20d41a25c5a48ee6500cc1a14288f058"},"headline":"Einde van de compensatie? Laten we het eigen verbruik van zonnestroom maximaliseren!","datePublished":"2019-11-05T12:39:38+00:00","dateModified":"2021-02-17T18:33:15+00:00","mainEntityOfPage":{"@id":"https:\/\/www.renouvelle.be\/nl\/einde-van-de-compensatie-laten-we-het-eigen-verbruik-van-zonnestroom-maximaliseren\/"},"wordCount":1281,"commentCount":0,"articleSection":["In Belgi\u00eb"],"inLanguage":"nl-NL","potentialAction":[{"@type":"CommentAction","name":"Comment","target":["https:\/\/www.renouvelle.be\/nl\/einde-van-de-compensatie-laten-we-het-eigen-verbruik-van-zonnestroom-maximaliseren\/#respond"]}]},{"@type":"WebPage","@id":"https:\/\/www.renouvelle.be\/nl\/einde-van-de-compensatie-laten-we-het-eigen-verbruik-van-zonnestroom-maximaliseren\/","url":"https:\/\/www.renouvelle.be\/nl\/einde-van-de-compensatie-laten-we-het-eigen-verbruik-van-zonnestroom-maximaliseren\/","name":"Einde van de compensatie? Laten we het eigen verbruik van zonnestroom maximaliseren! - Hernieuws","isPartOf":{"@id":"https:\/\/www.renouvelle.be\/fr\/#website"},"datePublished":"2019-11-05T12:39:38+00:00","dateModified":"2021-02-17T18:33:15+00:00","author":{"@id":"https:\/\/www.renouvelle.be\/fr\/#\/schema\/person\/20d41a25c5a48ee6500cc1a14288f058"},"breadcrumb":{"@id":"https:\/\/www.renouvelle.be\/nl\/einde-van-de-compensatie-laten-we-het-eigen-verbruik-van-zonnestroom-maximaliseren\/#breadcrumb"},"inLanguage":"nl-NL","potentialAction":[{"@type":"ReadAction","target":["https:\/\/www.renouvelle.be\/nl\/einde-van-de-compensatie-laten-we-het-eigen-verbruik-van-zonnestroom-maximaliseren\/"]}]},{"@type":"BreadcrumbList","@id":"https:\/\/www.renouvelle.be\/nl\/einde-van-de-compensatie-laten-we-het-eigen-verbruik-van-zonnestroom-maximaliseren\/#breadcrumb","itemListElement":[{"@type":"ListItem","position":1,"name":"Accueil","item":"https:\/\/www.renouvelle.be\/nl\/"},{"@type":"ListItem","position":2,"name":"Einde van de compensatie? Laten we het eigen verbruik van zonnestroom maximaliseren!"}]},{"@type":"WebSite","@id":"https:\/\/www.renouvelle.be\/fr\/#website","url":"https:\/\/www.renouvelle.be\/fr\/","name":"Hernieuws","description":"Nieuws  over duurzame energie","potentialAction":[{"@type":"SearchAction","target":{"@type":"EntryPoint","urlTemplate":"https:\/\/www.renouvelle.be\/fr\/?s={search_term_string}"},"query-input":{"@type":"PropertyValueSpecification","valueRequired":true,"valueName":"search_term_string"}}],"inLanguage":"nl-NL"},{"@type":"Person","@id":"https:\/\/www.renouvelle.be\/fr\/#\/schema\/person\/20d41a25c5a48ee6500cc1a14288f058","name":"Benjamin WILKIN","url":"https:\/\/www.renouvelle.be\/nl\/author\/benjaminwilkin\/"}]}},"_links":{"self":[{"href":"https:\/\/www.renouvelle.be\/nl\/wp-json\/wp\/v2\/posts\/4869","targetHints":{"allow":["GET"]}}],"collection":[{"href":"https:\/\/www.renouvelle.be\/nl\/wp-json\/wp\/v2\/posts"}],"about":[{"href":"https:\/\/www.renouvelle.be\/nl\/wp-json\/wp\/v2\/types\/post"}],"author":[{"embeddable":true,"href":"https:\/\/www.renouvelle.be\/nl\/wp-json\/wp\/v2\/users\/17"}],"replies":[{"embeddable":true,"href":"https:\/\/www.renouvelle.be\/nl\/wp-json\/wp\/v2\/comments?post=4869"}],"version-history":[{"count":1,"href":"https:\/\/www.renouvelle.be\/nl\/wp-json\/wp\/v2\/posts\/4869\/revisions"}],"predecessor-version":[{"id":4916,"href":"https:\/\/www.renouvelle.be\/nl\/wp-json\/wp\/v2\/posts\/4869\/revisions\/4916"}],"wp:attachment":[{"href":"https:\/\/www.renouvelle.be\/nl\/wp-json\/wp\/v2\/media?parent=4869"}],"wp:term":[{"taxonomy":"category","embeddable":true,"href":"https:\/\/www.renouvelle.be\/nl\/wp-json\/wp\/v2\/categories?post=4869"},{"taxonomy":"post_tag","embeddable":true,"href":"https:\/\/www.renouvelle.be\/nl\/wp-json\/wp\/v2\/tags?post=4869"},{"taxonomy":"section","embeddable":true,"href":"https:\/\/www.renouvelle.be\/nl\/wp-json\/wp\/v2\/section?post=4869"}],"curies":[{"name":"wp","href":"https:\/\/api.w.org\/{rel}","templated":true}]}}