{"id":4855,"date":"2017-12-20T13:41:01","date_gmt":"2017-12-20T13:41:01","guid":{"rendered":""},"modified":"2021-02-18T08:29:08","modified_gmt":"2021-02-18T07:29:08","slug":"succesvolle-eerste-editie-van-het-belgian-solar-network","status":"publish","type":"post","link":"https:\/\/www.renouvelle.be\/nl\/succesvolle-eerste-editie-van-het-belgian-solar-network\/","title":{"rendered":"Succesvolle eerste editie van het Belgian Solar Network"},"content":{"rendered":"<p>Het Belgian Solar Network 2017, georganiseerd door <a href=\"http:\/\/www.apere.org\" target=\"_blank\" rel=\"noopener\">APERe<\/a> en het <a href=\"http:\/\/becquerelinstitute.org\/\" target=\"_blank\" rel=\"noopener\">Becquerel Institute<\/a>, heeft zijn beloften in een wereld van (r) evolutie waargemaakt: de belangrijkste Belgische spelers in de fotovolta\u00efsche sector, die op 23 en 24 november in Brussel bijeenkwamen, benadrukten het belang voor Belgi\u00eb om de ongelooflijke ontwikkeling van fotovolta\u00efsche energie in de wereld niet te missen. Met een geaccumuleerd vermogen van bijna 400 GWp en een jaarlijks ge\u00efnstalleerd vermogen van 90 GWp, is de globale sector is goed voor 100 miljard \u20ac, geleid door China, de VS, Japan, India, Europa en een groot aantal opkomende landen.<\/p>\n<p>In Belgi\u00eb is 1 op 12 Belgische huishoudens uitgerust met fotovolta\u00efsche zonnepanelen. De ge\u00efnstalleerde capaciteit bedraagt meer dan 3,5 GWp, of ongeveer \u00e9\u00e9n procent van de wereldcapaciteit. En Belgische bedrijven dragen bij aan de ontwikkeling van deze internationale markt.<\/p>\n<p>Het Belgian Solar Network 2017 was een kans om aan te tonen dat de ontwikkeling van fotovolta\u00efsche zonne-energie veel kansen biedt, zowel economisch als sociaal, en deel uitmaakt van langetermijnvisies.<\/p>\n<p><img decoding=\"async\" alt=\"\" src=\"\/wp-content\/uploads\/2021\/02\/post\/bsn1.jpg\" style=\"width: 580px; height: 316px;\"><\/p>\n<p>De eerste dag van de conferentie focuste zich op de belangrijkste elementen van de toekomst van de fotovolta\u00efsche sector: Duitsland is een bron van inspiratie, de integratie van fotovolta\u00efsche energie in de elektriciteitsnetten blijft een groot probleem en de beleidsmakers moet zorgen voor een zeker en investeringsvriendelijk klimaat. De huidige energiebedrijven hebben dit goed begrepen en beginnen te werken met innovatieve formules die de markt de volgende jaren nog zou moet versnellen.<\/p>\n<p>Op de tweede dag werden er recente technologische ontwikkelingen op het gebied van fotovolta\u00efsche systemen, gebouwintegratie (BIPV) en verschillende aanverwante apparatuur zoals omvormers en opslagoplossingen gepresenteerd.<\/p>\n<p>Gezien de grote modulariteit van fotovolta\u00efsche energie is ze in veel domeinen aanwezig, van residenti\u00eble toepassingen tot grote energiecentrales op de grond of op het dak, terwijl de elektrificatie van het transport tegelijkertijd stijgt. Bovendien is het op elkaar afstemmen van fotovolta\u00efsche productie en consumptie een grote uitdaging die zich concreet vertaalt in oplossingen die de hoeveelheid eigen verbruik verhogen.<\/p>\n<h2><strong>Duitsland bron van inspiratie<\/strong><\/h2>\n<p>Met ongeveer 40 GWp vandaag ligt Duitsland op schema om zijn doelstelling van 52 GWp aan fotovolta\u00efsche energie in 2020 te halen. Afgezien van de cijfers gaat het land in een nieuwe fase van&nbsp; ontwikkeling van zonne-energie. Door de zonneproductieprijzen van de laatste aanbestedingen duikt de kostprijs onder de grens van 5 \u20ac\/kWh. Zelfs met de Duitse zonneschijn wordt de netpariteit voor de levering van elektriciteit ruim overschreden en ligt ze dicht bij de elektriciteitsprijs. Dit brengt Sven Goethals (BayWa.re.) tot de conclusie &#8220;dat de toekomst van PV ligt in de formules van PPA (Power Purchase Agreement of Elektriciteitsaankoopovereenkomst), de virtuele energiecentrale en blockchain voor elektriciteit&#8221;.<\/p>\n<p><img decoding=\"async\" alt=\"\" src=\"\/wp-content\/uploads\/2021\/02\/post\/bsn3.png\" style=\"width: 580px; height: 224px;\"><\/p>\n<p><em><small>Fig. Evolutie van eenheidsprijzen van Duitse aanbestedingen. Presentatie door Sven Goethals (BayWa.re). <\/small><\/em><\/p>\n<h2><strong>Discussie over integratie op het net&nbsp;<\/strong><\/h2>\n<p>Elia schat een potentieel van 40 GWp op enkel de beste Belgische daken. ORES en INFRAX hebben te kennen gegeven tijd nodig te hebben om na te denken over de beste strategie die het hoofd biedt aan de opkomst van gedecentraliseerde fotovolta\u00efsche productie, maar ook aan de vooruitzichten voor elektrificatie van verwarming en transport.<\/p>\n<p>De ontwikkeling van warmtepompen bij het verwarmen van elektrische voertuigen en elektrisch opladen kunnen de huidige beheercodes verstoren. Echter, de signalen van de internationale markt zijn er en deze realiteit dwingt Belgi\u00eb vandaag concrete maatregelen te nemen.<\/p>\n<p>De slimme meters bij de consumenten, de slimme omvormers (die het beheer van activa en reactiva mogelijk maken) voor prosumenten en de spanning gestuurde transformatoren zullen zeker snel worden ingezet.<\/p>\n<p>Ten slotte zullen de prijzen worden herzien en een capaciteitstarief zal op tafel komen. Didier Hakin (ORES): &#8220;De inzet van slimme meters is essentieel om het gedrag te objectiveren. Het aanmoedigen en belonen van duurzaam individueel gedrag is mogelijk. Een correct vastgelegd DNB-tarief, , draagt bij tot een optimaal geslaagde energietransitie. Het DNB-tarief kan een katalysator worden voor de markt. &#8221;<\/p>\n<h2><strong>Belgisch regionaal beleid unaniem over de toekomst van fotovolta\u00efsche zonne-energie<\/strong><\/h2>\n<p>Fotovolta\u00efsche zonne-energie moet kunnen profiteren van een stabiel wetgevingskader. Het is contraproductief om beginnende investeerders op te zadelen met netvergoedingen, het versterkt alleen de negatieve perceptie die er al bij een deel van de bevolking is en er zullen in Belgi\u00eb kostbare jaren verloren gaan, terwijl het zijn industrie benadeelt. Niettemin begrijpt de politieke wereld nu ten volle het belang van deze transitie en het nakomen van de klimaatverplichtingen. Fotovolta\u00efsche zonne-energie moet kunnen profiteren van een stabiel wetgevingskader. Jean-Luc Crucke, Waals minister van Energie, heeft als belangrijkste doelstelling om &#8220;het Waalse vertrouwen in fotovolta\u00efsche zonne-energie terug te winnen&#8221;. En Bart Tommelein dringt erop aan dat: &#8220;de zon de toekomst is.<\/p>\n<p><img decoding=\"async\" alt=\"\" src=\"\/wp-content\/uploads\/2021\/02\/post\/bsn2.jpg\" style=\"width: 580px; height: 256px;\"><\/p>\n<p><em><small>Van links naar rechts: Bram Claeys (ODE-Vlaanderen), moderator van het debat met de energieministers Jean-Luc Crucke (Walloni\u00eb), Bart Tommelein (Vlaanderen) en de vertegenwoordiger van C\u00e9line Fremault (Brussel). <\/small><\/em><\/p>\n<h2><strong>Technologische innovatie verbetert de effici\u00ebntie, ontwikkelt nieuwe materialen en maakt nieuwe toepassingen mogelijk<\/strong><\/h2>\n<p>Silicium blijft op gebied van fotovolta\u00efsche cellen marktleider met meer dan 95% van de verkoop. De effici\u00ebntie van standaardcellen (Al-BSF) is nu verbeterd door een nieuwe generatie cellen, PERC (Passive Emmiter and Rear Contact) genaamd. Het rendement van de marktcellen zou van 20 % naar&nbsp; 26% kunnen gaan met een groeicurve van + 0,6% per jaar. De effici\u00ebntie zal de theoretische limiet van 29,4% benaderen.<\/p>\n<p>Bovendien bestudeert IMEC, het Vlaams instituut voor Vlaams interuniversitair onderzoek in micro-elektronica en nanotechnologie\u00ebn, een nieuw materiaal: de perovskietcel. Gecombineerd met een siliciumcel, zou de kruising rendementen kunnen halen van meer dan 30%. IMEC onderzoekt bovendien tweezijdige cellen die, verticaal ge\u00efnstalleerd, nieuwe toepassingen kunnen cre\u00ebren die minder gevoelig zijn voor vervuiling of ge\u00efntegreerd zijn in de infrastructuur.<\/p>\n<p><img decoding=\"async\" alt=\"\" src=\"\/wp-content\/uploads\/2021\/02\/post\/bsn4.png\" style=\"width: 580px; height: 476px;\"><\/p>\n<p><em><small>Fig. Verwachte evolutie in fotovolta\u00efsche conversierendementen van mono-junctiecellen. Presentatie door Jef Poortmans (IMEC). <\/small><\/em><\/p>\n<h2><strong>Eigen verbruik centraal in de residenti\u00eble fotovolta\u00efsche markt<\/strong><\/h2>\n<p>Gezien de lagere kostprijs van fotovolta\u00efsche zonne-energie, hangt de winstgevendheid van een fotovolta\u00efsch project af van een hoog percentage eigen verbruik. Dit versterkt de financi\u00eble rentabiliteit. Een eenvoudige en onmiddellijke oplossing voor de huisvesting is fotovolta\u00efsche zonneverwarming. (lees ons artikel <a href=\"http:\/\/www.renouvelle.be\/fr\/technologies\/nous-avons-teste-le-pvheater-un-stockage-de-lelectricite-photovoltaique-excedentaire\" target=\"_blank\" rel=\"noopener\">We hebben de fotovolta\u00efsche zonneverwarming getest, een opslag van overtollige binnenlandse fotovolta\u00efsche elektriciteit<\/a>).<\/p>\n<p>Op grotere schaal heeft het onderzoeksproject Premasol uitgevoerd door GreenWatch het flexibiliteitspotentieel van het bundelen van een reeks van consumenten en PV-producties concreet bestudeerd. Op deze schaal biedt het collectieve zelfverbruik &#8220;een beter gebruik van het distributienet, zelfs om de gebruikskosten te verlagen&#8221;, zegt J\u00e9r\u00f4me Kervin (Greenwatch).<\/p>\n<p><img decoding=\"async\" alt=\"\" src=\"\/wp-content\/uploads\/2021\/02\/post\/bsn5.png\" style=\"width: 580px; height: 363px;\"><\/p>\n<p><em><small>Fig. PV-verwarming, een eenvoudige en effectieve oplossing voor gebruik van warm water in woningen. Presentatie door Benjamin WILKIN, APERe <\/small><\/em><\/p>\n<h2><strong>Kwaliteit: productiviteit bewaken als een diagnose van goede prestaties<\/strong><\/h2>\n<p>Indien u fotovolta\u00efsche zonne-energie-installatie aanschaft, gaat het om een investering in een elektrisch productiesysteem dat meer dan 25 jaar zal werken. Daarom zijn de kwaliteit van producten en de implementatie daarvan, als ook het voortdurend opvolgen van de prestaties, een prioriteit voor elk project. Voor grote projecten in het bijzonder zal de keuze van de ge\u00efmplementeerde oplossing niet worden bestudeerd op investeringsniveau (CAPEX), maar op het niveau van de kostprijs van de economische levensduur (LCOE). Eszter Voroshazi (IMEC) concludeert: &#8220;De kwaliteit van PV is de sleutel tot een lage LCOE&#8221; (&#8220;De kwaliteit van de fotovolta\u00efsche energie-installatie zorgt voor een lagere kostprijs van zonne-energie&#8221;).<\/p>\n<h2><strong>Opslag en elektrische mobiliteit<\/strong><\/h2>\n<p>De laatste sprekers van het event concludeerden dat de gezamenlijke daling van de prijzen van batterijen, fotovolta\u00efsche cellen en elektrische voertuigen nieuwe kansen zullen cre\u00ebren in alle segmenten, nieuwe &#8220;bedrijfsmodellen&#8221; en ten slotte kansen voor groei in de energietransitatiesector.<\/p>\n<p>Er werden talrijke en interessante gesprekken gevoerd tussen de deelnemers.<\/p>\n<p><img decoding=\"async\" alt=\"\" src=\"\/wp-content\/uploads\/2021\/02\/post\/bsn_0.png\" style=\"width: 260px; height: 80px;\"><\/p>\n<p>Het Belgian Solar Network wil zich met de Vlaamse, Waalse en Brusselse fotovolta\u00efsche actoren positioneren als de plaats van uitwisseling en ontmoeting tussen industri\u00eblen, ontwikkelaars en onderzoekers. Afspraak voor de tweede editie in het najaar van 2018 !<\/p>\n","protected":false},"excerpt":{"rendered":"<p>Het Belgian Solar Network 2017, georganiseerd door APERe en het Becquerel Institute, heeft zijn beloften in een wereld van (r) evolutie waargemaakt: de belangrijkste Belgische spelers in de fotovolta\u00efsche sector, die op 23 en 24 november in Brussel bijeenkwamen, benadrukten het belang voor Belgi\u00eb om de ongelooflijke ontwikkeling van fotovolta\u00efsche energie in de wereld niet te missen. Met een geaccumuleerd vermogen van bijna 400 GWp en een jaarlijks ge\u00efnstalleerd vermogen van 90 GWp, is de globale sector is goed voor 100 miljard \u20ac, geleid door China, de VS, Japan, India, Europa en een groot aantal opkomende landen. In Belgi\u00eb is 1 op 12 Belgische huishoudens uitgerust met fotovolta\u00efsche zonnepanelen. De ge\u00efnstalleerde capaciteit bedraagt meer dan 3,5 GWp, of ongeveer \u00e9\u00e9n procent van de wereldcapaciteit. En Belgische bedrijven dragen bij aan de ontwikkeling van deze internationale markt. Het Belgian Solar Network 2017 was een kans om aan te tonen dat de ontwikkeling van fotovolta\u00efsche zonne-energie veel kansen biedt, zowel economisch als sociaal, en deel uitmaakt van langetermijnvisies. De eerste dag van de conferentie focuste zich op de belangrijkste elementen van de toekomst van de fotovolta\u00efsche sector: Duitsland is een bron van inspiratie, de integratie van fotovolta\u00efsche energie in de elektriciteitsnetten blijft een groot probleem en de beleidsmakers moet zorgen voor een zeker en investeringsvriendelijk klimaat. De huidige energiebedrijven hebben dit goed begrepen en beginnen te werken met innovatieve formules die de markt de volgende jaren nog zou moet versnellen. Op de tweede dag werden er recente technologische ontwikkelingen op het gebied van fotovolta\u00efsche systemen, gebouwintegratie (BIPV) en verschillende aanverwante apparatuur zoals omvormers en opslagoplossingen gepresenteerd. Gezien de grote modulariteit van fotovolta\u00efsche energie is ze in veel domeinen aanwezig, van residenti\u00eble toepassingen tot grote energiecentrales op de grond of op het dak, &hellip; <a href=\"https:\/\/www.renouvelle.be\/nl\/succesvolle-eerste-editie-van-het-belgian-solar-network\/\" class=\"more-link\">Continue reading<span class=\"screen-reader-text\"> &#8220;Succesvolle eerste editie van het Belgian Solar Network&#8221;<\/span><\/a><\/p>\n","protected":false},"author":7,"featured_media":0,"comment_status":"open","ping_status":"open","sticky":false,"template":"","format":"standard","meta":{"_acf_changed":false,"footnotes":""},"categories":[32],"tags":[],"section":[43],"class_list":["post-4855","post","type-post","status-publish","format-standard","hentry","category-in-belgie","section-zonnestroom"],"acf":[],"yoast_head":"<!-- This site is optimized with the Yoast SEO plugin v27.5 - https:\/\/yoast.com\/product\/yoast-seo-wordpress\/ -->\n<title>Succesvolle eerste editie van het Belgian Solar Network - Hernieuws<\/title>\n<meta name=\"robots\" content=\"index, follow, max-snippet:-1, max-image-preview:large, max-video-preview:-1\" \/>\n<link rel=\"canonical\" href=\"https:\/\/www.renouvelle.be\/nl\/succesvolle-eerste-editie-van-het-belgian-solar-network\/\" \/>\n<meta property=\"og:locale\" content=\"nl_NL\" \/>\n<meta property=\"og:type\" content=\"article\" \/>\n<meta property=\"og:title\" content=\"Succesvolle eerste editie van het Belgian Solar Network - Hernieuws\" \/>\n<meta property=\"og:description\" content=\"Het Belgian Solar Network 2017, georganiseerd door APERe en het Becquerel Institute, heeft zijn beloften in een wereld van (r) evolutie waargemaakt: de belangrijkste Belgische spelers in de fotovolta\u00efsche sector, die op 23 en 24 november in Brussel bijeenkwamen, benadrukten het belang voor Belgi\u00eb om de ongelooflijke ontwikkeling van fotovolta\u00efsche energie in de wereld niet te missen. Met een geaccumuleerd vermogen van bijna 400 GWp en een jaarlijks ge\u00efnstalleerd vermogen van 90 GWp, is de globale sector is goed voor 100 miljard \u20ac, geleid door China, de VS, Japan, India, Europa en een groot aantal opkomende landen. In Belgi\u00eb is 1 op 12 Belgische huishoudens uitgerust met fotovolta\u00efsche zonnepanelen. De ge\u00efnstalleerde capaciteit bedraagt meer dan 3,5 GWp, of ongeveer \u00e9\u00e9n procent van de wereldcapaciteit. En Belgische bedrijven dragen bij aan de ontwikkeling van deze internationale markt. Het Belgian Solar Network 2017 was een kans om aan te tonen dat de ontwikkeling van fotovolta\u00efsche zonne-energie veel kansen biedt, zowel economisch als sociaal, en deel uitmaakt van langetermijnvisies. De eerste dag van de conferentie focuste zich op de belangrijkste elementen van de toekomst van de fotovolta\u00efsche sector: Duitsland is een bron van inspiratie, de integratie van fotovolta\u00efsche energie in de elektriciteitsnetten blijft een groot probleem en de beleidsmakers moet zorgen voor een zeker en investeringsvriendelijk klimaat. De huidige energiebedrijven hebben dit goed begrepen en beginnen te werken met innovatieve formules die de markt de volgende jaren nog zou moet versnellen. Op de tweede dag werden er recente technologische ontwikkelingen op het gebied van fotovolta\u00efsche systemen, gebouwintegratie (BIPV) en verschillende aanverwante apparatuur zoals omvormers en opslagoplossingen gepresenteerd. Gezien de grote modulariteit van fotovolta\u00efsche energie is ze in veel domeinen aanwezig, van residenti\u00eble toepassingen tot grote energiecentrales op de grond of op het dak, &hellip; Continue reading &quot;Succesvolle eerste editie van het Belgian Solar Network&quot;\" \/>\n<meta property=\"og:url\" content=\"https:\/\/www.renouvelle.be\/nl\/succesvolle-eerste-editie-van-het-belgian-solar-network\/\" \/>\n<meta property=\"og:site_name\" content=\"Hernieuws\" \/>\n<meta property=\"article:published_time\" content=\"2017-12-20T13:41:01+00:00\" \/>\n<meta property=\"article:modified_time\" content=\"2021-02-18T07:29:08+00:00\" \/>\n<meta property=\"og:image\" content=\"https:\/\/www.renouvelle.be\/wp-content\/uploads\/2021\/02\/post\/bsn1.jpg\" \/>\n<meta name=\"author\" content=\"Michel HUART\" \/>\n<meta name=\"twitter:card\" content=\"summary_large_image\" \/>\n<script type=\"application\/ld+json\" class=\"yoast-schema-graph\">{\"@context\":\"https:\\\/\\\/schema.org\",\"@graph\":[{\"@type\":\"Article\",\"@id\":\"https:\\\/\\\/www.renouvelle.be\\\/nl\\\/succesvolle-eerste-editie-van-het-belgian-solar-network\\\/#article\",\"isPartOf\":{\"@id\":\"https:\\\/\\\/www.renouvelle.be\\\/nl\\\/succesvolle-eerste-editie-van-het-belgian-solar-network\\\/\"},\"author\":{\"name\":\"Michel HUART\",\"@id\":\"https:\\\/\\\/www.renouvelle.be\\\/fr\\\/#\\\/schema\\\/person\\\/099bd9ada9f5c94ff759989f763f5e0d\"},\"headline\":\"Succesvolle eerste editie van het Belgian Solar Network\",\"datePublished\":\"2017-12-20T13:41:01+00:00\",\"dateModified\":\"2021-02-18T07:29:08+00:00\",\"mainEntityOfPage\":{\"@id\":\"https:\\\/\\\/www.renouvelle.be\\\/nl\\\/succesvolle-eerste-editie-van-het-belgian-solar-network\\\/\"},\"wordCount\":1288,\"commentCount\":0,\"articleSection\":[\"In Belgi\u00eb\"],\"inLanguage\":\"nl-NL\",\"potentialAction\":[{\"@type\":\"CommentAction\",\"name\":\"Comment\",\"target\":[\"https:\\\/\\\/www.renouvelle.be\\\/nl\\\/succesvolle-eerste-editie-van-het-belgian-solar-network\\\/#respond\"]}]},{\"@type\":\"WebPage\",\"@id\":\"https:\\\/\\\/www.renouvelle.be\\\/nl\\\/succesvolle-eerste-editie-van-het-belgian-solar-network\\\/\",\"url\":\"https:\\\/\\\/www.renouvelle.be\\\/nl\\\/succesvolle-eerste-editie-van-het-belgian-solar-network\\\/\",\"name\":\"Succesvolle eerste editie van het Belgian Solar Network - Hernieuws\",\"isPartOf\":{\"@id\":\"https:\\\/\\\/www.renouvelle.be\\\/fr\\\/#website\"},\"datePublished\":\"2017-12-20T13:41:01+00:00\",\"dateModified\":\"2021-02-18T07:29:08+00:00\",\"author\":{\"@id\":\"https:\\\/\\\/www.renouvelle.be\\\/fr\\\/#\\\/schema\\\/person\\\/099bd9ada9f5c94ff759989f763f5e0d\"},\"breadcrumb\":{\"@id\":\"https:\\\/\\\/www.renouvelle.be\\\/nl\\\/succesvolle-eerste-editie-van-het-belgian-solar-network\\\/#breadcrumb\"},\"inLanguage\":\"nl-NL\",\"potentialAction\":[{\"@type\":\"ReadAction\",\"target\":[\"https:\\\/\\\/www.renouvelle.be\\\/nl\\\/succesvolle-eerste-editie-van-het-belgian-solar-network\\\/\"]}]},{\"@type\":\"BreadcrumbList\",\"@id\":\"https:\\\/\\\/www.renouvelle.be\\\/nl\\\/succesvolle-eerste-editie-van-het-belgian-solar-network\\\/#breadcrumb\",\"itemListElement\":[{\"@type\":\"ListItem\",\"position\":1,\"name\":\"Accueil\",\"item\":\"https:\\\/\\\/www.renouvelle.be\\\/nl\\\/\"},{\"@type\":\"ListItem\",\"position\":2,\"name\":\"Succesvolle eerste editie van het Belgian Solar Network\"}]},{\"@type\":\"WebSite\",\"@id\":\"https:\\\/\\\/www.renouvelle.be\\\/fr\\\/#website\",\"url\":\"https:\\\/\\\/www.renouvelle.be\\\/fr\\\/\",\"name\":\"Hernieuws\",\"description\":\"Nieuws  over duurzame energie\",\"potentialAction\":[{\"@type\":\"SearchAction\",\"target\":{\"@type\":\"EntryPoint\",\"urlTemplate\":\"https:\\\/\\\/www.renouvelle.be\\\/fr\\\/?s={search_term_string}\"},\"query-input\":{\"@type\":\"PropertyValueSpecification\",\"valueRequired\":true,\"valueName\":\"search_term_string\"}}],\"inLanguage\":\"nl-NL\"},{\"@type\":\"Person\",\"@id\":\"https:\\\/\\\/www.renouvelle.be\\\/fr\\\/#\\\/schema\\\/person\\\/099bd9ada9f5c94ff759989f763f5e0d\",\"name\":\"Michel HUART\",\"url\":\"https:\\\/\\\/www.renouvelle.be\\\/nl\\\/author\\\/michelhuart\\\/\"}]}<\/script>\n<!-- \/ Yoast SEO plugin. -->","yoast_head_json":{"title":"Succesvolle eerste editie van het Belgian Solar Network - Hernieuws","robots":{"index":"index","follow":"follow","max-snippet":"max-snippet:-1","max-image-preview":"max-image-preview:large","max-video-preview":"max-video-preview:-1"},"canonical":"https:\/\/www.renouvelle.be\/nl\/succesvolle-eerste-editie-van-het-belgian-solar-network\/","og_locale":"nl_NL","og_type":"article","og_title":"Succesvolle eerste editie van het Belgian Solar Network - Hernieuws","og_description":"Het Belgian Solar Network 2017, georganiseerd door APERe en het Becquerel Institute, heeft zijn beloften in een wereld van (r) evolutie waargemaakt: de belangrijkste Belgische spelers in de fotovolta\u00efsche sector, die op 23 en 24 november in Brussel bijeenkwamen, benadrukten het belang voor Belgi\u00eb om de ongelooflijke ontwikkeling van fotovolta\u00efsche energie in de wereld niet te missen. Met een geaccumuleerd vermogen van bijna 400 GWp en een jaarlijks ge\u00efnstalleerd vermogen van 90 GWp, is de globale sector is goed voor 100 miljard \u20ac, geleid door China, de VS, Japan, India, Europa en een groot aantal opkomende landen. In Belgi\u00eb is 1 op 12 Belgische huishoudens uitgerust met fotovolta\u00efsche zonnepanelen. De ge\u00efnstalleerde capaciteit bedraagt meer dan 3,5 GWp, of ongeveer \u00e9\u00e9n procent van de wereldcapaciteit. En Belgische bedrijven dragen bij aan de ontwikkeling van deze internationale markt. Het Belgian Solar Network 2017 was een kans om aan te tonen dat de ontwikkeling van fotovolta\u00efsche zonne-energie veel kansen biedt, zowel economisch als sociaal, en deel uitmaakt van langetermijnvisies. De eerste dag van de conferentie focuste zich op de belangrijkste elementen van de toekomst van de fotovolta\u00efsche sector: Duitsland is een bron van inspiratie, de integratie van fotovolta\u00efsche energie in de elektriciteitsnetten blijft een groot probleem en de beleidsmakers moet zorgen voor een zeker en investeringsvriendelijk klimaat. De huidige energiebedrijven hebben dit goed begrepen en beginnen te werken met innovatieve formules die de markt de volgende jaren nog zou moet versnellen. Op de tweede dag werden er recente technologische ontwikkelingen op het gebied van fotovolta\u00efsche systemen, gebouwintegratie (BIPV) en verschillende aanverwante apparatuur zoals omvormers en opslagoplossingen gepresenteerd. Gezien de grote modulariteit van fotovolta\u00efsche energie is ze in veel domeinen aanwezig, van residenti\u00eble toepassingen tot grote energiecentrales op de grond of op het dak, &hellip; Continue reading \"Succesvolle eerste editie van het Belgian Solar Network\"","og_url":"https:\/\/www.renouvelle.be\/nl\/succesvolle-eerste-editie-van-het-belgian-solar-network\/","og_site_name":"Hernieuws","article_published_time":"2017-12-20T13:41:01+00:00","article_modified_time":"2021-02-18T07:29:08+00:00","og_image":[{"url":"https:\/\/www.renouvelle.be\/wp-content\/uploads\/2021\/02\/post\/bsn1.jpg","type":"","width":"","height":""}],"author":"Michel HUART","twitter_card":"summary_large_image","schema":{"@context":"https:\/\/schema.org","@graph":[{"@type":"Article","@id":"https:\/\/www.renouvelle.be\/nl\/succesvolle-eerste-editie-van-het-belgian-solar-network\/#article","isPartOf":{"@id":"https:\/\/www.renouvelle.be\/nl\/succesvolle-eerste-editie-van-het-belgian-solar-network\/"},"author":{"name":"Michel HUART","@id":"https:\/\/www.renouvelle.be\/fr\/#\/schema\/person\/099bd9ada9f5c94ff759989f763f5e0d"},"headline":"Succesvolle eerste editie van het Belgian Solar Network","datePublished":"2017-12-20T13:41:01+00:00","dateModified":"2021-02-18T07:29:08+00:00","mainEntityOfPage":{"@id":"https:\/\/www.renouvelle.be\/nl\/succesvolle-eerste-editie-van-het-belgian-solar-network\/"},"wordCount":1288,"commentCount":0,"articleSection":["In Belgi\u00eb"],"inLanguage":"nl-NL","potentialAction":[{"@type":"CommentAction","name":"Comment","target":["https:\/\/www.renouvelle.be\/nl\/succesvolle-eerste-editie-van-het-belgian-solar-network\/#respond"]}]},{"@type":"WebPage","@id":"https:\/\/www.renouvelle.be\/nl\/succesvolle-eerste-editie-van-het-belgian-solar-network\/","url":"https:\/\/www.renouvelle.be\/nl\/succesvolle-eerste-editie-van-het-belgian-solar-network\/","name":"Succesvolle eerste editie van het Belgian Solar Network - Hernieuws","isPartOf":{"@id":"https:\/\/www.renouvelle.be\/fr\/#website"},"datePublished":"2017-12-20T13:41:01+00:00","dateModified":"2021-02-18T07:29:08+00:00","author":{"@id":"https:\/\/www.renouvelle.be\/fr\/#\/schema\/person\/099bd9ada9f5c94ff759989f763f5e0d"},"breadcrumb":{"@id":"https:\/\/www.renouvelle.be\/nl\/succesvolle-eerste-editie-van-het-belgian-solar-network\/#breadcrumb"},"inLanguage":"nl-NL","potentialAction":[{"@type":"ReadAction","target":["https:\/\/www.renouvelle.be\/nl\/succesvolle-eerste-editie-van-het-belgian-solar-network\/"]}]},{"@type":"BreadcrumbList","@id":"https:\/\/www.renouvelle.be\/nl\/succesvolle-eerste-editie-van-het-belgian-solar-network\/#breadcrumb","itemListElement":[{"@type":"ListItem","position":1,"name":"Accueil","item":"https:\/\/www.renouvelle.be\/nl\/"},{"@type":"ListItem","position":2,"name":"Succesvolle eerste editie van het Belgian Solar Network"}]},{"@type":"WebSite","@id":"https:\/\/www.renouvelle.be\/fr\/#website","url":"https:\/\/www.renouvelle.be\/fr\/","name":"Hernieuws","description":"Nieuws  over duurzame energie","potentialAction":[{"@type":"SearchAction","target":{"@type":"EntryPoint","urlTemplate":"https:\/\/www.renouvelle.be\/fr\/?s={search_term_string}"},"query-input":{"@type":"PropertyValueSpecification","valueRequired":true,"valueName":"search_term_string"}}],"inLanguage":"nl-NL"},{"@type":"Person","@id":"https:\/\/www.renouvelle.be\/fr\/#\/schema\/person\/099bd9ada9f5c94ff759989f763f5e0d","name":"Michel HUART","url":"https:\/\/www.renouvelle.be\/nl\/author\/michelhuart\/"}]}},"_links":{"self":[{"href":"https:\/\/www.renouvelle.be\/nl\/wp-json\/wp\/v2\/posts\/4855","targetHints":{"allow":["GET"]}}],"collection":[{"href":"https:\/\/www.renouvelle.be\/nl\/wp-json\/wp\/v2\/posts"}],"about":[{"href":"https:\/\/www.renouvelle.be\/nl\/wp-json\/wp\/v2\/types\/post"}],"author":[{"embeddable":true,"href":"https:\/\/www.renouvelle.be\/nl\/wp-json\/wp\/v2\/users\/7"}],"replies":[{"embeddable":true,"href":"https:\/\/www.renouvelle.be\/nl\/wp-json\/wp\/v2\/comments?post=4855"}],"version-history":[{"count":1,"href":"https:\/\/www.renouvelle.be\/nl\/wp-json\/wp\/v2\/posts\/4855\/revisions"}],"predecessor-version":[{"id":4933,"href":"https:\/\/www.renouvelle.be\/nl\/wp-json\/wp\/v2\/posts\/4855\/revisions\/4933"}],"wp:attachment":[{"href":"https:\/\/www.renouvelle.be\/nl\/wp-json\/wp\/v2\/media?parent=4855"}],"wp:term":[{"taxonomy":"category","embeddable":true,"href":"https:\/\/www.renouvelle.be\/nl\/wp-json\/wp\/v2\/categories?post=4855"},{"taxonomy":"post_tag","embeddable":true,"href":"https:\/\/www.renouvelle.be\/nl\/wp-json\/wp\/v2\/tags?post=4855"},{"taxonomy":"section","embeddable":true,"href":"https:\/\/www.renouvelle.be\/nl\/wp-json\/wp\/v2\/section?post=4855"}],"curies":[{"name":"wp","href":"https:\/\/api.w.org\/{rel}","templated":true}]}}