{"id":4853,"date":"2017-12-19T18:14:56","date_gmt":"2017-12-19T18:14:56","guid":{"rendered":""},"modified":"2021-02-18T08:29:12","modified_gmt":"2021-02-18T07:29:12","slug":"2017-of-de-economische-zegetocht-van-zon-en-wind","status":"publish","type":"post","link":"https:\/\/www.renouvelle.be\/nl\/2017-of-de-economische-zegetocht-van-zon-en-wind\/","title":{"rendered":"2017 of de economische zegetocht van zon en wind"},"content":{"rendered":"<p>We zitten vandaag op een scharniermoment dat ons heel snel naar een nieuwe energiewereld zal brengen. Zoals Renouvelle al beschreef was 2016 een scharnierjaar voor het elektrische voertuig (of het begin van het einde van de verbrandingsmotor).<\/p>\n<p>We maken vandaag een nieuwe balans op: 2017 werd gekenmerkt door een drastische daling van de productiekosten van fotovolta\u00efsche en windenergie, met prijsniveaus onder die van de traditionele energiebronnen \u2013 voor deze laatste begint de economische teruggang.<\/p>\n<p>In Belgi\u00eb willen sommige politieke partijen cijfers zien voordat ze zich bezighouden met een energiepact dat het mogelijk maakt, om onder meer, uit kernenergie te stappen (lees ons artikel <a href=\"http:\/\/www.renouvelle.be\/nl\/actualite-belgique\/energiepact-cijfers-hernieuwbare-energie-in-het-voordeel\" target=\"_blank\" rel=\"noopener\">het Energiepact: cijfers hernieuwbare energie in het voordeel<\/a>).<\/p>\n<p>Wilde u cijfers zien? Hier zijn ze dan.<\/p>\n<h2>De zon aan 15 \u20ac\/MWh<\/h2>\n<p>In oktober 2017 brak fotovolta\u00efsche zonne-energie een wereldrecord tijdens een aanbesteding in Saoedi-Arabi\u00eb: de verkoopprijs van energie voor een niet-gesubsidieerde zonne-installatie daalde tot \u20ac 15,2\/MWh. Dit record werd vervolgens in november ge\u00ebvenaard in Chili, waar het laagste fotovolta\u00efsche bod \u20ac 15\/MWh bereikte.<\/p>\n<p>In Chili heeft werd op de veiling 600 MW verkocht aan gemiddeld 27,5 \u20ac\/MWh. In Saoedi-Arabi\u00eb werd het bod van 300 MW verkocht voor minder dan \u20ac 25\/MWh (voor 7 van de 8 loten).<\/p>\n<p>In Argentini\u00eb werd eind november meer dan 550 MW toegekend aan gemiddeld 35 \u20ac\/MWh (tabel hieronder).<\/p>\n<p><img decoding=\"async\" alt=\"\" p=\"\" src=\"\/wp-content\/uploads\/2021\/02\/post\/pv-arabie_0.png\" style=\"width: 580px; height: 378px;\"><\/p>\n<h2>De zon aan 43.9 \u20ac\/MWh in Duitsland<\/h2>\n<p>In Duitsland &#8211; nochtans minder zonnig dan Saoedi-Arabi\u00eb \u2013 is de daling heel duidelijk en het record staat op 43,9 \u20ac\/MWh met een gemiddelde prijs van minder dan 50 \u20ac\/MWh voor alle 222MW die in oktober 2017 werd verleend .<\/p>\n<p>We hebben geen gelijkaardige cijfers voor Belgi\u00eb, omdat het biedsysteem (nog?) niet operationeel is, maar we kennen dezelfde zonneschijn als Duitsland.<\/p>\n<h2>De wind? Nog minder duur op land &#8230;<\/h2>\n<p>In Argentini\u00eb werd, in november 2017, onshore-productie van windenergie verkocht aan 34 \u20ac\/MWh tijdens een aanbesteding (665 MW toegekend):<\/p>\n<p><img decoding=\"async\" alt=\"\" src=\"\/wp-content\/uploads\/2021\/02\/post\/bidsargentine.jpg\" style=\"width: 580px; height: 296px;\"><\/p>\n<p>Eind augustus heeft Duitsland, tijdens de tweede aanbesteding, gemiddeld 1.013 MW toegekend aan \u20ac 42.8\/MWh. Dit is een daling van 25% ten opzichte van de eerste aanbesteding die begin 2017 werd gelanceerd (zie ook ons artikel Is de Duitse energietransitie nog steeds voor de burger?).<\/p>\n<p>We hebben geen gelijkaardige cijfers voor Belgi\u00eb, omdat het aanbestedingssysteem (nog?) niet operationeel is.<\/p>\n<h2>Ook minder dure wind op zee&nbsp;<\/h2>\n<p>Ook de kosten van offshore windenergie daalden drastisch.<\/p>\n<p>In Duitsland is de prijs van offshore windenergie gedaald tot 60 \u20ac\/MWh in 20 jaar. Zonder rekening te houden met de 3 \u2018gratis\u2019 offshore windparken (verkocht aan \u20ac 0\/MWh dus zonder enige vorm van subsidie) die een commerci\u00eble transactie, een inzet op de toekomst en een unieke operatie zijn &nbsp;(zie onderstaande tabel).<\/p>\n<p><img decoding=\"async\" alt=\"\" src=\"\/wp-content\/uploads\/2021\/02\/post\/eolien-europe.jpg\" style=\"width: 580px; height: 268px;\"><\/p>\n<p>Offshore-windenergie is in Belg\u00eb de enige technologie die wordt geveild. De laatste concessies (2.716 MW) werden halverwege het jaar toegekend tegen een prijs van 79 \u20ac\/MWh. In vergelijking met de 138 \u20ac\/MWh die eerder werd toegekend in deze zone, is dit een daling van 43%.<\/p>\n<h2>Geconcentreerde zonne-energie ook concurrerentieel<\/h2>\n<p>Concentrerende zonne-energiecentrales, die zonnestralen opvangen om elektriciteit te produceren, braken ook een prijsrecord in 2017: de productiekosten werden gehalveerd in \u00e9\u00e9n jaar en bereikten ongeveer 40 \u20ac\/MWh.<\/p>\n<p>Deze technologie is mogelijk nog interessanter en winstgevender omdat het zorgt voor warmteopslag en dus elektriciteitsproductie gedurende 24 uur per dag, zelfs als er geen zon meer is, waardoor het een hogere economische waarde heeft dan zonne-energie.<\/p>\n<p>De kostprijs is echter sterk gecorreleerd met de zonneschijn (absolute noodzaak aan directe instraling). Deze centrales zijn daarom bijzonder relevant in Zuid-Europa en het Midden-Oosten. Spanje en de Verenigde Staten zijn leiders in deze markt.<\/p>\n<h2>Opmerkelijke energie\u00ebn<\/h2>\n<p>Deze cijfers zijn op verschillende manieren opmerkelijk:<\/p>\n<ul>\n<li>Ten eerste, als we, volgens de CREG, de Duitse cijfers omzetten naar Belgische niveaus, bereiken zonne- en onshore windenergie bijna concurrenti\u00eble niveaus met groothandelsprijzen in Belgi\u00eb, dat wil zeggen \u20ac 36,6\/MWh in 2016:<\/li>\n<\/ul>\n<p>&nbsp;<\/p>\n<p><img decoding=\"async\" alt=\"\" src=\"\/wp-content\/uploads\/2021\/02\/post\/creg.png\" style=\"width: 580px; height: 420px;\"><\/p>\n<ul>\n<li>Ten tweede, omdat deze constante neerwaartse trend 2 keer groter is dan de daling van de SPOT prijzen, wat de voorbode is van competitiviteit wat betreft de marktprijzen binnen 2 tot 3 jaar voor grondgebonden fotovolta\u00efsche zonne-energieinstallaties (zie afbeelding -hieronder).<\/li>\n<\/ul>\n<p><img decoding=\"async\" alt=\"\" src=\"\/wp-content\/uploads\/2021\/02\/post\/pv-allemand.png\" style=\"width: 580px; height: 367px;\"><\/p>\n<p><em><small>Gemiddelde Duitse PV tarieven\u2026 en prognoses (Observatie\/Prognoses)<\/small><\/em><\/p>\n<ul>\n<li>En ten slotte, als deze daling zich doorzet \u2013 tot zelfs maar tot 2025 &#8211; zullen de productiekosten van grondgebonden fotovolta\u00efsche zonne-energieproductie en wind op land lager zijn dan onze dierbare kernenergie (die we schatten op 20 \u20ac\/MWh), waarvan we de afgelopen afschrijving als troef naar voor schuift.<\/li>\n<\/ul>\n<p>&nbsp;<\/p>\n<p>We zien een aanzienlijke daling voor grondgebonden fotovolta\u00efsche zonne-energie (PV-untracked) en offshore windenergie de laatste 6 maanden en voor het concurrentievermogen van windenergie op land en fotovolta\u00efsche grond in vergelijking met andere productiemethodes.<\/p>\n<ul>\n<li>Midden 2017 publiceerde Bloomberg een grafiek over het concurrentievermogen van de verschillende energieproducties in EMEA (Europa, het Midden-Oosten en Afrika). APERe heeft deze grafiek, in oranje hieronder, bijgewerkt door de gemiddelde prijzen van eind 2017 te bekijken voor Belgi\u00eb in offshore windenergie en voor Duitsland in onshore zonne- en windenergie.<\/li>\n<\/ul>\n<p>&nbsp;<\/p>\n<p>We zien een aanzienlijke daling voor grondgebonden fotovolta\u00efsche zonne-energie (PV-untracked) en offshore windenergie de laatste 6 maanden en voor het concurrentievermogen van windenergie op land en fotovolta\u00efsche grond in vergelijking met andere productiemethodes.<\/p>\n<p><img decoding=\"async\" alt=\"\" src=\"\/wp-content\/uploads\/2021\/02\/post\/bloomberg.modifie.apere.jpg\" style=\"width: 580px; height: 315px;\"><\/p>\n<h2>En de toekomst?<\/h2>\n<p>Net zo min als de anderen, hebben we geen kristallen bol. Er zijn echter enkele elementen die ons doen geloven dat de productiekosten zullen blijven dalen.<\/p>\n<ul>\n<li>We zitten nog niet in de eindfase van de technologische ontwikkelingen in de fotovolta\u00efsche en windenergiesectoren. Er zullen er nog aanzienlijke besparingen komen zonder radicaal van technologie te veranderen. In offshore windenergie spreken we van turbines tot 13 tot 15 MW aan vermogen (tegenover 6 tot 7 MW vandaag) &#8230;<\/li>\n<li>De grote industri\u00eble spelers hebben (eindelijk) besloten om ervoor te gaan. Dit is \u00e9\u00e9n van de sleutelelementen van begin 2017: er worden momenteel zeer concurrenti\u00eble aanbiedingen ingediend op de markt voor hernieuwbare energie door de meer traditionele spelers zoals Engie, Enel, EDF en Total, om maar de meest bekende spelers in Europa op te noemen. Ze zijn goed ingeburgerd in meer traditionele producties en zijn het beste geplaatst om hun eigen concurrentie aan te gaan, hun eigen transformatie.<\/li>\n<li>De schaaleffecten, gekoppeld aan volwassen industrie\u00ebn, zijn nu duidelijk merkbaar.<\/li>\n<li>De beschikbare hoeveelheden zijn gigantisch! Sommige economische analyses voorspellen een toename van de kosten van hernieuwbare energie, door ervan uit te gaan dat de meest winstgevende bronnen als eerste worden opgepikt en dat de andere duurder zullen zijn. Maar als de redenering klopt over de logica van opslagenergie (olie, gas, biomassa, kernenergie), verliest het alle betekenis in de context van de stroomenergie (zon en wind) omdat de beschikbare hoeveelheden enorm en onuitputtelijk zijn. Ter herinnering, de aarde ontvangt meer dan 8000 keer zoveel energie als de mensheid verbruikt (illustratie hieronder).<\/li>\n<\/ul>\n<p>&nbsp;<\/p>\n<p><img decoding=\"async\" alt=\"\" src=\"\/wp-content\/uploads\/2021\/02\/post\/energies-humanite.png\" style=\"width: 580px; height: 454px;\"><\/p>\n<p><em><small>Jaarlijkse zonne-instraling op de continenten<\/small><\/em><\/p>\n<ul>\n<li>\n<h5>Resterend uranium<\/h5>\n<\/li>\n<li>\n<h5>Resterend aardgas<\/h5>\n<\/li>\n<li>\n<h5>Resterend aardolie<\/h5>\n<\/li>\n<li>\n<h5>Resterend steenkool<\/h5>\n<\/li>\n<li>\n<h5>Jaarlijkse globale consumptie<\/h5>\n<\/li>\n<\/ul>\n<p>&nbsp;<\/p>\n<ul>\n<li>Het vertrouwen in zonne- en windenergie neemt toe door de meer dan 20 jaar ervaring in deze sectoren. Sommige aanbestedingen maken afschrijvingsperiodes mogelijk tot 30 jaar (tot nu toe vaak beperkt tot 15 jaar), waardoor de productiekosten worden gespreid.<\/li>\n<li>Een steeds belangrijkere burgerparticipatie, in Europa en Belgi\u00eb (Coop\u00e9ratives \u00e0 la carte.be), geeft een positieve impuls en bevordert de keuze van pragmatische projecten die kwaliteit en winstgevendheid combineren.<\/li>\n<li>Het concurrentievermogen van zonne- en windenergie in vergelijking met hun eigen intermittentie. Er is niemand ontgaan dat er zijn tijden zijn zonder wind en zonder zon. Het is daarom duidelijk dat een elektrisch systeem dat hoofdzakelijk op deze bronnen is gebaseerd, aanpassingen nodig heeft. Terwijl sommige evoluties geen bijkomende kosten met zich meebrengen (wijziging in gewoontes door een nieuwe tariefstructuur, schrappen van kosten, &#8230;), er andere evoluties om investeringen vragen (batterij- of waterstofopslag, of zelfs synthetisch methaan &#8211; lees ons artikel Hoe Saudi-Arabi\u00eb ons morgen hernieuwbaar energie zou kunnen verkopen). Deze energie\u00ebn concurreren daarom met zichzelf en blijven een druk uitoefenen opdat de combinatie van productie- en opslagkosten (korte, middellange en lange termijn) competitiever blijft dan de huidige base loadproducties.<\/li>\n<\/ul>\n<h2>&#8220;Ja, maar moet men de verbeteringen op het net betalen!&#8221;&nbsp;Of niet &#8230;<\/h2>\n<p>We zouden er uitgebreid over kunnen discuteren maat het is een hol argument omdat het net in elk geval en ongeacht de productiekeuzes sowieso moet worden onderhouden en vernieuwd. Bovendien zijn overinvesteringen in verband met fysieke uitbreidingen van dit net misschien niet nodig, of ze kunnen zelfs worden gecompenseerd door nieuwe besparingen omdat:<\/p>\n<ul>\n<li>De toename van flexibele capaciteit (industrieel en residentieel) en opslag zouden moeten toelaten om de behoefte aan extra netcapaciteit te beheersen;<\/li>\n<li>De toekomstige verlaging van de productiekosten voor hernieuwbare energie gedeeltelijk een compensatie vormen voor mogelijke infrastructuuruitbreidingen.<\/li>\n<\/ul>\n<p>Maar we zullen dit niet doen, simpelweg omdat de netkosten (zoals de kosten van vast of gasvormig afval) niet worden doorgerekend aan andere traditionele productiemiddelen en de eerlijkheid ons gebied om geen appelen met peren te vergelijken.<\/p>\n<p>In beide gevallen is het net een onmisbaar element van ons technisch evenwicht op energiegebied en een solidariteitsaspect om te onderhouden (zie illustratie hieronder)<\/p>\n<p><img decoding=\"async\" alt=\"\" src=\"\/wp-content\/uploads\/2021\/02\/post\/ores.png\" style=\"width: 580px; height: 386px;\"><\/p>\n<h5>Samenstelling van een gemiddelde elektriciteitsfactuur (850 euro\/jaar): maart 2016<\/h5>\n<h5>Overheid: 40 % overheidsheffing en BTW<\/h5>\n<h5>Elia: 5 % transport<\/h5>\n<h5>ORES: 27 % distributie en ODV<\/h5>\n<h5>23,5 %<\/h5>\n<h5>3,5 % ODV<\/h5>\n<h5>Leverancier: 28 % energie<\/h5>\n<h5>Bron: ORES op basis van tariefschema\u2019s van de distributienetten en een offerte van leverancier Electrabel<\/h5>\n<p>&nbsp;<\/p>\n<p>En hoe te financieren? Dit is een beleidskeuze van de samenleving, het net kan gewoon worden gefinancierd aan de hand van onze belastingsaangifte als we dat willen. Deze vraag is niet automatisch gerelateerd aan productietechnologie\u00ebn, als we onszelf toestaan anders te denken dan &#8220;we hebben het altijd zo gedaan&#8221;.<\/p>\n<h2>De minst dure kiezen &#8230; of niet<\/h2>\n<p>Men dient te weten dat de toekomstige (?) nieuwe kerncentrale van Hinkley Point (Verenigd Koninkrijk) elektriciteit zal verkopen aan \u20ac 116\/MWh gedurende 35 jaar vanaf &#8230; 2027, als alles goed gaat \u2013 de bouwvertragingen en de kosten lopen al gedurende meerdere jaren verder op.<\/p>\n<p>Alle observaties tonen het ook aan: kernenergie is de enige technologie waarvan de kosten in de loop van de tijd alleen maar blijven toenemen.<\/p>\n<p>Sinds 2017 is \u00e9\u00e9n ding echter zeker: zonne- en windenergie zijn nu competitiever dan de conventionele producties.<\/p>\n","protected":false},"excerpt":{"rendered":"<p>We zitten vandaag op een scharniermoment dat ons heel snel naar een nieuwe energiewereld zal brengen. Zoals Renouvelle al beschreef was 2016 een scharnierjaar voor het elektrische voertuig (of het begin van het einde van de verbrandingsmotor). We maken vandaag een nieuwe balans op: 2017 werd gekenmerkt door een drastische daling van de productiekosten van fotovolta\u00efsche en windenergie, met prijsniveaus onder die van de traditionele energiebronnen \u2013 voor deze laatste begint de economische teruggang. In Belgi\u00eb willen sommige politieke partijen cijfers zien voordat ze zich bezighouden met een energiepact dat het mogelijk maakt, om onder meer, uit kernenergie te stappen (lees ons artikel het Energiepact: cijfers hernieuwbare energie in het voordeel). Wilde u cijfers zien? Hier zijn ze dan. De zon aan 15 \u20ac\/MWh In oktober 2017 brak fotovolta\u00efsche zonne-energie een wereldrecord tijdens een aanbesteding in Saoedi-Arabi\u00eb: de verkoopprijs van energie voor een niet-gesubsidieerde zonne-installatie daalde tot \u20ac 15,2\/MWh. Dit record werd vervolgens in november ge\u00ebvenaard in Chili, waar het laagste fotovolta\u00efsche bod \u20ac 15\/MWh bereikte. In Chili heeft werd op de veiling 600 MW verkocht aan gemiddeld 27,5 \u20ac\/MWh. In Saoedi-Arabi\u00eb werd het bod van 300 MW verkocht voor minder dan \u20ac 25\/MWh (voor 7 van de 8 loten). In Argentini\u00eb werd eind november meer dan 550 MW toegekend aan gemiddeld 35 \u20ac\/MWh (tabel hieronder). De zon aan 43.9 \u20ac\/MWh in Duitsland In Duitsland &#8211; nochtans minder zonnig dan Saoedi-Arabi\u00eb \u2013 is de daling heel duidelijk en het record staat op 43,9 \u20ac\/MWh met een gemiddelde prijs van minder dan 50 \u20ac\/MWh voor alle 222MW die in oktober 2017 werd verleend . We hebben geen gelijkaardige cijfers voor Belgi\u00eb, omdat het biedsysteem (nog?) niet operationeel is, maar we kennen dezelfde zonneschijn als Duitsland. De wind? Nog minder duur op &hellip; <a href=\"https:\/\/www.renouvelle.be\/nl\/2017-of-de-economische-zegetocht-van-zon-en-wind\/\" class=\"more-link\">Continue reading<span class=\"screen-reader-text\"> &#8220;2017 of de economische zegetocht van zon en wind&#8221;<\/span><\/a><\/p>\n","protected":false},"author":17,"featured_media":0,"comment_status":"open","ping_status":"open","sticky":false,"template":"","format":"standard","meta":{"_acf_changed":false,"footnotes":""},"categories":[33],"tags":[],"section":[43,40],"class_list":["post-4853","post","type-post","status-publish","format-standard","hentry","category-internationaal","section-zonnestroom","section-windenergie"],"acf":[],"yoast_head":"<!-- This site is optimized with the Yoast SEO plugin v27.5 - https:\/\/yoast.com\/product\/yoast-seo-wordpress\/ -->\n<title>2017 of de economische zegetocht van zon en wind - Hernieuws<\/title>\n<meta name=\"robots\" content=\"index, follow, max-snippet:-1, max-image-preview:large, max-video-preview:-1\" \/>\n<link rel=\"canonical\" href=\"https:\/\/www.renouvelle.be\/nl\/2017-of-de-economische-zegetocht-van-zon-en-wind\/\" \/>\n<meta property=\"og:locale\" content=\"nl_NL\" \/>\n<meta property=\"og:type\" content=\"article\" \/>\n<meta property=\"og:title\" content=\"2017 of de economische zegetocht van zon en wind - Hernieuws\" \/>\n<meta property=\"og:description\" content=\"We zitten vandaag op een scharniermoment dat ons heel snel naar een nieuwe energiewereld zal brengen. Zoals Renouvelle al beschreef was 2016 een scharnierjaar voor het elektrische voertuig (of het begin van het einde van de verbrandingsmotor). We maken vandaag een nieuwe balans op: 2017 werd gekenmerkt door een drastische daling van de productiekosten van fotovolta\u00efsche en windenergie, met prijsniveaus onder die van de traditionele energiebronnen \u2013 voor deze laatste begint de economische teruggang. In Belgi\u00eb willen sommige politieke partijen cijfers zien voordat ze zich bezighouden met een energiepact dat het mogelijk maakt, om onder meer, uit kernenergie te stappen (lees ons artikel het Energiepact: cijfers hernieuwbare energie in het voordeel). Wilde u cijfers zien? Hier zijn ze dan. De zon aan 15 \u20ac\/MWh In oktober 2017 brak fotovolta\u00efsche zonne-energie een wereldrecord tijdens een aanbesteding in Saoedi-Arabi\u00eb: de verkoopprijs van energie voor een niet-gesubsidieerde zonne-installatie daalde tot \u20ac 15,2\/MWh. Dit record werd vervolgens in november ge\u00ebvenaard in Chili, waar het laagste fotovolta\u00efsche bod \u20ac 15\/MWh bereikte. In Chili heeft werd op de veiling 600 MW verkocht aan gemiddeld 27,5 \u20ac\/MWh. In Saoedi-Arabi\u00eb werd het bod van 300 MW verkocht voor minder dan \u20ac 25\/MWh (voor 7 van de 8 loten). In Argentini\u00eb werd eind november meer dan 550 MW toegekend aan gemiddeld 35 \u20ac\/MWh (tabel hieronder). De zon aan 43.9 \u20ac\/MWh in Duitsland In Duitsland &#8211; nochtans minder zonnig dan Saoedi-Arabi\u00eb \u2013 is de daling heel duidelijk en het record staat op 43,9 \u20ac\/MWh met een gemiddelde prijs van minder dan 50 \u20ac\/MWh voor alle 222MW die in oktober 2017 werd verleend . We hebben geen gelijkaardige cijfers voor Belgi\u00eb, omdat het biedsysteem (nog?) niet operationeel is, maar we kennen dezelfde zonneschijn als Duitsland. De wind? Nog minder duur op &hellip; Continue reading &quot;2017 of de economische zegetocht van zon en wind&quot;\" \/>\n<meta property=\"og:url\" content=\"https:\/\/www.renouvelle.be\/nl\/2017-of-de-economische-zegetocht-van-zon-en-wind\/\" \/>\n<meta property=\"og:site_name\" content=\"Hernieuws\" \/>\n<meta property=\"article:published_time\" content=\"2017-12-19T18:14:56+00:00\" \/>\n<meta property=\"article:modified_time\" content=\"2021-02-18T07:29:12+00:00\" \/>\n<meta property=\"og:image\" content=\"https:\/\/www.renouvelle.be\/wp-content\/uploads\/2021\/02\/post\/pv-arabie_0.png\" \/>\n<meta name=\"author\" content=\"Benjamin WILKIN\" \/>\n<meta name=\"twitter:card\" content=\"summary_large_image\" \/>\n<script type=\"application\/ld+json\" class=\"yoast-schema-graph\">{\"@context\":\"https:\\\/\\\/schema.org\",\"@graph\":[{\"@type\":\"Article\",\"@id\":\"https:\\\/\\\/www.renouvelle.be\\\/nl\\\/2017-of-de-economische-zegetocht-van-zon-en-wind\\\/#article\",\"isPartOf\":{\"@id\":\"https:\\\/\\\/www.renouvelle.be\\\/nl\\\/2017-of-de-economische-zegetocht-van-zon-en-wind\\\/\"},\"author\":{\"name\":\"Benjamin WILKIN\",\"@id\":\"https:\\\/\\\/www.renouvelle.be\\\/fr\\\/#\\\/schema\\\/person\\\/20d41a25c5a48ee6500cc1a14288f058\"},\"headline\":\"2017 of de economische zegetocht van zon en wind\",\"datePublished\":\"2017-12-19T18:14:56+00:00\",\"dateModified\":\"2021-02-18T07:29:12+00:00\",\"mainEntityOfPage\":{\"@id\":\"https:\\\/\\\/www.renouvelle.be\\\/nl\\\/2017-of-de-economische-zegetocht-van-zon-en-wind\\\/\"},\"wordCount\":1605,\"commentCount\":0,\"articleSection\":[\"Internationaal\"],\"inLanguage\":\"nl-NL\",\"potentialAction\":[{\"@type\":\"CommentAction\",\"name\":\"Comment\",\"target\":[\"https:\\\/\\\/www.renouvelle.be\\\/nl\\\/2017-of-de-economische-zegetocht-van-zon-en-wind\\\/#respond\"]}]},{\"@type\":\"WebPage\",\"@id\":\"https:\\\/\\\/www.renouvelle.be\\\/nl\\\/2017-of-de-economische-zegetocht-van-zon-en-wind\\\/\",\"url\":\"https:\\\/\\\/www.renouvelle.be\\\/nl\\\/2017-of-de-economische-zegetocht-van-zon-en-wind\\\/\",\"name\":\"2017 of de economische zegetocht van zon en wind - Hernieuws\",\"isPartOf\":{\"@id\":\"https:\\\/\\\/www.renouvelle.be\\\/fr\\\/#website\"},\"datePublished\":\"2017-12-19T18:14:56+00:00\",\"dateModified\":\"2021-02-18T07:29:12+00:00\",\"author\":{\"@id\":\"https:\\\/\\\/www.renouvelle.be\\\/fr\\\/#\\\/schema\\\/person\\\/20d41a25c5a48ee6500cc1a14288f058\"},\"breadcrumb\":{\"@id\":\"https:\\\/\\\/www.renouvelle.be\\\/nl\\\/2017-of-de-economische-zegetocht-van-zon-en-wind\\\/#breadcrumb\"},\"inLanguage\":\"nl-NL\",\"potentialAction\":[{\"@type\":\"ReadAction\",\"target\":[\"https:\\\/\\\/www.renouvelle.be\\\/nl\\\/2017-of-de-economische-zegetocht-van-zon-en-wind\\\/\"]}]},{\"@type\":\"BreadcrumbList\",\"@id\":\"https:\\\/\\\/www.renouvelle.be\\\/nl\\\/2017-of-de-economische-zegetocht-van-zon-en-wind\\\/#breadcrumb\",\"itemListElement\":[{\"@type\":\"ListItem\",\"position\":1,\"name\":\"Accueil\",\"item\":\"https:\\\/\\\/www.renouvelle.be\\\/nl\\\/\"},{\"@type\":\"ListItem\",\"position\":2,\"name\":\"2017 of de economische zegetocht van zon en wind\"}]},{\"@type\":\"WebSite\",\"@id\":\"https:\\\/\\\/www.renouvelle.be\\\/fr\\\/#website\",\"url\":\"https:\\\/\\\/www.renouvelle.be\\\/fr\\\/\",\"name\":\"Hernieuws\",\"description\":\"Nieuws  over duurzame energie\",\"potentialAction\":[{\"@type\":\"SearchAction\",\"target\":{\"@type\":\"EntryPoint\",\"urlTemplate\":\"https:\\\/\\\/www.renouvelle.be\\\/fr\\\/?s={search_term_string}\"},\"query-input\":{\"@type\":\"PropertyValueSpecification\",\"valueRequired\":true,\"valueName\":\"search_term_string\"}}],\"inLanguage\":\"nl-NL\"},{\"@type\":\"Person\",\"@id\":\"https:\\\/\\\/www.renouvelle.be\\\/fr\\\/#\\\/schema\\\/person\\\/20d41a25c5a48ee6500cc1a14288f058\",\"name\":\"Benjamin WILKIN\",\"url\":\"https:\\\/\\\/www.renouvelle.be\\\/nl\\\/author\\\/benjaminwilkin\\\/\"}]}<\/script>\n<!-- \/ Yoast SEO plugin. -->","yoast_head_json":{"title":"2017 of de economische zegetocht van zon en wind - Hernieuws","robots":{"index":"index","follow":"follow","max-snippet":"max-snippet:-1","max-image-preview":"max-image-preview:large","max-video-preview":"max-video-preview:-1"},"canonical":"https:\/\/www.renouvelle.be\/nl\/2017-of-de-economische-zegetocht-van-zon-en-wind\/","og_locale":"nl_NL","og_type":"article","og_title":"2017 of de economische zegetocht van zon en wind - Hernieuws","og_description":"We zitten vandaag op een scharniermoment dat ons heel snel naar een nieuwe energiewereld zal brengen. Zoals Renouvelle al beschreef was 2016 een scharnierjaar voor het elektrische voertuig (of het begin van het einde van de verbrandingsmotor). We maken vandaag een nieuwe balans op: 2017 werd gekenmerkt door een drastische daling van de productiekosten van fotovolta\u00efsche en windenergie, met prijsniveaus onder die van de traditionele energiebronnen \u2013 voor deze laatste begint de economische teruggang. In Belgi\u00eb willen sommige politieke partijen cijfers zien voordat ze zich bezighouden met een energiepact dat het mogelijk maakt, om onder meer, uit kernenergie te stappen (lees ons artikel het Energiepact: cijfers hernieuwbare energie in het voordeel). Wilde u cijfers zien? Hier zijn ze dan. De zon aan 15 \u20ac\/MWh In oktober 2017 brak fotovolta\u00efsche zonne-energie een wereldrecord tijdens een aanbesteding in Saoedi-Arabi\u00eb: de verkoopprijs van energie voor een niet-gesubsidieerde zonne-installatie daalde tot \u20ac 15,2\/MWh. Dit record werd vervolgens in november ge\u00ebvenaard in Chili, waar het laagste fotovolta\u00efsche bod \u20ac 15\/MWh bereikte. In Chili heeft werd op de veiling 600 MW verkocht aan gemiddeld 27,5 \u20ac\/MWh. In Saoedi-Arabi\u00eb werd het bod van 300 MW verkocht voor minder dan \u20ac 25\/MWh (voor 7 van de 8 loten). In Argentini\u00eb werd eind november meer dan 550 MW toegekend aan gemiddeld 35 \u20ac\/MWh (tabel hieronder). De zon aan 43.9 \u20ac\/MWh in Duitsland In Duitsland &#8211; nochtans minder zonnig dan Saoedi-Arabi\u00eb \u2013 is de daling heel duidelijk en het record staat op 43,9 \u20ac\/MWh met een gemiddelde prijs van minder dan 50 \u20ac\/MWh voor alle 222MW die in oktober 2017 werd verleend . We hebben geen gelijkaardige cijfers voor Belgi\u00eb, omdat het biedsysteem (nog?) niet operationeel is, maar we kennen dezelfde zonneschijn als Duitsland. De wind? Nog minder duur op &hellip; Continue reading \"2017 of de economische zegetocht van zon en wind\"","og_url":"https:\/\/www.renouvelle.be\/nl\/2017-of-de-economische-zegetocht-van-zon-en-wind\/","og_site_name":"Hernieuws","article_published_time":"2017-12-19T18:14:56+00:00","article_modified_time":"2021-02-18T07:29:12+00:00","og_image":[{"url":"https:\/\/www.renouvelle.be\/wp-content\/uploads\/2021\/02\/post\/pv-arabie_0.png","type":"","width":"","height":""}],"author":"Benjamin WILKIN","twitter_card":"summary_large_image","schema":{"@context":"https:\/\/schema.org","@graph":[{"@type":"Article","@id":"https:\/\/www.renouvelle.be\/nl\/2017-of-de-economische-zegetocht-van-zon-en-wind\/#article","isPartOf":{"@id":"https:\/\/www.renouvelle.be\/nl\/2017-of-de-economische-zegetocht-van-zon-en-wind\/"},"author":{"name":"Benjamin WILKIN","@id":"https:\/\/www.renouvelle.be\/fr\/#\/schema\/person\/20d41a25c5a48ee6500cc1a14288f058"},"headline":"2017 of de economische zegetocht van zon en wind","datePublished":"2017-12-19T18:14:56+00:00","dateModified":"2021-02-18T07:29:12+00:00","mainEntityOfPage":{"@id":"https:\/\/www.renouvelle.be\/nl\/2017-of-de-economische-zegetocht-van-zon-en-wind\/"},"wordCount":1605,"commentCount":0,"articleSection":["Internationaal"],"inLanguage":"nl-NL","potentialAction":[{"@type":"CommentAction","name":"Comment","target":["https:\/\/www.renouvelle.be\/nl\/2017-of-de-economische-zegetocht-van-zon-en-wind\/#respond"]}]},{"@type":"WebPage","@id":"https:\/\/www.renouvelle.be\/nl\/2017-of-de-economische-zegetocht-van-zon-en-wind\/","url":"https:\/\/www.renouvelle.be\/nl\/2017-of-de-economische-zegetocht-van-zon-en-wind\/","name":"2017 of de economische zegetocht van zon en wind - Hernieuws","isPartOf":{"@id":"https:\/\/www.renouvelle.be\/fr\/#website"},"datePublished":"2017-12-19T18:14:56+00:00","dateModified":"2021-02-18T07:29:12+00:00","author":{"@id":"https:\/\/www.renouvelle.be\/fr\/#\/schema\/person\/20d41a25c5a48ee6500cc1a14288f058"},"breadcrumb":{"@id":"https:\/\/www.renouvelle.be\/nl\/2017-of-de-economische-zegetocht-van-zon-en-wind\/#breadcrumb"},"inLanguage":"nl-NL","potentialAction":[{"@type":"ReadAction","target":["https:\/\/www.renouvelle.be\/nl\/2017-of-de-economische-zegetocht-van-zon-en-wind\/"]}]},{"@type":"BreadcrumbList","@id":"https:\/\/www.renouvelle.be\/nl\/2017-of-de-economische-zegetocht-van-zon-en-wind\/#breadcrumb","itemListElement":[{"@type":"ListItem","position":1,"name":"Accueil","item":"https:\/\/www.renouvelle.be\/nl\/"},{"@type":"ListItem","position":2,"name":"2017 of de economische zegetocht van zon en wind"}]},{"@type":"WebSite","@id":"https:\/\/www.renouvelle.be\/fr\/#website","url":"https:\/\/www.renouvelle.be\/fr\/","name":"Hernieuws","description":"Nieuws  over duurzame energie","potentialAction":[{"@type":"SearchAction","target":{"@type":"EntryPoint","urlTemplate":"https:\/\/www.renouvelle.be\/fr\/?s={search_term_string}"},"query-input":{"@type":"PropertyValueSpecification","valueRequired":true,"valueName":"search_term_string"}}],"inLanguage":"nl-NL"},{"@type":"Person","@id":"https:\/\/www.renouvelle.be\/fr\/#\/schema\/person\/20d41a25c5a48ee6500cc1a14288f058","name":"Benjamin WILKIN","url":"https:\/\/www.renouvelle.be\/nl\/author\/benjaminwilkin\/"}]}},"_links":{"self":[{"href":"https:\/\/www.renouvelle.be\/nl\/wp-json\/wp\/v2\/posts\/4853","targetHints":{"allow":["GET"]}}],"collection":[{"href":"https:\/\/www.renouvelle.be\/nl\/wp-json\/wp\/v2\/posts"}],"about":[{"href":"https:\/\/www.renouvelle.be\/nl\/wp-json\/wp\/v2\/types\/post"}],"author":[{"embeddable":true,"href":"https:\/\/www.renouvelle.be\/nl\/wp-json\/wp\/v2\/users\/17"}],"replies":[{"embeddable":true,"href":"https:\/\/www.renouvelle.be\/nl\/wp-json\/wp\/v2\/comments?post=4853"}],"version-history":[{"count":1,"href":"https:\/\/www.renouvelle.be\/nl\/wp-json\/wp\/v2\/posts\/4853\/revisions"}],"predecessor-version":[{"id":4934,"href":"https:\/\/www.renouvelle.be\/nl\/wp-json\/wp\/v2\/posts\/4853\/revisions\/4934"}],"wp:attachment":[{"href":"https:\/\/www.renouvelle.be\/nl\/wp-json\/wp\/v2\/media?parent=4853"}],"wp:term":[{"taxonomy":"category","embeddable":true,"href":"https:\/\/www.renouvelle.be\/nl\/wp-json\/wp\/v2\/categories?post=4853"},{"taxonomy":"post_tag","embeddable":true,"href":"https:\/\/www.renouvelle.be\/nl\/wp-json\/wp\/v2\/tags?post=4853"},{"taxonomy":"section","embeddable":true,"href":"https:\/\/www.renouvelle.be\/nl\/wp-json\/wp\/v2\/section?post=4853"}],"curies":[{"name":"wp","href":"https:\/\/api.w.org\/{rel}","templated":true}]}}