{"id":15400,"date":"2025-06-26T09:38:59","date_gmt":"2025-06-26T07:38:59","guid":{"rendered":"https:\/\/www.renouvelle.be\/bilan-de-hydroelectricite-en-belgique-printemps-2025\/"},"modified":"2025-07-01T09:44:30","modified_gmt":"2025-07-01T07:44:30","slug":"bilan-de-hydroelectricite-en-belgique-printemps-2025","status":"publish","type":"post","link":"https:\/\/www.renouvelle.be\/nl\/bilan-de-hydroelectricite-en-belgique-printemps-2025\/","title":{"rendered":"Waterkrachtproductie in Belgi\u00eb: Lente 2025"},"content":{"rendered":"\n<p>Na acht opeenvolgende seizoenen met bovengemiddelde neerslag (van lente 2023 tot winter 2025), schakelde het Belgische klimaat over naar een droge periode.<\/p>\n\n\n\n<p>Tijdens de meteorologische lente (1 maart tot 31 mei) viel er slechts <a href=\"https:\/\/www.meteo.be\/resources\/climatology\/pdf\/klimatologisch_seizoenoverzicht_2025_S2.pdf\">54,4<\/a> mm neerslag \u2013 ver onder het seizoensgemiddelde van 165,6 mm. Enkel in 1893 viel er nog minder regen sinds het begin van de metingen in 1833.<\/p>\n\n\n\n<p>Deze droogte had een duidelijke impact op de waterkrachtproductie in Belgi\u00eb.<\/p>\n\n\n\n<p><strong>Waterkracht in Belgi\u00eb<\/strong><em><\/em><\/p>\n\n\n\n<p>Hoewel waterkracht deel uitmaakt van de Belgische energiemix, speelt het geen dominante rol. De ge\u00efnstalleerde capaciteit bedraagt ongeveer 180 MW, goed voor <a href=\"https:\/\/transparency.entsoe.eu\/generation\/r2\/installedGenerationCapacityAggregation\/show?name=&amp;defaultValue=false&amp;viewType=TABLE&amp;areaType=CTY&amp;atch=false&amp;dateTime.dateTime=01.01.2025+00:00|UTC|YEAR&amp;dateTime.endDateTime=01.01.2025+00:00|UTC|YEAR&amp;area.values=CTY|10YBE----------2!CTY|10YBE----------2&amp;productionType.values=B01&amp;productionType.values=B25&amp;productionType.values=B02&amp;productionType.values=B03&amp;productionType.values=B04&amp;productionType.values=B05&amp;productionType.values=B06&amp;productionType.values=B07&amp;productionType.values=B08&amp;productionType.values=B09&amp;productionType.values=B10&amp;productionType.values=B11&amp;productionType.values=B12&amp;productionType.values=B13&amp;productionType.values=B14&amp;productionType.values=B20&amp;productionType.values=B15&amp;productionType.values=B16&amp;productionType.values=B17&amp;productionType.values=B18&amp;productionType.values=B19\" target=\"_blank\" rel=\"noreferrer noopener\">438 GWh<\/a>&nbsp; in 2024 \u2013 het equivalent van het jaarlijkse verbruik van 125.000 gezinnen.<\/p>\n\n\n\n<p>De productie is sterk afhankelijk van de waterdebieten, en dus van de neerslag. In een gemiddeld jaar is de productie lager in de zomermaanden door de droogte. Dit wordt ge\u00efllustreerd in de onderstaande grafiek, die de gemiddelde maandelijkse productie toont van een representatieve groep Belgische <a href=\"https:\/\/www.renouvelle.be\/fr\/stockage-hydraulique-energie-renouvelable-surabondance\/\" target=\"_blank\" rel=\"noreferrer noopener\">waterkrachtcentrales<\/a> met een gezamenlijke capaciteit van 67 MW.<\/p>\n\n\n\n<figure class=\"wp-block-image size-large\"><img loading=\"lazy\" decoding=\"async\" width=\"1024\" height=\"506\" src=\"https:\/\/www.renouvelle.be\/wp-content\/uploads\/2025\/06\/graph-hydro-1024x506.png\" alt=\"\" class=\"wp-image-15404\" srcset=\"https:\/\/www.renouvelle.be\/wp-content\/uploads\/2025\/06\/graph-hydro-1024x506.png 1024w, https:\/\/www.renouvelle.be\/wp-content\/uploads\/2025\/06\/graph-hydro-300x148.png 300w, https:\/\/www.renouvelle.be\/wp-content\/uploads\/2025\/06\/graph-hydro-768x380.png 768w, https:\/\/www.renouvelle.be\/wp-content\/uploads\/2025\/06\/graph-hydro-1200x593.png 1200w, https:\/\/www.renouvelle.be\/wp-content\/uploads\/2025\/06\/graph-hydro.png 1224w\" sizes=\"auto, (max-width: 1024px) 100vw, 1024px\" \/><\/figure>\n\n\n\n<p>Gemiddeld behoren de lentemaanden tot de productievere helft van het jaar. De grafiek&nbsp;hieronder toont de productie in de lente van 2025 vergeleken met het historische gemiddelde.<a id=\"_msocom_1\"><\/a><\/p>\n\n\n<div class=\"wp-block-image\">\n<figure class=\"aligncenter size-large\"><img loading=\"lazy\" decoding=\"async\" width=\"1024\" height=\"608\" src=\"https:\/\/www.renouvelle.be\/wp-content\/uploads\/2025\/06\/graph-hydro2-1024x608.png\" alt=\"\" class=\"wp-image-15407\" srcset=\"https:\/\/www.renouvelle.be\/wp-content\/uploads\/2025\/06\/graph-hydro2-1024x608.png 1024w, https:\/\/www.renouvelle.be\/wp-content\/uploads\/2025\/06\/graph-hydro2-300x178.png 300w, https:\/\/www.renouvelle.be\/wp-content\/uploads\/2025\/06\/graph-hydro2-768x456.png 768w, https:\/\/www.renouvelle.be\/wp-content\/uploads\/2025\/06\/graph-hydro2.png 1090w\" sizes=\"auto, (max-width: 1024px) 100vw, 1024px\" \/><\/figure>\n<\/div>\n\n\n<p>Gemiddeld behoren de lentemaanden tot de productievere helft van het jaar. De <a>grafiek<\/a><a href=\"#_msocom_1\">[LC1]<\/a>&nbsp; hieronder toont de productie in de lente van 2025 vergeleken met het historische gemiddelde.<\/p>\n\n\n\n<p>Er is een zekere traagheid merkbaar: de productie in maart week niet sterk af van het gemiddelde, maar in april zakte ze tot de helft, en in mei zelfs tot een derde van het normale niveau.<\/p>\n\n\n\n<p>Ondanks deze daling was de impact op de Belgische energiemix beperkt. Het aandeel van waterkracht daalde van 0,7% in de lente van 2024 naar 0,2% in 2025.<\/p>\n\n\n\n<p>Het is belangrijk om te vermelden dat de gevolgen van de droogte&nbsp; verder dan energieproductie reiken. Ook de landbouwsector ondervindt zware hinder.<\/p>\n\n\n\n<p>Bekijk ook onze rapporten over <a href=\"https:\/\/www.renouvelle.be\/nl\/bilan-de-la-production-solaire-en-belgique-printemps-2025\/\" target=\"_blank\" rel=\"noreferrer noopener\">zonne-energie<\/a> en&nbsp;<a href=\"https:\/\/www.renouvelle.be\/nl\/bilan-de-la-production-eolienne-en-belgique-printemps-2025\/\" target=\"_blank\" rel=\"noreferrer noopener\">windenergie<\/a>.<\/p>\n\n\n\n<p><a id=\"_msocom_1\"><\/a><\/p>\n","protected":false},"excerpt":{"rendered":"<p>Na acht opeenvolgende seizoenen met bovengemiddelde neerslag (van lente 2023 tot winter 2025), schakelde het Belgische klimaat over naar een droge periode. Tijdens de meteorologische lente (1 maart tot 31 mei) viel er slechts 54,4 mm neerslag \u2013 ver onder het seizoensgemiddelde van 165,6 mm. Enkel in 1893 viel er nog minder regen sinds het begin van de metingen in 1833. Deze droogte had een duidelijke impact op de waterkrachtproductie in Belgi\u00eb. Waterkracht in Belgi\u00eb Hoewel waterkracht deel uitmaakt van de Belgische energiemix, speelt het geen dominante rol. De ge\u00efnstalleerde capaciteit bedraagt ongeveer 180 MW, goed voor 438 GWh&nbsp; in 2024 \u2013 het equivalent van het jaarlijkse verbruik van 125.000 gezinnen. De productie is sterk afhankelijk van de waterdebieten, en dus van de neerslag. In een gemiddeld jaar is de productie lager in de zomermaanden door de droogte. Dit wordt ge\u00efllustreerd in de onderstaande grafiek, die de gemiddelde maandelijkse productie toont van een representatieve groep Belgische waterkrachtcentrales met een gezamenlijke capaciteit van 67 MW. Gemiddeld behoren de lentemaanden tot de productievere helft van het jaar. De grafiek&nbsp;hieronder toont de productie in de lente van 2025 vergeleken met het historische gemiddelde. Gemiddeld behoren de lentemaanden tot de productievere helft van het jaar. De grafiek[LC1]&nbsp; hieronder toont de productie in de lente van 2025 vergeleken met het historische gemiddelde. Er is een zekere traagheid merkbaar: de productie in maart week niet sterk af van het gemiddelde, maar in april zakte ze tot de helft, en in mei zelfs tot een derde van het normale niveau. Ondanks deze daling was de impact op de Belgische energiemix beperkt. Het aandeel van waterkracht daalde van 0,7% in de lente van 2024 naar 0,2% in 2025. Het is belangrijk om te vermelden dat de gevolgen van &hellip; <a href=\"https:\/\/www.renouvelle.be\/nl\/bilan-de-hydroelectricite-en-belgique-printemps-2025\/\" class=\"more-link\">Continue reading<span class=\"screen-reader-text\"> &#8220;Waterkrachtproductie in Belgi\u00eb: Lente 2025&#8221;<\/span><\/a><\/p>\n","protected":false},"author":40,"featured_media":15313,"comment_status":"closed","ping_status":"closed","sticky":false,"template":"","format":"standard","meta":{"_acf_changed":false,"footnotes":""},"categories":[31],"tags":[],"section":[42],"class_list":["post-15400","post","type-post","status-publish","format-standard","has-post-thumbnail","hentry","category-nieuws","section-waterkracht"],"acf":[],"yoast_head":"<!-- This site is optimized with the Yoast SEO plugin v27.4 - https:\/\/yoast.com\/product\/yoast-seo-wordpress\/ -->\n<title>Waterkrachtproductie in Belgi\u00eb: Lente 2025 - Hernieuws<\/title>\n<meta name=\"description\" content=\"Dit voorjaar viel er bijzonder weinig regen. Wat betekende dat voor de productie van Belgische waterkrachtcentrales?\" \/>\n<meta name=\"robots\" content=\"index, follow, max-snippet:-1, max-image-preview:large, max-video-preview:-1\" \/>\n<link rel=\"canonical\" href=\"https:\/\/www.renouvelle.be\/nl\/bilan-de-hydroelectricite-en-belgique-printemps-2025\/\" \/>\n<meta property=\"og:locale\" content=\"nl_NL\" \/>\n<meta property=\"og:type\" content=\"article\" \/>\n<meta property=\"og:title\" content=\"Waterkrachtproductie in Belgi\u00eb: Lente 2025 - Hernieuws\" \/>\n<meta property=\"og:description\" content=\"Dit voorjaar viel er bijzonder weinig regen. Wat betekende dat voor de productie van Belgische waterkrachtcentrales?\" \/>\n<meta property=\"og:url\" content=\"https:\/\/www.renouvelle.be\/nl\/bilan-de-hydroelectricite-en-belgique-printemps-2025\/\" \/>\n<meta property=\"og:site_name\" content=\"Hernieuws\" \/>\n<meta property=\"article:published_time\" content=\"2025-06-26T07:38:59+00:00\" \/>\n<meta property=\"article:modified_time\" content=\"2025-07-01T07:44:30+00:00\" \/>\n<meta property=\"og:image\" content=\"https:\/\/www.renouvelle.be\/wp-content\/uploads\/2025\/06\/iStock-1322319349-e1750426730257.jpg\" \/>\n\t<meta property=\"og:image:width\" content=\"2000\" \/>\n\t<meta property=\"og:image:height\" content=\"1500\" \/>\n\t<meta property=\"og:image:type\" content=\"image\/jpeg\" \/>\n<meta name=\"author\" content=\"Mathieu Petitjean\" \/>\n<meta name=\"twitter:card\" content=\"summary_large_image\" \/>\n<script type=\"application\/ld+json\" class=\"yoast-schema-graph\">{\"@context\":\"https:\\\/\\\/schema.org\",\"@graph\":[{\"@type\":\"Article\",\"@id\":\"https:\\\/\\\/www.renouvelle.be\\\/nl\\\/bilan-de-hydroelectricite-en-belgique-printemps-2025\\\/#article\",\"isPartOf\":{\"@id\":\"https:\\\/\\\/www.renouvelle.be\\\/nl\\\/bilan-de-hydroelectricite-en-belgique-printemps-2025\\\/\"},\"author\":{\"name\":\"Mathieu Petitjean\",\"@id\":\"https:\\\/\\\/www.renouvelle.be\\\/fr\\\/#\\\/schema\\\/person\\\/0458f628084e1c95c296c1f5b9fcf7c2\"},\"headline\":\"Waterkrachtproductie in Belgi\u00eb: Lente 2025\",\"datePublished\":\"2025-06-26T07:38:59+00:00\",\"dateModified\":\"2025-07-01T07:44:30+00:00\",\"mainEntityOfPage\":{\"@id\":\"https:\\\/\\\/www.renouvelle.be\\\/nl\\\/bilan-de-hydroelectricite-en-belgique-printemps-2025\\\/\"},\"wordCount\":302,\"image\":{\"@id\":\"https:\\\/\\\/www.renouvelle.be\\\/nl\\\/bilan-de-hydroelectricite-en-belgique-printemps-2025\\\/#primaryimage\"},\"thumbnailUrl\":\"https:\\\/\\\/www.renouvelle.be\\\/wp-content\\\/uploads\\\/2025\\\/06\\\/iStock-1322319349-e1750426730257.jpg\",\"articleSection\":[\"Nieuws\"],\"inLanguage\":\"nl-NL\"},{\"@type\":\"WebPage\",\"@id\":\"https:\\\/\\\/www.renouvelle.be\\\/nl\\\/bilan-de-hydroelectricite-en-belgique-printemps-2025\\\/\",\"url\":\"https:\\\/\\\/www.renouvelle.be\\\/nl\\\/bilan-de-hydroelectricite-en-belgique-printemps-2025\\\/\",\"name\":\"Waterkrachtproductie in Belgi\u00eb: Lente 2025 - Hernieuws\",\"isPartOf\":{\"@id\":\"https:\\\/\\\/www.renouvelle.be\\\/fr\\\/#website\"},\"primaryImageOfPage\":{\"@id\":\"https:\\\/\\\/www.renouvelle.be\\\/nl\\\/bilan-de-hydroelectricite-en-belgique-printemps-2025\\\/#primaryimage\"},\"image\":{\"@id\":\"https:\\\/\\\/www.renouvelle.be\\\/nl\\\/bilan-de-hydroelectricite-en-belgique-printemps-2025\\\/#primaryimage\"},\"thumbnailUrl\":\"https:\\\/\\\/www.renouvelle.be\\\/wp-content\\\/uploads\\\/2025\\\/06\\\/iStock-1322319349-e1750426730257.jpg\",\"datePublished\":\"2025-06-26T07:38:59+00:00\",\"dateModified\":\"2025-07-01T07:44:30+00:00\",\"author\":{\"@id\":\"https:\\\/\\\/www.renouvelle.be\\\/fr\\\/#\\\/schema\\\/person\\\/0458f628084e1c95c296c1f5b9fcf7c2\"},\"description\":\"Dit voorjaar viel er bijzonder weinig regen. Wat betekende dat voor de productie van Belgische waterkrachtcentrales?\",\"breadcrumb\":{\"@id\":\"https:\\\/\\\/www.renouvelle.be\\\/nl\\\/bilan-de-hydroelectricite-en-belgique-printemps-2025\\\/#breadcrumb\"},\"inLanguage\":\"nl-NL\",\"potentialAction\":[{\"@type\":\"ReadAction\",\"target\":[\"https:\\\/\\\/www.renouvelle.be\\\/nl\\\/bilan-de-hydroelectricite-en-belgique-printemps-2025\\\/\"]}]},{\"@type\":\"ImageObject\",\"inLanguage\":\"nl-NL\",\"@id\":\"https:\\\/\\\/www.renouvelle.be\\\/nl\\\/bilan-de-hydroelectricite-en-belgique-printemps-2025\\\/#primaryimage\",\"url\":\"https:\\\/\\\/www.renouvelle.be\\\/wp-content\\\/uploads\\\/2025\\\/06\\\/iStock-1322319349-e1750426730257.jpg\",\"contentUrl\":\"https:\\\/\\\/www.renouvelle.be\\\/wp-content\\\/uploads\\\/2025\\\/06\\\/iStock-1322319349-e1750426730257.jpg\",\"width\":2000,\"height\":1500,\"caption\":\"Forest and mountains in distance\"},{\"@type\":\"BreadcrumbList\",\"@id\":\"https:\\\/\\\/www.renouvelle.be\\\/nl\\\/bilan-de-hydroelectricite-en-belgique-printemps-2025\\\/#breadcrumb\",\"itemListElement\":[{\"@type\":\"ListItem\",\"position\":1,\"name\":\"Accueil\",\"item\":\"https:\\\/\\\/www.renouvelle.be\\\/nl\\\/\"},{\"@type\":\"ListItem\",\"position\":2,\"name\":\"Waterkrachtproductie in Belgi\u00eb: Lente 2025\"}]},{\"@type\":\"WebSite\",\"@id\":\"https:\\\/\\\/www.renouvelle.be\\\/fr\\\/#website\",\"url\":\"https:\\\/\\\/www.renouvelle.be\\\/fr\\\/\",\"name\":\"Hernieuws\",\"description\":\"Nieuws  over duurzame energie\",\"potentialAction\":[{\"@type\":\"SearchAction\",\"target\":{\"@type\":\"EntryPoint\",\"urlTemplate\":\"https:\\\/\\\/www.renouvelle.be\\\/fr\\\/?s={search_term_string}\"},\"query-input\":{\"@type\":\"PropertyValueSpecification\",\"valueRequired\":true,\"valueName\":\"search_term_string\"}}],\"inLanguage\":\"nl-NL\"},{\"@type\":\"Person\",\"@id\":\"https:\\\/\\\/www.renouvelle.be\\\/fr\\\/#\\\/schema\\\/person\\\/0458f628084e1c95c296c1f5b9fcf7c2\",\"name\":\"Mathieu Petitjean\",\"url\":\"https:\\\/\\\/www.renouvelle.be\\\/nl\\\/author\\\/mathieu-petitjean\\\/\"}]}<\/script>\n<!-- \/ Yoast SEO plugin. -->","yoast_head_json":{"title":"Waterkrachtproductie in Belgi\u00eb: Lente 2025 - Hernieuws","description":"Dit voorjaar viel er bijzonder weinig regen. Wat betekende dat voor de productie van Belgische waterkrachtcentrales?","robots":{"index":"index","follow":"follow","max-snippet":"max-snippet:-1","max-image-preview":"max-image-preview:large","max-video-preview":"max-video-preview:-1"},"canonical":"https:\/\/www.renouvelle.be\/nl\/bilan-de-hydroelectricite-en-belgique-printemps-2025\/","og_locale":"nl_NL","og_type":"article","og_title":"Waterkrachtproductie in Belgi\u00eb: Lente 2025 - Hernieuws","og_description":"Dit voorjaar viel er bijzonder weinig regen. Wat betekende dat voor de productie van Belgische waterkrachtcentrales?","og_url":"https:\/\/www.renouvelle.be\/nl\/bilan-de-hydroelectricite-en-belgique-printemps-2025\/","og_site_name":"Hernieuws","article_published_time":"2025-06-26T07:38:59+00:00","article_modified_time":"2025-07-01T07:44:30+00:00","og_image":[{"width":2000,"height":1500,"url":"https:\/\/www.renouvelle.be\/wp-content\/uploads\/2025\/06\/iStock-1322319349-e1750426730257.jpg","type":"image\/jpeg"}],"author":"Mathieu Petitjean","twitter_card":"summary_large_image","schema":{"@context":"https:\/\/schema.org","@graph":[{"@type":"Article","@id":"https:\/\/www.renouvelle.be\/nl\/bilan-de-hydroelectricite-en-belgique-printemps-2025\/#article","isPartOf":{"@id":"https:\/\/www.renouvelle.be\/nl\/bilan-de-hydroelectricite-en-belgique-printemps-2025\/"},"author":{"name":"Mathieu Petitjean","@id":"https:\/\/www.renouvelle.be\/fr\/#\/schema\/person\/0458f628084e1c95c296c1f5b9fcf7c2"},"headline":"Waterkrachtproductie in Belgi\u00eb: Lente 2025","datePublished":"2025-06-26T07:38:59+00:00","dateModified":"2025-07-01T07:44:30+00:00","mainEntityOfPage":{"@id":"https:\/\/www.renouvelle.be\/nl\/bilan-de-hydroelectricite-en-belgique-printemps-2025\/"},"wordCount":302,"image":{"@id":"https:\/\/www.renouvelle.be\/nl\/bilan-de-hydroelectricite-en-belgique-printemps-2025\/#primaryimage"},"thumbnailUrl":"https:\/\/www.renouvelle.be\/wp-content\/uploads\/2025\/06\/iStock-1322319349-e1750426730257.jpg","articleSection":["Nieuws"],"inLanguage":"nl-NL"},{"@type":"WebPage","@id":"https:\/\/www.renouvelle.be\/nl\/bilan-de-hydroelectricite-en-belgique-printemps-2025\/","url":"https:\/\/www.renouvelle.be\/nl\/bilan-de-hydroelectricite-en-belgique-printemps-2025\/","name":"Waterkrachtproductie in Belgi\u00eb: Lente 2025 - Hernieuws","isPartOf":{"@id":"https:\/\/www.renouvelle.be\/fr\/#website"},"primaryImageOfPage":{"@id":"https:\/\/www.renouvelle.be\/nl\/bilan-de-hydroelectricite-en-belgique-printemps-2025\/#primaryimage"},"image":{"@id":"https:\/\/www.renouvelle.be\/nl\/bilan-de-hydroelectricite-en-belgique-printemps-2025\/#primaryimage"},"thumbnailUrl":"https:\/\/www.renouvelle.be\/wp-content\/uploads\/2025\/06\/iStock-1322319349-e1750426730257.jpg","datePublished":"2025-06-26T07:38:59+00:00","dateModified":"2025-07-01T07:44:30+00:00","author":{"@id":"https:\/\/www.renouvelle.be\/fr\/#\/schema\/person\/0458f628084e1c95c296c1f5b9fcf7c2"},"description":"Dit voorjaar viel er bijzonder weinig regen. Wat betekende dat voor de productie van Belgische waterkrachtcentrales?","breadcrumb":{"@id":"https:\/\/www.renouvelle.be\/nl\/bilan-de-hydroelectricite-en-belgique-printemps-2025\/#breadcrumb"},"inLanguage":"nl-NL","potentialAction":[{"@type":"ReadAction","target":["https:\/\/www.renouvelle.be\/nl\/bilan-de-hydroelectricite-en-belgique-printemps-2025\/"]}]},{"@type":"ImageObject","inLanguage":"nl-NL","@id":"https:\/\/www.renouvelle.be\/nl\/bilan-de-hydroelectricite-en-belgique-printemps-2025\/#primaryimage","url":"https:\/\/www.renouvelle.be\/wp-content\/uploads\/2025\/06\/iStock-1322319349-e1750426730257.jpg","contentUrl":"https:\/\/www.renouvelle.be\/wp-content\/uploads\/2025\/06\/iStock-1322319349-e1750426730257.jpg","width":2000,"height":1500,"caption":"Forest and mountains in distance"},{"@type":"BreadcrumbList","@id":"https:\/\/www.renouvelle.be\/nl\/bilan-de-hydroelectricite-en-belgique-printemps-2025\/#breadcrumb","itemListElement":[{"@type":"ListItem","position":1,"name":"Accueil","item":"https:\/\/www.renouvelle.be\/nl\/"},{"@type":"ListItem","position":2,"name":"Waterkrachtproductie in Belgi\u00eb: Lente 2025"}]},{"@type":"WebSite","@id":"https:\/\/www.renouvelle.be\/fr\/#website","url":"https:\/\/www.renouvelle.be\/fr\/","name":"Hernieuws","description":"Nieuws  over duurzame energie","potentialAction":[{"@type":"SearchAction","target":{"@type":"EntryPoint","urlTemplate":"https:\/\/www.renouvelle.be\/fr\/?s={search_term_string}"},"query-input":{"@type":"PropertyValueSpecification","valueRequired":true,"valueName":"search_term_string"}}],"inLanguage":"nl-NL"},{"@type":"Person","@id":"https:\/\/www.renouvelle.be\/fr\/#\/schema\/person\/0458f628084e1c95c296c1f5b9fcf7c2","name":"Mathieu Petitjean","url":"https:\/\/www.renouvelle.be\/nl\/author\/mathieu-petitjean\/"}]}},"_links":{"self":[{"href":"https:\/\/www.renouvelle.be\/nl\/wp-json\/wp\/v2\/posts\/15400","targetHints":{"allow":["GET"]}}],"collection":[{"href":"https:\/\/www.renouvelle.be\/nl\/wp-json\/wp\/v2\/posts"}],"about":[{"href":"https:\/\/www.renouvelle.be\/nl\/wp-json\/wp\/v2\/types\/post"}],"author":[{"embeddable":true,"href":"https:\/\/www.renouvelle.be\/nl\/wp-json\/wp\/v2\/users\/40"}],"replies":[{"embeddable":true,"href":"https:\/\/www.renouvelle.be\/nl\/wp-json\/wp\/v2\/comments?post=15400"}],"version-history":[{"count":2,"href":"https:\/\/www.renouvelle.be\/nl\/wp-json\/wp\/v2\/posts\/15400\/revisions"}],"predecessor-version":[{"id":15409,"href":"https:\/\/www.renouvelle.be\/nl\/wp-json\/wp\/v2\/posts\/15400\/revisions\/15409"}],"wp:featuredmedia":[{"embeddable":true,"href":"https:\/\/www.renouvelle.be\/nl\/wp-json\/wp\/v2\/media\/15313"}],"wp:attachment":[{"href":"https:\/\/www.renouvelle.be\/nl\/wp-json\/wp\/v2\/media?parent=15400"}],"wp:term":[{"taxonomy":"category","embeddable":true,"href":"https:\/\/www.renouvelle.be\/nl\/wp-json\/wp\/v2\/categories?post=15400"},{"taxonomy":"post_tag","embeddable":true,"href":"https:\/\/www.renouvelle.be\/nl\/wp-json\/wp\/v2\/tags?post=15400"},{"taxonomy":"section","embeddable":true,"href":"https:\/\/www.renouvelle.be\/nl\/wp-json\/wp\/v2\/section?post=15400"}],"curies":[{"name":"wp","href":"https:\/\/api.w.org\/{rel}","templated":true}]}}