{"id":15386,"date":"2025-06-26T09:40:32","date_gmt":"2025-06-26T07:40:32","guid":{"rendered":"https:\/\/www.renouvelle.be\/bilan-de-la-production-solaire-en-belgique-printemps-2025\/"},"modified":"2025-06-30T16:38:01","modified_gmt":"2025-06-30T14:38:01","slug":"bilan-de-la-production-solaire-en-belgique-printemps-2025","status":"publish","type":"post","link":"https:\/\/www.renouvelle.be\/nl\/bilan-de-la-production-solaire-en-belgique-printemps-2025\/","title":{"rendered":"Zonne-energieproductie in Belgi\u00eb: Lente 2025"},"content":{"rendered":"\n<p>Het voorjaar van 2025 werd vooral gekenmerkt door aanhoudende droogte en uitzonderlijk veel zonneschijn. Zowel maart als april kenden slechts twee jaren met meer zonuren binnen de huidige referentieperiode.<\/p>\n\n\n\n<p>Volgens de metingen was dit <a href=\"https:\/\/www.meteo.be\/resources\/climatology\/pdf\/klimatologisch_seizoenoverzicht_2025_S2.pdf\">voorjaar<\/a> het derde zonnigste sinds het begin van de waarnemingen in 1887. In totaal scheen de zon 688 uur en 35 minuten. Die zonneschijn vertaalde zich in een aanzienlijke hoeveelheid opgewekte zonne-energie.<\/p>\n\n\n\n<h2 class=\"wp-block-heading\"><strong><strong>Fotovolta\u00efsche lente : seizoen 2025<\/strong><\/strong><\/h2>\n\n\n\n<p>Tussen 1 maart en 31 mei 2025 produceerden zonnepanelen in Belgi\u00eb iets meer dan 3,5 TWh elektriciteit. Dat is meer dan de helft van alle hernieuwbare elektriciteitsbronnen samen.<\/p>\n\n\n<div class=\"wp-block-image\">\n<figure class=\"aligncenter size-full is-resized\"><img loading=\"lazy\" decoding=\"async\" width=\"607\" height=\"453\" src=\"https:\/\/www.renouvelle.be\/wp-content\/uploads\/2025\/06\/bilan-solaire-01.png\" alt=\"\" class=\"wp-image-15387\" style=\"width:522px;height:auto\" srcset=\"https:\/\/www.renouvelle.be\/wp-content\/uploads\/2025\/06\/bilan-solaire-01.png 607w, https:\/\/www.renouvelle.be\/wp-content\/uploads\/2025\/06\/bilan-solaire-01-300x224.png 300w\" sizes=\"auto, (max-width: 607px) 100vw, 607px\" \/><\/figure>\n<\/div>\n\n\n<p>Hoe verhoudt zich dat tot vorige jaren? Eerst kijken we naar de productiviteit van zonnepanelen : de hoeveelheid opgewekte energie per ge\u00efnstalleerd vermogen. &nbsp;Zo kunnen we prestaties vergelijken, ongeacht de grootte van een installatie.<\/p>\n\n\n\n<p>Zoals de onderstaande grafiek\u00a0toont, lag de productiviteit in de drie lentemaanden ongeveer 20% hoger dan het historische gemiddelde (2009\u20132024). <\/p>\n\n\n\n<p><a id=\"_msocom_1\"><\/a><\/p>\n\n\n<div class=\"wp-block-image\">\n<figure class=\"aligncenter size-full\"><img loading=\"lazy\" decoding=\"async\" width=\"673\" height=\"445\" src=\"https:\/\/www.renouvelle.be\/wp-content\/uploads\/2025\/06\/bilan-solaire-02.png\" alt=\"\" class=\"wp-image-15391\" srcset=\"https:\/\/www.renouvelle.be\/wp-content\/uploads\/2025\/06\/bilan-solaire-02.png 673w, https:\/\/www.renouvelle.be\/wp-content\/uploads\/2025\/06\/bilan-solaire-02-300x198.png 300w, https:\/\/www.renouvelle.be\/wp-content\/uploads\/2025\/06\/bilan-solaire-02-100x65.png 100w\" sizes=\"auto, (max-width: 673px) 100vw, 673px\" \/><\/figure>\n<\/div>\n\n\n<p>Maart was de vijfde meest productieve maand sinds het begin van de metingen, terwijl april en mei vergelijkbare prestaties neerzetten als recordjaar 2020, wat resulteert in de op \u00e9\u00e9n na hoogste waarde ooit gemeten.<\/p>\n\n\n\n<p>Hoewel de productiviteit in 2025 iets lager lag dan in 2020, is het ge\u00efnstalleerde vermogen in Belgi\u00eb intussen gestegen van 6,4 GWp naar 11,7 GWp. De brutoproductie ligt dus aanzienlijk hoger.<\/p>\n\n\n\n<p>Voor meer details, bekijk de interactieve grafieken van Hernieuws en Energie Commune <a href=\"https:\/\/www.renouvelle.be\/nl\/electricite-renouvelable\/\">hier<\/a>.<\/p>\n\n\n\n<p>Lees ook onze rapporten over windenergie\u00a0en waterkracht.<\/p>\n\n\n\n<p><a id=\"_msocom_1\"><\/a><\/p>\n","protected":false},"excerpt":{"rendered":"<p>Het voorjaar van 2025 werd vooral gekenmerkt door aanhoudende droogte en uitzonderlijk veel zonneschijn. Zowel maart als april kenden slechts twee jaren met meer zonuren binnen de huidige referentieperiode. Volgens de metingen was dit voorjaar het derde zonnigste sinds het begin van de waarnemingen in 1887. In totaal scheen de zon 688 uur en 35 minuten. Die zonneschijn vertaalde zich in een aanzienlijke hoeveelheid opgewekte zonne-energie. Fotovolta\u00efsche lente : seizoen 2025 Tussen 1 maart en 31 mei 2025 produceerden zonnepanelen in Belgi\u00eb iets meer dan 3,5 TWh elektriciteit. Dat is meer dan de helft van alle hernieuwbare elektriciteitsbronnen samen. Hoe verhoudt zich dat tot vorige jaren? Eerst kijken we naar de productiviteit van zonnepanelen : de hoeveelheid opgewekte energie per ge\u00efnstalleerd vermogen. &nbsp;Zo kunnen we prestaties vergelijken, ongeacht de grootte van een installatie. Zoals de onderstaande grafiek\u00a0toont, lag de productiviteit in de drie lentemaanden ongeveer 20% hoger dan het historische gemiddelde (2009\u20132024). Maart was de vijfde meest productieve maand sinds het begin van de metingen, terwijl april en mei vergelijkbare prestaties neerzetten als recordjaar 2020, wat resulteert in de op \u00e9\u00e9n na hoogste waarde ooit gemeten. Hoewel de productiviteit in 2025 iets lager lag dan in 2020, is het ge\u00efnstalleerde vermogen in Belgi\u00eb intussen gestegen van 6,4 GWp naar 11,7 GWp. De brutoproductie ligt dus aanzienlijk hoger. Voor meer details, bekijk de interactieve grafieken van Hernieuws en Energie Commune hier. Lees ook onze rapporten over windenergie\u00a0en waterkracht.<\/p>\n","protected":false},"author":40,"featured_media":15324,"comment_status":"closed","ping_status":"closed","sticky":false,"template":"","format":"standard","meta":{"_acf_changed":false,"footnotes":""},"categories":[31,32],"tags":[],"section":[39,43],"class_list":["post-15386","post","type-post","status-publish","format-standard","has-post-thumbnail","hentry","category-nieuws","category-in-belgie","section-hernieuwbare-energie","section-zonnestroom"],"acf":[],"yoast_head":"<!-- This site is optimized with the Yoast SEO plugin v27.5 - https:\/\/yoast.com\/product\/yoast-seo-wordpress\/ -->\n<title>Zonne-energieproductie in Belgi\u00eb: Lente 2025 - Hernieuws<\/title>\n<meta name=\"description\" content=\"De lente van 2025 was uitzonderlijk droog en opvallend zonnig. Wat betekende dat voor de Belgische zonne-energieproductie?\" \/>\n<meta name=\"robots\" content=\"index, follow, max-snippet:-1, max-image-preview:large, max-video-preview:-1\" \/>\n<link rel=\"canonical\" href=\"https:\/\/www.renouvelle.be\/nl\/bilan-de-la-production-solaire-en-belgique-printemps-2025\/\" \/>\n<meta property=\"og:locale\" content=\"nl_NL\" \/>\n<meta property=\"og:type\" content=\"article\" \/>\n<meta property=\"og:title\" content=\"Zonne-energieproductie in Belgi\u00eb: Lente 2025 - Hernieuws\" \/>\n<meta property=\"og:description\" content=\"De lente van 2025 was uitzonderlijk droog en opvallend zonnig. Wat betekende dat voor de Belgische zonne-energieproductie?\" \/>\n<meta property=\"og:url\" content=\"https:\/\/www.renouvelle.be\/nl\/bilan-de-la-production-solaire-en-belgique-printemps-2025\/\" \/>\n<meta property=\"og:site_name\" content=\"Hernieuws\" \/>\n<meta property=\"article:published_time\" content=\"2025-06-26T07:40:32+00:00\" \/>\n<meta property=\"article:modified_time\" content=\"2025-06-30T14:38:01+00:00\" \/>\n<meta property=\"og:image\" content=\"https:\/\/www.renouvelle.be\/wp-content\/uploads\/2025\/06\/AdobeStock_354953099-scaled-e1750430467517.jpeg\" \/>\n\t<meta property=\"og:image:width\" content=\"2560\" \/>\n\t<meta property=\"og:image:height\" content=\"1703\" \/>\n\t<meta property=\"og:image:type\" content=\"image\/jpeg\" \/>\n<meta name=\"author\" content=\"Mathieu Petitjean\" \/>\n<meta name=\"twitter:card\" content=\"summary_large_image\" \/>\n<script type=\"application\/ld+json\" class=\"yoast-schema-graph\">{\"@context\":\"https:\\\/\\\/schema.org\",\"@graph\":[{\"@type\":\"Article\",\"@id\":\"https:\\\/\\\/www.renouvelle.be\\\/nl\\\/bilan-de-la-production-solaire-en-belgique-printemps-2025\\\/#article\",\"isPartOf\":{\"@id\":\"https:\\\/\\\/www.renouvelle.be\\\/nl\\\/bilan-de-la-production-solaire-en-belgique-printemps-2025\\\/\"},\"author\":{\"name\":\"Mathieu Petitjean\",\"@id\":\"https:\\\/\\\/www.renouvelle.be\\\/fr\\\/#\\\/schema\\\/person\\\/0458f628084e1c95c296c1f5b9fcf7c2\"},\"headline\":\"Zonne-energieproductie in Belgi\u00eb: Lente 2025\",\"datePublished\":\"2025-06-26T07:40:32+00:00\",\"dateModified\":\"2025-06-30T14:38:01+00:00\",\"mainEntityOfPage\":{\"@id\":\"https:\\\/\\\/www.renouvelle.be\\\/nl\\\/bilan-de-la-production-solaire-en-belgique-printemps-2025\\\/\"},\"wordCount\":229,\"image\":{\"@id\":\"https:\\\/\\\/www.renouvelle.be\\\/nl\\\/bilan-de-la-production-solaire-en-belgique-printemps-2025\\\/#primaryimage\"},\"thumbnailUrl\":\"https:\\\/\\\/www.renouvelle.be\\\/wp-content\\\/uploads\\\/2025\\\/06\\\/AdobeStock_354953099-scaled-e1750430467517.jpeg\",\"articleSection\":[\"Nieuws\",\"In Belgi\u00eb\"],\"inLanguage\":\"nl-NL\"},{\"@type\":\"WebPage\",\"@id\":\"https:\\\/\\\/www.renouvelle.be\\\/nl\\\/bilan-de-la-production-solaire-en-belgique-printemps-2025\\\/\",\"url\":\"https:\\\/\\\/www.renouvelle.be\\\/nl\\\/bilan-de-la-production-solaire-en-belgique-printemps-2025\\\/\",\"name\":\"Zonne-energieproductie in Belgi\u00eb: Lente 2025 - Hernieuws\",\"isPartOf\":{\"@id\":\"https:\\\/\\\/www.renouvelle.be\\\/fr\\\/#website\"},\"primaryImageOfPage\":{\"@id\":\"https:\\\/\\\/www.renouvelle.be\\\/nl\\\/bilan-de-la-production-solaire-en-belgique-printemps-2025\\\/#primaryimage\"},\"image\":{\"@id\":\"https:\\\/\\\/www.renouvelle.be\\\/nl\\\/bilan-de-la-production-solaire-en-belgique-printemps-2025\\\/#primaryimage\"},\"thumbnailUrl\":\"https:\\\/\\\/www.renouvelle.be\\\/wp-content\\\/uploads\\\/2025\\\/06\\\/AdobeStock_354953099-scaled-e1750430467517.jpeg\",\"datePublished\":\"2025-06-26T07:40:32+00:00\",\"dateModified\":\"2025-06-30T14:38:01+00:00\",\"author\":{\"@id\":\"https:\\\/\\\/www.renouvelle.be\\\/fr\\\/#\\\/schema\\\/person\\\/0458f628084e1c95c296c1f5b9fcf7c2\"},\"description\":\"De lente van 2025 was uitzonderlijk droog en opvallend zonnig. Wat betekende dat voor de Belgische zonne-energieproductie?\",\"breadcrumb\":{\"@id\":\"https:\\\/\\\/www.renouvelle.be\\\/nl\\\/bilan-de-la-production-solaire-en-belgique-printemps-2025\\\/#breadcrumb\"},\"inLanguage\":\"nl-NL\",\"potentialAction\":[{\"@type\":\"ReadAction\",\"target\":[\"https:\\\/\\\/www.renouvelle.be\\\/nl\\\/bilan-de-la-production-solaire-en-belgique-printemps-2025\\\/\"]}]},{\"@type\":\"ImageObject\",\"inLanguage\":\"nl-NL\",\"@id\":\"https:\\\/\\\/www.renouvelle.be\\\/nl\\\/bilan-de-la-production-solaire-en-belgique-printemps-2025\\\/#primaryimage\",\"url\":\"https:\\\/\\\/www.renouvelle.be\\\/wp-content\\\/uploads\\\/2025\\\/06\\\/AdobeStock_354953099-scaled-e1750430467517.jpeg\",\"contentUrl\":\"https:\\\/\\\/www.renouvelle.be\\\/wp-content\\\/uploads\\\/2025\\\/06\\\/AdobeStock_354953099-scaled-e1750430467517.jpeg\",\"width\":2560,\"height\":1703,\"caption\":\"Solar panels and blue sky background.Solar cells farm on the roof.Photovoltaic modules for renewable energy.Save the earth and the energy with good environment concept.\"},{\"@type\":\"BreadcrumbList\",\"@id\":\"https:\\\/\\\/www.renouvelle.be\\\/nl\\\/bilan-de-la-production-solaire-en-belgique-printemps-2025\\\/#breadcrumb\",\"itemListElement\":[{\"@type\":\"ListItem\",\"position\":1,\"name\":\"Accueil\",\"item\":\"https:\\\/\\\/www.renouvelle.be\\\/nl\\\/\"},{\"@type\":\"ListItem\",\"position\":2,\"name\":\"Zonne-energieproductie in Belgi\u00eb: Lente 2025\"}]},{\"@type\":\"WebSite\",\"@id\":\"https:\\\/\\\/www.renouvelle.be\\\/fr\\\/#website\",\"url\":\"https:\\\/\\\/www.renouvelle.be\\\/fr\\\/\",\"name\":\"Hernieuws\",\"description\":\"Nieuws  over duurzame energie\",\"potentialAction\":[{\"@type\":\"SearchAction\",\"target\":{\"@type\":\"EntryPoint\",\"urlTemplate\":\"https:\\\/\\\/www.renouvelle.be\\\/fr\\\/?s={search_term_string}\"},\"query-input\":{\"@type\":\"PropertyValueSpecification\",\"valueRequired\":true,\"valueName\":\"search_term_string\"}}],\"inLanguage\":\"nl-NL\"},{\"@type\":\"Person\",\"@id\":\"https:\\\/\\\/www.renouvelle.be\\\/fr\\\/#\\\/schema\\\/person\\\/0458f628084e1c95c296c1f5b9fcf7c2\",\"name\":\"Mathieu Petitjean\",\"url\":\"https:\\\/\\\/www.renouvelle.be\\\/nl\\\/author\\\/mathieu-petitjean\\\/\"}]}<\/script>\n<!-- \/ Yoast SEO plugin. -->","yoast_head_json":{"title":"Zonne-energieproductie in Belgi\u00eb: Lente 2025 - Hernieuws","description":"De lente van 2025 was uitzonderlijk droog en opvallend zonnig. Wat betekende dat voor de Belgische zonne-energieproductie?","robots":{"index":"index","follow":"follow","max-snippet":"max-snippet:-1","max-image-preview":"max-image-preview:large","max-video-preview":"max-video-preview:-1"},"canonical":"https:\/\/www.renouvelle.be\/nl\/bilan-de-la-production-solaire-en-belgique-printemps-2025\/","og_locale":"nl_NL","og_type":"article","og_title":"Zonne-energieproductie in Belgi\u00eb: Lente 2025 - Hernieuws","og_description":"De lente van 2025 was uitzonderlijk droog en opvallend zonnig. Wat betekende dat voor de Belgische zonne-energieproductie?","og_url":"https:\/\/www.renouvelle.be\/nl\/bilan-de-la-production-solaire-en-belgique-printemps-2025\/","og_site_name":"Hernieuws","article_published_time":"2025-06-26T07:40:32+00:00","article_modified_time":"2025-06-30T14:38:01+00:00","og_image":[{"width":2560,"height":1703,"url":"https:\/\/www.renouvelle.be\/wp-content\/uploads\/2025\/06\/AdobeStock_354953099-scaled-e1750430467517.jpeg","type":"image\/jpeg"}],"author":"Mathieu Petitjean","twitter_card":"summary_large_image","schema":{"@context":"https:\/\/schema.org","@graph":[{"@type":"Article","@id":"https:\/\/www.renouvelle.be\/nl\/bilan-de-la-production-solaire-en-belgique-printemps-2025\/#article","isPartOf":{"@id":"https:\/\/www.renouvelle.be\/nl\/bilan-de-la-production-solaire-en-belgique-printemps-2025\/"},"author":{"name":"Mathieu Petitjean","@id":"https:\/\/www.renouvelle.be\/fr\/#\/schema\/person\/0458f628084e1c95c296c1f5b9fcf7c2"},"headline":"Zonne-energieproductie in Belgi\u00eb: Lente 2025","datePublished":"2025-06-26T07:40:32+00:00","dateModified":"2025-06-30T14:38:01+00:00","mainEntityOfPage":{"@id":"https:\/\/www.renouvelle.be\/nl\/bilan-de-la-production-solaire-en-belgique-printemps-2025\/"},"wordCount":229,"image":{"@id":"https:\/\/www.renouvelle.be\/nl\/bilan-de-la-production-solaire-en-belgique-printemps-2025\/#primaryimage"},"thumbnailUrl":"https:\/\/www.renouvelle.be\/wp-content\/uploads\/2025\/06\/AdobeStock_354953099-scaled-e1750430467517.jpeg","articleSection":["Nieuws","In Belgi\u00eb"],"inLanguage":"nl-NL"},{"@type":"WebPage","@id":"https:\/\/www.renouvelle.be\/nl\/bilan-de-la-production-solaire-en-belgique-printemps-2025\/","url":"https:\/\/www.renouvelle.be\/nl\/bilan-de-la-production-solaire-en-belgique-printemps-2025\/","name":"Zonne-energieproductie in Belgi\u00eb: Lente 2025 - Hernieuws","isPartOf":{"@id":"https:\/\/www.renouvelle.be\/fr\/#website"},"primaryImageOfPage":{"@id":"https:\/\/www.renouvelle.be\/nl\/bilan-de-la-production-solaire-en-belgique-printemps-2025\/#primaryimage"},"image":{"@id":"https:\/\/www.renouvelle.be\/nl\/bilan-de-la-production-solaire-en-belgique-printemps-2025\/#primaryimage"},"thumbnailUrl":"https:\/\/www.renouvelle.be\/wp-content\/uploads\/2025\/06\/AdobeStock_354953099-scaled-e1750430467517.jpeg","datePublished":"2025-06-26T07:40:32+00:00","dateModified":"2025-06-30T14:38:01+00:00","author":{"@id":"https:\/\/www.renouvelle.be\/fr\/#\/schema\/person\/0458f628084e1c95c296c1f5b9fcf7c2"},"description":"De lente van 2025 was uitzonderlijk droog en opvallend zonnig. Wat betekende dat voor de Belgische zonne-energieproductie?","breadcrumb":{"@id":"https:\/\/www.renouvelle.be\/nl\/bilan-de-la-production-solaire-en-belgique-printemps-2025\/#breadcrumb"},"inLanguage":"nl-NL","potentialAction":[{"@type":"ReadAction","target":["https:\/\/www.renouvelle.be\/nl\/bilan-de-la-production-solaire-en-belgique-printemps-2025\/"]}]},{"@type":"ImageObject","inLanguage":"nl-NL","@id":"https:\/\/www.renouvelle.be\/nl\/bilan-de-la-production-solaire-en-belgique-printemps-2025\/#primaryimage","url":"https:\/\/www.renouvelle.be\/wp-content\/uploads\/2025\/06\/AdobeStock_354953099-scaled-e1750430467517.jpeg","contentUrl":"https:\/\/www.renouvelle.be\/wp-content\/uploads\/2025\/06\/AdobeStock_354953099-scaled-e1750430467517.jpeg","width":2560,"height":1703,"caption":"Solar panels and blue sky background.Solar cells farm on the roof.Photovoltaic modules for renewable energy.Save the earth and the energy with good environment concept."},{"@type":"BreadcrumbList","@id":"https:\/\/www.renouvelle.be\/nl\/bilan-de-la-production-solaire-en-belgique-printemps-2025\/#breadcrumb","itemListElement":[{"@type":"ListItem","position":1,"name":"Accueil","item":"https:\/\/www.renouvelle.be\/nl\/"},{"@type":"ListItem","position":2,"name":"Zonne-energieproductie in Belgi\u00eb: Lente 2025"}]},{"@type":"WebSite","@id":"https:\/\/www.renouvelle.be\/fr\/#website","url":"https:\/\/www.renouvelle.be\/fr\/","name":"Hernieuws","description":"Nieuws  over duurzame energie","potentialAction":[{"@type":"SearchAction","target":{"@type":"EntryPoint","urlTemplate":"https:\/\/www.renouvelle.be\/fr\/?s={search_term_string}"},"query-input":{"@type":"PropertyValueSpecification","valueRequired":true,"valueName":"search_term_string"}}],"inLanguage":"nl-NL"},{"@type":"Person","@id":"https:\/\/www.renouvelle.be\/fr\/#\/schema\/person\/0458f628084e1c95c296c1f5b9fcf7c2","name":"Mathieu Petitjean","url":"https:\/\/www.renouvelle.be\/nl\/author\/mathieu-petitjean\/"}]}},"_links":{"self":[{"href":"https:\/\/www.renouvelle.be\/nl\/wp-json\/wp\/v2\/posts\/15386","targetHints":{"allow":["GET"]}}],"collection":[{"href":"https:\/\/www.renouvelle.be\/nl\/wp-json\/wp\/v2\/posts"}],"about":[{"href":"https:\/\/www.renouvelle.be\/nl\/wp-json\/wp\/v2\/types\/post"}],"author":[{"embeddable":true,"href":"https:\/\/www.renouvelle.be\/nl\/wp-json\/wp\/v2\/users\/40"}],"replies":[{"embeddable":true,"href":"https:\/\/www.renouvelle.be\/nl\/wp-json\/wp\/v2\/comments?post=15386"}],"version-history":[{"count":2,"href":"https:\/\/www.renouvelle.be\/nl\/wp-json\/wp\/v2\/posts\/15386\/revisions"}],"predecessor-version":[{"id":15394,"href":"https:\/\/www.renouvelle.be\/nl\/wp-json\/wp\/v2\/posts\/15386\/revisions\/15394"}],"wp:featuredmedia":[{"embeddable":true,"href":"https:\/\/www.renouvelle.be\/nl\/wp-json\/wp\/v2\/media\/15324"}],"wp:attachment":[{"href":"https:\/\/www.renouvelle.be\/nl\/wp-json\/wp\/v2\/media?parent=15386"}],"wp:term":[{"taxonomy":"category","embeddable":true,"href":"https:\/\/www.renouvelle.be\/nl\/wp-json\/wp\/v2\/categories?post=15386"},{"taxonomy":"post_tag","embeddable":true,"href":"https:\/\/www.renouvelle.be\/nl\/wp-json\/wp\/v2\/tags?post=15386"},{"taxonomy":"section","embeddable":true,"href":"https:\/\/www.renouvelle.be\/nl\/wp-json\/wp\/v2\/section?post=15386"}],"curies":[{"name":"wp","href":"https:\/\/api.w.org\/{rel}","templated":true}]}}