{"id":14514,"date":"2024-11-26T09:31:25","date_gmt":"2024-11-26T08:31:25","guid":{"rendered":"https:\/\/www.renouvelle.be\/lancement-du-plus-grand-parc-de-batteries-de-belgique\/"},"modified":"2025-01-07T15:51:12","modified_gmt":"2025-01-07T14:51:12","slug":"lancement-du-plus-grand-parc-de-batteries-de-belgique","status":"publish","type":"post","link":"https:\/\/www.renouvelle.be\/nl\/lancement-du-plus-grand-parc-de-batteries-de-belgique\/","title":{"rendered":"Lancering van het grootste batterijpark van Belgi\u00eb"},"content":{"rendered":"\n<p>Batterijparken zijn cruciaal voor de energietransitie. Ze maken het mogelijk om overschotten van hernieuwbare energie op te slaan en terug te geven aan het net wanneer de productie lager is. &nbsp;Of ze nu in gebruik worden genomen, zoals het park van Eneco, of nog in de beginfase van de bouw zitten, zoals dat van Engie in Kallo, komen er steeds meer <a href=\"https:\/\/www.renouvelle.be\/nl\/parcs-de-batteries-une-capacite-bientot-decuplee-en-belgique\/\">projecten<\/a> op gang in Belgi\u00eb.<\/p>\n\n\n\n<p><strong>Eneco neemt batterijpark in gebruik<\/strong><\/p>\n\n\n\n<p>Met een bouwvergunning die iets meer dan een jaar geleden werd verkregen, wordt het project tegen eind november werkelijkheid. Gelegen in Ville-sur-Haine, Walloni\u00eb, omvat \u00a0de installatie de installatie 53 batterijen met een capaciteit van 50 MW, wat neerkomt op 200 MWh opslag. Het park kan tot 4 uur lang energie aan het net leveren.<\/p>\n\n\n\n<p>Het park, gebouwd op het terrein van drie voormalige koeltorens van een oude kolengestookte elektriciteitscentrale, zal worden aangesloten op het hoogspanningsnet van Elia. Het wordt daarmee het grootste actieve batterijpark in Belgi\u00eb. Maar hoe lang nog?<\/p>\n\n\n\n<p><strong>Engie, goed in de race voor energieopslag<\/strong><\/p>\n\n\n\n<p>Op de site van <a href=\"https:\/\/corporate.engie.be\/nl\/energy\/batterijen\/het-batterijpark-kallo\" target=\"_blank\" rel=\"noreferrer noopener\">Kallo<\/a>, waar vroeger de thermische centrale stond, start Engie met de bouw van een 100 MW batterijpark. De start van de bouw is gepland voor het eerste kwartaal van 2025. \u00a0De infrastructuur, bestaande uit 110 modules, zal tot 400 MWh energie kunnen opslaan. Een capaciteitsovereenkomst van 15 jaar moet in november 2028 van start gaan.<\/p>\n\n\n\n<p>Maar dit is niet het enige project van Engie. Een ander park zal operationeel zijn tegen oktober 2025. Dit park, gelegen in Vilvoorde, zal een capaciteit hebben van 200 MW en 800 MWh kunnen opslaan, genoeg om de energiebehoefte van 96.000 huishoudens te dekken.<\/p>\n\n\n\n<p><strong>Green Turtle : <\/strong><strong>het grootste batterijpark van Europa in Belgi\u00eb<\/strong><strong><\/strong><\/p>\n\n\n\n<p>Giga Storage Belgium bereidt een megaproject voor. Het project, genaamd&nbsp;&nbsp;<a href=\"https:\/\/giga-storage.be\/green-turtle\/\">Green Turtle<\/a>, wordt naar verwachting het grootste opslagpark van Europa en zal gevestigd zijn in Dilsen-Stokkem. Aanvankelijk werd de capaciteit geschat op 600 MW met een opslag van 2.400 MWh, maar de ambities zijn opgevoerd: het doel is nu 700 MW (720 batterijen) te installeren om 2.800 MWh te kunnen opslaan.<\/p>\n\n\n\n<p>Het park zal staan waar er vroeger een zinkfabriek was en vlak bij het nieuwe 380 kilovolt-onderstation van Elia. Het project zal elektriciteit kunnen leveren aan maar liefst 385.000 huishoudens. De bouw zal naar verwachting in 2025 van start gaan en afgerond zijn in 2028. Hoewel de ontwikkeling van deze parken noodzakelijk is, benadrukken we dat dit hand in hand moet gaan met\u00a0meer\u00a0flexibiliteit van de consument.<br><\/p>\n\n\n\n<p><\/p>\n","protected":false},"excerpt":{"rendered":"<p>Batterijparken zijn cruciaal voor de energietransitie. Ze maken het mogelijk om overschotten van hernieuwbare energie op te slaan en terug te geven aan het net wanneer de productie lager is. &nbsp;Of ze nu in gebruik worden genomen, zoals het park van Eneco, of nog in de beginfase van de bouw zitten, zoals dat van Engie in Kallo, komen er steeds meer projecten op gang in Belgi\u00eb. Eneco neemt batterijpark in gebruik Met een bouwvergunning die iets meer dan een jaar geleden werd verkregen, wordt het project tegen eind november werkelijkheid. Gelegen in Ville-sur-Haine, Walloni\u00eb, omvat \u00a0de installatie de installatie 53 batterijen met een capaciteit van 50 MW, wat neerkomt op 200 MWh opslag. Het park kan tot 4 uur lang energie aan het net leveren. Het park, gebouwd op het terrein van drie voormalige koeltorens van een oude kolengestookte elektriciteitscentrale, zal worden aangesloten op het hoogspanningsnet van Elia. Het wordt daarmee het grootste actieve batterijpark in Belgi\u00eb. Maar hoe lang nog? Engie, goed in de race voor energieopslag Op de site van Kallo, waar vroeger de thermische centrale stond, start Engie met de bouw van een 100 MW batterijpark. De start van de bouw is gepland voor het eerste kwartaal van 2025. \u00a0De infrastructuur, bestaande uit 110 modules, zal tot 400 MWh energie kunnen opslaan. Een capaciteitsovereenkomst van 15 jaar moet in november 2028 van start gaan. Maar dit is niet het enige project van Engie. Een ander park zal operationeel zijn tegen oktober 2025. Dit park, gelegen in Vilvoorde, zal een capaciteit hebben van 200 MW en 800 MWh kunnen opslaan, genoeg om de energiebehoefte van 96.000 huishoudens te dekken. Green Turtle : het grootste batterijpark van Europa in Belgi\u00eb Giga Storage Belgium bereidt een megaproject voor. Het project, &hellip; <a href=\"https:\/\/www.renouvelle.be\/nl\/lancement-du-plus-grand-parc-de-batteries-de-belgique\/\" class=\"more-link\">Continue reading<span class=\"screen-reader-text\"> &#8220;Lancering van het grootste batterijpark van Belgi\u00eb&#8221;<\/span><\/a><\/p>\n","protected":false},"author":38,"featured_media":14336,"comment_status":"closed","ping_status":"closed","sticky":false,"template":"","format":"standard","meta":{"_acf_changed":false,"footnotes":""},"categories":[32],"tags":[],"section":[48],"class_list":["post-14514","post","type-post","status-publish","format-standard","has-post-thumbnail","hentry","category-in-belgie","section-opslag"],"acf":[],"yoast_head":"<!-- This site is optimized with the Yoast SEO plugin v27.5 - https:\/\/yoast.com\/product\/yoast-seo-wordpress\/ -->\n<title>Lancering van het grootste batterijpark van Belgi\u00eb - Hernieuws<\/title>\n<meta name=\"description\" content=\"Le plus grand parc de batteries de Belgique sera bient\u00f4t lanc\u00e9 par ENECO. D&#039;autres projets d&#039;installations de stockage vont voir le jour.\" \/>\n<meta name=\"robots\" content=\"index, follow, max-snippet:-1, max-image-preview:large, max-video-preview:-1\" \/>\n<link rel=\"canonical\" href=\"https:\/\/www.renouvelle.be\/nl\/lancement-du-plus-grand-parc-de-batteries-de-belgique\/\" \/>\n<meta property=\"og:locale\" content=\"nl_NL\" \/>\n<meta property=\"og:type\" content=\"article\" \/>\n<meta property=\"og:title\" content=\"Lancering van het grootste batterijpark van Belgi\u00eb - Hernieuws\" \/>\n<meta property=\"og:description\" content=\"Le plus grand parc de batteries de Belgique sera bient\u00f4t lanc\u00e9 par ENECO. D&#039;autres projets d&#039;installations de stockage vont voir le jour.\" \/>\n<meta property=\"og:url\" content=\"https:\/\/www.renouvelle.be\/nl\/lancement-du-plus-grand-parc-de-batteries-de-belgique\/\" \/>\n<meta property=\"og:site_name\" content=\"Hernieuws\" \/>\n<meta property=\"article:published_time\" content=\"2024-11-26T08:31:25+00:00\" \/>\n<meta property=\"article:modified_time\" content=\"2025-01-07T14:51:12+00:00\" \/>\n<meta property=\"og:image\" content=\"https:\/\/www.renouvelle.be\/wp-content\/uploads\/2024\/11\/AdobeStock_551323921-scaled-e1732529391538.jpeg\" \/>\n\t<meta property=\"og:image:width\" content=\"2560\" \/>\n\t<meta property=\"og:image:height\" content=\"1920\" \/>\n\t<meta property=\"og:image:type\" content=\"image\/jpeg\" \/>\n<meta name=\"author\" content=\"Samuel Alves\" \/>\n<meta name=\"twitter:card\" content=\"summary_large_image\" \/>\n<script type=\"application\/ld+json\" class=\"yoast-schema-graph\">{\"@context\":\"https:\\\/\\\/schema.org\",\"@graph\":[{\"@type\":\"Article\",\"@id\":\"https:\\\/\\\/www.renouvelle.be\\\/nl\\\/lancement-du-plus-grand-parc-de-batteries-de-belgique\\\/#article\",\"isPartOf\":{\"@id\":\"https:\\\/\\\/www.renouvelle.be\\\/nl\\\/lancement-du-plus-grand-parc-de-batteries-de-belgique\\\/\"},\"author\":{\"name\":\"Samuel Alves\",\"@id\":\"https:\\\/\\\/www.renouvelle.be\\\/fr\\\/#\\\/schema\\\/person\\\/9d743366fb269eeceaa8d60e98d289d3\"},\"headline\":\"Lancering van het grootste batterijpark van Belgi\u00eb\",\"datePublished\":\"2024-11-26T08:31:25+00:00\",\"dateModified\":\"2025-01-07T14:51:12+00:00\",\"mainEntityOfPage\":{\"@id\":\"https:\\\/\\\/www.renouvelle.be\\\/nl\\\/lancement-du-plus-grand-parc-de-batteries-de-belgique\\\/\"},\"wordCount\":396,\"image\":{\"@id\":\"https:\\\/\\\/www.renouvelle.be\\\/nl\\\/lancement-du-plus-grand-parc-de-batteries-de-belgique\\\/#primaryimage\"},\"thumbnailUrl\":\"https:\\\/\\\/www.renouvelle.be\\\/wp-content\\\/uploads\\\/2024\\\/11\\\/AdobeStock_551323921-scaled-e1732529391538.jpeg\",\"articleSection\":[\"In Belgi\u00eb\"],\"inLanguage\":\"nl-NL\"},{\"@type\":\"WebPage\",\"@id\":\"https:\\\/\\\/www.renouvelle.be\\\/nl\\\/lancement-du-plus-grand-parc-de-batteries-de-belgique\\\/\",\"url\":\"https:\\\/\\\/www.renouvelle.be\\\/nl\\\/lancement-du-plus-grand-parc-de-batteries-de-belgique\\\/\",\"name\":\"Lancering van het grootste batterijpark van Belgi\u00eb - Hernieuws\",\"isPartOf\":{\"@id\":\"https:\\\/\\\/www.renouvelle.be\\\/fr\\\/#website\"},\"primaryImageOfPage\":{\"@id\":\"https:\\\/\\\/www.renouvelle.be\\\/nl\\\/lancement-du-plus-grand-parc-de-batteries-de-belgique\\\/#primaryimage\"},\"image\":{\"@id\":\"https:\\\/\\\/www.renouvelle.be\\\/nl\\\/lancement-du-plus-grand-parc-de-batteries-de-belgique\\\/#primaryimage\"},\"thumbnailUrl\":\"https:\\\/\\\/www.renouvelle.be\\\/wp-content\\\/uploads\\\/2024\\\/11\\\/AdobeStock_551323921-scaled-e1732529391538.jpeg\",\"datePublished\":\"2024-11-26T08:31:25+00:00\",\"dateModified\":\"2025-01-07T14:51:12+00:00\",\"author\":{\"@id\":\"https:\\\/\\\/www.renouvelle.be\\\/fr\\\/#\\\/schema\\\/person\\\/9d743366fb269eeceaa8d60e98d289d3\"},\"description\":\"Le plus grand parc de batteries de Belgique sera bient\u00f4t lanc\u00e9 par ENECO. D'autres projets d'installations de stockage vont voir le jour.\",\"breadcrumb\":{\"@id\":\"https:\\\/\\\/www.renouvelle.be\\\/nl\\\/lancement-du-plus-grand-parc-de-batteries-de-belgique\\\/#breadcrumb\"},\"inLanguage\":\"nl-NL\",\"potentialAction\":[{\"@type\":\"ReadAction\",\"target\":[\"https:\\\/\\\/www.renouvelle.be\\\/nl\\\/lancement-du-plus-grand-parc-de-batteries-de-belgique\\\/\"]}]},{\"@type\":\"ImageObject\",\"inLanguage\":\"nl-NL\",\"@id\":\"https:\\\/\\\/www.renouvelle.be\\\/nl\\\/lancement-du-plus-grand-parc-de-batteries-de-belgique\\\/#primaryimage\",\"url\":\"https:\\\/\\\/www.renouvelle.be\\\/wp-content\\\/uploads\\\/2024\\\/11\\\/AdobeStock_551323921-scaled-e1732529391538.jpeg\",\"contentUrl\":\"https:\\\/\\\/www.renouvelle.be\\\/wp-content\\\/uploads\\\/2024\\\/11\\\/AdobeStock_551323921-scaled-e1732529391538.jpeg\",\"width\":2560,\"height\":1920},{\"@type\":\"BreadcrumbList\",\"@id\":\"https:\\\/\\\/www.renouvelle.be\\\/nl\\\/lancement-du-plus-grand-parc-de-batteries-de-belgique\\\/#breadcrumb\",\"itemListElement\":[{\"@type\":\"ListItem\",\"position\":1,\"name\":\"Accueil\",\"item\":\"https:\\\/\\\/www.renouvelle.be\\\/nl\\\/\"},{\"@type\":\"ListItem\",\"position\":2,\"name\":\"Lancering van het grootste batterijpark van Belgi\u00eb\"}]},{\"@type\":\"WebSite\",\"@id\":\"https:\\\/\\\/www.renouvelle.be\\\/fr\\\/#website\",\"url\":\"https:\\\/\\\/www.renouvelle.be\\\/fr\\\/\",\"name\":\"Hernieuws\",\"description\":\"Nieuws  over duurzame energie\",\"potentialAction\":[{\"@type\":\"SearchAction\",\"target\":{\"@type\":\"EntryPoint\",\"urlTemplate\":\"https:\\\/\\\/www.renouvelle.be\\\/fr\\\/?s={search_term_string}\"},\"query-input\":{\"@type\":\"PropertyValueSpecification\",\"valueRequired\":true,\"valueName\":\"search_term_string\"}}],\"inLanguage\":\"nl-NL\"},{\"@type\":\"Person\",\"@id\":\"https:\\\/\\\/www.renouvelle.be\\\/fr\\\/#\\\/schema\\\/person\\\/9d743366fb269eeceaa8d60e98d289d3\",\"name\":\"Samuel Alves\",\"url\":\"https:\\\/\\\/www.renouvelle.be\\\/nl\\\/author\\\/salves\\\/\"}]}<\/script>\n<!-- \/ Yoast SEO plugin. -->","yoast_head_json":{"title":"Lancering van het grootste batterijpark van Belgi\u00eb - Hernieuws","description":"Le plus grand parc de batteries de Belgique sera bient\u00f4t lanc\u00e9 par ENECO. D'autres projets d'installations de stockage vont voir le jour.","robots":{"index":"index","follow":"follow","max-snippet":"max-snippet:-1","max-image-preview":"max-image-preview:large","max-video-preview":"max-video-preview:-1"},"canonical":"https:\/\/www.renouvelle.be\/nl\/lancement-du-plus-grand-parc-de-batteries-de-belgique\/","og_locale":"nl_NL","og_type":"article","og_title":"Lancering van het grootste batterijpark van Belgi\u00eb - Hernieuws","og_description":"Le plus grand parc de batteries de Belgique sera bient\u00f4t lanc\u00e9 par ENECO. D'autres projets d'installations de stockage vont voir le jour.","og_url":"https:\/\/www.renouvelle.be\/nl\/lancement-du-plus-grand-parc-de-batteries-de-belgique\/","og_site_name":"Hernieuws","article_published_time":"2024-11-26T08:31:25+00:00","article_modified_time":"2025-01-07T14:51:12+00:00","og_image":[{"width":2560,"height":1920,"url":"https:\/\/www.renouvelle.be\/wp-content\/uploads\/2024\/11\/AdobeStock_551323921-scaled-e1732529391538.jpeg","type":"image\/jpeg"}],"author":"Samuel Alves","twitter_card":"summary_large_image","schema":{"@context":"https:\/\/schema.org","@graph":[{"@type":"Article","@id":"https:\/\/www.renouvelle.be\/nl\/lancement-du-plus-grand-parc-de-batteries-de-belgique\/#article","isPartOf":{"@id":"https:\/\/www.renouvelle.be\/nl\/lancement-du-plus-grand-parc-de-batteries-de-belgique\/"},"author":{"name":"Samuel Alves","@id":"https:\/\/www.renouvelle.be\/fr\/#\/schema\/person\/9d743366fb269eeceaa8d60e98d289d3"},"headline":"Lancering van het grootste batterijpark van Belgi\u00eb","datePublished":"2024-11-26T08:31:25+00:00","dateModified":"2025-01-07T14:51:12+00:00","mainEntityOfPage":{"@id":"https:\/\/www.renouvelle.be\/nl\/lancement-du-plus-grand-parc-de-batteries-de-belgique\/"},"wordCount":396,"image":{"@id":"https:\/\/www.renouvelle.be\/nl\/lancement-du-plus-grand-parc-de-batteries-de-belgique\/#primaryimage"},"thumbnailUrl":"https:\/\/www.renouvelle.be\/wp-content\/uploads\/2024\/11\/AdobeStock_551323921-scaled-e1732529391538.jpeg","articleSection":["In Belgi\u00eb"],"inLanguage":"nl-NL"},{"@type":"WebPage","@id":"https:\/\/www.renouvelle.be\/nl\/lancement-du-plus-grand-parc-de-batteries-de-belgique\/","url":"https:\/\/www.renouvelle.be\/nl\/lancement-du-plus-grand-parc-de-batteries-de-belgique\/","name":"Lancering van het grootste batterijpark van Belgi\u00eb - Hernieuws","isPartOf":{"@id":"https:\/\/www.renouvelle.be\/fr\/#website"},"primaryImageOfPage":{"@id":"https:\/\/www.renouvelle.be\/nl\/lancement-du-plus-grand-parc-de-batteries-de-belgique\/#primaryimage"},"image":{"@id":"https:\/\/www.renouvelle.be\/nl\/lancement-du-plus-grand-parc-de-batteries-de-belgique\/#primaryimage"},"thumbnailUrl":"https:\/\/www.renouvelle.be\/wp-content\/uploads\/2024\/11\/AdobeStock_551323921-scaled-e1732529391538.jpeg","datePublished":"2024-11-26T08:31:25+00:00","dateModified":"2025-01-07T14:51:12+00:00","author":{"@id":"https:\/\/www.renouvelle.be\/fr\/#\/schema\/person\/9d743366fb269eeceaa8d60e98d289d3"},"description":"Le plus grand parc de batteries de Belgique sera bient\u00f4t lanc\u00e9 par ENECO. D'autres projets d'installations de stockage vont voir le jour.","breadcrumb":{"@id":"https:\/\/www.renouvelle.be\/nl\/lancement-du-plus-grand-parc-de-batteries-de-belgique\/#breadcrumb"},"inLanguage":"nl-NL","potentialAction":[{"@type":"ReadAction","target":["https:\/\/www.renouvelle.be\/nl\/lancement-du-plus-grand-parc-de-batteries-de-belgique\/"]}]},{"@type":"ImageObject","inLanguage":"nl-NL","@id":"https:\/\/www.renouvelle.be\/nl\/lancement-du-plus-grand-parc-de-batteries-de-belgique\/#primaryimage","url":"https:\/\/www.renouvelle.be\/wp-content\/uploads\/2024\/11\/AdobeStock_551323921-scaled-e1732529391538.jpeg","contentUrl":"https:\/\/www.renouvelle.be\/wp-content\/uploads\/2024\/11\/AdobeStock_551323921-scaled-e1732529391538.jpeg","width":2560,"height":1920},{"@type":"BreadcrumbList","@id":"https:\/\/www.renouvelle.be\/nl\/lancement-du-plus-grand-parc-de-batteries-de-belgique\/#breadcrumb","itemListElement":[{"@type":"ListItem","position":1,"name":"Accueil","item":"https:\/\/www.renouvelle.be\/nl\/"},{"@type":"ListItem","position":2,"name":"Lancering van het grootste batterijpark van Belgi\u00eb"}]},{"@type":"WebSite","@id":"https:\/\/www.renouvelle.be\/fr\/#website","url":"https:\/\/www.renouvelle.be\/fr\/","name":"Hernieuws","description":"Nieuws  over duurzame energie","potentialAction":[{"@type":"SearchAction","target":{"@type":"EntryPoint","urlTemplate":"https:\/\/www.renouvelle.be\/fr\/?s={search_term_string}"},"query-input":{"@type":"PropertyValueSpecification","valueRequired":true,"valueName":"search_term_string"}}],"inLanguage":"nl-NL"},{"@type":"Person","@id":"https:\/\/www.renouvelle.be\/fr\/#\/schema\/person\/9d743366fb269eeceaa8d60e98d289d3","name":"Samuel Alves","url":"https:\/\/www.renouvelle.be\/nl\/author\/salves\/"}]}},"_links":{"self":[{"href":"https:\/\/www.renouvelle.be\/nl\/wp-json\/wp\/v2\/posts\/14514","targetHints":{"allow":["GET"]}}],"collection":[{"href":"https:\/\/www.renouvelle.be\/nl\/wp-json\/wp\/v2\/posts"}],"about":[{"href":"https:\/\/www.renouvelle.be\/nl\/wp-json\/wp\/v2\/types\/post"}],"author":[{"embeddable":true,"href":"https:\/\/www.renouvelle.be\/nl\/wp-json\/wp\/v2\/users\/38"}],"replies":[{"embeddable":true,"href":"https:\/\/www.renouvelle.be\/nl\/wp-json\/wp\/v2\/comments?post=14514"}],"version-history":[{"count":1,"href":"https:\/\/www.renouvelle.be\/nl\/wp-json\/wp\/v2\/posts\/14514\/revisions"}],"predecessor-version":[{"id":14516,"href":"https:\/\/www.renouvelle.be\/nl\/wp-json\/wp\/v2\/posts\/14514\/revisions\/14516"}],"wp:featuredmedia":[{"embeddable":true,"href":"https:\/\/www.renouvelle.be\/nl\/wp-json\/wp\/v2\/media\/14336"}],"wp:attachment":[{"href":"https:\/\/www.renouvelle.be\/nl\/wp-json\/wp\/v2\/media?parent=14514"}],"wp:term":[{"taxonomy":"category","embeddable":true,"href":"https:\/\/www.renouvelle.be\/nl\/wp-json\/wp\/v2\/categories?post=14514"},{"taxonomy":"post_tag","embeddable":true,"href":"https:\/\/www.renouvelle.be\/nl\/wp-json\/wp\/v2\/tags?post=14514"},{"taxonomy":"section","embeddable":true,"href":"https:\/\/www.renouvelle.be\/nl\/wp-json\/wp\/v2\/section?post=14514"}],"curies":[{"name":"wp","href":"https:\/\/api.w.org\/{rel}","templated":true}]}}