{"id":14511,"date":"2024-12-10T10:11:24","date_gmt":"2024-12-10T09:11:24","guid":{"rendered":"https:\/\/www.renouvelle.be\/taxe-carbone-la-facture-energie-des-menages-impactee-des-2027\/"},"modified":"2025-01-07T15:41:57","modified_gmt":"2025-01-07T14:41:57","slug":"taxe-carbone-la-facture-energie-des-menages-impactee-des-2027","status":"publish","type":"post","link":"https:\/\/www.renouvelle.be\/nl\/taxe-carbone-la-facture-energie-des-menages-impactee-des-2027\/","title":{"rendered":"Koolstofheffing : impact op de energiefactuur van huishoudens vanaf 2027"},"content":{"rendered":"\n<p>Vanaf 2027 zullen de verwarmings- en brandstoffacturen van burgers waarschijnlijk stijgen door de invoering van ETS2 en de bijbehorende CO2-heffing.<\/p>\n\n\n\n<p>Het ETS systeem, gelanceerd in 2005, is een mechanisme voor de handel in emissierechten gericht op grote vervuilende industrie\u00ebn. &nbsp;Het doel is om de uitstoot van broeikasgassen te verminderen, waarbij de inkomsten uit deze heffing opnieuw worden ge\u00efnvesteerd in de energietransitie.<\/p>\n\n\n\n<p>De eerste fase, ETS1, was tot nu toe alleen van toepassing op industrie\u00ebn, fabrieken en energieproducenten (zoals elektriciteitscentrales en olieraffinaderijen). In 2024 werd het systeem uitgebreid naar de luchtvaart en de zeevaart sector.<\/p>\n\n\n\n<p>Vanaf 2027 wordt ETS2 ingevoerd en zal het ook de wegtransport- en bouwsector (zowel residentieel als commercieel) omvatten. Dit zijn sectoren die direct invloed hebben op het dagelijks leven van huishoudens (brandstof voor reizen, gas voor verwarming, enz.). Het doel blijft ongewijzigd: de uitstoot van broeikasgassen geleidelijk verminderen om in 2050 klimaatneutraal te zijn.<\/p>\n\n\n\n<p>Maar hoe heeft dit rechtstreeks invloed op het dagelijks leven van mensen?<\/p>\n\n\n\n<p>Of het nu om benzine, diesel, stookolie of gas gaat, zullen leveranciers deze CO2-heffing moeten betalen en zullen deze onvermijdelijk doorberekenen in hun tarieven. Als laatste schakel in de productie-consumptieketen zullen huishoudens het effect waarschijnlijk voelen via hogere energierekeningen als ze fossiele brandstoffen gebruiken voor verwarming of transport.<\/p>\n\n\n\n<p>Hoeveel bedraagt deze stijging? Volgens een <a href=\"https:\/\/www.febeg.be\/nl\/nieuws\/laten-we-het-zonder-uitstel-of-taboes-over-ets2-hebben\">artikel van Febeg<\/a>, gepubliceerd eind september, moet men rekenen op een stijging van 10% van de gasrekening, wat neerkomt op een gemiddelde extra kost van maximaal 150 euro per jaar voor de gemiddelde consument. En dat is alleen als de koolstofprijs stabiel blijft op 45 euro per ton. Het <a href=\"https:\/\/www.i4ce.org\/en\/\">Institute for Climate Economics<\/a> <em>&nbsp;<\/em>verwacht echter dat deze prijs eerder zal stabiliseren rond de 70 \u00e0 75 euro.<\/p>\n\n\n\n<p>Een kwart van de opbrengsten uit ETS2 zal worden toegewezen aan een sociaal klimaatfonds (FSC). Dit fonds zal ondersteuning bieden aan de meest kwetsbare huishoudens.<\/p>\n\n\n\n<p>De verschillende richtlijnen van de EU lijken een duidelijke wil tonen om verandering teweeg te brengen. Maar bestraffende en\/of ontmoedigende regelgeving zal niet genoeg zijn. De energietransitie vereist meer ambitie en een snelle uitrol van hernieuwbare energiebronnen, om te voorkomen dat de financi\u00eble last van deze Europese richtlijnen volledig bij de burger terechtkomt.<\/p>\n\n\n\n<p><\/p>\n","protected":false},"excerpt":{"rendered":"<p>Vanaf 2027 zullen de verwarmings- en brandstoffacturen van burgers waarschijnlijk stijgen door de invoering van ETS2 en de bijbehorende CO2-heffing. Het ETS systeem, gelanceerd in 2005, is een mechanisme voor de handel in emissierechten gericht op grote vervuilende industrie\u00ebn. &nbsp;Het doel is om de uitstoot van broeikasgassen te verminderen, waarbij de inkomsten uit deze heffing opnieuw worden ge\u00efnvesteerd in de energietransitie. De eerste fase, ETS1, was tot nu toe alleen van toepassing op industrie\u00ebn, fabrieken en energieproducenten (zoals elektriciteitscentrales en olieraffinaderijen). In 2024 werd het systeem uitgebreid naar de luchtvaart en de zeevaart sector. Vanaf 2027 wordt ETS2 ingevoerd en zal het ook de wegtransport- en bouwsector (zowel residentieel als commercieel) omvatten. Dit zijn sectoren die direct invloed hebben op het dagelijks leven van huishoudens (brandstof voor reizen, gas voor verwarming, enz.). Het doel blijft ongewijzigd: de uitstoot van broeikasgassen geleidelijk verminderen om in 2050 klimaatneutraal te zijn. Maar hoe heeft dit rechtstreeks invloed op het dagelijks leven van mensen? Of het nu om benzine, diesel, stookolie of gas gaat, zullen leveranciers deze CO2-heffing moeten betalen en zullen deze onvermijdelijk doorberekenen in hun tarieven. Als laatste schakel in de productie-consumptieketen zullen huishoudens het effect waarschijnlijk voelen via hogere energierekeningen als ze fossiele brandstoffen gebruiken voor verwarming of transport. Hoeveel bedraagt deze stijging? Volgens een artikel van Febeg, gepubliceerd eind september, moet men rekenen op een stijging van 10% van de gasrekening, wat neerkomt op een gemiddelde extra kost van maximaal 150 euro per jaar voor de gemiddelde consument. En dat is alleen als de koolstofprijs stabiel blijft op 45 euro per ton. Het Institute for Climate Economics &nbsp;verwacht echter dat deze prijs eerder zal stabiliseren rond de 70 \u00e0 75 euro. Een kwart van de opbrengsten uit ETS2 zal worden &hellip; <a href=\"https:\/\/www.renouvelle.be\/nl\/taxe-carbone-la-facture-energie-des-menages-impactee-des-2027\/\" class=\"more-link\">Continue reading<span class=\"screen-reader-text\"> &#8220;Koolstofheffing : impact op de energiefactuur van huishoudens vanaf 2027&#8221;<\/span><\/a><\/p>\n","protected":false},"author":38,"featured_media":14433,"comment_status":"closed","ping_status":"closed","sticky":false,"template":"","format":"standard","meta":{"_acf_changed":false,"footnotes":""},"categories":[31],"tags":[],"section":[39],"class_list":["post-14511","post","type-post","status-publish","format-standard","has-post-thumbnail","hentry","category-nieuws","section-hernieuwbare-energie"],"acf":[],"yoast_head":"<!-- This site is optimized with the Yoast SEO plugin v27.5 - https:\/\/yoast.com\/product\/yoast-seo-wordpress\/ -->\n<title>Koolstofheffing : impact op de energiefactuur van huishoudens vanaf 2027 - Hernieuws<\/title>\n<meta name=\"description\" content=\"La taxe carbone s&#039;applique aux grandes industries polluantes et \u00e9nergivores mais d\u00e8s 2027, elle aura un impact sur les factures des m\u00e9nages.\" \/>\n<meta name=\"robots\" content=\"index, follow, max-snippet:-1, max-image-preview:large, max-video-preview:-1\" \/>\n<link rel=\"canonical\" href=\"https:\/\/www.renouvelle.be\/nl\/taxe-carbone-la-facture-energie-des-menages-impactee-des-2027\/\" \/>\n<meta property=\"og:locale\" content=\"nl_NL\" \/>\n<meta property=\"og:type\" content=\"article\" \/>\n<meta property=\"og:title\" content=\"Koolstofheffing : impact op de energiefactuur van huishoudens vanaf 2027 - Hernieuws\" \/>\n<meta property=\"og:description\" content=\"La taxe carbone s&#039;applique aux grandes industries polluantes et \u00e9nergivores mais d\u00e8s 2027, elle aura un impact sur les factures des m\u00e9nages.\" \/>\n<meta property=\"og:url\" content=\"https:\/\/www.renouvelle.be\/nl\/taxe-carbone-la-facture-energie-des-menages-impactee-des-2027\/\" \/>\n<meta property=\"og:site_name\" content=\"Hernieuws\" \/>\n<meta property=\"article:published_time\" content=\"2024-12-10T09:11:24+00:00\" \/>\n<meta property=\"article:modified_time\" content=\"2025-01-07T14:41:57+00:00\" \/>\n<meta property=\"og:image\" content=\"https:\/\/www.renouvelle.be\/wp-content\/uploads\/2024\/12\/iStock-1424068251.jpg\" \/>\n\t<meta property=\"og:image:width\" content=\"2262\" \/>\n\t<meta property=\"og:image:height\" content=\"1325\" \/>\n\t<meta property=\"og:image:type\" content=\"image\/jpeg\" \/>\n<meta name=\"author\" content=\"Samuel Alves\" \/>\n<meta name=\"twitter:card\" content=\"summary_large_image\" \/>\n<script type=\"application\/ld+json\" class=\"yoast-schema-graph\">{\"@context\":\"https:\\\/\\\/schema.org\",\"@graph\":[{\"@type\":\"Article\",\"@id\":\"https:\\\/\\\/www.renouvelle.be\\\/nl\\\/taxe-carbone-la-facture-energie-des-menages-impactee-des-2027\\\/#article\",\"isPartOf\":{\"@id\":\"https:\\\/\\\/www.renouvelle.be\\\/nl\\\/taxe-carbone-la-facture-energie-des-menages-impactee-des-2027\\\/\"},\"author\":{\"name\":\"Samuel Alves\",\"@id\":\"https:\\\/\\\/www.renouvelle.be\\\/fr\\\/#\\\/schema\\\/person\\\/9d743366fb269eeceaa8d60e98d289d3\"},\"headline\":\"Koolstofheffing : impact op de energiefactuur van huishoudens vanaf 2027\",\"datePublished\":\"2024-12-10T09:11:24+00:00\",\"dateModified\":\"2025-01-07T14:41:57+00:00\",\"mainEntityOfPage\":{\"@id\":\"https:\\\/\\\/www.renouvelle.be\\\/nl\\\/taxe-carbone-la-facture-energie-des-menages-impactee-des-2027\\\/\"},\"wordCount\":365,\"image\":{\"@id\":\"https:\\\/\\\/www.renouvelle.be\\\/nl\\\/taxe-carbone-la-facture-energie-des-menages-impactee-des-2027\\\/#primaryimage\"},\"thumbnailUrl\":\"https:\\\/\\\/www.renouvelle.be\\\/wp-content\\\/uploads\\\/2024\\\/12\\\/iStock-1424068251.jpg\",\"articleSection\":[\"Nieuws\"],\"inLanguage\":\"nl-NL\"},{\"@type\":\"WebPage\",\"@id\":\"https:\\\/\\\/www.renouvelle.be\\\/nl\\\/taxe-carbone-la-facture-energie-des-menages-impactee-des-2027\\\/\",\"url\":\"https:\\\/\\\/www.renouvelle.be\\\/nl\\\/taxe-carbone-la-facture-energie-des-menages-impactee-des-2027\\\/\",\"name\":\"Koolstofheffing : impact op de energiefactuur van huishoudens vanaf 2027 - Hernieuws\",\"isPartOf\":{\"@id\":\"https:\\\/\\\/www.renouvelle.be\\\/fr\\\/#website\"},\"primaryImageOfPage\":{\"@id\":\"https:\\\/\\\/www.renouvelle.be\\\/nl\\\/taxe-carbone-la-facture-energie-des-menages-impactee-des-2027\\\/#primaryimage\"},\"image\":{\"@id\":\"https:\\\/\\\/www.renouvelle.be\\\/nl\\\/taxe-carbone-la-facture-energie-des-menages-impactee-des-2027\\\/#primaryimage\"},\"thumbnailUrl\":\"https:\\\/\\\/www.renouvelle.be\\\/wp-content\\\/uploads\\\/2024\\\/12\\\/iStock-1424068251.jpg\",\"datePublished\":\"2024-12-10T09:11:24+00:00\",\"dateModified\":\"2025-01-07T14:41:57+00:00\",\"author\":{\"@id\":\"https:\\\/\\\/www.renouvelle.be\\\/fr\\\/#\\\/schema\\\/person\\\/9d743366fb269eeceaa8d60e98d289d3\"},\"description\":\"La taxe carbone s'applique aux grandes industries polluantes et \u00e9nergivores mais d\u00e8s 2027, elle aura un impact sur les factures des m\u00e9nages.\",\"breadcrumb\":{\"@id\":\"https:\\\/\\\/www.renouvelle.be\\\/nl\\\/taxe-carbone-la-facture-energie-des-menages-impactee-des-2027\\\/#breadcrumb\"},\"inLanguage\":\"nl-NL\",\"potentialAction\":[{\"@type\":\"ReadAction\",\"target\":[\"https:\\\/\\\/www.renouvelle.be\\\/nl\\\/taxe-carbone-la-facture-energie-des-menages-impactee-des-2027\\\/\"]}]},{\"@type\":\"ImageObject\",\"inLanguage\":\"nl-NL\",\"@id\":\"https:\\\/\\\/www.renouvelle.be\\\/nl\\\/taxe-carbone-la-facture-energie-des-menages-impactee-des-2027\\\/#primaryimage\",\"url\":\"https:\\\/\\\/www.renouvelle.be\\\/wp-content\\\/uploads\\\/2024\\\/12\\\/iStock-1424068251.jpg\",\"contentUrl\":\"https:\\\/\\\/www.renouvelle.be\\\/wp-content\\\/uploads\\\/2024\\\/12\\\/iStock-1424068251.jpg\",\"width\":2262,\"height\":1325,\"caption\":\"Expensive heating concept.\"},{\"@type\":\"BreadcrumbList\",\"@id\":\"https:\\\/\\\/www.renouvelle.be\\\/nl\\\/taxe-carbone-la-facture-energie-des-menages-impactee-des-2027\\\/#breadcrumb\",\"itemListElement\":[{\"@type\":\"ListItem\",\"position\":1,\"name\":\"Accueil\",\"item\":\"https:\\\/\\\/www.renouvelle.be\\\/nl\\\/\"},{\"@type\":\"ListItem\",\"position\":2,\"name\":\"Koolstofheffing : impact op de energiefactuur van huishoudens vanaf 2027\"}]},{\"@type\":\"WebSite\",\"@id\":\"https:\\\/\\\/www.renouvelle.be\\\/fr\\\/#website\",\"url\":\"https:\\\/\\\/www.renouvelle.be\\\/fr\\\/\",\"name\":\"Hernieuws\",\"description\":\"Nieuws  over duurzame energie\",\"potentialAction\":[{\"@type\":\"SearchAction\",\"target\":{\"@type\":\"EntryPoint\",\"urlTemplate\":\"https:\\\/\\\/www.renouvelle.be\\\/fr\\\/?s={search_term_string}\"},\"query-input\":{\"@type\":\"PropertyValueSpecification\",\"valueRequired\":true,\"valueName\":\"search_term_string\"}}],\"inLanguage\":\"nl-NL\"},{\"@type\":\"Person\",\"@id\":\"https:\\\/\\\/www.renouvelle.be\\\/fr\\\/#\\\/schema\\\/person\\\/9d743366fb269eeceaa8d60e98d289d3\",\"name\":\"Samuel Alves\",\"url\":\"https:\\\/\\\/www.renouvelle.be\\\/nl\\\/author\\\/salves\\\/\"}]}<\/script>\n<!-- \/ Yoast SEO plugin. -->","yoast_head_json":{"title":"Koolstofheffing : impact op de energiefactuur van huishoudens vanaf 2027 - Hernieuws","description":"La taxe carbone s'applique aux grandes industries polluantes et \u00e9nergivores mais d\u00e8s 2027, elle aura un impact sur les factures des m\u00e9nages.","robots":{"index":"index","follow":"follow","max-snippet":"max-snippet:-1","max-image-preview":"max-image-preview:large","max-video-preview":"max-video-preview:-1"},"canonical":"https:\/\/www.renouvelle.be\/nl\/taxe-carbone-la-facture-energie-des-menages-impactee-des-2027\/","og_locale":"nl_NL","og_type":"article","og_title":"Koolstofheffing : impact op de energiefactuur van huishoudens vanaf 2027 - Hernieuws","og_description":"La taxe carbone s'applique aux grandes industries polluantes et \u00e9nergivores mais d\u00e8s 2027, elle aura un impact sur les factures des m\u00e9nages.","og_url":"https:\/\/www.renouvelle.be\/nl\/taxe-carbone-la-facture-energie-des-menages-impactee-des-2027\/","og_site_name":"Hernieuws","article_published_time":"2024-12-10T09:11:24+00:00","article_modified_time":"2025-01-07T14:41:57+00:00","og_image":[{"width":2262,"height":1325,"url":"https:\/\/www.renouvelle.be\/wp-content\/uploads\/2024\/12\/iStock-1424068251.jpg","type":"image\/jpeg"}],"author":"Samuel Alves","twitter_card":"summary_large_image","schema":{"@context":"https:\/\/schema.org","@graph":[{"@type":"Article","@id":"https:\/\/www.renouvelle.be\/nl\/taxe-carbone-la-facture-energie-des-menages-impactee-des-2027\/#article","isPartOf":{"@id":"https:\/\/www.renouvelle.be\/nl\/taxe-carbone-la-facture-energie-des-menages-impactee-des-2027\/"},"author":{"name":"Samuel Alves","@id":"https:\/\/www.renouvelle.be\/fr\/#\/schema\/person\/9d743366fb269eeceaa8d60e98d289d3"},"headline":"Koolstofheffing : impact op de energiefactuur van huishoudens vanaf 2027","datePublished":"2024-12-10T09:11:24+00:00","dateModified":"2025-01-07T14:41:57+00:00","mainEntityOfPage":{"@id":"https:\/\/www.renouvelle.be\/nl\/taxe-carbone-la-facture-energie-des-menages-impactee-des-2027\/"},"wordCount":365,"image":{"@id":"https:\/\/www.renouvelle.be\/nl\/taxe-carbone-la-facture-energie-des-menages-impactee-des-2027\/#primaryimage"},"thumbnailUrl":"https:\/\/www.renouvelle.be\/wp-content\/uploads\/2024\/12\/iStock-1424068251.jpg","articleSection":["Nieuws"],"inLanguage":"nl-NL"},{"@type":"WebPage","@id":"https:\/\/www.renouvelle.be\/nl\/taxe-carbone-la-facture-energie-des-menages-impactee-des-2027\/","url":"https:\/\/www.renouvelle.be\/nl\/taxe-carbone-la-facture-energie-des-menages-impactee-des-2027\/","name":"Koolstofheffing : impact op de energiefactuur van huishoudens vanaf 2027 - Hernieuws","isPartOf":{"@id":"https:\/\/www.renouvelle.be\/fr\/#website"},"primaryImageOfPage":{"@id":"https:\/\/www.renouvelle.be\/nl\/taxe-carbone-la-facture-energie-des-menages-impactee-des-2027\/#primaryimage"},"image":{"@id":"https:\/\/www.renouvelle.be\/nl\/taxe-carbone-la-facture-energie-des-menages-impactee-des-2027\/#primaryimage"},"thumbnailUrl":"https:\/\/www.renouvelle.be\/wp-content\/uploads\/2024\/12\/iStock-1424068251.jpg","datePublished":"2024-12-10T09:11:24+00:00","dateModified":"2025-01-07T14:41:57+00:00","author":{"@id":"https:\/\/www.renouvelle.be\/fr\/#\/schema\/person\/9d743366fb269eeceaa8d60e98d289d3"},"description":"La taxe carbone s'applique aux grandes industries polluantes et \u00e9nergivores mais d\u00e8s 2027, elle aura un impact sur les factures des m\u00e9nages.","breadcrumb":{"@id":"https:\/\/www.renouvelle.be\/nl\/taxe-carbone-la-facture-energie-des-menages-impactee-des-2027\/#breadcrumb"},"inLanguage":"nl-NL","potentialAction":[{"@type":"ReadAction","target":["https:\/\/www.renouvelle.be\/nl\/taxe-carbone-la-facture-energie-des-menages-impactee-des-2027\/"]}]},{"@type":"ImageObject","inLanguage":"nl-NL","@id":"https:\/\/www.renouvelle.be\/nl\/taxe-carbone-la-facture-energie-des-menages-impactee-des-2027\/#primaryimage","url":"https:\/\/www.renouvelle.be\/wp-content\/uploads\/2024\/12\/iStock-1424068251.jpg","contentUrl":"https:\/\/www.renouvelle.be\/wp-content\/uploads\/2024\/12\/iStock-1424068251.jpg","width":2262,"height":1325,"caption":"Expensive heating concept."},{"@type":"BreadcrumbList","@id":"https:\/\/www.renouvelle.be\/nl\/taxe-carbone-la-facture-energie-des-menages-impactee-des-2027\/#breadcrumb","itemListElement":[{"@type":"ListItem","position":1,"name":"Accueil","item":"https:\/\/www.renouvelle.be\/nl\/"},{"@type":"ListItem","position":2,"name":"Koolstofheffing : impact op de energiefactuur van huishoudens vanaf 2027"}]},{"@type":"WebSite","@id":"https:\/\/www.renouvelle.be\/fr\/#website","url":"https:\/\/www.renouvelle.be\/fr\/","name":"Hernieuws","description":"Nieuws  over duurzame energie","potentialAction":[{"@type":"SearchAction","target":{"@type":"EntryPoint","urlTemplate":"https:\/\/www.renouvelle.be\/fr\/?s={search_term_string}"},"query-input":{"@type":"PropertyValueSpecification","valueRequired":true,"valueName":"search_term_string"}}],"inLanguage":"nl-NL"},{"@type":"Person","@id":"https:\/\/www.renouvelle.be\/fr\/#\/schema\/person\/9d743366fb269eeceaa8d60e98d289d3","name":"Samuel Alves","url":"https:\/\/www.renouvelle.be\/nl\/author\/salves\/"}]}},"_links":{"self":[{"href":"https:\/\/www.renouvelle.be\/nl\/wp-json\/wp\/v2\/posts\/14511","targetHints":{"allow":["GET"]}}],"collection":[{"href":"https:\/\/www.renouvelle.be\/nl\/wp-json\/wp\/v2\/posts"}],"about":[{"href":"https:\/\/www.renouvelle.be\/nl\/wp-json\/wp\/v2\/types\/post"}],"author":[{"embeddable":true,"href":"https:\/\/www.renouvelle.be\/nl\/wp-json\/wp\/v2\/users\/38"}],"replies":[{"embeddable":true,"href":"https:\/\/www.renouvelle.be\/nl\/wp-json\/wp\/v2\/comments?post=14511"}],"version-history":[{"count":1,"href":"https:\/\/www.renouvelle.be\/nl\/wp-json\/wp\/v2\/posts\/14511\/revisions"}],"predecessor-version":[{"id":14513,"href":"https:\/\/www.renouvelle.be\/nl\/wp-json\/wp\/v2\/posts\/14511\/revisions\/14513"}],"wp:featuredmedia":[{"embeddable":true,"href":"https:\/\/www.renouvelle.be\/nl\/wp-json\/wp\/v2\/media\/14433"}],"wp:attachment":[{"href":"https:\/\/www.renouvelle.be\/nl\/wp-json\/wp\/v2\/media?parent=14511"}],"wp:term":[{"taxonomy":"category","embeddable":true,"href":"https:\/\/www.renouvelle.be\/nl\/wp-json\/wp\/v2\/categories?post=14511"},{"taxonomy":"post_tag","embeddable":true,"href":"https:\/\/www.renouvelle.be\/nl\/wp-json\/wp\/v2\/tags?post=14511"},{"taxonomy":"section","embeddable":true,"href":"https:\/\/www.renouvelle.be\/nl\/wp-json\/wp\/v2\/section?post=14511"}],"curies":[{"name":"wp","href":"https:\/\/api.w.org\/{rel}","templated":true}]}}