{"id":13919,"date":"2024-09-26T14:43:33","date_gmt":"2024-09-26T12:43:33","guid":{"rendered":"https:\/\/www.renouvelle.be\/parcs-de-batteries-une-capacite-bientot-decuplee-en-belgique\/"},"modified":"2024-10-21T16:13:31","modified_gmt":"2024-10-21T14:13:31","slug":"parcs-de-batteries-une-capacite-bientot-decuplee-en-belgique","status":"publish","type":"post","link":"https:\/\/www.renouvelle.be\/nl\/parcs-de-batteries-une-capacite-bientot-decuplee-en-belgique\/","title":{"rendered":"Batterijparken: vertienvoudiging van capaciteit in Belgi\u00eb"},"content":{"rendered":"\n<p>Nu hernieuwbare energie een steeds groter deel van onze elektriciteitsmix uitmaakt, is het belangrijk om het overschot te kunnen opslaan om er optimaal van te profiteren. Volgens een studie van <em>De Tijd<\/em> zal het aantal grootschalige batterijparken in Belgi\u00eb tegen 2026 vertienvoudigen.<\/p>\n\n\n\n<p>In totaal zijn er al 3.900 MW aan projecten in ontwikkeling. Deze capaciteit zou evenveel energie kunnen leveren als de vijf kernreactoren die momenteel operationeel zijn.<\/p>\n\n\n\n<p>Dit is een aanzienlijke vooruitgang, aangezien ons land in 2022 slechts 50 MW aan ge\u00efnstalleerde batterijcapaciteit had. Sindsdien is deze capaciteit verdrievoudigd tot 152 MW op het hoogspanningsnet van Elia. Dankzij nieuwe bouwprojecten zal deze capaciteit de komende twee jaar vertienvoudigen tot meer dan 1.500 MW.<\/p>\n\n\n\n<p>De bijkomende 2.400 MW zijn projecten die een vergunning waarvoor vergunningen zijn verleend of aangevraagd, afkomstig van elektriciteitsproducenten, vastgoedbedrijven en startende batterijbedrijven.<\/p>\n\n\n\n<p>Voor deze projecten is aanzienlijke financiering nodig, die nu al in de miljarden euro&#8217;s loopt. Volgens <em>De Tijd<\/em> wordt de investering in projecten die momenteel in aanbouw zijn (of nog moeten komen) al geschat op \u20ac1,4-1,8 miljard. Als alle toekomstige batterijparken gebouwd zouden worden, kan dit bedrag oplopen tot meer dan \u20ac4,6 miljard.<\/p>\n\n\n\n<p>Op het hoogspanningsnet zullen batterijparken een cruciale rol spelen bij het balanceren van het net door overtollige hernieuwbare energieproductie te absorberen en vrij te geven op momenten d van hoge vraag, bijvoorbeeld tijdens piekverbruik in de vroege ochtend of avond.<\/p>\n\n\n\n<p>Natuurlijk zijn batterijparken niet de enige oplossing om dit overschot op te vangen: de flexibiliteit van de consument blijft een essenti\u00eble troef om het net in balans te houden.<\/p>\n\n\n\n<p><\/p>\n","protected":false},"excerpt":{"rendered":"<p>Nu hernieuwbare energie een steeds groter deel van onze elektriciteitsmix uitmaakt, is het belangrijk om het overschot te kunnen opslaan om er optimaal van te profiteren. Volgens een studie van De Tijd zal het aantal grootschalige batterijparken in Belgi\u00eb tegen 2026 vertienvoudigen. In totaal zijn er al 3.900 MW aan projecten in ontwikkeling. Deze capaciteit zou evenveel energie kunnen leveren als de vijf kernreactoren die momenteel operationeel zijn. Dit is een aanzienlijke vooruitgang, aangezien ons land in 2022 slechts 50 MW aan ge\u00efnstalleerde batterijcapaciteit had. Sindsdien is deze capaciteit verdrievoudigd tot 152 MW op het hoogspanningsnet van Elia. Dankzij nieuwe bouwprojecten zal deze capaciteit de komende twee jaar vertienvoudigen tot meer dan 1.500 MW. De bijkomende 2.400 MW zijn projecten die een vergunning waarvoor vergunningen zijn verleend of aangevraagd, afkomstig van elektriciteitsproducenten, vastgoedbedrijven en startende batterijbedrijven. Voor deze projecten is aanzienlijke financiering nodig, die nu al in de miljarden euro&#8217;s loopt. Volgens De Tijd wordt de investering in projecten die momenteel in aanbouw zijn (of nog moeten komen) al geschat op \u20ac1,4-1,8 miljard. Als alle toekomstige batterijparken gebouwd zouden worden, kan dit bedrag oplopen tot meer dan \u20ac4,6 miljard. Op het hoogspanningsnet zullen batterijparken een cruciale rol spelen bij het balanceren van het net door overtollige hernieuwbare energieproductie te absorberen en vrij te geven op momenten d van hoge vraag, bijvoorbeeld tijdens piekverbruik in de vroege ochtend of avond. Natuurlijk zijn batterijparken niet de enige oplossing om dit overschot op te vangen: de flexibiliteit van de consument blijft een essenti\u00eble troef om het net in balans te houden.<\/p>\n","protected":false},"author":38,"featured_media":13748,"comment_status":"closed","ping_status":"closed","sticky":false,"template":"","format":"standard","meta":{"_acf_changed":false,"footnotes":""},"categories":[32],"tags":[],"section":[48],"class_list":["post-13919","post","type-post","status-publish","format-standard","has-post-thumbnail","hentry","category-in-belgie","section-opslag"],"acf":[],"yoast_head":"<!-- This site is optimized with the Yoast SEO plugin v27.5 - https:\/\/yoast.com\/product\/yoast-seo-wordpress\/ -->\n<title>Batterijparken: vertienvoudiging van capaciteit in Belgi\u00eb - Hernieuws<\/title>\n<meta name=\"description\" content=\"In totaal is er 3.900 MW ge\u00efnstalleerde capaciteit gepland voor nieuwe batterijparken in Belgi\u00eb.\" \/>\n<meta name=\"robots\" content=\"index, follow, max-snippet:-1, max-image-preview:large, max-video-preview:-1\" \/>\n<link rel=\"canonical\" href=\"https:\/\/www.renouvelle.be\/nl\/parcs-de-batteries-une-capacite-bientot-decuplee-en-belgique\/\" \/>\n<meta property=\"og:locale\" content=\"nl_NL\" \/>\n<meta property=\"og:type\" content=\"article\" \/>\n<meta property=\"og:title\" content=\"Batterijparken: vertienvoudiging van capaciteit in Belgi\u00eb - Hernieuws\" \/>\n<meta property=\"og:description\" content=\"In totaal is er 3.900 MW ge\u00efnstalleerde capaciteit gepland voor nieuwe batterijparken in Belgi\u00eb.\" \/>\n<meta property=\"og:url\" content=\"https:\/\/www.renouvelle.be\/nl\/parcs-de-batteries-une-capacite-bientot-decuplee-en-belgique\/\" \/>\n<meta property=\"og:site_name\" content=\"Hernieuws\" \/>\n<meta property=\"article:published_time\" content=\"2024-09-26T12:43:33+00:00\" \/>\n<meta property=\"article:modified_time\" content=\"2024-10-21T14:13:31+00:00\" \/>\n<meta property=\"og:image\" content=\"https:\/\/www.renouvelle.be\/wp-content\/uploads\/2024\/09\/iStock-1642477286.jpg\" \/>\n\t<meta property=\"og:image:width\" content=\"2308\" \/>\n\t<meta property=\"og:image:height\" content=\"1298\" \/>\n\t<meta property=\"og:image:type\" content=\"image\/jpeg\" \/>\n<meta name=\"author\" content=\"Samuel Alves\" \/>\n<meta name=\"twitter:card\" content=\"summary_large_image\" \/>\n<script type=\"application\/ld+json\" class=\"yoast-schema-graph\">{\"@context\":\"https:\\\/\\\/schema.org\",\"@graph\":[{\"@type\":\"Article\",\"@id\":\"https:\\\/\\\/www.renouvelle.be\\\/nl\\\/parcs-de-batteries-une-capacite-bientot-decuplee-en-belgique\\\/#article\",\"isPartOf\":{\"@id\":\"https:\\\/\\\/www.renouvelle.be\\\/nl\\\/parcs-de-batteries-une-capacite-bientot-decuplee-en-belgique\\\/\"},\"author\":{\"name\":\"Samuel Alves\",\"@id\":\"https:\\\/\\\/www.renouvelle.be\\\/fr\\\/#\\\/schema\\\/person\\\/9d743366fb269eeceaa8d60e98d289d3\"},\"headline\":\"Batterijparken: vertienvoudiging van capaciteit in Belgi\u00eb\",\"datePublished\":\"2024-09-26T12:43:33+00:00\",\"dateModified\":\"2024-10-21T14:13:31+00:00\",\"mainEntityOfPage\":{\"@id\":\"https:\\\/\\\/www.renouvelle.be\\\/nl\\\/parcs-de-batteries-une-capacite-bientot-decuplee-en-belgique\\\/\"},\"wordCount\":259,\"image\":{\"@id\":\"https:\\\/\\\/www.renouvelle.be\\\/nl\\\/parcs-de-batteries-une-capacite-bientot-decuplee-en-belgique\\\/#primaryimage\"},\"thumbnailUrl\":\"https:\\\/\\\/www.renouvelle.be\\\/wp-content\\\/uploads\\\/2024\\\/09\\\/iStock-1642477286.jpg\",\"articleSection\":[\"In Belgi\u00eb\"],\"inLanguage\":\"nl-NL\"},{\"@type\":\"WebPage\",\"@id\":\"https:\\\/\\\/www.renouvelle.be\\\/nl\\\/parcs-de-batteries-une-capacite-bientot-decuplee-en-belgique\\\/\",\"url\":\"https:\\\/\\\/www.renouvelle.be\\\/nl\\\/parcs-de-batteries-une-capacite-bientot-decuplee-en-belgique\\\/\",\"name\":\"Batterijparken: vertienvoudiging van capaciteit in Belgi\u00eb - Hernieuws\",\"isPartOf\":{\"@id\":\"https:\\\/\\\/www.renouvelle.be\\\/fr\\\/#website\"},\"primaryImageOfPage\":{\"@id\":\"https:\\\/\\\/www.renouvelle.be\\\/nl\\\/parcs-de-batteries-une-capacite-bientot-decuplee-en-belgique\\\/#primaryimage\"},\"image\":{\"@id\":\"https:\\\/\\\/www.renouvelle.be\\\/nl\\\/parcs-de-batteries-une-capacite-bientot-decuplee-en-belgique\\\/#primaryimage\"},\"thumbnailUrl\":\"https:\\\/\\\/www.renouvelle.be\\\/wp-content\\\/uploads\\\/2024\\\/09\\\/iStock-1642477286.jpg\",\"datePublished\":\"2024-09-26T12:43:33+00:00\",\"dateModified\":\"2024-10-21T14:13:31+00:00\",\"author\":{\"@id\":\"https:\\\/\\\/www.renouvelle.be\\\/fr\\\/#\\\/schema\\\/person\\\/9d743366fb269eeceaa8d60e98d289d3\"},\"description\":\"In totaal is er 3.900 MW ge\u00efnstalleerde capaciteit gepland voor nieuwe batterijparken in Belgi\u00eb.\",\"breadcrumb\":{\"@id\":\"https:\\\/\\\/www.renouvelle.be\\\/nl\\\/parcs-de-batteries-une-capacite-bientot-decuplee-en-belgique\\\/#breadcrumb\"},\"inLanguage\":\"nl-NL\",\"potentialAction\":[{\"@type\":\"ReadAction\",\"target\":[\"https:\\\/\\\/www.renouvelle.be\\\/nl\\\/parcs-de-batteries-une-capacite-bientot-decuplee-en-belgique\\\/\"]}]},{\"@type\":\"ImageObject\",\"inLanguage\":\"nl-NL\",\"@id\":\"https:\\\/\\\/www.renouvelle.be\\\/nl\\\/parcs-de-batteries-une-capacite-bientot-decuplee-en-belgique\\\/#primaryimage\",\"url\":\"https:\\\/\\\/www.renouvelle.be\\\/wp-content\\\/uploads\\\/2024\\\/09\\\/iStock-1642477286.jpg\",\"contentUrl\":\"https:\\\/\\\/www.renouvelle.be\\\/wp-content\\\/uploads\\\/2024\\\/09\\\/iStock-1642477286.jpg\",\"width\":2308,\"height\":1298,\"caption\":\"Battery charge indicator wood model. Phone charge level. Discharged and fully charged battery. Battery charge from high to low.\"},{\"@type\":\"BreadcrumbList\",\"@id\":\"https:\\\/\\\/www.renouvelle.be\\\/nl\\\/parcs-de-batteries-une-capacite-bientot-decuplee-en-belgique\\\/#breadcrumb\",\"itemListElement\":[{\"@type\":\"ListItem\",\"position\":1,\"name\":\"Accueil\",\"item\":\"https:\\\/\\\/www.renouvelle.be\\\/nl\\\/\"},{\"@type\":\"ListItem\",\"position\":2,\"name\":\"Batterijparken: vertienvoudiging van capaciteit in Belgi\u00eb\"}]},{\"@type\":\"WebSite\",\"@id\":\"https:\\\/\\\/www.renouvelle.be\\\/fr\\\/#website\",\"url\":\"https:\\\/\\\/www.renouvelle.be\\\/fr\\\/\",\"name\":\"Hernieuws\",\"description\":\"Nieuws  over duurzame energie\",\"potentialAction\":[{\"@type\":\"SearchAction\",\"target\":{\"@type\":\"EntryPoint\",\"urlTemplate\":\"https:\\\/\\\/www.renouvelle.be\\\/fr\\\/?s={search_term_string}\"},\"query-input\":{\"@type\":\"PropertyValueSpecification\",\"valueRequired\":true,\"valueName\":\"search_term_string\"}}],\"inLanguage\":\"nl-NL\"},{\"@type\":\"Person\",\"@id\":\"https:\\\/\\\/www.renouvelle.be\\\/fr\\\/#\\\/schema\\\/person\\\/9d743366fb269eeceaa8d60e98d289d3\",\"name\":\"Samuel Alves\",\"url\":\"https:\\\/\\\/www.renouvelle.be\\\/nl\\\/author\\\/salves\\\/\"}]}<\/script>\n<!-- \/ Yoast SEO plugin. -->","yoast_head_json":{"title":"Batterijparken: vertienvoudiging van capaciteit in Belgi\u00eb - Hernieuws","description":"In totaal is er 3.900 MW ge\u00efnstalleerde capaciteit gepland voor nieuwe batterijparken in Belgi\u00eb.","robots":{"index":"index","follow":"follow","max-snippet":"max-snippet:-1","max-image-preview":"max-image-preview:large","max-video-preview":"max-video-preview:-1"},"canonical":"https:\/\/www.renouvelle.be\/nl\/parcs-de-batteries-une-capacite-bientot-decuplee-en-belgique\/","og_locale":"nl_NL","og_type":"article","og_title":"Batterijparken: vertienvoudiging van capaciteit in Belgi\u00eb - Hernieuws","og_description":"In totaal is er 3.900 MW ge\u00efnstalleerde capaciteit gepland voor nieuwe batterijparken in Belgi\u00eb.","og_url":"https:\/\/www.renouvelle.be\/nl\/parcs-de-batteries-une-capacite-bientot-decuplee-en-belgique\/","og_site_name":"Hernieuws","article_published_time":"2024-09-26T12:43:33+00:00","article_modified_time":"2024-10-21T14:13:31+00:00","og_image":[{"width":2308,"height":1298,"url":"https:\/\/www.renouvelle.be\/wp-content\/uploads\/2024\/09\/iStock-1642477286.jpg","type":"image\/jpeg"}],"author":"Samuel Alves","twitter_card":"summary_large_image","schema":{"@context":"https:\/\/schema.org","@graph":[{"@type":"Article","@id":"https:\/\/www.renouvelle.be\/nl\/parcs-de-batteries-une-capacite-bientot-decuplee-en-belgique\/#article","isPartOf":{"@id":"https:\/\/www.renouvelle.be\/nl\/parcs-de-batteries-une-capacite-bientot-decuplee-en-belgique\/"},"author":{"name":"Samuel Alves","@id":"https:\/\/www.renouvelle.be\/fr\/#\/schema\/person\/9d743366fb269eeceaa8d60e98d289d3"},"headline":"Batterijparken: vertienvoudiging van capaciteit in Belgi\u00eb","datePublished":"2024-09-26T12:43:33+00:00","dateModified":"2024-10-21T14:13:31+00:00","mainEntityOfPage":{"@id":"https:\/\/www.renouvelle.be\/nl\/parcs-de-batteries-une-capacite-bientot-decuplee-en-belgique\/"},"wordCount":259,"image":{"@id":"https:\/\/www.renouvelle.be\/nl\/parcs-de-batteries-une-capacite-bientot-decuplee-en-belgique\/#primaryimage"},"thumbnailUrl":"https:\/\/www.renouvelle.be\/wp-content\/uploads\/2024\/09\/iStock-1642477286.jpg","articleSection":["In Belgi\u00eb"],"inLanguage":"nl-NL"},{"@type":"WebPage","@id":"https:\/\/www.renouvelle.be\/nl\/parcs-de-batteries-une-capacite-bientot-decuplee-en-belgique\/","url":"https:\/\/www.renouvelle.be\/nl\/parcs-de-batteries-une-capacite-bientot-decuplee-en-belgique\/","name":"Batterijparken: vertienvoudiging van capaciteit in Belgi\u00eb - Hernieuws","isPartOf":{"@id":"https:\/\/www.renouvelle.be\/fr\/#website"},"primaryImageOfPage":{"@id":"https:\/\/www.renouvelle.be\/nl\/parcs-de-batteries-une-capacite-bientot-decuplee-en-belgique\/#primaryimage"},"image":{"@id":"https:\/\/www.renouvelle.be\/nl\/parcs-de-batteries-une-capacite-bientot-decuplee-en-belgique\/#primaryimage"},"thumbnailUrl":"https:\/\/www.renouvelle.be\/wp-content\/uploads\/2024\/09\/iStock-1642477286.jpg","datePublished":"2024-09-26T12:43:33+00:00","dateModified":"2024-10-21T14:13:31+00:00","author":{"@id":"https:\/\/www.renouvelle.be\/fr\/#\/schema\/person\/9d743366fb269eeceaa8d60e98d289d3"},"description":"In totaal is er 3.900 MW ge\u00efnstalleerde capaciteit gepland voor nieuwe batterijparken in Belgi\u00eb.","breadcrumb":{"@id":"https:\/\/www.renouvelle.be\/nl\/parcs-de-batteries-une-capacite-bientot-decuplee-en-belgique\/#breadcrumb"},"inLanguage":"nl-NL","potentialAction":[{"@type":"ReadAction","target":["https:\/\/www.renouvelle.be\/nl\/parcs-de-batteries-une-capacite-bientot-decuplee-en-belgique\/"]}]},{"@type":"ImageObject","inLanguage":"nl-NL","@id":"https:\/\/www.renouvelle.be\/nl\/parcs-de-batteries-une-capacite-bientot-decuplee-en-belgique\/#primaryimage","url":"https:\/\/www.renouvelle.be\/wp-content\/uploads\/2024\/09\/iStock-1642477286.jpg","contentUrl":"https:\/\/www.renouvelle.be\/wp-content\/uploads\/2024\/09\/iStock-1642477286.jpg","width":2308,"height":1298,"caption":"Battery charge indicator wood model. Phone charge level. Discharged and fully charged battery. Battery charge from high to low."},{"@type":"BreadcrumbList","@id":"https:\/\/www.renouvelle.be\/nl\/parcs-de-batteries-une-capacite-bientot-decuplee-en-belgique\/#breadcrumb","itemListElement":[{"@type":"ListItem","position":1,"name":"Accueil","item":"https:\/\/www.renouvelle.be\/nl\/"},{"@type":"ListItem","position":2,"name":"Batterijparken: vertienvoudiging van capaciteit in Belgi\u00eb"}]},{"@type":"WebSite","@id":"https:\/\/www.renouvelle.be\/fr\/#website","url":"https:\/\/www.renouvelle.be\/fr\/","name":"Hernieuws","description":"Nieuws  over duurzame energie","potentialAction":[{"@type":"SearchAction","target":{"@type":"EntryPoint","urlTemplate":"https:\/\/www.renouvelle.be\/fr\/?s={search_term_string}"},"query-input":{"@type":"PropertyValueSpecification","valueRequired":true,"valueName":"search_term_string"}}],"inLanguage":"nl-NL"},{"@type":"Person","@id":"https:\/\/www.renouvelle.be\/fr\/#\/schema\/person\/9d743366fb269eeceaa8d60e98d289d3","name":"Samuel Alves","url":"https:\/\/www.renouvelle.be\/nl\/author\/salves\/"}]}},"_links":{"self":[{"href":"https:\/\/www.renouvelle.be\/nl\/wp-json\/wp\/v2\/posts\/13919","targetHints":{"allow":["GET"]}}],"collection":[{"href":"https:\/\/www.renouvelle.be\/nl\/wp-json\/wp\/v2\/posts"}],"about":[{"href":"https:\/\/www.renouvelle.be\/nl\/wp-json\/wp\/v2\/types\/post"}],"author":[{"embeddable":true,"href":"https:\/\/www.renouvelle.be\/nl\/wp-json\/wp\/v2\/users\/38"}],"replies":[{"embeddable":true,"href":"https:\/\/www.renouvelle.be\/nl\/wp-json\/wp\/v2\/comments?post=13919"}],"version-history":[{"count":1,"href":"https:\/\/www.renouvelle.be\/nl\/wp-json\/wp\/v2\/posts\/13919\/revisions"}],"predecessor-version":[{"id":13921,"href":"https:\/\/www.renouvelle.be\/nl\/wp-json\/wp\/v2\/posts\/13919\/revisions\/13921"}],"wp:featuredmedia":[{"embeddable":true,"href":"https:\/\/www.renouvelle.be\/nl\/wp-json\/wp\/v2\/media\/13748"}],"wp:attachment":[{"href":"https:\/\/www.renouvelle.be\/nl\/wp-json\/wp\/v2\/media?parent=13919"}],"wp:term":[{"taxonomy":"category","embeddable":true,"href":"https:\/\/www.renouvelle.be\/nl\/wp-json\/wp\/v2\/categories?post=13919"},{"taxonomy":"post_tag","embeddable":true,"href":"https:\/\/www.renouvelle.be\/nl\/wp-json\/wp\/v2\/tags?post=13919"},{"taxonomy":"section","embeddable":true,"href":"https:\/\/www.renouvelle.be\/nl\/wp-json\/wp\/v2\/section?post=13919"}],"curies":[{"name":"wp","href":"https:\/\/api.w.org\/{rel}","templated":true}]}}