{"id":13906,"date":"2024-10-18T16:21:49","date_gmt":"2024-10-18T14:21:49","guid":{"rendered":"https:\/\/www.renouvelle.be\/flandres-le-compteur-qui-tourne-a-lenvers-cest-bientot-fini\/"},"modified":"2024-10-21T14:51:35","modified_gmt":"2024-10-21T12:51:35","slug":"flandres-le-compteur-qui-tourne-a-lenvers-cest-bientot-fini","status":"publish","type":"post","link":"https:\/\/www.renouvelle.be\/nl\/flandres-le-compteur-qui-tourne-a-lenvers-cest-bientot-fini\/","title":{"rendered":"Vlaanderen: de omgekeerde meter behoort binnenkort tot het verleden"},"content":{"rendered":"\n<p>De betrokken klanten worden binnenkort door Fluvius, de netbeheerder van de elektriciteit in Vlaanderen, benaderd om digitale meters te laten installeren. Dit markeert het einde van de omgekeerde meter in het noorden van het land.<\/p>\n\n\n\n<p>Eigenaren van fotovolta\u00efsche installaties die minder dan 15 jaar oud zijn en waarvan de panelen v\u00f3\u00f3r 1 januari 2021 zijn ge\u00efnstalleerd, mogen hun analoge meters behouden tot 1 januari 2025. Na deze datum moeten ze overstappen op digitale meters.<\/p>\n\n\n\n<p>Deze overgang zal van toepassing zijn op 403.000 huishoudens, huizen, appartementen en kleine bedrijven. Voor klanten met een aardgasaansluiting worden de gasmeters tegelijk met de elektriciteitsmeters vervangen.<\/p>\n\n\n\n<p>Maandelijks zullen ongeveer 30.000 meters worden vervangen.<\/p>\n\n\n\n<p><\/p>\n","protected":false},"excerpt":{"rendered":"<p>De betrokken klanten worden binnenkort door Fluvius, de netbeheerder van de elektriciteit in Vlaanderen, benaderd om digitale meters te laten installeren. Dit markeert het einde van de omgekeerde meter in het noorden van het land. Eigenaren van fotovolta\u00efsche installaties die minder dan 15 jaar oud zijn en waarvan de panelen v\u00f3\u00f3r 1 januari 2021 zijn ge\u00efnstalleerd, mogen hun analoge meters behouden tot 1 januari 2025. Na deze datum moeten ze overstappen op digitale meters. Deze overgang zal van toepassing zijn op 403.000 huishoudens, huizen, appartementen en kleine bedrijven. Voor klanten met een aardgasaansluiting worden de gasmeters tegelijk met de elektriciteitsmeters vervangen. Maandelijks zullen ongeveer 30.000 meters worden vervangen.<\/p>\n","protected":false},"author":38,"featured_media":13888,"comment_status":"closed","ping_status":"closed","sticky":false,"template":"","format":"standard","meta":{"_acf_changed":false,"footnotes":""},"categories":[32],"tags":[],"section":[39,43],"class_list":["post-13906","post","type-post","status-publish","format-standard","has-post-thumbnail","hentry","category-in-belgie","section-hernieuwbare-energie","section-zonnestroom"],"acf":[],"yoast_head":"<!-- This site is optimized with the Yoast SEO plugin v27.4 - https:\/\/yoast.com\/product\/yoast-seo-wordpress\/ -->\n<title>Vlaanderen: de omgekeerde meter behoort binnenkort tot het verleden - Hernieuws<\/title>\n<meta name=\"description\" content=\"In Vlaanderen kondigt Fluvius het einde aan van de terugdraaiende teller op 1 januari 2025. 403.000 woningen worden getroffen.\" \/>\n<meta name=\"robots\" content=\"index, follow, max-snippet:-1, max-image-preview:large, max-video-preview:-1\" \/>\n<link rel=\"canonical\" href=\"https:\/\/www.renouvelle.be\/nl\/flandres-le-compteur-qui-tourne-a-lenvers-cest-bientot-fini\/\" \/>\n<meta property=\"og:locale\" content=\"nl_NL\" \/>\n<meta property=\"og:type\" content=\"article\" \/>\n<meta property=\"og:title\" content=\"Vlaanderen: de omgekeerde meter behoort binnenkort tot het verleden - Hernieuws\" \/>\n<meta property=\"og:description\" content=\"In Vlaanderen kondigt Fluvius het einde aan van de terugdraaiende teller op 1 januari 2025. 403.000 woningen worden getroffen.\" \/>\n<meta property=\"og:url\" content=\"https:\/\/www.renouvelle.be\/nl\/flandres-le-compteur-qui-tourne-a-lenvers-cest-bientot-fini\/\" \/>\n<meta property=\"og:site_name\" content=\"Hernieuws\" \/>\n<meta property=\"article:published_time\" content=\"2024-10-18T14:21:49+00:00\" \/>\n<meta property=\"article:modified_time\" content=\"2024-10-21T12:51:35+00:00\" \/>\n<meta property=\"og:image\" content=\"https:\/\/www.renouvelle.be\/wp-content\/uploads\/2024\/10\/iStock-1411624655.jpg\" \/>\n\t<meta property=\"og:image:width\" content=\"2110\" \/>\n\t<meta property=\"og:image:height\" content=\"1420\" \/>\n\t<meta property=\"og:image:type\" content=\"image\/jpeg\" \/>\n<meta name=\"author\" content=\"Samuel Alves\" \/>\n<meta name=\"twitter:card\" content=\"summary_large_image\" \/>\n<script type=\"application\/ld+json\" class=\"yoast-schema-graph\">{\"@context\":\"https:\\\/\\\/schema.org\",\"@graph\":[{\"@type\":\"Article\",\"@id\":\"https:\\\/\\\/www.renouvelle.be\\\/nl\\\/flandres-le-compteur-qui-tourne-a-lenvers-cest-bientot-fini\\\/#article\",\"isPartOf\":{\"@id\":\"https:\\\/\\\/www.renouvelle.be\\\/nl\\\/flandres-le-compteur-qui-tourne-a-lenvers-cest-bientot-fini\\\/\"},\"author\":{\"name\":\"Samuel Alves\",\"@id\":\"https:\\\/\\\/www.renouvelle.be\\\/fr\\\/#\\\/schema\\\/person\\\/9d743366fb269eeceaa8d60e98d289d3\"},\"headline\":\"Vlaanderen: de omgekeerde meter behoort binnenkort tot het verleden\",\"datePublished\":\"2024-10-18T14:21:49+00:00\",\"dateModified\":\"2024-10-21T12:51:35+00:00\",\"mainEntityOfPage\":{\"@id\":\"https:\\\/\\\/www.renouvelle.be\\\/nl\\\/flandres-le-compteur-qui-tourne-a-lenvers-cest-bientot-fini\\\/\"},\"wordCount\":113,\"image\":{\"@id\":\"https:\\\/\\\/www.renouvelle.be\\\/nl\\\/flandres-le-compteur-qui-tourne-a-lenvers-cest-bientot-fini\\\/#primaryimage\"},\"thumbnailUrl\":\"https:\\\/\\\/www.renouvelle.be\\\/wp-content\\\/uploads\\\/2024\\\/10\\\/iStock-1411624655.jpg\",\"articleSection\":[\"In Belgi\u00eb\"],\"inLanguage\":\"nl-NL\"},{\"@type\":\"WebPage\",\"@id\":\"https:\\\/\\\/www.renouvelle.be\\\/nl\\\/flandres-le-compteur-qui-tourne-a-lenvers-cest-bientot-fini\\\/\",\"url\":\"https:\\\/\\\/www.renouvelle.be\\\/nl\\\/flandres-le-compteur-qui-tourne-a-lenvers-cest-bientot-fini\\\/\",\"name\":\"Vlaanderen: de omgekeerde meter behoort binnenkort tot het verleden - Hernieuws\",\"isPartOf\":{\"@id\":\"https:\\\/\\\/www.renouvelle.be\\\/fr\\\/#website\"},\"primaryImageOfPage\":{\"@id\":\"https:\\\/\\\/www.renouvelle.be\\\/nl\\\/flandres-le-compteur-qui-tourne-a-lenvers-cest-bientot-fini\\\/#primaryimage\"},\"image\":{\"@id\":\"https:\\\/\\\/www.renouvelle.be\\\/nl\\\/flandres-le-compteur-qui-tourne-a-lenvers-cest-bientot-fini\\\/#primaryimage\"},\"thumbnailUrl\":\"https:\\\/\\\/www.renouvelle.be\\\/wp-content\\\/uploads\\\/2024\\\/10\\\/iStock-1411624655.jpg\",\"datePublished\":\"2024-10-18T14:21:49+00:00\",\"dateModified\":\"2024-10-21T12:51:35+00:00\",\"author\":{\"@id\":\"https:\\\/\\\/www.renouvelle.be\\\/fr\\\/#\\\/schema\\\/person\\\/9d743366fb269eeceaa8d60e98d289d3\"},\"description\":\"In Vlaanderen kondigt Fluvius het einde aan van de terugdraaiende teller op 1 januari 2025. 403.000 woningen worden getroffen.\",\"breadcrumb\":{\"@id\":\"https:\\\/\\\/www.renouvelle.be\\\/nl\\\/flandres-le-compteur-qui-tourne-a-lenvers-cest-bientot-fini\\\/#breadcrumb\"},\"inLanguage\":\"nl-NL\",\"potentialAction\":[{\"@type\":\"ReadAction\",\"target\":[\"https:\\\/\\\/www.renouvelle.be\\\/nl\\\/flandres-le-compteur-qui-tourne-a-lenvers-cest-bientot-fini\\\/\"]}]},{\"@type\":\"ImageObject\",\"inLanguage\":\"nl-NL\",\"@id\":\"https:\\\/\\\/www.renouvelle.be\\\/nl\\\/flandres-le-compteur-qui-tourne-a-lenvers-cest-bientot-fini\\\/#primaryimage\",\"url\":\"https:\\\/\\\/www.renouvelle.be\\\/wp-content\\\/uploads\\\/2024\\\/10\\\/iStock-1411624655.jpg\",\"contentUrl\":\"https:\\\/\\\/www.renouvelle.be\\\/wp-content\\\/uploads\\\/2024\\\/10\\\/iStock-1411624655.jpg\",\"width\":2110,\"height\":1420,\"caption\":\"Analog electricity meter for households. Measuring used electricity in kWh ( kilowatt hour )\"},{\"@type\":\"BreadcrumbList\",\"@id\":\"https:\\\/\\\/www.renouvelle.be\\\/nl\\\/flandres-le-compteur-qui-tourne-a-lenvers-cest-bientot-fini\\\/#breadcrumb\",\"itemListElement\":[{\"@type\":\"ListItem\",\"position\":1,\"name\":\"Accueil\",\"item\":\"https:\\\/\\\/www.renouvelle.be\\\/nl\\\/\"},{\"@type\":\"ListItem\",\"position\":2,\"name\":\"Vlaanderen: de omgekeerde meter behoort binnenkort tot het verleden\"}]},{\"@type\":\"WebSite\",\"@id\":\"https:\\\/\\\/www.renouvelle.be\\\/fr\\\/#website\",\"url\":\"https:\\\/\\\/www.renouvelle.be\\\/fr\\\/\",\"name\":\"Hernieuws\",\"description\":\"Nieuws  over duurzame energie\",\"potentialAction\":[{\"@type\":\"SearchAction\",\"target\":{\"@type\":\"EntryPoint\",\"urlTemplate\":\"https:\\\/\\\/www.renouvelle.be\\\/fr\\\/?s={search_term_string}\"},\"query-input\":{\"@type\":\"PropertyValueSpecification\",\"valueRequired\":true,\"valueName\":\"search_term_string\"}}],\"inLanguage\":\"nl-NL\"},{\"@type\":\"Person\",\"@id\":\"https:\\\/\\\/www.renouvelle.be\\\/fr\\\/#\\\/schema\\\/person\\\/9d743366fb269eeceaa8d60e98d289d3\",\"name\":\"Samuel Alves\",\"url\":\"https:\\\/\\\/www.renouvelle.be\\\/nl\\\/author\\\/salves\\\/\"}]}<\/script>\n<!-- \/ Yoast SEO plugin. -->","yoast_head_json":{"title":"Vlaanderen: de omgekeerde meter behoort binnenkort tot het verleden - Hernieuws","description":"In Vlaanderen kondigt Fluvius het einde aan van de terugdraaiende teller op 1 januari 2025. 403.000 woningen worden getroffen.","robots":{"index":"index","follow":"follow","max-snippet":"max-snippet:-1","max-image-preview":"max-image-preview:large","max-video-preview":"max-video-preview:-1"},"canonical":"https:\/\/www.renouvelle.be\/nl\/flandres-le-compteur-qui-tourne-a-lenvers-cest-bientot-fini\/","og_locale":"nl_NL","og_type":"article","og_title":"Vlaanderen: de omgekeerde meter behoort binnenkort tot het verleden - Hernieuws","og_description":"In Vlaanderen kondigt Fluvius het einde aan van de terugdraaiende teller op 1 januari 2025. 403.000 woningen worden getroffen.","og_url":"https:\/\/www.renouvelle.be\/nl\/flandres-le-compteur-qui-tourne-a-lenvers-cest-bientot-fini\/","og_site_name":"Hernieuws","article_published_time":"2024-10-18T14:21:49+00:00","article_modified_time":"2024-10-21T12:51:35+00:00","og_image":[{"width":2110,"height":1420,"url":"https:\/\/www.renouvelle.be\/wp-content\/uploads\/2024\/10\/iStock-1411624655.jpg","type":"image\/jpeg"}],"author":"Samuel Alves","twitter_card":"summary_large_image","schema":{"@context":"https:\/\/schema.org","@graph":[{"@type":"Article","@id":"https:\/\/www.renouvelle.be\/nl\/flandres-le-compteur-qui-tourne-a-lenvers-cest-bientot-fini\/#article","isPartOf":{"@id":"https:\/\/www.renouvelle.be\/nl\/flandres-le-compteur-qui-tourne-a-lenvers-cest-bientot-fini\/"},"author":{"name":"Samuel Alves","@id":"https:\/\/www.renouvelle.be\/fr\/#\/schema\/person\/9d743366fb269eeceaa8d60e98d289d3"},"headline":"Vlaanderen: de omgekeerde meter behoort binnenkort tot het verleden","datePublished":"2024-10-18T14:21:49+00:00","dateModified":"2024-10-21T12:51:35+00:00","mainEntityOfPage":{"@id":"https:\/\/www.renouvelle.be\/nl\/flandres-le-compteur-qui-tourne-a-lenvers-cest-bientot-fini\/"},"wordCount":113,"image":{"@id":"https:\/\/www.renouvelle.be\/nl\/flandres-le-compteur-qui-tourne-a-lenvers-cest-bientot-fini\/#primaryimage"},"thumbnailUrl":"https:\/\/www.renouvelle.be\/wp-content\/uploads\/2024\/10\/iStock-1411624655.jpg","articleSection":["In Belgi\u00eb"],"inLanguage":"nl-NL"},{"@type":"WebPage","@id":"https:\/\/www.renouvelle.be\/nl\/flandres-le-compteur-qui-tourne-a-lenvers-cest-bientot-fini\/","url":"https:\/\/www.renouvelle.be\/nl\/flandres-le-compteur-qui-tourne-a-lenvers-cest-bientot-fini\/","name":"Vlaanderen: de omgekeerde meter behoort binnenkort tot het verleden - Hernieuws","isPartOf":{"@id":"https:\/\/www.renouvelle.be\/fr\/#website"},"primaryImageOfPage":{"@id":"https:\/\/www.renouvelle.be\/nl\/flandres-le-compteur-qui-tourne-a-lenvers-cest-bientot-fini\/#primaryimage"},"image":{"@id":"https:\/\/www.renouvelle.be\/nl\/flandres-le-compteur-qui-tourne-a-lenvers-cest-bientot-fini\/#primaryimage"},"thumbnailUrl":"https:\/\/www.renouvelle.be\/wp-content\/uploads\/2024\/10\/iStock-1411624655.jpg","datePublished":"2024-10-18T14:21:49+00:00","dateModified":"2024-10-21T12:51:35+00:00","author":{"@id":"https:\/\/www.renouvelle.be\/fr\/#\/schema\/person\/9d743366fb269eeceaa8d60e98d289d3"},"description":"In Vlaanderen kondigt Fluvius het einde aan van de terugdraaiende teller op 1 januari 2025. 403.000 woningen worden getroffen.","breadcrumb":{"@id":"https:\/\/www.renouvelle.be\/nl\/flandres-le-compteur-qui-tourne-a-lenvers-cest-bientot-fini\/#breadcrumb"},"inLanguage":"nl-NL","potentialAction":[{"@type":"ReadAction","target":["https:\/\/www.renouvelle.be\/nl\/flandres-le-compteur-qui-tourne-a-lenvers-cest-bientot-fini\/"]}]},{"@type":"ImageObject","inLanguage":"nl-NL","@id":"https:\/\/www.renouvelle.be\/nl\/flandres-le-compteur-qui-tourne-a-lenvers-cest-bientot-fini\/#primaryimage","url":"https:\/\/www.renouvelle.be\/wp-content\/uploads\/2024\/10\/iStock-1411624655.jpg","contentUrl":"https:\/\/www.renouvelle.be\/wp-content\/uploads\/2024\/10\/iStock-1411624655.jpg","width":2110,"height":1420,"caption":"Analog electricity meter for households. Measuring used electricity in kWh ( kilowatt hour )"},{"@type":"BreadcrumbList","@id":"https:\/\/www.renouvelle.be\/nl\/flandres-le-compteur-qui-tourne-a-lenvers-cest-bientot-fini\/#breadcrumb","itemListElement":[{"@type":"ListItem","position":1,"name":"Accueil","item":"https:\/\/www.renouvelle.be\/nl\/"},{"@type":"ListItem","position":2,"name":"Vlaanderen: de omgekeerde meter behoort binnenkort tot het verleden"}]},{"@type":"WebSite","@id":"https:\/\/www.renouvelle.be\/fr\/#website","url":"https:\/\/www.renouvelle.be\/fr\/","name":"Hernieuws","description":"Nieuws  over duurzame energie","potentialAction":[{"@type":"SearchAction","target":{"@type":"EntryPoint","urlTemplate":"https:\/\/www.renouvelle.be\/fr\/?s={search_term_string}"},"query-input":{"@type":"PropertyValueSpecification","valueRequired":true,"valueName":"search_term_string"}}],"inLanguage":"nl-NL"},{"@type":"Person","@id":"https:\/\/www.renouvelle.be\/fr\/#\/schema\/person\/9d743366fb269eeceaa8d60e98d289d3","name":"Samuel Alves","url":"https:\/\/www.renouvelle.be\/nl\/author\/salves\/"}]}},"_links":{"self":[{"href":"https:\/\/www.renouvelle.be\/nl\/wp-json\/wp\/v2\/posts\/13906","targetHints":{"allow":["GET"]}}],"collection":[{"href":"https:\/\/www.renouvelle.be\/nl\/wp-json\/wp\/v2\/posts"}],"about":[{"href":"https:\/\/www.renouvelle.be\/nl\/wp-json\/wp\/v2\/types\/post"}],"author":[{"embeddable":true,"href":"https:\/\/www.renouvelle.be\/nl\/wp-json\/wp\/v2\/users\/38"}],"replies":[{"embeddable":true,"href":"https:\/\/www.renouvelle.be\/nl\/wp-json\/wp\/v2\/comments?post=13906"}],"version-history":[{"count":1,"href":"https:\/\/www.renouvelle.be\/nl\/wp-json\/wp\/v2\/posts\/13906\/revisions"}],"predecessor-version":[{"id":13908,"href":"https:\/\/www.renouvelle.be\/nl\/wp-json\/wp\/v2\/posts\/13906\/revisions\/13908"}],"wp:featuredmedia":[{"embeddable":true,"href":"https:\/\/www.renouvelle.be\/nl\/wp-json\/wp\/v2\/media\/13888"}],"wp:attachment":[{"href":"https:\/\/www.renouvelle.be\/nl\/wp-json\/wp\/v2\/media?parent=13906"}],"wp:term":[{"taxonomy":"category","embeddable":true,"href":"https:\/\/www.renouvelle.be\/nl\/wp-json\/wp\/v2\/categories?post=13906"},{"taxonomy":"post_tag","embeddable":true,"href":"https:\/\/www.renouvelle.be\/nl\/wp-json\/wp\/v2\/tags?post=13906"},{"taxonomy":"section","embeddable":true,"href":"https:\/\/www.renouvelle.be\/nl\/wp-json\/wp\/v2\/section?post=13906"}],"curies":[{"name":"wp","href":"https:\/\/api.w.org\/{rel}","templated":true}]}}