{"id":13523,"date":"2024-08-08T10:01:43","date_gmt":"2024-08-08T08:01:43","guid":{"rendered":"https:\/\/www.renouvelle.be\/hausse-du-recyclage-des-panneaux-photovoltaiques-en-belgique\/"},"modified":"2024-08-14T16:08:09","modified_gmt":"2024-08-14T14:08:09","slug":"hausse-du-recyclage-des-panneaux-photovoltaiques-en-belgique","status":"publish","type":"post","link":"https:\/\/www.renouvelle.be\/nl\/hausse-du-recyclage-des-panneaux-photovoltaiques-en-belgique\/","title":{"rendered":"Recycling van fotovolta\u00efsche panelen neemt toe in Belgi\u00eb"},"content":{"rendered":"\n<p>Niet slecht, en dat is een goede zaak! Vorig jaar werd in Belgi\u00eb 658 ton panelen ingezameld voor recycling. Het eerste kwartaal van 2024 belooft veel goeds voor de rest van het jaar, met al 400 ton teruggewonnen fotovolta\u00efsche panelen.<\/p>\n\n\n\n<p>Dit zijn de cijfers die PV CYCLE Belgi\u00eb, een specialist in het inzamelen en recyclen van zonnepanelen, meedeelt in haar jaarverslag van 2023. Deze stijging zal zich waarschijnlijk voortzetten, gezien het recordaantal fotovolta\u00efsche paneelinstallaties in Belgi\u00eb in 2023, die een cumulatief vermogen van bijna 10 GWp bereikten.<\/p>\n\n\n\n<p>Vorig jaar werden er meer dan 4 miljoen zonnepanelen geregistreerd door de 400 bedrijven die aangesloten zijn bij PV CYCLE Belgi\u00eb. Dit is een stijging van 37% ten opzichte van 2022, toen het aantal installaties al meer dan verdubbeld was ten opzichte van 2021, zoals blijkt uit onderstaande grafiek.<\/p>\n\n\n\n<p><\/p>\n\n\n<div class=\"wp-block-image\">\n<figure class=\"aligncenter size-full is-resized\"><img loading=\"lazy\" decoding=\"async\" width=\"538\" height=\"375\" src=\"https:\/\/www.renouvelle.be\/wp-content\/uploads\/2024\/08\/Img_RecyclagePV_Belgique_01-ndls.png\" alt=\"\" class=\"wp-image-13525\" style=\"width:487px;height:auto\" srcset=\"https:\/\/www.renouvelle.be\/wp-content\/uploads\/2024\/08\/Img_RecyclagePV_Belgique_01-ndls.png 538w, https:\/\/www.renouvelle.be\/wp-content\/uploads\/2024\/08\/Img_RecyclagePV_Belgique_01-ndls-300x209.png 300w\" sizes=\"auto, (max-width: 538px) 100vw, 538px\" \/><figcaption class=\"wp-element-caption\">Bron : PV CYCLE Belgium<\/figcaption><\/figure>\n<\/div>\n\n\n<p><\/p>\n\n\n\n<p>Dankzij een netwerk van 88 inzamelpunten kon <a href=\"https:\/\/pvcycle.be\/nieuws-evenementen\/\" target=\"_blank\" rel=\"noreferrer noopener\">PV CYCLE<\/a> 31% van de 658 ton zonnepanelen die in 2023 werden afgedankt, inzamelen. Deze punten verzamelen kleine hoeveelheden, tot 40 panelen. Grotere hoeveelheden worden gratis opgehaald door het bedrijf op de site waar de te recycleren panelen opgeslagen liggen.<\/p>\n\n\n\n<p>86% van de ingezamelde panelen kwam uit Vlaanderen, een percentage dat het grote aantal zonnepanelen weerspiegelt dat in het verleden ge\u00efnstalleerd werd. De toename van de in de toekomst te verwerken volumes heeft geleid tot de ondertekening van contracten met twee recycling centra: BNE Trading &amp; Recycling in Vlaanderen en Comet Traitements in het zuiden van het land.<\/p>\n","protected":false},"excerpt":{"rendered":"<p>Niet slecht, en dat is een goede zaak! Vorig jaar werd in Belgi\u00eb 658 ton panelen ingezameld voor recycling. Het eerste kwartaal van 2024 belooft veel goeds voor de rest van het jaar, met al 400 ton teruggewonnen fotovolta\u00efsche panelen. Dit zijn de cijfers die PV CYCLE Belgi\u00eb, een specialist in het inzamelen en recyclen van zonnepanelen, meedeelt in haar jaarverslag van 2023. Deze stijging zal zich waarschijnlijk voortzetten, gezien het recordaantal fotovolta\u00efsche paneelinstallaties in Belgi\u00eb in 2023, die een cumulatief vermogen van bijna 10 GWp bereikten. Vorig jaar werden er meer dan 4 miljoen zonnepanelen geregistreerd door de 400 bedrijven die aangesloten zijn bij PV CYCLE Belgi\u00eb. Dit is een stijging van 37% ten opzichte van 2022, toen het aantal installaties al meer dan verdubbeld was ten opzichte van 2021, zoals blijkt uit onderstaande grafiek. Dankzij een netwerk van 88 inzamelpunten kon PV CYCLE 31% van de 658 ton zonnepanelen die in 2023 werden afgedankt, inzamelen. Deze punten verzamelen kleine hoeveelheden, tot 40 panelen. Grotere hoeveelheden worden gratis opgehaald door het bedrijf op de site waar de te recycleren panelen opgeslagen liggen. 86% van de ingezamelde panelen kwam uit Vlaanderen, een percentage dat het grote aantal zonnepanelen weerspiegelt dat in het verleden ge\u00efnstalleerd werd. De toename van de in de toekomst te verwerken volumes heeft geleid tot de ondertekening van contracten met twee recycling centra: BNE Trading &amp; Recycling in Vlaanderen en Comet Traitements in het zuiden van het land.<\/p>\n","protected":false},"author":38,"featured_media":13450,"comment_status":"closed","ping_status":"closed","sticky":false,"template":"","format":"standard","meta":{"_acf_changed":false,"footnotes":""},"categories":[32],"tags":[],"section":[43],"class_list":["post-13523","post","type-post","status-publish","format-standard","has-post-thumbnail","hentry","category-in-belgie","section-zonnestroom"],"acf":[],"yoast_head":"<!-- This site is optimized with the Yoast SEO plugin v27.5 - https:\/\/yoast.com\/product\/yoast-seo-wordpress\/ -->\n<title>Recycling van fotovolta\u00efsche panelen neemt toe in Belgi\u00eb - Hernieuws<\/title>\n<meta name=\"description\" content=\"Vorig jaar is er een recordaantal zonnepanelen ge\u00efnstalleerd, maar hoe staat het met de recycling ervan in Belgi\u00eb?\" \/>\n<meta name=\"robots\" content=\"index, follow, max-snippet:-1, max-image-preview:large, max-video-preview:-1\" \/>\n<link rel=\"canonical\" href=\"https:\/\/www.renouvelle.be\/nl\/hausse-du-recyclage-des-panneaux-photovoltaiques-en-belgique\/\" \/>\n<meta property=\"og:locale\" content=\"nl_NL\" \/>\n<meta property=\"og:type\" content=\"article\" \/>\n<meta property=\"og:title\" content=\"Recycling van fotovolta\u00efsche panelen neemt toe in Belgi\u00eb - Hernieuws\" \/>\n<meta property=\"og:description\" content=\"Vorig jaar is er een recordaantal zonnepanelen ge\u00efnstalleerd, maar hoe staat het met de recycling ervan in Belgi\u00eb?\" \/>\n<meta property=\"og:url\" content=\"https:\/\/www.renouvelle.be\/nl\/hausse-du-recyclage-des-panneaux-photovoltaiques-en-belgique\/\" \/>\n<meta property=\"og:site_name\" content=\"Hernieuws\" \/>\n<meta property=\"article:published_time\" content=\"2024-08-08T08:01:43+00:00\" \/>\n<meta property=\"article:modified_time\" content=\"2024-08-14T14:08:09+00:00\" \/>\n<meta property=\"og:image\" content=\"https:\/\/www.renouvelle.be\/wp-content\/uploads\/2024\/08\/iStock-2024720440-1024x683.jpg\" \/>\n\t<meta property=\"og:image:width\" content=\"1024\" \/>\n\t<meta property=\"og:image:height\" content=\"683\" \/>\n\t<meta property=\"og:image:type\" content=\"image\/jpeg\" \/>\n<meta name=\"author\" content=\"Samuel Alves\" \/>\n<meta name=\"twitter:card\" content=\"summary_large_image\" \/>\n<script type=\"application\/ld+json\" class=\"yoast-schema-graph\">{\"@context\":\"https:\\\/\\\/schema.org\",\"@graph\":[{\"@type\":\"Article\",\"@id\":\"https:\\\/\\\/www.renouvelle.be\\\/nl\\\/hausse-du-recyclage-des-panneaux-photovoltaiques-en-belgique\\\/#article\",\"isPartOf\":{\"@id\":\"https:\\\/\\\/www.renouvelle.be\\\/nl\\\/hausse-du-recyclage-des-panneaux-photovoltaiques-en-belgique\\\/\"},\"author\":{\"name\":\"Samuel Alves\",\"@id\":\"https:\\\/\\\/www.renouvelle.be\\\/fr\\\/#\\\/schema\\\/person\\\/9d743366fb269eeceaa8d60e98d289d3\"},\"headline\":\"Recycling van fotovolta\u00efsche panelen neemt toe in Belgi\u00eb\",\"datePublished\":\"2024-08-08T08:01:43+00:00\",\"dateModified\":\"2024-08-14T14:08:09+00:00\",\"mainEntityOfPage\":{\"@id\":\"https:\\\/\\\/www.renouvelle.be\\\/nl\\\/hausse-du-recyclage-des-panneaux-photovoltaiques-en-belgique\\\/\"},\"wordCount\":240,\"image\":{\"@id\":\"https:\\\/\\\/www.renouvelle.be\\\/nl\\\/hausse-du-recyclage-des-panneaux-photovoltaiques-en-belgique\\\/#primaryimage\"},\"thumbnailUrl\":\"https:\\\/\\\/www.renouvelle.be\\\/wp-content\\\/uploads\\\/2024\\\/08\\\/iStock-2024720440-e1723099793411.jpg\",\"articleSection\":[\"In Belgi\u00eb\"],\"inLanguage\":\"nl-NL\"},{\"@type\":\"WebPage\",\"@id\":\"https:\\\/\\\/www.renouvelle.be\\\/nl\\\/hausse-du-recyclage-des-panneaux-photovoltaiques-en-belgique\\\/\",\"url\":\"https:\\\/\\\/www.renouvelle.be\\\/nl\\\/hausse-du-recyclage-des-panneaux-photovoltaiques-en-belgique\\\/\",\"name\":\"Recycling van fotovolta\u00efsche panelen neemt toe in Belgi\u00eb - Hernieuws\",\"isPartOf\":{\"@id\":\"https:\\\/\\\/www.renouvelle.be\\\/fr\\\/#website\"},\"primaryImageOfPage\":{\"@id\":\"https:\\\/\\\/www.renouvelle.be\\\/nl\\\/hausse-du-recyclage-des-panneaux-photovoltaiques-en-belgique\\\/#primaryimage\"},\"image\":{\"@id\":\"https:\\\/\\\/www.renouvelle.be\\\/nl\\\/hausse-du-recyclage-des-panneaux-photovoltaiques-en-belgique\\\/#primaryimage\"},\"thumbnailUrl\":\"https:\\\/\\\/www.renouvelle.be\\\/wp-content\\\/uploads\\\/2024\\\/08\\\/iStock-2024720440-e1723099793411.jpg\",\"datePublished\":\"2024-08-08T08:01:43+00:00\",\"dateModified\":\"2024-08-14T14:08:09+00:00\",\"author\":{\"@id\":\"https:\\\/\\\/www.renouvelle.be\\\/fr\\\/#\\\/schema\\\/person\\\/9d743366fb269eeceaa8d60e98d289d3\"},\"description\":\"Vorig jaar is er een recordaantal zonnepanelen ge\u00efnstalleerd, maar hoe staat het met de recycling ervan in Belgi\u00eb?\",\"breadcrumb\":{\"@id\":\"https:\\\/\\\/www.renouvelle.be\\\/nl\\\/hausse-du-recyclage-des-panneaux-photovoltaiques-en-belgique\\\/#breadcrumb\"},\"inLanguage\":\"nl-NL\",\"potentialAction\":[{\"@type\":\"ReadAction\",\"target\":[\"https:\\\/\\\/www.renouvelle.be\\\/nl\\\/hausse-du-recyclage-des-panneaux-photovoltaiques-en-belgique\\\/\"]}]},{\"@type\":\"ImageObject\",\"inLanguage\":\"nl-NL\",\"@id\":\"https:\\\/\\\/www.renouvelle.be\\\/nl\\\/hausse-du-recyclage-des-panneaux-photovoltaiques-en-belgique\\\/#primaryimage\",\"url\":\"https:\\\/\\\/www.renouvelle.be\\\/wp-content\\\/uploads\\\/2024\\\/08\\\/iStock-2024720440-e1723099793411.jpg\",\"contentUrl\":\"https:\\\/\\\/www.renouvelle.be\\\/wp-content\\\/uploads\\\/2024\\\/08\\\/iStock-2024720440-e1723099793411.jpg\",\"width\":2121,\"height\":1414,\"caption\":\"Old obsolete solar panels in factory yard, selective focus\"},{\"@type\":\"BreadcrumbList\",\"@id\":\"https:\\\/\\\/www.renouvelle.be\\\/nl\\\/hausse-du-recyclage-des-panneaux-photovoltaiques-en-belgique\\\/#breadcrumb\",\"itemListElement\":[{\"@type\":\"ListItem\",\"position\":1,\"name\":\"Accueil\",\"item\":\"https:\\\/\\\/www.renouvelle.be\\\/nl\\\/\"},{\"@type\":\"ListItem\",\"position\":2,\"name\":\"Recycling van fotovolta\u00efsche panelen neemt toe in Belgi\u00eb\"}]},{\"@type\":\"WebSite\",\"@id\":\"https:\\\/\\\/www.renouvelle.be\\\/fr\\\/#website\",\"url\":\"https:\\\/\\\/www.renouvelle.be\\\/fr\\\/\",\"name\":\"Hernieuws\",\"description\":\"Nieuws  over duurzame energie\",\"potentialAction\":[{\"@type\":\"SearchAction\",\"target\":{\"@type\":\"EntryPoint\",\"urlTemplate\":\"https:\\\/\\\/www.renouvelle.be\\\/fr\\\/?s={search_term_string}\"},\"query-input\":{\"@type\":\"PropertyValueSpecification\",\"valueRequired\":true,\"valueName\":\"search_term_string\"}}],\"inLanguage\":\"nl-NL\"},{\"@type\":\"Person\",\"@id\":\"https:\\\/\\\/www.renouvelle.be\\\/fr\\\/#\\\/schema\\\/person\\\/9d743366fb269eeceaa8d60e98d289d3\",\"name\":\"Samuel Alves\",\"url\":\"https:\\\/\\\/www.renouvelle.be\\\/nl\\\/author\\\/salves\\\/\"}]}<\/script>\n<!-- \/ Yoast SEO plugin. -->","yoast_head_json":{"title":"Recycling van fotovolta\u00efsche panelen neemt toe in Belgi\u00eb - Hernieuws","description":"Vorig jaar is er een recordaantal zonnepanelen ge\u00efnstalleerd, maar hoe staat het met de recycling ervan in Belgi\u00eb?","robots":{"index":"index","follow":"follow","max-snippet":"max-snippet:-1","max-image-preview":"max-image-preview:large","max-video-preview":"max-video-preview:-1"},"canonical":"https:\/\/www.renouvelle.be\/nl\/hausse-du-recyclage-des-panneaux-photovoltaiques-en-belgique\/","og_locale":"nl_NL","og_type":"article","og_title":"Recycling van fotovolta\u00efsche panelen neemt toe in Belgi\u00eb - Hernieuws","og_description":"Vorig jaar is er een recordaantal zonnepanelen ge\u00efnstalleerd, maar hoe staat het met de recycling ervan in Belgi\u00eb?","og_url":"https:\/\/www.renouvelle.be\/nl\/hausse-du-recyclage-des-panneaux-photovoltaiques-en-belgique\/","og_site_name":"Hernieuws","article_published_time":"2024-08-08T08:01:43+00:00","article_modified_time":"2024-08-14T14:08:09+00:00","og_image":[{"width":1024,"height":683,"url":"https:\/\/www.renouvelle.be\/wp-content\/uploads\/2024\/08\/iStock-2024720440-1024x683.jpg","type":"image\/jpeg"}],"author":"Samuel Alves","twitter_card":"summary_large_image","schema":{"@context":"https:\/\/schema.org","@graph":[{"@type":"Article","@id":"https:\/\/www.renouvelle.be\/nl\/hausse-du-recyclage-des-panneaux-photovoltaiques-en-belgique\/#article","isPartOf":{"@id":"https:\/\/www.renouvelle.be\/nl\/hausse-du-recyclage-des-panneaux-photovoltaiques-en-belgique\/"},"author":{"name":"Samuel Alves","@id":"https:\/\/www.renouvelle.be\/fr\/#\/schema\/person\/9d743366fb269eeceaa8d60e98d289d3"},"headline":"Recycling van fotovolta\u00efsche panelen neemt toe in Belgi\u00eb","datePublished":"2024-08-08T08:01:43+00:00","dateModified":"2024-08-14T14:08:09+00:00","mainEntityOfPage":{"@id":"https:\/\/www.renouvelle.be\/nl\/hausse-du-recyclage-des-panneaux-photovoltaiques-en-belgique\/"},"wordCount":240,"image":{"@id":"https:\/\/www.renouvelle.be\/nl\/hausse-du-recyclage-des-panneaux-photovoltaiques-en-belgique\/#primaryimage"},"thumbnailUrl":"https:\/\/www.renouvelle.be\/wp-content\/uploads\/2024\/08\/iStock-2024720440-e1723099793411.jpg","articleSection":["In Belgi\u00eb"],"inLanguage":"nl-NL"},{"@type":"WebPage","@id":"https:\/\/www.renouvelle.be\/nl\/hausse-du-recyclage-des-panneaux-photovoltaiques-en-belgique\/","url":"https:\/\/www.renouvelle.be\/nl\/hausse-du-recyclage-des-panneaux-photovoltaiques-en-belgique\/","name":"Recycling van fotovolta\u00efsche panelen neemt toe in Belgi\u00eb - Hernieuws","isPartOf":{"@id":"https:\/\/www.renouvelle.be\/fr\/#website"},"primaryImageOfPage":{"@id":"https:\/\/www.renouvelle.be\/nl\/hausse-du-recyclage-des-panneaux-photovoltaiques-en-belgique\/#primaryimage"},"image":{"@id":"https:\/\/www.renouvelle.be\/nl\/hausse-du-recyclage-des-panneaux-photovoltaiques-en-belgique\/#primaryimage"},"thumbnailUrl":"https:\/\/www.renouvelle.be\/wp-content\/uploads\/2024\/08\/iStock-2024720440-e1723099793411.jpg","datePublished":"2024-08-08T08:01:43+00:00","dateModified":"2024-08-14T14:08:09+00:00","author":{"@id":"https:\/\/www.renouvelle.be\/fr\/#\/schema\/person\/9d743366fb269eeceaa8d60e98d289d3"},"description":"Vorig jaar is er een recordaantal zonnepanelen ge\u00efnstalleerd, maar hoe staat het met de recycling ervan in Belgi\u00eb?","breadcrumb":{"@id":"https:\/\/www.renouvelle.be\/nl\/hausse-du-recyclage-des-panneaux-photovoltaiques-en-belgique\/#breadcrumb"},"inLanguage":"nl-NL","potentialAction":[{"@type":"ReadAction","target":["https:\/\/www.renouvelle.be\/nl\/hausse-du-recyclage-des-panneaux-photovoltaiques-en-belgique\/"]}]},{"@type":"ImageObject","inLanguage":"nl-NL","@id":"https:\/\/www.renouvelle.be\/nl\/hausse-du-recyclage-des-panneaux-photovoltaiques-en-belgique\/#primaryimage","url":"https:\/\/www.renouvelle.be\/wp-content\/uploads\/2024\/08\/iStock-2024720440-e1723099793411.jpg","contentUrl":"https:\/\/www.renouvelle.be\/wp-content\/uploads\/2024\/08\/iStock-2024720440-e1723099793411.jpg","width":2121,"height":1414,"caption":"Old obsolete solar panels in factory yard, selective focus"},{"@type":"BreadcrumbList","@id":"https:\/\/www.renouvelle.be\/nl\/hausse-du-recyclage-des-panneaux-photovoltaiques-en-belgique\/#breadcrumb","itemListElement":[{"@type":"ListItem","position":1,"name":"Accueil","item":"https:\/\/www.renouvelle.be\/nl\/"},{"@type":"ListItem","position":2,"name":"Recycling van fotovolta\u00efsche panelen neemt toe in Belgi\u00eb"}]},{"@type":"WebSite","@id":"https:\/\/www.renouvelle.be\/fr\/#website","url":"https:\/\/www.renouvelle.be\/fr\/","name":"Hernieuws","description":"Nieuws  over duurzame energie","potentialAction":[{"@type":"SearchAction","target":{"@type":"EntryPoint","urlTemplate":"https:\/\/www.renouvelle.be\/fr\/?s={search_term_string}"},"query-input":{"@type":"PropertyValueSpecification","valueRequired":true,"valueName":"search_term_string"}}],"inLanguage":"nl-NL"},{"@type":"Person","@id":"https:\/\/www.renouvelle.be\/fr\/#\/schema\/person\/9d743366fb269eeceaa8d60e98d289d3","name":"Samuel Alves","url":"https:\/\/www.renouvelle.be\/nl\/author\/salves\/"}]}},"_links":{"self":[{"href":"https:\/\/www.renouvelle.be\/nl\/wp-json\/wp\/v2\/posts\/13523","targetHints":{"allow":["GET"]}}],"collection":[{"href":"https:\/\/www.renouvelle.be\/nl\/wp-json\/wp\/v2\/posts"}],"about":[{"href":"https:\/\/www.renouvelle.be\/nl\/wp-json\/wp\/v2\/types\/post"}],"author":[{"embeddable":true,"href":"https:\/\/www.renouvelle.be\/nl\/wp-json\/wp\/v2\/users\/38"}],"replies":[{"embeddable":true,"href":"https:\/\/www.renouvelle.be\/nl\/wp-json\/wp\/v2\/comments?post=13523"}],"version-history":[{"count":2,"href":"https:\/\/www.renouvelle.be\/nl\/wp-json\/wp\/v2\/posts\/13523\/revisions"}],"predecessor-version":[{"id":13528,"href":"https:\/\/www.renouvelle.be\/nl\/wp-json\/wp\/v2\/posts\/13523\/revisions\/13528"}],"wp:featuredmedia":[{"embeddable":true,"href":"https:\/\/www.renouvelle.be\/nl\/wp-json\/wp\/v2\/media\/13450"}],"wp:attachment":[{"href":"https:\/\/www.renouvelle.be\/nl\/wp-json\/wp\/v2\/media?parent=13523"}],"wp:term":[{"taxonomy":"category","embeddable":true,"href":"https:\/\/www.renouvelle.be\/nl\/wp-json\/wp\/v2\/categories?post=13523"},{"taxonomy":"post_tag","embeddable":true,"href":"https:\/\/www.renouvelle.be\/nl\/wp-json\/wp\/v2\/tags?post=13523"},{"taxonomy":"section","embeddable":true,"href":"https:\/\/www.renouvelle.be\/nl\/wp-json\/wp\/v2\/section?post=13523"}],"curies":[{"name":"wp","href":"https:\/\/api.w.org\/{rel}","templated":true}]}}