{"id":13411,"date":"2024-05-30T09:38:12","date_gmt":"2024-05-30T07:38:12","guid":{"rendered":"https:\/\/www.renouvelle.be\/la-precarite-energetique-touche-de-plus-en-plus-de-foyers-belges\/"},"modified":"2024-07-19T10:54:12","modified_gmt":"2024-07-19T08:54:12","slug":"la-precarite-energetique-touche-de-plus-en-plus-de-foyers-belges","status":"publish","type":"post","link":"https:\/\/www.renouvelle.be\/nl\/la-precarite-energetique-touche-de-plus-en-plus-de-foyers-belges\/","title":{"rendered":"Energiearmoede treft steeds meer Belgische huishoudens"},"content":{"rendered":"\n<p>Meer precies werd 21,8% van de huishoudens getroffen, 6,9% meer dan in 2021. De cijfers van de recente barometer van de Koning Boudewijnstichting tonen aan dat energieverbruik voor velen van ons een zorg blijft.<\/p>\n\n\n\n<p>Ter herinnering: energiearmoede is de moeilijkheid om in zijn eigen energiebehoeften te voorzien voor basisgebruik: verwarming, verlichting, koken, enz. Deze situaties zijn het gevolg van een aantal factoren, waaronder lage inkomens, slechte energieprestaties van woningen en hoge energieprijzen.<\/p>\n\n\n\n<p>Met een extra uitgave van \u20ac73 per maand aan energierekeningen heeft 13,5% van de huishoudens energiekosten die te hoog zijn voor hun inkomen. De toename van energiearmoede varieert van gewest tot gewest, waarbij Walloni\u00eb het hoogste percentage laat zien (29,2%). Daarna volgt het Brussels Hoofdstedelijk Gewest met 28,2% en Vlaanderen met het laagste percentage (16,4%).<\/p>\n\n\n\n<p>Het is geen verrassing dat deze situatie het resultaat is van verschillende opeenvolgende (of zelfs gelijktijdige) crises in de afgelopen jaren. De COVID-pandemie, met een sterke daling van de vraag naar elektriciteit tijdens de lockdown periode, werd gevolgd door een spoedige hervatting, waardoor vraag en aanbod uit balans raakten en de energieprijzen dus stegen. Het conflict in Oekra\u00efne heeft de situatie verergerd en de prijzen opgedreven.<\/p>\n\n\n\n<p>In december 2022 was de prijs per MWh aardgas 2,5 keer hoger dan in 2018, en zelfs 4 keer hoger dan in december 2020. De prijs van stookolie was ook 28% hoger dan in 2021.<\/p>\n\n\n\n<p>De crisis heeft niet alleen de meest kwetsbare van de maatschappij getroffen. De ernst van de crisis heeft aangetoond dat energiearmoede nu iedereen kan treffen, ook de middenklasse. De \u201ckern\u201d-middenklasse blijft stabiel, terwijl de \u201clagere\u201d middenklasse stijgt van een energiearmoedepercentage van 36,2% in 2021 naar 43% het jaar daarop. Alleenstaanden en eenoudergezinnen blijven het kwetsbaarst voor energiearmoede en stijgen van 24,8% naar 37,4%.<\/p>\n\n\n\n<h2 class=\"wp-block-heading\"><strong>Hoe kunnen hernieuwbare energiebronnen helpen om energiearmoede te bestrijden?<\/strong><\/h2>\n\n\n\n<p>Hernieuwbare energiebronnen hebben lagere productiekosten dan fossiele brandstoffen en stabielere prijzen, wat een positief effect heeft op de facturen. De strijd tegen energiearmoede houdt natuurlijk ook renovatie van huizen in. Een verbetering van de energie-effici\u00ebntie helpt om de energie-uitgaven, en dus de energiekosten, onder controle te houden.<br><br>Hoe kunnen we mensen in energiearmoede betrekken bij de energietransitie, zodat zij net als de rest van de samenleving kunnen profiteren van de voordelen van hernieuwbare energie?<br><br>De memorandum van de <a href=\"https:\/\/energiecommune.be\/\" target=\"_blank\" rel=\"noreferrer noopener\">Energie Commune<\/a> stelt concrete oplossingen voor om de strijd tegen energiearmoede koolstofarm te maken:<\/p>\n\n\n\n<ul class=\"wp-block-list\">\n<li>Financi\u00eble steun bieden voor toegang tot lokale hernieuwbare energieproductie<\/li>\n\n\n\n<li>De deelname van mensen in energiearmoede aan energiedelen aanmoedigen via het Federaal Sociaal Fonds.<\/li>\n\n\n\n<li>Het delen van energie in sociale woningen aanmoedigen<\/li>\n\n\n\n<li>Energiedelen projecten opzetten waarbij mensen in energiearmoede betrokken zijn.<\/li>\n<\/ul>\n\n\n\n<p>De democratisering van de energietransitie is daarom essentieel om de samenleving als geheel eerlijke toegang te geven tot hernieuwbare energie.<\/p>\n\n\n\n<p><a id=\"_msocom_1\"><\/a><\/p>\n","protected":false},"excerpt":{"rendered":"<p>Meer precies werd 21,8% van de huishoudens getroffen, 6,9% meer dan in 2021. De cijfers van de recente barometer van de Koning Boudewijnstichting tonen aan dat energieverbruik voor velen van ons een zorg blijft. Ter herinnering: energiearmoede is de moeilijkheid om in zijn eigen energiebehoeften te voorzien voor basisgebruik: verwarming, verlichting, koken, enz. Deze situaties zijn het gevolg van een aantal factoren, waaronder lage inkomens, slechte energieprestaties van woningen en hoge energieprijzen. Met een extra uitgave van \u20ac73 per maand aan energierekeningen heeft 13,5% van de huishoudens energiekosten die te hoog zijn voor hun inkomen. De toename van energiearmoede varieert van gewest tot gewest, waarbij Walloni\u00eb het hoogste percentage laat zien (29,2%). Daarna volgt het Brussels Hoofdstedelijk Gewest met 28,2% en Vlaanderen met het laagste percentage (16,4%). Het is geen verrassing dat deze situatie het resultaat is van verschillende opeenvolgende (of zelfs gelijktijdige) crises in de afgelopen jaren. De COVID-pandemie, met een sterke daling van de vraag naar elektriciteit tijdens de lockdown periode, werd gevolgd door een spoedige hervatting, waardoor vraag en aanbod uit balans raakten en de energieprijzen dus stegen. Het conflict in Oekra\u00efne heeft de situatie verergerd en de prijzen opgedreven. In december 2022 was de prijs per MWh aardgas 2,5 keer hoger dan in 2018, en zelfs 4 keer hoger dan in december 2020. De prijs van stookolie was ook 28% hoger dan in 2021. De crisis heeft niet alleen de meest kwetsbare van de maatschappij getroffen. De ernst van de crisis heeft aangetoond dat energiearmoede nu iedereen kan treffen, ook de middenklasse. De \u201ckern\u201d-middenklasse blijft stabiel, terwijl de \u201clagere\u201d middenklasse stijgt van een energiearmoedepercentage van 36,2% in 2021 naar 43% het jaar daarop. Alleenstaanden en eenoudergezinnen blijven het kwetsbaarst voor energiearmoede en stijgen van 24,8% naar &hellip; <a href=\"https:\/\/www.renouvelle.be\/nl\/la-precarite-energetique-touche-de-plus-en-plus-de-foyers-belges\/\" class=\"more-link\">Continue reading<span class=\"screen-reader-text\"> &#8220;Energiearmoede treft steeds meer Belgische huishoudens&#8221;<\/span><\/a><\/p>\n","protected":false},"author":38,"featured_media":13079,"comment_status":"closed","ping_status":"closed","sticky":false,"template":"","format":"standard","meta":{"_acf_changed":false,"footnotes":""},"categories":[32],"tags":[],"section":[],"class_list":["post-13411","post","type-post","status-publish","format-standard","has-post-thumbnail","hentry","category-in-belgie"],"acf":[],"yoast_head":"<!-- This site is optimized with the Yoast SEO plugin v27.4 - https:\/\/yoast.com\/product\/yoast-seo-wordpress\/ -->\n<title>Energiearmoede treft steeds meer Belgische huishoudens - Hernieuws<\/title>\n<meta name=\"description\" content=\"Depuis 2021, plus en plus de familles belges sont touch\u00e9es par la pr\u00e9carit\u00e9 \u00e9nerg\u00e9tique y compris la classe moyenne.\" \/>\n<meta name=\"robots\" content=\"index, follow, max-snippet:-1, max-image-preview:large, max-video-preview:-1\" \/>\n<link rel=\"canonical\" href=\"https:\/\/www.renouvelle.be\/nl\/la-precarite-energetique-touche-de-plus-en-plus-de-foyers-belges\/\" \/>\n<meta property=\"og:locale\" content=\"nl_NL\" \/>\n<meta property=\"og:type\" content=\"article\" \/>\n<meta property=\"og:title\" content=\"Energiearmoede treft steeds meer Belgische huishoudens - Hernieuws\" \/>\n<meta property=\"og:description\" content=\"Depuis 2021, plus en plus de familles belges sont touch\u00e9es par la pr\u00e9carit\u00e9 \u00e9nerg\u00e9tique y compris la classe moyenne.\" \/>\n<meta property=\"og:url\" content=\"https:\/\/www.renouvelle.be\/nl\/la-precarite-energetique-touche-de-plus-en-plus-de-foyers-belges\/\" \/>\n<meta property=\"og:site_name\" content=\"Hernieuws\" \/>\n<meta property=\"article:published_time\" content=\"2024-05-30T07:38:12+00:00\" \/>\n<meta property=\"article:modified_time\" content=\"2024-07-19T08:54:12+00:00\" \/>\n<meta property=\"og:image\" content=\"https:\/\/www.renouvelle.be\/wp-content\/uploads\/2024\/05\/iStock-1331346513-e1717053890633.jpg\" \/>\n\t<meta property=\"og:image:width\" content=\"2121\" \/>\n\t<meta property=\"og:image:height\" content=\"1414\" \/>\n\t<meta property=\"og:image:type\" content=\"image\/jpeg\" \/>\n<meta name=\"author\" content=\"Samuel Alves\" \/>\n<meta name=\"twitter:card\" content=\"summary_large_image\" \/>\n<script type=\"application\/ld+json\" class=\"yoast-schema-graph\">{\"@context\":\"https:\\\/\\\/schema.org\",\"@graph\":[{\"@type\":\"Article\",\"@id\":\"https:\\\/\\\/www.renouvelle.be\\\/nl\\\/la-precarite-energetique-touche-de-plus-en-plus-de-foyers-belges\\\/#article\",\"isPartOf\":{\"@id\":\"https:\\\/\\\/www.renouvelle.be\\\/nl\\\/la-precarite-energetique-touche-de-plus-en-plus-de-foyers-belges\\\/\"},\"author\":{\"name\":\"Samuel Alves\",\"@id\":\"https:\\\/\\\/www.renouvelle.be\\\/fr\\\/#\\\/schema\\\/person\\\/9d743366fb269eeceaa8d60e98d289d3\"},\"headline\":\"Energiearmoede treft steeds meer Belgische huishoudens\",\"datePublished\":\"2024-05-30T07:38:12+00:00\",\"dateModified\":\"2024-07-19T08:54:12+00:00\",\"mainEntityOfPage\":{\"@id\":\"https:\\\/\\\/www.renouvelle.be\\\/nl\\\/la-precarite-energetique-touche-de-plus-en-plus-de-foyers-belges\\\/\"},\"wordCount\":442,\"image\":{\"@id\":\"https:\\\/\\\/www.renouvelle.be\\\/nl\\\/la-precarite-energetique-touche-de-plus-en-plus-de-foyers-belges\\\/#primaryimage\"},\"thumbnailUrl\":\"https:\\\/\\\/www.renouvelle.be\\\/wp-content\\\/uploads\\\/2024\\\/05\\\/iStock-1331346513-e1717053890633.jpg\",\"articleSection\":[\"In Belgi\u00eb\"],\"inLanguage\":\"nl-NL\"},{\"@type\":\"WebPage\",\"@id\":\"https:\\\/\\\/www.renouvelle.be\\\/nl\\\/la-precarite-energetique-touche-de-plus-en-plus-de-foyers-belges\\\/\",\"url\":\"https:\\\/\\\/www.renouvelle.be\\\/nl\\\/la-precarite-energetique-touche-de-plus-en-plus-de-foyers-belges\\\/\",\"name\":\"Energiearmoede treft steeds meer Belgische huishoudens - Hernieuws\",\"isPartOf\":{\"@id\":\"https:\\\/\\\/www.renouvelle.be\\\/fr\\\/#website\"},\"primaryImageOfPage\":{\"@id\":\"https:\\\/\\\/www.renouvelle.be\\\/nl\\\/la-precarite-energetique-touche-de-plus-en-plus-de-foyers-belges\\\/#primaryimage\"},\"image\":{\"@id\":\"https:\\\/\\\/www.renouvelle.be\\\/nl\\\/la-precarite-energetique-touche-de-plus-en-plus-de-foyers-belges\\\/#primaryimage\"},\"thumbnailUrl\":\"https:\\\/\\\/www.renouvelle.be\\\/wp-content\\\/uploads\\\/2024\\\/05\\\/iStock-1331346513-e1717053890633.jpg\",\"datePublished\":\"2024-05-30T07:38:12+00:00\",\"dateModified\":\"2024-07-19T08:54:12+00:00\",\"author\":{\"@id\":\"https:\\\/\\\/www.renouvelle.be\\\/fr\\\/#\\\/schema\\\/person\\\/9d743366fb269eeceaa8d60e98d289d3\"},\"description\":\"Depuis 2021, plus en plus de familles belges sont touch\u00e9es par la pr\u00e9carit\u00e9 \u00e9nerg\u00e9tique y compris la classe moyenne.\",\"breadcrumb\":{\"@id\":\"https:\\\/\\\/www.renouvelle.be\\\/nl\\\/la-precarite-energetique-touche-de-plus-en-plus-de-foyers-belges\\\/#breadcrumb\"},\"inLanguage\":\"nl-NL\",\"potentialAction\":[{\"@type\":\"ReadAction\",\"target\":[\"https:\\\/\\\/www.renouvelle.be\\\/nl\\\/la-precarite-energetique-touche-de-plus-en-plus-de-foyers-belges\\\/\"]}]},{\"@type\":\"ImageObject\",\"inLanguage\":\"nl-NL\",\"@id\":\"https:\\\/\\\/www.renouvelle.be\\\/nl\\\/la-precarite-energetique-touche-de-plus-en-plus-de-foyers-belges\\\/#primaryimage\",\"url\":\"https:\\\/\\\/www.renouvelle.be\\\/wp-content\\\/uploads\\\/2024\\\/05\\\/iStock-1331346513-e1717053890633.jpg\",\"contentUrl\":\"https:\\\/\\\/www.renouvelle.be\\\/wp-content\\\/uploads\\\/2024\\\/05\\\/iStock-1331346513-e1717053890633.jpg\",\"width\":2121,\"height\":1414,\"caption\":\"Desperate young woman sit on sofa at home calculates expenses feeling stressed about bank loan payments, lack of money, financial problems, thinking of unpaid taxes, bankruptcy, overdue bills concept\"},{\"@type\":\"BreadcrumbList\",\"@id\":\"https:\\\/\\\/www.renouvelle.be\\\/nl\\\/la-precarite-energetique-touche-de-plus-en-plus-de-foyers-belges\\\/#breadcrumb\",\"itemListElement\":[{\"@type\":\"ListItem\",\"position\":1,\"name\":\"Accueil\",\"item\":\"https:\\\/\\\/www.renouvelle.be\\\/nl\\\/\"},{\"@type\":\"ListItem\",\"position\":2,\"name\":\"Energiearmoede treft steeds meer Belgische huishoudens\"}]},{\"@type\":\"WebSite\",\"@id\":\"https:\\\/\\\/www.renouvelle.be\\\/fr\\\/#website\",\"url\":\"https:\\\/\\\/www.renouvelle.be\\\/fr\\\/\",\"name\":\"Hernieuws\",\"description\":\"Nieuws  over duurzame energie\",\"potentialAction\":[{\"@type\":\"SearchAction\",\"target\":{\"@type\":\"EntryPoint\",\"urlTemplate\":\"https:\\\/\\\/www.renouvelle.be\\\/fr\\\/?s={search_term_string}\"},\"query-input\":{\"@type\":\"PropertyValueSpecification\",\"valueRequired\":true,\"valueName\":\"search_term_string\"}}],\"inLanguage\":\"nl-NL\"},{\"@type\":\"Person\",\"@id\":\"https:\\\/\\\/www.renouvelle.be\\\/fr\\\/#\\\/schema\\\/person\\\/9d743366fb269eeceaa8d60e98d289d3\",\"name\":\"Samuel Alves\",\"url\":\"https:\\\/\\\/www.renouvelle.be\\\/nl\\\/author\\\/salves\\\/\"}]}<\/script>\n<!-- \/ Yoast SEO plugin. -->","yoast_head_json":{"title":"Energiearmoede treft steeds meer Belgische huishoudens - Hernieuws","description":"Depuis 2021, plus en plus de familles belges sont touch\u00e9es par la pr\u00e9carit\u00e9 \u00e9nerg\u00e9tique y compris la classe moyenne.","robots":{"index":"index","follow":"follow","max-snippet":"max-snippet:-1","max-image-preview":"max-image-preview:large","max-video-preview":"max-video-preview:-1"},"canonical":"https:\/\/www.renouvelle.be\/nl\/la-precarite-energetique-touche-de-plus-en-plus-de-foyers-belges\/","og_locale":"nl_NL","og_type":"article","og_title":"Energiearmoede treft steeds meer Belgische huishoudens - Hernieuws","og_description":"Depuis 2021, plus en plus de familles belges sont touch\u00e9es par la pr\u00e9carit\u00e9 \u00e9nerg\u00e9tique y compris la classe moyenne.","og_url":"https:\/\/www.renouvelle.be\/nl\/la-precarite-energetique-touche-de-plus-en-plus-de-foyers-belges\/","og_site_name":"Hernieuws","article_published_time":"2024-05-30T07:38:12+00:00","article_modified_time":"2024-07-19T08:54:12+00:00","og_image":[{"width":2121,"height":1414,"url":"https:\/\/www.renouvelle.be\/wp-content\/uploads\/2024\/05\/iStock-1331346513-e1717053890633.jpg","type":"image\/jpeg"}],"author":"Samuel Alves","twitter_card":"summary_large_image","schema":{"@context":"https:\/\/schema.org","@graph":[{"@type":"Article","@id":"https:\/\/www.renouvelle.be\/nl\/la-precarite-energetique-touche-de-plus-en-plus-de-foyers-belges\/#article","isPartOf":{"@id":"https:\/\/www.renouvelle.be\/nl\/la-precarite-energetique-touche-de-plus-en-plus-de-foyers-belges\/"},"author":{"name":"Samuel Alves","@id":"https:\/\/www.renouvelle.be\/fr\/#\/schema\/person\/9d743366fb269eeceaa8d60e98d289d3"},"headline":"Energiearmoede treft steeds meer Belgische huishoudens","datePublished":"2024-05-30T07:38:12+00:00","dateModified":"2024-07-19T08:54:12+00:00","mainEntityOfPage":{"@id":"https:\/\/www.renouvelle.be\/nl\/la-precarite-energetique-touche-de-plus-en-plus-de-foyers-belges\/"},"wordCount":442,"image":{"@id":"https:\/\/www.renouvelle.be\/nl\/la-precarite-energetique-touche-de-plus-en-plus-de-foyers-belges\/#primaryimage"},"thumbnailUrl":"https:\/\/www.renouvelle.be\/wp-content\/uploads\/2024\/05\/iStock-1331346513-e1717053890633.jpg","articleSection":["In Belgi\u00eb"],"inLanguage":"nl-NL"},{"@type":"WebPage","@id":"https:\/\/www.renouvelle.be\/nl\/la-precarite-energetique-touche-de-plus-en-plus-de-foyers-belges\/","url":"https:\/\/www.renouvelle.be\/nl\/la-precarite-energetique-touche-de-plus-en-plus-de-foyers-belges\/","name":"Energiearmoede treft steeds meer Belgische huishoudens - Hernieuws","isPartOf":{"@id":"https:\/\/www.renouvelle.be\/fr\/#website"},"primaryImageOfPage":{"@id":"https:\/\/www.renouvelle.be\/nl\/la-precarite-energetique-touche-de-plus-en-plus-de-foyers-belges\/#primaryimage"},"image":{"@id":"https:\/\/www.renouvelle.be\/nl\/la-precarite-energetique-touche-de-plus-en-plus-de-foyers-belges\/#primaryimage"},"thumbnailUrl":"https:\/\/www.renouvelle.be\/wp-content\/uploads\/2024\/05\/iStock-1331346513-e1717053890633.jpg","datePublished":"2024-05-30T07:38:12+00:00","dateModified":"2024-07-19T08:54:12+00:00","author":{"@id":"https:\/\/www.renouvelle.be\/fr\/#\/schema\/person\/9d743366fb269eeceaa8d60e98d289d3"},"description":"Depuis 2021, plus en plus de familles belges sont touch\u00e9es par la pr\u00e9carit\u00e9 \u00e9nerg\u00e9tique y compris la classe moyenne.","breadcrumb":{"@id":"https:\/\/www.renouvelle.be\/nl\/la-precarite-energetique-touche-de-plus-en-plus-de-foyers-belges\/#breadcrumb"},"inLanguage":"nl-NL","potentialAction":[{"@type":"ReadAction","target":["https:\/\/www.renouvelle.be\/nl\/la-precarite-energetique-touche-de-plus-en-plus-de-foyers-belges\/"]}]},{"@type":"ImageObject","inLanguage":"nl-NL","@id":"https:\/\/www.renouvelle.be\/nl\/la-precarite-energetique-touche-de-plus-en-plus-de-foyers-belges\/#primaryimage","url":"https:\/\/www.renouvelle.be\/wp-content\/uploads\/2024\/05\/iStock-1331346513-e1717053890633.jpg","contentUrl":"https:\/\/www.renouvelle.be\/wp-content\/uploads\/2024\/05\/iStock-1331346513-e1717053890633.jpg","width":2121,"height":1414,"caption":"Desperate young woman sit on sofa at home calculates expenses feeling stressed about bank loan payments, lack of money, financial problems, thinking of unpaid taxes, bankruptcy, overdue bills concept"},{"@type":"BreadcrumbList","@id":"https:\/\/www.renouvelle.be\/nl\/la-precarite-energetique-touche-de-plus-en-plus-de-foyers-belges\/#breadcrumb","itemListElement":[{"@type":"ListItem","position":1,"name":"Accueil","item":"https:\/\/www.renouvelle.be\/nl\/"},{"@type":"ListItem","position":2,"name":"Energiearmoede treft steeds meer Belgische huishoudens"}]},{"@type":"WebSite","@id":"https:\/\/www.renouvelle.be\/fr\/#website","url":"https:\/\/www.renouvelle.be\/fr\/","name":"Hernieuws","description":"Nieuws  over duurzame energie","potentialAction":[{"@type":"SearchAction","target":{"@type":"EntryPoint","urlTemplate":"https:\/\/www.renouvelle.be\/fr\/?s={search_term_string}"},"query-input":{"@type":"PropertyValueSpecification","valueRequired":true,"valueName":"search_term_string"}}],"inLanguage":"nl-NL"},{"@type":"Person","@id":"https:\/\/www.renouvelle.be\/fr\/#\/schema\/person\/9d743366fb269eeceaa8d60e98d289d3","name":"Samuel Alves","url":"https:\/\/www.renouvelle.be\/nl\/author\/salves\/"}]}},"_links":{"self":[{"href":"https:\/\/www.renouvelle.be\/nl\/wp-json\/wp\/v2\/posts\/13411","targetHints":{"allow":["GET"]}}],"collection":[{"href":"https:\/\/www.renouvelle.be\/nl\/wp-json\/wp\/v2\/posts"}],"about":[{"href":"https:\/\/www.renouvelle.be\/nl\/wp-json\/wp\/v2\/types\/post"}],"author":[{"embeddable":true,"href":"https:\/\/www.renouvelle.be\/nl\/wp-json\/wp\/v2\/users\/38"}],"replies":[{"embeddable":true,"href":"https:\/\/www.renouvelle.be\/nl\/wp-json\/wp\/v2\/comments?post=13411"}],"version-history":[{"count":2,"href":"https:\/\/www.renouvelle.be\/nl\/wp-json\/wp\/v2\/posts\/13411\/revisions"}],"predecessor-version":[{"id":13416,"href":"https:\/\/www.renouvelle.be\/nl\/wp-json\/wp\/v2\/posts\/13411\/revisions\/13416"}],"wp:featuredmedia":[{"embeddable":true,"href":"https:\/\/www.renouvelle.be\/nl\/wp-json\/wp\/v2\/media\/13079"}],"wp:attachment":[{"href":"https:\/\/www.renouvelle.be\/nl\/wp-json\/wp\/v2\/media?parent=13411"}],"wp:term":[{"taxonomy":"category","embeddable":true,"href":"https:\/\/www.renouvelle.be\/nl\/wp-json\/wp\/v2\/categories?post=13411"},{"taxonomy":"post_tag","embeddable":true,"href":"https:\/\/www.renouvelle.be\/nl\/wp-json\/wp\/v2\/tags?post=13411"},{"taxonomy":"section","embeddable":true,"href":"https:\/\/www.renouvelle.be\/nl\/wp-json\/wp\/v2\/section?post=13411"}],"curies":[{"name":"wp","href":"https:\/\/api.w.org\/{rel}","templated":true}]}}