{"id":9474,"date":"2023-06-06T14:25:43","date_gmt":"2023-06-06T12:25:43","guid":{"rendered":"https:\/\/www.renouvelle.be\/?p=9474"},"modified":"2023-06-08T16:53:10","modified_gmt":"2023-06-08T14:53:10","slug":"quels-couts-avantages-sur-le-partage-delectricite-et-les-communautes-denergie-a-bruxelles","status":"publish","type":"post","link":"https:\/\/www.renouvelle.be\/fr\/quels-couts-avantages-sur-le-partage-delectricite-et-les-communautes-denergie-a-bruxelles\/","title":{"rendered":"Quels co\u00fbts-avantages sur le partage d&rsquo;\u00e9lectricit\u00e9 et les communaut\u00e9s d&rsquo;\u00e9nergie\u00a0\u00e0 Bruxelles?"},"content":{"rendered":"\n<p>A l\u2019heure o\u00f9 la Wallonie affiche ses premiers fr\u00e9missements pour d\u00e9velopper les communaut\u00e9s d\u2019\u00e9nergie et le partage d\u2019\u00e9nergie sur son territoire, Bruxelles fait figure de capitale europ\u00e9enne innovante en la mati\u00e8re vu que ces concepts sont d\u00e9j\u00e0 exp\u00e9riment\u00e9s depuis quelques temps. A la lumi\u00e8re de ces premi\u00e8res exp\u00e9riences, et dans le cadre de ses obligations l\u00e9gales, BRUGEL, le r\u00e9gulateur bruxellois pour l&rsquo;\u00e9nergie, a charg\u00e9 un bureau de conseil de r\u00e9aliser <a href=\"https:\/\/www.brugel.brussels\/publication\/document\/etudes\/2023\/fr\/ETUDE-45-COUT-AVANTAGE-PARTAGE-CONSULTATION.pdf\">une premi\u00e8re \u00e9tude co\u00fbts-avantage<\/a>s sur le partage et les communaut\u00e9s d&rsquo;\u00e9nergie.<\/p>\n\n\n\n<p>Cette \u00e9tude, la premi\u00e8re du genre en Belgique, jette les bases d&rsquo;une \u00e9valuation plus approfondie des co\u00fbts et des avantages de ces nouveaux concepts pour la gestion du r\u00e9seau bruxellois qui devrait suivre dans les mois \u00e0 venir, mais aussi pour les consommateurs, les producteurs d&rsquo;\u00e9nergie et les fournisseurs d&rsquo;\u00e9lectricit\u00e9. Ces concepts sont encore \u00e9mergents&nbsp;: 14 projets de partage fonctionnent (dont la plupart dans un m\u00eame b\u00e2timent (hors communaut\u00e9)) actuellement \u00e0 Bruxelles. Le retour d&rsquo;exp\u00e9rience est donc encore limit\u00e9.<\/p>\n\n\n\n<p>Les co\u00fbts engendr\u00e9s par le partage d&rsquo;\u00e9nergie pour le gestionnaire du r\u00e9seau de distribution ont \u00e9t\u00e9 estim\u00e9s sur une p\u00e9riode allant de 2023 \u00e0 2042. Ils concernent principalement les moyens humains et informatiques n\u00e9cessaires \u00e0 la gestion du partage d&rsquo;\u00e9lectricit\u00e9. Les b\u00e9n\u00e9fices quantifiables ont \u00e9galement \u00e9t\u00e9 identifi\u00e9s : le partage d&rsquo;\u00e9nergie provenant de sources renouvelables, telles que les installations solaires photovolta\u00efques, permet de r\u00e9duire les pics d\u2019injection dans le r\u00e9seau des participants, retardant ainsi les investissements n\u00e9cessaires du renforcement du r\u00e9seau. Alors que la R\u00e9gion de Bruxelles-Capitale et d&rsquo;autres r\u00e9gions se tournent de plus en plus vers des solutions \u00e9nerg\u00e9tiques durables, le partage d&rsquo;\u00e9lectricit\u00e9 et les communaut\u00e9s d&rsquo;\u00e9nergie offrent des opportunit\u00e9s pour aller plus vite vers un syst\u00e8me \u00e9nerg\u00e9tique plus r\u00e9silient et \u00e9cologique. Cette \u00e9tude ouvre la voie \u00e0 de futures analyses et \u00e0 des d\u00e9cisions plus \u00e9clair\u00e9es sur le tarif r\u00e9seau juste \u00e0 appliquer \u00e0 l\u2019\u00e9lectricit\u00e9 partag\u00e9e.<\/p>\n\n\n\n<p><strong>Et en chiffres \u00e7a donne quoi&nbsp;?<\/strong><\/p>\n\n\n\n<p>L&rsquo;\u00e9tude met en \u00e9vidence des avantages significatifs tant pour le gestionnaire du r\u00e9seau de distribution (GRD), que pour les consommateurs et la soci\u00e9t\u00e9 dans son ensemble. Elle s\u2019est bas\u00e9e sur 3 sc\u00e9narios diff\u00e9rents qui couvrent des tendances d\u2019\u00e9volution possibles et contrast\u00e9es, comme suit :<\/p>\n\n\n\n<p>\u2022 Sc\u00e9nario 1 : d\u00e9veloppement tr\u00e8s faible (taux de p\u00e9n\u00e9tration du partage d\u2019\u00e9nergie \u00e9gal \u00e0 1 % des points de fourniture en R\u00e9gion de Bruxelles-Capitale) ;<\/p>\n\n\n\n<p>\u2022 Sc\u00e9nario 2 : d\u00e9veloppement m\u00e9dian (taux de p\u00e9n\u00e9tration du partage d\u2019\u00e9nergie \u00e9gal \u00e0 5 % des points de fourniture en RBC) ;<\/p>\n\n\n\n<p>\u2022 Sc\u00e9nario 3 : d\u00e9veloppement significatif (taux de p\u00e9n\u00e9tration du partage d\u2019\u00e9nergie \u00e9gal \u00e0 20 % des points de fourniture en RBC)<\/p>\n\n\n\n<p><strong>Avantages pour les consommateurs :<\/strong><\/p>\n\n\n\n<ul class=\"wp-block-list\">\n<li>Avantage \u00e9conomique : Les participants peuvent b\u00e9n\u00e9ficier d&rsquo;un prix de l&rsquo;\u00e9nergie partag\u00e9e plus comp\u00e9titif que celui propos\u00e9 par un fournisseur et stable dans le temps.<\/li>\n\n\n\n<li>Cercle vertueux : Les b\u00e9n\u00e9fices de la communaut\u00e9 d&rsquo;\u00e9nergie peuvent \u00eatre r\u00e9investis dans des actions telles que la r\u00e9novation \u00e9nerg\u00e9tique et l&rsquo;am\u00e9lioration de la performance \u00e9nerg\u00e9tique des b\u00e2timents.<\/li>\n<\/ul>\n\n\n\n<p><strong>Avantages pour le GRD : seuls les sc\u00e9narios 2 et 3 sont b\u00e9n\u00e9fiques pour le gestionnaire de r\u00e9seau<\/strong><\/p>\n\n\n\n<ul class=\"wp-block-list\">\n<li>Sc\u00e9nario 2 (taux de p\u00e9n\u00e9tration de 5 %) : B\u00e9n\u00e9fice estim\u00e9 de 16 millions d&rsquo;euros de valeur actualis\u00e9e nette th\u00e9orique sur la p\u00e9riode 2023-2042, avec une r\u00e9duction moyenne de la contribution \u00e0 la pointe de 1 kW par participant.<\/li>\n\n\n\n<li>Sc\u00e9nario 3 (taux de p\u00e9n\u00e9tration de 20 %) : B\u00e9n\u00e9fice estim\u00e9 de 97 millions d&rsquo;euros de valeur actualis\u00e9e nette th\u00e9orique sur la p\u00e9riode 2023-2042, avec une r\u00e9duction moyenne de la contribution \u00e0 la pointe de 1 kW par participant.<\/li>\n<\/ul>\n\n\n\n<p><strong>Avantages pour la soci\u00e9t\u00e9 :<\/strong><\/p>\n\n\n\n<ul class=\"wp-block-list\">\n<li>Environnement : De 138.000 \u00e0 2.762.000 tonnes de CO<sub>2<\/sub> \u00e9vit\u00e9s sur la p\u00e9riode 2023-2042, selon les sc\u00e9narios et les hypoth\u00e8ses de l&rsquo;\u00e9tude.<\/li>\n\n\n\n<li>\u00c9conomie : \u00c9volution des comportements de consommation, une utilisation rationnelle de l&rsquo;\u00e9nergie et un d\u00e9veloppement de l&rsquo;innovation technologique \u00e0 l&rsquo;\u00e9chelle locale.<\/li>\n\n\n\n<li>Social : Lutte contre la pr\u00e9carit\u00e9 \u00e9nerg\u00e9tique, inclut les classes sociales les plus pr\u00e9caires dans la transition \u00e9nerg\u00e9tique et renforce le lien social au niveau local.<\/li>\n<\/ul>\n\n\n\n<p>Ces chiffres mettent en \u00e9vidence les nombreux avantages potentiels du partage et des communaut\u00e9s d&rsquo;\u00e9nergie, tant d&rsquo;un point de vue \u00e9conomique, environnemental que social et ouvrent ainsi la porte \u00e0 la prolongation ou la mise en place de soutiens sp\u00e9cifiques justifi\u00e9s, tels que des tarifs r\u00e9seaux pr\u00e9f\u00e9rentiels pour l\u2019\u00e9lectricit\u00e9 partag\u00e9e par exemple. Ils soulignent l&rsquo;importance de promouvoir leur d\u00e9veloppement et leur d\u00e9ploiement \u00e0 grande \u00e9chelle pour maximiser les b\u00e9n\u00e9fices pour tous les acteurs et contribuer \u00e0 une transition \u00e9nerg\u00e9tique durable. Esp\u00e9rons donc que les initiatives continuent \u00e0 se d\u00e9velopper \u00e0 Bruxelles et que la Wallonie puisse rapidement simplifier son cadre l\u00e9gal qui dresse encore trop de frein en la mati\u00e8re. Et ce, au b\u00e9n\u00e9ficie de tous les consommateurs&nbsp;: des m\u00e9nages aux entreprises en passant par les pouvoirs publics. &nbsp;<\/p>\n","protected":false},"excerpt":{"rendered":"<p>A l\u2019heure o\u00f9 la Wallonie affiche ses premiers fr\u00e9missements pour d\u00e9velopper les communaut\u00e9s d\u2019\u00e9nergie et le partage d\u2019\u00e9nergie sur son territoire, Bruxelles fait figure de capitale europ\u00e9enne innovante en la mati\u00e8re vu que ces concepts sont d\u00e9j\u00e0 exp\u00e9riment\u00e9s depuis quelques temps. A la lumi\u00e8re de ces premi\u00e8res exp\u00e9riences, et dans le cadre de ses obligations l\u00e9gales, BRUGEL, le r\u00e9gulateur bruxellois pour l&rsquo;\u00e9nergie, a charg\u00e9 un bureau de conseil de r\u00e9aliser une premi\u00e8re \u00e9tude co\u00fbts-avantages sur le partage et les communaut\u00e9s d&rsquo;\u00e9nergie. Cette \u00e9tude, la premi\u00e8re du genre en Belgique, jette les bases d&rsquo;une \u00e9valuation plus approfondie des co\u00fbts et des avantages de ces nouveaux concepts pour la gestion du r\u00e9seau bruxellois qui devrait suivre dans les mois \u00e0 venir, mais aussi pour les consommateurs, les producteurs d&rsquo;\u00e9nergie et les fournisseurs d&rsquo;\u00e9lectricit\u00e9. Ces concepts sont encore \u00e9mergents&nbsp;: 14 projets de partage fonctionnent (dont la plupart dans un m\u00eame b\u00e2timent (hors communaut\u00e9)) actuellement \u00e0 Bruxelles. Le retour d&rsquo;exp\u00e9rience est donc encore limit\u00e9. Les co\u00fbts engendr\u00e9s par le partage d&rsquo;\u00e9nergie pour le gestionnaire du r\u00e9seau de distribution ont \u00e9t\u00e9 estim\u00e9s sur une p\u00e9riode allant de 2023 \u00e0 2042. Ils concernent principalement les moyens humains et informatiques n\u00e9cessaires \u00e0 la gestion du partage d&rsquo;\u00e9lectricit\u00e9. Les b\u00e9n\u00e9fices quantifiables ont \u00e9galement \u00e9t\u00e9 identifi\u00e9s : le partage d&rsquo;\u00e9nergie provenant de sources renouvelables, telles que les installations solaires photovolta\u00efques, permet de r\u00e9duire les pics d\u2019injection dans le r\u00e9seau des participants, retardant ainsi les investissements n\u00e9cessaires du renforcement du r\u00e9seau. Alors que la R\u00e9gion de Bruxelles-Capitale et d&rsquo;autres r\u00e9gions se tournent de plus en plus vers des solutions \u00e9nerg\u00e9tiques durables, le partage d&rsquo;\u00e9lectricit\u00e9 et les communaut\u00e9s d&rsquo;\u00e9nergie offrent des opportunit\u00e9s pour aller plus vite vers un syst\u00e8me \u00e9nerg\u00e9tique plus r\u00e9silient et \u00e9cologique. Cette \u00e9tude ouvre la voie \u00e0 de &hellip; <a href=\"https:\/\/www.renouvelle.be\/fr\/quels-couts-avantages-sur-le-partage-delectricite-et-les-communautes-denergie-a-bruxelles\/\" class=\"more-link\">Continue reading<span class=\"screen-reader-text\"> \u00ab\u00a0Quels co\u00fbts-avantages sur le partage d&rsquo;\u00e9lectricit\u00e9 et les communaut\u00e9s d&rsquo;\u00e9nergie\u00a0\u00e0 Bruxelles?\u00a0\u00bb<\/span><\/a><\/p>\n","protected":false},"author":32,"featured_media":8312,"comment_status":"closed","ping_status":"closed","sticky":false,"template":"","format":"standard","meta":{"_acf_changed":false,"footnotes":""},"categories":[16,17],"tags":[],"section":[8,5],"class_list":["post-9474","post","type-post","status-publish","format-standard","has-post-thumbnail","hentry","category-actualite","category-actualite-en-belgique","section-energie-renouvelables","section-communaute-denergie"],"acf":[],"yoast_head":"<!-- This site is optimized with the Yoast SEO plugin v27.5 - https:\/\/yoast.com\/product\/yoast-seo-wordpress\/ -->\n<title>Quels co\u00fbts-avantages sur le partage d&#039;\u00e9lectricit\u00e9 et les communaut\u00e9s d&#039;\u00e9nergie\u00a0\u00e0 Bruxelles? - Renouvelle<\/title>\n<meta name=\"description\" content=\"BRUGEL, le r\u00e9gulateur bruxellois pour l&#039;\u00e9nergie, a r\u00e9cemment publi\u00e9 une premi\u00e8re \u00e9tude co\u00fbts-avantages sur le partage et les communaut\u00e9s d&#039;\u00e9nergie.\" \/>\n<meta name=\"robots\" content=\"index, follow, max-snippet:-1, max-image-preview:large, max-video-preview:-1\" \/>\n<link rel=\"canonical\" href=\"https:\/\/www.renouvelle.be\/fr\/quels-couts-avantages-sur-le-partage-delectricite-et-les-communautes-denergie-a-bruxelles\/\" \/>\n<meta property=\"og:locale\" content=\"fr_FR\" \/>\n<meta property=\"og:type\" content=\"article\" \/>\n<meta property=\"og:title\" content=\"Quels co\u00fbts-avantages sur le partage d&#039;\u00e9lectricit\u00e9 et les communaut\u00e9s d&#039;\u00e9nergie\u00a0\u00e0 Bruxelles? - Renouvelle\" \/>\n<meta property=\"og:description\" content=\"BRUGEL, le r\u00e9gulateur bruxellois pour l&#039;\u00e9nergie, a r\u00e9cemment publi\u00e9 une premi\u00e8re \u00e9tude co\u00fbts-avantages sur le partage et les communaut\u00e9s d&#039;\u00e9nergie.\" \/>\n<meta property=\"og:url\" content=\"https:\/\/www.renouvelle.be\/fr\/quels-couts-avantages-sur-le-partage-delectricite-et-les-communautes-denergie-a-bruxelles\/\" \/>\n<meta property=\"og:site_name\" content=\"Renouvelle\" \/>\n<meta property=\"article:published_time\" content=\"2023-06-06T12:25:43+00:00\" \/>\n<meta property=\"article:modified_time\" content=\"2023-06-08T14:53:10+00:00\" \/>\n<meta property=\"og:image\" content=\"https:\/\/www.renouvelle.be\/wp-content\/uploads\/2022\/06\/partage-elec.png\" \/>\n\t<meta property=\"og:image:width\" content=\"883\" \/>\n\t<meta property=\"og:image:height\" content=\"587\" \/>\n\t<meta property=\"og:image:type\" content=\"image\/png\" \/>\n<meta name=\"author\" content=\"Philippe Limbourg\" \/>\n<meta name=\"twitter:card\" content=\"summary_large_image\" \/>\n<script type=\"application\/ld+json\" class=\"yoast-schema-graph\">{\"@context\":\"https:\\\/\\\/schema.org\",\"@graph\":[{\"@type\":\"Article\",\"@id\":\"https:\\\/\\\/www.renouvelle.be\\\/fr\\\/quels-couts-avantages-sur-le-partage-delectricite-et-les-communautes-denergie-a-bruxelles\\\/#article\",\"isPartOf\":{\"@id\":\"https:\\\/\\\/www.renouvelle.be\\\/fr\\\/quels-couts-avantages-sur-le-partage-delectricite-et-les-communautes-denergie-a-bruxelles\\\/\"},\"author\":{\"name\":\"Philippe Limbourg\",\"@id\":\"https:\\\/\\\/www.renouvelle.be\\\/fr\\\/#\\\/schema\\\/person\\\/980400dfd457d76423b6766ad2146490\"},\"headline\":\"Quels co\u00fbts-avantages sur le partage d&rsquo;\u00e9lectricit\u00e9 et les communaut\u00e9s d&rsquo;\u00e9nergie\u00a0\u00e0 Bruxelles?\",\"datePublished\":\"2023-06-06T12:25:43+00:00\",\"dateModified\":\"2023-06-08T14:53:10+00:00\",\"mainEntityOfPage\":{\"@id\":\"https:\\\/\\\/www.renouvelle.be\\\/fr\\\/quels-couts-avantages-sur-le-partage-delectricite-et-les-communautes-denergie-a-bruxelles\\\/\"},\"wordCount\":907,\"image\":{\"@id\":\"https:\\\/\\\/www.renouvelle.be\\\/fr\\\/quels-couts-avantages-sur-le-partage-delectricite-et-les-communautes-denergie-a-bruxelles\\\/#primaryimage\"},\"thumbnailUrl\":\"https:\\\/\\\/www.renouvelle.be\\\/wp-content\\\/uploads\\\/2022\\\/06\\\/partage-elec.png\",\"articleSection\":[\"Actualit\u00e9\",\"Actualit\u00e9 en Belgique\"],\"inLanguage\":\"fr-FR\"},{\"@type\":\"WebPage\",\"@id\":\"https:\\\/\\\/www.renouvelle.be\\\/fr\\\/quels-couts-avantages-sur-le-partage-delectricite-et-les-communautes-denergie-a-bruxelles\\\/\",\"url\":\"https:\\\/\\\/www.renouvelle.be\\\/fr\\\/quels-couts-avantages-sur-le-partage-delectricite-et-les-communautes-denergie-a-bruxelles\\\/\",\"name\":\"Quels co\u00fbts-avantages sur le partage d'\u00e9lectricit\u00e9 et les communaut\u00e9s d'\u00e9nergie\u00a0\u00e0 Bruxelles? - Renouvelle\",\"isPartOf\":{\"@id\":\"https:\\\/\\\/www.renouvelle.be\\\/fr\\\/#website\"},\"primaryImageOfPage\":{\"@id\":\"https:\\\/\\\/www.renouvelle.be\\\/fr\\\/quels-couts-avantages-sur-le-partage-delectricite-et-les-communautes-denergie-a-bruxelles\\\/#primaryimage\"},\"image\":{\"@id\":\"https:\\\/\\\/www.renouvelle.be\\\/fr\\\/quels-couts-avantages-sur-le-partage-delectricite-et-les-communautes-denergie-a-bruxelles\\\/#primaryimage\"},\"thumbnailUrl\":\"https:\\\/\\\/www.renouvelle.be\\\/wp-content\\\/uploads\\\/2022\\\/06\\\/partage-elec.png\",\"datePublished\":\"2023-06-06T12:25:43+00:00\",\"dateModified\":\"2023-06-08T14:53:10+00:00\",\"author\":{\"@id\":\"https:\\\/\\\/www.renouvelle.be\\\/fr\\\/#\\\/schema\\\/person\\\/980400dfd457d76423b6766ad2146490\"},\"description\":\"BRUGEL, le r\u00e9gulateur bruxellois pour l'\u00e9nergie, a r\u00e9cemment publi\u00e9 une premi\u00e8re \u00e9tude co\u00fbts-avantages sur le partage et les communaut\u00e9s d'\u00e9nergie.\",\"breadcrumb\":{\"@id\":\"https:\\\/\\\/www.renouvelle.be\\\/fr\\\/quels-couts-avantages-sur-le-partage-delectricite-et-les-communautes-denergie-a-bruxelles\\\/#breadcrumb\"},\"inLanguage\":\"fr-FR\",\"potentialAction\":[{\"@type\":\"ReadAction\",\"target\":[\"https:\\\/\\\/www.renouvelle.be\\\/fr\\\/quels-couts-avantages-sur-le-partage-delectricite-et-les-communautes-denergie-a-bruxelles\\\/\"]}]},{\"@type\":\"ImageObject\",\"inLanguage\":\"fr-FR\",\"@id\":\"https:\\\/\\\/www.renouvelle.be\\\/fr\\\/quels-couts-avantages-sur-le-partage-delectricite-et-les-communautes-denergie-a-bruxelles\\\/#primaryimage\",\"url\":\"https:\\\/\\\/www.renouvelle.be\\\/wp-content\\\/uploads\\\/2022\\\/06\\\/partage-elec.png\",\"contentUrl\":\"https:\\\/\\\/www.renouvelle.be\\\/wp-content\\\/uploads\\\/2022\\\/06\\\/partage-elec.png\",\"width\":883,\"height\":587,\"caption\":\"Co\u00fbts avantages des communaut\u00e9s d'\u00e9nergie et du partage d'\u00e9lectricit\u00e9\"},{\"@type\":\"BreadcrumbList\",\"@id\":\"https:\\\/\\\/www.renouvelle.be\\\/fr\\\/quels-couts-avantages-sur-le-partage-delectricite-et-les-communautes-denergie-a-bruxelles\\\/#breadcrumb\",\"itemListElement\":[{\"@type\":\"ListItem\",\"position\":1,\"name\":\"Accueil\",\"item\":\"https:\\\/\\\/www.renouvelle.be\\\/fr\\\/\"},{\"@type\":\"ListItem\",\"position\":2,\"name\":\"Quels co\u00fbts-avantages sur le partage d&rsquo;\u00e9lectricit\u00e9 et les communaut\u00e9s d&rsquo;\u00e9nergie\u00a0\u00e0 Bruxelles?\"}]},{\"@type\":\"WebSite\",\"@id\":\"https:\\\/\\\/www.renouvelle.be\\\/fr\\\/#website\",\"url\":\"https:\\\/\\\/www.renouvelle.be\\\/fr\\\/\",\"name\":\"Renouvelle\",\"description\":\"L&#039;actualit\u00e9 de l&#039;\u00e9nergie durable\",\"potentialAction\":[{\"@type\":\"SearchAction\",\"target\":{\"@type\":\"EntryPoint\",\"urlTemplate\":\"https:\\\/\\\/www.renouvelle.be\\\/fr\\\/?s={search_term_string}\"},\"query-input\":{\"@type\":\"PropertyValueSpecification\",\"valueRequired\":true,\"valueName\":\"search_term_string\"}}],\"inLanguage\":\"fr-FR\"},{\"@type\":\"Person\",\"@id\":\"https:\\\/\\\/www.renouvelle.be\\\/fr\\\/#\\\/schema\\\/person\\\/980400dfd457d76423b6766ad2146490\",\"name\":\"Philippe Limbourg\",\"url\":\"https:\\\/\\\/www.renouvelle.be\\\/fr\\\/author\\\/philippe-limbourg\\\/\"}]}<\/script>\n<!-- \/ Yoast SEO plugin. -->","yoast_head_json":{"title":"Quels co\u00fbts-avantages sur le partage d'\u00e9lectricit\u00e9 et les communaut\u00e9s d'\u00e9nergie\u00a0\u00e0 Bruxelles? - Renouvelle","description":"BRUGEL, le r\u00e9gulateur bruxellois pour l'\u00e9nergie, a r\u00e9cemment publi\u00e9 une premi\u00e8re \u00e9tude co\u00fbts-avantages sur le partage et les communaut\u00e9s d'\u00e9nergie.","robots":{"index":"index","follow":"follow","max-snippet":"max-snippet:-1","max-image-preview":"max-image-preview:large","max-video-preview":"max-video-preview:-1"},"canonical":"https:\/\/www.renouvelle.be\/fr\/quels-couts-avantages-sur-le-partage-delectricite-et-les-communautes-denergie-a-bruxelles\/","og_locale":"fr_FR","og_type":"article","og_title":"Quels co\u00fbts-avantages sur le partage d'\u00e9lectricit\u00e9 et les communaut\u00e9s d'\u00e9nergie\u00a0\u00e0 Bruxelles? - Renouvelle","og_description":"BRUGEL, le r\u00e9gulateur bruxellois pour l'\u00e9nergie, a r\u00e9cemment publi\u00e9 une premi\u00e8re \u00e9tude co\u00fbts-avantages sur le partage et les communaut\u00e9s d'\u00e9nergie.","og_url":"https:\/\/www.renouvelle.be\/fr\/quels-couts-avantages-sur-le-partage-delectricite-et-les-communautes-denergie-a-bruxelles\/","og_site_name":"Renouvelle","article_published_time":"2023-06-06T12:25:43+00:00","article_modified_time":"2023-06-08T14:53:10+00:00","og_image":[{"width":883,"height":587,"url":"https:\/\/www.renouvelle.be\/wp-content\/uploads\/2022\/06\/partage-elec.png","type":"image\/png"}],"author":"Philippe Limbourg","twitter_card":"summary_large_image","schema":{"@context":"https:\/\/schema.org","@graph":[{"@type":"Article","@id":"https:\/\/www.renouvelle.be\/fr\/quels-couts-avantages-sur-le-partage-delectricite-et-les-communautes-denergie-a-bruxelles\/#article","isPartOf":{"@id":"https:\/\/www.renouvelle.be\/fr\/quels-couts-avantages-sur-le-partage-delectricite-et-les-communautes-denergie-a-bruxelles\/"},"author":{"name":"Philippe Limbourg","@id":"https:\/\/www.renouvelle.be\/fr\/#\/schema\/person\/980400dfd457d76423b6766ad2146490"},"headline":"Quels co\u00fbts-avantages sur le partage d&rsquo;\u00e9lectricit\u00e9 et les communaut\u00e9s d&rsquo;\u00e9nergie\u00a0\u00e0 Bruxelles?","datePublished":"2023-06-06T12:25:43+00:00","dateModified":"2023-06-08T14:53:10+00:00","mainEntityOfPage":{"@id":"https:\/\/www.renouvelle.be\/fr\/quels-couts-avantages-sur-le-partage-delectricite-et-les-communautes-denergie-a-bruxelles\/"},"wordCount":907,"image":{"@id":"https:\/\/www.renouvelle.be\/fr\/quels-couts-avantages-sur-le-partage-delectricite-et-les-communautes-denergie-a-bruxelles\/#primaryimage"},"thumbnailUrl":"https:\/\/www.renouvelle.be\/wp-content\/uploads\/2022\/06\/partage-elec.png","articleSection":["Actualit\u00e9","Actualit\u00e9 en Belgique"],"inLanguage":"fr-FR"},{"@type":"WebPage","@id":"https:\/\/www.renouvelle.be\/fr\/quels-couts-avantages-sur-le-partage-delectricite-et-les-communautes-denergie-a-bruxelles\/","url":"https:\/\/www.renouvelle.be\/fr\/quels-couts-avantages-sur-le-partage-delectricite-et-les-communautes-denergie-a-bruxelles\/","name":"Quels co\u00fbts-avantages sur le partage d'\u00e9lectricit\u00e9 et les communaut\u00e9s d'\u00e9nergie\u00a0\u00e0 Bruxelles? - Renouvelle","isPartOf":{"@id":"https:\/\/www.renouvelle.be\/fr\/#website"},"primaryImageOfPage":{"@id":"https:\/\/www.renouvelle.be\/fr\/quels-couts-avantages-sur-le-partage-delectricite-et-les-communautes-denergie-a-bruxelles\/#primaryimage"},"image":{"@id":"https:\/\/www.renouvelle.be\/fr\/quels-couts-avantages-sur-le-partage-delectricite-et-les-communautes-denergie-a-bruxelles\/#primaryimage"},"thumbnailUrl":"https:\/\/www.renouvelle.be\/wp-content\/uploads\/2022\/06\/partage-elec.png","datePublished":"2023-06-06T12:25:43+00:00","dateModified":"2023-06-08T14:53:10+00:00","author":{"@id":"https:\/\/www.renouvelle.be\/fr\/#\/schema\/person\/980400dfd457d76423b6766ad2146490"},"description":"BRUGEL, le r\u00e9gulateur bruxellois pour l'\u00e9nergie, a r\u00e9cemment publi\u00e9 une premi\u00e8re \u00e9tude co\u00fbts-avantages sur le partage et les communaut\u00e9s d'\u00e9nergie.","breadcrumb":{"@id":"https:\/\/www.renouvelle.be\/fr\/quels-couts-avantages-sur-le-partage-delectricite-et-les-communautes-denergie-a-bruxelles\/#breadcrumb"},"inLanguage":"fr-FR","potentialAction":[{"@type":"ReadAction","target":["https:\/\/www.renouvelle.be\/fr\/quels-couts-avantages-sur-le-partage-delectricite-et-les-communautes-denergie-a-bruxelles\/"]}]},{"@type":"ImageObject","inLanguage":"fr-FR","@id":"https:\/\/www.renouvelle.be\/fr\/quels-couts-avantages-sur-le-partage-delectricite-et-les-communautes-denergie-a-bruxelles\/#primaryimage","url":"https:\/\/www.renouvelle.be\/wp-content\/uploads\/2022\/06\/partage-elec.png","contentUrl":"https:\/\/www.renouvelle.be\/wp-content\/uploads\/2022\/06\/partage-elec.png","width":883,"height":587,"caption":"Co\u00fbts avantages des communaut\u00e9s d'\u00e9nergie et du partage d'\u00e9lectricit\u00e9"},{"@type":"BreadcrumbList","@id":"https:\/\/www.renouvelle.be\/fr\/quels-couts-avantages-sur-le-partage-delectricite-et-les-communautes-denergie-a-bruxelles\/#breadcrumb","itemListElement":[{"@type":"ListItem","position":1,"name":"Accueil","item":"https:\/\/www.renouvelle.be\/fr\/"},{"@type":"ListItem","position":2,"name":"Quels co\u00fbts-avantages sur le partage d&rsquo;\u00e9lectricit\u00e9 et les communaut\u00e9s d&rsquo;\u00e9nergie\u00a0\u00e0 Bruxelles?"}]},{"@type":"WebSite","@id":"https:\/\/www.renouvelle.be\/fr\/#website","url":"https:\/\/www.renouvelle.be\/fr\/","name":"Renouvelle","description":"L&#039;actualit\u00e9 de l&#039;\u00e9nergie durable","potentialAction":[{"@type":"SearchAction","target":{"@type":"EntryPoint","urlTemplate":"https:\/\/www.renouvelle.be\/fr\/?s={search_term_string}"},"query-input":{"@type":"PropertyValueSpecification","valueRequired":true,"valueName":"search_term_string"}}],"inLanguage":"fr-FR"},{"@type":"Person","@id":"https:\/\/www.renouvelle.be\/fr\/#\/schema\/person\/980400dfd457d76423b6766ad2146490","name":"Philippe Limbourg","url":"https:\/\/www.renouvelle.be\/fr\/author\/philippe-limbourg\/"}]}},"_links":{"self":[{"href":"https:\/\/www.renouvelle.be\/fr\/wp-json\/wp\/v2\/posts\/9474","targetHints":{"allow":["GET"]}}],"collection":[{"href":"https:\/\/www.renouvelle.be\/fr\/wp-json\/wp\/v2\/posts"}],"about":[{"href":"https:\/\/www.renouvelle.be\/fr\/wp-json\/wp\/v2\/types\/post"}],"author":[{"embeddable":true,"href":"https:\/\/www.renouvelle.be\/fr\/wp-json\/wp\/v2\/users\/32"}],"replies":[{"embeddable":true,"href":"https:\/\/www.renouvelle.be\/fr\/wp-json\/wp\/v2\/comments?post=9474"}],"version-history":[{"count":6,"href":"https:\/\/www.renouvelle.be\/fr\/wp-json\/wp\/v2\/posts\/9474\/revisions"}],"predecessor-version":[{"id":9608,"href":"https:\/\/www.renouvelle.be\/fr\/wp-json\/wp\/v2\/posts\/9474\/revisions\/9608"}],"wp:featuredmedia":[{"embeddable":true,"href":"https:\/\/www.renouvelle.be\/fr\/wp-json\/wp\/v2\/media\/8312"}],"wp:attachment":[{"href":"https:\/\/www.renouvelle.be\/fr\/wp-json\/wp\/v2\/media?parent=9474"}],"wp:term":[{"taxonomy":"category","embeddable":true,"href":"https:\/\/www.renouvelle.be\/fr\/wp-json\/wp\/v2\/categories?post=9474"},{"taxonomy":"post_tag","embeddable":true,"href":"https:\/\/www.renouvelle.be\/fr\/wp-json\/wp\/v2\/tags?post=9474"},{"taxonomy":"section","embeddable":true,"href":"https:\/\/www.renouvelle.be\/fr\/wp-json\/wp\/v2\/section?post=9474"}],"curies":[{"name":"wp","href":"https:\/\/api.w.org\/{rel}","templated":true}]}}