{"id":9421,"date":"2023-06-01T10:41:18","date_gmt":"2023-06-01T08:41:18","guid":{"rendered":"https:\/\/www.renouvelle.be\/?p=9421"},"modified":"2023-06-08T09:43:10","modified_gmt":"2023-06-08T07:43:10","slug":"100-de-la-consommation-electrique-belge-a-ete-assuree-par-le-renouvelable-ce-30-mai-sur-le-temps-de-midi","status":"publish","type":"post","link":"https:\/\/www.renouvelle.be\/fr\/100-de-la-consommation-electrique-belge-a-ete-assuree-par-le-renouvelable-ce-30-mai-sur-le-temps-de-midi\/","title":{"rendered":"100% de la consommation \u00e9lectrique belge a \u00e9t\u00e9 assur\u00e9e par le renouvelable ce 29 mai de midi"},"content":{"rendered":"\n<p>Une \u00e9ni\u00e8me bonne nouvelle dans le secteur des \u00e9nergies renouvelables, qui concerne chacun d\u2019entre nous&nbsp;: pour la toute premi\u00e8re fois dans l\u2019Histoire de l\u2019\u00e9nergie belge, ce 29 mai entre 13h et 13h30, les parcs \u00e9oliens et les panneaux solaires \u00e0 travers la Belgique ont produit suffisamment d\u2019\u00e9lectricit\u00e9 verte pour couvrir la totalit\u00e9 de la demande du pays. Ensemble, ils ont g\u00e9n\u00e9r\u00e9 8.303 MW d\u2019\u00e9lectricit\u00e9 (avec une part de 80 % de photovolta\u00efque et de 20% produit par l\u2019\u00e9olien). Battant le record de dimanche dernier (7.695 MW) et celui de 2022 (7.112 MW avaient \u00e9t\u00e9 produits le 11 mai 2022 exactement).<\/p>\n\n\n\n<figure class=\"wp-block-image size-full\"><img loading=\"lazy\" decoding=\"async\" width=\"785\" height=\"288\" src=\"https:\/\/www.renouvelle.be\/wp-content\/uploads\/2023\/06\/image.png\" alt=\"\" class=\"wp-image-9422\" srcset=\"https:\/\/www.renouvelle.be\/wp-content\/uploads\/2023\/06\/image.png 785w, https:\/\/www.renouvelle.be\/wp-content\/uploads\/2023\/06\/image-300x110.png 300w, https:\/\/www.renouvelle.be\/wp-content\/uploads\/2023\/06\/image-768x282.png 768w\" sizes=\"auto, (max-width: 785px) 100vw, 785px\" \/><figcaption class=\"wp-element-caption\">Source: Linkedin\/elia<\/figcaption><\/figure>\n\n\n\n<p>Et si ce record est une premi\u00e8re, il devrait voir se succ\u00e9der bien d\u2019autres dans les semaines et mois \u00e0 venir. D\u2019une part parce que chaque jour, l\u2019\u00e9olien et le photovolta\u00efque (en marge des autres ressources renouvelables) se d\u00e9veloppent un peu plus, tant en volume que sur le plan performance technologie, mais aussi et surtout parce que des effort consentis par chacun et chacune, tant \u00e0 la maison que dans son entreprise, ont un impact \u00e9galement. Pour Benjamin Wilkin, directeur de l\u2019asbl Energie Commune, il est important de le rappeler : \u00ab&nbsp;On joue en \u00e9quipe. Ce n\u2019est pas l\u2019\u00e9olien ou le photovolta\u00efque \u00e0 eux seuls qui vont gagner le match de la d\u00e9carbonation. On doit aussi jouer sur la demande et pas uniquement sur l\u2019offre. Consommer l\u2019\u00e9nergie diff\u00e9remment, adapter sa consommation, r\u00e9gler sa consommation, partager sa production ou adapter sa consommation \u00e0 sa production. Autant d\u2019\u00e9l\u00e9ments qui, tant sur le plan professionnel que priv\u00e9, s\u2019ils sont int\u00e9gr\u00e9s par chacun, peuvent contribuer \u00e0 ce que chaque jour, on batte des records de taux de renouvelable dans la fourniture d\u2019\u00e9lectricit\u00e9 en Belgique. Et que, l\u00e0 aussi, on soit champions du monde avant les autres.\u00a0\u00bb <\/p>\n\n\n\n<figure class=\"wp-block-image size-large\"><img loading=\"lazy\" decoding=\"async\" width=\"1024\" height=\"321\" src=\"https:\/\/www.renouvelle.be\/wp-content\/uploads\/2023\/06\/city-g83607776f_1280-1024x321.jpg\" alt=\"\" class=\"wp-image-9424\" srcset=\"https:\/\/www.renouvelle.be\/wp-content\/uploads\/2023\/06\/city-g83607776f_1280-1024x321.jpg 1024w, https:\/\/www.renouvelle.be\/wp-content\/uploads\/2023\/06\/city-g83607776f_1280-300x94.jpg 300w, https:\/\/www.renouvelle.be\/wp-content\/uploads\/2023\/06\/city-g83607776f_1280-768x241.jpg 768w, https:\/\/www.renouvelle.be\/wp-content\/uploads\/2023\/06\/city-g83607776f_1280-1200x376.jpg 1200w, https:\/\/www.renouvelle.be\/wp-content\/uploads\/2023\/06\/city-g83607776f_1280.jpg 1280w\" sizes=\"auto, (max-width: 1024px) 100vw, 1024px\" \/><\/figure>\n\n\n\n<p>Et pourquoi pas que l\u2019on arrive finalement \u00e0 ce que la demande soit moindre ? Et qu\u2019\u00e0 l\u2019inverse, l\u2019offre de renouvelable soit suffisamment stable et adapt\u00e9e \u00e0 la demande &#8211; d\u2019un point de vue horaire et volume- pour qu\u2019elles co\u00efncident et s\u2019autosuffisent. Et permettent pourquoi pas d\u2019en faire m\u00eame profiter d\u2019autres ?Sans plus devoir d\u00e9pendre des \u00e9nergies fossiles, des fluctuations du march\u00e9 international et des drames qu\u2019ils peuvent aujourd\u2019hui encore, provoquer tant sur le plan \u00e9cologique qu\u2019\u00e9conomique et social.<\/p>\n\n\n\n<p><\/p>\n","protected":false},"excerpt":{"rendered":"<p>Une \u00e9ni\u00e8me bonne nouvelle dans le secteur des \u00e9nergies renouvelables, qui concerne chacun d\u2019entre nous&nbsp;: pour la toute premi\u00e8re fois dans l\u2019Histoire de l\u2019\u00e9nergie belge, ce 29 mai entre 13h et 13h30, les parcs \u00e9oliens et les panneaux solaires \u00e0 travers la Belgique ont produit suffisamment d\u2019\u00e9lectricit\u00e9 verte pour couvrir la totalit\u00e9 de la demande du pays. Ensemble, ils ont g\u00e9n\u00e9r\u00e9 8.303 MW d\u2019\u00e9lectricit\u00e9 (avec une part de 80 % de photovolta\u00efque et de 20% produit par l\u2019\u00e9olien). Battant le record de dimanche dernier (7.695 MW) et celui de 2022 (7.112 MW avaient \u00e9t\u00e9 produits le 11 mai 2022 exactement). Et si ce record est une premi\u00e8re, il devrait voir se succ\u00e9der bien d\u2019autres dans les semaines et mois \u00e0 venir. D\u2019une part parce que chaque jour, l\u2019\u00e9olien et le photovolta\u00efque (en marge des autres ressources renouvelables) se d\u00e9veloppent un peu plus, tant en volume que sur le plan performance technologie, mais aussi et surtout parce que des effort consentis par chacun et chacune, tant \u00e0 la maison que dans son entreprise, ont un impact \u00e9galement. Pour Benjamin Wilkin, directeur de l\u2019asbl Energie Commune, il est important de le rappeler : \u00ab&nbsp;On joue en \u00e9quipe. Ce n\u2019est pas l\u2019\u00e9olien ou le photovolta\u00efque \u00e0 eux seuls qui vont gagner le match de la d\u00e9carbonation. On doit aussi jouer sur la demande et pas uniquement sur l\u2019offre. Consommer l\u2019\u00e9nergie diff\u00e9remment, adapter sa consommation, r\u00e9gler sa consommation, partager sa production ou adapter sa consommation \u00e0 sa production. Autant d\u2019\u00e9l\u00e9ments qui, tant sur le plan professionnel que priv\u00e9, s\u2019ils sont int\u00e9gr\u00e9s par chacun, peuvent contribuer \u00e0 ce que chaque jour, on batte des records de taux de renouvelable dans la fourniture d\u2019\u00e9lectricit\u00e9 en Belgique. Et que, l\u00e0 aussi, on soit champions du monde avant &hellip; <a href=\"https:\/\/www.renouvelle.be\/fr\/100-de-la-consommation-electrique-belge-a-ete-assuree-par-le-renouvelable-ce-30-mai-sur-le-temps-de-midi\/\" class=\"more-link\">Continue reading<span class=\"screen-reader-text\"> \u00ab\u00a0100% de la consommation \u00e9lectrique belge a \u00e9t\u00e9 assur\u00e9e par le renouvelable ce 29 mai de midi\u00a0\u00bb<\/span><\/a><\/p>\n","protected":false},"author":32,"featured_media":8264,"comment_status":"closed","ping_status":"closed","sticky":false,"template":"","format":"standard","meta":{"_acf_changed":false,"footnotes":""},"categories":[16,17],"tags":[],"section":[8,13,6],"class_list":["post-9421","post","type-post","status-publish","format-standard","has-post-thumbnail","hentry","category-actualite","category-actualite-en-belgique","section-energie-renouvelables","section-solaire","section-eolien"],"acf":[],"yoast_head":"<!-- This site is optimized with the Yoast SEO plugin v27.5 - https:\/\/yoast.com\/product\/yoast-seo-wordpress\/ -->\n<title>100% de la consommation \u00e9lectrique belge a \u00e9t\u00e9 assur\u00e9e par le renouvelable ce 29 mai de midi - Renouvelle<\/title>\n<meta name=\"description\" content=\"Production verte de l&#039;\u00e9lectricit\u00e9 consomm\u00e9e en Belgique: 100% possible gr\u00e2ce au soleil et au vent ! Et \u00e7a, ce n&#039;est pas du vent.\" \/>\n<meta name=\"robots\" content=\"index, follow, max-snippet:-1, max-image-preview:large, max-video-preview:-1\" \/>\n<link rel=\"canonical\" href=\"https:\/\/www.renouvelle.be\/fr\/100-de-la-consommation-electrique-belge-a-ete-assuree-par-le-renouvelable-ce-30-mai-sur-le-temps-de-midi\/\" \/>\n<meta property=\"og:locale\" content=\"fr_FR\" \/>\n<meta property=\"og:type\" content=\"article\" \/>\n<meta property=\"og:title\" content=\"100% de la consommation \u00e9lectrique belge a \u00e9t\u00e9 assur\u00e9e par le renouvelable ce 29 mai de midi - Renouvelle\" \/>\n<meta property=\"og:description\" content=\"Production verte de l&#039;\u00e9lectricit\u00e9 consomm\u00e9e en Belgique: 100% possible gr\u00e2ce au soleil et au vent ! Et \u00e7a, ce n&#039;est pas du vent.\" \/>\n<meta property=\"og:url\" content=\"https:\/\/www.renouvelle.be\/fr\/100-de-la-consommation-electrique-belge-a-ete-assuree-par-le-renouvelable-ce-30-mai-sur-le-temps-de-midi\/\" \/>\n<meta property=\"og:site_name\" content=\"Renouvelle\" \/>\n<meta property=\"article:published_time\" content=\"2023-06-01T08:41:18+00:00\" \/>\n<meta property=\"article:modified_time\" content=\"2023-06-08T07:43:10+00:00\" \/>\n<meta property=\"og:image\" content=\"https:\/\/www.renouvelle.be\/wp-content\/uploads\/2022\/05\/iStock-1161944520-scaled.jpg\" \/>\n\t<meta property=\"og:image:width\" content=\"2560\" \/>\n\t<meta property=\"og:image:height\" content=\"1862\" \/>\n\t<meta property=\"og:image:type\" content=\"image\/jpeg\" \/>\n<meta name=\"author\" content=\"Philippe Limbourg\" \/>\n<meta name=\"twitter:card\" content=\"summary_large_image\" \/>\n<script type=\"application\/ld+json\" class=\"yoast-schema-graph\">{\"@context\":\"https:\\\/\\\/schema.org\",\"@graph\":[{\"@type\":\"Article\",\"@id\":\"https:\\\/\\\/www.renouvelle.be\\\/fr\\\/100-de-la-consommation-electrique-belge-a-ete-assuree-par-le-renouvelable-ce-30-mai-sur-le-temps-de-midi\\\/#article\",\"isPartOf\":{\"@id\":\"https:\\\/\\\/www.renouvelle.be\\\/fr\\\/100-de-la-consommation-electrique-belge-a-ete-assuree-par-le-renouvelable-ce-30-mai-sur-le-temps-de-midi\\\/\"},\"author\":{\"name\":\"Philippe Limbourg\",\"@id\":\"https:\\\/\\\/www.renouvelle.be\\\/fr\\\/#\\\/schema\\\/person\\\/980400dfd457d76423b6766ad2146490\"},\"headline\":\"100% de la consommation \u00e9lectrique belge a \u00e9t\u00e9 assur\u00e9e par le renouvelable ce 29 mai de midi\",\"datePublished\":\"2023-06-01T08:41:18+00:00\",\"dateModified\":\"2023-06-08T07:43:10+00:00\",\"mainEntityOfPage\":{\"@id\":\"https:\\\/\\\/www.renouvelle.be\\\/fr\\\/100-de-la-consommation-electrique-belge-a-ete-assuree-par-le-renouvelable-ce-30-mai-sur-le-temps-de-midi\\\/\"},\"wordCount\":420,\"image\":{\"@id\":\"https:\\\/\\\/www.renouvelle.be\\\/fr\\\/100-de-la-consommation-electrique-belge-a-ete-assuree-par-le-renouvelable-ce-30-mai-sur-le-temps-de-midi\\\/#primaryimage\"},\"thumbnailUrl\":\"https:\\\/\\\/www.renouvelle.be\\\/wp-content\\\/uploads\\\/2022\\\/05\\\/iStock-1161944520-scaled.jpg\",\"articleSection\":[\"Actualit\u00e9\",\"Actualit\u00e9 en Belgique\"],\"inLanguage\":\"fr-FR\"},{\"@type\":\"WebPage\",\"@id\":\"https:\\\/\\\/www.renouvelle.be\\\/fr\\\/100-de-la-consommation-electrique-belge-a-ete-assuree-par-le-renouvelable-ce-30-mai-sur-le-temps-de-midi\\\/\",\"url\":\"https:\\\/\\\/www.renouvelle.be\\\/fr\\\/100-de-la-consommation-electrique-belge-a-ete-assuree-par-le-renouvelable-ce-30-mai-sur-le-temps-de-midi\\\/\",\"name\":\"100% de la consommation \u00e9lectrique belge a \u00e9t\u00e9 assur\u00e9e par le renouvelable ce 29 mai de midi - Renouvelle\",\"isPartOf\":{\"@id\":\"https:\\\/\\\/www.renouvelle.be\\\/fr\\\/#website\"},\"primaryImageOfPage\":{\"@id\":\"https:\\\/\\\/www.renouvelle.be\\\/fr\\\/100-de-la-consommation-electrique-belge-a-ete-assuree-par-le-renouvelable-ce-30-mai-sur-le-temps-de-midi\\\/#primaryimage\"},\"image\":{\"@id\":\"https:\\\/\\\/www.renouvelle.be\\\/fr\\\/100-de-la-consommation-electrique-belge-a-ete-assuree-par-le-renouvelable-ce-30-mai-sur-le-temps-de-midi\\\/#primaryimage\"},\"thumbnailUrl\":\"https:\\\/\\\/www.renouvelle.be\\\/wp-content\\\/uploads\\\/2022\\\/05\\\/iStock-1161944520-scaled.jpg\",\"datePublished\":\"2023-06-01T08:41:18+00:00\",\"dateModified\":\"2023-06-08T07:43:10+00:00\",\"author\":{\"@id\":\"https:\\\/\\\/www.renouvelle.be\\\/fr\\\/#\\\/schema\\\/person\\\/980400dfd457d76423b6766ad2146490\"},\"description\":\"Production verte de l'\u00e9lectricit\u00e9 consomm\u00e9e en Belgique: 100% possible gr\u00e2ce au soleil et au vent ! Et \u00e7a, ce n'est pas du vent.\",\"breadcrumb\":{\"@id\":\"https:\\\/\\\/www.renouvelle.be\\\/fr\\\/100-de-la-consommation-electrique-belge-a-ete-assuree-par-le-renouvelable-ce-30-mai-sur-le-temps-de-midi\\\/#breadcrumb\"},\"inLanguage\":\"fr-FR\",\"potentialAction\":[{\"@type\":\"ReadAction\",\"target\":[\"https:\\\/\\\/www.renouvelle.be\\\/fr\\\/100-de-la-consommation-electrique-belge-a-ete-assuree-par-le-renouvelable-ce-30-mai-sur-le-temps-de-midi\\\/\"]}]},{\"@type\":\"ImageObject\",\"inLanguage\":\"fr-FR\",\"@id\":\"https:\\\/\\\/www.renouvelle.be\\\/fr\\\/100-de-la-consommation-electrique-belge-a-ete-assuree-par-le-renouvelable-ce-30-mai-sur-le-temps-de-midi\\\/#primaryimage\",\"url\":\"https:\\\/\\\/www.renouvelle.be\\\/wp-content\\\/uploads\\\/2022\\\/05\\\/iStock-1161944520-scaled.jpg\",\"contentUrl\":\"https:\\\/\\\/www.renouvelle.be\\\/wp-content\\\/uploads\\\/2022\\\/05\\\/iStock-1161944520-scaled.jpg\",\"width\":2560,\"height\":1862,\"caption\":\"Solar energy panel photovoltaic cell and wind turbine farm power generator in nature landscape for production of renewable green energy is friendly industry. Clean sustainable development concept.\"},{\"@type\":\"BreadcrumbList\",\"@id\":\"https:\\\/\\\/www.renouvelle.be\\\/fr\\\/100-de-la-consommation-electrique-belge-a-ete-assuree-par-le-renouvelable-ce-30-mai-sur-le-temps-de-midi\\\/#breadcrumb\",\"itemListElement\":[{\"@type\":\"ListItem\",\"position\":1,\"name\":\"Accueil\",\"item\":\"https:\\\/\\\/www.renouvelle.be\\\/fr\\\/\"},{\"@type\":\"ListItem\",\"position\":2,\"name\":\"100% de la consommation \u00e9lectrique belge a \u00e9t\u00e9 assur\u00e9e par le renouvelable ce 29 mai de midi\"}]},{\"@type\":\"WebSite\",\"@id\":\"https:\\\/\\\/www.renouvelle.be\\\/fr\\\/#website\",\"url\":\"https:\\\/\\\/www.renouvelle.be\\\/fr\\\/\",\"name\":\"Renouvelle\",\"description\":\"L&#039;actualit\u00e9 de l&#039;\u00e9nergie durable\",\"potentialAction\":[{\"@type\":\"SearchAction\",\"target\":{\"@type\":\"EntryPoint\",\"urlTemplate\":\"https:\\\/\\\/www.renouvelle.be\\\/fr\\\/?s={search_term_string}\"},\"query-input\":{\"@type\":\"PropertyValueSpecification\",\"valueRequired\":true,\"valueName\":\"search_term_string\"}}],\"inLanguage\":\"fr-FR\"},{\"@type\":\"Person\",\"@id\":\"https:\\\/\\\/www.renouvelle.be\\\/fr\\\/#\\\/schema\\\/person\\\/980400dfd457d76423b6766ad2146490\",\"name\":\"Philippe Limbourg\",\"url\":\"https:\\\/\\\/www.renouvelle.be\\\/fr\\\/author\\\/philippe-limbourg\\\/\"}]}<\/script>\n<!-- \/ Yoast SEO plugin. -->","yoast_head_json":{"title":"100% de la consommation \u00e9lectrique belge a \u00e9t\u00e9 assur\u00e9e par le renouvelable ce 29 mai de midi - Renouvelle","description":"Production verte de l'\u00e9lectricit\u00e9 consomm\u00e9e en Belgique: 100% possible gr\u00e2ce au soleil et au vent ! Et \u00e7a, ce n'est pas du vent.","robots":{"index":"index","follow":"follow","max-snippet":"max-snippet:-1","max-image-preview":"max-image-preview:large","max-video-preview":"max-video-preview:-1"},"canonical":"https:\/\/www.renouvelle.be\/fr\/100-de-la-consommation-electrique-belge-a-ete-assuree-par-le-renouvelable-ce-30-mai-sur-le-temps-de-midi\/","og_locale":"fr_FR","og_type":"article","og_title":"100% de la consommation \u00e9lectrique belge a \u00e9t\u00e9 assur\u00e9e par le renouvelable ce 29 mai de midi - Renouvelle","og_description":"Production verte de l'\u00e9lectricit\u00e9 consomm\u00e9e en Belgique: 100% possible gr\u00e2ce au soleil et au vent ! Et \u00e7a, ce n'est pas du vent.","og_url":"https:\/\/www.renouvelle.be\/fr\/100-de-la-consommation-electrique-belge-a-ete-assuree-par-le-renouvelable-ce-30-mai-sur-le-temps-de-midi\/","og_site_name":"Renouvelle","article_published_time":"2023-06-01T08:41:18+00:00","article_modified_time":"2023-06-08T07:43:10+00:00","og_image":[{"width":2560,"height":1862,"url":"https:\/\/www.renouvelle.be\/wp-content\/uploads\/2022\/05\/iStock-1161944520-scaled.jpg","type":"image\/jpeg"}],"author":"Philippe Limbourg","twitter_card":"summary_large_image","schema":{"@context":"https:\/\/schema.org","@graph":[{"@type":"Article","@id":"https:\/\/www.renouvelle.be\/fr\/100-de-la-consommation-electrique-belge-a-ete-assuree-par-le-renouvelable-ce-30-mai-sur-le-temps-de-midi\/#article","isPartOf":{"@id":"https:\/\/www.renouvelle.be\/fr\/100-de-la-consommation-electrique-belge-a-ete-assuree-par-le-renouvelable-ce-30-mai-sur-le-temps-de-midi\/"},"author":{"name":"Philippe Limbourg","@id":"https:\/\/www.renouvelle.be\/fr\/#\/schema\/person\/980400dfd457d76423b6766ad2146490"},"headline":"100% de la consommation \u00e9lectrique belge a \u00e9t\u00e9 assur\u00e9e par le renouvelable ce 29 mai de midi","datePublished":"2023-06-01T08:41:18+00:00","dateModified":"2023-06-08T07:43:10+00:00","mainEntityOfPage":{"@id":"https:\/\/www.renouvelle.be\/fr\/100-de-la-consommation-electrique-belge-a-ete-assuree-par-le-renouvelable-ce-30-mai-sur-le-temps-de-midi\/"},"wordCount":420,"image":{"@id":"https:\/\/www.renouvelle.be\/fr\/100-de-la-consommation-electrique-belge-a-ete-assuree-par-le-renouvelable-ce-30-mai-sur-le-temps-de-midi\/#primaryimage"},"thumbnailUrl":"https:\/\/www.renouvelle.be\/wp-content\/uploads\/2022\/05\/iStock-1161944520-scaled.jpg","articleSection":["Actualit\u00e9","Actualit\u00e9 en Belgique"],"inLanguage":"fr-FR"},{"@type":"WebPage","@id":"https:\/\/www.renouvelle.be\/fr\/100-de-la-consommation-electrique-belge-a-ete-assuree-par-le-renouvelable-ce-30-mai-sur-le-temps-de-midi\/","url":"https:\/\/www.renouvelle.be\/fr\/100-de-la-consommation-electrique-belge-a-ete-assuree-par-le-renouvelable-ce-30-mai-sur-le-temps-de-midi\/","name":"100% de la consommation \u00e9lectrique belge a \u00e9t\u00e9 assur\u00e9e par le renouvelable ce 29 mai de midi - Renouvelle","isPartOf":{"@id":"https:\/\/www.renouvelle.be\/fr\/#website"},"primaryImageOfPage":{"@id":"https:\/\/www.renouvelle.be\/fr\/100-de-la-consommation-electrique-belge-a-ete-assuree-par-le-renouvelable-ce-30-mai-sur-le-temps-de-midi\/#primaryimage"},"image":{"@id":"https:\/\/www.renouvelle.be\/fr\/100-de-la-consommation-electrique-belge-a-ete-assuree-par-le-renouvelable-ce-30-mai-sur-le-temps-de-midi\/#primaryimage"},"thumbnailUrl":"https:\/\/www.renouvelle.be\/wp-content\/uploads\/2022\/05\/iStock-1161944520-scaled.jpg","datePublished":"2023-06-01T08:41:18+00:00","dateModified":"2023-06-08T07:43:10+00:00","author":{"@id":"https:\/\/www.renouvelle.be\/fr\/#\/schema\/person\/980400dfd457d76423b6766ad2146490"},"description":"Production verte de l'\u00e9lectricit\u00e9 consomm\u00e9e en Belgique: 100% possible gr\u00e2ce au soleil et au vent ! Et \u00e7a, ce n'est pas du vent.","breadcrumb":{"@id":"https:\/\/www.renouvelle.be\/fr\/100-de-la-consommation-electrique-belge-a-ete-assuree-par-le-renouvelable-ce-30-mai-sur-le-temps-de-midi\/#breadcrumb"},"inLanguage":"fr-FR","potentialAction":[{"@type":"ReadAction","target":["https:\/\/www.renouvelle.be\/fr\/100-de-la-consommation-electrique-belge-a-ete-assuree-par-le-renouvelable-ce-30-mai-sur-le-temps-de-midi\/"]}]},{"@type":"ImageObject","inLanguage":"fr-FR","@id":"https:\/\/www.renouvelle.be\/fr\/100-de-la-consommation-electrique-belge-a-ete-assuree-par-le-renouvelable-ce-30-mai-sur-le-temps-de-midi\/#primaryimage","url":"https:\/\/www.renouvelle.be\/wp-content\/uploads\/2022\/05\/iStock-1161944520-scaled.jpg","contentUrl":"https:\/\/www.renouvelle.be\/wp-content\/uploads\/2022\/05\/iStock-1161944520-scaled.jpg","width":2560,"height":1862,"caption":"Solar energy panel photovoltaic cell and wind turbine farm power generator in nature landscape for production of renewable green energy is friendly industry. Clean sustainable development concept."},{"@type":"BreadcrumbList","@id":"https:\/\/www.renouvelle.be\/fr\/100-de-la-consommation-electrique-belge-a-ete-assuree-par-le-renouvelable-ce-30-mai-sur-le-temps-de-midi\/#breadcrumb","itemListElement":[{"@type":"ListItem","position":1,"name":"Accueil","item":"https:\/\/www.renouvelle.be\/fr\/"},{"@type":"ListItem","position":2,"name":"100% de la consommation \u00e9lectrique belge a \u00e9t\u00e9 assur\u00e9e par le renouvelable ce 29 mai de midi"}]},{"@type":"WebSite","@id":"https:\/\/www.renouvelle.be\/fr\/#website","url":"https:\/\/www.renouvelle.be\/fr\/","name":"Renouvelle","description":"L&#039;actualit\u00e9 de l&#039;\u00e9nergie durable","potentialAction":[{"@type":"SearchAction","target":{"@type":"EntryPoint","urlTemplate":"https:\/\/www.renouvelle.be\/fr\/?s={search_term_string}"},"query-input":{"@type":"PropertyValueSpecification","valueRequired":true,"valueName":"search_term_string"}}],"inLanguage":"fr-FR"},{"@type":"Person","@id":"https:\/\/www.renouvelle.be\/fr\/#\/schema\/person\/980400dfd457d76423b6766ad2146490","name":"Philippe Limbourg","url":"https:\/\/www.renouvelle.be\/fr\/author\/philippe-limbourg\/"}]}},"_links":{"self":[{"href":"https:\/\/www.renouvelle.be\/fr\/wp-json\/wp\/v2\/posts\/9421","targetHints":{"allow":["GET"]}}],"collection":[{"href":"https:\/\/www.renouvelle.be\/fr\/wp-json\/wp\/v2\/posts"}],"about":[{"href":"https:\/\/www.renouvelle.be\/fr\/wp-json\/wp\/v2\/types\/post"}],"author":[{"embeddable":true,"href":"https:\/\/www.renouvelle.be\/fr\/wp-json\/wp\/v2\/users\/32"}],"replies":[{"embeddable":true,"href":"https:\/\/www.renouvelle.be\/fr\/wp-json\/wp\/v2\/comments?post=9421"}],"version-history":[{"count":8,"href":"https:\/\/www.renouvelle.be\/fr\/wp-json\/wp\/v2\/posts\/9421\/revisions"}],"predecessor-version":[{"id":9482,"href":"https:\/\/www.renouvelle.be\/fr\/wp-json\/wp\/v2\/posts\/9421\/revisions\/9482"}],"wp:featuredmedia":[{"embeddable":true,"href":"https:\/\/www.renouvelle.be\/fr\/wp-json\/wp\/v2\/media\/8264"}],"wp:attachment":[{"href":"https:\/\/www.renouvelle.be\/fr\/wp-json\/wp\/v2\/media?parent=9421"}],"wp:term":[{"taxonomy":"category","embeddable":true,"href":"https:\/\/www.renouvelle.be\/fr\/wp-json\/wp\/v2\/categories?post=9421"},{"taxonomy":"post_tag","embeddable":true,"href":"https:\/\/www.renouvelle.be\/fr\/wp-json\/wp\/v2\/tags?post=9421"},{"taxonomy":"section","embeddable":true,"href":"https:\/\/www.renouvelle.be\/fr\/wp-json\/wp\/v2\/section?post=9421"}],"curies":[{"name":"wp","href":"https:\/\/api.w.org\/{rel}","templated":true}]}}