{"id":9408,"date":"2023-05-24T11:08:49","date_gmt":"2023-05-24T09:08:49","guid":{"rendered":"https:\/\/www.renouvelle.be\/?p=9408"},"modified":"2023-05-24T11:08:52","modified_gmt":"2023-05-24T09:08:52","slug":"batterie-electrique-le-bois-de-nos-forets-comme-ressource-locale","status":"publish","type":"post","link":"https:\/\/www.renouvelle.be\/fr\/batterie-electrique-le-bois-de-nos-forets-comme-ressource-locale\/","title":{"rendered":"Batterie \u00e9lectrique\u00a0: le bois de nos for\u00eats comme ressource locale\u00a0?!"},"content":{"rendered":"\n<p>Des batteries en bois, ou plut\u00f4t en Lignine (un des trois composants principaux du bois, avec la cellulose et les h\u00e9micellulose), un r\u00eave pas encore tout \u00e0 fait \u00e0 notre port\u00e9e, mais qui devient cependant, pour partie, r\u00e9alit\u00e9.<\/p>\n\n\n\n<p>Avec la construction d\u2019un monde qui utilise beaucoup moins d\u2019\u00e9nergie, gr\u00e2ce \u00e0 l\u2019efficacit\u00e9 et \u00e0 la sobri\u00e9t\u00e9, et dont les proportions d\u2019\u00e9lectricit\u00e9 renouvelables grandissent, le besoin de stockage grandit \u00e9galement.<\/p>\n\n\n\n<p><strong>Ce qui fonctionne&nbsp;: une entreprise finlandaise<\/strong>&nbsp;!<\/p>\n\n\n\n<p>Storaenso a entreprit de valoriser la lignine en \u00ab&nbsp;Lignode&nbsp;\u00bb. Cette mol\u00e9cule est bien pr\u00e9sente dans les plantes class\u00e9es dans les ligneuses<a href=\"#_ftn1\" id=\"_ftnref1\">[1]<\/a>. <em>(Dans les bois dits durs (les feuillus) on retrouve entre 14 et 34% de lignine et entre 21 et 37% dans les bois dits tendres (les r\u00e9sineux).)<\/em><\/p>\n\n\n\n<p>L\u2019entreprise finlandaise Store Enso, \u00e0 la base sp\u00e9cialiste de la p\u00e2te \u00e0 papier, a d\u00e9velopp\u00e9 des anodes (le p\u00f4le n\u00e9gatif des deux \u00e9lectrodes d\u2019une batterie) en graphite \u00e0 base de lignine en lieux et place du graphite bas\u00e9 sur la pyrolyse d\u2019hydrocarbures.<\/p>\n\n\n\n<p>Si certains restent sceptiques, Storaenso explore maintenant des pistes de partenariats strat\u00e9giques pour acc\u00e9l\u00e9rer son industrialisation et se d\u00e9velopper en Europe d\u2019ici 2025.<\/p>\n\n\n\n<figure class=\"wp-block-image size-large\"><img loading=\"lazy\" decoding=\"async\" width=\"1024\" height=\"768\" src=\"https:\/\/www.renouvelle.be\/wp-content\/uploads\/2023\/05\/image-1024x768.png\" alt=\"\" class=\"wp-image-9409\" srcset=\"https:\/\/www.renouvelle.be\/wp-content\/uploads\/2023\/05\/image-1024x768.png 1024w, https:\/\/www.renouvelle.be\/wp-content\/uploads\/2023\/05\/image-300x225.png 300w, https:\/\/www.renouvelle.be\/wp-content\/uploads\/2023\/05\/image-768x576.png 768w, https:\/\/www.renouvelle.be\/wp-content\/uploads\/2023\/05\/image-1200x900.png 1200w, https:\/\/www.renouvelle.be\/wp-content\/uploads\/2023\/05\/image.png 1280w\" sizes=\"auto, (max-width: 1024px) 100vw, 1024px\" \/><\/figure>\n\n\n\n<p><strong>30% de bois dans les batteries<\/strong><\/p>\n\n\n\n<p>L\u2019anode repr\u00e9sente environ 30% du poids d\u2019une batterie classique LI-Ion.<\/p>\n\n\n\n<p>Au-del\u00e0 d\u2019une performance augment\u00e9e en vitesse de charge pour les batteries qui la contiennent, \u00e0 savoir une charge de 40 \u00e0 50 minutes qui serait r\u00e9duite \u00e0 8 minutes gr\u00e2ce \u00e0 une structure de carbone amorphe (irr\u00e9guli\u00e8re), l\u2019int\u00e9r\u00eat principal de ces anodes r\u00e9side dans l\u2019usage d\u2019un mat\u00e9riau renouvelable dont la fin de vie est g\u00e9r\u00e9e par les lombrics du compost.<\/p>\n\n\n\n<p>De plus, les processus de fabrication sont nettement moins \u00e9nergivores que leur homologue fossile (qui n\u00e9cessite de maintenir une temp\u00e9rature de 3000\u00b0C pendant des semaines). Pour produire une cathode \u00e0 base de lignine, les temp\u00e9ratures sont plus basses (m\u00eame si le processus de fabrication reste secret \u00e0 ce jour) et en tant que sous-produit, elle valorise des d\u00e9penses \u00e9nerg\u00e9tiques d\u00e9j\u00e0 existantes.<\/p>\n\n\n\n<p><strong>Renouvelable ne veut pas dire in\u00e9puisable&nbsp;!<\/strong><\/p>\n\n\n\n<p>De l\u00e0 \u00e0 imaginer que les forets wallons deviennent pourvoyeuses de batteries de stockage il y a un pas que nous ne franchirons pas.<\/p>\n\n\n\n<p>En moyenne<a href=\"#_ftn2\" id=\"_ftnref2\">[2]<\/a>, la biomasse (bois, paille) contient 25% de lignine. Dans un \u00e9pic\u00e9a de 80 ans, on a environ<a href=\"#_ftn3\" id=\"_ftnref3\">[3]<\/a> <em>(450kg\/m\u00b3 masse volumique, 80 cm de diam\u00e8tre, 25 m haut = 4,3 m\u00b3)<\/em>&nbsp;2 tonnes de bois, soit 500 kg de lignine. Dans un hectare de paille (c\u00e9r\u00e9ales) on retrouve 1,75 tonnes de lignine par hectare de paille.<\/p>\n\n\n\n<p>Pour fabriquer une batterie qui stocke 70 kWh (ce qui repr\u00e9sente une quantit\u00e9 d\u2019\u00e9nergie permettant \u00e0 une voiture \u00e9lectrique de rouler entre 400 et 600 km en fonction du mod\u00e8le), il faut 100 kg d\u2019anode. Compte tenu des rendements de transformation, il serait th\u00e9oriquement possible de fabriquer environ 10 batteries de v\u00e9hicules \u00e9lectriques avec un \u00e9pic\u00e9a de 60 ans et avec un peu plus d\u2019un hectare de paille.<\/p>\n\n\n\n<p><strong>La Wallonie \u00e0 la biomasse plus fine.<\/strong><\/p>\n\n\n\n<p>Parlant de fabrication d\u2019anode en lignine, nous nous pla\u00e7ons dans le domaine de la chimie \u00ablourde&nbsp;\u00bb, c\u2019est-\u00e0-dire avec de grands volumes n\u00e9cessaires et une faible valeur ajout\u00e9e.<\/p>\n\n\n\n<p>Et les ressources de nos for\u00eats sont d\u00e9j\u00e0 sollicit\u00e9es, \u00e0 plein, pour d\u2019autres usages\u00a0: papier, bois d\u2019\u0153uvre, panneaux de bois, \u00e9nergie, isolation \u2026 qui ne laissent plus de place \u00e0 une exploitation suppl\u00e9mentaire sous peine d\u2019\u00e9puiser la ressource. En Wallonie, si la chimie du bois a un avenir, c\u2019est plut\u00f4t dans la chimie dite \u00ab\u00a0fine\u00a0\u00bb, orient\u00e9e non pas autour de la lignine, mais de ce qu\u2019on appelle les extractibles, soit des \u00e9l\u00e9ments pr\u00e9sents en trace dans le bois (tanins, huiles sucres, r\u00e9sines, \u2026), comme l\u2019indique le rapport de 2018 de Valbiom<a id=\"_ftnref4\" href=\"#_ftn4\">[4]<\/a> en la mati\u00e8re.<\/p>\n\n\n\n<figure class=\"wp-block-image size-large\"><img loading=\"lazy\" decoding=\"async\" width=\"1024\" height=\"576\" src=\"https:\/\/www.renouvelle.be\/wp-content\/uploads\/2023\/05\/image-1-1024x576.png\" alt=\"\" class=\"wp-image-9411\" srcset=\"https:\/\/www.renouvelle.be\/wp-content\/uploads\/2023\/05\/image-1-1024x576.png 1024w, https:\/\/www.renouvelle.be\/wp-content\/uploads\/2023\/05\/image-1-300x169.png 300w, https:\/\/www.renouvelle.be\/wp-content\/uploads\/2023\/05\/image-1-768x432.png 768w, https:\/\/www.renouvelle.be\/wp-content\/uploads\/2023\/05\/image-1-1200x675.png 1200w, https:\/\/www.renouvelle.be\/wp-content\/uploads\/2023\/05\/image-1.png 1280w\" sizes=\"auto, (max-width: 1024px) 100vw, 1024px\" \/><\/figure>\n\n\n\n<p><strong>Et plus loin encore&nbsp;?<\/strong><\/p>\n\n\n\n<p>La lignine fait l\u2019objet de diff\u00e9rentes recherches quant \u00e0 de nouvelles valorisations, que l\u2019on peut synth\u00e9tiser en 3 axes qui, selon nous, semblent int\u00e9ressants.<\/p>\n\n\n\n<p>Batteries \u00e0 flux redox organique : Dans les batteries \u00e0 flux redox organique, la lignine pourrait \u00eatre utilis\u00e9e comme \u00e9lectrolyte non aqueux. Elle pr\u00e9sente des propri\u00e9t\u00e9s int\u00e9ressantes, telles que sa solubilit\u00e9 dans certains solvants organiques et sa stabilit\u00e9 chimique. La lignine pourrait donc servir \u00e0 transporter les ions n\u00e9cessaires \u00e0 la r\u00e9action \u00e9lectrochimique dans la batterie.<\/p>\n\n\n\n<p>Batteries lithium-ion : Comme expos\u00e9 ci-plus haut, la lignine pourrait \u00e9galement \u00eatre utilis\u00e9e comme mat\u00e9riau dans les batteries lithium-ion. Elle serait convertie en un mat\u00e9riau carbon\u00e9 utilisable comme \u00e9lectrode n\u00e9gative (anode) dans de telles batteries.<\/p>\n\n\n\n<p>Batteries sodium-ion : Les batteries sodium-ion sont une alternative potentielle aux batteries lithium-ion, car le sodium est plus abondant et moins co\u00fbteux que le lithium. Des recherches ont \u00e9t\u00e9 men\u00e9es pour d\u00e9velopper des \u00e9lectrolytes \u00e0 base de lignine sp\u00e9cifiquement pour les batteries sodium-ion. La lignine pourrait offrir des avantages en termes de stabilit\u00e9 chimique et de conductivit\u00e9 ionique. Ces diff\u00e9rentes pistes de recherche montrent que la lignine pr\u00e9sente un fort potentiel pour \u00eatre utilis\u00e9e comme \u00e9lectrolyte dans les batteries, ce qui permettrait d&rsquo;augmenter la proportion de composants \u00e0 base de bois et de favoriser une approche plus durable dans le domaine des technologies de stockage d&rsquo;\u00e9nergie. Cependant, il convient de noter que ces recherches sont encore en cours et que des d\u00e9fis techniques doivent \u00eatre surmont\u00e9s avant que la lignine puisse \u00eatre pleinement utilis\u00e9e dans les batteries \u00e0 grande \u00e9chelle. Et que les for\u00eats ne sont pas, non plus, in\u00e9puisables.<\/p>\n\n\n\n<hr class=\"wp-block-separator has-alpha-channel-opacity\"\/>\n\n\n\n<p><a href=\"#_ftnref1\" id=\"_ftn1\">[1]<\/a> <a href=\"https:\/\/www.valbiom.be\/actualites\/chimie-du-bois-une-filiere-davenir-partie-12\">Chimie du bois : une fili\u00e8re d\u2019avenir ? (Partie 1\/2) | Valbiom &#8211; Valorisation de la biomasse<\/a><\/p>\n\n\n\n<p><a href=\"#_ftnref2\" id=\"_ftn2\">[2]<\/a> <a href=\"https:\/\/orbi.uliege.be\/bitstream\/2268\/182162\/1\/150331_ValBiom_Valorisation-de-la-lignine.pdf\">https:\/\/orbi.uliege.be\/bitstream\/2268\/182162\/1\/150331_ValBiom_Valorisation-de-la-lignine.pdf<\/a><\/p>\n\n\n\n<p><a href=\"#_ftnref3\" id=\"_ftn3\">[3]<\/a> <a href=\"https:\/\/www.timberpolis.fr\/calc-standing-tree-volume.php#goToPage\">https:\/\/www.timberpolis.fr\/calc-standing-tree-volume.php#goToPage<\/a><\/p>\n\n\n\n<p><a href=\"#_ftnref4\" id=\"_ftn4\">[4]<\/a> <a href=\"https:\/\/www.valbiom.be\/actualites\/chimie-du-bois-une-filiere-davenir-partie-22\">Chimie du bois : une fili\u00e8re d\u2019avenir ? (Partie 2\/2) | Valbiom &#8211; Valorisation de la biomasse<\/a><\/p>\n","protected":false},"excerpt":{"rendered":"<p>Des batteries en bois, ou plut\u00f4t en Lignine (un des trois composants principaux du bois, avec la cellulose et les h\u00e9micellulose), un r\u00eave pas encore tout \u00e0 fait \u00e0 notre port\u00e9e, mais qui devient cependant, pour partie, r\u00e9alit\u00e9. Avec la construction d\u2019un monde qui utilise beaucoup moins d\u2019\u00e9nergie, gr\u00e2ce \u00e0 l\u2019efficacit\u00e9 et \u00e0 la sobri\u00e9t\u00e9, et dont les proportions d\u2019\u00e9lectricit\u00e9 renouvelables grandissent, le besoin de stockage grandit \u00e9galement. Ce qui fonctionne&nbsp;: une entreprise finlandaise&nbsp;! Storaenso a entreprit de valoriser la lignine en \u00ab&nbsp;Lignode&nbsp;\u00bb. Cette mol\u00e9cule est bien pr\u00e9sente dans les plantes class\u00e9es dans les ligneuses[1]. (Dans les bois dits durs (les feuillus) on retrouve entre 14 et 34% de lignine et entre 21 et 37% dans les bois dits tendres (les r\u00e9sineux).) L\u2019entreprise finlandaise Store Enso, \u00e0 la base sp\u00e9cialiste de la p\u00e2te \u00e0 papier, a d\u00e9velopp\u00e9 des anodes (le p\u00f4le n\u00e9gatif des deux \u00e9lectrodes d\u2019une batterie) en graphite \u00e0 base de lignine en lieux et place du graphite bas\u00e9 sur la pyrolyse d\u2019hydrocarbures. Si certains restent sceptiques, Storaenso explore maintenant des pistes de partenariats strat\u00e9giques pour acc\u00e9l\u00e9rer son industrialisation et se d\u00e9velopper en Europe d\u2019ici 2025. 30% de bois dans les batteries L\u2019anode repr\u00e9sente environ 30% du poids d\u2019une batterie classique LI-Ion. Au-del\u00e0 d\u2019une performance augment\u00e9e en vitesse de charge pour les batteries qui la contiennent, \u00e0 savoir une charge de 40 \u00e0 50 minutes qui serait r\u00e9duite \u00e0 8 minutes gr\u00e2ce \u00e0 une structure de carbone amorphe (irr\u00e9guli\u00e8re), l\u2019int\u00e9r\u00eat principal de ces anodes r\u00e9side dans l\u2019usage d\u2019un mat\u00e9riau renouvelable dont la fin de vie est g\u00e9r\u00e9e par les lombrics du compost. De plus, les processus de fabrication sont nettement moins \u00e9nergivores que leur homologue fossile (qui n\u00e9cessite de maintenir une temp\u00e9rature de 3000\u00b0C pendant des semaines). Pour produire &hellip; <a href=\"https:\/\/www.renouvelle.be\/fr\/batterie-electrique-le-bois-de-nos-forets-comme-ressource-locale\/\" class=\"more-link\">Continue reading<span class=\"screen-reader-text\"> \u00ab\u00a0Batterie \u00e9lectrique\u00a0: le bois de nos for\u00eats comme ressource locale\u00a0?!\u00a0\u00bb<\/span><\/a><\/p>\n","protected":false},"author":17,"featured_media":9413,"comment_status":"closed","ping_status":"closed","sticky":false,"template":"","format":"standard","meta":{"_acf_changed":false,"footnotes":""},"categories":[20],"tags":[],"section":[14],"class_list":["post-9408","post","type-post","status-publish","format-standard","has-post-thumbnail","hentry","category-technologies","section-stockage"],"acf":[],"yoast_head":"<!-- This site is optimized with the Yoast SEO plugin v27.5 - https:\/\/yoast.com\/product\/yoast-seo-wordpress\/ -->\n<title>Batterie \u00e9lectrique\u00a0: le bois de nos for\u00eats comme ressource locale\u00a0?! - Renouvelle<\/title>\n<meta name=\"description\" content=\"Peut-on utiliser le bois de nos for\u00eats comme composant des batteries de stockage \u00e9lectrique ? Oui ...mais non.\" \/>\n<meta name=\"robots\" content=\"index, follow, max-snippet:-1, max-image-preview:large, max-video-preview:-1\" \/>\n<link rel=\"canonical\" href=\"https:\/\/www.renouvelle.be\/fr\/batterie-electrique-le-bois-de-nos-forets-comme-ressource-locale\/\" \/>\n<meta property=\"og:locale\" content=\"fr_FR\" \/>\n<meta property=\"og:type\" content=\"article\" \/>\n<meta property=\"og:title\" content=\"Batterie \u00e9lectrique\u00a0: le bois de nos for\u00eats comme ressource locale\u00a0?! - Renouvelle\" \/>\n<meta property=\"og:description\" content=\"Peut-on utiliser le bois de nos for\u00eats comme composant des batteries de stockage \u00e9lectrique ? Oui ...mais non.\" \/>\n<meta property=\"og:url\" content=\"https:\/\/www.renouvelle.be\/fr\/batterie-electrique-le-bois-de-nos-forets-comme-ressource-locale\/\" \/>\n<meta property=\"og:site_name\" content=\"Renouvelle\" \/>\n<meta property=\"article:published_time\" content=\"2023-05-24T09:08:49+00:00\" \/>\n<meta property=\"article:modified_time\" content=\"2023-05-24T09:08:52+00:00\" \/>\n<meta property=\"og:image\" content=\"https:\/\/www.renouvelle.be\/wp-content\/uploads\/2023\/05\/forest-56930_1280.jpg\" \/>\n\t<meta property=\"og:image:width\" content=\"960\" \/>\n\t<meta property=\"og:image:height\" content=\"1280\" \/>\n\t<meta property=\"og:image:type\" content=\"image\/jpeg\" \/>\n<meta name=\"author\" content=\"Benjamin WILKIN\" \/>\n<meta name=\"twitter:card\" content=\"summary_large_image\" \/>\n<script type=\"application\/ld+json\" class=\"yoast-schema-graph\">{\"@context\":\"https:\\\/\\\/schema.org\",\"@graph\":[{\"@type\":\"Article\",\"@id\":\"https:\\\/\\\/www.renouvelle.be\\\/fr\\\/batterie-electrique-le-bois-de-nos-forets-comme-ressource-locale\\\/#article\",\"isPartOf\":{\"@id\":\"https:\\\/\\\/www.renouvelle.be\\\/fr\\\/batterie-electrique-le-bois-de-nos-forets-comme-ressource-locale\\\/\"},\"author\":{\"name\":\"Benjamin WILKIN\",\"@id\":\"https:\\\/\\\/www.renouvelle.be\\\/fr\\\/#\\\/schema\\\/person\\\/20d41a25c5a48ee6500cc1a14288f058\"},\"headline\":\"Batterie \u00e9lectrique\u00a0: le bois de nos for\u00eats comme ressource locale\u00a0?!\",\"datePublished\":\"2023-05-24T09:08:49+00:00\",\"dateModified\":\"2023-05-24T09:08:52+00:00\",\"mainEntityOfPage\":{\"@id\":\"https:\\\/\\\/www.renouvelle.be\\\/fr\\\/batterie-electrique-le-bois-de-nos-forets-comme-ressource-locale\\\/\"},\"wordCount\":1001,\"image\":{\"@id\":\"https:\\\/\\\/www.renouvelle.be\\\/fr\\\/batterie-electrique-le-bois-de-nos-forets-comme-ressource-locale\\\/#primaryimage\"},\"thumbnailUrl\":\"https:\\\/\\\/www.renouvelle.be\\\/wp-content\\\/uploads\\\/2023\\\/05\\\/forest-56930_1280.jpg\",\"articleSection\":[\"Technologies\"],\"inLanguage\":\"fr-FR\"},{\"@type\":\"WebPage\",\"@id\":\"https:\\\/\\\/www.renouvelle.be\\\/fr\\\/batterie-electrique-le-bois-de-nos-forets-comme-ressource-locale\\\/\",\"url\":\"https:\\\/\\\/www.renouvelle.be\\\/fr\\\/batterie-electrique-le-bois-de-nos-forets-comme-ressource-locale\\\/\",\"name\":\"Batterie \u00e9lectrique\u00a0: le bois de nos for\u00eats comme ressource locale\u00a0?! - Renouvelle\",\"isPartOf\":{\"@id\":\"https:\\\/\\\/www.renouvelle.be\\\/fr\\\/#website\"},\"primaryImageOfPage\":{\"@id\":\"https:\\\/\\\/www.renouvelle.be\\\/fr\\\/batterie-electrique-le-bois-de-nos-forets-comme-ressource-locale\\\/#primaryimage\"},\"image\":{\"@id\":\"https:\\\/\\\/www.renouvelle.be\\\/fr\\\/batterie-electrique-le-bois-de-nos-forets-comme-ressource-locale\\\/#primaryimage\"},\"thumbnailUrl\":\"https:\\\/\\\/www.renouvelle.be\\\/wp-content\\\/uploads\\\/2023\\\/05\\\/forest-56930_1280.jpg\",\"datePublished\":\"2023-05-24T09:08:49+00:00\",\"dateModified\":\"2023-05-24T09:08:52+00:00\",\"author\":{\"@id\":\"https:\\\/\\\/www.renouvelle.be\\\/fr\\\/#\\\/schema\\\/person\\\/20d41a25c5a48ee6500cc1a14288f058\"},\"description\":\"Peut-on utiliser le bois de nos for\u00eats comme composant des batteries de stockage \u00e9lectrique ? Oui ...mais non.\",\"breadcrumb\":{\"@id\":\"https:\\\/\\\/www.renouvelle.be\\\/fr\\\/batterie-electrique-le-bois-de-nos-forets-comme-ressource-locale\\\/#breadcrumb\"},\"inLanguage\":\"fr-FR\",\"potentialAction\":[{\"@type\":\"ReadAction\",\"target\":[\"https:\\\/\\\/www.renouvelle.be\\\/fr\\\/batterie-electrique-le-bois-de-nos-forets-comme-ressource-locale\\\/\"]}]},{\"@type\":\"ImageObject\",\"inLanguage\":\"fr-FR\",\"@id\":\"https:\\\/\\\/www.renouvelle.be\\\/fr\\\/batterie-electrique-le-bois-de-nos-forets-comme-ressource-locale\\\/#primaryimage\",\"url\":\"https:\\\/\\\/www.renouvelle.be\\\/wp-content\\\/uploads\\\/2023\\\/05\\\/forest-56930_1280.jpg\",\"contentUrl\":\"https:\\\/\\\/www.renouvelle.be\\\/wp-content\\\/uploads\\\/2023\\\/05\\\/forest-56930_1280.jpg\",\"width\":960,\"height\":1280},{\"@type\":\"BreadcrumbList\",\"@id\":\"https:\\\/\\\/www.renouvelle.be\\\/fr\\\/batterie-electrique-le-bois-de-nos-forets-comme-ressource-locale\\\/#breadcrumb\",\"itemListElement\":[{\"@type\":\"ListItem\",\"position\":1,\"name\":\"Accueil\",\"item\":\"https:\\\/\\\/www.renouvelle.be\\\/fr\\\/\"},{\"@type\":\"ListItem\",\"position\":2,\"name\":\"Batterie \u00e9lectrique\u00a0: le bois de nos for\u00eats comme ressource locale\u00a0?!\"}]},{\"@type\":\"WebSite\",\"@id\":\"https:\\\/\\\/www.renouvelle.be\\\/fr\\\/#website\",\"url\":\"https:\\\/\\\/www.renouvelle.be\\\/fr\\\/\",\"name\":\"Renouvelle\",\"description\":\"L&#039;actualit\u00e9 de l&#039;\u00e9nergie durable\",\"potentialAction\":[{\"@type\":\"SearchAction\",\"target\":{\"@type\":\"EntryPoint\",\"urlTemplate\":\"https:\\\/\\\/www.renouvelle.be\\\/fr\\\/?s={search_term_string}\"},\"query-input\":{\"@type\":\"PropertyValueSpecification\",\"valueRequired\":true,\"valueName\":\"search_term_string\"}}],\"inLanguage\":\"fr-FR\"},{\"@type\":\"Person\",\"@id\":\"https:\\\/\\\/www.renouvelle.be\\\/fr\\\/#\\\/schema\\\/person\\\/20d41a25c5a48ee6500cc1a14288f058\",\"name\":\"Benjamin WILKIN\",\"url\":\"https:\\\/\\\/www.renouvelle.be\\\/fr\\\/author\\\/benjaminwilkin\\\/\"}]}<\/script>\n<!-- \/ Yoast SEO plugin. -->","yoast_head_json":{"title":"Batterie \u00e9lectrique\u00a0: le bois de nos for\u00eats comme ressource locale\u00a0?! - Renouvelle","description":"Peut-on utiliser le bois de nos for\u00eats comme composant des batteries de stockage \u00e9lectrique ? Oui ...mais non.","robots":{"index":"index","follow":"follow","max-snippet":"max-snippet:-1","max-image-preview":"max-image-preview:large","max-video-preview":"max-video-preview:-1"},"canonical":"https:\/\/www.renouvelle.be\/fr\/batterie-electrique-le-bois-de-nos-forets-comme-ressource-locale\/","og_locale":"fr_FR","og_type":"article","og_title":"Batterie \u00e9lectrique\u00a0: le bois de nos for\u00eats comme ressource locale\u00a0?! - Renouvelle","og_description":"Peut-on utiliser le bois de nos for\u00eats comme composant des batteries de stockage \u00e9lectrique ? Oui ...mais non.","og_url":"https:\/\/www.renouvelle.be\/fr\/batterie-electrique-le-bois-de-nos-forets-comme-ressource-locale\/","og_site_name":"Renouvelle","article_published_time":"2023-05-24T09:08:49+00:00","article_modified_time":"2023-05-24T09:08:52+00:00","og_image":[{"width":960,"height":1280,"url":"https:\/\/www.renouvelle.be\/wp-content\/uploads\/2023\/05\/forest-56930_1280.jpg","type":"image\/jpeg"}],"author":"Benjamin WILKIN","twitter_card":"summary_large_image","schema":{"@context":"https:\/\/schema.org","@graph":[{"@type":"Article","@id":"https:\/\/www.renouvelle.be\/fr\/batterie-electrique-le-bois-de-nos-forets-comme-ressource-locale\/#article","isPartOf":{"@id":"https:\/\/www.renouvelle.be\/fr\/batterie-electrique-le-bois-de-nos-forets-comme-ressource-locale\/"},"author":{"name":"Benjamin WILKIN","@id":"https:\/\/www.renouvelle.be\/fr\/#\/schema\/person\/20d41a25c5a48ee6500cc1a14288f058"},"headline":"Batterie \u00e9lectrique\u00a0: le bois de nos for\u00eats comme ressource locale\u00a0?!","datePublished":"2023-05-24T09:08:49+00:00","dateModified":"2023-05-24T09:08:52+00:00","mainEntityOfPage":{"@id":"https:\/\/www.renouvelle.be\/fr\/batterie-electrique-le-bois-de-nos-forets-comme-ressource-locale\/"},"wordCount":1001,"image":{"@id":"https:\/\/www.renouvelle.be\/fr\/batterie-electrique-le-bois-de-nos-forets-comme-ressource-locale\/#primaryimage"},"thumbnailUrl":"https:\/\/www.renouvelle.be\/wp-content\/uploads\/2023\/05\/forest-56930_1280.jpg","articleSection":["Technologies"],"inLanguage":"fr-FR"},{"@type":"WebPage","@id":"https:\/\/www.renouvelle.be\/fr\/batterie-electrique-le-bois-de-nos-forets-comme-ressource-locale\/","url":"https:\/\/www.renouvelle.be\/fr\/batterie-electrique-le-bois-de-nos-forets-comme-ressource-locale\/","name":"Batterie \u00e9lectrique\u00a0: le bois de nos for\u00eats comme ressource locale\u00a0?! - Renouvelle","isPartOf":{"@id":"https:\/\/www.renouvelle.be\/fr\/#website"},"primaryImageOfPage":{"@id":"https:\/\/www.renouvelle.be\/fr\/batterie-electrique-le-bois-de-nos-forets-comme-ressource-locale\/#primaryimage"},"image":{"@id":"https:\/\/www.renouvelle.be\/fr\/batterie-electrique-le-bois-de-nos-forets-comme-ressource-locale\/#primaryimage"},"thumbnailUrl":"https:\/\/www.renouvelle.be\/wp-content\/uploads\/2023\/05\/forest-56930_1280.jpg","datePublished":"2023-05-24T09:08:49+00:00","dateModified":"2023-05-24T09:08:52+00:00","author":{"@id":"https:\/\/www.renouvelle.be\/fr\/#\/schema\/person\/20d41a25c5a48ee6500cc1a14288f058"},"description":"Peut-on utiliser le bois de nos for\u00eats comme composant des batteries de stockage \u00e9lectrique ? Oui ...mais non.","breadcrumb":{"@id":"https:\/\/www.renouvelle.be\/fr\/batterie-electrique-le-bois-de-nos-forets-comme-ressource-locale\/#breadcrumb"},"inLanguage":"fr-FR","potentialAction":[{"@type":"ReadAction","target":["https:\/\/www.renouvelle.be\/fr\/batterie-electrique-le-bois-de-nos-forets-comme-ressource-locale\/"]}]},{"@type":"ImageObject","inLanguage":"fr-FR","@id":"https:\/\/www.renouvelle.be\/fr\/batterie-electrique-le-bois-de-nos-forets-comme-ressource-locale\/#primaryimage","url":"https:\/\/www.renouvelle.be\/wp-content\/uploads\/2023\/05\/forest-56930_1280.jpg","contentUrl":"https:\/\/www.renouvelle.be\/wp-content\/uploads\/2023\/05\/forest-56930_1280.jpg","width":960,"height":1280},{"@type":"BreadcrumbList","@id":"https:\/\/www.renouvelle.be\/fr\/batterie-electrique-le-bois-de-nos-forets-comme-ressource-locale\/#breadcrumb","itemListElement":[{"@type":"ListItem","position":1,"name":"Accueil","item":"https:\/\/www.renouvelle.be\/fr\/"},{"@type":"ListItem","position":2,"name":"Batterie \u00e9lectrique\u00a0: le bois de nos for\u00eats comme ressource locale\u00a0?!"}]},{"@type":"WebSite","@id":"https:\/\/www.renouvelle.be\/fr\/#website","url":"https:\/\/www.renouvelle.be\/fr\/","name":"Renouvelle","description":"L&#039;actualit\u00e9 de l&#039;\u00e9nergie durable","potentialAction":[{"@type":"SearchAction","target":{"@type":"EntryPoint","urlTemplate":"https:\/\/www.renouvelle.be\/fr\/?s={search_term_string}"},"query-input":{"@type":"PropertyValueSpecification","valueRequired":true,"valueName":"search_term_string"}}],"inLanguage":"fr-FR"},{"@type":"Person","@id":"https:\/\/www.renouvelle.be\/fr\/#\/schema\/person\/20d41a25c5a48ee6500cc1a14288f058","name":"Benjamin WILKIN","url":"https:\/\/www.renouvelle.be\/fr\/author\/benjaminwilkin\/"}]}},"_links":{"self":[{"href":"https:\/\/www.renouvelle.be\/fr\/wp-json\/wp\/v2\/posts\/9408","targetHints":{"allow":["GET"]}}],"collection":[{"href":"https:\/\/www.renouvelle.be\/fr\/wp-json\/wp\/v2\/posts"}],"about":[{"href":"https:\/\/www.renouvelle.be\/fr\/wp-json\/wp\/v2\/types\/post"}],"author":[{"embeddable":true,"href":"https:\/\/www.renouvelle.be\/fr\/wp-json\/wp\/v2\/users\/17"}],"replies":[{"embeddable":true,"href":"https:\/\/www.renouvelle.be\/fr\/wp-json\/wp\/v2\/comments?post=9408"}],"version-history":[{"count":3,"href":"https:\/\/www.renouvelle.be\/fr\/wp-json\/wp\/v2\/posts\/9408\/revisions"}],"predecessor-version":[{"id":9419,"href":"https:\/\/www.renouvelle.be\/fr\/wp-json\/wp\/v2\/posts\/9408\/revisions\/9419"}],"wp:featuredmedia":[{"embeddable":true,"href":"https:\/\/www.renouvelle.be\/fr\/wp-json\/wp\/v2\/media\/9413"}],"wp:attachment":[{"href":"https:\/\/www.renouvelle.be\/fr\/wp-json\/wp\/v2\/media?parent=9408"}],"wp:term":[{"taxonomy":"category","embeddable":true,"href":"https:\/\/www.renouvelle.be\/fr\/wp-json\/wp\/v2\/categories?post=9408"},{"taxonomy":"post_tag","embeddable":true,"href":"https:\/\/www.renouvelle.be\/fr\/wp-json\/wp\/v2\/tags?post=9408"},{"taxonomy":"section","embeddable":true,"href":"https:\/\/www.renouvelle.be\/fr\/wp-json\/wp\/v2\/section?post=9408"}],"curies":[{"name":"wp","href":"https:\/\/api.w.org\/{rel}","templated":true}]}}