{"id":9396,"date":"2023-05-15T14:14:44","date_gmt":"2023-05-15T12:14:44","guid":{"rendered":"https:\/\/www.renouvelle.be\/?p=9396"},"modified":"2023-05-15T14:34:00","modified_gmt":"2023-05-15T12:34:00","slug":"agrivoltaisme-bien-le-penser-pour-mieux-produire","status":"publish","type":"post","link":"https:\/\/www.renouvelle.be\/fr\/agrivoltaisme-bien-le-penser-pour-mieux-produire\/","title":{"rendered":"Agrivolta\u00efsme&#8230; bien le penser pour mieux produire"},"content":{"rendered":"\n<p>Comme le souligne la f\u00e9d\u00e9ration Edora dans sa note de positionnement sur le<a href=\"https:\/\/www.edora.org\/positions\/note-de-positionnement-plan-air-climat-energie-de-la-wallonie-pace-2030\"> plan air climat \u00e9nergie de la Wallonie<\/a>, les mesures wallonnes en vue d\u2019\u00e9liminer les sources d\u2019\u00e9nergie fossiles d\u2019ici 2050 doivent \u00eatre mis en ad\u00e9quation avec leurs ambitions. En ce qui concerne le d\u00e9ploiement photovolta\u00efque, \u00ab\u202fl\u2019objectif est certes concret mais il n\u00e9cessite un cadre de soutien et l\u2019anticipation de politiques nettement plus favorables dans plusieurs secteurs concern\u00e9s\u202f\u00bb. Parmi ceux-ci, l\u2019agrivolta\u00efsme.<\/p>\n\n\n\n<p><strong>Agrivolta-quoi ??<\/strong><\/p>\n\n\n\n<p>La d\u00e9finition id\u00e9ale de l\u2019agrivolta\u00efsme (qui a bien \u00e9volu\u00e9 depuis <a href=\"https:\/\/www.renouvelle.be\/fr\/agrivoltaisme-quelles-applications-possibles-en-belgique\/\" target=\"_blank\" rel=\"noreferrer noopener\">l\u2019un de nos premiers articles sur le sujet il y a plus de deux ans<\/a>) , serait d\u2019en dire qu\u2019il r\u00e9side dans l\u2019association de panneaux solaires et d\u2019une culture, sans induire ni d\u00e9gradation importante de la production agricole ni diminution des revenus de cette production. En cerise sur le g\u00e2teau, il s\u2019agirait aussi de soutenir l\u2019adaptation des syst\u00e8mes de culture aux changements climatiques (protection ou att\u00e9nuation des al\u00e9as comme la gr\u00eale, la chaleur, la s\u00e9cheresse ou encore l\u2019am\u00e9lioration du bien-\u00eatre animal en am\u00e9nageant des zones d\u2019ombre ou moins expos\u00e9es \u00e0 la pluie).<\/p>\n\n\n\n<figure class=\"wp-block-image size-full\"><img loading=\"lazy\" decoding=\"async\" width=\"700\" height=\"394\" src=\"https:\/\/www.renouvelle.be\/wp-content\/uploads\/2021\/09\/wierde4.jpg\" alt=\"\" class=\"wp-image-6570\" srcset=\"https:\/\/www.renouvelle.be\/wp-content\/uploads\/2021\/09\/wierde4.jpg 700w, https:\/\/www.renouvelle.be\/wp-content\/uploads\/2021\/09\/wierde4-300x169.jpg 300w\" sizes=\"auto, (max-width: 700px) 100vw, 700px\" \/><\/figure>\n\n\n\n<p><a href=\"https:\/\/www.nature.com\/articles\/s41893-019-0364-5.\">Une \u00e9tude publi\u00e9e dans la revue Natur<\/a>e estime que si 1% de la surface utilis\u00e9e pour l\u2019agriculture sur la plan\u00e8te \u00e9tait combin\u00e9e \u00e0 la production photovolta\u00efque, la totalit\u00e9 de la demande mondiale en \u00e9lectricit\u00e9 serait couverte. \u00c7a aussi, c\u2019est dans un monde id\u00e9al. Mais\u2026 M\u00eame s\u2019il permet une productivit\u00e9 \u00e9lev\u00e9e d\u2019\u00e9nergie, l\u2019agrivolta\u00efsme soul\u00e8ve de nombreuses interrogations, notamment celles li\u00e9es au mod\u00e8le agronomique des exploitations agricoles, au type de culture qui en b\u00e9n\u00e9ficient\u2026ou en souffrent ainsi qu\u2019aux types de sols par exemples, qui y correspondent le mieux.<\/p>\n\n\n\n<p><strong>Une optimisation du rendement solaire\/lumi\u00e8re<\/strong><\/p>\n\n\n\n<p>Selon Christian Dupraz, chercheur \u00e0 l&rsquo;Institut National de Recherche pour l&rsquo;Agriculture et l&rsquo;Environnement (INRAE) de Montpellier\u202f: \u00ab\u202fon constate que les plantes n&rsquo;utilisent qu&rsquo;une faible fraction du rayonnement du soleil: elles ne capturent en gros que 30% du rayonnement solaire. Donc, \u00e0 condition de laisser la lumi\u00e8re aux plantes au moment o\u00f9 elles en ont besoin, il y a l\u00e0 un gisement tr\u00e8s important d&rsquo;\u00e9nergie solaire sans p\u00e9naliser l\u2019agriculture (\u2026) En outre, cela permet jusqu&rsquo;\u00e0 30% de r\u00e9duction d&rsquo;\u00e9vapotranspiration sous les panneaux selon leur densit\u00e9, leur orientation ou leur pilotage tout en offrant une protection contre le gel en mettant les panneaux \u00e0 l\u2019horizontale la nuit.\u00bb<\/p>\n\n\n\n<p><strong>Des effets contrast\u00e9s sur la production agricole<\/strong><\/p>\n\n\n\n<p>Tout le monde n\u2019est pas aussi enthousiaste que le chercheur de Montpellier et il semblerait, par exemple, que toutes les cultures ne soient pas optimis\u00e9es par l\u2019agrivolta\u00efsme. Bien au contraire.<\/p>\n\n\n\n<p><strong>Les c\u00e9r\u00e9ales moins, les fruits, plus\u2026<\/strong><\/p>\n\n\n\n<p>L\u2019installation de syst\u00e8mes agrivolta\u00efques influe sur les radiations solaires, la temp\u00e9rature et l\u2019humidit\u00e9 du sol situ\u00e9 sous les panneaux. Mais pour certaines cat\u00e9gories de cultures, la diminution du rayonnement re\u00e7u semblerait \u00eatre impactant sur les performances des cultures agricoles. Avec, par exemple pour certaines c\u00e9r\u00e9ales, en moyenne 30% de rendement inf\u00e9rieur sous les panneaux agrivolta\u00efques <a href=\"https:\/\/rdcu.be\/dblSm\">selon cette \u00e9tude<\/a>. A l\u2019inverse, les l\u00e9gumineuses en g\u00e9n\u00e9ral, et certaines cultures fruiti\u00e8res en particulier, ont un meilleur potentiel de rendement gr\u00e2ce \u00e0 ces conditions partiellement ombrag\u00e9es. Il sera donc id\u00e9al de ne pas mettre n&rsquo;importe quelle culture sous une installation agrivolta\u00efque ou&#8230;de ne pas installer une structure agrivolta\u00efque sur n&rsquo;importe quel type de culture.<\/p>\n\n\n\n<p><strong>Dans la vigne aussi<\/strong><\/p>\n\n\n\n<p>Pionnier mondial de l\u2019agrivolta\u00efsme en milieu viticole, le domaine de Nidol\u00e8res dans les Pyr\u00e9n\u00e9es-Orientales,\u202fa install\u00e9 sur 4,5 ha de vignes, des panneaux solaires en persienne d\u00e8s 2018. Aujourd\u2019hui, il en est \u00e0 sa deuxi\u00e8me\u202fvendange sous panneaux et fait \u00e9tat d\u2019un tr\u00e8s bon rendement, d\u2019une\u202fam\u00e9lioration de la qualit\u00e9 des raisins et d\u2019une meilleure ma\u00eetrise du degr\u00e9\u202fd\u2019alcool (- 1 degr\u00e9 enregistr\u00e9). Le pilotage des panneaux solaires est, selon\u202flui, un vrai atout d\u2019une part pour prot\u00e9ger la vigne des al\u00e9as climatiques\u202fen diminuant par exemple l\u2019impact des gels tardifs, des gel\u00e9es blanches\u202fde printemps\u2026et de l\u2019autre pour g\u00e9rer l\u2019ensoleillement au plus pr\u00e8s des\u202fbesoins de la plante. L&rsquo;ouverture des panneaux \u00e9tant en effet automatiquement pilot\u00e9e en fonction des param\u00e8tres de chaleur, d&rsquo;ensoleillement et de la volont\u00e9 pour le vigneron de booster le fruit ou de prot\u00e9ger celui-ci par exemple.<\/p>\n\n\n\n<figure class=\"wp-block-image size-full\"><img loading=\"lazy\" decoding=\"async\" width=\"468\" height=\"264\" src=\"https:\/\/www.renouvelle.be\/wp-content\/uploads\/2021\/02\/agripv7.jpg\" alt=\"\" class=\"wp-image-5136\" srcset=\"https:\/\/www.renouvelle.be\/wp-content\/uploads\/2021\/02\/agripv7.jpg 468w, https:\/\/www.renouvelle.be\/wp-content\/uploads\/2021\/02\/agripv7-300x169.jpg 300w\" sizes=\"auto, (max-width: 468px) 100vw, 468px\" \/><\/figure>\n\n\n\n<p><strong>Des abeilles pas si perturb\u00e9es<\/strong><\/p>\n\n\n\n<p>La mise en place de centrales agrivolta\u00efques peut modifier les propri\u00e9t\u00e9s du sol \u00e0 l\u2019\u00e9chelle de la parcelle agricole, et donc la biodiversit\u00e9 locale \u00e0 court et long terme (mais pas n\u00e9cessairement n\u00e9gativement). Parmi les indicateurs cl\u00e9s de cette biodiversit\u00e9, les insectes pollinisateurs. Selon Xavier Rennotte, fondateur de <a href=\"https:\/\/fr.nectar-co.com\/fr\/accueil.asp\">Nectar&amp;Co<\/a>, \u00ab\u202fil n\u2019y a \u00e0 ce stade aucune \u00e9tude scientifique qui puisse d\u00e9montrer que l\u2019agrivolta\u00efsme soit mauvais pour les abeilles. A l\u2019inverse, le bon sens et une gestion intelligente de ces projets pourraient amener \u00e0 penser que pareilles installations agrivolta\u00efques peuvent \u00eatre b\u00e9n\u00e9fiques pour les abeilles. Les panneaux solaires offrent de l&rsquo;ombre et cr\u00e9ent un microclimat plus frais qui peut \u00eatre b\u00e9n\u00e9fique pour les abeilles en \u00e9t\u00e9\u202f\u00bb. Les plantes cultiv\u00e9es sous les panneaux peuvent \u00e9galement fournir des sources de nourriture suppl\u00e9mentaires pour les abeilles. L\u2019id\u00e9al \u00e9tant, dans ce cas, de privil\u00e9gier ne fut-ce qu\u2019une partie de plantes mellif\u00e8res.<\/p>\n\n\n\n<p><strong>Agriculteur locataire versus propri\u00e9taire<\/strong><\/p>\n\n\n\n<p>Reste alors la question de la pression fonci\u00e8re d\u00e9j\u00e0 tr\u00e8s forte sur les terres allou\u00e9es \u00e0 l\u2019agriculture.\u202fEt le danger de la r\u00e9duction de mise \u00e0 disposition de terres agricoles par les propri\u00e9taires fonciers aux agriculteurs locataires et exploitants.<\/p>\n\n\n\n<p>L\u2019id\u00e9al serait d\u2019avoir un agrivolta\u00efsme r\u00e9glement\u00e9 sur cet aspect \u00e9galement. Car le loyer vers\u00e9 par certains porteurs de projets \u00e9nerg\u00e9ticiens en contrepartie d\u2019installations solaires peut \u00eatre nettement plus \u00e9lev\u00e9 que ce que peut rapporter la location des terres. Cette attractivit\u00e9 peut inciter une sp\u00e9culation et engendrer une augmentation de la valeur des terres et\/ou de l\u2019exploitation agricole. <\/p>\n\n\n\n<p><strong>Un cadre l\u00e9gal n\u00e9cessaire<\/strong><\/p>\n\n\n\n<p>M\u00eame si le <a href=\"https:\/\/www.parlement-wallonie.be\/pwpages?p=interp-questions-voir&amp;type=28&amp;iddoc=118614\">ministre Henry ne semble donc pas des plus ardents d\u00e9fenseurs<\/a> de cette pratique pourtant jug\u00e9e par bon nombre d&rsquo;experts comme s&rsquo;inscrivant r\u00e9solument dans l&rsquo;avenir, un cadre l\u00e9gal est \u00e0 venir en Wallonie, notamment au travers de l&rsquo;adaptation la <a href=\"https:\/\/www.uvcw.be\/no_index\/files\/7958-circulaire-photovoltaique-220112.pdf\">circulaire de janvier 2022<\/a>. Cette adaptation devrait donc id\u00e9alement inclure une forme d\u2019\u00e9quilibre exig\u00e9 entre production \u00e9lectrique et nourrici\u00e8re combin\u00e9e sur les terres agricoles disponibles. Un peu \u00e0 l\u2019instar ce qui s\u2019est fait r\u00e9cemment chez nos voisins fran\u00e7ais avec l\u2019adoption il y a deux mois de la <a href=\"https:\/\/www.legifrance.gouv.fr\/jorf\/id\/JORFTEXT000047294244\">loi relative \u00e0 la production des \u00e9nergies renouvelables<\/a> qui pose un cadre l\u00e9gal tr\u00e8s clair \u00e0 l\u2019agrivolta\u00efsme. A commencer par celui, tr\u00e8s logique, d\u2019imposer le fait que l\u2019installation apporte directement \u00e0 la parcelle agricole au moins l&rsquo;un des services suivants :<\/p>\n\n\n\n<p>\u00ab 1\u00b0 L&rsquo;am\u00e9lioration du potentiel et de l&rsquo;impact agronomiques ;<\/p>\n\n\n\n<p>\u00ab 2\u00b0 L&rsquo;adaptation au changement climatique ;<\/p>\n\n\n\n<p>\u00ab 3\u00b0 La protection contre les al\u00e9as ;<\/p>\n\n\n\n<p>\u00ab 4\u00b0 L&rsquo;am\u00e9lioration du bien-\u00eatre animal.<\/p>\n\n\n\n<p>Un exemple \u00e0 suivre\u202f? L\u2019avenir nous le dira.<\/p>\n\n\n\n<p>Lire aussi sur le m\u00eame sujet, notre article (2021) sur <a href=\"https:\/\/www.renouvelle.be\/fr\/le-bifacial-vertical-dans-lagrivoltaisme\/\">l&rsquo;int\u00e9r\u00eat du bifacial en agrivolta\u00efsme<\/a> ou sur <a href=\"https:\/\/www.renouvelle.be\/fr\/la-wallonie-balise-le-developpement-des-grandes-installations-photovoltaiques\/\">les premi\u00e8res balises de l&rsquo;agrivolta\u00efsme en Wallonie<\/a>. <\/p>\n","protected":false},"excerpt":{"rendered":"<p>Comme le souligne la f\u00e9d\u00e9ration Edora dans sa note de positionnement sur le plan air climat \u00e9nergie de la Wallonie, les mesures wallonnes en vue d\u2019\u00e9liminer les sources d\u2019\u00e9nergie fossiles d\u2019ici 2050 doivent \u00eatre mis en ad\u00e9quation avec leurs ambitions. En ce qui concerne le d\u00e9ploiement photovolta\u00efque, \u00ab\u202fl\u2019objectif est certes concret mais il n\u00e9cessite un cadre de soutien et l\u2019anticipation de politiques nettement plus favorables dans plusieurs secteurs concern\u00e9s\u202f\u00bb. Parmi ceux-ci, l\u2019agrivolta\u00efsme. Agrivolta-quoi ?? La d\u00e9finition id\u00e9ale de l\u2019agrivolta\u00efsme (qui a bien \u00e9volu\u00e9 depuis l\u2019un de nos premiers articles sur le sujet il y a plus de deux ans) , serait d\u2019en dire qu\u2019il r\u00e9side dans l\u2019association de panneaux solaires et d\u2019une culture, sans induire ni d\u00e9gradation importante de la production agricole ni diminution des revenus de cette production. En cerise sur le g\u00e2teau, il s\u2019agirait aussi de soutenir l\u2019adaptation des syst\u00e8mes de culture aux changements climatiques (protection ou att\u00e9nuation des al\u00e9as comme la gr\u00eale, la chaleur, la s\u00e9cheresse ou encore l\u2019am\u00e9lioration du bien-\u00eatre animal en am\u00e9nageant des zones d\u2019ombre ou moins expos\u00e9es \u00e0 la pluie). Une \u00e9tude publi\u00e9e dans la revue Nature estime que si 1% de la surface utilis\u00e9e pour l\u2019agriculture sur la plan\u00e8te \u00e9tait combin\u00e9e \u00e0 la production photovolta\u00efque, la totalit\u00e9 de la demande mondiale en \u00e9lectricit\u00e9 serait couverte. \u00c7a aussi, c\u2019est dans un monde id\u00e9al. Mais\u2026 M\u00eame s\u2019il permet une productivit\u00e9 \u00e9lev\u00e9e d\u2019\u00e9nergie, l\u2019agrivolta\u00efsme soul\u00e8ve de nombreuses interrogations, notamment celles li\u00e9es au mod\u00e8le agronomique des exploitations agricoles, au type de culture qui en b\u00e9n\u00e9ficient\u2026ou en souffrent ainsi qu\u2019aux types de sols par exemples, qui y correspondent le mieux. Une optimisation du rendement solaire\/lumi\u00e8re Selon Christian Dupraz, chercheur \u00e0 l&rsquo;Institut National de Recherche pour l&rsquo;Agriculture et l&rsquo;Environnement (INRAE) de Montpellier\u202f: \u00ab\u202fon constate que les plantes n&rsquo;utilisent qu&rsquo;une &hellip; <a href=\"https:\/\/www.renouvelle.be\/fr\/agrivoltaisme-bien-le-penser-pour-mieux-produire\/\" class=\"more-link\">Continue reading<span class=\"screen-reader-text\"> \u00ab\u00a0Agrivolta\u00efsme&#8230; bien le penser pour mieux produire\u00a0\u00bb<\/span><\/a><\/p>\n","protected":false},"author":32,"featured_media":7158,"comment_status":"closed","ping_status":"closed","sticky":false,"template":"","format":"standard","meta":{"_acf_changed":false,"footnotes":""},"categories":[20],"tags":[],"section":[13],"class_list":["post-9396","post","type-post","status-publish","format-standard","has-post-thumbnail","hentry","category-technologies","section-solaire"],"acf":[],"yoast_head":"<!-- This site is optimized with the Yoast SEO plugin v27.4 - https:\/\/yoast.com\/product\/yoast-seo-wordpress\/ -->\n<title>Agrivolta\u00efsme... bien le penser pour mieux produire - Renouvelle<\/title>\n<meta name=\"description\" content=\"Agrivolta\u00efsme en Wallonie, les bons points \u00e0 soulever.\" \/>\n<meta name=\"robots\" content=\"index, follow, max-snippet:-1, max-image-preview:large, max-video-preview:-1\" \/>\n<link rel=\"canonical\" href=\"https:\/\/www.renouvelle.be\/fr\/agrivoltaisme-bien-le-penser-pour-mieux-produire\/\" \/>\n<meta property=\"og:locale\" content=\"fr_FR\" \/>\n<meta property=\"og:type\" content=\"article\" \/>\n<meta property=\"og:title\" content=\"Agrivolta\u00efsme... bien le penser pour mieux produire - Renouvelle\" \/>\n<meta property=\"og:description\" content=\"Agrivolta\u00efsme en Wallonie, les bons points \u00e0 soulever.\" \/>\n<meta property=\"og:url\" content=\"https:\/\/www.renouvelle.be\/fr\/agrivoltaisme-bien-le-penser-pour-mieux-produire\/\" \/>\n<meta property=\"og:site_name\" content=\"Renouvelle\" \/>\n<meta property=\"article:published_time\" content=\"2023-05-15T12:14:44+00:00\" \/>\n<meta property=\"article:modified_time\" content=\"2023-05-15T12:34:00+00:00\" \/>\n<meta property=\"og:image\" content=\"https:\/\/www.renouvelle.be\/wp-content\/uploads\/2021\/10\/iStock-1192950835-768x513-1.jpg\" \/>\n\t<meta property=\"og:image:width\" content=\"768\" \/>\n\t<meta property=\"og:image:height\" content=\"513\" \/>\n\t<meta property=\"og:image:type\" content=\"image\/jpeg\" \/>\n<meta name=\"author\" content=\"Philippe Limbourg\" \/>\n<meta name=\"twitter:card\" content=\"summary_large_image\" \/>\n<script type=\"application\/ld+json\" class=\"yoast-schema-graph\">{\"@context\":\"https:\\\/\\\/schema.org\",\"@graph\":[{\"@type\":\"Article\",\"@id\":\"https:\\\/\\\/www.renouvelle.be\\\/fr\\\/agrivoltaisme-bien-le-penser-pour-mieux-produire\\\/#article\",\"isPartOf\":{\"@id\":\"https:\\\/\\\/www.renouvelle.be\\\/fr\\\/agrivoltaisme-bien-le-penser-pour-mieux-produire\\\/\"},\"author\":{\"name\":\"Philippe Limbourg\",\"@id\":\"https:\\\/\\\/www.renouvelle.be\\\/fr\\\/#\\\/schema\\\/person\\\/980400dfd457d76423b6766ad2146490\"},\"headline\":\"Agrivolta\u00efsme&#8230; bien le penser pour mieux produire\",\"datePublished\":\"2023-05-15T12:14:44+00:00\",\"dateModified\":\"2023-05-15T12:34:00+00:00\",\"mainEntityOfPage\":{\"@id\":\"https:\\\/\\\/www.renouvelle.be\\\/fr\\\/agrivoltaisme-bien-le-penser-pour-mieux-produire\\\/\"},\"wordCount\":1309,\"image\":{\"@id\":\"https:\\\/\\\/www.renouvelle.be\\\/fr\\\/agrivoltaisme-bien-le-penser-pour-mieux-produire\\\/#primaryimage\"},\"thumbnailUrl\":\"https:\\\/\\\/www.renouvelle.be\\\/wp-content\\\/uploads\\\/2021\\\/10\\\/iStock-1192950835-768x513-1.jpg\",\"articleSection\":[\"Technologies\"],\"inLanguage\":\"fr-FR\"},{\"@type\":\"WebPage\",\"@id\":\"https:\\\/\\\/www.renouvelle.be\\\/fr\\\/agrivoltaisme-bien-le-penser-pour-mieux-produire\\\/\",\"url\":\"https:\\\/\\\/www.renouvelle.be\\\/fr\\\/agrivoltaisme-bien-le-penser-pour-mieux-produire\\\/\",\"name\":\"Agrivolta\u00efsme... bien le penser pour mieux produire - Renouvelle\",\"isPartOf\":{\"@id\":\"https:\\\/\\\/www.renouvelle.be\\\/fr\\\/#website\"},\"primaryImageOfPage\":{\"@id\":\"https:\\\/\\\/www.renouvelle.be\\\/fr\\\/agrivoltaisme-bien-le-penser-pour-mieux-produire\\\/#primaryimage\"},\"image\":{\"@id\":\"https:\\\/\\\/www.renouvelle.be\\\/fr\\\/agrivoltaisme-bien-le-penser-pour-mieux-produire\\\/#primaryimage\"},\"thumbnailUrl\":\"https:\\\/\\\/www.renouvelle.be\\\/wp-content\\\/uploads\\\/2021\\\/10\\\/iStock-1192950835-768x513-1.jpg\",\"datePublished\":\"2023-05-15T12:14:44+00:00\",\"dateModified\":\"2023-05-15T12:34:00+00:00\",\"author\":{\"@id\":\"https:\\\/\\\/www.renouvelle.be\\\/fr\\\/#\\\/schema\\\/person\\\/980400dfd457d76423b6766ad2146490\"},\"description\":\"Agrivolta\u00efsme en Wallonie, les bons points \u00e0 soulever.\",\"breadcrumb\":{\"@id\":\"https:\\\/\\\/www.renouvelle.be\\\/fr\\\/agrivoltaisme-bien-le-penser-pour-mieux-produire\\\/#breadcrumb\"},\"inLanguage\":\"fr-FR\",\"potentialAction\":[{\"@type\":\"ReadAction\",\"target\":[\"https:\\\/\\\/www.renouvelle.be\\\/fr\\\/agrivoltaisme-bien-le-penser-pour-mieux-produire\\\/\"]}]},{\"@type\":\"ImageObject\",\"inLanguage\":\"fr-FR\",\"@id\":\"https:\\\/\\\/www.renouvelle.be\\\/fr\\\/agrivoltaisme-bien-le-penser-pour-mieux-produire\\\/#primaryimage\",\"url\":\"https:\\\/\\\/www.renouvelle.be\\\/wp-content\\\/uploads\\\/2021\\\/10\\\/iStock-1192950835-768x513-1.jpg\",\"contentUrl\":\"https:\\\/\\\/www.renouvelle.be\\\/wp-content\\\/uploads\\\/2021\\\/10\\\/iStock-1192950835-768x513-1.jpg\",\"width\":768,\"height\":513},{\"@type\":\"BreadcrumbList\",\"@id\":\"https:\\\/\\\/www.renouvelle.be\\\/fr\\\/agrivoltaisme-bien-le-penser-pour-mieux-produire\\\/#breadcrumb\",\"itemListElement\":[{\"@type\":\"ListItem\",\"position\":1,\"name\":\"Accueil\",\"item\":\"https:\\\/\\\/www.renouvelle.be\\\/fr\\\/\"},{\"@type\":\"ListItem\",\"position\":2,\"name\":\"Agrivolta\u00efsme&#8230; bien le penser pour mieux produire\"}]},{\"@type\":\"WebSite\",\"@id\":\"https:\\\/\\\/www.renouvelle.be\\\/fr\\\/#website\",\"url\":\"https:\\\/\\\/www.renouvelle.be\\\/fr\\\/\",\"name\":\"Renouvelle\",\"description\":\"L&#039;actualit\u00e9 de l&#039;\u00e9nergie durable\",\"potentialAction\":[{\"@type\":\"SearchAction\",\"target\":{\"@type\":\"EntryPoint\",\"urlTemplate\":\"https:\\\/\\\/www.renouvelle.be\\\/fr\\\/?s={search_term_string}\"},\"query-input\":{\"@type\":\"PropertyValueSpecification\",\"valueRequired\":true,\"valueName\":\"search_term_string\"}}],\"inLanguage\":\"fr-FR\"},{\"@type\":\"Person\",\"@id\":\"https:\\\/\\\/www.renouvelle.be\\\/fr\\\/#\\\/schema\\\/person\\\/980400dfd457d76423b6766ad2146490\",\"name\":\"Philippe Limbourg\",\"url\":\"https:\\\/\\\/www.renouvelle.be\\\/fr\\\/author\\\/philippe-limbourg\\\/\"}]}<\/script>\n<!-- \/ Yoast SEO plugin. -->","yoast_head_json":{"title":"Agrivolta\u00efsme... bien le penser pour mieux produire - Renouvelle","description":"Agrivolta\u00efsme en Wallonie, les bons points \u00e0 soulever.","robots":{"index":"index","follow":"follow","max-snippet":"max-snippet:-1","max-image-preview":"max-image-preview:large","max-video-preview":"max-video-preview:-1"},"canonical":"https:\/\/www.renouvelle.be\/fr\/agrivoltaisme-bien-le-penser-pour-mieux-produire\/","og_locale":"fr_FR","og_type":"article","og_title":"Agrivolta\u00efsme... bien le penser pour mieux produire - Renouvelle","og_description":"Agrivolta\u00efsme en Wallonie, les bons points \u00e0 soulever.","og_url":"https:\/\/www.renouvelle.be\/fr\/agrivoltaisme-bien-le-penser-pour-mieux-produire\/","og_site_name":"Renouvelle","article_published_time":"2023-05-15T12:14:44+00:00","article_modified_time":"2023-05-15T12:34:00+00:00","og_image":[{"width":768,"height":513,"url":"https:\/\/www.renouvelle.be\/wp-content\/uploads\/2021\/10\/iStock-1192950835-768x513-1.jpg","type":"image\/jpeg"}],"author":"Philippe Limbourg","twitter_card":"summary_large_image","schema":{"@context":"https:\/\/schema.org","@graph":[{"@type":"Article","@id":"https:\/\/www.renouvelle.be\/fr\/agrivoltaisme-bien-le-penser-pour-mieux-produire\/#article","isPartOf":{"@id":"https:\/\/www.renouvelle.be\/fr\/agrivoltaisme-bien-le-penser-pour-mieux-produire\/"},"author":{"name":"Philippe Limbourg","@id":"https:\/\/www.renouvelle.be\/fr\/#\/schema\/person\/980400dfd457d76423b6766ad2146490"},"headline":"Agrivolta\u00efsme&#8230; bien le penser pour mieux produire","datePublished":"2023-05-15T12:14:44+00:00","dateModified":"2023-05-15T12:34:00+00:00","mainEntityOfPage":{"@id":"https:\/\/www.renouvelle.be\/fr\/agrivoltaisme-bien-le-penser-pour-mieux-produire\/"},"wordCount":1309,"image":{"@id":"https:\/\/www.renouvelle.be\/fr\/agrivoltaisme-bien-le-penser-pour-mieux-produire\/#primaryimage"},"thumbnailUrl":"https:\/\/www.renouvelle.be\/wp-content\/uploads\/2021\/10\/iStock-1192950835-768x513-1.jpg","articleSection":["Technologies"],"inLanguage":"fr-FR"},{"@type":"WebPage","@id":"https:\/\/www.renouvelle.be\/fr\/agrivoltaisme-bien-le-penser-pour-mieux-produire\/","url":"https:\/\/www.renouvelle.be\/fr\/agrivoltaisme-bien-le-penser-pour-mieux-produire\/","name":"Agrivolta\u00efsme... bien le penser pour mieux produire - Renouvelle","isPartOf":{"@id":"https:\/\/www.renouvelle.be\/fr\/#website"},"primaryImageOfPage":{"@id":"https:\/\/www.renouvelle.be\/fr\/agrivoltaisme-bien-le-penser-pour-mieux-produire\/#primaryimage"},"image":{"@id":"https:\/\/www.renouvelle.be\/fr\/agrivoltaisme-bien-le-penser-pour-mieux-produire\/#primaryimage"},"thumbnailUrl":"https:\/\/www.renouvelle.be\/wp-content\/uploads\/2021\/10\/iStock-1192950835-768x513-1.jpg","datePublished":"2023-05-15T12:14:44+00:00","dateModified":"2023-05-15T12:34:00+00:00","author":{"@id":"https:\/\/www.renouvelle.be\/fr\/#\/schema\/person\/980400dfd457d76423b6766ad2146490"},"description":"Agrivolta\u00efsme en Wallonie, les bons points \u00e0 soulever.","breadcrumb":{"@id":"https:\/\/www.renouvelle.be\/fr\/agrivoltaisme-bien-le-penser-pour-mieux-produire\/#breadcrumb"},"inLanguage":"fr-FR","potentialAction":[{"@type":"ReadAction","target":["https:\/\/www.renouvelle.be\/fr\/agrivoltaisme-bien-le-penser-pour-mieux-produire\/"]}]},{"@type":"ImageObject","inLanguage":"fr-FR","@id":"https:\/\/www.renouvelle.be\/fr\/agrivoltaisme-bien-le-penser-pour-mieux-produire\/#primaryimage","url":"https:\/\/www.renouvelle.be\/wp-content\/uploads\/2021\/10\/iStock-1192950835-768x513-1.jpg","contentUrl":"https:\/\/www.renouvelle.be\/wp-content\/uploads\/2021\/10\/iStock-1192950835-768x513-1.jpg","width":768,"height":513},{"@type":"BreadcrumbList","@id":"https:\/\/www.renouvelle.be\/fr\/agrivoltaisme-bien-le-penser-pour-mieux-produire\/#breadcrumb","itemListElement":[{"@type":"ListItem","position":1,"name":"Accueil","item":"https:\/\/www.renouvelle.be\/fr\/"},{"@type":"ListItem","position":2,"name":"Agrivolta\u00efsme&#8230; bien le penser pour mieux produire"}]},{"@type":"WebSite","@id":"https:\/\/www.renouvelle.be\/fr\/#website","url":"https:\/\/www.renouvelle.be\/fr\/","name":"Renouvelle","description":"L&#039;actualit\u00e9 de l&#039;\u00e9nergie durable","potentialAction":[{"@type":"SearchAction","target":{"@type":"EntryPoint","urlTemplate":"https:\/\/www.renouvelle.be\/fr\/?s={search_term_string}"},"query-input":{"@type":"PropertyValueSpecification","valueRequired":true,"valueName":"search_term_string"}}],"inLanguage":"fr-FR"},{"@type":"Person","@id":"https:\/\/www.renouvelle.be\/fr\/#\/schema\/person\/980400dfd457d76423b6766ad2146490","name":"Philippe Limbourg","url":"https:\/\/www.renouvelle.be\/fr\/author\/philippe-limbourg\/"}]}},"_links":{"self":[{"href":"https:\/\/www.renouvelle.be\/fr\/wp-json\/wp\/v2\/posts\/9396","targetHints":{"allow":["GET"]}}],"collection":[{"href":"https:\/\/www.renouvelle.be\/fr\/wp-json\/wp\/v2\/posts"}],"about":[{"href":"https:\/\/www.renouvelle.be\/fr\/wp-json\/wp\/v2\/types\/post"}],"author":[{"embeddable":true,"href":"https:\/\/www.renouvelle.be\/fr\/wp-json\/wp\/v2\/users\/32"}],"replies":[{"embeddable":true,"href":"https:\/\/www.renouvelle.be\/fr\/wp-json\/wp\/v2\/comments?post=9396"}],"version-history":[{"count":5,"href":"https:\/\/www.renouvelle.be\/fr\/wp-json\/wp\/v2\/posts\/9396\/revisions"}],"predecessor-version":[{"id":9402,"href":"https:\/\/www.renouvelle.be\/fr\/wp-json\/wp\/v2\/posts\/9396\/revisions\/9402"}],"wp:featuredmedia":[{"embeddable":true,"href":"https:\/\/www.renouvelle.be\/fr\/wp-json\/wp\/v2\/media\/7158"}],"wp:attachment":[{"href":"https:\/\/www.renouvelle.be\/fr\/wp-json\/wp\/v2\/media?parent=9396"}],"wp:term":[{"taxonomy":"category","embeddable":true,"href":"https:\/\/www.renouvelle.be\/fr\/wp-json\/wp\/v2\/categories?post=9396"},{"taxonomy":"post_tag","embeddable":true,"href":"https:\/\/www.renouvelle.be\/fr\/wp-json\/wp\/v2\/tags?post=9396"},{"taxonomy":"section","embeddable":true,"href":"https:\/\/www.renouvelle.be\/fr\/wp-json\/wp\/v2\/section?post=9396"}],"curies":[{"name":"wp","href":"https:\/\/api.w.org\/{rel}","templated":true}]}}