{"id":9366,"date":"2023-05-02T15:35:35","date_gmt":"2023-05-02T13:35:35","guid":{"rendered":"https:\/\/www.renouvelle.be\/?p=9366"},"modified":"2023-05-02T22:51:52","modified_gmt":"2023-05-02T20:51:52","slug":"entre-miscanthus-et-silphie-la-chaleur-balance","status":"publish","type":"post","link":"https:\/\/www.renouvelle.be\/fr\/entre-miscanthus-et-silphie-la-chaleur-balance\/","title":{"rendered":"Entre miscanthus et silphie, la chaleur balance."},"content":{"rendered":"\n<p class=\"has-text-align-center\"><em>La nouvelle est parue cette semaine dans une d\u00e9p\u00eache de l\u2019AFP : \u00e0 Bernwiller, petite commune alsacienne, fini le mazout et le gaz ou l\u2019\u00e9lectricit\u00e9 pour se chauffer. La commune utilise d\u00e9sormais le\u2026 miscanthus, une plante rhizomateuse originaire d\u2019Asie, dont la culture se d\u00e9veloppe en raison de ses propri\u00e9t\u00e9s \u00e9cologiques.<\/em><\/p>\n\n\n\n<figure class=\"wp-block-image size-large\"><img loading=\"lazy\" decoding=\"async\" width=\"1024\" height=\"678\" src=\"https:\/\/www.renouvelle.be\/wp-content\/uploads\/2023\/05\/miscanthus-5128337_1280-1024x678.jpg\" alt=\"\" class=\"wp-image-9367\" srcset=\"https:\/\/www.renouvelle.be\/wp-content\/uploads\/2023\/05\/miscanthus-5128337_1280-1024x678.jpg 1024w, https:\/\/www.renouvelle.be\/wp-content\/uploads\/2023\/05\/miscanthus-5128337_1280-300x199.jpg 300w, https:\/\/www.renouvelle.be\/wp-content\/uploads\/2023\/05\/miscanthus-5128337_1280-768x509.jpg 768w, https:\/\/www.renouvelle.be\/wp-content\/uploads\/2023\/05\/miscanthus-5128337_1280-100x65.jpg 100w, https:\/\/www.renouvelle.be\/wp-content\/uploads\/2023\/05\/miscanthus-5128337_1280-1200x795.jpg 1200w, https:\/\/www.renouvelle.be\/wp-content\/uploads\/2023\/05\/miscanthus-5128337_1280.jpg 1280w\" sizes=\"auto, (max-width: 1024px) 100vw, 1024px\" \/><\/figure>\n\n\n\n<p>La premi\u00e8re parcelle de cette plante ressemblant \u00e0 du roseau a \u00e9t\u00e9 plant\u00e9e dans cette commune d\u2019Alsace en 1993\u202f: \u00ab on \u00e9tait vraiment les premiers en France \u00bb, se souvient Mathieu Ditner, l\u2019ancien maire d\u2019Amertzwiller (depuis fusionn\u00e9e avec Bernwiller) et agriculteur retrait\u00e9. \u00ab Maintenant il y en a un peu partout \u00bb. Au d\u00e9part, la commune utilise le miscanthus pour ses propri\u00e9t\u00e9s assainissantes\u202f: il abaisse le niveau de nitrates de l\u2019eau. Puis, il y a une dizaine d\u2019ann\u00e9es, vient l\u2019id\u00e9e de la r\u00e9colter et de l\u2019utiliser en biocombustible dans la chaudi\u00e8re communale, \u00e0 la place de plaquettes de bois.<\/p>\n\n\n\n<p><strong>Un prix bien inf\u00e9rieur \u00e0 celui de l\u2019\u00e9lectricit\u00e9, du gaz et du mazout<\/strong><\/p>\n\n\n\n<p>Vingt-sept hectares de miscanthus sont cultiv\u00e9s par une douzaine d\u2019agriculteurs, qui la vendent 110 euros la tonne. La r\u00e9colte annuelle permet de chauffer les b\u00e2timents publics et environ 70 logements.<br>\u00ab \u00c0 la base, c\u2019\u00e9tait destin\u00e9 \u00e0 chauffer des b\u00e2timents de la commune, comme les \u00e9coles et les \u00e9glises, mais on a propos\u00e9 \u00e0 certains habitants de se raccorder et ils ne le regrettent pas\u202f! \u00bb, explique le maire actuel, Patrick Baud\u202f: \u00ab \u00e0 un tarif de 0,077 centime le kilowatt, c\u2019est bien inf\u00e9rieur \u00e0 d\u2019autres produits, \u00e9lectricit\u00e9, mazout ou gaz, surtout en ce moment \u00bb, avec la hausse des prix li\u00e9e notamment \u00e0 la guerre en Ukraine. Propri\u00e9taire d\u2019une maison raccord\u00e9e \u00e0 ce syst\u00e8me de chauffage, Damien Monnier avoue avoir \u00e9t\u00e9 au d\u00e9part \u00ab un peu inquiet \u00bb. Mais aujourd\u2019hui, il se f\u00e9licite de cette \u00ab bonne affaire \u00bb. Son chauffage et son eau chaude lui coutent un bon millier d&rsquo;euros sur l&rsquo;ann\u00e9e pour une maison, non r\u00e9cente, de pr\u00e8s de 200 m\u00e8tres carr\u00e9s.<\/p>\n\n\n\n<p><br><strong>De nombreux d\u00e9bouch\u00e9s<\/strong><\/p>\n\n\n\n<p>Le miscanthus a d\u2019autres atouts\u202f: \u00ab contrairement au bois o\u00f9 il faut attendre 50 ans pour que \u00e7a repousse, l\u00e0 tous les ans il y a une r\u00e9colte \u00bb, explique Patrick Baud, tandis que dans le champ derri\u00e8re lui les longues tiges dor\u00e9es sont fauch\u00e9es dans un nuage de poussi\u00e8re. \u00ab \u00c7a pousse tout seul, sans engrais ni produits phytosanitaires. C\u2019est une plante p\u00e9renne \u00bb, souligne-t-il. Et les d\u00e9bouch\u00e9s sont nombreux\u202f: chauffage, isolation, paillage horticole, liti\u00e8re animale, biomat\u00e9riaux\u2026 \u00c0 Bernwiller, le maire compte l\u2019utiliser comme isolant dans la r\u00e9novation d\u2019un b\u00e2timent. Dans la cour de l\u2019\u00e9cole, des copeaux de miscanthus amortissent les chutes des enfants autour de l\u2019aire de jeux.<\/p>\n\n\n\n<p><strong>D\u00e9pollution et d\u00e9contamination des sols<\/strong><br>Sonia Henry, ma\u00eetre de conf\u00e9rences \u00e0 l\u2019universit\u00e9 de Lorraine\/INRAe, travaille depuis plusieurs ann\u00e9es sur cette plante qui d\u00e9pollue le sol des hydrocarbures. \u00ab Le miscanthus a la capacit\u00e9 de s\u2019adapter \u00e0 beaucoup d\u2019environnements, notamment des sols de friches industrielles qui sont contamin\u00e9s \u00bb, explique-t-elle. \u00ab Apr\u00e8s, il ne faut pas non plus que \u00e7a devienne la plante miracle et qu\u2019on retrouve de cette esp\u00e8ce-l\u00e0 partout, sinon on va retomber sur de la monoculture, ce qu\u2019on essaye actuellement de r\u00e9duire \u00bb. Selon France Miscanthus, association cr\u00e9\u00e9e en 2009 pour structurer la fili\u00e8re, environ 11.000 hectares sont cultiv\u00e9s en France m\u00e9tropolitaine, une surface qui a doubl\u00e9 depuis 2017. En Belgique, on compte pr\u00e8s de 130 hectares cultiv\u00e9s aujourd\u2019hui.<\/p>\n\n\n\n<p><br><strong>Une ressource d\u2019avenir<br><\/strong>Outre son rendement assez int\u00e9ressant ( une vingtaine de tonnes par hectare et par an), sa repousse rapide et sa r\u00e9colte via une ensileuse de ma\u00efs en font un alli\u00e9 de choix pour les exploitants. Il pousse en effet sur la plupart des terres arables de plaine. Les conditions p\u00e9doclimatiques favorables sont similaires \u00e0 celles du ma\u00efs. Mieux, il capte plus de C02 dans ses rhizomes qu\u2019il n\u2019en restitue lors de sa combustion. Un vrai puit \u00e0 carbone ou\u2026\u00e0 eau. On l\u2019utilise en effet \u00e9galement comme protection naturelle sur les sites de captage d\u2019eau potable.<\/p>\n\n\n\n<figure class=\"wp-block-image size-large\"><img loading=\"lazy\" decoding=\"async\" width=\"1024\" height=\"682\" src=\"https:\/\/www.renouvelle.be\/wp-content\/uploads\/2023\/05\/fittings-2784899_1280-1024x682.jpg\" alt=\"\" class=\"wp-image-9369\" srcset=\"https:\/\/www.renouvelle.be\/wp-content\/uploads\/2023\/05\/fittings-2784899_1280-1024x682.jpg 1024w, https:\/\/www.renouvelle.be\/wp-content\/uploads\/2023\/05\/fittings-2784899_1280-300x200.jpg 300w, https:\/\/www.renouvelle.be\/wp-content\/uploads\/2023\/05\/fittings-2784899_1280-768x512.jpg 768w, https:\/\/www.renouvelle.be\/wp-content\/uploads\/2023\/05\/fittings-2784899_1280-1200x800.jpg 1200w, https:\/\/www.renouvelle.be\/wp-content\/uploads\/2023\/05\/fittings-2784899_1280.jpg 1280w\" sizes=\"auto, (max-width: 1024px) 100vw, 1024px\" \/><\/figure>\n\n\n\n<p><br><strong>Combustible oui mais pas assez m\u00e9thanog\u00e8ne.<\/strong><\/p>\n\n\n\n<p>S\u2019il se r\u00e9v\u00e8le efficace et appr\u00e9ci\u00e9 en biomasse ligneuse, il ne pourra par contre pas \u00eatre utilis\u00e9 en biom\u00e9thanisation au vu de son faible pouvoir m\u00e9thanog\u00e8ne. Interrog\u00e9 \u00e0 ce sujet, Benoit Vittor, directeur op\u00e9rationnel chez Walvert lui pr\u00e9f\u00e8re amplement la silphie. \u00ab Elle est nettement plus int\u00e9ressante en mati\u00e8re de biom\u00e9thanisation mais pas que. M\u00eame les agriculteurs et les apiculteurs l\u2019appr\u00e9cient \u00bb sourit-il.<\/p>\n\n\n\n<figure class=\"wp-block-image size-large\"><img loading=\"lazy\" decoding=\"async\" width=\"1024\" height=\"682\" src=\"https:\/\/www.renouvelle.be\/wp-content\/uploads\/2023\/05\/mixed-cup-plant-3659316_1280-1024x682.jpg\" alt=\"\" class=\"wp-image-9371\" srcset=\"https:\/\/www.renouvelle.be\/wp-content\/uploads\/2023\/05\/mixed-cup-plant-3659316_1280-1024x682.jpg 1024w, https:\/\/www.renouvelle.be\/wp-content\/uploads\/2023\/05\/mixed-cup-plant-3659316_1280-300x200.jpg 300w, https:\/\/www.renouvelle.be\/wp-content\/uploads\/2023\/05\/mixed-cup-plant-3659316_1280-768x512.jpg 768w, https:\/\/www.renouvelle.be\/wp-content\/uploads\/2023\/05\/mixed-cup-plant-3659316_1280-1200x800.jpg 1200w, https:\/\/www.renouvelle.be\/wp-content\/uploads\/2023\/05\/mixed-cup-plant-3659316_1280.jpg 1280w\" sizes=\"auto, (max-width: 1024px) 100vw, 1024px\" \/><\/figure>\n\n\n\n<p><br><strong>Silphie, plus discr\u00e8te mais clairement prometteuse<\/strong><\/p>\n\n\n\n<p><br>A l\u2019inverse du miscanthus dont les rhizomes doivent \u00eatre plant\u00e9s pour \u00eatre cultiv\u00e9s, la silphie est sem\u00e9e. Ses semences, peu voire pas f\u00e9condes, en font une plante non envahissante. Mieux, elle a des capacit\u00e9s de d\u00e9veloppement racinaire qui descendent jusqu\u2019\u00e0 plus de deux m\u00e8tres ce qui lui conf\u00e8re une r\u00e9silience aux probl\u00e8mes hydriques assez int\u00e9ressante. Cerise sur le g\u00e2teau, \u00e0 l\u2019inverse des apiculteurs qui y voient une jolie mellif\u00e8re de qualit\u00e9, le gros gibier ne l\u2018appr\u00e9cie pas du tout. Certains agriculteurs la cultivent donc autour d\u2019autres cultures \u00e0 prot\u00e9ger afin d\u2019en faire une barri\u00e8re naturelle. Et c\u00f4t\u00e9 m\u00e9thanisation, elle a un pouvoir m\u00e9thanog\u00e8ne qui serait similaire voire sup\u00e9rieur \u00e0 celui du ma\u00efs sans en avoir les contraintes. A suivre donc, notamment dans le cadre du d\u00e9veloppement de la biom\u00e9thanisation agricole en Wallonie!<\/p>\n","protected":false},"excerpt":{"rendered":"<p>La nouvelle est parue cette semaine dans une d\u00e9p\u00eache de l\u2019AFP : \u00e0 Bernwiller, petite commune alsacienne, fini le mazout et le gaz ou l\u2019\u00e9lectricit\u00e9 pour se chauffer. La commune utilise d\u00e9sormais le\u2026 miscanthus, une plante rhizomateuse originaire d\u2019Asie, dont la culture se d\u00e9veloppe en raison de ses propri\u00e9t\u00e9s \u00e9cologiques. La premi\u00e8re parcelle de cette plante ressemblant \u00e0 du roseau a \u00e9t\u00e9 plant\u00e9e dans cette commune d\u2019Alsace en 1993\u202f: \u00ab on \u00e9tait vraiment les premiers en France \u00bb, se souvient Mathieu Ditner, l\u2019ancien maire d\u2019Amertzwiller (depuis fusionn\u00e9e avec Bernwiller) et agriculteur retrait\u00e9. \u00ab Maintenant il y en a un peu partout \u00bb. Au d\u00e9part, la commune utilise le miscanthus pour ses propri\u00e9t\u00e9s assainissantes\u202f: il abaisse le niveau de nitrates de l\u2019eau. Puis, il y a une dizaine d\u2019ann\u00e9es, vient l\u2019id\u00e9e de la r\u00e9colter et de l\u2019utiliser en biocombustible dans la chaudi\u00e8re communale, \u00e0 la place de plaquettes de bois. Un prix bien inf\u00e9rieur \u00e0 celui de l\u2019\u00e9lectricit\u00e9, du gaz et du mazout Vingt-sept hectares de miscanthus sont cultiv\u00e9s par une douzaine d\u2019agriculteurs, qui la vendent 110 euros la tonne. La r\u00e9colte annuelle permet de chauffer les b\u00e2timents publics et environ 70 logements.\u00ab \u00c0 la base, c\u2019\u00e9tait destin\u00e9 \u00e0 chauffer des b\u00e2timents de la commune, comme les \u00e9coles et les \u00e9glises, mais on a propos\u00e9 \u00e0 certains habitants de se raccorder et ils ne le regrettent pas\u202f! \u00bb, explique le maire actuel, Patrick Baud\u202f: \u00ab \u00e0 un tarif de 0,077 centime le kilowatt, c\u2019est bien inf\u00e9rieur \u00e0 d\u2019autres produits, \u00e9lectricit\u00e9, mazout ou gaz, surtout en ce moment \u00bb, avec la hausse des prix li\u00e9e notamment \u00e0 la guerre en Ukraine. Propri\u00e9taire d\u2019une maison raccord\u00e9e \u00e0 ce syst\u00e8me de chauffage, Damien Monnier avoue avoir \u00e9t\u00e9 au d\u00e9part \u00ab un peu inquiet \u00bb. &hellip; <a href=\"https:\/\/www.renouvelle.be\/fr\/entre-miscanthus-et-silphie-la-chaleur-balance\/\" class=\"more-link\">Continue reading<span class=\"screen-reader-text\"> \u00ab\u00a0Entre miscanthus et silphie, la chaleur balance.\u00a0\u00bb<\/span><\/a><\/p>\n","protected":false},"author":32,"featured_media":9371,"comment_status":"closed","ping_status":"closed","sticky":false,"template":"","format":"standard","meta":{"_acf_changed":false,"footnotes":""},"categories":[20],"tags":[],"section":[4],"class_list":["post-9366","post","type-post","status-publish","format-standard","has-post-thumbnail","hentry","category-technologies","section-biomasse-energie"],"acf":[],"yoast_head":"<!-- This site is optimized with the Yoast SEO plugin v27.4 - https:\/\/yoast.com\/product\/yoast-seo-wordpress\/ -->\n<title>Entre miscanthus et silphie, la chaleur balance. - Renouvelle<\/title>\n<meta name=\"description\" content=\"Miscanthus et silphie, deux nouvelles g\u00e9n\u00e9ratrices de chaleur durables et locales accessibles\" \/>\n<meta name=\"robots\" content=\"index, follow, max-snippet:-1, max-image-preview:large, max-video-preview:-1\" \/>\n<link rel=\"canonical\" href=\"https:\/\/www.renouvelle.be\/fr\/entre-miscanthus-et-silphie-la-chaleur-balance\/\" \/>\n<meta property=\"og:locale\" content=\"fr_FR\" \/>\n<meta property=\"og:type\" content=\"article\" \/>\n<meta property=\"og:title\" content=\"Entre miscanthus et silphie, la chaleur balance. - Renouvelle\" \/>\n<meta property=\"og:description\" content=\"Miscanthus et silphie, deux nouvelles g\u00e9n\u00e9ratrices de chaleur durables et locales accessibles\" \/>\n<meta property=\"og:url\" content=\"https:\/\/www.renouvelle.be\/fr\/entre-miscanthus-et-silphie-la-chaleur-balance\/\" \/>\n<meta property=\"og:site_name\" content=\"Renouvelle\" \/>\n<meta property=\"article:published_time\" content=\"2023-05-02T13:35:35+00:00\" \/>\n<meta property=\"article:modified_time\" content=\"2023-05-02T20:51:52+00:00\" \/>\n<meta property=\"og:image\" content=\"https:\/\/www.renouvelle.be\/wp-content\/uploads\/2023\/05\/mixed-cup-plant-3659316_1280.jpg\" \/>\n\t<meta property=\"og:image:width\" content=\"1280\" \/>\n\t<meta property=\"og:image:height\" content=\"853\" \/>\n\t<meta property=\"og:image:type\" content=\"image\/jpeg\" \/>\n<meta name=\"author\" content=\"Philippe Limbourg\" \/>\n<meta name=\"twitter:card\" content=\"summary_large_image\" \/>\n<script type=\"application\/ld+json\" class=\"yoast-schema-graph\">{\"@context\":\"https:\\\/\\\/schema.org\",\"@graph\":[{\"@type\":\"Article\",\"@id\":\"https:\\\/\\\/www.renouvelle.be\\\/fr\\\/entre-miscanthus-et-silphie-la-chaleur-balance\\\/#article\",\"isPartOf\":{\"@id\":\"https:\\\/\\\/www.renouvelle.be\\\/fr\\\/entre-miscanthus-et-silphie-la-chaleur-balance\\\/\"},\"author\":{\"name\":\"Philippe Limbourg\",\"@id\":\"https:\\\/\\\/www.renouvelle.be\\\/fr\\\/#\\\/schema\\\/person\\\/980400dfd457d76423b6766ad2146490\"},\"headline\":\"Entre miscanthus et silphie, la chaleur balance.\",\"datePublished\":\"2023-05-02T13:35:35+00:00\",\"dateModified\":\"2023-05-02T20:51:52+00:00\",\"mainEntityOfPage\":{\"@id\":\"https:\\\/\\\/www.renouvelle.be\\\/fr\\\/entre-miscanthus-et-silphie-la-chaleur-balance\\\/\"},\"wordCount\":972,\"image\":{\"@id\":\"https:\\\/\\\/www.renouvelle.be\\\/fr\\\/entre-miscanthus-et-silphie-la-chaleur-balance\\\/#primaryimage\"},\"thumbnailUrl\":\"https:\\\/\\\/www.renouvelle.be\\\/wp-content\\\/uploads\\\/2023\\\/05\\\/mixed-cup-plant-3659316_1280.jpg\",\"articleSection\":[\"Technologies\"],\"inLanguage\":\"fr-FR\"},{\"@type\":\"WebPage\",\"@id\":\"https:\\\/\\\/www.renouvelle.be\\\/fr\\\/entre-miscanthus-et-silphie-la-chaleur-balance\\\/\",\"url\":\"https:\\\/\\\/www.renouvelle.be\\\/fr\\\/entre-miscanthus-et-silphie-la-chaleur-balance\\\/\",\"name\":\"Entre miscanthus et silphie, la chaleur balance. - Renouvelle\",\"isPartOf\":{\"@id\":\"https:\\\/\\\/www.renouvelle.be\\\/fr\\\/#website\"},\"primaryImageOfPage\":{\"@id\":\"https:\\\/\\\/www.renouvelle.be\\\/fr\\\/entre-miscanthus-et-silphie-la-chaleur-balance\\\/#primaryimage\"},\"image\":{\"@id\":\"https:\\\/\\\/www.renouvelle.be\\\/fr\\\/entre-miscanthus-et-silphie-la-chaleur-balance\\\/#primaryimage\"},\"thumbnailUrl\":\"https:\\\/\\\/www.renouvelle.be\\\/wp-content\\\/uploads\\\/2023\\\/05\\\/mixed-cup-plant-3659316_1280.jpg\",\"datePublished\":\"2023-05-02T13:35:35+00:00\",\"dateModified\":\"2023-05-02T20:51:52+00:00\",\"author\":{\"@id\":\"https:\\\/\\\/www.renouvelle.be\\\/fr\\\/#\\\/schema\\\/person\\\/980400dfd457d76423b6766ad2146490\"},\"description\":\"Miscanthus et silphie, deux nouvelles g\u00e9n\u00e9ratrices de chaleur durables et locales accessibles\",\"breadcrumb\":{\"@id\":\"https:\\\/\\\/www.renouvelle.be\\\/fr\\\/entre-miscanthus-et-silphie-la-chaleur-balance\\\/#breadcrumb\"},\"inLanguage\":\"fr-FR\",\"potentialAction\":[{\"@type\":\"ReadAction\",\"target\":[\"https:\\\/\\\/www.renouvelle.be\\\/fr\\\/entre-miscanthus-et-silphie-la-chaleur-balance\\\/\"]}]},{\"@type\":\"ImageObject\",\"inLanguage\":\"fr-FR\",\"@id\":\"https:\\\/\\\/www.renouvelle.be\\\/fr\\\/entre-miscanthus-et-silphie-la-chaleur-balance\\\/#primaryimage\",\"url\":\"https:\\\/\\\/www.renouvelle.be\\\/wp-content\\\/uploads\\\/2023\\\/05\\\/mixed-cup-plant-3659316_1280.jpg\",\"contentUrl\":\"https:\\\/\\\/www.renouvelle.be\\\/wp-content\\\/uploads\\\/2023\\\/05\\\/mixed-cup-plant-3659316_1280.jpg\",\"width\":1280,\"height\":853},{\"@type\":\"BreadcrumbList\",\"@id\":\"https:\\\/\\\/www.renouvelle.be\\\/fr\\\/entre-miscanthus-et-silphie-la-chaleur-balance\\\/#breadcrumb\",\"itemListElement\":[{\"@type\":\"ListItem\",\"position\":1,\"name\":\"Accueil\",\"item\":\"https:\\\/\\\/www.renouvelle.be\\\/fr\\\/\"},{\"@type\":\"ListItem\",\"position\":2,\"name\":\"Entre miscanthus et silphie, la chaleur balance.\"}]},{\"@type\":\"WebSite\",\"@id\":\"https:\\\/\\\/www.renouvelle.be\\\/fr\\\/#website\",\"url\":\"https:\\\/\\\/www.renouvelle.be\\\/fr\\\/\",\"name\":\"Renouvelle\",\"description\":\"L&#039;actualit\u00e9 de l&#039;\u00e9nergie durable\",\"potentialAction\":[{\"@type\":\"SearchAction\",\"target\":{\"@type\":\"EntryPoint\",\"urlTemplate\":\"https:\\\/\\\/www.renouvelle.be\\\/fr\\\/?s={search_term_string}\"},\"query-input\":{\"@type\":\"PropertyValueSpecification\",\"valueRequired\":true,\"valueName\":\"search_term_string\"}}],\"inLanguage\":\"fr-FR\"},{\"@type\":\"Person\",\"@id\":\"https:\\\/\\\/www.renouvelle.be\\\/fr\\\/#\\\/schema\\\/person\\\/980400dfd457d76423b6766ad2146490\",\"name\":\"Philippe Limbourg\",\"url\":\"https:\\\/\\\/www.renouvelle.be\\\/fr\\\/author\\\/philippe-limbourg\\\/\"}]}<\/script>\n<!-- \/ Yoast SEO plugin. -->","yoast_head_json":{"title":"Entre miscanthus et silphie, la chaleur balance. - Renouvelle","description":"Miscanthus et silphie, deux nouvelles g\u00e9n\u00e9ratrices de chaleur durables et locales accessibles","robots":{"index":"index","follow":"follow","max-snippet":"max-snippet:-1","max-image-preview":"max-image-preview:large","max-video-preview":"max-video-preview:-1"},"canonical":"https:\/\/www.renouvelle.be\/fr\/entre-miscanthus-et-silphie-la-chaleur-balance\/","og_locale":"fr_FR","og_type":"article","og_title":"Entre miscanthus et silphie, la chaleur balance. - Renouvelle","og_description":"Miscanthus et silphie, deux nouvelles g\u00e9n\u00e9ratrices de chaleur durables et locales accessibles","og_url":"https:\/\/www.renouvelle.be\/fr\/entre-miscanthus-et-silphie-la-chaleur-balance\/","og_site_name":"Renouvelle","article_published_time":"2023-05-02T13:35:35+00:00","article_modified_time":"2023-05-02T20:51:52+00:00","og_image":[{"width":1280,"height":853,"url":"https:\/\/www.renouvelle.be\/wp-content\/uploads\/2023\/05\/mixed-cup-plant-3659316_1280.jpg","type":"image\/jpeg"}],"author":"Philippe Limbourg","twitter_card":"summary_large_image","schema":{"@context":"https:\/\/schema.org","@graph":[{"@type":"Article","@id":"https:\/\/www.renouvelle.be\/fr\/entre-miscanthus-et-silphie-la-chaleur-balance\/#article","isPartOf":{"@id":"https:\/\/www.renouvelle.be\/fr\/entre-miscanthus-et-silphie-la-chaleur-balance\/"},"author":{"name":"Philippe Limbourg","@id":"https:\/\/www.renouvelle.be\/fr\/#\/schema\/person\/980400dfd457d76423b6766ad2146490"},"headline":"Entre miscanthus et silphie, la chaleur balance.","datePublished":"2023-05-02T13:35:35+00:00","dateModified":"2023-05-02T20:51:52+00:00","mainEntityOfPage":{"@id":"https:\/\/www.renouvelle.be\/fr\/entre-miscanthus-et-silphie-la-chaleur-balance\/"},"wordCount":972,"image":{"@id":"https:\/\/www.renouvelle.be\/fr\/entre-miscanthus-et-silphie-la-chaleur-balance\/#primaryimage"},"thumbnailUrl":"https:\/\/www.renouvelle.be\/wp-content\/uploads\/2023\/05\/mixed-cup-plant-3659316_1280.jpg","articleSection":["Technologies"],"inLanguage":"fr-FR"},{"@type":"WebPage","@id":"https:\/\/www.renouvelle.be\/fr\/entre-miscanthus-et-silphie-la-chaleur-balance\/","url":"https:\/\/www.renouvelle.be\/fr\/entre-miscanthus-et-silphie-la-chaleur-balance\/","name":"Entre miscanthus et silphie, la chaleur balance. - Renouvelle","isPartOf":{"@id":"https:\/\/www.renouvelle.be\/fr\/#website"},"primaryImageOfPage":{"@id":"https:\/\/www.renouvelle.be\/fr\/entre-miscanthus-et-silphie-la-chaleur-balance\/#primaryimage"},"image":{"@id":"https:\/\/www.renouvelle.be\/fr\/entre-miscanthus-et-silphie-la-chaleur-balance\/#primaryimage"},"thumbnailUrl":"https:\/\/www.renouvelle.be\/wp-content\/uploads\/2023\/05\/mixed-cup-plant-3659316_1280.jpg","datePublished":"2023-05-02T13:35:35+00:00","dateModified":"2023-05-02T20:51:52+00:00","author":{"@id":"https:\/\/www.renouvelle.be\/fr\/#\/schema\/person\/980400dfd457d76423b6766ad2146490"},"description":"Miscanthus et silphie, deux nouvelles g\u00e9n\u00e9ratrices de chaleur durables et locales accessibles","breadcrumb":{"@id":"https:\/\/www.renouvelle.be\/fr\/entre-miscanthus-et-silphie-la-chaleur-balance\/#breadcrumb"},"inLanguage":"fr-FR","potentialAction":[{"@type":"ReadAction","target":["https:\/\/www.renouvelle.be\/fr\/entre-miscanthus-et-silphie-la-chaleur-balance\/"]}]},{"@type":"ImageObject","inLanguage":"fr-FR","@id":"https:\/\/www.renouvelle.be\/fr\/entre-miscanthus-et-silphie-la-chaleur-balance\/#primaryimage","url":"https:\/\/www.renouvelle.be\/wp-content\/uploads\/2023\/05\/mixed-cup-plant-3659316_1280.jpg","contentUrl":"https:\/\/www.renouvelle.be\/wp-content\/uploads\/2023\/05\/mixed-cup-plant-3659316_1280.jpg","width":1280,"height":853},{"@type":"BreadcrumbList","@id":"https:\/\/www.renouvelle.be\/fr\/entre-miscanthus-et-silphie-la-chaleur-balance\/#breadcrumb","itemListElement":[{"@type":"ListItem","position":1,"name":"Accueil","item":"https:\/\/www.renouvelle.be\/fr\/"},{"@type":"ListItem","position":2,"name":"Entre miscanthus et silphie, la chaleur balance."}]},{"@type":"WebSite","@id":"https:\/\/www.renouvelle.be\/fr\/#website","url":"https:\/\/www.renouvelle.be\/fr\/","name":"Renouvelle","description":"L&#039;actualit\u00e9 de l&#039;\u00e9nergie durable","potentialAction":[{"@type":"SearchAction","target":{"@type":"EntryPoint","urlTemplate":"https:\/\/www.renouvelle.be\/fr\/?s={search_term_string}"},"query-input":{"@type":"PropertyValueSpecification","valueRequired":true,"valueName":"search_term_string"}}],"inLanguage":"fr-FR"},{"@type":"Person","@id":"https:\/\/www.renouvelle.be\/fr\/#\/schema\/person\/980400dfd457d76423b6766ad2146490","name":"Philippe Limbourg","url":"https:\/\/www.renouvelle.be\/fr\/author\/philippe-limbourg\/"}]}},"_links":{"self":[{"href":"https:\/\/www.renouvelle.be\/fr\/wp-json\/wp\/v2\/posts\/9366","targetHints":{"allow":["GET"]}}],"collection":[{"href":"https:\/\/www.renouvelle.be\/fr\/wp-json\/wp\/v2\/posts"}],"about":[{"href":"https:\/\/www.renouvelle.be\/fr\/wp-json\/wp\/v2\/types\/post"}],"author":[{"embeddable":true,"href":"https:\/\/www.renouvelle.be\/fr\/wp-json\/wp\/v2\/users\/32"}],"replies":[{"embeddable":true,"href":"https:\/\/www.renouvelle.be\/fr\/wp-json\/wp\/v2\/comments?post=9366"}],"version-history":[{"count":3,"href":"https:\/\/www.renouvelle.be\/fr\/wp-json\/wp\/v2\/posts\/9366\/revisions"}],"predecessor-version":[{"id":9385,"href":"https:\/\/www.renouvelle.be\/fr\/wp-json\/wp\/v2\/posts\/9366\/revisions\/9385"}],"wp:featuredmedia":[{"embeddable":true,"href":"https:\/\/www.renouvelle.be\/fr\/wp-json\/wp\/v2\/media\/9371"}],"wp:attachment":[{"href":"https:\/\/www.renouvelle.be\/fr\/wp-json\/wp\/v2\/media?parent=9366"}],"wp:term":[{"taxonomy":"category","embeddable":true,"href":"https:\/\/www.renouvelle.be\/fr\/wp-json\/wp\/v2\/categories?post=9366"},{"taxonomy":"post_tag","embeddable":true,"href":"https:\/\/www.renouvelle.be\/fr\/wp-json\/wp\/v2\/tags?post=9366"},{"taxonomy":"section","embeddable":true,"href":"https:\/\/www.renouvelle.be\/fr\/wp-json\/wp\/v2\/section?post=9366"}],"curies":[{"name":"wp","href":"https:\/\/api.w.org\/{rel}","templated":true}]}}