{"id":9351,"date":"2023-04-27T10:05:10","date_gmt":"2023-04-27T08:05:10","guid":{"rendered":"https:\/\/www.renouvelle.be\/?p=9351"},"modified":"2023-04-27T10:05:12","modified_gmt":"2023-04-27T08:05:12","slug":"a-nouveau-plus-dun-gwc-de-solaire-installe-en-belgique-en-2022","status":"publish","type":"post","link":"https:\/\/www.renouvelle.be\/fr\/a-nouveau-plus-dun-gwc-de-solaire-installe-en-belgique-en-2022\/","title":{"rendered":"\u00c0 nouveau plus d\u2019un GWc de solaire install\u00e9 en Belgique en 2022"},"content":{"rendered":"\n<p><strong>Energie Commune publie son Observatoire annuel (provisoire) des installations photovolta\u00efques en Belgique. Et les r\u00e9sultats sont, en moyenne, loin d\u2019\u00eatre mauvais. A commencer par le fait qu\u2019une fois encore, le cap d\u20191 GWc de puissance cumul\u00e9e install\u00e9e a \u00e9t\u00e9 franchi en cette ann\u00e9e. Ce qui nous permet encore de surpasser les objectifs de d\u00e9veloppement nationaux du solaire par an.<\/strong><\/p>\n\n\n\n<p>Pour atteindre les 10,2 GWc pr\u00e9vus dans le sc\u00e9nario WAM du PNEC 2030, nous devons en moyenne installer 290 MWc\/an pour les prochaines ann\u00e9es. De la sorte, la Belgique dispose d\u00e9sormais d\u2019une puissance cumul\u00e9e totale de 7,9 GWc. Mieux, l\u2019augmentation des puissances install\u00e9es entre 2021 et 2022 (+73%) nous positionne comme l\u2019un des bons \u00e9l\u00e8ves europ\u00e9ens. La croissance moyenne europ\u00e9enne d\u2019installation de puissance solaire en 2022 n\u2019\u00e9tant que de 47 % (ce qui est en soi est d\u00e9j\u00e0 une belle croissance).<\/p>\n\n\n\n<figure class=\"wp-block-image size-full\"><img loading=\"lazy\" decoding=\"async\" width=\"571\" height=\"316\" src=\"https:\/\/www.renouvelle.be\/wp-content\/uploads\/2023\/04\/image-7.png\" alt=\"\" class=\"wp-image-9352\" srcset=\"https:\/\/www.renouvelle.be\/wp-content\/uploads\/2023\/04\/image-7.png 571w, https:\/\/www.renouvelle.be\/wp-content\/uploads\/2023\/04\/image-7-300x166.png 300w\" sizes=\"auto, (max-width: 571px) 100vw, 571px\" \/><figcaption class=\"wp-element-caption\"><a href=\"https:\/\/1soue.r.a.d.sendibm1.com\/mk\/cl\/f\/botH8Kfja8B8svexsTLskk3MIYx4O4cb_q4pQrHMExfAsk_9eju473wZ2pkDAlCmU7PvtnmV2wpIKagafPY9y-i-ilKcwGhvL0uHCES2zNlwyFrRR3Kfk8A2SbcX51xunlVCHoqTvfv2liicSb7NYBpT8EJGBHrBGyq8xABFa5N8Fb8_IRYE1PxwMH6YGAy0H5gXZRzzicVvnkRkhavqwKIh1AjcYFkDgomgQc1V_hNmOY6kIkB7uwe9yuetC4dWCePaO-6W09Sz0bS-ivCvBPi44EW4AXC6BZFTAYe7cZJOIDkC1gwUUXRZqJAFEvtVyPJpqBMVcxD-W2Uiuod1BGPDtN26xCooigl_fmCiOCAIoxbw58VQyJx_fz3UVXQ3NPlPh1KpJcu6hOGiPEH0yYlE8K_7YkI0_1cOjVr5xrTm6gDotdleMR3OAOx2XA\" target=\"_blank\" rel=\"noreferrer noopener\"><strong><em>Evolution des puissances install\u00e9es en Belgique (2005-2030).<\/em><\/strong><\/a><\/figcaption><\/figure>\n\n\n\n<p>C\u2019est du Nord que vient l\u2019exemple (et m\u00eame la vraie bonne moyenne) avec une Flandre qui continue \u00e0 investir massivement dans son solaire et affiche une progression (pour ne pas dire un bond) de 200% par rapport \u00e0 l\u2019ann\u00e9e pr\u00e9c\u00e9dente (417 MWc -> 855 MWc). Pas tr\u00e8s loin du record historique qu\u2019elle avait connu en 2020 (930 MWc install\u00e9s). Toujours avec une proportion importante pour les installations r\u00e9sidentielles qui repr\u00e9sentaient 88% en 2022 de la capacit\u00e9 totale install\u00e9e dans la R\u00e9gion.<\/p>\n\n\n\n<figure class=\"wp-block-image size-full\"><img loading=\"lazy\" decoding=\"async\" width=\"571\" height=\"318\" src=\"https:\/\/www.renouvelle.be\/wp-content\/uploads\/2023\/04\/image-8.png\" alt=\"\" class=\"wp-image-9354\" srcset=\"https:\/\/www.renouvelle.be\/wp-content\/uploads\/2023\/04\/image-8.png 571w, https:\/\/www.renouvelle.be\/wp-content\/uploads\/2023\/04\/image-8-300x167.png 300w\" sizes=\"auto, (max-width: 571px) 100vw, 571px\" \/><figcaption class=\"wp-element-caption\"><a href=\"https:\/\/1soue.r.a.d.sendibm1.com\/mk\/cl\/f\/Xob7Z54cP0OYgBAA8CMD3BoTYjPfFbCOVQLCwPW-KAd1EWX-nCkZz8p529rdItVMJPBnvkw6K30RpHUpJOcnmqdXSBzLTdS_OAAipVJ7SCFnKZIQ2_F9_te2XIXENOQT1NWMf-FkgPQCtKKzBEFw83G-9xCMrk-YCRNCt-S3nief7OeJgCPaFUW5wp0ubMrxxXSGfLcFtXjQyEN1YJK1Gqd642uUgw_qjDqxbiEdOE45xpVmw06K2T9NgjBBLBot_uY4xtS61VTUbiZZPV7idWEoo1jdV_dLHUIutZk1qxKLH2gzqTaJjcB3ulP7TdZY7l6jJv_vKRlVWHDmxm2tfSIYTPBmxueaQAep8Ys1jWgoK-TksyXVDOHfAITHrPVOr1KKhMcTb2UBrwpV6fhTjGR-sCjvQ-piw9ccEDh8jipEvt_IRUMQ-7vqwxVtpg\" target=\"_blank\" rel=\"noreferrer noopener\"><strong><em>Evolution des puissances install\u00e9es en Flandre (2005-2030).<\/em><\/strong><\/a><\/figcaption><\/figure>\n\n\n\n<p>La Wallonie a par contre l\u00e9g\u00e8rement moins install\u00e9 en 2022 qu\u2019en 2021 (153 MWc install\u00e9s en 2022 contre 161 en 2021) et demeure ainsi en dessous des objectifs r\u00e9gionaux (200 MWc\/an).<\/p>\n\n\n\n<figure class=\"wp-block-image size-full\"><img loading=\"lazy\" decoding=\"async\" width=\"571\" height=\"318\" src=\"https:\/\/www.renouvelle.be\/wp-content\/uploads\/2023\/04\/image-9.png\" alt=\"\" class=\"wp-image-9356\" srcset=\"https:\/\/www.renouvelle.be\/wp-content\/uploads\/2023\/04\/image-9.png 571w, https:\/\/www.renouvelle.be\/wp-content\/uploads\/2023\/04\/image-9-300x167.png 300w\" sizes=\"auto, (max-width: 571px) 100vw, 571px\" \/><figcaption class=\"wp-element-caption\"><a href=\"https:\/\/1soue.r.a.d.sendibm1.com\/mk\/cl\/f\/AhRY4QhP2ZN4YtVypJPSgD4cJE4QslRyoMWvc47zwsI6Bm2uXEm2up19zOKoNV6WxyXg6w1wk0wGIMGAQQw4Ub5mtK7jwThelbTBpHPbB46JnIYkAZfwcbFdM1g21ehowVMjJHjpJ0L2QZucTLJu3JLfw3t2tTwWZ2PErOMG9VocjyHjWp1ceKRgNAuGwCf88NUhkNubp7WSXOaBLAhHXDFIPWqnJTFAEDEcfHgXJhLHpYcfY0qCU3MegewkNC-mOTEzkIAZpt_wVMqvZCtsfgo1fYODzN6_XZYv3ooMBotVsidjUzCR5StMpjwNEjc09QZBJj9Zxj3OJ2x4XvJc5Oqt6oOO1qBfK0WgzG5qY1tfWpsahmHI4w7_g-fwvCv6p9mRcdUQTZ2hQNnTDjI8YFbW06_N4-KiOUMV97fL7YHtBVKpJ5QNgFZ0r_Sb5g\" target=\"_blank\" rel=\"noreferrer noopener\"><strong><em>Evolution des puissances install\u00e9es en Wallonie (2005-2030).<\/em><\/strong><\/a><\/figcaption><\/figure>\n\n\n\n<p>A l\u2019inverse, la R\u00e9gion bruxelloise a d\u00e9pass\u00e9 ses objectifs estim\u00e9s pour 2030 (200-230 MWc), en ayant pr\u00e8s de 237 MWc install\u00e9s sur son territoire (24 MWc install\u00e9s cette ann\u00e9e contre 13 en 2021).<\/p>\n\n\n\n<figure class=\"wp-block-image size-full\"><img loading=\"lazy\" decoding=\"async\" width=\"571\" height=\"321\" src=\"https:\/\/www.renouvelle.be\/wp-content\/uploads\/2023\/04\/image-10.png\" alt=\"\" class=\"wp-image-9358\" srcset=\"https:\/\/www.renouvelle.be\/wp-content\/uploads\/2023\/04\/image-10.png 571w, https:\/\/www.renouvelle.be\/wp-content\/uploads\/2023\/04\/image-10-300x169.png 300w\" sizes=\"auto, (max-width: 571px) 100vw, 571px\" \/><figcaption class=\"wp-element-caption\"><a href=\"https:\/\/1soue.r.a.d.sendibm1.com\/mk\/cl\/f\/9NiERy0i5Q0AjzqIJjMcn5nKtYYLSukFBoXwTUJG5aq3EU2sFMigSYp2P1A7aTPbfbE2gg3ABo5WYvVR6iCAjPn5KyCc3N2DnF4qYgLIW0APdacO4iOxbVQVj5mG25ae2AZi4TGOWI-TFGje7kMA4eyyE7OtefKHfOUXCKM_gFyh1-gXxV61zWrde0eLtkiXb7OL_3SYMi2Guk-VhPZe8E2eD5wJzWXlTz-kVM62gtB9FnUHmov15GMb_8OzZDRTZGV1jv3uWrqhVbDYTowHD6jHh_Ijow4oK80vewoWgtuClWbH1rXPzESrPl2ry9biXx6oI2A6b9wnv1ARsf_aJonvme6Baxyir-EFfeuNg9RpDpagtoguLs5Pt6ELUypBb3H_amVEZ-QiyNj7_iD4X2x5FM7PvLqgES866vjvQV4VoIAwweAR0jzIdMsDSg\" target=\"_blank\" rel=\"noreferrer noopener\"><strong><em>Evolution des puissances install\u00e9es \u00e0 Bruxelles (2005-2030).<\/em><\/strong><\/a><\/figcaption><\/figure>\n\n\n\n<p><strong>Une production record<\/strong><\/p>\n\n\n\n<p>Gr\u00e2ce \u00e0 ces installations suppl\u00e9mentaires, de nouveaux records de production solaire ont \u00e9t\u00e9 atteints au cours de cette ann\u00e9e. D\u2019apr\u00e8s Elia, \u00ab le mois de juillet 2022 devient le mois le plus productif en \u00e9lectricit\u00e9 issue du solaire avec 936 GWh produits. Par ailleurs, la production totale d&rsquo;\u00e9nergie solaire a largement augment\u00e9 en 2022. La production totale cette ann\u00e9e est de 6.412 GWh, soit 36,6% de plus que pour l&rsquo;ann\u00e9e 2021. Le 14 juin 2022 devient la journ\u00e9e la plus productive en termes d\u2019\u00e9nergie solaire de tous les temps en Belgique avec une production de 41 GWh (l\u2019ancien record \u00e9tant de 33,4 GWh le 1er juin 2021). \u00bb A noter toutefois que l\u2019op\u00e9rateur de transport d\u2019\u00e9lectricit\u00e9 nuance les r\u00e9sultats par la mise en place d\u2019une m\u00e9thodologie plus compl\u00e8te pour \u00e9valuer la capacit\u00e9 totale install\u00e9e depuis mars 2022. Cette derni\u00e8re \u00e9tait auparavant sous-estim\u00e9e car une partie des unit\u00e9s \u00e9taient manquantes dans leur base de donn\u00e9es. Cela explique (en partie) \u00e9galement la hausse importante des donn\u00e9es cette ann\u00e9e.<\/p>\n\n\n\n<figure class=\"wp-block-image size-full\"><img loading=\"lazy\" decoding=\"async\" width=\"571\" height=\"209\" src=\"https:\/\/www.renouvelle.be\/wp-content\/uploads\/2023\/04\/image-11.png\" alt=\"\" class=\"wp-image-9360\" srcset=\"https:\/\/www.renouvelle.be\/wp-content\/uploads\/2023\/04\/image-11.png 571w, https:\/\/www.renouvelle.be\/wp-content\/uploads\/2023\/04\/image-11-300x110.png 300w\" sizes=\"auto, (max-width: 571px) 100vw, 571px\" \/><figcaption class=\"wp-element-caption\"><em>Elia : Evolution de la production photovolta\u00efque (2013-2022)<\/em><\/figcaption><\/figure>\n","protected":false},"excerpt":{"rendered":"<p>Energie Commune publie son Observatoire annuel (provisoire) des installations photovolta\u00efques en Belgique. Et les r\u00e9sultats sont, en moyenne, loin d\u2019\u00eatre mauvais. A commencer par le fait qu\u2019une fois encore, le cap d\u20191 GWc de puissance cumul\u00e9e install\u00e9e a \u00e9t\u00e9 franchi en cette ann\u00e9e. Ce qui nous permet encore de surpasser les objectifs de d\u00e9veloppement nationaux du solaire par an. Pour atteindre les 10,2 GWc pr\u00e9vus dans le sc\u00e9nario WAM du PNEC 2030, nous devons en moyenne installer 290 MWc\/an pour les prochaines ann\u00e9es. De la sorte, la Belgique dispose d\u00e9sormais d\u2019une puissance cumul\u00e9e totale de 7,9 GWc. Mieux, l\u2019augmentation des puissances install\u00e9es entre 2021 et 2022 (+73%) nous positionne comme l\u2019un des bons \u00e9l\u00e8ves europ\u00e9ens. La croissance moyenne europ\u00e9enne d\u2019installation de puissance solaire en 2022 n\u2019\u00e9tant que de 47 % (ce qui est en soi est d\u00e9j\u00e0 une belle croissance). C\u2019est du Nord que vient l\u2019exemple (et m\u00eame la vraie bonne moyenne) avec une Flandre qui continue \u00e0 investir massivement dans son solaire et affiche une progression (pour ne pas dire un bond) de 200% par rapport \u00e0 l\u2019ann\u00e9e pr\u00e9c\u00e9dente (417 MWc -> 855 MWc). Pas tr\u00e8s loin du record historique qu\u2019elle avait connu en 2020 (930 MWc install\u00e9s). Toujours avec une proportion importante pour les installations r\u00e9sidentielles qui repr\u00e9sentaient 88% en 2022 de la capacit\u00e9 totale install\u00e9e dans la R\u00e9gion. La Wallonie a par contre l\u00e9g\u00e8rement moins install\u00e9 en 2022 qu\u2019en 2021 (153 MWc install\u00e9s en 2022 contre 161 en 2021) et demeure ainsi en dessous des objectifs r\u00e9gionaux (200 MWc\/an). A l\u2019inverse, la R\u00e9gion bruxelloise a d\u00e9pass\u00e9 ses objectifs estim\u00e9s pour 2030 (200-230 MWc), en ayant pr\u00e8s de 237 MWc install\u00e9s sur son territoire (24 MWc install\u00e9s cette ann\u00e9e contre 13 en 2021). Une production record Gr\u00e2ce \u00e0 &hellip; <a href=\"https:\/\/www.renouvelle.be\/fr\/a-nouveau-plus-dun-gwc-de-solaire-installe-en-belgique-en-2022\/\" class=\"more-link\">Continue reading<span class=\"screen-reader-text\"> \u00ab\u00a0\u00c0 nouveau plus d\u2019un GWc de solaire install\u00e9 en Belgique en 2022\u00a0\u00bb<\/span><\/a><\/p>\n","protected":false},"author":32,"featured_media":7897,"comment_status":"closed","ping_status":"closed","sticky":false,"template":"","format":"standard","meta":{"_acf_changed":false,"footnotes":""},"categories":[17,22],"tags":[],"section":[13],"class_list":["post-9351","post","type-post","status-publish","format-standard","has-post-thumbnail","hentry","category-actualite-en-belgique","category-statistiques","section-solaire"],"acf":[],"yoast_head":"<!-- This site is optimized with the Yoast SEO plugin v27.5 - https:\/\/yoast.com\/product\/yoast-seo-wordpress\/ -->\n<title>\u00c0 nouveau plus d\u2019un GWc de solaire install\u00e9 en Belgique en 2022 - Renouvelle<\/title>\n<meta name=\"description\" content=\"La Belgique poursuit ses efforts en mati\u00e8re de d\u00e9carbonation de ses \u00e9nergies en installant chaque jour un peu plus de solutions durables en mati\u00e8re de production.\" \/>\n<meta name=\"robots\" content=\"index, follow, max-snippet:-1, max-image-preview:large, max-video-preview:-1\" \/>\n<link rel=\"canonical\" href=\"https:\/\/www.renouvelle.be\/fr\/a-nouveau-plus-dun-gwc-de-solaire-installe-en-belgique-en-2022\/\" \/>\n<meta property=\"og:locale\" content=\"fr_FR\" \/>\n<meta property=\"og:type\" content=\"article\" \/>\n<meta property=\"og:title\" content=\"\u00c0 nouveau plus d\u2019un GWc de solaire install\u00e9 en Belgique en 2022 - Renouvelle\" \/>\n<meta property=\"og:description\" content=\"La Belgique poursuit ses efforts en mati\u00e8re de d\u00e9carbonation de ses \u00e9nergies en installant chaque jour un peu plus de solutions durables en mati\u00e8re de production.\" \/>\n<meta property=\"og:url\" content=\"https:\/\/www.renouvelle.be\/fr\/a-nouveau-plus-dun-gwc-de-solaire-installe-en-belgique-en-2022\/\" \/>\n<meta property=\"og:site_name\" content=\"Renouvelle\" \/>\n<meta property=\"article:published_time\" content=\"2023-04-27T08:05:10+00:00\" \/>\n<meta property=\"article:modified_time\" content=\"2023-04-27T08:05:12+00:00\" \/>\n<meta property=\"og:image\" content=\"https:\/\/www.renouvelle.be\/wp-content\/uploads\/2022\/02\/PV2.jpg\" \/>\n\t<meta property=\"og:image:width\" content=\"700\" \/>\n\t<meta property=\"og:image:height\" content=\"559\" \/>\n\t<meta property=\"og:image:type\" content=\"image\/jpeg\" \/>\n<meta name=\"author\" content=\"Philippe Limbourg\" \/>\n<meta name=\"twitter:card\" content=\"summary_large_image\" \/>\n<script type=\"application\/ld+json\" class=\"yoast-schema-graph\">{\"@context\":\"https:\\\/\\\/schema.org\",\"@graph\":[{\"@type\":\"Article\",\"@id\":\"https:\\\/\\\/www.renouvelle.be\\\/fr\\\/a-nouveau-plus-dun-gwc-de-solaire-installe-en-belgique-en-2022\\\/#article\",\"isPartOf\":{\"@id\":\"https:\\\/\\\/www.renouvelle.be\\\/fr\\\/a-nouveau-plus-dun-gwc-de-solaire-installe-en-belgique-en-2022\\\/\"},\"author\":{\"name\":\"Philippe Limbourg\",\"@id\":\"https:\\\/\\\/www.renouvelle.be\\\/fr\\\/#\\\/schema\\\/person\\\/980400dfd457d76423b6766ad2146490\"},\"headline\":\"\u00c0 nouveau plus d\u2019un GWc de solaire install\u00e9 en Belgique en 2022\",\"datePublished\":\"2023-04-27T08:05:10+00:00\",\"dateModified\":\"2023-04-27T08:05:12+00:00\",\"mainEntityOfPage\":{\"@id\":\"https:\\\/\\\/www.renouvelle.be\\\/fr\\\/a-nouveau-plus-dun-gwc-de-solaire-installe-en-belgique-en-2022\\\/\"},\"wordCount\":536,\"image\":{\"@id\":\"https:\\\/\\\/www.renouvelle.be\\\/fr\\\/a-nouveau-plus-dun-gwc-de-solaire-installe-en-belgique-en-2022\\\/#primaryimage\"},\"thumbnailUrl\":\"https:\\\/\\\/www.renouvelle.be\\\/wp-content\\\/uploads\\\/2022\\\/02\\\/PV2.jpg\",\"articleSection\":[\"Actualit\u00e9 en Belgique\",\"Statistiques\"],\"inLanguage\":\"fr-FR\"},{\"@type\":\"WebPage\",\"@id\":\"https:\\\/\\\/www.renouvelle.be\\\/fr\\\/a-nouveau-plus-dun-gwc-de-solaire-installe-en-belgique-en-2022\\\/\",\"url\":\"https:\\\/\\\/www.renouvelle.be\\\/fr\\\/a-nouveau-plus-dun-gwc-de-solaire-installe-en-belgique-en-2022\\\/\",\"name\":\"\u00c0 nouveau plus d\u2019un GWc de solaire install\u00e9 en Belgique en 2022 - Renouvelle\",\"isPartOf\":{\"@id\":\"https:\\\/\\\/www.renouvelle.be\\\/fr\\\/#website\"},\"primaryImageOfPage\":{\"@id\":\"https:\\\/\\\/www.renouvelle.be\\\/fr\\\/a-nouveau-plus-dun-gwc-de-solaire-installe-en-belgique-en-2022\\\/#primaryimage\"},\"image\":{\"@id\":\"https:\\\/\\\/www.renouvelle.be\\\/fr\\\/a-nouveau-plus-dun-gwc-de-solaire-installe-en-belgique-en-2022\\\/#primaryimage\"},\"thumbnailUrl\":\"https:\\\/\\\/www.renouvelle.be\\\/wp-content\\\/uploads\\\/2022\\\/02\\\/PV2.jpg\",\"datePublished\":\"2023-04-27T08:05:10+00:00\",\"dateModified\":\"2023-04-27T08:05:12+00:00\",\"author\":{\"@id\":\"https:\\\/\\\/www.renouvelle.be\\\/fr\\\/#\\\/schema\\\/person\\\/980400dfd457d76423b6766ad2146490\"},\"description\":\"La Belgique poursuit ses efforts en mati\u00e8re de d\u00e9carbonation de ses \u00e9nergies en installant chaque jour un peu plus de solutions durables en mati\u00e8re de production.\",\"breadcrumb\":{\"@id\":\"https:\\\/\\\/www.renouvelle.be\\\/fr\\\/a-nouveau-plus-dun-gwc-de-solaire-installe-en-belgique-en-2022\\\/#breadcrumb\"},\"inLanguage\":\"fr-FR\",\"potentialAction\":[{\"@type\":\"ReadAction\",\"target\":[\"https:\\\/\\\/www.renouvelle.be\\\/fr\\\/a-nouveau-plus-dun-gwc-de-solaire-installe-en-belgique-en-2022\\\/\"]}]},{\"@type\":\"ImageObject\",\"inLanguage\":\"fr-FR\",\"@id\":\"https:\\\/\\\/www.renouvelle.be\\\/fr\\\/a-nouveau-plus-dun-gwc-de-solaire-installe-en-belgique-en-2022\\\/#primaryimage\",\"url\":\"https:\\\/\\\/www.renouvelle.be\\\/wp-content\\\/uploads\\\/2022\\\/02\\\/PV2.jpg\",\"contentUrl\":\"https:\\\/\\\/www.renouvelle.be\\\/wp-content\\\/uploads\\\/2022\\\/02\\\/PV2.jpg\",\"width\":700,\"height\":559,\"caption\":\"Man installing alternative energy photovoltaic solar panels on roof\"},{\"@type\":\"BreadcrumbList\",\"@id\":\"https:\\\/\\\/www.renouvelle.be\\\/fr\\\/a-nouveau-plus-dun-gwc-de-solaire-installe-en-belgique-en-2022\\\/#breadcrumb\",\"itemListElement\":[{\"@type\":\"ListItem\",\"position\":1,\"name\":\"Accueil\",\"item\":\"https:\\\/\\\/www.renouvelle.be\\\/fr\\\/\"},{\"@type\":\"ListItem\",\"position\":2,\"name\":\"\u00c0 nouveau plus d\u2019un GWc de solaire install\u00e9 en Belgique en 2022\"}]},{\"@type\":\"WebSite\",\"@id\":\"https:\\\/\\\/www.renouvelle.be\\\/fr\\\/#website\",\"url\":\"https:\\\/\\\/www.renouvelle.be\\\/fr\\\/\",\"name\":\"Renouvelle\",\"description\":\"L&#039;actualit\u00e9 de l&#039;\u00e9nergie durable\",\"potentialAction\":[{\"@type\":\"SearchAction\",\"target\":{\"@type\":\"EntryPoint\",\"urlTemplate\":\"https:\\\/\\\/www.renouvelle.be\\\/fr\\\/?s={search_term_string}\"},\"query-input\":{\"@type\":\"PropertyValueSpecification\",\"valueRequired\":true,\"valueName\":\"search_term_string\"}}],\"inLanguage\":\"fr-FR\"},{\"@type\":\"Person\",\"@id\":\"https:\\\/\\\/www.renouvelle.be\\\/fr\\\/#\\\/schema\\\/person\\\/980400dfd457d76423b6766ad2146490\",\"name\":\"Philippe Limbourg\",\"url\":\"https:\\\/\\\/www.renouvelle.be\\\/fr\\\/author\\\/philippe-limbourg\\\/\"}]}<\/script>\n<!-- \/ Yoast SEO plugin. -->","yoast_head_json":{"title":"\u00c0 nouveau plus d\u2019un GWc de solaire install\u00e9 en Belgique en 2022 - Renouvelle","description":"La Belgique poursuit ses efforts en mati\u00e8re de d\u00e9carbonation de ses \u00e9nergies en installant chaque jour un peu plus de solutions durables en mati\u00e8re de production.","robots":{"index":"index","follow":"follow","max-snippet":"max-snippet:-1","max-image-preview":"max-image-preview:large","max-video-preview":"max-video-preview:-1"},"canonical":"https:\/\/www.renouvelle.be\/fr\/a-nouveau-plus-dun-gwc-de-solaire-installe-en-belgique-en-2022\/","og_locale":"fr_FR","og_type":"article","og_title":"\u00c0 nouveau plus d\u2019un GWc de solaire install\u00e9 en Belgique en 2022 - Renouvelle","og_description":"La Belgique poursuit ses efforts en mati\u00e8re de d\u00e9carbonation de ses \u00e9nergies en installant chaque jour un peu plus de solutions durables en mati\u00e8re de production.","og_url":"https:\/\/www.renouvelle.be\/fr\/a-nouveau-plus-dun-gwc-de-solaire-installe-en-belgique-en-2022\/","og_site_name":"Renouvelle","article_published_time":"2023-04-27T08:05:10+00:00","article_modified_time":"2023-04-27T08:05:12+00:00","og_image":[{"width":700,"height":559,"url":"https:\/\/www.renouvelle.be\/wp-content\/uploads\/2022\/02\/PV2.jpg","type":"image\/jpeg"}],"author":"Philippe Limbourg","twitter_card":"summary_large_image","schema":{"@context":"https:\/\/schema.org","@graph":[{"@type":"Article","@id":"https:\/\/www.renouvelle.be\/fr\/a-nouveau-plus-dun-gwc-de-solaire-installe-en-belgique-en-2022\/#article","isPartOf":{"@id":"https:\/\/www.renouvelle.be\/fr\/a-nouveau-plus-dun-gwc-de-solaire-installe-en-belgique-en-2022\/"},"author":{"name":"Philippe Limbourg","@id":"https:\/\/www.renouvelle.be\/fr\/#\/schema\/person\/980400dfd457d76423b6766ad2146490"},"headline":"\u00c0 nouveau plus d\u2019un GWc de solaire install\u00e9 en Belgique en 2022","datePublished":"2023-04-27T08:05:10+00:00","dateModified":"2023-04-27T08:05:12+00:00","mainEntityOfPage":{"@id":"https:\/\/www.renouvelle.be\/fr\/a-nouveau-plus-dun-gwc-de-solaire-installe-en-belgique-en-2022\/"},"wordCount":536,"image":{"@id":"https:\/\/www.renouvelle.be\/fr\/a-nouveau-plus-dun-gwc-de-solaire-installe-en-belgique-en-2022\/#primaryimage"},"thumbnailUrl":"https:\/\/www.renouvelle.be\/wp-content\/uploads\/2022\/02\/PV2.jpg","articleSection":["Actualit\u00e9 en Belgique","Statistiques"],"inLanguage":"fr-FR"},{"@type":"WebPage","@id":"https:\/\/www.renouvelle.be\/fr\/a-nouveau-plus-dun-gwc-de-solaire-installe-en-belgique-en-2022\/","url":"https:\/\/www.renouvelle.be\/fr\/a-nouveau-plus-dun-gwc-de-solaire-installe-en-belgique-en-2022\/","name":"\u00c0 nouveau plus d\u2019un GWc de solaire install\u00e9 en Belgique en 2022 - Renouvelle","isPartOf":{"@id":"https:\/\/www.renouvelle.be\/fr\/#website"},"primaryImageOfPage":{"@id":"https:\/\/www.renouvelle.be\/fr\/a-nouveau-plus-dun-gwc-de-solaire-installe-en-belgique-en-2022\/#primaryimage"},"image":{"@id":"https:\/\/www.renouvelle.be\/fr\/a-nouveau-plus-dun-gwc-de-solaire-installe-en-belgique-en-2022\/#primaryimage"},"thumbnailUrl":"https:\/\/www.renouvelle.be\/wp-content\/uploads\/2022\/02\/PV2.jpg","datePublished":"2023-04-27T08:05:10+00:00","dateModified":"2023-04-27T08:05:12+00:00","author":{"@id":"https:\/\/www.renouvelle.be\/fr\/#\/schema\/person\/980400dfd457d76423b6766ad2146490"},"description":"La Belgique poursuit ses efforts en mati\u00e8re de d\u00e9carbonation de ses \u00e9nergies en installant chaque jour un peu plus de solutions durables en mati\u00e8re de production.","breadcrumb":{"@id":"https:\/\/www.renouvelle.be\/fr\/a-nouveau-plus-dun-gwc-de-solaire-installe-en-belgique-en-2022\/#breadcrumb"},"inLanguage":"fr-FR","potentialAction":[{"@type":"ReadAction","target":["https:\/\/www.renouvelle.be\/fr\/a-nouveau-plus-dun-gwc-de-solaire-installe-en-belgique-en-2022\/"]}]},{"@type":"ImageObject","inLanguage":"fr-FR","@id":"https:\/\/www.renouvelle.be\/fr\/a-nouveau-plus-dun-gwc-de-solaire-installe-en-belgique-en-2022\/#primaryimage","url":"https:\/\/www.renouvelle.be\/wp-content\/uploads\/2022\/02\/PV2.jpg","contentUrl":"https:\/\/www.renouvelle.be\/wp-content\/uploads\/2022\/02\/PV2.jpg","width":700,"height":559,"caption":"Man installing alternative energy photovoltaic solar panels on roof"},{"@type":"BreadcrumbList","@id":"https:\/\/www.renouvelle.be\/fr\/a-nouveau-plus-dun-gwc-de-solaire-installe-en-belgique-en-2022\/#breadcrumb","itemListElement":[{"@type":"ListItem","position":1,"name":"Accueil","item":"https:\/\/www.renouvelle.be\/fr\/"},{"@type":"ListItem","position":2,"name":"\u00c0 nouveau plus d\u2019un GWc de solaire install\u00e9 en Belgique en 2022"}]},{"@type":"WebSite","@id":"https:\/\/www.renouvelle.be\/fr\/#website","url":"https:\/\/www.renouvelle.be\/fr\/","name":"Renouvelle","description":"L&#039;actualit\u00e9 de l&#039;\u00e9nergie durable","potentialAction":[{"@type":"SearchAction","target":{"@type":"EntryPoint","urlTemplate":"https:\/\/www.renouvelle.be\/fr\/?s={search_term_string}"},"query-input":{"@type":"PropertyValueSpecification","valueRequired":true,"valueName":"search_term_string"}}],"inLanguage":"fr-FR"},{"@type":"Person","@id":"https:\/\/www.renouvelle.be\/fr\/#\/schema\/person\/980400dfd457d76423b6766ad2146490","name":"Philippe Limbourg","url":"https:\/\/www.renouvelle.be\/fr\/author\/philippe-limbourg\/"}]}},"_links":{"self":[{"href":"https:\/\/www.renouvelle.be\/fr\/wp-json\/wp\/v2\/posts\/9351","targetHints":{"allow":["GET"]}}],"collection":[{"href":"https:\/\/www.renouvelle.be\/fr\/wp-json\/wp\/v2\/posts"}],"about":[{"href":"https:\/\/www.renouvelle.be\/fr\/wp-json\/wp\/v2\/types\/post"}],"author":[{"embeddable":true,"href":"https:\/\/www.renouvelle.be\/fr\/wp-json\/wp\/v2\/users\/32"}],"replies":[{"embeddable":true,"href":"https:\/\/www.renouvelle.be\/fr\/wp-json\/wp\/v2\/comments?post=9351"}],"version-history":[{"count":2,"href":"https:\/\/www.renouvelle.be\/fr\/wp-json\/wp\/v2\/posts\/9351\/revisions"}],"predecessor-version":[{"id":9363,"href":"https:\/\/www.renouvelle.be\/fr\/wp-json\/wp\/v2\/posts\/9351\/revisions\/9363"}],"wp:featuredmedia":[{"embeddable":true,"href":"https:\/\/www.renouvelle.be\/fr\/wp-json\/wp\/v2\/media\/7897"}],"wp:attachment":[{"href":"https:\/\/www.renouvelle.be\/fr\/wp-json\/wp\/v2\/media?parent=9351"}],"wp:term":[{"taxonomy":"category","embeddable":true,"href":"https:\/\/www.renouvelle.be\/fr\/wp-json\/wp\/v2\/categories?post=9351"},{"taxonomy":"post_tag","embeddable":true,"href":"https:\/\/www.renouvelle.be\/fr\/wp-json\/wp\/v2\/tags?post=9351"},{"taxonomy":"section","embeddable":true,"href":"https:\/\/www.renouvelle.be\/fr\/wp-json\/wp\/v2\/section?post=9351"}],"curies":[{"name":"wp","href":"https:\/\/api.w.org\/{rel}","templated":true}]}}