{"id":9346,"date":"2023-05-12T08:53:52","date_gmt":"2023-05-12T06:53:52","guid":{"rendered":"https:\/\/www.renouvelle.be\/?p=9346"},"modified":"2023-04-27T09:15:35","modified_gmt":"2023-04-27T07:15:35","slug":"sons-infrasons-et-ombres-portees-des-eoliennes-nuisances-reelles-ouimaginaires","status":"publish","type":"post","link":"https:\/\/www.renouvelle.be\/fr\/sons-infrasons-et-ombres-portees-des-eoliennes-nuisances-reelles-ouimaginaires\/","title":{"rendered":"Sons, infrasons et ombres port\u00e9es des \u00e9oliennes, nuisances r\u00e9elles ou\u2026imaginaires ?"},"content":{"rendered":"\n<p>Parmi les arguments qui sont souvent mis en avant par les opposants \u00e0 l\u2019\u00e9olien, il y a les effets sur la sant\u00e9 des riverains ou, \u00e0 tout le moins, les nuisances sonores ou visuelles. On parle de niveau sonore, d\u2019infrasons et d\u2019ombres port\u00e9es notamment. Quelle est la part de vrai dans ces all\u00e9gations et, surtout, quelles sont les donn\u00e9es qui permettent d\u2019\u00e9tayer ou d\u2018infirmer pareils arguments ?<\/p>\n\n\n\n<p><strong>20 ans d\u2019\u00e9tudes<\/strong><\/p>\n\n\n\n<p>L\u2019incidence des \u00e9oliennes sur la sant\u00e9 est un sujet qui est analys\u00e9 depuis vingt ans dans plus de 30 pays occidentaux. Et \u00e0 ce jour, aucun effet sur la sant\u00e9 humaine n\u2019a \u00e9t\u00e9 r\u00e9v\u00e9l\u00e9 : ni le bruit, ni les basses-fr\u00e9quences, ni les infrasons. Pour suivre, et pour parler du bruit, il suffit de se balader le long d\u2019un parc \u00e9olien et de tendre l\u2019oreille pour se faire une opinion. Selon les saisons et les conditions m\u00e9t\u00e9orologiques, le son g\u00e9n\u00e9r\u00e9 par les \u00e9oliennes est peu perceptible ou couvert par le bruit du vent ou&#8230; d\u2019une route. Ceci \u00e9tant dit, il n\u2019est pas rare d\u2019entendre des riverains, se plaindre de troubles dus aux nuisances sonores. Toute la question est de connaitre la part de subjectivit\u00e9 dans ce cas car il est \u00e9vident que si l\u2019on va implanter une \u00e9olienne dans une campagne tr\u00e8s calme, cela peut entra\u00eener une nouvelle source de bruit dans l\u2019environnement.<\/p>\n\n\n\n<p>Pour garantir un cadre de vie de qualit\u00e9 aux riverains, la r\u00e9glementation wallonne impose des normes de bruit \u00e0 l\u2019immission (au voisinage des habitations et non au niveau de l\u2019\u00e9olienne) de :<\/p>\n\n\n\n<ul class=\"wp-block-list\">\n<li>45 dBA maximum le jour (7-19 h) et<\/li>\n\n\n\n<li>43 dBA maximum en dehors de ces heures et les dimanches et jours f\u00e9ri\u00e9s.<\/li>\n<\/ul>\n\n\n\n<p>Concr\u00e8tement, ces niveaux sonores sont \u00e9quivalents au bruit \u00e0 l\u2018int\u00e9rieur d\u2019une maison calme ou d\u2019une biblioth\u00e8que.<\/p>\n\n\n\n<p>Mais au-del\u00e0 de ces normes\u2026 Alors que le bruit est en grande partie objectivable par une s\u00e9rie de mesures (intensit\u00e9, fr\u00e9quence, constance), son ressenti et sa perception par les riverains reste une question fortement subjective : certains y verront des d\u00e9sagr\u00e9ments alors que d\u2019autres pas.<\/p>\n\n\n\n<p>Alors est-ce vraiment nocif ?<\/p>\n\n\n\n<p><strong>La science le confirme<\/strong><\/p>\n\n\n\n<p>Pour r\u00e9pondre de mani\u00e8re scientifique, il y a eu de nombreuses \u00e9tudes r\u00e9centes men\u00e9es sur l&rsquo;impact potentiel des \u00e9oliennes sur la sant\u00e9 humaine au fil des ans. Une des \u00e9tudes les plus r\u00e9centes sur ce sujet a \u00e9t\u00e9 publi\u00e9e en 2020 dans la revue scientifique \u00ab\u00a0Environmental Research\u00a0\u00bb. Cette \u00e9tude a examin\u00e9 les donn\u00e9es de sant\u00e9 de plus de 6.000 personnes vivant \u00e0 proximit\u00e9 d&rsquo;\u00e9oliennes terrestres en Ontario, au Canada. Les chercheurs n&rsquo;ont pas trouv\u00e9 de lien entre l&rsquo;exposition aux \u00e9oliennes et les probl\u00e8mes de sant\u00e9 mentale ou physique, tels que les maux de t\u00eate, les troubles du sommeil ou l&rsquo;anxi\u00e9t\u00e9. Une autre \u00e9tude importante a \u00e9t\u00e9 publi\u00e9e en 2019 dans la revue \u00ab\u00a0Frontiers in Public Health\u00a0\u00bb. Cette \u00e9tude a examin\u00e9 18 autres \u00e9tudes publi\u00e9es sur l&rsquo;impact des \u00e9oliennes sur la sant\u00e9 humaine et a conclu qu&rsquo;il n&rsquo;y avait aucune preuve solide que les \u00e9oliennes avaient un impact significatif sur la sant\u00e9 des populations environnantes.<\/p>\n\n\n\n<p><strong>M\u00eame les infrasons ?<\/strong><\/p>\n\n\n\n<p>Les infrasons sont de m\u00eame nature physique que le son, c\u2019est une vibration de l\u2019air mais qui n\u2019est pas per\u00e7ue par l\u2019oreille. Ils sont g\u00e9n\u00e9ralement issus de ph\u00e9nom\u00e8nes naturels que l\u2019on retrouve partout o\u00f9 le vent souffle et rencontre des obstacles (comme les b\u00e2timents, les arbres,\u2026). Ils peuvent \u00e9galement \u00eatre g\u00e9n\u00e9r\u00e9s par les activit\u00e9s humaines. La circulation automobile ou l\u2019utilisation de certains outils dans nos jardins ou maisons peuvent ainsi \u00e9galement produire des infrasons. Comme par exemple une pompe \u00e0 chaleur, la ventilation, le lave-linge, le s\u00e8che-linge ou el frigo. &nbsp;Mais ces infrasons sont-ils dangereux pour l\u2019homme pour autant ? L\u00e0 est la question.<\/p>\n\n\n\n<p>L\u2019Agence fran\u00e7aise de s\u00e9curit\u00e9 sanitaire a publi\u00e9 un rapport sur cette question. Corrobor\u00e9 par plusieurs autres depuis, notamment une \u00e9tude finlandaise<a href=\"#_ftn1\" id=\"_ftnref1\">[1]<\/a> qui a combin\u00e9 campagne de mesure des infrasons et analyse de la sant\u00e9 de riverains de parcs \u00e9oliens. On y lit que les \u00e9missions sonores des \u00e9oliennes ne g\u00e9n\u00e8rent pas de cons\u00e9quences sanitaires directes sur l\u2019appareil auditif. Aucune donn\u00e9e sanitaire disponible ne permet d\u2019observer des effets li\u00e9s \u00e0 l\u2019exposition tant aux sons qu\u2019aux infrasons g\u00e9n\u00e9r\u00e9s par ces machines. Cette information scientifique est d\u2019ailleurs confirm\u00e9e par la r\u00e9alit\u00e9 du terrain : il y a plus de 50.000 \u00e9oliennes dans le monde, dont certaines fonctionnent depuis plus de 20 ans. Depuis tout ce temps, aucun probl\u00e8me de sant\u00e9 qui aurait alert\u00e9 les autorit\u00e9s sanitaires n\u2019a \u00e9t\u00e9 mis en \u00e9vidence. &nbsp;<\/p>\n\n\n\n<p><strong>Quid du fameux effet d\u2019ombre port\u00e9e ?<\/strong><\/p>\n\n\n\n<p>Lorsque le soleil est visible (ou que la lune est forte), une \u00e9olienne projette une ombre sur le terrain qui l\u2019entoure. La rotation des pales qui traversent la lumi\u00e8re du soleil provoquent alors un effet d\u2019ombre port\u00e9e (parfois appel\u00e9e \u00e0 tort effet stroboscopique).&nbsp; Toujours d\u2019apr\u00e8s les scientifiques, cet effet est sans incidence sur la sant\u00e9. Il peut cependant \u00eatre d\u00e9rangeant pour les habitations situ\u00e9es \u00e0 l\u2019int\u00e9rieur de la zone d\u2019ombre.&nbsp; Afin d\u2019\u00e9viter toute g\u00eane, la r\u00e8glementation wallonne impose l\u2019analyse d\u00e9taill\u00e9e de cet effet d\u2019ombre port\u00e9e dans l\u2019\u00e9tude d\u2019incidences. Des m\u00e9canismes de simulation en 3 D sont d\u00e9sormais possibles gr\u00e2ce \u00e0 la digitalisation des plans, ce qui permet d\u2019analyser avec certitudes la pr\u00e9sence et fr\u00e9quence du ph\u00e9nom\u00e8ne d\u2019ombre port\u00e9e. Et si l\u2019\u00e9tude montre que le projet \u00e9olien en question va avoir des effets d\u2019ombre port\u00e9e sur une ou plusieurs maisons, des adaptations du projet seront n\u00e9cessaires. Le permis ne sera octroy\u00e9 que si le projet \u00e9olien respecte les normes d\u2019exposition l\u00e9gales, \u00e0 savoir 30 heures maximum par an et 30 minutes maximum par jour. En cas de risque av\u00e9r\u00e9, la localisation de l&rsquo;\u00e9olienne pourra \u00eatre modifi\u00e9e ou elle pourra \u00eatre munie d&rsquo;un syst\u00e8me d\u2019arr\u00eat automatique stoppant le rotor lorsque l\u2019effet d\u2019ombre port\u00e9e se manifeste dans une habitation.<\/p>\n\n\n\n<p><strong>En conclusion<\/strong><\/p>\n\n\n\n<p>On le voit, que ce soit au travers des constats sur place ou des \u00e9tudes scientifiques, tout confirme une chose&nbsp;: les nuisances sonores demeurent surtout une perception d\u00e9form\u00e9e de la r\u00e9alit\u00e9. Perception subjective, alt\u00e9r\u00e9e sans doute par d\u2019autres aspects (points de vue subjectifs, influences ext\u00e9rieures\u2026). Mais en aucuns cas, on ne peut d\u2019une part \u00e9voquer de r\u00e9elles nuisances sonores constat\u00e9es et, surtout, d\u2019impact sur la sant\u00e9 humaine. Il s\u2019agirait donc, au travers de ces arguments, d\u2019une mani\u00e8re, comme une autre, ici aussi, de faire beaucoup de bruit pour essayer de nuire aux \u00e9oliennes. Pour le reste, celles-ci demeurent une solution pour faire du bien \u00e0 la plan\u00e8te plut\u00f4t que du mal aux gens, l\u00e0 est la certitude.<\/p>\n\n\n\n<hr class=\"wp-block-separator has-alpha-channel-opacity\"\/>\n\n\n\n<p><a href=\"#_ftnref1\" id=\"_ftn1\">[1]<\/a> https:\/\/www.vttresearch.com\/en\/news-and-ideas\/vtt-studied-health-effects-infrasound-wind-turbine-noise-multidisciplinary<\/p>\n","protected":false},"excerpt":{"rendered":"<p>Parmi les arguments qui sont souvent mis en avant par les opposants \u00e0 l\u2019\u00e9olien, il y a les effets sur la sant\u00e9 des riverains ou, \u00e0 tout le moins, les nuisances sonores ou visuelles. On parle de niveau sonore, d\u2019infrasons et d\u2019ombres port\u00e9es notamment. Quelle est la part de vrai dans ces all\u00e9gations et, surtout, quelles sont les donn\u00e9es qui permettent d\u2019\u00e9tayer ou d\u2018infirmer pareils arguments ? 20 ans d\u2019\u00e9tudes L\u2019incidence des \u00e9oliennes sur la sant\u00e9 est un sujet qui est analys\u00e9 depuis vingt ans dans plus de 30 pays occidentaux. Et \u00e0 ce jour, aucun effet sur la sant\u00e9 humaine n\u2019a \u00e9t\u00e9 r\u00e9v\u00e9l\u00e9 : ni le bruit, ni les basses-fr\u00e9quences, ni les infrasons. Pour suivre, et pour parler du bruit, il suffit de se balader le long d\u2019un parc \u00e9olien et de tendre l\u2019oreille pour se faire une opinion. Selon les saisons et les conditions m\u00e9t\u00e9orologiques, le son g\u00e9n\u00e9r\u00e9 par les \u00e9oliennes est peu perceptible ou couvert par le bruit du vent ou&#8230; d\u2019une route. Ceci \u00e9tant dit, il n\u2019est pas rare d\u2019entendre des riverains, se plaindre de troubles dus aux nuisances sonores. Toute la question est de connaitre la part de subjectivit\u00e9 dans ce cas car il est \u00e9vident que si l\u2019on va implanter une \u00e9olienne dans une campagne tr\u00e8s calme, cela peut entra\u00eener une nouvelle source de bruit dans l\u2019environnement. Pour garantir un cadre de vie de qualit\u00e9 aux riverains, la r\u00e9glementation wallonne impose des normes de bruit \u00e0 l\u2019immission (au voisinage des habitations et non au niveau de l\u2019\u00e9olienne) de : Concr\u00e8tement, ces niveaux sonores sont \u00e9quivalents au bruit \u00e0 l\u2018int\u00e9rieur d\u2019une maison calme ou d\u2019une biblioth\u00e8que. Mais au-del\u00e0 de ces normes\u2026 Alors que le bruit est en grande partie objectivable par une s\u00e9rie de mesures &hellip; <a href=\"https:\/\/www.renouvelle.be\/fr\/sons-infrasons-et-ombres-portees-des-eoliennes-nuisances-reelles-ouimaginaires\/\" class=\"more-link\">Continue reading<span class=\"screen-reader-text\"> \u00ab\u00a0Sons, infrasons et ombres port\u00e9es des \u00e9oliennes, nuisances r\u00e9elles ou\u2026imaginaires ?\u00a0\u00bb<\/span><\/a><\/p>\n","protected":false},"author":32,"featured_media":9347,"comment_status":"closed","ping_status":"closed","sticky":false,"template":"","format":"standard","meta":{"_acf_changed":false,"footnotes":""},"categories":[21],"tags":[],"section":[6],"class_list":["post-9346","post","type-post","status-publish","format-standard","has-post-thumbnail","hentry","category-debats","section-eolien"],"acf":[],"yoast_head":"<!-- This site is optimized with the Yoast SEO plugin v27.4 - https:\/\/yoast.com\/product\/yoast-seo-wordpress\/ -->\n<title>Sons, infrasons et ombres port\u00e9es des \u00e9oliennes, nuisances r\u00e9elles ou\u2026imaginaires ? - Renouvelle<\/title>\n<meta name=\"description\" content=\"Les \u00e9oliennes sont elles n\u00e9fastes pour la sant\u00e9 humaines notamment en raison des sons et infrasons qu&#039;elles \u00e9mettent ou de leur ombre port\u00e9e ?\" \/>\n<meta name=\"robots\" content=\"index, follow, max-snippet:-1, max-image-preview:large, max-video-preview:-1\" \/>\n<link rel=\"canonical\" href=\"https:\/\/www.renouvelle.be\/fr\/sons-infrasons-et-ombres-portees-des-eoliennes-nuisances-reelles-ouimaginaires\/\" \/>\n<meta property=\"og:locale\" content=\"fr_FR\" \/>\n<meta property=\"og:type\" content=\"article\" \/>\n<meta property=\"og:title\" content=\"Sons, infrasons et ombres port\u00e9es des \u00e9oliennes, nuisances r\u00e9elles ou\u2026imaginaires ? - Renouvelle\" \/>\n<meta property=\"og:description\" content=\"Les \u00e9oliennes sont elles n\u00e9fastes pour la sant\u00e9 humaines notamment en raison des sons et infrasons qu&#039;elles \u00e9mettent ou de leur ombre port\u00e9e ?\" \/>\n<meta property=\"og:url\" content=\"https:\/\/www.renouvelle.be\/fr\/sons-infrasons-et-ombres-portees-des-eoliennes-nuisances-reelles-ouimaginaires\/\" \/>\n<meta property=\"og:site_name\" content=\"Renouvelle\" \/>\n<meta property=\"article:published_time\" content=\"2023-05-12T06:53:52+00:00\" \/>\n<meta property=\"og:image\" content=\"https:\/\/www.renouvelle.be\/wp-content\/uploads\/2023\/04\/man-4393964-scaled.jpg\" \/>\n\t<meta property=\"og:image:width\" content=\"2560\" \/>\n\t<meta property=\"og:image:height\" content=\"1707\" \/>\n\t<meta property=\"og:image:type\" content=\"image\/jpeg\" \/>\n<meta name=\"author\" content=\"Philippe Limbourg\" \/>\n<meta name=\"twitter:card\" content=\"summary_large_image\" \/>\n<script type=\"application\/ld+json\" class=\"yoast-schema-graph\">{\"@context\":\"https:\\\/\\\/schema.org\",\"@graph\":[{\"@type\":\"Article\",\"@id\":\"https:\\\/\\\/www.renouvelle.be\\\/fr\\\/sons-infrasons-et-ombres-portees-des-eoliennes-nuisances-reelles-ouimaginaires\\\/#article\",\"isPartOf\":{\"@id\":\"https:\\\/\\\/www.renouvelle.be\\\/fr\\\/sons-infrasons-et-ombres-portees-des-eoliennes-nuisances-reelles-ouimaginaires\\\/\"},\"author\":{\"name\":\"Philippe Limbourg\",\"@id\":\"https:\\\/\\\/www.renouvelle.be\\\/fr\\\/#\\\/schema\\\/person\\\/980400dfd457d76423b6766ad2146490\"},\"headline\":\"Sons, infrasons et ombres port\u00e9es des \u00e9oliennes, nuisances r\u00e9elles ou\u2026imaginaires ?\",\"datePublished\":\"2023-05-12T06:53:52+00:00\",\"mainEntityOfPage\":{\"@id\":\"https:\\\/\\\/www.renouvelle.be\\\/fr\\\/sons-infrasons-et-ombres-portees-des-eoliennes-nuisances-reelles-ouimaginaires\\\/\"},\"wordCount\":1229,\"image\":{\"@id\":\"https:\\\/\\\/www.renouvelle.be\\\/fr\\\/sons-infrasons-et-ombres-portees-des-eoliennes-nuisances-reelles-ouimaginaires\\\/#primaryimage\"},\"thumbnailUrl\":\"https:\\\/\\\/www.renouvelle.be\\\/wp-content\\\/uploads\\\/2023\\\/04\\\/man-4393964-scaled.jpg\",\"articleSection\":[\"D\u00e9bats\"],\"inLanguage\":\"fr-FR\"},{\"@type\":\"WebPage\",\"@id\":\"https:\\\/\\\/www.renouvelle.be\\\/fr\\\/sons-infrasons-et-ombres-portees-des-eoliennes-nuisances-reelles-ouimaginaires\\\/\",\"url\":\"https:\\\/\\\/www.renouvelle.be\\\/fr\\\/sons-infrasons-et-ombres-portees-des-eoliennes-nuisances-reelles-ouimaginaires\\\/\",\"name\":\"Sons, infrasons et ombres port\u00e9es des \u00e9oliennes, nuisances r\u00e9elles ou\u2026imaginaires ? - Renouvelle\",\"isPartOf\":{\"@id\":\"https:\\\/\\\/www.renouvelle.be\\\/fr\\\/#website\"},\"primaryImageOfPage\":{\"@id\":\"https:\\\/\\\/www.renouvelle.be\\\/fr\\\/sons-infrasons-et-ombres-portees-des-eoliennes-nuisances-reelles-ouimaginaires\\\/#primaryimage\"},\"image\":{\"@id\":\"https:\\\/\\\/www.renouvelle.be\\\/fr\\\/sons-infrasons-et-ombres-portees-des-eoliennes-nuisances-reelles-ouimaginaires\\\/#primaryimage\"},\"thumbnailUrl\":\"https:\\\/\\\/www.renouvelle.be\\\/wp-content\\\/uploads\\\/2023\\\/04\\\/man-4393964-scaled.jpg\",\"datePublished\":\"2023-05-12T06:53:52+00:00\",\"author\":{\"@id\":\"https:\\\/\\\/www.renouvelle.be\\\/fr\\\/#\\\/schema\\\/person\\\/980400dfd457d76423b6766ad2146490\"},\"description\":\"Les \u00e9oliennes sont elles n\u00e9fastes pour la sant\u00e9 humaines notamment en raison des sons et infrasons qu'elles \u00e9mettent ou de leur ombre port\u00e9e ?\",\"breadcrumb\":{\"@id\":\"https:\\\/\\\/www.renouvelle.be\\\/fr\\\/sons-infrasons-et-ombres-portees-des-eoliennes-nuisances-reelles-ouimaginaires\\\/#breadcrumb\"},\"inLanguage\":\"fr-FR\",\"potentialAction\":[{\"@type\":\"ReadAction\",\"target\":[\"https:\\\/\\\/www.renouvelle.be\\\/fr\\\/sons-infrasons-et-ombres-portees-des-eoliennes-nuisances-reelles-ouimaginaires\\\/\"]}]},{\"@type\":\"ImageObject\",\"inLanguage\":\"fr-FR\",\"@id\":\"https:\\\/\\\/www.renouvelle.be\\\/fr\\\/sons-infrasons-et-ombres-portees-des-eoliennes-nuisances-reelles-ouimaginaires\\\/#primaryimage\",\"url\":\"https:\\\/\\\/www.renouvelle.be\\\/wp-content\\\/uploads\\\/2023\\\/04\\\/man-4393964-scaled.jpg\",\"contentUrl\":\"https:\\\/\\\/www.renouvelle.be\\\/wp-content\\\/uploads\\\/2023\\\/04\\\/man-4393964-scaled.jpg\",\"width\":2560,\"height\":1707,\"caption\":\"Silence\"},{\"@type\":\"BreadcrumbList\",\"@id\":\"https:\\\/\\\/www.renouvelle.be\\\/fr\\\/sons-infrasons-et-ombres-portees-des-eoliennes-nuisances-reelles-ouimaginaires\\\/#breadcrumb\",\"itemListElement\":[{\"@type\":\"ListItem\",\"position\":1,\"name\":\"Accueil\",\"item\":\"https:\\\/\\\/www.renouvelle.be\\\/fr\\\/\"},{\"@type\":\"ListItem\",\"position\":2,\"name\":\"Sons, infrasons et ombres port\u00e9es des \u00e9oliennes, nuisances r\u00e9elles ou\u2026imaginaires ?\"}]},{\"@type\":\"WebSite\",\"@id\":\"https:\\\/\\\/www.renouvelle.be\\\/fr\\\/#website\",\"url\":\"https:\\\/\\\/www.renouvelle.be\\\/fr\\\/\",\"name\":\"Renouvelle\",\"description\":\"L&#039;actualit\u00e9 de l&#039;\u00e9nergie durable\",\"potentialAction\":[{\"@type\":\"SearchAction\",\"target\":{\"@type\":\"EntryPoint\",\"urlTemplate\":\"https:\\\/\\\/www.renouvelle.be\\\/fr\\\/?s={search_term_string}\"},\"query-input\":{\"@type\":\"PropertyValueSpecification\",\"valueRequired\":true,\"valueName\":\"search_term_string\"}}],\"inLanguage\":\"fr-FR\"},{\"@type\":\"Person\",\"@id\":\"https:\\\/\\\/www.renouvelle.be\\\/fr\\\/#\\\/schema\\\/person\\\/980400dfd457d76423b6766ad2146490\",\"name\":\"Philippe Limbourg\",\"url\":\"https:\\\/\\\/www.renouvelle.be\\\/fr\\\/author\\\/philippe-limbourg\\\/\"}]}<\/script>\n<!-- \/ Yoast SEO plugin. -->","yoast_head_json":{"title":"Sons, infrasons et ombres port\u00e9es des \u00e9oliennes, nuisances r\u00e9elles ou\u2026imaginaires ? - Renouvelle","description":"Les \u00e9oliennes sont elles n\u00e9fastes pour la sant\u00e9 humaines notamment en raison des sons et infrasons qu'elles \u00e9mettent ou de leur ombre port\u00e9e ?","robots":{"index":"index","follow":"follow","max-snippet":"max-snippet:-1","max-image-preview":"max-image-preview:large","max-video-preview":"max-video-preview:-1"},"canonical":"https:\/\/www.renouvelle.be\/fr\/sons-infrasons-et-ombres-portees-des-eoliennes-nuisances-reelles-ouimaginaires\/","og_locale":"fr_FR","og_type":"article","og_title":"Sons, infrasons et ombres port\u00e9es des \u00e9oliennes, nuisances r\u00e9elles ou\u2026imaginaires ? - Renouvelle","og_description":"Les \u00e9oliennes sont elles n\u00e9fastes pour la sant\u00e9 humaines notamment en raison des sons et infrasons qu'elles \u00e9mettent ou de leur ombre port\u00e9e ?","og_url":"https:\/\/www.renouvelle.be\/fr\/sons-infrasons-et-ombres-portees-des-eoliennes-nuisances-reelles-ouimaginaires\/","og_site_name":"Renouvelle","article_published_time":"2023-05-12T06:53:52+00:00","og_image":[{"width":2560,"height":1707,"url":"https:\/\/www.renouvelle.be\/wp-content\/uploads\/2023\/04\/man-4393964-scaled.jpg","type":"image\/jpeg"}],"author":"Philippe Limbourg","twitter_card":"summary_large_image","schema":{"@context":"https:\/\/schema.org","@graph":[{"@type":"Article","@id":"https:\/\/www.renouvelle.be\/fr\/sons-infrasons-et-ombres-portees-des-eoliennes-nuisances-reelles-ouimaginaires\/#article","isPartOf":{"@id":"https:\/\/www.renouvelle.be\/fr\/sons-infrasons-et-ombres-portees-des-eoliennes-nuisances-reelles-ouimaginaires\/"},"author":{"name":"Philippe Limbourg","@id":"https:\/\/www.renouvelle.be\/fr\/#\/schema\/person\/980400dfd457d76423b6766ad2146490"},"headline":"Sons, infrasons et ombres port\u00e9es des \u00e9oliennes, nuisances r\u00e9elles ou\u2026imaginaires ?","datePublished":"2023-05-12T06:53:52+00:00","mainEntityOfPage":{"@id":"https:\/\/www.renouvelle.be\/fr\/sons-infrasons-et-ombres-portees-des-eoliennes-nuisances-reelles-ouimaginaires\/"},"wordCount":1229,"image":{"@id":"https:\/\/www.renouvelle.be\/fr\/sons-infrasons-et-ombres-portees-des-eoliennes-nuisances-reelles-ouimaginaires\/#primaryimage"},"thumbnailUrl":"https:\/\/www.renouvelle.be\/wp-content\/uploads\/2023\/04\/man-4393964-scaled.jpg","articleSection":["D\u00e9bats"],"inLanguage":"fr-FR"},{"@type":"WebPage","@id":"https:\/\/www.renouvelle.be\/fr\/sons-infrasons-et-ombres-portees-des-eoliennes-nuisances-reelles-ouimaginaires\/","url":"https:\/\/www.renouvelle.be\/fr\/sons-infrasons-et-ombres-portees-des-eoliennes-nuisances-reelles-ouimaginaires\/","name":"Sons, infrasons et ombres port\u00e9es des \u00e9oliennes, nuisances r\u00e9elles ou\u2026imaginaires ? - Renouvelle","isPartOf":{"@id":"https:\/\/www.renouvelle.be\/fr\/#website"},"primaryImageOfPage":{"@id":"https:\/\/www.renouvelle.be\/fr\/sons-infrasons-et-ombres-portees-des-eoliennes-nuisances-reelles-ouimaginaires\/#primaryimage"},"image":{"@id":"https:\/\/www.renouvelle.be\/fr\/sons-infrasons-et-ombres-portees-des-eoliennes-nuisances-reelles-ouimaginaires\/#primaryimage"},"thumbnailUrl":"https:\/\/www.renouvelle.be\/wp-content\/uploads\/2023\/04\/man-4393964-scaled.jpg","datePublished":"2023-05-12T06:53:52+00:00","author":{"@id":"https:\/\/www.renouvelle.be\/fr\/#\/schema\/person\/980400dfd457d76423b6766ad2146490"},"description":"Les \u00e9oliennes sont elles n\u00e9fastes pour la sant\u00e9 humaines notamment en raison des sons et infrasons qu'elles \u00e9mettent ou de leur ombre port\u00e9e ?","breadcrumb":{"@id":"https:\/\/www.renouvelle.be\/fr\/sons-infrasons-et-ombres-portees-des-eoliennes-nuisances-reelles-ouimaginaires\/#breadcrumb"},"inLanguage":"fr-FR","potentialAction":[{"@type":"ReadAction","target":["https:\/\/www.renouvelle.be\/fr\/sons-infrasons-et-ombres-portees-des-eoliennes-nuisances-reelles-ouimaginaires\/"]}]},{"@type":"ImageObject","inLanguage":"fr-FR","@id":"https:\/\/www.renouvelle.be\/fr\/sons-infrasons-et-ombres-portees-des-eoliennes-nuisances-reelles-ouimaginaires\/#primaryimage","url":"https:\/\/www.renouvelle.be\/wp-content\/uploads\/2023\/04\/man-4393964-scaled.jpg","contentUrl":"https:\/\/www.renouvelle.be\/wp-content\/uploads\/2023\/04\/man-4393964-scaled.jpg","width":2560,"height":1707,"caption":"Silence"},{"@type":"BreadcrumbList","@id":"https:\/\/www.renouvelle.be\/fr\/sons-infrasons-et-ombres-portees-des-eoliennes-nuisances-reelles-ouimaginaires\/#breadcrumb","itemListElement":[{"@type":"ListItem","position":1,"name":"Accueil","item":"https:\/\/www.renouvelle.be\/fr\/"},{"@type":"ListItem","position":2,"name":"Sons, infrasons et ombres port\u00e9es des \u00e9oliennes, nuisances r\u00e9elles ou\u2026imaginaires ?"}]},{"@type":"WebSite","@id":"https:\/\/www.renouvelle.be\/fr\/#website","url":"https:\/\/www.renouvelle.be\/fr\/","name":"Renouvelle","description":"L&#039;actualit\u00e9 de l&#039;\u00e9nergie durable","potentialAction":[{"@type":"SearchAction","target":{"@type":"EntryPoint","urlTemplate":"https:\/\/www.renouvelle.be\/fr\/?s={search_term_string}"},"query-input":{"@type":"PropertyValueSpecification","valueRequired":true,"valueName":"search_term_string"}}],"inLanguage":"fr-FR"},{"@type":"Person","@id":"https:\/\/www.renouvelle.be\/fr\/#\/schema\/person\/980400dfd457d76423b6766ad2146490","name":"Philippe Limbourg","url":"https:\/\/www.renouvelle.be\/fr\/author\/philippe-limbourg\/"}]}},"_links":{"self":[{"href":"https:\/\/www.renouvelle.be\/fr\/wp-json\/wp\/v2\/posts\/9346","targetHints":{"allow":["GET"]}}],"collection":[{"href":"https:\/\/www.renouvelle.be\/fr\/wp-json\/wp\/v2\/posts"}],"about":[{"href":"https:\/\/www.renouvelle.be\/fr\/wp-json\/wp\/v2\/types\/post"}],"author":[{"embeddable":true,"href":"https:\/\/www.renouvelle.be\/fr\/wp-json\/wp\/v2\/users\/32"}],"replies":[{"embeddable":true,"href":"https:\/\/www.renouvelle.be\/fr\/wp-json\/wp\/v2\/comments?post=9346"}],"version-history":[{"count":2,"href":"https:\/\/www.renouvelle.be\/fr\/wp-json\/wp\/v2\/posts\/9346\/revisions"}],"predecessor-version":[{"id":9350,"href":"https:\/\/www.renouvelle.be\/fr\/wp-json\/wp\/v2\/posts\/9346\/revisions\/9350"}],"wp:featuredmedia":[{"embeddable":true,"href":"https:\/\/www.renouvelle.be\/fr\/wp-json\/wp\/v2\/media\/9347"}],"wp:attachment":[{"href":"https:\/\/www.renouvelle.be\/fr\/wp-json\/wp\/v2\/media?parent=9346"}],"wp:term":[{"taxonomy":"category","embeddable":true,"href":"https:\/\/www.renouvelle.be\/fr\/wp-json\/wp\/v2\/categories?post=9346"},{"taxonomy":"post_tag","embeddable":true,"href":"https:\/\/www.renouvelle.be\/fr\/wp-json\/wp\/v2\/tags?post=9346"},{"taxonomy":"section","embeddable":true,"href":"https:\/\/www.renouvelle.be\/fr\/wp-json\/wp\/v2\/section?post=9346"}],"curies":[{"name":"wp","href":"https:\/\/api.w.org\/{rel}","templated":true}]}}