{"id":9343,"date":"2023-04-26T21:52:59","date_gmt":"2023-04-26T19:52:59","guid":{"rendered":"https:\/\/www.renouvelle.be\/?p=9343"},"modified":"2023-04-26T21:53:04","modified_gmt":"2023-04-26T19:53:04","slug":"developpement-eolien-offshore-en-mer-du-nord-citoyen-et-europeen","status":"publish","type":"post","link":"https:\/\/www.renouvelle.be\/fr\/developpement-eolien-offshore-en-mer-du-nord-citoyen-et-europeen\/","title":{"rendered":"D\u00e9veloppement \u00e9olien offshore en Mer du\u202fNord\u202f: citoyen et europ\u00e9en\u202f!"},"content":{"rendered":"\n<p>Ce 24 avril \u00e0 Ostende se tenait le deuxi\u00e8me sommet europ\u00e9en de la Mer du Nord avec pour objectif la cr\u00e9ation de la plus grande centrale \u00e9lectrique verte d\u2019Europe. Un congr\u00e8s qui arrive un peu moins d\u2019un an apr\u00e8s la cr\u00e9ation de <a href=\"http:\/\/www.seacoop.be\/\" target=\"_blank\" rel=\"noreferrer noopener\">SeaCoop<\/a> et l\u2019envoi d\u2019une s\u00e9rie de recommandations de la part d\u2019Energie Commune au gouvernement belge en la mati\u00e8re (<a href=\"https:\/\/www.renouvelle.be\/fr\/pour-de-leolien-offshore-communautaire\/\" target=\"_blank\" rel=\"noreferrer noopener\">voir notre article<\/a>). Mais aussi et surtout, pile quelques jours apr\u00e8s l\u2019annonce faite par le Gouvernement f\u00e9d\u00e9ral de sa volont\u00e9 d\u2019impliquer une part importante des citoyens dans l\u2019\u00e9olien offshore.&nbsp;&nbsp;<\/p>\n\n\n\n<p><strong>Au niveau belge, le d\u00e9veloppement offshore \u00e9olien sera en grande partie citoyen<\/strong>&nbsp;<\/p>\n\n\n\n<p>Le gouvernement f\u00e9d\u00e9ral belge a pris la d\u00e9cision d&rsquo;encourager la participation citoyenne dans les projets d&rsquo;\u00e9nergie \u00e9olienne offshore. Les coop\u00e9ratives membres des f\u00e9d\u00e9rations REScoop ont salu\u00e9 cette d\u00e9cision et ont soulign\u00e9 la vision novatrice du gouvernement belge. Certaines coop\u00e9ratives membres ont cr\u00e9\u00e9 la coop\u00e9rative SeaCoop il y a un peu moins d\u2019un an d\u00e9j\u00e0. Celle-ci sera l&rsquo;interlocuteur unique pour les autres parties prenantes dans l&rsquo;\u00e9olien offshore. SeaCoop permettra aux citoyens de co-investir dans les \u00e9oliennes en mer et d&rsquo;avoir un acc\u00e8s direct \u00e0 l&rsquo;\u00e9nergie qui y est produite. L&rsquo;objectif est de poss\u00e9der 20% des parcs et de fournir 20% de cette \u00e9lectricit\u00e9 aux citoyens. SeaCoop participera \u00e0 l&rsquo;appel d&rsquo;offres dans le cadre de partenariats avec des op\u00e9rateurs industriels et financiers actifs dans l&rsquo;\u00e9olien offshore. Une campagne de communication nationale invitera en 2026 les citoyens \u00e0 rejoindre une de ces 34 coop\u00e9ratives locales pour participer \u00e0 cette vaste initiative. L\u2019octroi des concessions pour les futurs parcs \u00e9oliens dans la Zone Princesse Elisabeth se r\u00e9alisera dans le cadre d\u2019une proc\u00e9dure de mise en concurrence organis\u00e9e par le gouvernement f\u00e9d\u00e9ral. La ministre charg\u00e9e de l&rsquo;Energie, Tinne Van der Straeten a d\u2019ailleurs d\u00e9voil\u00e9 le 21 avril dernier, les modalit\u00e9s de cet appel qui seront d\u00e9finies dans un arr\u00eat\u00e9 royal. Parmi celles-ci, on ne peut que se r\u00e9jouir de lire que les crit\u00e8res d\u2019attribution de l\u2019appel d\u2019offres attribueront des points \u00e0 la participation citoyenne. Cette d\u00e9cision permettra en d&rsquo;offrir aux citoyens de l&rsquo;\u00e9nergie \u00e9olienne en mer \u00e0 un prix \u00e9quitable.&nbsp;<\/p>\n\n\n\n<p><strong>9 pays europ\u00e9ens autour d\u2019un vaste projet ambitieux<\/strong>&nbsp;<\/p>\n\n\n\n<p>A Ostende ce lundi, ce sont donc les dirigeants de neuf pays qui se r\u00e9unissaient pour sceller leur ambition commune de \u201cd\u00e9cupler leurs capacit\u00e9s d\u2019\u00e9oliennes en mer du Nord\u201d faisant suite \u00e0 une premi\u00e8re \u00e9dition du \u201csommet de la mer du Nord\u201d l\u2019ann\u00e9e derni\u00e8re. Autour de la table, le Danemark, la Belgique, l\u2019Allemagne et les Pays-Bas sont rejoints par le Royaume-Uni, la Norv\u00e8ge et le Luxembourg pour ce deuxi\u00e8me sommet. Mais aussi par la France et l\u2019Irlande qui avaient d\u00e9j\u00e0 un projet commun dans le but de les rallier \u00e0 ce projet ambitieux commun.&nbsp;&nbsp;<\/p>\n\n\n\n<p><strong>Premi\u00e8re \u00eele \u00e9nerg\u00e9tique au monde<\/strong>&nbsp;<\/p>\n\n\n\n<p>L\u2019objectif affich\u00e9 \u00e9tait de faire de la mer du Nord la plus grande centrale \u00e9lectrique verte d\u2019Europe en multipliant par dix le nombre d\u2019\u00e9oliennes en Mer du Nord d\u2019ici 30 ans. Peu profonde, elle constitue en effet un endroit id\u00e9al pour d\u00e9velopper l\u2019\u00e9olien b\u00e2ti au fond de l\u2019eau. La Belgique et ses 5 GW en actuellement d\u00e9j\u00e0 install\u00e9s en mer (contre 2.5 GW pour la France) fait office de point central. Son \u00eele, la premi\u00e8re \u00eele \u00e9nerg\u00e9tique au monde, constituera ainsi un carrefour d\u2019\u00e9change d\u2019\u00e9lectricit\u00e9 entre les diff\u00e9rents parcs \u00e9oliens et devrait \u00eatre achev\u00e9e d\u2019ici mi-2026. Elle sera situ\u00e9e \u00e0 45 kilom\u00e8tres de nos c\u00f4tes et devrait d\u00e9velopper une capacit\u00e9 de 300 GW europ\u00e9enne d\u2019ici 2050. Le Luxembourg, seul pays non c\u00f4tier, \u00e9tait pr\u00e9sent lui en tant qu\u2019investisseur structurel et acheteur potentiel de l\u2019\u00e9nergie ainsi produite.&nbsp;&nbsp;<\/p>\n","protected":false},"excerpt":{"rendered":"<p>Ce 24 avril \u00e0 Ostende se tenait le deuxi\u00e8me sommet europ\u00e9en de la Mer du Nord avec pour objectif la cr\u00e9ation de la plus grande centrale \u00e9lectrique verte d\u2019Europe. Un congr\u00e8s qui arrive un peu moins d\u2019un an apr\u00e8s la cr\u00e9ation de SeaCoop et l\u2019envoi d\u2019une s\u00e9rie de recommandations de la part d\u2019Energie Commune au gouvernement belge en la mati\u00e8re (voir notre article). Mais aussi et surtout, pile quelques jours apr\u00e8s l\u2019annonce faite par le Gouvernement f\u00e9d\u00e9ral de sa volont\u00e9 d\u2019impliquer une part importante des citoyens dans l\u2019\u00e9olien offshore.&nbsp;&nbsp; Au niveau belge, le d\u00e9veloppement offshore \u00e9olien sera en grande partie citoyen&nbsp; Le gouvernement f\u00e9d\u00e9ral belge a pris la d\u00e9cision d&rsquo;encourager la participation citoyenne dans les projets d&rsquo;\u00e9nergie \u00e9olienne offshore. Les coop\u00e9ratives membres des f\u00e9d\u00e9rations REScoop ont salu\u00e9 cette d\u00e9cision et ont soulign\u00e9 la vision novatrice du gouvernement belge. Certaines coop\u00e9ratives membres ont cr\u00e9\u00e9 la coop\u00e9rative SeaCoop il y a un peu moins d\u2019un an d\u00e9j\u00e0. Celle-ci sera l&rsquo;interlocuteur unique pour les autres parties prenantes dans l&rsquo;\u00e9olien offshore. SeaCoop permettra aux citoyens de co-investir dans les \u00e9oliennes en mer et d&rsquo;avoir un acc\u00e8s direct \u00e0 l&rsquo;\u00e9nergie qui y est produite. L&rsquo;objectif est de poss\u00e9der 20% des parcs et de fournir 20% de cette \u00e9lectricit\u00e9 aux citoyens. SeaCoop participera \u00e0 l&rsquo;appel d&rsquo;offres dans le cadre de partenariats avec des op\u00e9rateurs industriels et financiers actifs dans l&rsquo;\u00e9olien offshore. Une campagne de communication nationale invitera en 2026 les citoyens \u00e0 rejoindre une de ces 34 coop\u00e9ratives locales pour participer \u00e0 cette vaste initiative. L\u2019octroi des concessions pour les futurs parcs \u00e9oliens dans la Zone Princesse Elisabeth se r\u00e9alisera dans le cadre d\u2019une proc\u00e9dure de mise en concurrence organis\u00e9e par le gouvernement f\u00e9d\u00e9ral. La ministre charg\u00e9e de l&rsquo;Energie, Tinne Van der Straeten a d\u2019ailleurs d\u00e9voil\u00e9 &hellip; <a href=\"https:\/\/www.renouvelle.be\/fr\/developpement-eolien-offshore-en-mer-du-nord-citoyen-et-europeen\/\" class=\"more-link\">Continue reading<span class=\"screen-reader-text\"> \u00ab\u00a0D\u00e9veloppement \u00e9olien offshore en Mer du\u202fNord\u202f: citoyen et europ\u00e9en\u202f!\u00a0\u00bb<\/span><\/a><\/p>\n","protected":false},"author":32,"featured_media":7744,"comment_status":"closed","ping_status":"closed","sticky":false,"template":"","format":"standard","meta":{"_acf_changed":false,"footnotes":""},"categories":[17,18],"tags":[],"section":[6],"class_list":["post-9343","post","type-post","status-publish","format-standard","has-post-thumbnail","hentry","category-actualite-en-belgique","category-actualite-internationale","section-eolien"],"acf":[],"yoast_head":"<!-- This site is optimized with the Yoast SEO plugin v27.5 - https:\/\/yoast.com\/product\/yoast-seo-wordpress\/ -->\n<title>D\u00e9veloppement \u00e9olien offshore en Mer du\u202fNord\u202f: citoyen et europ\u00e9en\u202f! - Renouvelle<\/title>\n<meta name=\"description\" content=\"Projet de parc \u00e9olien offshore europ\u00e9en citoyen\" \/>\n<meta name=\"robots\" content=\"index, follow, max-snippet:-1, max-image-preview:large, max-video-preview:-1\" \/>\n<link rel=\"canonical\" href=\"https:\/\/www.renouvelle.be\/fr\/developpement-eolien-offshore-en-mer-du-nord-citoyen-et-europeen\/\" \/>\n<meta property=\"og:locale\" content=\"fr_FR\" \/>\n<meta property=\"og:type\" content=\"article\" \/>\n<meta property=\"og:title\" content=\"D\u00e9veloppement \u00e9olien offshore en Mer du\u202fNord\u202f: citoyen et europ\u00e9en\u202f! - Renouvelle\" \/>\n<meta property=\"og:description\" content=\"Projet de parc \u00e9olien offshore europ\u00e9en citoyen\" \/>\n<meta property=\"og:url\" content=\"https:\/\/www.renouvelle.be\/fr\/developpement-eolien-offshore-en-mer-du-nord-citoyen-et-europeen\/\" \/>\n<meta property=\"og:site_name\" content=\"Renouvelle\" \/>\n<meta property=\"article:published_time\" content=\"2023-04-26T19:52:59+00:00\" \/>\n<meta property=\"article:modified_time\" content=\"2023-04-26T19:53:04+00:00\" \/>\n<meta property=\"og:image\" content=\"https:\/\/www.renouvelle.be\/wp-content\/uploads\/2022\/02\/offshore4.jpg\" \/>\n\t<meta property=\"og:image:width\" content=\"700\" \/>\n\t<meta property=\"og:image:height\" content=\"467\" \/>\n\t<meta property=\"og:image:type\" content=\"image\/jpeg\" \/>\n<meta name=\"author\" content=\"Philippe Limbourg\" \/>\n<meta name=\"twitter:card\" content=\"summary_large_image\" \/>\n<script type=\"application\/ld+json\" class=\"yoast-schema-graph\">{\"@context\":\"https:\\\/\\\/schema.org\",\"@graph\":[{\"@type\":\"Article\",\"@id\":\"https:\\\/\\\/www.renouvelle.be\\\/fr\\\/developpement-eolien-offshore-en-mer-du-nord-citoyen-et-europeen\\\/#article\",\"isPartOf\":{\"@id\":\"https:\\\/\\\/www.renouvelle.be\\\/fr\\\/developpement-eolien-offshore-en-mer-du-nord-citoyen-et-europeen\\\/\"},\"author\":{\"name\":\"Philippe Limbourg\",\"@id\":\"https:\\\/\\\/www.renouvelle.be\\\/fr\\\/#\\\/schema\\\/person\\\/980400dfd457d76423b6766ad2146490\"},\"headline\":\"D\u00e9veloppement \u00e9olien offshore en Mer du\u202fNord\u202f: citoyen et europ\u00e9en\u202f!\",\"datePublished\":\"2023-04-26T19:52:59+00:00\",\"dateModified\":\"2023-04-26T19:53:04+00:00\",\"mainEntityOfPage\":{\"@id\":\"https:\\\/\\\/www.renouvelle.be\\\/fr\\\/developpement-eolien-offshore-en-mer-du-nord-citoyen-et-europeen\\\/\"},\"wordCount\":700,\"image\":{\"@id\":\"https:\\\/\\\/www.renouvelle.be\\\/fr\\\/developpement-eolien-offshore-en-mer-du-nord-citoyen-et-europeen\\\/#primaryimage\"},\"thumbnailUrl\":\"https:\\\/\\\/www.renouvelle.be\\\/wp-content\\\/uploads\\\/2022\\\/02\\\/offshore4.jpg\",\"articleSection\":[\"Actualit\u00e9 en Belgique\",\"Actualit\u00e9 internationale\"],\"inLanguage\":\"fr-FR\"},{\"@type\":\"WebPage\",\"@id\":\"https:\\\/\\\/www.renouvelle.be\\\/fr\\\/developpement-eolien-offshore-en-mer-du-nord-citoyen-et-europeen\\\/\",\"url\":\"https:\\\/\\\/www.renouvelle.be\\\/fr\\\/developpement-eolien-offshore-en-mer-du-nord-citoyen-et-europeen\\\/\",\"name\":\"D\u00e9veloppement \u00e9olien offshore en Mer du\u202fNord\u202f: citoyen et europ\u00e9en\u202f! - Renouvelle\",\"isPartOf\":{\"@id\":\"https:\\\/\\\/www.renouvelle.be\\\/fr\\\/#website\"},\"primaryImageOfPage\":{\"@id\":\"https:\\\/\\\/www.renouvelle.be\\\/fr\\\/developpement-eolien-offshore-en-mer-du-nord-citoyen-et-europeen\\\/#primaryimage\"},\"image\":{\"@id\":\"https:\\\/\\\/www.renouvelle.be\\\/fr\\\/developpement-eolien-offshore-en-mer-du-nord-citoyen-et-europeen\\\/#primaryimage\"},\"thumbnailUrl\":\"https:\\\/\\\/www.renouvelle.be\\\/wp-content\\\/uploads\\\/2022\\\/02\\\/offshore4.jpg\",\"datePublished\":\"2023-04-26T19:52:59+00:00\",\"dateModified\":\"2023-04-26T19:53:04+00:00\",\"author\":{\"@id\":\"https:\\\/\\\/www.renouvelle.be\\\/fr\\\/#\\\/schema\\\/person\\\/980400dfd457d76423b6766ad2146490\"},\"description\":\"Projet de parc \u00e9olien offshore europ\u00e9en citoyen\",\"breadcrumb\":{\"@id\":\"https:\\\/\\\/www.renouvelle.be\\\/fr\\\/developpement-eolien-offshore-en-mer-du-nord-citoyen-et-europeen\\\/#breadcrumb\"},\"inLanguage\":\"fr-FR\",\"potentialAction\":[{\"@type\":\"ReadAction\",\"target\":[\"https:\\\/\\\/www.renouvelle.be\\\/fr\\\/developpement-eolien-offshore-en-mer-du-nord-citoyen-et-europeen\\\/\"]}]},{\"@type\":\"ImageObject\",\"inLanguage\":\"fr-FR\",\"@id\":\"https:\\\/\\\/www.renouvelle.be\\\/fr\\\/developpement-eolien-offshore-en-mer-du-nord-citoyen-et-europeen\\\/#primaryimage\",\"url\":\"https:\\\/\\\/www.renouvelle.be\\\/wp-content\\\/uploads\\\/2022\\\/02\\\/offshore4.jpg\",\"contentUrl\":\"https:\\\/\\\/www.renouvelle.be\\\/wp-content\\\/uploads\\\/2022\\\/02\\\/offshore4.jpg\",\"width\":700,\"height\":467,\"caption\":\"This photo was taken on April 12, 2019 above the Rentel wind farm on the Belgian North Sea\"},{\"@type\":\"BreadcrumbList\",\"@id\":\"https:\\\/\\\/www.renouvelle.be\\\/fr\\\/developpement-eolien-offshore-en-mer-du-nord-citoyen-et-europeen\\\/#breadcrumb\",\"itemListElement\":[{\"@type\":\"ListItem\",\"position\":1,\"name\":\"Accueil\",\"item\":\"https:\\\/\\\/www.renouvelle.be\\\/fr\\\/\"},{\"@type\":\"ListItem\",\"position\":2,\"name\":\"D\u00e9veloppement \u00e9olien offshore en Mer du\u202fNord\u202f: citoyen et europ\u00e9en\u202f!\"}]},{\"@type\":\"WebSite\",\"@id\":\"https:\\\/\\\/www.renouvelle.be\\\/fr\\\/#website\",\"url\":\"https:\\\/\\\/www.renouvelle.be\\\/fr\\\/\",\"name\":\"Renouvelle\",\"description\":\"L&#039;actualit\u00e9 de l&#039;\u00e9nergie durable\",\"potentialAction\":[{\"@type\":\"SearchAction\",\"target\":{\"@type\":\"EntryPoint\",\"urlTemplate\":\"https:\\\/\\\/www.renouvelle.be\\\/fr\\\/?s={search_term_string}\"},\"query-input\":{\"@type\":\"PropertyValueSpecification\",\"valueRequired\":true,\"valueName\":\"search_term_string\"}}],\"inLanguage\":\"fr-FR\"},{\"@type\":\"Person\",\"@id\":\"https:\\\/\\\/www.renouvelle.be\\\/fr\\\/#\\\/schema\\\/person\\\/980400dfd457d76423b6766ad2146490\",\"name\":\"Philippe Limbourg\",\"url\":\"https:\\\/\\\/www.renouvelle.be\\\/fr\\\/author\\\/philippe-limbourg\\\/\"}]}<\/script>\n<!-- \/ Yoast SEO plugin. -->","yoast_head_json":{"title":"D\u00e9veloppement \u00e9olien offshore en Mer du\u202fNord\u202f: citoyen et europ\u00e9en\u202f! - Renouvelle","description":"Projet de parc \u00e9olien offshore europ\u00e9en citoyen","robots":{"index":"index","follow":"follow","max-snippet":"max-snippet:-1","max-image-preview":"max-image-preview:large","max-video-preview":"max-video-preview:-1"},"canonical":"https:\/\/www.renouvelle.be\/fr\/developpement-eolien-offshore-en-mer-du-nord-citoyen-et-europeen\/","og_locale":"fr_FR","og_type":"article","og_title":"D\u00e9veloppement \u00e9olien offshore en Mer du\u202fNord\u202f: citoyen et europ\u00e9en\u202f! - Renouvelle","og_description":"Projet de parc \u00e9olien offshore europ\u00e9en citoyen","og_url":"https:\/\/www.renouvelle.be\/fr\/developpement-eolien-offshore-en-mer-du-nord-citoyen-et-europeen\/","og_site_name":"Renouvelle","article_published_time":"2023-04-26T19:52:59+00:00","article_modified_time":"2023-04-26T19:53:04+00:00","og_image":[{"width":700,"height":467,"url":"https:\/\/www.renouvelle.be\/wp-content\/uploads\/2022\/02\/offshore4.jpg","type":"image\/jpeg"}],"author":"Philippe Limbourg","twitter_card":"summary_large_image","schema":{"@context":"https:\/\/schema.org","@graph":[{"@type":"Article","@id":"https:\/\/www.renouvelle.be\/fr\/developpement-eolien-offshore-en-mer-du-nord-citoyen-et-europeen\/#article","isPartOf":{"@id":"https:\/\/www.renouvelle.be\/fr\/developpement-eolien-offshore-en-mer-du-nord-citoyen-et-europeen\/"},"author":{"name":"Philippe Limbourg","@id":"https:\/\/www.renouvelle.be\/fr\/#\/schema\/person\/980400dfd457d76423b6766ad2146490"},"headline":"D\u00e9veloppement \u00e9olien offshore en Mer du\u202fNord\u202f: citoyen et europ\u00e9en\u202f!","datePublished":"2023-04-26T19:52:59+00:00","dateModified":"2023-04-26T19:53:04+00:00","mainEntityOfPage":{"@id":"https:\/\/www.renouvelle.be\/fr\/developpement-eolien-offshore-en-mer-du-nord-citoyen-et-europeen\/"},"wordCount":700,"image":{"@id":"https:\/\/www.renouvelle.be\/fr\/developpement-eolien-offshore-en-mer-du-nord-citoyen-et-europeen\/#primaryimage"},"thumbnailUrl":"https:\/\/www.renouvelle.be\/wp-content\/uploads\/2022\/02\/offshore4.jpg","articleSection":["Actualit\u00e9 en Belgique","Actualit\u00e9 internationale"],"inLanguage":"fr-FR"},{"@type":"WebPage","@id":"https:\/\/www.renouvelle.be\/fr\/developpement-eolien-offshore-en-mer-du-nord-citoyen-et-europeen\/","url":"https:\/\/www.renouvelle.be\/fr\/developpement-eolien-offshore-en-mer-du-nord-citoyen-et-europeen\/","name":"D\u00e9veloppement \u00e9olien offshore en Mer du\u202fNord\u202f: citoyen et europ\u00e9en\u202f! - Renouvelle","isPartOf":{"@id":"https:\/\/www.renouvelle.be\/fr\/#website"},"primaryImageOfPage":{"@id":"https:\/\/www.renouvelle.be\/fr\/developpement-eolien-offshore-en-mer-du-nord-citoyen-et-europeen\/#primaryimage"},"image":{"@id":"https:\/\/www.renouvelle.be\/fr\/developpement-eolien-offshore-en-mer-du-nord-citoyen-et-europeen\/#primaryimage"},"thumbnailUrl":"https:\/\/www.renouvelle.be\/wp-content\/uploads\/2022\/02\/offshore4.jpg","datePublished":"2023-04-26T19:52:59+00:00","dateModified":"2023-04-26T19:53:04+00:00","author":{"@id":"https:\/\/www.renouvelle.be\/fr\/#\/schema\/person\/980400dfd457d76423b6766ad2146490"},"description":"Projet de parc \u00e9olien offshore europ\u00e9en citoyen","breadcrumb":{"@id":"https:\/\/www.renouvelle.be\/fr\/developpement-eolien-offshore-en-mer-du-nord-citoyen-et-europeen\/#breadcrumb"},"inLanguage":"fr-FR","potentialAction":[{"@type":"ReadAction","target":["https:\/\/www.renouvelle.be\/fr\/developpement-eolien-offshore-en-mer-du-nord-citoyen-et-europeen\/"]}]},{"@type":"ImageObject","inLanguage":"fr-FR","@id":"https:\/\/www.renouvelle.be\/fr\/developpement-eolien-offshore-en-mer-du-nord-citoyen-et-europeen\/#primaryimage","url":"https:\/\/www.renouvelle.be\/wp-content\/uploads\/2022\/02\/offshore4.jpg","contentUrl":"https:\/\/www.renouvelle.be\/wp-content\/uploads\/2022\/02\/offshore4.jpg","width":700,"height":467,"caption":"This photo was taken on April 12, 2019 above the Rentel wind farm on the Belgian North Sea"},{"@type":"BreadcrumbList","@id":"https:\/\/www.renouvelle.be\/fr\/developpement-eolien-offshore-en-mer-du-nord-citoyen-et-europeen\/#breadcrumb","itemListElement":[{"@type":"ListItem","position":1,"name":"Accueil","item":"https:\/\/www.renouvelle.be\/fr\/"},{"@type":"ListItem","position":2,"name":"D\u00e9veloppement \u00e9olien offshore en Mer du\u202fNord\u202f: citoyen et europ\u00e9en\u202f!"}]},{"@type":"WebSite","@id":"https:\/\/www.renouvelle.be\/fr\/#website","url":"https:\/\/www.renouvelle.be\/fr\/","name":"Renouvelle","description":"L&#039;actualit\u00e9 de l&#039;\u00e9nergie durable","potentialAction":[{"@type":"SearchAction","target":{"@type":"EntryPoint","urlTemplate":"https:\/\/www.renouvelle.be\/fr\/?s={search_term_string}"},"query-input":{"@type":"PropertyValueSpecification","valueRequired":true,"valueName":"search_term_string"}}],"inLanguage":"fr-FR"},{"@type":"Person","@id":"https:\/\/www.renouvelle.be\/fr\/#\/schema\/person\/980400dfd457d76423b6766ad2146490","name":"Philippe Limbourg","url":"https:\/\/www.renouvelle.be\/fr\/author\/philippe-limbourg\/"}]}},"_links":{"self":[{"href":"https:\/\/www.renouvelle.be\/fr\/wp-json\/wp\/v2\/posts\/9343","targetHints":{"allow":["GET"]}}],"collection":[{"href":"https:\/\/www.renouvelle.be\/fr\/wp-json\/wp\/v2\/posts"}],"about":[{"href":"https:\/\/www.renouvelle.be\/fr\/wp-json\/wp\/v2\/types\/post"}],"author":[{"embeddable":true,"href":"https:\/\/www.renouvelle.be\/fr\/wp-json\/wp\/v2\/users\/32"}],"replies":[{"embeddable":true,"href":"https:\/\/www.renouvelle.be\/fr\/wp-json\/wp\/v2\/comments?post=9343"}],"version-history":[{"count":2,"href":"https:\/\/www.renouvelle.be\/fr\/wp-json\/wp\/v2\/posts\/9343\/revisions"}],"predecessor-version":[{"id":9345,"href":"https:\/\/www.renouvelle.be\/fr\/wp-json\/wp\/v2\/posts\/9343\/revisions\/9345"}],"wp:featuredmedia":[{"embeddable":true,"href":"https:\/\/www.renouvelle.be\/fr\/wp-json\/wp\/v2\/media\/7744"}],"wp:attachment":[{"href":"https:\/\/www.renouvelle.be\/fr\/wp-json\/wp\/v2\/media?parent=9343"}],"wp:term":[{"taxonomy":"category","embeddable":true,"href":"https:\/\/www.renouvelle.be\/fr\/wp-json\/wp\/v2\/categories?post=9343"},{"taxonomy":"post_tag","embeddable":true,"href":"https:\/\/www.renouvelle.be\/fr\/wp-json\/wp\/v2\/tags?post=9343"},{"taxonomy":"section","embeddable":true,"href":"https:\/\/www.renouvelle.be\/fr\/wp-json\/wp\/v2\/section?post=9343"}],"curies":[{"name":"wp","href":"https:\/\/api.w.org\/{rel}","templated":true}]}}