{"id":9340,"date":"2023-05-01T08:00:00","date_gmt":"2023-05-01T06:00:00","guid":{"rendered":"https:\/\/www.renouvelle.be\/?p=9340"},"modified":"2023-04-25T17:06:11","modified_gmt":"2023-04-25T15:06:11","slug":"les-eoliennes-dans-le-paysage-cest-joli-ou-du-gachis","status":"publish","type":"post","link":"https:\/\/www.renouvelle.be\/fr\/les-eoliennes-dans-le-paysage-cest-joli-ou-du-gachis\/","title":{"rendered":"Les Eoliennes dans le paysage : \u00ab\u00a0C&rsquo;est joli\u00a0\u00bb ou \u00ab\u00a0Du g\u00e2chis\u00a0\u00bb ?"},"content":{"rendered":"\n<p><strong><em>Ces derni\u00e8res ann\u00e9es, le nombre de projets \u00e9oliens a fortement augment\u00e9 en Wallonie. Certaines communes sont parfois sollicit\u00e9es pour deux voire trois projets sur leur territoire. Cela ne veut pas pour autant dire que tous ces projets seront accept\u00e9s. Loin s\u2019en faut. A commencer par le fait que, oui, cela a un impact sur le paysage. Mais dans quelle mesure et, surtout, qu\u2019est-ce qui a \u00e9t\u00e9 mis en place pour \u00e9viter les d\u00e9rives&nbsp;? C\u2019est sur ce point que nous nous sommes pench\u00e9s.<\/em><\/strong><\/p>\n\n\n\n<p>Quel impact r\u00e9el&nbsp;?<\/p>\n\n\n\n<p>Sont-elles horribles ou majestueuses&nbsp;? Les \u00e9oliennes sont dans l\u2019air du temps. Tout le monde en parle et chacun a son avis sur le sujet. Afin de mieux comprendre l\u2019opinion publique sur ce sujet, la R\u00e9gion wallonne a ordonn\u00e9 il y a quelques ann\u00e9es, une \u00e9tude sur l\u2019acceptation sociale des \u00e9oliennes (Aerograf 2005). Celle-ci fut conduite aupr\u00e8s de 250 riverains de trois parcs wallons.<\/p>\n\n\n\n<p>Il en ressort qu\u2019une large majorit\u00e9 (72%) des personnes interrog\u00e9es n\u2019ont pas per\u00e7u de changement dans leur vie quotidienne. Deux minorit\u00e9s estiment que les \u00e9oliennes ont un impact sur leur vie de tous les jours&nbsp;:<\/p>\n\n\n\n<p>soit \u00ab tr\u00e8s n\u00e9gatif \u00bb, soit \u00ab tr\u00e8s positif \u00bb. Mais pour la plupart des riverains, elles font d\u00e9sormais partie du paysage \u2013 ni plus, ni moins.<\/p>\n\n\n\n<p>Voici quelques citations pour illustrer cet \u00e9tat d\u2019esprit majoritaire&nbsp;: \u00ab&nbsp;<em>Avec le temps, \u00e7a ne d\u00e9range pas&nbsp;\u00bb&nbsp;; \u00ab&nbsp;Au d\u00e9but, \u00e7a impressionne un peu mais on s\u2019y habitue facilement&nbsp;\u00bb&nbsp;; \u00ab&nbsp;On fait parfois une balade jusque-l\u00e0&nbsp;\u00bb&nbsp;ou encore \u00ab&nbsp;Mes enfants aiment bien les regarder&nbsp;\u00bb, \u2026<\/em><\/p>\n\n\n\n<p>Durant la phase de projet, les r\u00e9actions des habitants d\u00e9pendent fortement de leur connaissance r\u00e9elle du projet et de leur implication dans le processus de concertation. Les personnes qui s\u2019en tiennent aux rumeurs (\u00ab on dit que\u2026 \u00bb) expriment g\u00e9n\u00e9ralement une vive inqui\u00e9tude voire un rejet par principe. Mieux, il apparait que le fait d&rsquo;ouvrir la participation citoyenne au projet \u00e9olien accroit fortement l&rsquo;acceptation locale des \u00e9oliennes. c&rsquo;est du moins une des pistes mises en \u00e9vidence par <a href=\"http:\/\/www.belspo.be\/belspo\/ssd\/science\/Reports\/LACSAWEP_resum_fr.pdf\">une \u00e9tude de la KUL sur les capacit\u00e9s d&rsquo;acceptation de projets \u00e9oliens.<\/a><\/p>\n\n\n\n<p>A l\u2019inverse, les personnes qui s\u2019informent aupr\u00e8s des autorit\u00e9s comp\u00e9tentes (r\u00e9unions d\u2019information, enqu\u00eate publique) comprennent le projet, \u00e9valuent les impacts possibles sur leur cadre de vie, proposent \u00e9ventuellement des adaptations et sont g\u00e9n\u00e9ralement satisfaites de la r\u00e9alisation du parc \u00e9olien. L\u2019\u00e9tude montre ainsi que 62 % des personnes interrog\u00e9es sont pr\u00eates \u00e0 accueillir une \u00e9olienne \u00e0 moins de 1.000 m\u00e8tres de leur habitation.<\/p>\n\n\n\n<p><strong>Quelles mesures en Wallonie&nbsp;?<\/strong><\/p>\n\n\n\n<p>Comme expliqu\u00e9 ci-dessus, une bonne information (souvent au travers de l\u2019\u00e9tude d\u2019incidences environnementales) est importante pour balayer les doutes. Mais en amont, aussi, les communes ont, avec le temps, appris \u00e0 anticiper les probl\u00e8mes. Et, avant elles, la R\u00e9gion wallonne, qui a pris une s\u00e9rie de mesures contraignantes, notamment en termes de respect du paysage. Ce sont ainsi plusieurs balises claires qui ont \u00e9t\u00e9 d\u00e9finies&nbsp;:<\/p>\n\n\n\n<ol class=\"wp-block-list\" type=\"1\">\n<li>Un bureau d\u2019\u00e9tude (ind\u00e9pendant et agr\u00e9\u00e9 par la R\u00e9gion wallonne) doit analyser les incidences sur la faune, la flore et le cadre de vie des riverains dans une \u00e9tude d\u2019incidences et proposer des alternatives lorsque les incidences sont jug\u00e9es trop \u00e9lev\u00e9es.<\/li>\n\n\n\n<li>Le contenu de l\u2019\u00e9tude d\u2019incidences est ensuite contr\u00f4l\u00e9 par les P\u00f4les environnement et am\u00e9nagement du territoire du Conseil \u00e9conomique, social et environnemental de Wallonie.<\/li>\n\n\n\n<li>L\u2019avis et les remarques de la population sont officiellement sollicit\u00e9s \u00e0 deux reprises&nbsp;: avant l\u2019introduction du permis et pendant la proc\u00e9dure d\u2019instruction. Les riverains les plus proches du parc sont d\u2019ailleurs en droit de demander des analyses paysag\u00e8res compl\u00e9mentaires afin de pr\u00e9-visualiser les effets visuels des \u00e9oliennes depuis leur habitation.<\/li>\n<\/ol>\n\n\n\n<ul class=\"wp-block-list\">\n<li>Apr\u00e8s l\u2019introduction du permis, l\u2019impact sur l\u2019environnement est ensuite analys\u00e9 par le Service Public de Wallonie TLPE (Territoire, Logement, Patrimoine et Energie). L\u2019avis que cette instance publique remet prend en consid\u00e9ration plus de 30 crit\u00e8res d\u2019appr\u00e9ciation, dont une distance minimale \u00e0 respecter par rapport aux habitations.<\/li>\n<\/ul>\n\n\n\n<ul class=\"wp-block-list\">\n<li>En r\u00e8gle g\u00e9n\u00e9rale, l\u2019avis motiv\u00e9 d\u2019autres organismes est syst\u00e9matiquement sollicit\u00e9. Parmi ceux-ci, la Commission Royale des Monuments, Sites et Fouilles, le D\u00e9partement de la Nature et des For\u00eats pour l\u2019int\u00e9gration avec les zones naturelles prot\u00e9g\u00e9es, le SPW Mobilit\u00e9 et Infrastructures &nbsp;pour l\u2019int\u00e9gration avec le r\u00e9seau routier, les Gestionnaires des r\u00e9seaux de transport et de distribution pour la s\u00e9curit\u00e9 et l\u2019int\u00e9gration au r\u00e9seau \u00e9lectrique la Direction G\u00e9n\u00e9rale du Transport A\u00e9rien du SPF Mobilit\u00e9 et Transports, Skeyes pour l&rsquo;int\u00e9gration avec l\u2019aviation civile, la D\u00e9fense, etc.<\/li>\n<\/ul>\n\n\n\n<ul class=\"wp-block-list\">\n<li>Enfin, se basant sur un cadre de r\u00e9f\u00e9rence r\u00e9glementaire ainsi que sur les avis des riverains et des organismes consultatifs, les fonctionnaires techniques et d\u00e9l\u00e9gu\u00e9s des administrations externes du Service Public de Wallonie Agriculture, Ressources naturelles et Environnement statuent sur la qualit\u00e9 de l\u2019int\u00e9gration paysag\u00e8re du projet et sur l\u2019octroi ou le refus du permis.<\/li>\n<\/ul>\n\n\n\n<p><strong>Quels sont les principes qui guident ces diff\u00e9rents organismes \u00e0 appr\u00e9cier le projet&nbsp;?<\/strong><\/p>\n\n\n\n<p>La Wallonie pos\u00e9 comme fil rouge une int\u00e9gration paysag\u00e8re harmonieuse des \u00e9oliennes dans le paysage. Concr\u00e8tement, cela se traduit par trois principes :<\/p>\n\n\n\n<p>Regroupement : les parcs se composant d\u2019un minimum de 5 \u00e9oliennes sont privil\u00e9gi\u00e9s, pour \u00e9viter l\u2019occupation de l\u2019espace rural par un certain nombre d\u2019\u00e9oliennes isol\u00e9es et donner alors une impression peu harmonieuse.<\/p>\n\n\n\n<p>Limitation de la covisibilit\u00e9 : la pr\u00e9sence de deux ou plusieurs parcs \u00e9oliens dans un m\u00eame champ de vision est li\u00e9e \u00e0 l\u2019interdistance entre parcs \u00e9oliens et d\u00e9pend de diff\u00e9rents param\u00e8tres tels que la topographie des lieux, la hauteur des \u00e9oliennes ou la v\u00e9g\u00e9tation existante. Lorsque cette interdistance est trop limit\u00e9e, elle peut entra\u00eener une impression d\u2019encerclement ou de saturation visuelle. Et ne sera donc g\u00e9n\u00e9ralement pas accept\u00e9e.<\/p>\n\n\n\n<p>Coh\u00e9rence paysag\u00e8re : Enfin, la disposition et l\u2019agencement des parcs \u00e9oliens doit mettre en valeur les caract\u00e9ristiques du paysage et souligner ses lignes de force. Par \u00ab lignes de force \u00bb on entend \u00ab les lignes d\u2019origine naturelle ou artificielle mettant en \u00e9vidence la structure g\u00e9n\u00e9rale du paysage et servant de guide pour le regard&nbsp;\u00bb. En r\u00e9sum\u00e9, le paysage doit rester agr\u00e9able au regard\u2026du plus grand nombre. Car la beaut\u00e9, cela restera toujours\u2026du subjectif.<\/p>\n","protected":false},"excerpt":{"rendered":"<p>Ces derni\u00e8res ann\u00e9es, le nombre de projets \u00e9oliens a fortement augment\u00e9 en Wallonie. Certaines communes sont parfois sollicit\u00e9es pour deux voire trois projets sur leur territoire. Cela ne veut pas pour autant dire que tous ces projets seront accept\u00e9s. Loin s\u2019en faut. A commencer par le fait que, oui, cela a un impact sur le paysage. Mais dans quelle mesure et, surtout, qu\u2019est-ce qui a \u00e9t\u00e9 mis en place pour \u00e9viter les d\u00e9rives&nbsp;? C\u2019est sur ce point que nous nous sommes pench\u00e9s. Quel impact r\u00e9el&nbsp;? Sont-elles horribles ou majestueuses&nbsp;? Les \u00e9oliennes sont dans l\u2019air du temps. Tout le monde en parle et chacun a son avis sur le sujet. Afin de mieux comprendre l\u2019opinion publique sur ce sujet, la R\u00e9gion wallonne a ordonn\u00e9 il y a quelques ann\u00e9es, une \u00e9tude sur l\u2019acceptation sociale des \u00e9oliennes (Aerograf 2005). Celle-ci fut conduite aupr\u00e8s de 250 riverains de trois parcs wallons. Il en ressort qu\u2019une large majorit\u00e9 (72%) des personnes interrog\u00e9es n\u2019ont pas per\u00e7u de changement dans leur vie quotidienne. Deux minorit\u00e9s estiment que les \u00e9oliennes ont un impact sur leur vie de tous les jours&nbsp;: soit \u00ab tr\u00e8s n\u00e9gatif \u00bb, soit \u00ab tr\u00e8s positif \u00bb. Mais pour la plupart des riverains, elles font d\u00e9sormais partie du paysage \u2013 ni plus, ni moins. Voici quelques citations pour illustrer cet \u00e9tat d\u2019esprit majoritaire&nbsp;: \u00ab&nbsp;Avec le temps, \u00e7a ne d\u00e9range pas&nbsp;\u00bb&nbsp;; \u00ab&nbsp;Au d\u00e9but, \u00e7a impressionne un peu mais on s\u2019y habitue facilement&nbsp;\u00bb&nbsp;; \u00ab&nbsp;On fait parfois une balade jusque-l\u00e0&nbsp;\u00bb&nbsp;ou encore \u00ab&nbsp;Mes enfants aiment bien les regarder&nbsp;\u00bb, \u2026 Durant la phase de projet, les r\u00e9actions des habitants d\u00e9pendent fortement de leur connaissance r\u00e9elle du projet et de leur implication dans le processus de concertation. Les personnes qui s\u2019en tiennent aux rumeurs (\u00ab on dit que\u2026 \u00bb) expriment &hellip; <a href=\"https:\/\/www.renouvelle.be\/fr\/les-eoliennes-dans-le-paysage-cest-joli-ou-du-gachis\/\" class=\"more-link\">Continue reading<span class=\"screen-reader-text\"> \u00ab\u00a0Les Eoliennes dans le paysage : \u00ab\u00a0C&rsquo;est joli\u00a0\u00bb ou \u00ab\u00a0Du g\u00e2chis\u00a0\u00bb ?\u00a0\u00bb<\/span><\/a><\/p>\n","protected":false},"author":32,"featured_media":5963,"comment_status":"closed","ping_status":"closed","sticky":false,"template":"","format":"standard","meta":{"_acf_changed":false,"footnotes":""},"categories":[21],"tags":[],"section":[6],"class_list":["post-9340","post","type-post","status-publish","format-standard","has-post-thumbnail","hentry","category-debats","section-eolien"],"acf":[],"yoast_head":"<!-- This site is optimized with the Yoast SEO plugin v27.4 - https:\/\/yoast.com\/product\/yoast-seo-wordpress\/ -->\n<title>Les Eoliennes dans le paysage : &quot;C&#039;est joli&quot; ou &quot;Du g\u00e2chis&quot; ? - Renouvelle<\/title>\n<meta name=\"description\" content=\"Quel est l&#039;impact ressenti des \u00e9oliennes sur le paysage ?\" \/>\n<meta name=\"robots\" content=\"index, follow, max-snippet:-1, max-image-preview:large, max-video-preview:-1\" \/>\n<link rel=\"canonical\" href=\"https:\/\/www.renouvelle.be\/fr\/les-eoliennes-dans-le-paysage-cest-joli-ou-du-gachis\/\" \/>\n<meta property=\"og:locale\" content=\"fr_FR\" \/>\n<meta property=\"og:type\" content=\"article\" \/>\n<meta property=\"og:title\" content=\"Les Eoliennes dans le paysage : &quot;C&#039;est joli&quot; ou &quot;Du g\u00e2chis&quot; ? - Renouvelle\" \/>\n<meta property=\"og:description\" content=\"Quel est l&#039;impact ressenti des \u00e9oliennes sur le paysage ?\" \/>\n<meta property=\"og:url\" content=\"https:\/\/www.renouvelle.be\/fr\/les-eoliennes-dans-le-paysage-cest-joli-ou-du-gachis\/\" \/>\n<meta property=\"og:site_name\" content=\"Renouvelle\" \/>\n<meta property=\"article:published_time\" content=\"2023-05-01T06:00:00+00:00\" \/>\n<meta property=\"og:image\" content=\"https:\/\/www.renouvelle.be\/wp-content\/uploads\/2021\/03\/eolien.jpg\" \/>\n\t<meta property=\"og:image:width\" content=\"700\" \/>\n\t<meta property=\"og:image:height\" content=\"407\" \/>\n\t<meta property=\"og:image:type\" content=\"image\/jpeg\" \/>\n<meta name=\"author\" content=\"Philippe Limbourg\" \/>\n<meta name=\"twitter:card\" content=\"summary_large_image\" \/>\n<script type=\"application\/ld+json\" class=\"yoast-schema-graph\">{\"@context\":\"https:\\\/\\\/schema.org\",\"@graph\":[{\"@type\":\"Article\",\"@id\":\"https:\\\/\\\/www.renouvelle.be\\\/fr\\\/les-eoliennes-dans-le-paysage-cest-joli-ou-du-gachis\\\/#article\",\"isPartOf\":{\"@id\":\"https:\\\/\\\/www.renouvelle.be\\\/fr\\\/les-eoliennes-dans-le-paysage-cest-joli-ou-du-gachis\\\/\"},\"author\":{\"name\":\"Philippe Limbourg\",\"@id\":\"https:\\\/\\\/www.renouvelle.be\\\/fr\\\/#\\\/schema\\\/person\\\/980400dfd457d76423b6766ad2146490\"},\"headline\":\"Les Eoliennes dans le paysage : \u00ab\u00a0C&rsquo;est joli\u00a0\u00bb ou \u00ab\u00a0Du g\u00e2chis\u00a0\u00bb ?\",\"datePublished\":\"2023-05-01T06:00:00+00:00\",\"mainEntityOfPage\":{\"@id\":\"https:\\\/\\\/www.renouvelle.be\\\/fr\\\/les-eoliennes-dans-le-paysage-cest-joli-ou-du-gachis\\\/\"},\"wordCount\":1152,\"image\":{\"@id\":\"https:\\\/\\\/www.renouvelle.be\\\/fr\\\/les-eoliennes-dans-le-paysage-cest-joli-ou-du-gachis\\\/#primaryimage\"},\"thumbnailUrl\":\"https:\\\/\\\/www.renouvelle.be\\\/wp-content\\\/uploads\\\/2021\\\/03\\\/eolien.jpg\",\"articleSection\":[\"D\u00e9bats\"],\"inLanguage\":\"fr-FR\"},{\"@type\":\"WebPage\",\"@id\":\"https:\\\/\\\/www.renouvelle.be\\\/fr\\\/les-eoliennes-dans-le-paysage-cest-joli-ou-du-gachis\\\/\",\"url\":\"https:\\\/\\\/www.renouvelle.be\\\/fr\\\/les-eoliennes-dans-le-paysage-cest-joli-ou-du-gachis\\\/\",\"name\":\"Les Eoliennes dans le paysage : \\\"C'est joli\\\" ou \\\"Du g\u00e2chis\\\" ? - Renouvelle\",\"isPartOf\":{\"@id\":\"https:\\\/\\\/www.renouvelle.be\\\/fr\\\/#website\"},\"primaryImageOfPage\":{\"@id\":\"https:\\\/\\\/www.renouvelle.be\\\/fr\\\/les-eoliennes-dans-le-paysage-cest-joli-ou-du-gachis\\\/#primaryimage\"},\"image\":{\"@id\":\"https:\\\/\\\/www.renouvelle.be\\\/fr\\\/les-eoliennes-dans-le-paysage-cest-joli-ou-du-gachis\\\/#primaryimage\"},\"thumbnailUrl\":\"https:\\\/\\\/www.renouvelle.be\\\/wp-content\\\/uploads\\\/2021\\\/03\\\/eolien.jpg\",\"datePublished\":\"2023-05-01T06:00:00+00:00\",\"author\":{\"@id\":\"https:\\\/\\\/www.renouvelle.be\\\/fr\\\/#\\\/schema\\\/person\\\/980400dfd457d76423b6766ad2146490\"},\"description\":\"Quel est l'impact ressenti des \u00e9oliennes sur le paysage ?\",\"breadcrumb\":{\"@id\":\"https:\\\/\\\/www.renouvelle.be\\\/fr\\\/les-eoliennes-dans-le-paysage-cest-joli-ou-du-gachis\\\/#breadcrumb\"},\"inLanguage\":\"fr-FR\",\"potentialAction\":[{\"@type\":\"ReadAction\",\"target\":[\"https:\\\/\\\/www.renouvelle.be\\\/fr\\\/les-eoliennes-dans-le-paysage-cest-joli-ou-du-gachis\\\/\"]}]},{\"@type\":\"ImageObject\",\"inLanguage\":\"fr-FR\",\"@id\":\"https:\\\/\\\/www.renouvelle.be\\\/fr\\\/les-eoliennes-dans-le-paysage-cest-joli-ou-du-gachis\\\/#primaryimage\",\"url\":\"https:\\\/\\\/www.renouvelle.be\\\/wp-content\\\/uploads\\\/2021\\\/03\\\/eolien.jpg\",\"contentUrl\":\"https:\\\/\\\/www.renouvelle.be\\\/wp-content\\\/uploads\\\/2021\\\/03\\\/eolien.jpg\",\"width\":700,\"height\":407},{\"@type\":\"BreadcrumbList\",\"@id\":\"https:\\\/\\\/www.renouvelle.be\\\/fr\\\/les-eoliennes-dans-le-paysage-cest-joli-ou-du-gachis\\\/#breadcrumb\",\"itemListElement\":[{\"@type\":\"ListItem\",\"position\":1,\"name\":\"Accueil\",\"item\":\"https:\\\/\\\/www.renouvelle.be\\\/fr\\\/\"},{\"@type\":\"ListItem\",\"position\":2,\"name\":\"Les Eoliennes dans le paysage : \u00ab\u00a0C&rsquo;est joli\u00a0\u00bb ou \u00ab\u00a0Du g\u00e2chis\u00a0\u00bb ?\"}]},{\"@type\":\"WebSite\",\"@id\":\"https:\\\/\\\/www.renouvelle.be\\\/fr\\\/#website\",\"url\":\"https:\\\/\\\/www.renouvelle.be\\\/fr\\\/\",\"name\":\"Renouvelle\",\"description\":\"L&#039;actualit\u00e9 de l&#039;\u00e9nergie durable\",\"potentialAction\":[{\"@type\":\"SearchAction\",\"target\":{\"@type\":\"EntryPoint\",\"urlTemplate\":\"https:\\\/\\\/www.renouvelle.be\\\/fr\\\/?s={search_term_string}\"},\"query-input\":{\"@type\":\"PropertyValueSpecification\",\"valueRequired\":true,\"valueName\":\"search_term_string\"}}],\"inLanguage\":\"fr-FR\"},{\"@type\":\"Person\",\"@id\":\"https:\\\/\\\/www.renouvelle.be\\\/fr\\\/#\\\/schema\\\/person\\\/980400dfd457d76423b6766ad2146490\",\"name\":\"Philippe Limbourg\",\"url\":\"https:\\\/\\\/www.renouvelle.be\\\/fr\\\/author\\\/philippe-limbourg\\\/\"}]}<\/script>\n<!-- \/ Yoast SEO plugin. -->","yoast_head_json":{"title":"Les Eoliennes dans le paysage : \"C'est joli\" ou \"Du g\u00e2chis\" ? - Renouvelle","description":"Quel est l'impact ressenti des \u00e9oliennes sur le paysage ?","robots":{"index":"index","follow":"follow","max-snippet":"max-snippet:-1","max-image-preview":"max-image-preview:large","max-video-preview":"max-video-preview:-1"},"canonical":"https:\/\/www.renouvelle.be\/fr\/les-eoliennes-dans-le-paysage-cest-joli-ou-du-gachis\/","og_locale":"fr_FR","og_type":"article","og_title":"Les Eoliennes dans le paysage : \"C'est joli\" ou \"Du g\u00e2chis\" ? - Renouvelle","og_description":"Quel est l'impact ressenti des \u00e9oliennes sur le paysage ?","og_url":"https:\/\/www.renouvelle.be\/fr\/les-eoliennes-dans-le-paysage-cest-joli-ou-du-gachis\/","og_site_name":"Renouvelle","article_published_time":"2023-05-01T06:00:00+00:00","og_image":[{"width":700,"height":407,"url":"https:\/\/www.renouvelle.be\/wp-content\/uploads\/2021\/03\/eolien.jpg","type":"image\/jpeg"}],"author":"Philippe Limbourg","twitter_card":"summary_large_image","schema":{"@context":"https:\/\/schema.org","@graph":[{"@type":"Article","@id":"https:\/\/www.renouvelle.be\/fr\/les-eoliennes-dans-le-paysage-cest-joli-ou-du-gachis\/#article","isPartOf":{"@id":"https:\/\/www.renouvelle.be\/fr\/les-eoliennes-dans-le-paysage-cest-joli-ou-du-gachis\/"},"author":{"name":"Philippe Limbourg","@id":"https:\/\/www.renouvelle.be\/fr\/#\/schema\/person\/980400dfd457d76423b6766ad2146490"},"headline":"Les Eoliennes dans le paysage : \u00ab\u00a0C&rsquo;est joli\u00a0\u00bb ou \u00ab\u00a0Du g\u00e2chis\u00a0\u00bb ?","datePublished":"2023-05-01T06:00:00+00:00","mainEntityOfPage":{"@id":"https:\/\/www.renouvelle.be\/fr\/les-eoliennes-dans-le-paysage-cest-joli-ou-du-gachis\/"},"wordCount":1152,"image":{"@id":"https:\/\/www.renouvelle.be\/fr\/les-eoliennes-dans-le-paysage-cest-joli-ou-du-gachis\/#primaryimage"},"thumbnailUrl":"https:\/\/www.renouvelle.be\/wp-content\/uploads\/2021\/03\/eolien.jpg","articleSection":["D\u00e9bats"],"inLanguage":"fr-FR"},{"@type":"WebPage","@id":"https:\/\/www.renouvelle.be\/fr\/les-eoliennes-dans-le-paysage-cest-joli-ou-du-gachis\/","url":"https:\/\/www.renouvelle.be\/fr\/les-eoliennes-dans-le-paysage-cest-joli-ou-du-gachis\/","name":"Les Eoliennes dans le paysage : \"C'est joli\" ou \"Du g\u00e2chis\" ? - Renouvelle","isPartOf":{"@id":"https:\/\/www.renouvelle.be\/fr\/#website"},"primaryImageOfPage":{"@id":"https:\/\/www.renouvelle.be\/fr\/les-eoliennes-dans-le-paysage-cest-joli-ou-du-gachis\/#primaryimage"},"image":{"@id":"https:\/\/www.renouvelle.be\/fr\/les-eoliennes-dans-le-paysage-cest-joli-ou-du-gachis\/#primaryimage"},"thumbnailUrl":"https:\/\/www.renouvelle.be\/wp-content\/uploads\/2021\/03\/eolien.jpg","datePublished":"2023-05-01T06:00:00+00:00","author":{"@id":"https:\/\/www.renouvelle.be\/fr\/#\/schema\/person\/980400dfd457d76423b6766ad2146490"},"description":"Quel est l'impact ressenti des \u00e9oliennes sur le paysage ?","breadcrumb":{"@id":"https:\/\/www.renouvelle.be\/fr\/les-eoliennes-dans-le-paysage-cest-joli-ou-du-gachis\/#breadcrumb"},"inLanguage":"fr-FR","potentialAction":[{"@type":"ReadAction","target":["https:\/\/www.renouvelle.be\/fr\/les-eoliennes-dans-le-paysage-cest-joli-ou-du-gachis\/"]}]},{"@type":"ImageObject","inLanguage":"fr-FR","@id":"https:\/\/www.renouvelle.be\/fr\/les-eoliennes-dans-le-paysage-cest-joli-ou-du-gachis\/#primaryimage","url":"https:\/\/www.renouvelle.be\/wp-content\/uploads\/2021\/03\/eolien.jpg","contentUrl":"https:\/\/www.renouvelle.be\/wp-content\/uploads\/2021\/03\/eolien.jpg","width":700,"height":407},{"@type":"BreadcrumbList","@id":"https:\/\/www.renouvelle.be\/fr\/les-eoliennes-dans-le-paysage-cest-joli-ou-du-gachis\/#breadcrumb","itemListElement":[{"@type":"ListItem","position":1,"name":"Accueil","item":"https:\/\/www.renouvelle.be\/fr\/"},{"@type":"ListItem","position":2,"name":"Les Eoliennes dans le paysage : \u00ab\u00a0C&rsquo;est joli\u00a0\u00bb ou \u00ab\u00a0Du g\u00e2chis\u00a0\u00bb ?"}]},{"@type":"WebSite","@id":"https:\/\/www.renouvelle.be\/fr\/#website","url":"https:\/\/www.renouvelle.be\/fr\/","name":"Renouvelle","description":"L&#039;actualit\u00e9 de l&#039;\u00e9nergie durable","potentialAction":[{"@type":"SearchAction","target":{"@type":"EntryPoint","urlTemplate":"https:\/\/www.renouvelle.be\/fr\/?s={search_term_string}"},"query-input":{"@type":"PropertyValueSpecification","valueRequired":true,"valueName":"search_term_string"}}],"inLanguage":"fr-FR"},{"@type":"Person","@id":"https:\/\/www.renouvelle.be\/fr\/#\/schema\/person\/980400dfd457d76423b6766ad2146490","name":"Philippe Limbourg","url":"https:\/\/www.renouvelle.be\/fr\/author\/philippe-limbourg\/"}]}},"_links":{"self":[{"href":"https:\/\/www.renouvelle.be\/fr\/wp-json\/wp\/v2\/posts\/9340","targetHints":{"allow":["GET"]}}],"collection":[{"href":"https:\/\/www.renouvelle.be\/fr\/wp-json\/wp\/v2\/posts"}],"about":[{"href":"https:\/\/www.renouvelle.be\/fr\/wp-json\/wp\/v2\/types\/post"}],"author":[{"embeddable":true,"href":"https:\/\/www.renouvelle.be\/fr\/wp-json\/wp\/v2\/users\/32"}],"replies":[{"embeddable":true,"href":"https:\/\/www.renouvelle.be\/fr\/wp-json\/wp\/v2\/comments?post=9340"}],"version-history":[{"count":2,"href":"https:\/\/www.renouvelle.be\/fr\/wp-json\/wp\/v2\/posts\/9340\/revisions"}],"predecessor-version":[{"id":9342,"href":"https:\/\/www.renouvelle.be\/fr\/wp-json\/wp\/v2\/posts\/9340\/revisions\/9342"}],"wp:featuredmedia":[{"embeddable":true,"href":"https:\/\/www.renouvelle.be\/fr\/wp-json\/wp\/v2\/media\/5963"}],"wp:attachment":[{"href":"https:\/\/www.renouvelle.be\/fr\/wp-json\/wp\/v2\/media?parent=9340"}],"wp:term":[{"taxonomy":"category","embeddable":true,"href":"https:\/\/www.renouvelle.be\/fr\/wp-json\/wp\/v2\/categories?post=9340"},{"taxonomy":"post_tag","embeddable":true,"href":"https:\/\/www.renouvelle.be\/fr\/wp-json\/wp\/v2\/tags?post=9340"},{"taxonomy":"section","embeddable":true,"href":"https:\/\/www.renouvelle.be\/fr\/wp-json\/wp\/v2\/section?post=9340"}],"curies":[{"name":"wp","href":"https:\/\/api.w.org\/{rel}","templated":true}]}}