{"id":9336,"date":"2023-04-26T09:08:00","date_gmt":"2023-04-26T07:08:00","guid":{"rendered":"https:\/\/www.renouvelle.be\/?p=9336"},"modified":"2023-05-02T21:59:14","modified_gmt":"2023-05-02T19:59:14","slug":"leolienne-et-la-reduction-des-emissions-de-c02-ami-ou-ennemi","status":"publish","type":"post","link":"https:\/\/www.renouvelle.be\/fr\/leolienne-et-la-reduction-des-emissions-de-c02-ami-ou-ennemi\/","title":{"rendered":"L\u2019\u00e9olienne et la r\u00e9duction des \u00e9missions de C02: ami ou ennemi ?"},"content":{"rendered":"\n<p>On le sait et on le r\u00e9p\u00e8te \u00e0 longueur de temps, l\u2019objectif de tout qui veut pr\u00e9server la plan\u00e8te est d\u2019optimiser le bilan carbone et donc, en grande partie, de r\u00e9duire les \u00e9missions de C0<sup>2<\/sup>. Si les \u00e9oliennes font partie des \u00e9l\u00e9ments de solutions de production d \u2018\u00e9nergie d\u00e9carbon\u00e9e, peut-on pour autant dire qu\u2019elles sont, elles-m\u00eames, neutres en carbone et qu\u2019elles contribuent effectivement \u00e0 une r\u00e9duction des \u00e9missions de C0<sup>2 <\/sup>de mani\u00e8re absolue&nbsp;? C\u2019est la question \u00e0 laquelle nous allons tenter de r\u00e9pondre ci-dessous.<\/p>\n\n\n\n<p><strong>Tout prendre en compte<\/strong><\/p>\n\n\n\n<p>Il faut d\u2019abord savoir que cette empreinte carbone va varier en fonction de plusieurs facteurs, notamment la taille de l&rsquo;\u00e9olienne, la dur\u00e9e de vie de l&rsquo;\u00e9quipement, la source d&rsquo;\u00e9nergie utilis\u00e9e pour produire les composants de l&rsquo;\u00e9olienne et le pays o\u00f9 elle est produite. Pour analyser cette empreinte, on devra donc analyser ces \u00e9l\u00e9ments cl\u00e9s.<\/p>\n\n\n\n<p><strong>La fabrication, principale \u00e9mettrice de C0<sup>2<\/sup>.<\/strong><\/p>\n\n\n\n<p>La fabrication des composants de l&rsquo;\u00e9olienne est souvent l&rsquo;\u00e9tape la plus \u00e9mettrice de C0<sup>2 <\/sup>dans le cycle de vie de l&rsquo;\u00e9olienne. On parle en g\u00e9n\u00e9ral de 65 % de ses \u00e9missions globales. Les principales composantes d&rsquo;une \u00e9olienne comprennent le rotor, le g\u00e9n\u00e9rateur, le m\u00e2t, la nacelle et les pales. La production de ces composants n\u00e9cessite l&rsquo;utilisation d&rsquo;\u00e9nergie et de mat\u00e9riaux, qui \u00e9mettent du C0<sup>2 <\/sup>tout au long du processus de fabrication.<\/p>\n\n\n\n<p>Une \u00e9tude men\u00e9e il y a quelques ann\u00e9es par l&rsquo;Agence internationale de l&rsquo;\u00e9nergie (AIE) a estim\u00e9 que les \u00e9missions de C0<sup>2 <\/sup>moyennes pour la production d&rsquo;une \u00e9olienne de 2 MW \u00e9taient d&rsquo;environ 14 tonnes en Europe et d&rsquo;environ 20 tonnes en Chine. Cette diff\u00e9rence provenant tant de l\u2019\u00e9nergie fossile qui est plus importante en Chine qu\u2019en Europe dans les proc\u00e9d\u00e9s de fabrication que de la gestion des d\u00e9chets qui est, \u00e0 ce jour encore, beaucoup plus optimis\u00e9e et durable en Europe.<\/p>\n\n\n\n<p><strong>Apr\u00e8s la fabrication, le transport, la vie et puis\u2026 la fin de vie<\/strong><\/p>\n\n\n\n<p>Le transport et l&rsquo;installation des \u00e9oliennes peuvent \u00e9galement avoir un impact significatif sur l&#8217;empreinte carbone de l&rsquo;\u00e9olienne. Les \u00e9oliennes sont souvent produites dans des endroits \u00e9loign\u00e9s et doivent \u00eatre transport\u00e9es par camion ou par bateau vers le site d&rsquo;installation. Le transport g\u00e9n\u00e8re des \u00e9missions de C0<sup>2<\/sup>, notamment \u00e0 partir de la combustion de carburants fossiles. De plus, l&rsquo;installation d&rsquo;une \u00e9olienne n\u00e9cessite souvent l&rsquo;utilisation de machines lourdes et d&rsquo;\u00e9quipements de levage, qui consomment de l&rsquo;\u00e9nergie et g\u00e9n\u00e8rent eux aussi des \u00e9missions de C0<sup>2<\/sup>. Ces \u00e9l\u00e9ments, aussi, sont pris en compte dans le calcul ci-dessous. Enfin, \u00e0 la fin de sa vie utile (qui est pass\u00e9 de 15 ans \u00e0 pr\u00e8s de 30 ans aujourd\u2019hui), l&rsquo;\u00e9olienne doit \u00eatre d\u00e9mantel\u00e9e et \u00e9limin\u00e9e de mani\u00e8re appropri\u00e9e. Le d\u00e9mant\u00e8lement des \u00e9oliennes peut g\u00e9n\u00e9rer des \u00e9missions de C0<sup>2<\/sup>, notamment si les composants de l&rsquo;\u00e9olienne sont transport\u00e9s sur de longues distances pour \u00eatre recycl\u00e9s ou \u00e9limin\u00e9s.<\/p>\n\n\n\n<p><strong>En chiffres concrets, cela donne quoi ?<\/strong><\/p>\n\n\n\n<p>Malgr\u00e9 cette vari\u00e9t\u00e9 de param\u00e8tres, selon une \u00e9tude de l&rsquo;Agence internationale de l&rsquo;\u00e9nergie, les \u00e9oliennes terrestres ont une empreinte carbone moyenne de 11 \u00e0 12 grammes de CO<sup>2 <\/sup>\u00e9quivalent par kilowattheure sur leur dur\u00e9e de vie. Si l\u2019on compare cela \u00e0 l&#8217;empreinte carbone moyenne du gaz naturel qui est d&rsquo;environ 469 g CO<sup>2 <\/sup>&nbsp;\u00e9quivalent par kilowattheure, ou celle du charbon qui est d&rsquo;environ 1 kilo de CO<sup>2 <\/sup>, on a un bon ratio de r\u00e9f\u00e9rence\u2026de base. Et si l\u2019on prend en compte la dur\u00e9e de vie, on se rend compte que le bilan global est plus que positif.<\/p>\n\n\n\n<p><strong>Moins d\u2019un an pour \u00eatre neutre en CO<sup>2.<\/sup><\/strong><\/p>\n\n\n\n<p>Une \u00e9tude danoise a d\u00e9montr\u00e9 que les \u00e9oliennes danoises de 3 MW de type Vestas accumulent une dette \u00e9nerg\u00e9tique \u00e9quivalente \u00e0 4.304 MWh sur l&rsquo;ensemble de leur dur\u00e9e de vie (en tenant compte donc des param\u00e8tres de fabrication, de transport, d\u2019entretien et de d\u00e9mant\u00e8lement). Avec un gisement venteux comme en Wallonie, une telle \u00e9olienne produira ces 4.304 MWh en un peu moins de 8 mois. Elle remboursera donc sa dette en moins d&rsquo;un an.<\/p>\n\n\n\n<p><strong>Et le reste de sa vie pour pr\u00e9server\u2026la n\u00f4tre.<\/strong><\/p>\n\n\n\n<p>L\u2019\u00e9olienne ne se contente pas de rembourser sa dette, au cours de sa vie, elle fait bien plus. Une revue de la litt\u00e9rature portant sur 119 turbines analys\u00e9es dans quelque 50 \u00e9tudes a mis en \u00e9vidence un rapport entre l&rsquo;\u00e9nergie cumul\u00e9e totale produite par l&rsquo;\u00e9olienne et l&rsquo;\u00e9nergie primaire cumul\u00e9e n\u00e9cessaire pour son installation et son entretien. Et ce rapport serait de 1 \u00e0 25 en moyenne. En d&rsquo;autres mots, l&rsquo;\u00e9olienne produit en 20 ans, 25 fois plus d&rsquo;\u00e9nergie qu&rsquo;il n&rsquo;en a fallu pour la construire, l&rsquo;entretenir, etc. Et toute cette \u00e9nergie produite, c\u2019est tout cela qu\u2019il ne faut plus confier \u00e0 des modes de production \u00e9nerg\u00e9tiques moins\u2026verts.<\/p>\n","protected":false},"excerpt":{"rendered":"<p>On le sait et on le r\u00e9p\u00e8te \u00e0 longueur de temps, l\u2019objectif de tout qui veut pr\u00e9server la plan\u00e8te est d\u2019optimiser le bilan carbone et donc, en grande partie, de r\u00e9duire les \u00e9missions de C02. Si les \u00e9oliennes font partie des \u00e9l\u00e9ments de solutions de production d \u2018\u00e9nergie d\u00e9carbon\u00e9e, peut-on pour autant dire qu\u2019elles sont, elles-m\u00eames, neutres en carbone et qu\u2019elles contribuent effectivement \u00e0 une r\u00e9duction des \u00e9missions de C02 de mani\u00e8re absolue&nbsp;? C\u2019est la question \u00e0 laquelle nous allons tenter de r\u00e9pondre ci-dessous. Tout prendre en compte Il faut d\u2019abord savoir que cette empreinte carbone va varier en fonction de plusieurs facteurs, notamment la taille de l&rsquo;\u00e9olienne, la dur\u00e9e de vie de l&rsquo;\u00e9quipement, la source d&rsquo;\u00e9nergie utilis\u00e9e pour produire les composants de l&rsquo;\u00e9olienne et le pays o\u00f9 elle est produite. Pour analyser cette empreinte, on devra donc analyser ces \u00e9l\u00e9ments cl\u00e9s. La fabrication, principale \u00e9mettrice de C02. La fabrication des composants de l&rsquo;\u00e9olienne est souvent l&rsquo;\u00e9tape la plus \u00e9mettrice de C02 dans le cycle de vie de l&rsquo;\u00e9olienne. On parle en g\u00e9n\u00e9ral de 65 % de ses \u00e9missions globales. Les principales composantes d&rsquo;une \u00e9olienne comprennent le rotor, le g\u00e9n\u00e9rateur, le m\u00e2t, la nacelle et les pales. La production de ces composants n\u00e9cessite l&rsquo;utilisation d&rsquo;\u00e9nergie et de mat\u00e9riaux, qui \u00e9mettent du C02 tout au long du processus de fabrication. Une \u00e9tude men\u00e9e il y a quelques ann\u00e9es par l&rsquo;Agence internationale de l&rsquo;\u00e9nergie (AIE) a estim\u00e9 que les \u00e9missions de C02 moyennes pour la production d&rsquo;une \u00e9olienne de 2 MW \u00e9taient d&rsquo;environ 14 tonnes en Europe et d&rsquo;environ 20 tonnes en Chine. Cette diff\u00e9rence provenant tant de l\u2019\u00e9nergie fossile qui est plus importante en Chine qu\u2019en Europe dans les proc\u00e9d\u00e9s de fabrication que de la gestion des d\u00e9chets qui est, \u00e0 &hellip; <a href=\"https:\/\/www.renouvelle.be\/fr\/leolienne-et-la-reduction-des-emissions-de-c02-ami-ou-ennemi\/\" class=\"more-link\">Continue reading<span class=\"screen-reader-text\"> \u00ab\u00a0L\u2019\u00e9olienne et la r\u00e9duction des \u00e9missions de C02: ami ou ennemi ?\u00a0\u00bb<\/span><\/a><\/p>\n","protected":false},"author":32,"featured_media":6011,"comment_status":"closed","ping_status":"closed","sticky":false,"template":"","format":"standard","meta":{"_acf_changed":false,"footnotes":""},"categories":[20],"tags":[],"section":[8,6],"class_list":["post-9336","post","type-post","status-publish","format-standard","has-post-thumbnail","hentry","category-technologies","section-energie-renouvelables","section-eolien"],"acf":[],"yoast_head":"<!-- This site is optimized with the Yoast SEO plugin v27.4 - https:\/\/yoast.com\/product\/yoast-seo-wordpress\/ -->\n<title>L\u2019\u00e9olienne et la r\u00e9duction des \u00e9missions de C02: ami ou ennemi ? - Renouvelle<\/title>\n<meta name=\"description\" content=\"Les \u00e9oliennes sont elles neutres en carbone ?\" \/>\n<meta name=\"robots\" content=\"index, follow, max-snippet:-1, max-image-preview:large, max-video-preview:-1\" \/>\n<link rel=\"canonical\" href=\"https:\/\/www.renouvelle.be\/fr\/leolienne-et-la-reduction-des-emissions-de-c02-ami-ou-ennemi\/\" \/>\n<meta property=\"og:locale\" content=\"fr_FR\" \/>\n<meta property=\"og:type\" content=\"article\" \/>\n<meta property=\"og:title\" content=\"L\u2019\u00e9olienne et la r\u00e9duction des \u00e9missions de C02: ami ou ennemi ? - Renouvelle\" \/>\n<meta property=\"og:description\" content=\"Les \u00e9oliennes sont elles neutres en carbone ?\" \/>\n<meta property=\"og:url\" content=\"https:\/\/www.renouvelle.be\/fr\/leolienne-et-la-reduction-des-emissions-de-c02-ami-ou-ennemi\/\" \/>\n<meta property=\"og:site_name\" content=\"Renouvelle\" \/>\n<meta property=\"article:published_time\" content=\"2023-04-26T07:08:00+00:00\" \/>\n<meta property=\"article:modified_time\" content=\"2023-05-02T19:59:14+00:00\" \/>\n<meta property=\"og:image\" content=\"https:\/\/www.renouvelle.be\/wp-content\/uploads\/2021\/03\/eolien-ville2-scaled.jpg\" \/>\n\t<meta property=\"og:image:width\" content=\"2560\" \/>\n\t<meta property=\"og:image:height\" content=\"1506\" \/>\n\t<meta property=\"og:image:type\" content=\"image\/jpeg\" \/>\n<meta name=\"author\" content=\"Philippe Limbourg\" \/>\n<meta name=\"twitter:card\" content=\"summary_large_image\" \/>\n<script type=\"application\/ld+json\" class=\"yoast-schema-graph\">{\"@context\":\"https:\\\/\\\/schema.org\",\"@graph\":[{\"@type\":\"Article\",\"@id\":\"https:\\\/\\\/www.renouvelle.be\\\/fr\\\/leolienne-et-la-reduction-des-emissions-de-c02-ami-ou-ennemi\\\/#article\",\"isPartOf\":{\"@id\":\"https:\\\/\\\/www.renouvelle.be\\\/fr\\\/leolienne-et-la-reduction-des-emissions-de-c02-ami-ou-ennemi\\\/\"},\"author\":{\"name\":\"Philippe Limbourg\",\"@id\":\"https:\\\/\\\/www.renouvelle.be\\\/fr\\\/#\\\/schema\\\/person\\\/980400dfd457d76423b6766ad2146490\"},\"headline\":\"L\u2019\u00e9olienne et la r\u00e9duction des \u00e9missions de C02: ami ou ennemi ?\",\"datePublished\":\"2023-04-26T07:08:00+00:00\",\"dateModified\":\"2023-05-02T19:59:14+00:00\",\"mainEntityOfPage\":{\"@id\":\"https:\\\/\\\/www.renouvelle.be\\\/fr\\\/leolienne-et-la-reduction-des-emissions-de-c02-ami-ou-ennemi\\\/\"},\"wordCount\":878,\"image\":{\"@id\":\"https:\\\/\\\/www.renouvelle.be\\\/fr\\\/leolienne-et-la-reduction-des-emissions-de-c02-ami-ou-ennemi\\\/#primaryimage\"},\"thumbnailUrl\":\"https:\\\/\\\/www.renouvelle.be\\\/wp-content\\\/uploads\\\/2021\\\/03\\\/eolien-ville2-scaled.jpg\",\"articleSection\":[\"Technologies\"],\"inLanguage\":\"fr-FR\"},{\"@type\":\"WebPage\",\"@id\":\"https:\\\/\\\/www.renouvelle.be\\\/fr\\\/leolienne-et-la-reduction-des-emissions-de-c02-ami-ou-ennemi\\\/\",\"url\":\"https:\\\/\\\/www.renouvelle.be\\\/fr\\\/leolienne-et-la-reduction-des-emissions-de-c02-ami-ou-ennemi\\\/\",\"name\":\"L\u2019\u00e9olienne et la r\u00e9duction des \u00e9missions de C02: ami ou ennemi ? - Renouvelle\",\"isPartOf\":{\"@id\":\"https:\\\/\\\/www.renouvelle.be\\\/fr\\\/#website\"},\"primaryImageOfPage\":{\"@id\":\"https:\\\/\\\/www.renouvelle.be\\\/fr\\\/leolienne-et-la-reduction-des-emissions-de-c02-ami-ou-ennemi\\\/#primaryimage\"},\"image\":{\"@id\":\"https:\\\/\\\/www.renouvelle.be\\\/fr\\\/leolienne-et-la-reduction-des-emissions-de-c02-ami-ou-ennemi\\\/#primaryimage\"},\"thumbnailUrl\":\"https:\\\/\\\/www.renouvelle.be\\\/wp-content\\\/uploads\\\/2021\\\/03\\\/eolien-ville2-scaled.jpg\",\"datePublished\":\"2023-04-26T07:08:00+00:00\",\"dateModified\":\"2023-05-02T19:59:14+00:00\",\"author\":{\"@id\":\"https:\\\/\\\/www.renouvelle.be\\\/fr\\\/#\\\/schema\\\/person\\\/980400dfd457d76423b6766ad2146490\"},\"description\":\"Les \u00e9oliennes sont elles neutres en carbone ?\",\"breadcrumb\":{\"@id\":\"https:\\\/\\\/www.renouvelle.be\\\/fr\\\/leolienne-et-la-reduction-des-emissions-de-c02-ami-ou-ennemi\\\/#breadcrumb\"},\"inLanguage\":\"fr-FR\",\"potentialAction\":[{\"@type\":\"ReadAction\",\"target\":[\"https:\\\/\\\/www.renouvelle.be\\\/fr\\\/leolienne-et-la-reduction-des-emissions-de-c02-ami-ou-ennemi\\\/\"]}]},{\"@type\":\"ImageObject\",\"inLanguage\":\"fr-FR\",\"@id\":\"https:\\\/\\\/www.renouvelle.be\\\/fr\\\/leolienne-et-la-reduction-des-emissions-de-c02-ami-ou-ennemi\\\/#primaryimage\",\"url\":\"https:\\\/\\\/www.renouvelle.be\\\/wp-content\\\/uploads\\\/2021\\\/03\\\/eolien-ville2-scaled.jpg\",\"contentUrl\":\"https:\\\/\\\/www.renouvelle.be\\\/wp-content\\\/uploads\\\/2021\\\/03\\\/eolien-ville2-scaled.jpg\",\"width\":2560,\"height\":1506},{\"@type\":\"BreadcrumbList\",\"@id\":\"https:\\\/\\\/www.renouvelle.be\\\/fr\\\/leolienne-et-la-reduction-des-emissions-de-c02-ami-ou-ennemi\\\/#breadcrumb\",\"itemListElement\":[{\"@type\":\"ListItem\",\"position\":1,\"name\":\"Accueil\",\"item\":\"https:\\\/\\\/www.renouvelle.be\\\/fr\\\/\"},{\"@type\":\"ListItem\",\"position\":2,\"name\":\"L\u2019\u00e9olienne et la r\u00e9duction des \u00e9missions de C02: ami ou ennemi ?\"}]},{\"@type\":\"WebSite\",\"@id\":\"https:\\\/\\\/www.renouvelle.be\\\/fr\\\/#website\",\"url\":\"https:\\\/\\\/www.renouvelle.be\\\/fr\\\/\",\"name\":\"Renouvelle\",\"description\":\"L&#039;actualit\u00e9 de l&#039;\u00e9nergie durable\",\"potentialAction\":[{\"@type\":\"SearchAction\",\"target\":{\"@type\":\"EntryPoint\",\"urlTemplate\":\"https:\\\/\\\/www.renouvelle.be\\\/fr\\\/?s={search_term_string}\"},\"query-input\":{\"@type\":\"PropertyValueSpecification\",\"valueRequired\":true,\"valueName\":\"search_term_string\"}}],\"inLanguage\":\"fr-FR\"},{\"@type\":\"Person\",\"@id\":\"https:\\\/\\\/www.renouvelle.be\\\/fr\\\/#\\\/schema\\\/person\\\/980400dfd457d76423b6766ad2146490\",\"name\":\"Philippe Limbourg\",\"url\":\"https:\\\/\\\/www.renouvelle.be\\\/fr\\\/author\\\/philippe-limbourg\\\/\"}]}<\/script>\n<!-- \/ Yoast SEO plugin. -->","yoast_head_json":{"title":"L\u2019\u00e9olienne et la r\u00e9duction des \u00e9missions de C02: ami ou ennemi ? - Renouvelle","description":"Les \u00e9oliennes sont elles neutres en carbone ?","robots":{"index":"index","follow":"follow","max-snippet":"max-snippet:-1","max-image-preview":"max-image-preview:large","max-video-preview":"max-video-preview:-1"},"canonical":"https:\/\/www.renouvelle.be\/fr\/leolienne-et-la-reduction-des-emissions-de-c02-ami-ou-ennemi\/","og_locale":"fr_FR","og_type":"article","og_title":"L\u2019\u00e9olienne et la r\u00e9duction des \u00e9missions de C02: ami ou ennemi ? - Renouvelle","og_description":"Les \u00e9oliennes sont elles neutres en carbone ?","og_url":"https:\/\/www.renouvelle.be\/fr\/leolienne-et-la-reduction-des-emissions-de-c02-ami-ou-ennemi\/","og_site_name":"Renouvelle","article_published_time":"2023-04-26T07:08:00+00:00","article_modified_time":"2023-05-02T19:59:14+00:00","og_image":[{"width":2560,"height":1506,"url":"https:\/\/www.renouvelle.be\/wp-content\/uploads\/2021\/03\/eolien-ville2-scaled.jpg","type":"image\/jpeg"}],"author":"Philippe Limbourg","twitter_card":"summary_large_image","schema":{"@context":"https:\/\/schema.org","@graph":[{"@type":"Article","@id":"https:\/\/www.renouvelle.be\/fr\/leolienne-et-la-reduction-des-emissions-de-c02-ami-ou-ennemi\/#article","isPartOf":{"@id":"https:\/\/www.renouvelle.be\/fr\/leolienne-et-la-reduction-des-emissions-de-c02-ami-ou-ennemi\/"},"author":{"name":"Philippe Limbourg","@id":"https:\/\/www.renouvelle.be\/fr\/#\/schema\/person\/980400dfd457d76423b6766ad2146490"},"headline":"L\u2019\u00e9olienne et la r\u00e9duction des \u00e9missions de C02: ami ou ennemi ?","datePublished":"2023-04-26T07:08:00+00:00","dateModified":"2023-05-02T19:59:14+00:00","mainEntityOfPage":{"@id":"https:\/\/www.renouvelle.be\/fr\/leolienne-et-la-reduction-des-emissions-de-c02-ami-ou-ennemi\/"},"wordCount":878,"image":{"@id":"https:\/\/www.renouvelle.be\/fr\/leolienne-et-la-reduction-des-emissions-de-c02-ami-ou-ennemi\/#primaryimage"},"thumbnailUrl":"https:\/\/www.renouvelle.be\/wp-content\/uploads\/2021\/03\/eolien-ville2-scaled.jpg","articleSection":["Technologies"],"inLanguage":"fr-FR"},{"@type":"WebPage","@id":"https:\/\/www.renouvelle.be\/fr\/leolienne-et-la-reduction-des-emissions-de-c02-ami-ou-ennemi\/","url":"https:\/\/www.renouvelle.be\/fr\/leolienne-et-la-reduction-des-emissions-de-c02-ami-ou-ennemi\/","name":"L\u2019\u00e9olienne et la r\u00e9duction des \u00e9missions de C02: ami ou ennemi ? - Renouvelle","isPartOf":{"@id":"https:\/\/www.renouvelle.be\/fr\/#website"},"primaryImageOfPage":{"@id":"https:\/\/www.renouvelle.be\/fr\/leolienne-et-la-reduction-des-emissions-de-c02-ami-ou-ennemi\/#primaryimage"},"image":{"@id":"https:\/\/www.renouvelle.be\/fr\/leolienne-et-la-reduction-des-emissions-de-c02-ami-ou-ennemi\/#primaryimage"},"thumbnailUrl":"https:\/\/www.renouvelle.be\/wp-content\/uploads\/2021\/03\/eolien-ville2-scaled.jpg","datePublished":"2023-04-26T07:08:00+00:00","dateModified":"2023-05-02T19:59:14+00:00","author":{"@id":"https:\/\/www.renouvelle.be\/fr\/#\/schema\/person\/980400dfd457d76423b6766ad2146490"},"description":"Les \u00e9oliennes sont elles neutres en carbone ?","breadcrumb":{"@id":"https:\/\/www.renouvelle.be\/fr\/leolienne-et-la-reduction-des-emissions-de-c02-ami-ou-ennemi\/#breadcrumb"},"inLanguage":"fr-FR","potentialAction":[{"@type":"ReadAction","target":["https:\/\/www.renouvelle.be\/fr\/leolienne-et-la-reduction-des-emissions-de-c02-ami-ou-ennemi\/"]}]},{"@type":"ImageObject","inLanguage":"fr-FR","@id":"https:\/\/www.renouvelle.be\/fr\/leolienne-et-la-reduction-des-emissions-de-c02-ami-ou-ennemi\/#primaryimage","url":"https:\/\/www.renouvelle.be\/wp-content\/uploads\/2021\/03\/eolien-ville2-scaled.jpg","contentUrl":"https:\/\/www.renouvelle.be\/wp-content\/uploads\/2021\/03\/eolien-ville2-scaled.jpg","width":2560,"height":1506},{"@type":"BreadcrumbList","@id":"https:\/\/www.renouvelle.be\/fr\/leolienne-et-la-reduction-des-emissions-de-c02-ami-ou-ennemi\/#breadcrumb","itemListElement":[{"@type":"ListItem","position":1,"name":"Accueil","item":"https:\/\/www.renouvelle.be\/fr\/"},{"@type":"ListItem","position":2,"name":"L\u2019\u00e9olienne et la r\u00e9duction des \u00e9missions de C02: ami ou ennemi ?"}]},{"@type":"WebSite","@id":"https:\/\/www.renouvelle.be\/fr\/#website","url":"https:\/\/www.renouvelle.be\/fr\/","name":"Renouvelle","description":"L&#039;actualit\u00e9 de l&#039;\u00e9nergie durable","potentialAction":[{"@type":"SearchAction","target":{"@type":"EntryPoint","urlTemplate":"https:\/\/www.renouvelle.be\/fr\/?s={search_term_string}"},"query-input":{"@type":"PropertyValueSpecification","valueRequired":true,"valueName":"search_term_string"}}],"inLanguage":"fr-FR"},{"@type":"Person","@id":"https:\/\/www.renouvelle.be\/fr\/#\/schema\/person\/980400dfd457d76423b6766ad2146490","name":"Philippe Limbourg","url":"https:\/\/www.renouvelle.be\/fr\/author\/philippe-limbourg\/"}]}},"_links":{"self":[{"href":"https:\/\/www.renouvelle.be\/fr\/wp-json\/wp\/v2\/posts\/9336","targetHints":{"allow":["GET"]}}],"collection":[{"href":"https:\/\/www.renouvelle.be\/fr\/wp-json\/wp\/v2\/posts"}],"about":[{"href":"https:\/\/www.renouvelle.be\/fr\/wp-json\/wp\/v2\/types\/post"}],"author":[{"embeddable":true,"href":"https:\/\/www.renouvelle.be\/fr\/wp-json\/wp\/v2\/users\/32"}],"replies":[{"embeddable":true,"href":"https:\/\/www.renouvelle.be\/fr\/wp-json\/wp\/v2\/comments?post=9336"}],"version-history":[{"count":4,"href":"https:\/\/www.renouvelle.be\/fr\/wp-json\/wp\/v2\/posts\/9336\/revisions"}],"predecessor-version":[{"id":9383,"href":"https:\/\/www.renouvelle.be\/fr\/wp-json\/wp\/v2\/posts\/9336\/revisions\/9383"}],"wp:featuredmedia":[{"embeddable":true,"href":"https:\/\/www.renouvelle.be\/fr\/wp-json\/wp\/v2\/media\/6011"}],"wp:attachment":[{"href":"https:\/\/www.renouvelle.be\/fr\/wp-json\/wp\/v2\/media?parent=9336"}],"wp:term":[{"taxonomy":"category","embeddable":true,"href":"https:\/\/www.renouvelle.be\/fr\/wp-json\/wp\/v2\/categories?post=9336"},{"taxonomy":"post_tag","embeddable":true,"href":"https:\/\/www.renouvelle.be\/fr\/wp-json\/wp\/v2\/tags?post=9336"},{"taxonomy":"section","embeddable":true,"href":"https:\/\/www.renouvelle.be\/fr\/wp-json\/wp\/v2\/section?post=9336"}],"curies":[{"name":"wp","href":"https:\/\/api.w.org\/{rel}","templated":true}]}}