{"id":9297,"date":"2023-04-20T09:08:33","date_gmt":"2023-04-20T07:08:33","guid":{"rendered":"https:\/\/www.renouvelle.be\/?p=9297"},"modified":"2023-04-21T09:20:39","modified_gmt":"2023-04-21T07:20:39","slug":"photovoltaique-et-pompe-a-chaleur-le-combo-gagnant","status":"publish","type":"post","link":"https:\/\/www.renouvelle.be\/fr\/photovoltaique-et-pompe-a-chaleur-le-combo-gagnant\/","title":{"rendered":"Photovolta\u00efque et pompe \u00e0 chaleur : le combo gagnant?"},"content":{"rendered":"\n<p>Face \u00e0 l\u2019envol\u00e9e des prix sur le march\u00e9 du gaz et de l\u2019\u00e9lectricit\u00e9 qu\u2019on a pu connaitre en Europe en 2022, <a href=\"https:\/\/www.solarpowereurope.org\/\">SolarPower Europe<\/a> a analys\u00e9 le bilan \u00e9conomique de la <strong>combinaison entre le solaire photovolta\u00efque et la pompe \u00e0 chaleur<\/strong> pour le chauffage et l\u2019eau chaude sanitaire. L\u2019\u00e9tude se concentre sur le secteur r\u00e9sidentiel, et plus pr\u00e9cis\u00e9ment sur 3 pays europ\u00e9ens o\u00f9 le gaz joue un r\u00f4le majeur dans le chauffage (d\u2019espace et d\u2019eau chaude sanitaire)&nbsp;: l\u2019Allemagne, l\u2019Italie et l\u2019Espagne.<\/p>\n\n\n\n<p>L\u2019\u00e9tude s\u2019est concentr\u00e9e sur le cas d\u2019une maison existante (non neuve) ayant des besoins en chauffage de 12.000 \u00e0 20.000 kWh\/an (suivant les pays \u00e9tudi\u00e9s), desservie \u00e0 100% par une chaudi\u00e8re au gaz (85% de rendement) pour le chauffage et l\u2019eau chaude sanitaire. C\u00f4t\u00e9 \u00e9lectricit\u00e9, la simulation s\u2019est bas\u00e9e sur des besoins \u00e9lectriques moyens de 4.000 \u00e0 4.500 kWh\/an.<\/p>\n\n\n\n<p>Pour faire cette simulation \u00e9nerg\u00e9tique, des mod\u00e8les de calculs de besoin thermique, et d\u2019ensoleillement journalier ont \u00e9t\u00e9 n\u00e9cessaires pour obtenir les r\u00e9sultats de consommation d\u2019\u00e9lectricit\u00e9<\/p>\n\n\n\n<p>Voici une vue des param\u00e8tres qui ont \u00e9t\u00e9 choisis pour chaque cas et chaque pays.<\/p>\n\n\n\n<figure class=\"wp-block-image size-full\"><img loading=\"lazy\" decoding=\"async\" width=\"756\" height=\"219\" src=\"https:\/\/www.renouvelle.be\/wp-content\/uploads\/2023\/04\/Image1.png\" alt=\"\" class=\"wp-image-9298\" srcset=\"https:\/\/www.renouvelle.be\/wp-content\/uploads\/2023\/04\/Image1.png 756w, https:\/\/www.renouvelle.be\/wp-content\/uploads\/2023\/04\/Image1-300x87.png 300w\" sizes=\"auto, (max-width: 756px) 100vw, 756px\" \/><figcaption class=\"wp-element-caption\">source: <a href=\"http:\/\/www.solarpowereurope.org\">Solar Power Europe<\/a><\/figcaption><\/figure>\n\n\n\n<p>Certains pourraient critiquer le choix de mettre une pompe \u00e0 chaleur sur une habitation ayant des besoins en chauffage aussi importants, car on sait qu\u2019il est bien plus pertinent d\u2019installer une pompe \u00e0 chaleur dans une maison bien isol\u00e9e pour atteindre de meilleures performances saisonni\u00e8res de la pompe \u00e0 chaleur. Aucune justification n\u2019est donn\u00e9e sur ce choix, mais il semble que la d\u00e9cision soit prise pour \u00e9valuer l\u2019int\u00e9r\u00eat \u00e9conomique d\u2019une telle combinaison, dans des conditions moins favorables et plus repr\u00e9sent\u00e9es en Europe.<\/p>\n\n\n\n<p>Pour chacun des pays, l\u2019installation solaire et la pompe \u00e0 chaleur seront dimensionn\u00e9es diff\u00e9remment. On voit par exemple que les plus grandes puissances install\u00e9es seront en Allemagne, l\u00e0 o\u00f9 les besoins de chaleur sont les plus importants.<\/p>\n\n\n\n<p>Il est \u00e9galement \u00e0 noter que si les besoins en chauffage et eau chaude sanitaire semblent coh\u00e9rents avec la plupart des situations rencontr\u00e9es en Belgique, les besoins en \u00e9lectricit\u00e9 semblent quant \u00e0 eux un peu plus \u00e9lev\u00e9s que la moyenne belge, sachant que l\u2019\u00e9tude exclut les syst\u00e8mes de climatisation. Une consommation d\u2019\u00e9lectricit\u00e9 plus faible (&lt; ou = 3500 kWh \/an) pourrait avoir des r\u00e9sultats plus faibles pour l\u2019autoconsommation d\u2019\u00e9lectricit\u00e9 et pour le poids de la facture \u00e9lectrique sur la facture totale du m\u00e9nage.<\/p>\n\n\n\n<p>Pour maximiser l\u2019autoconsommation d\u2019\u00e9lectricit\u00e9 solaire dans le cas de pompe \u00e0 chaleur coupl\u00e9e avec du photovolta\u00efque, un ballon tampon de 400 litres pour l\u2019Italie et l\u2019Espagne et un ballon de 800 litres pour l\u2019Allemagne furent simul\u00e9s, afin de stocker au maximum l\u2019exc\u00e8s de production produit en milieu de journ\u00e9e, sous forme d\u2019eau chaude. Celle-ci est ensuite restitu\u00e9e plus tard dans la soir\u00e9e ou bien m\u00eame le lendemain par le Ballon.<\/p>\n\n\n\n<h2 class=\"wp-block-heading\">Param\u00e8tres \u00e9conomique li\u00e9s au prix de l\u2019\u00e9nergie<\/h2>\n\n\n\n<p>L\u2019\u00e9tude utilise \u00e9galement les prix de march\u00e9 de l\u2019\u00e9lectricit\u00e9 et du gaz rencontr\u00e9s durant l\u2019ann\u00e9e 2022, en incluant les mesures incitatives mises en place par les \u00e9tats membres (exemple&nbsp;: TVA diminu\u00e9e, ch\u00e8ques fossiles,\u2026). Les m\u00e9nages \u00e0 bas revenus ayant des mesures de soutien sp\u00e9cifiques, n\u2019ont pas \u00e9t\u00e9 int\u00e9gr\u00e9s dans l\u2019\u00e9tude.<\/p>\n\n\n\n<p>Il est toutefois important de pr\u00e9ciser que ces estimations tiennent compte du contexte tr\u00e8s volatile des prix de l&rsquo;\u00e9nergie qu&rsquo;ont connu certains m\u00e9nages en 2022, ce qui explique que les \u00e9conomies soient aussi importantes. Nous verrons dans un prochain article si le poids de l&rsquo;investissement dans ces deux technologies, avec des prix de l&rsquo;\u00e9nergies plus raisonn\u00e9s, donne des temps de retour sur investissement suffisant que pour encourager des citoyens \u00e0 se diriger vers ce combo. Si c&rsquo;est insuffisant, des mesures politiques seront n\u00e9cessaires pour rendre ce syst\u00e8me vertueux en mati\u00e8re d&rsquo;\u00e9conomie de gaz fossile, plus robuste.<\/p>\n\n\n\n<p>En 2022, les prix ont n effet atteint des plafonds astronomiques. C\u2019est d\u2019ailleurs pourquoi chaque pays a agi \u00e0 sa mani\u00e8re sur la limitation de la facture des particuliers. R\u00e9duction des accises f\u00e9d\u00e9rales, r\u00e9duction de la TVA, subside du gaz (syst\u00e8me ib\u00e9rique), tout a \u00e9t\u00e9 pris en compte dans l\u2019\u00e9tude pour simuler au mieux la facture des m\u00e9nages. Bien s\u00fbr cette \u00e9tude exclut les personnes ayant b\u00e9n\u00e9fici\u00e9 d\u2019un tarif fixe durant cette crise, ceux-ci n\u2019ayant pas per\u00e7u la hausse des prix sur leurs acomptes.<\/p>\n\n\n\n<h2 class=\"wp-block-heading\">Une r\u00e9duction importante de la facture<\/h2>\n\n\n\n<p>Dans une situation de r\u00e9f\u00e9rence (sans photovolta\u00efque et sans pompe \u00e0 chaleur) la facture annuelle en gaz et \u00e9lectricit\u00e9 d\u2019un Allemand approchait les 5.850\u20ac\/an, celle d\u2019un Espagnol ne d\u00e9passait pas les 3.500\u20ac pour la m\u00eame p\u00e9riode (voir graphique ci-dessous). Dans ces factures, on retrouve globalement un poids plus important du gaz par rapport \u00e0 l\u2019\u00e9lectricit\u00e9.<\/p>\n\n\n\n<p>La diff\u00e9rence de facture en valeurs absolue et relative (%) entre les r\u00e9gions est due aux besoins en chauffage (gaz) et refroidissement (\u00e9lectricit\u00e9) diff\u00e9rents entre ces deux r\u00e9gions d\u2019Europe, mais \u00e9galement au fait que des mesures externes aient pu venir all\u00e9ger la facture des m\u00e9nages. Par exemple, l\u2019Espagne a subsidi\u00e9 le gaz pour r\u00e9duire le prix de march\u00e9 de l\u2019\u00e9lectricit\u00e9 produite sur son territoire, et donc r\u00e9duire la facture des consommateurs (syst\u00e8me Ib\u00e9rique).<\/p>\n\n\n\n<figure class=\"wp-block-image size-full\"><img loading=\"lazy\" decoding=\"async\" width=\"678\" height=\"409\" src=\"https:\/\/www.renouvelle.be\/wp-content\/uploads\/2023\/04\/Image2.png\" alt=\"\" class=\"wp-image-9300\" srcset=\"https:\/\/www.renouvelle.be\/wp-content\/uploads\/2023\/04\/Image2.png 678w, https:\/\/www.renouvelle.be\/wp-content\/uploads\/2023\/04\/Image2-300x181.png 300w, https:\/\/www.renouvelle.be\/wp-content\/uploads\/2023\/04\/Image2-330x200.png 330w\" sizes=\"auto, (max-width: 678px) 100vw, 678px\" \/><figcaption class=\"wp-element-caption\">Source&nbsp;: <a href=\"https:\/\/api.solarpowereurope.org\/uploads\/0523_SPE_Solar_Heating_report_09_mr_98b11ef7ab.pdf?updated_at=2023-03-09T06:13:41.408Z\" target=\"_blank\" rel=\"noreferrer noopener\">Solar Heat Report 2023 (solarpowereurope.org)<\/a><\/figcaption><\/figure>\n\n\n\n<p>Selon l\u2019\u00e9tude, combiner ces deux technologies permettrait d\u2019aller chercher un maximum d\u2019\u00e9conomie sur la facture \u00e9nerg\u00e9tique. La production d\u2019\u00e9lectricit\u00e9 par les panneaux solaire, utile au fonctionnement de la pompe \u00e0 chaleur, permet \u00e0 la fois r\u00e9duire le pr\u00e9l\u00e8vement sur le r\u00e9seau du m\u00e9nage, mais aussi de d\u00e9carboner une partie de la production de chaleur. Le bilan montre une \u00e9conomie de la facture totale d&rsquo;\u00e9nergie allant de 62% \u00e0 84% suivant le pays o\u00f9 on se situe.<\/p>\n\n\n\n<p>En 2022, le pays qui aurait le plus profit\u00e9 d\u2019\u00e9conomie de cette combinaison serait l\u2019Italie, atteignant 3.766\u20ac d\u2019\u00e9conomie sur la facture annuelle du m\u00e9nage \u00ab&nbsp;t\u00e9moin&nbsp;\u00bb, soit 1.000 euros en plus que son homologue Espagnol (prot\u00e9g\u00e9 par le syst\u00e8me de march\u00e9 Ib\u00e9rique).<\/p>\n\n\n\n<p>Pour l\u2019Allemagne qui s\u2019approcherait de notre climat belge, l\u2019installation solaire de 8 kWc permettrait de fournir 36% \u00e0 46% des besoins en \u00e9lectricit\u00e9 n\u00e9cessaire \u00e0 la pompe \u00e0 chaleur (suivant si l\u2019hiver est froid ou bien chaud). Ce chiffre monte \u00e0 59% \u00e0 62% en Espagne pour des raisons \u00e9videntes de condition de temp\u00e9rature et de besoins de chaleur diff\u00e9rents.<\/p>\n\n\n\n<p>Le syst\u00e8me n\u2019est donc bien \u00e9videmment pas autonome et aura toujours besoin d\u2019une source d\u2019alimentation principale provenant du r\u00e9seau \u00e9lectrique.<\/p>\n\n\n\n<p>Du c\u00f4t\u00e9 de la consommation, <strong>l\u2019autoconsommation d\u2019\u00e9lectricit\u00e9 solaire<\/strong> est la premi\u00e8re source d\u2019\u00e9conomie du m\u00e9nage en r\u00e9duisant l\u2019achat d\u2019\u00e9lectricit\u00e9 sur le r\u00e9seau. Dans un second temps, l\u2019\u00e9conomie est \u00e9galement r\u00e9alis\u00e9e en <strong>valorisant l\u2019injection non autoconsomm\u00e9e<\/strong> sur le r\u00e9seau suivant le m\u00e9canisme de r\u00e9mun\u00e9ration pr\u00e9vu dans le pays (en Allemagne, un tarif constant de rachat de l\u2019injection est appliqu\u00e9, alors que pour l\u2019Italie et l\u2019Espagne le prix de l\u2019injection peut varier en fonction de l\u2019\u00e9volution du march\u00e9). Un syst\u00e8me qui, transpos\u00e9 chez nous, pourrait donc \u00e9galement b\u00e9n\u00e9ficier aux m\u00e9nages wallons b\u00e9n\u00e9ficiant du compteur qui tourne \u00e0 l\u2019envers (jusque 2030 maximum).<\/p>\n\n\n\n<p>Le rapport conclut que la combinaison de ces 2 technologies permet d\u2019avoir un effet vertueux sur le syst\u00e8me \u00e9lectrique dans son ensemble, permettant de r\u00e9duire les contraintes sur le r\u00e9seau \u00e9lectrique, par un d\u00e9placement des charges de consommation, lorsque le renouvelable est abondant. Ce qui, en soi, est \u00e9galement une excellente chose surtout si l\u2019on en croit les plaintes concernant ces probl\u00e8mes de disponibilit\u00e9 de r\u00e9seau pour r\u00e9injection constat\u00e9es r\u00e9cemment (surtout dans les campagnes).<\/p>\n\n\n\n<p>Source&nbsp;: <a href=\"https:\/\/api.solarpowereurope.org\/uploads\/0523_SPE_Solar_Heating_report_09_mr_98b11ef7ab.pdf?updated_at=2023-03-09T06:13:41.408Z\" target=\"_blank\" rel=\"noreferrer noopener\">Solar Heat Report 2023<\/a><\/p>\n\n\n\n<hr class=\"wp-block-separator has-alpha-channel-opacity\"\/>\n","protected":false},"excerpt":{"rendered":"<p>Face \u00e0 l\u2019envol\u00e9e des prix sur le march\u00e9 du gaz et de l\u2019\u00e9lectricit\u00e9 qu\u2019on a pu connaitre en Europe en 2022, SolarPower Europe a analys\u00e9 le bilan \u00e9conomique de la combinaison entre le solaire photovolta\u00efque et la pompe \u00e0 chaleur pour le chauffage et l\u2019eau chaude sanitaire. L\u2019\u00e9tude se concentre sur le secteur r\u00e9sidentiel, et plus pr\u00e9cis\u00e9ment sur 3 pays europ\u00e9ens o\u00f9 le gaz joue un r\u00f4le majeur dans le chauffage (d\u2019espace et d\u2019eau chaude sanitaire)&nbsp;: l\u2019Allemagne, l\u2019Italie et l\u2019Espagne. L\u2019\u00e9tude s\u2019est concentr\u00e9e sur le cas d\u2019une maison existante (non neuve) ayant des besoins en chauffage de 12.000 \u00e0 20.000 kWh\/an (suivant les pays \u00e9tudi\u00e9s), desservie \u00e0 100% par une chaudi\u00e8re au gaz (85% de rendement) pour le chauffage et l\u2019eau chaude sanitaire. C\u00f4t\u00e9 \u00e9lectricit\u00e9, la simulation s\u2019est bas\u00e9e sur des besoins \u00e9lectriques moyens de 4.000 \u00e0 4.500 kWh\/an. Pour faire cette simulation \u00e9nerg\u00e9tique, des mod\u00e8les de calculs de besoin thermique, et d\u2019ensoleillement journalier ont \u00e9t\u00e9 n\u00e9cessaires pour obtenir les r\u00e9sultats de consommation d\u2019\u00e9lectricit\u00e9 Voici une vue des param\u00e8tres qui ont \u00e9t\u00e9 choisis pour chaque cas et chaque pays. Certains pourraient critiquer le choix de mettre une pompe \u00e0 chaleur sur une habitation ayant des besoins en chauffage aussi importants, car on sait qu\u2019il est bien plus pertinent d\u2019installer une pompe \u00e0 chaleur dans une maison bien isol\u00e9e pour atteindre de meilleures performances saisonni\u00e8res de la pompe \u00e0 chaleur. Aucune justification n\u2019est donn\u00e9e sur ce choix, mais il semble que la d\u00e9cision soit prise pour \u00e9valuer l\u2019int\u00e9r\u00eat \u00e9conomique d\u2019une telle combinaison, dans des conditions moins favorables et plus repr\u00e9sent\u00e9es en Europe. Pour chacun des pays, l\u2019installation solaire et la pompe \u00e0 chaleur seront dimensionn\u00e9es diff\u00e9remment. On voit par exemple que les plus grandes puissances install\u00e9es seront en Allemagne, l\u00e0 o\u00f9 &hellip; <a href=\"https:\/\/www.renouvelle.be\/fr\/photovoltaique-et-pompe-a-chaleur-le-combo-gagnant\/\" class=\"more-link\">Continue reading<span class=\"screen-reader-text\"> \u00ab\u00a0Photovolta\u00efque et pompe \u00e0 chaleur : le combo gagnant?\u00a0\u00bb<\/span><\/a><\/p>\n","protected":false},"author":32,"featured_media":9302,"comment_status":"closed","ping_status":"closed","sticky":false,"template":"","format":"standard","meta":{"_acf_changed":false,"footnotes":""},"categories":[20],"tags":[],"section":[8,13,9],"class_list":["post-9297","post","type-post","status-publish","format-standard","has-post-thumbnail","hentry","category-technologies","section-energie-renouvelables","section-solaire","section-geothermie-pac"],"acf":[],"yoast_head":"<!-- This site is optimized with the Yoast SEO plugin v27.5 - https:\/\/yoast.com\/product\/yoast-seo-wordpress\/ -->\n<title>Photovolta\u00efque et pompe \u00e0 chaleur : le combo gagnant? - Renouvelle<\/title>\n<meta name=\"description\" content=\"Pompe \u00e0 chaleur et panneaux photovolta\u00efques, une combinaison qui fonctionne dans bien des cas.\" \/>\n<meta name=\"robots\" content=\"index, follow, max-snippet:-1, max-image-preview:large, max-video-preview:-1\" \/>\n<link rel=\"canonical\" href=\"https:\/\/www.renouvelle.be\/fr\/photovoltaique-et-pompe-a-chaleur-le-combo-gagnant\/\" \/>\n<meta property=\"og:locale\" content=\"fr_FR\" \/>\n<meta property=\"og:type\" content=\"article\" \/>\n<meta property=\"og:title\" content=\"Photovolta\u00efque et pompe \u00e0 chaleur : le combo gagnant? - Renouvelle\" \/>\n<meta property=\"og:description\" content=\"Pompe \u00e0 chaleur et panneaux photovolta\u00efques, une combinaison qui fonctionne dans bien des cas.\" \/>\n<meta property=\"og:url\" content=\"https:\/\/www.renouvelle.be\/fr\/photovoltaique-et-pompe-a-chaleur-le-combo-gagnant\/\" \/>\n<meta property=\"og:site_name\" content=\"Renouvelle\" \/>\n<meta property=\"article:published_time\" content=\"2023-04-20T07:08:33+00:00\" \/>\n<meta property=\"article:modified_time\" content=\"2023-04-21T07:20:39+00:00\" \/>\n<meta property=\"og:image\" content=\"https:\/\/www.renouvelle.be\/wp-content\/uploads\/2023\/04\/money-2696219_1280.jpg\" \/>\n\t<meta property=\"og:image:width\" content=\"1280\" \/>\n\t<meta property=\"og:image:height\" content=\"854\" \/>\n\t<meta property=\"og:image:type\" content=\"image\/jpeg\" \/>\n<meta name=\"author\" content=\"Philippe Limbourg\" \/>\n<meta name=\"twitter:card\" content=\"summary_large_image\" \/>\n<script type=\"application\/ld+json\" class=\"yoast-schema-graph\">{\"@context\":\"https:\\\/\\\/schema.org\",\"@graph\":[{\"@type\":\"Article\",\"@id\":\"https:\\\/\\\/www.renouvelle.be\\\/fr\\\/photovoltaique-et-pompe-a-chaleur-le-combo-gagnant\\\/#article\",\"isPartOf\":{\"@id\":\"https:\\\/\\\/www.renouvelle.be\\\/fr\\\/photovoltaique-et-pompe-a-chaleur-le-combo-gagnant\\\/\"},\"author\":{\"name\":\"Philippe Limbourg\",\"@id\":\"https:\\\/\\\/www.renouvelle.be\\\/fr\\\/#\\\/schema\\\/person\\\/980400dfd457d76423b6766ad2146490\"},\"headline\":\"Photovolta\u00efque et pompe \u00e0 chaleur : le combo gagnant?\",\"datePublished\":\"2023-04-20T07:08:33+00:00\",\"dateModified\":\"2023-04-21T07:20:39+00:00\",\"mainEntityOfPage\":{\"@id\":\"https:\\\/\\\/www.renouvelle.be\\\/fr\\\/photovoltaique-et-pompe-a-chaleur-le-combo-gagnant\\\/\"},\"wordCount\":1387,\"image\":{\"@id\":\"https:\\\/\\\/www.renouvelle.be\\\/fr\\\/photovoltaique-et-pompe-a-chaleur-le-combo-gagnant\\\/#primaryimage\"},\"thumbnailUrl\":\"https:\\\/\\\/www.renouvelle.be\\\/wp-content\\\/uploads\\\/2023\\\/04\\\/money-2696219_1280.jpg\",\"articleSection\":[\"Technologies\"],\"inLanguage\":\"fr-FR\"},{\"@type\":\"WebPage\",\"@id\":\"https:\\\/\\\/www.renouvelle.be\\\/fr\\\/photovoltaique-et-pompe-a-chaleur-le-combo-gagnant\\\/\",\"url\":\"https:\\\/\\\/www.renouvelle.be\\\/fr\\\/photovoltaique-et-pompe-a-chaleur-le-combo-gagnant\\\/\",\"name\":\"Photovolta\u00efque et pompe \u00e0 chaleur : le combo gagnant? - Renouvelle\",\"isPartOf\":{\"@id\":\"https:\\\/\\\/www.renouvelle.be\\\/fr\\\/#website\"},\"primaryImageOfPage\":{\"@id\":\"https:\\\/\\\/www.renouvelle.be\\\/fr\\\/photovoltaique-et-pompe-a-chaleur-le-combo-gagnant\\\/#primaryimage\"},\"image\":{\"@id\":\"https:\\\/\\\/www.renouvelle.be\\\/fr\\\/photovoltaique-et-pompe-a-chaleur-le-combo-gagnant\\\/#primaryimage\"},\"thumbnailUrl\":\"https:\\\/\\\/www.renouvelle.be\\\/wp-content\\\/uploads\\\/2023\\\/04\\\/money-2696219_1280.jpg\",\"datePublished\":\"2023-04-20T07:08:33+00:00\",\"dateModified\":\"2023-04-21T07:20:39+00:00\",\"author\":{\"@id\":\"https:\\\/\\\/www.renouvelle.be\\\/fr\\\/#\\\/schema\\\/person\\\/980400dfd457d76423b6766ad2146490\"},\"description\":\"Pompe \u00e0 chaleur et panneaux photovolta\u00efques, une combinaison qui fonctionne dans bien des cas.\",\"breadcrumb\":{\"@id\":\"https:\\\/\\\/www.renouvelle.be\\\/fr\\\/photovoltaique-et-pompe-a-chaleur-le-combo-gagnant\\\/#breadcrumb\"},\"inLanguage\":\"fr-FR\",\"potentialAction\":[{\"@type\":\"ReadAction\",\"target\":[\"https:\\\/\\\/www.renouvelle.be\\\/fr\\\/photovoltaique-et-pompe-a-chaleur-le-combo-gagnant\\\/\"]}]},{\"@type\":\"ImageObject\",\"inLanguage\":\"fr-FR\",\"@id\":\"https:\\\/\\\/www.renouvelle.be\\\/fr\\\/photovoltaique-et-pompe-a-chaleur-le-combo-gagnant\\\/#primaryimage\",\"url\":\"https:\\\/\\\/www.renouvelle.be\\\/wp-content\\\/uploads\\\/2023\\\/04\\\/money-2696219_1280.jpg\",\"contentUrl\":\"https:\\\/\\\/www.renouvelle.be\\\/wp-content\\\/uploads\\\/2023\\\/04\\\/money-2696219_1280.jpg\",\"width\":1280,\"height\":854,\"caption\":\"Economies\"},{\"@type\":\"BreadcrumbList\",\"@id\":\"https:\\\/\\\/www.renouvelle.be\\\/fr\\\/photovoltaique-et-pompe-a-chaleur-le-combo-gagnant\\\/#breadcrumb\",\"itemListElement\":[{\"@type\":\"ListItem\",\"position\":1,\"name\":\"Accueil\",\"item\":\"https:\\\/\\\/www.renouvelle.be\\\/fr\\\/\"},{\"@type\":\"ListItem\",\"position\":2,\"name\":\"Photovolta\u00efque et pompe \u00e0 chaleur : le combo gagnant?\"}]},{\"@type\":\"WebSite\",\"@id\":\"https:\\\/\\\/www.renouvelle.be\\\/fr\\\/#website\",\"url\":\"https:\\\/\\\/www.renouvelle.be\\\/fr\\\/\",\"name\":\"Renouvelle\",\"description\":\"L&#039;actualit\u00e9 de l&#039;\u00e9nergie durable\",\"potentialAction\":[{\"@type\":\"SearchAction\",\"target\":{\"@type\":\"EntryPoint\",\"urlTemplate\":\"https:\\\/\\\/www.renouvelle.be\\\/fr\\\/?s={search_term_string}\"},\"query-input\":{\"@type\":\"PropertyValueSpecification\",\"valueRequired\":true,\"valueName\":\"search_term_string\"}}],\"inLanguage\":\"fr-FR\"},{\"@type\":\"Person\",\"@id\":\"https:\\\/\\\/www.renouvelle.be\\\/fr\\\/#\\\/schema\\\/person\\\/980400dfd457d76423b6766ad2146490\",\"name\":\"Philippe Limbourg\",\"url\":\"https:\\\/\\\/www.renouvelle.be\\\/fr\\\/author\\\/philippe-limbourg\\\/\"}]}<\/script>\n<!-- \/ Yoast SEO plugin. -->","yoast_head_json":{"title":"Photovolta\u00efque et pompe \u00e0 chaleur : le combo gagnant? - Renouvelle","description":"Pompe \u00e0 chaleur et panneaux photovolta\u00efques, une combinaison qui fonctionne dans bien des cas.","robots":{"index":"index","follow":"follow","max-snippet":"max-snippet:-1","max-image-preview":"max-image-preview:large","max-video-preview":"max-video-preview:-1"},"canonical":"https:\/\/www.renouvelle.be\/fr\/photovoltaique-et-pompe-a-chaleur-le-combo-gagnant\/","og_locale":"fr_FR","og_type":"article","og_title":"Photovolta\u00efque et pompe \u00e0 chaleur : le combo gagnant? - Renouvelle","og_description":"Pompe \u00e0 chaleur et panneaux photovolta\u00efques, une combinaison qui fonctionne dans bien des cas.","og_url":"https:\/\/www.renouvelle.be\/fr\/photovoltaique-et-pompe-a-chaleur-le-combo-gagnant\/","og_site_name":"Renouvelle","article_published_time":"2023-04-20T07:08:33+00:00","article_modified_time":"2023-04-21T07:20:39+00:00","og_image":[{"width":1280,"height":854,"url":"https:\/\/www.renouvelle.be\/wp-content\/uploads\/2023\/04\/money-2696219_1280.jpg","type":"image\/jpeg"}],"author":"Philippe Limbourg","twitter_card":"summary_large_image","schema":{"@context":"https:\/\/schema.org","@graph":[{"@type":"Article","@id":"https:\/\/www.renouvelle.be\/fr\/photovoltaique-et-pompe-a-chaleur-le-combo-gagnant\/#article","isPartOf":{"@id":"https:\/\/www.renouvelle.be\/fr\/photovoltaique-et-pompe-a-chaleur-le-combo-gagnant\/"},"author":{"name":"Philippe Limbourg","@id":"https:\/\/www.renouvelle.be\/fr\/#\/schema\/person\/980400dfd457d76423b6766ad2146490"},"headline":"Photovolta\u00efque et pompe \u00e0 chaleur : le combo gagnant?","datePublished":"2023-04-20T07:08:33+00:00","dateModified":"2023-04-21T07:20:39+00:00","mainEntityOfPage":{"@id":"https:\/\/www.renouvelle.be\/fr\/photovoltaique-et-pompe-a-chaleur-le-combo-gagnant\/"},"wordCount":1387,"image":{"@id":"https:\/\/www.renouvelle.be\/fr\/photovoltaique-et-pompe-a-chaleur-le-combo-gagnant\/#primaryimage"},"thumbnailUrl":"https:\/\/www.renouvelle.be\/wp-content\/uploads\/2023\/04\/money-2696219_1280.jpg","articleSection":["Technologies"],"inLanguage":"fr-FR"},{"@type":"WebPage","@id":"https:\/\/www.renouvelle.be\/fr\/photovoltaique-et-pompe-a-chaleur-le-combo-gagnant\/","url":"https:\/\/www.renouvelle.be\/fr\/photovoltaique-et-pompe-a-chaleur-le-combo-gagnant\/","name":"Photovolta\u00efque et pompe \u00e0 chaleur : le combo gagnant? - Renouvelle","isPartOf":{"@id":"https:\/\/www.renouvelle.be\/fr\/#website"},"primaryImageOfPage":{"@id":"https:\/\/www.renouvelle.be\/fr\/photovoltaique-et-pompe-a-chaleur-le-combo-gagnant\/#primaryimage"},"image":{"@id":"https:\/\/www.renouvelle.be\/fr\/photovoltaique-et-pompe-a-chaleur-le-combo-gagnant\/#primaryimage"},"thumbnailUrl":"https:\/\/www.renouvelle.be\/wp-content\/uploads\/2023\/04\/money-2696219_1280.jpg","datePublished":"2023-04-20T07:08:33+00:00","dateModified":"2023-04-21T07:20:39+00:00","author":{"@id":"https:\/\/www.renouvelle.be\/fr\/#\/schema\/person\/980400dfd457d76423b6766ad2146490"},"description":"Pompe \u00e0 chaleur et panneaux photovolta\u00efques, une combinaison qui fonctionne dans bien des cas.","breadcrumb":{"@id":"https:\/\/www.renouvelle.be\/fr\/photovoltaique-et-pompe-a-chaleur-le-combo-gagnant\/#breadcrumb"},"inLanguage":"fr-FR","potentialAction":[{"@type":"ReadAction","target":["https:\/\/www.renouvelle.be\/fr\/photovoltaique-et-pompe-a-chaleur-le-combo-gagnant\/"]}]},{"@type":"ImageObject","inLanguage":"fr-FR","@id":"https:\/\/www.renouvelle.be\/fr\/photovoltaique-et-pompe-a-chaleur-le-combo-gagnant\/#primaryimage","url":"https:\/\/www.renouvelle.be\/wp-content\/uploads\/2023\/04\/money-2696219_1280.jpg","contentUrl":"https:\/\/www.renouvelle.be\/wp-content\/uploads\/2023\/04\/money-2696219_1280.jpg","width":1280,"height":854,"caption":"Economies"},{"@type":"BreadcrumbList","@id":"https:\/\/www.renouvelle.be\/fr\/photovoltaique-et-pompe-a-chaleur-le-combo-gagnant\/#breadcrumb","itemListElement":[{"@type":"ListItem","position":1,"name":"Accueil","item":"https:\/\/www.renouvelle.be\/fr\/"},{"@type":"ListItem","position":2,"name":"Photovolta\u00efque et pompe \u00e0 chaleur : le combo gagnant?"}]},{"@type":"WebSite","@id":"https:\/\/www.renouvelle.be\/fr\/#website","url":"https:\/\/www.renouvelle.be\/fr\/","name":"Renouvelle","description":"L&#039;actualit\u00e9 de l&#039;\u00e9nergie durable","potentialAction":[{"@type":"SearchAction","target":{"@type":"EntryPoint","urlTemplate":"https:\/\/www.renouvelle.be\/fr\/?s={search_term_string}"},"query-input":{"@type":"PropertyValueSpecification","valueRequired":true,"valueName":"search_term_string"}}],"inLanguage":"fr-FR"},{"@type":"Person","@id":"https:\/\/www.renouvelle.be\/fr\/#\/schema\/person\/980400dfd457d76423b6766ad2146490","name":"Philippe Limbourg","url":"https:\/\/www.renouvelle.be\/fr\/author\/philippe-limbourg\/"}]}},"_links":{"self":[{"href":"https:\/\/www.renouvelle.be\/fr\/wp-json\/wp\/v2\/posts\/9297","targetHints":{"allow":["GET"]}}],"collection":[{"href":"https:\/\/www.renouvelle.be\/fr\/wp-json\/wp\/v2\/posts"}],"about":[{"href":"https:\/\/www.renouvelle.be\/fr\/wp-json\/wp\/v2\/types\/post"}],"author":[{"embeddable":true,"href":"https:\/\/www.renouvelle.be\/fr\/wp-json\/wp\/v2\/users\/32"}],"replies":[{"embeddable":true,"href":"https:\/\/www.renouvelle.be\/fr\/wp-json\/wp\/v2\/comments?post=9297"}],"version-history":[{"count":5,"href":"https:\/\/www.renouvelle.be\/fr\/wp-json\/wp\/v2\/posts\/9297\/revisions"}],"predecessor-version":[{"id":9314,"href":"https:\/\/www.renouvelle.be\/fr\/wp-json\/wp\/v2\/posts\/9297\/revisions\/9314"}],"wp:featuredmedia":[{"embeddable":true,"href":"https:\/\/www.renouvelle.be\/fr\/wp-json\/wp\/v2\/media\/9302"}],"wp:attachment":[{"href":"https:\/\/www.renouvelle.be\/fr\/wp-json\/wp\/v2\/media?parent=9297"}],"wp:term":[{"taxonomy":"category","embeddable":true,"href":"https:\/\/www.renouvelle.be\/fr\/wp-json\/wp\/v2\/categories?post=9297"},{"taxonomy":"post_tag","embeddable":true,"href":"https:\/\/www.renouvelle.be\/fr\/wp-json\/wp\/v2\/tags?post=9297"},{"taxonomy":"section","embeddable":true,"href":"https:\/\/www.renouvelle.be\/fr\/wp-json\/wp\/v2\/section?post=9297"}],"curies":[{"name":"wp","href":"https:\/\/api.w.org\/{rel}","templated":true}]}}