{"id":9259,"date":"2023-04-06T14:51:57","date_gmt":"2023-04-06T12:51:57","guid":{"rendered":"https:\/\/www.renouvelle.be\/?p=9259"},"modified":"2023-05-25T12:19:44","modified_gmt":"2023-05-25T10:19:44","slug":"braine-lalleud-a-inaugure-le-plus-grand-parc-photovoltaique-terrestre-de-wallonie","status":"publish","type":"post","link":"https:\/\/www.renouvelle.be\/fr\/braine-lalleud-a-inaugure-le-plus-grand-parc-photovoltaique-terrestre-de-wallonie\/","title":{"rendered":"Braine-l\u2019Alleud a inaugur\u00e9 le plus grand parc photovolta\u00efque terrestre de Wallonie"},"content":{"rendered":"\n<p>Inaugur\u00e9 le 30 mars dernier en pr\u00e9sence de ceux qui ont port\u00e9 ce projet initi\u00e9 en 2018, le plus grand parc photovolta\u00efque au sol de Wallonie produit donc d\u00e9sormais \u00e0 plein r\u00e9gime. On parle en effet d\u2019une moyenne de plus de 36.000 kWh par jour. Un projet qui a eu le temps d\u2019\u00e9voluer et\u2026d\u2019arriver \u00e0 maturit\u00e9. Car il aura fallu 5 ans pour l\u2019ensemble de la r\u00e9alisation du projet. Celui a \u00e9t\u00e9 initi\u00e9 tout d\u2019abord avec l\u2019octroi des certificats verts par le SPW \u00e9nergie, garantie d\u2019un \u00e9quilibre \u00e9conomique, puis avec la d\u00e9livrance du permis unique par le Fonctionnaire d\u00e9l\u00e9gu\u00e9. S\u2019en est suivie l\u2019approbation de la ligne directe par la Commission wallonne pour l\u2019\u00c9nergie (CWAPE) et enfin, l\u2019appel d\u2019offre europ\u00e9en et l\u2019attribution du march\u00e9 pour la construction et la maintenance de l\u2019installation \u00e0 l\u2019entreprise Perpetum.<\/p>\n\n\n\n<figure class=\"wp-block-image size-large\"><img loading=\"lazy\" decoding=\"async\" width=\"1024\" height=\"768\" src=\"https:\/\/www.renouvelle.be\/wp-content\/uploads\/2023\/04\/photo-4-1-2-1024x768.jpg\" alt=\"\" class=\"wp-image-9263\" srcset=\"https:\/\/www.renouvelle.be\/wp-content\/uploads\/2023\/04\/photo-4-1-2-1024x768.jpg 1024w, https:\/\/www.renouvelle.be\/wp-content\/uploads\/2023\/04\/photo-4-1-2-300x225.jpg 300w, https:\/\/www.renouvelle.be\/wp-content\/uploads\/2023\/04\/photo-4-1-2-768x576.jpg 768w, https:\/\/www.renouvelle.be\/wp-content\/uploads\/2023\/04\/photo-4-1-2-1536x1152.jpg 1536w, https:\/\/www.renouvelle.be\/wp-content\/uploads\/2023\/04\/photo-4-1-2-2048x1536.jpg 2048w, https:\/\/www.renouvelle.be\/wp-content\/uploads\/2023\/04\/photo-4-1-2-1200x900.jpg 1200w\" sizes=\"auto, (max-width: 1024px) 100vw, 1024px\" \/><figcaption class=\"wp-element-caption\">Le parc vu du ciel<\/figcaption><\/figure>\n\n\n\n<p><strong>Une configuration qui a \u00e9volu\u00e9.<\/strong><\/p>\n\n\n\n<p>Sur les 19 hectares du parc, expos\u00e9 en bonne partie aux vents, il eut pu \u00eatre question d\u2019\u00e9oliennes. Mais le bourgmestre avoue que cette option ne l\u2019enchantait gu\u00e8re au regard des nombreuses plaintes syst\u00e9matiques qu\u2019il a sur sa commune, m\u00eame venant de ses conseillers Ecolo dit-il en souriant. \u00a0L\u2019option de panneaux photovolta\u00efques a donc \u00e9t\u00e9 privil\u00e9gi\u00e9e et\u2026a \u00e9volu\u00e9. En effet, si l\u2019initiative est prise en 2018, entretemps, de l\u2019eau a coul\u00e9 sous les ponts et\u2026le soleil s\u2019est lev\u00e9 et couch\u00e9 quelques fois. Ainsi, si originellement, il \u00e9tait envisag\u00e9 de poser 36.000 panneaux afin de couvrir l\u2019ensemble du parcours solaire de la journ\u00e9e, ce sont finalement 18.432 panneaux qui ont \u00e9t\u00e9 pos\u00e9s. En effet, si \u00e0 l&rsquo;origine, des panneaux classiques de 350-400 Wc avaient \u00e9t\u00e9 retenus, ce sont finalement des panneaux bifaces, plus grands et de 650 Wc qui ont \u00e9t\u00e9 install\u00e9s.\u00a0\u00bb <\/p>\n\n\n\n<p><strong>Un emplacement industriel d\u00e9sormais d\u00e9di\u00e9 au \u00ab&nbsp;vert&nbsp;\u00bb<\/strong><\/p>\n\n\n\n<p>Ce projet a \u00e9t\u00e9 construit sur un emplacement unique \u00e0 Braine-l\u2019Alleud, le site SODEVER. Ancienne sabli\u00e8re d\u2019Alconval, puis centre d\u2019enfouissement technique orient\u00e9 plein sud, ce site est aujourd&rsquo;hui reconverti, pour sa 3\u00e8me vie, en parc photovolta\u00efque de 19 ha int\u00e9gr\u00e9 au milieu de la for\u00eat. Ainsi suivant les conditions de la DNF (D\u00e9partement de la Nature et des For\u00eats), la ch\u00eanaie au nord du site va \u00eatre agrandie et la partie sud du terrain sera r\u00e9habilit\u00e9e en zone \u00e9cologique notamment au travers de la r\u00e9alisation d\u2019une dizaine de mares.<\/p>\n\n\n\n<p><strong>Une production efficace<\/strong><\/p>\n\n\n\n<p>Ce projet, qui s\u2019inscrit dans la droite ligne des objectifs de r\u00e9duction de gaz \u00e0 effet de serre pr\u00e9voit une production de 13 millions kWh d\u2019\u00e9lectricit\u00e9. Depuis son inauguration, il produit en moyenne 36.500 kWh par jour (autour de 50.000 kWh pour les journ\u00e9es ensoleill\u00e9e et 20.000 kWh pour celles plus nuageuses). Si on consid\u00e8re qu&rsquo;un m\u00e9nage brainois consomme environ 3.000 kWh par an, 37.000 kWh quotidien \u00e9quivalent donc \u00e0 la consommation d&rsquo;environ 4.500 m\u00e9nages. En outre, de par sa production d\u2019\u00e9lectricit\u00e9 propre, il permettra chaque ann\u00e9e d\u2019\u00e9viter l\u2019\u00e9mission de 2.500 tonnes de CO2. Aujourd&rsquo;hui, l\u2019installation est op\u00e9rationnelle et sera exploit\u00e9e et entretenue sur une dur\u00e9e de vie de 30 ans minimum.<\/p>\n\n\n\n<figure class=\"wp-block-image size-large\"><img loading=\"lazy\" decoding=\"async\" width=\"1024\" height=\"824\" src=\"https:\/\/www.renouvelle.be\/wp-content\/uploads\/2023\/04\/338137277_1287630091834275_5826836022706276112_n-1-1024x824.jpg\" alt=\"\" class=\"wp-image-9269\" srcset=\"https:\/\/www.renouvelle.be\/wp-content\/uploads\/2023\/04\/338137277_1287630091834275_5826836022706276112_n-1-1024x824.jpg 1024w, https:\/\/www.renouvelle.be\/wp-content\/uploads\/2023\/04\/338137277_1287630091834275_5826836022706276112_n-1-300x241.jpg 300w, https:\/\/www.renouvelle.be\/wp-content\/uploads\/2023\/04\/338137277_1287630091834275_5826836022706276112_n-1-768x618.jpg 768w, https:\/\/www.renouvelle.be\/wp-content\/uploads\/2023\/04\/338137277_1287630091834275_5826836022706276112_n-1-1536x1236.jpg 1536w, https:\/\/www.renouvelle.be\/wp-content\/uploads\/2023\/04\/338137277_1287630091834275_5826836022706276112_n-1-1200x966.jpg 1200w, https:\/\/www.renouvelle.be\/wp-content\/uploads\/2023\/04\/338137277_1287630091834275_5826836022706276112_n-1.jpg 2048w\" sizes=\"auto, (max-width: 1024px) 100vw, 1024px\" \/><figcaption class=\"wp-element-caption\">Copyright: Ville de Braine-l&rsquo;Alleud<\/figcaption><\/figure>\n\n\n\n<p><strong>Un investissement public rentable, m\u00eame pour le priv\u00e9<\/strong><\/p>\n\n\n\n<p>Un tel projet n\u00e9cessite \u00e9videmment un investissement cons\u00e9quent. Il est fait \u00e9tat ici d\u2019une dizaine de millions d\u2019euros. Mais devrait d\u00e9gager une marge b\u00e9n\u00e9ficiaire de 500.000 euros chaque ann\u00e9e. En effet, la location du terrain et l\u2019emprunt qui a servi \u00e0 financer les travaux sont auto-financ\u00e9s gr\u00e2ce \u00e0 un accord trouv\u00e9 entre la commune et l\u2019entreprise pharmaceutique UCB qui exploite le site voisin du projet. Ainsi, l\u2019\u00e9lectricit\u00e9 produite est fournie directement \u00e0 UCB par une ligne propre. En retour, UCB paye un montant fixe, calcul\u00e9 en fonction de la production, d\u2019un peu pr\u00e8s un million d\u2019euros par an \u00e0 la commune. L\u2019\u00e9lectricit\u00e9 ne b\u00e9n\u00e9ficie donc pas directement aux foyers brainois mais r\u00e9duit indirectement la consommation d\u2019\u00e9lectricit\u00e9 de la commune. Si les maisons \u00e9taient directement fournies par le parc, la commune deviendrait un fournisseur d\u2019\u00e9nergies avec toutes les contraintes du secteur. Ce qui est intenable pour un budget communal. Et malheureusement le principe d\u2019une communaut\u00e9 d\u2019\u00e9nergie n\u2019avait pu \u00eatre mis en place car la r\u00e9gion Wallonne \u00e9tait encore \u00e0 ses balbutiements concernant les communaut\u00e9s d\u2019\u00e9nergie. Certes, hasard de calendrier, le texte d\u00e9finitif de la nouvelle r\u00e9glementation sur celles-ci est depuis quelques jours adopt\u00e9 par le gouvernement wallon mais il fallait avancer. L\u2019avenir nous dira si la commune souhaite faire \u00e9voluer le business model derri\u00e8re ce parc, mais \u00e0 y regarder actuellement, pour une premi\u00e8re, le projet a d\u2019ores et d\u00e9j\u00e0 plus d\u2019un point positif pour lui, pour les Brainois et pour la plan\u00e8te.<\/p>\n","protected":false},"excerpt":{"rendered":"<p>Inaugur\u00e9 le 30 mars dernier en pr\u00e9sence de ceux qui ont port\u00e9 ce projet initi\u00e9 en 2018, le plus grand parc photovolta\u00efque au sol de Wallonie produit donc d\u00e9sormais \u00e0 plein r\u00e9gime. On parle en effet d\u2019une moyenne de plus de 36.000 kWh par jour. Un projet qui a eu le temps d\u2019\u00e9voluer et\u2026d\u2019arriver \u00e0 maturit\u00e9. Car il aura fallu 5 ans pour l\u2019ensemble de la r\u00e9alisation du projet. Celui a \u00e9t\u00e9 initi\u00e9 tout d\u2019abord avec l\u2019octroi des certificats verts par le SPW \u00e9nergie, garantie d\u2019un \u00e9quilibre \u00e9conomique, puis avec la d\u00e9livrance du permis unique par le Fonctionnaire d\u00e9l\u00e9gu\u00e9. S\u2019en est suivie l\u2019approbation de la ligne directe par la Commission wallonne pour l\u2019\u00c9nergie (CWAPE) et enfin, l\u2019appel d\u2019offre europ\u00e9en et l\u2019attribution du march\u00e9 pour la construction et la maintenance de l\u2019installation \u00e0 l\u2019entreprise Perpetum. Une configuration qui a \u00e9volu\u00e9. Sur les 19 hectares du parc, expos\u00e9 en bonne partie aux vents, il eut pu \u00eatre question d\u2019\u00e9oliennes. Mais le bourgmestre avoue que cette option ne l\u2019enchantait gu\u00e8re au regard des nombreuses plaintes syst\u00e9matiques qu\u2019il a sur sa commune, m\u00eame venant de ses conseillers Ecolo dit-il en souriant. \u00a0L\u2019option de panneaux photovolta\u00efques a donc \u00e9t\u00e9 privil\u00e9gi\u00e9e et\u2026a \u00e9volu\u00e9. En effet, si l\u2019initiative est prise en 2018, entretemps, de l\u2019eau a coul\u00e9 sous les ponts et\u2026le soleil s\u2019est lev\u00e9 et couch\u00e9 quelques fois. Ainsi, si originellement, il \u00e9tait envisag\u00e9 de poser 36.000 panneaux afin de couvrir l\u2019ensemble du parcours solaire de la journ\u00e9e, ce sont finalement 18.432 panneaux qui ont \u00e9t\u00e9 pos\u00e9s. En effet, si \u00e0 l&rsquo;origine, des panneaux classiques de 350-400 Wc avaient \u00e9t\u00e9 retenus, ce sont finalement des panneaux bifaces, plus grands et de 650 Wc qui ont \u00e9t\u00e9 install\u00e9s.\u00a0\u00bb Un emplacement industriel d\u00e9sormais d\u00e9di\u00e9 au \u00ab&nbsp;vert&nbsp;\u00bb Ce projet a &hellip; <a href=\"https:\/\/www.renouvelle.be\/fr\/braine-lalleud-a-inaugure-le-plus-grand-parc-photovoltaique-terrestre-de-wallonie\/\" class=\"more-link\">Continue reading<span class=\"screen-reader-text\"> \u00ab\u00a0Braine-l\u2019Alleud a inaugur\u00e9 le plus grand parc photovolta\u00efque terrestre de Wallonie\u00a0\u00bb<\/span><\/a><\/p>\n","protected":false},"author":32,"featured_media":9273,"comment_status":"closed","ping_status":"closed","sticky":false,"template":"","format":"standard","meta":{"_acf_changed":false,"footnotes":""},"categories":[16,17],"tags":[],"section":[13],"class_list":["post-9259","post","type-post","status-publish","format-standard","has-post-thumbnail","hentry","category-actualite","category-actualite-en-belgique","section-solaire"],"acf":[],"yoast_head":"<!-- This site is optimized with the Yoast SEO plugin v27.5 - https:\/\/yoast.com\/product\/yoast-seo-wordpress\/ -->\n<title>Braine-l\u2019Alleud a inaugur\u00e9 le plus grand parc photovolta\u00efque terrestre de Wallonie - Renouvelle<\/title>\n<meta name=\"description\" content=\"Braine-l&#039;Alleud a inaugur\u00e9 le plus grand parc photovolta\u00efque terrestre de Wallonie\" \/>\n<meta name=\"robots\" content=\"index, follow, max-snippet:-1, max-image-preview:large, max-video-preview:-1\" \/>\n<link rel=\"canonical\" href=\"https:\/\/www.renouvelle.be\/fr\/braine-lalleud-a-inaugure-le-plus-grand-parc-photovoltaique-terrestre-de-wallonie\/\" \/>\n<meta property=\"og:locale\" content=\"fr_FR\" \/>\n<meta property=\"og:type\" content=\"article\" \/>\n<meta property=\"og:title\" content=\"Braine-l\u2019Alleud a inaugur\u00e9 le plus grand parc photovolta\u00efque terrestre de Wallonie - Renouvelle\" \/>\n<meta property=\"og:description\" content=\"Braine-l&#039;Alleud a inaugur\u00e9 le plus grand parc photovolta\u00efque terrestre de Wallonie\" \/>\n<meta property=\"og:url\" content=\"https:\/\/www.renouvelle.be\/fr\/braine-lalleud-a-inaugure-le-plus-grand-parc-photovoltaique-terrestre-de-wallonie\/\" \/>\n<meta property=\"og:site_name\" content=\"Renouvelle\" \/>\n<meta property=\"article:published_time\" content=\"2023-04-06T12:51:57+00:00\" \/>\n<meta property=\"article:modified_time\" content=\"2023-05-25T10:19:44+00:00\" \/>\n<meta property=\"og:image\" content=\"https:\/\/www.renouvelle.be\/wp-content\/uploads\/2023\/04\/338699227_141069865582764_7417988219380001887_n.jpg\" \/>\n\t<meta property=\"og:image:width\" content=\"2048\" \/>\n\t<meta property=\"og:image:height\" content=\"1536\" \/>\n\t<meta property=\"og:image:type\" content=\"image\/jpeg\" \/>\n<meta name=\"author\" content=\"Philippe Limbourg\" \/>\n<meta name=\"twitter:card\" content=\"summary_large_image\" \/>\n<script type=\"application\/ld+json\" class=\"yoast-schema-graph\">{\"@context\":\"https:\\\/\\\/schema.org\",\"@graph\":[{\"@type\":\"Article\",\"@id\":\"https:\\\/\\\/www.renouvelle.be\\\/fr\\\/braine-lalleud-a-inaugure-le-plus-grand-parc-photovoltaique-terrestre-de-wallonie\\\/#article\",\"isPartOf\":{\"@id\":\"https:\\\/\\\/www.renouvelle.be\\\/fr\\\/braine-lalleud-a-inaugure-le-plus-grand-parc-photovoltaique-terrestre-de-wallonie\\\/\"},\"author\":{\"name\":\"Philippe Limbourg\",\"@id\":\"https:\\\/\\\/www.renouvelle.be\\\/fr\\\/#\\\/schema\\\/person\\\/980400dfd457d76423b6766ad2146490\"},\"headline\":\"Braine-l\u2019Alleud a inaugur\u00e9 le plus grand parc photovolta\u00efque terrestre de Wallonie\",\"datePublished\":\"2023-04-06T12:51:57+00:00\",\"dateModified\":\"2023-05-25T10:19:44+00:00\",\"mainEntityOfPage\":{\"@id\":\"https:\\\/\\\/www.renouvelle.be\\\/fr\\\/braine-lalleud-a-inaugure-le-plus-grand-parc-photovoltaique-terrestre-de-wallonie\\\/\"},\"wordCount\":853,\"image\":{\"@id\":\"https:\\\/\\\/www.renouvelle.be\\\/fr\\\/braine-lalleud-a-inaugure-le-plus-grand-parc-photovoltaique-terrestre-de-wallonie\\\/#primaryimage\"},\"thumbnailUrl\":\"https:\\\/\\\/www.renouvelle.be\\\/wp-content\\\/uploads\\\/2023\\\/04\\\/338699227_141069865582764_7417988219380001887_n.jpg\",\"articleSection\":[\"Actualit\u00e9\",\"Actualit\u00e9 en Belgique\"],\"inLanguage\":\"fr-FR\"},{\"@type\":\"WebPage\",\"@id\":\"https:\\\/\\\/www.renouvelle.be\\\/fr\\\/braine-lalleud-a-inaugure-le-plus-grand-parc-photovoltaique-terrestre-de-wallonie\\\/\",\"url\":\"https:\\\/\\\/www.renouvelle.be\\\/fr\\\/braine-lalleud-a-inaugure-le-plus-grand-parc-photovoltaique-terrestre-de-wallonie\\\/\",\"name\":\"Braine-l\u2019Alleud a inaugur\u00e9 le plus grand parc photovolta\u00efque terrestre de Wallonie - Renouvelle\",\"isPartOf\":{\"@id\":\"https:\\\/\\\/www.renouvelle.be\\\/fr\\\/#website\"},\"primaryImageOfPage\":{\"@id\":\"https:\\\/\\\/www.renouvelle.be\\\/fr\\\/braine-lalleud-a-inaugure-le-plus-grand-parc-photovoltaique-terrestre-de-wallonie\\\/#primaryimage\"},\"image\":{\"@id\":\"https:\\\/\\\/www.renouvelle.be\\\/fr\\\/braine-lalleud-a-inaugure-le-plus-grand-parc-photovoltaique-terrestre-de-wallonie\\\/#primaryimage\"},\"thumbnailUrl\":\"https:\\\/\\\/www.renouvelle.be\\\/wp-content\\\/uploads\\\/2023\\\/04\\\/338699227_141069865582764_7417988219380001887_n.jpg\",\"datePublished\":\"2023-04-06T12:51:57+00:00\",\"dateModified\":\"2023-05-25T10:19:44+00:00\",\"author\":{\"@id\":\"https:\\\/\\\/www.renouvelle.be\\\/fr\\\/#\\\/schema\\\/person\\\/980400dfd457d76423b6766ad2146490\"},\"description\":\"Braine-l'Alleud a inaugur\u00e9 le plus grand parc photovolta\u00efque terrestre de Wallonie\",\"breadcrumb\":{\"@id\":\"https:\\\/\\\/www.renouvelle.be\\\/fr\\\/braine-lalleud-a-inaugure-le-plus-grand-parc-photovoltaique-terrestre-de-wallonie\\\/#breadcrumb\"},\"inLanguage\":\"fr-FR\",\"potentialAction\":[{\"@type\":\"ReadAction\",\"target\":[\"https:\\\/\\\/www.renouvelle.be\\\/fr\\\/braine-lalleud-a-inaugure-le-plus-grand-parc-photovoltaique-terrestre-de-wallonie\\\/\"]}]},{\"@type\":\"ImageObject\",\"inLanguage\":\"fr-FR\",\"@id\":\"https:\\\/\\\/www.renouvelle.be\\\/fr\\\/braine-lalleud-a-inaugure-le-plus-grand-parc-photovoltaique-terrestre-de-wallonie\\\/#primaryimage\",\"url\":\"https:\\\/\\\/www.renouvelle.be\\\/wp-content\\\/uploads\\\/2023\\\/04\\\/338699227_141069865582764_7417988219380001887_n.jpg\",\"contentUrl\":\"https:\\\/\\\/www.renouvelle.be\\\/wp-content\\\/uploads\\\/2023\\\/04\\\/338699227_141069865582764_7417988219380001887_n.jpg\",\"width\":2048,\"height\":1536,\"caption\":\"default\"},{\"@type\":\"BreadcrumbList\",\"@id\":\"https:\\\/\\\/www.renouvelle.be\\\/fr\\\/braine-lalleud-a-inaugure-le-plus-grand-parc-photovoltaique-terrestre-de-wallonie\\\/#breadcrumb\",\"itemListElement\":[{\"@type\":\"ListItem\",\"position\":1,\"name\":\"Accueil\",\"item\":\"https:\\\/\\\/www.renouvelle.be\\\/fr\\\/\"},{\"@type\":\"ListItem\",\"position\":2,\"name\":\"Braine-l\u2019Alleud a inaugur\u00e9 le plus grand parc photovolta\u00efque terrestre de Wallonie\"}]},{\"@type\":\"WebSite\",\"@id\":\"https:\\\/\\\/www.renouvelle.be\\\/fr\\\/#website\",\"url\":\"https:\\\/\\\/www.renouvelle.be\\\/fr\\\/\",\"name\":\"Renouvelle\",\"description\":\"L&#039;actualit\u00e9 de l&#039;\u00e9nergie durable\",\"potentialAction\":[{\"@type\":\"SearchAction\",\"target\":{\"@type\":\"EntryPoint\",\"urlTemplate\":\"https:\\\/\\\/www.renouvelle.be\\\/fr\\\/?s={search_term_string}\"},\"query-input\":{\"@type\":\"PropertyValueSpecification\",\"valueRequired\":true,\"valueName\":\"search_term_string\"}}],\"inLanguage\":\"fr-FR\"},{\"@type\":\"Person\",\"@id\":\"https:\\\/\\\/www.renouvelle.be\\\/fr\\\/#\\\/schema\\\/person\\\/980400dfd457d76423b6766ad2146490\",\"name\":\"Philippe Limbourg\",\"url\":\"https:\\\/\\\/www.renouvelle.be\\\/fr\\\/author\\\/philippe-limbourg\\\/\"}]}<\/script>\n<!-- \/ Yoast SEO plugin. -->","yoast_head_json":{"title":"Braine-l\u2019Alleud a inaugur\u00e9 le plus grand parc photovolta\u00efque terrestre de Wallonie - Renouvelle","description":"Braine-l'Alleud a inaugur\u00e9 le plus grand parc photovolta\u00efque terrestre de Wallonie","robots":{"index":"index","follow":"follow","max-snippet":"max-snippet:-1","max-image-preview":"max-image-preview:large","max-video-preview":"max-video-preview:-1"},"canonical":"https:\/\/www.renouvelle.be\/fr\/braine-lalleud-a-inaugure-le-plus-grand-parc-photovoltaique-terrestre-de-wallonie\/","og_locale":"fr_FR","og_type":"article","og_title":"Braine-l\u2019Alleud a inaugur\u00e9 le plus grand parc photovolta\u00efque terrestre de Wallonie - Renouvelle","og_description":"Braine-l'Alleud a inaugur\u00e9 le plus grand parc photovolta\u00efque terrestre de Wallonie","og_url":"https:\/\/www.renouvelle.be\/fr\/braine-lalleud-a-inaugure-le-plus-grand-parc-photovoltaique-terrestre-de-wallonie\/","og_site_name":"Renouvelle","article_published_time":"2023-04-06T12:51:57+00:00","article_modified_time":"2023-05-25T10:19:44+00:00","og_image":[{"width":2048,"height":1536,"url":"https:\/\/www.renouvelle.be\/wp-content\/uploads\/2023\/04\/338699227_141069865582764_7417988219380001887_n.jpg","type":"image\/jpeg"}],"author":"Philippe Limbourg","twitter_card":"summary_large_image","schema":{"@context":"https:\/\/schema.org","@graph":[{"@type":"Article","@id":"https:\/\/www.renouvelle.be\/fr\/braine-lalleud-a-inaugure-le-plus-grand-parc-photovoltaique-terrestre-de-wallonie\/#article","isPartOf":{"@id":"https:\/\/www.renouvelle.be\/fr\/braine-lalleud-a-inaugure-le-plus-grand-parc-photovoltaique-terrestre-de-wallonie\/"},"author":{"name":"Philippe Limbourg","@id":"https:\/\/www.renouvelle.be\/fr\/#\/schema\/person\/980400dfd457d76423b6766ad2146490"},"headline":"Braine-l\u2019Alleud a inaugur\u00e9 le plus grand parc photovolta\u00efque terrestre de Wallonie","datePublished":"2023-04-06T12:51:57+00:00","dateModified":"2023-05-25T10:19:44+00:00","mainEntityOfPage":{"@id":"https:\/\/www.renouvelle.be\/fr\/braine-lalleud-a-inaugure-le-plus-grand-parc-photovoltaique-terrestre-de-wallonie\/"},"wordCount":853,"image":{"@id":"https:\/\/www.renouvelle.be\/fr\/braine-lalleud-a-inaugure-le-plus-grand-parc-photovoltaique-terrestre-de-wallonie\/#primaryimage"},"thumbnailUrl":"https:\/\/www.renouvelle.be\/wp-content\/uploads\/2023\/04\/338699227_141069865582764_7417988219380001887_n.jpg","articleSection":["Actualit\u00e9","Actualit\u00e9 en Belgique"],"inLanguage":"fr-FR"},{"@type":"WebPage","@id":"https:\/\/www.renouvelle.be\/fr\/braine-lalleud-a-inaugure-le-plus-grand-parc-photovoltaique-terrestre-de-wallonie\/","url":"https:\/\/www.renouvelle.be\/fr\/braine-lalleud-a-inaugure-le-plus-grand-parc-photovoltaique-terrestre-de-wallonie\/","name":"Braine-l\u2019Alleud a inaugur\u00e9 le plus grand parc photovolta\u00efque terrestre de Wallonie - Renouvelle","isPartOf":{"@id":"https:\/\/www.renouvelle.be\/fr\/#website"},"primaryImageOfPage":{"@id":"https:\/\/www.renouvelle.be\/fr\/braine-lalleud-a-inaugure-le-plus-grand-parc-photovoltaique-terrestre-de-wallonie\/#primaryimage"},"image":{"@id":"https:\/\/www.renouvelle.be\/fr\/braine-lalleud-a-inaugure-le-plus-grand-parc-photovoltaique-terrestre-de-wallonie\/#primaryimage"},"thumbnailUrl":"https:\/\/www.renouvelle.be\/wp-content\/uploads\/2023\/04\/338699227_141069865582764_7417988219380001887_n.jpg","datePublished":"2023-04-06T12:51:57+00:00","dateModified":"2023-05-25T10:19:44+00:00","author":{"@id":"https:\/\/www.renouvelle.be\/fr\/#\/schema\/person\/980400dfd457d76423b6766ad2146490"},"description":"Braine-l'Alleud a inaugur\u00e9 le plus grand parc photovolta\u00efque terrestre de Wallonie","breadcrumb":{"@id":"https:\/\/www.renouvelle.be\/fr\/braine-lalleud-a-inaugure-le-plus-grand-parc-photovoltaique-terrestre-de-wallonie\/#breadcrumb"},"inLanguage":"fr-FR","potentialAction":[{"@type":"ReadAction","target":["https:\/\/www.renouvelle.be\/fr\/braine-lalleud-a-inaugure-le-plus-grand-parc-photovoltaique-terrestre-de-wallonie\/"]}]},{"@type":"ImageObject","inLanguage":"fr-FR","@id":"https:\/\/www.renouvelle.be\/fr\/braine-lalleud-a-inaugure-le-plus-grand-parc-photovoltaique-terrestre-de-wallonie\/#primaryimage","url":"https:\/\/www.renouvelle.be\/wp-content\/uploads\/2023\/04\/338699227_141069865582764_7417988219380001887_n.jpg","contentUrl":"https:\/\/www.renouvelle.be\/wp-content\/uploads\/2023\/04\/338699227_141069865582764_7417988219380001887_n.jpg","width":2048,"height":1536,"caption":"default"},{"@type":"BreadcrumbList","@id":"https:\/\/www.renouvelle.be\/fr\/braine-lalleud-a-inaugure-le-plus-grand-parc-photovoltaique-terrestre-de-wallonie\/#breadcrumb","itemListElement":[{"@type":"ListItem","position":1,"name":"Accueil","item":"https:\/\/www.renouvelle.be\/fr\/"},{"@type":"ListItem","position":2,"name":"Braine-l\u2019Alleud a inaugur\u00e9 le plus grand parc photovolta\u00efque terrestre de Wallonie"}]},{"@type":"WebSite","@id":"https:\/\/www.renouvelle.be\/fr\/#website","url":"https:\/\/www.renouvelle.be\/fr\/","name":"Renouvelle","description":"L&#039;actualit\u00e9 de l&#039;\u00e9nergie durable","potentialAction":[{"@type":"SearchAction","target":{"@type":"EntryPoint","urlTemplate":"https:\/\/www.renouvelle.be\/fr\/?s={search_term_string}"},"query-input":{"@type":"PropertyValueSpecification","valueRequired":true,"valueName":"search_term_string"}}],"inLanguage":"fr-FR"},{"@type":"Person","@id":"https:\/\/www.renouvelle.be\/fr\/#\/schema\/person\/980400dfd457d76423b6766ad2146490","name":"Philippe Limbourg","url":"https:\/\/www.renouvelle.be\/fr\/author\/philippe-limbourg\/"}]}},"_links":{"self":[{"href":"https:\/\/www.renouvelle.be\/fr\/wp-json\/wp\/v2\/posts\/9259","targetHints":{"allow":["GET"]}}],"collection":[{"href":"https:\/\/www.renouvelle.be\/fr\/wp-json\/wp\/v2\/posts"}],"about":[{"href":"https:\/\/www.renouvelle.be\/fr\/wp-json\/wp\/v2\/types\/post"}],"author":[{"embeddable":true,"href":"https:\/\/www.renouvelle.be\/fr\/wp-json\/wp\/v2\/users\/32"}],"replies":[{"embeddable":true,"href":"https:\/\/www.renouvelle.be\/fr\/wp-json\/wp\/v2\/comments?post=9259"}],"version-history":[{"count":9,"href":"https:\/\/www.renouvelle.be\/fr\/wp-json\/wp\/v2\/posts\/9259\/revisions"}],"predecessor-version":[{"id":9418,"href":"https:\/\/www.renouvelle.be\/fr\/wp-json\/wp\/v2\/posts\/9259\/revisions\/9418"}],"wp:featuredmedia":[{"embeddable":true,"href":"https:\/\/www.renouvelle.be\/fr\/wp-json\/wp\/v2\/media\/9273"}],"wp:attachment":[{"href":"https:\/\/www.renouvelle.be\/fr\/wp-json\/wp\/v2\/media?parent=9259"}],"wp:term":[{"taxonomy":"category","embeddable":true,"href":"https:\/\/www.renouvelle.be\/fr\/wp-json\/wp\/v2\/categories?post=9259"},{"taxonomy":"post_tag","embeddable":true,"href":"https:\/\/www.renouvelle.be\/fr\/wp-json\/wp\/v2\/tags?post=9259"},{"taxonomy":"section","embeddable":true,"href":"https:\/\/www.renouvelle.be\/fr\/wp-json\/wp\/v2\/section?post=9259"}],"curies":[{"name":"wp","href":"https:\/\/api.w.org\/{rel}","templated":true}]}}