{"id":9227,"date":"2023-04-05T11:07:53","date_gmt":"2023-04-05T09:07:53","guid":{"rendered":"https:\/\/www.renouvelle.be\/?p=9227"},"modified":"2023-04-05T11:07:55","modified_gmt":"2023-04-05T09:07:55","slug":"fin-des-chaudieres-au-mazout-quelles-mesures-compensatoires-prevues","status":"publish","type":"post","link":"https:\/\/www.renouvelle.be\/fr\/fin-des-chaudieres-au-mazout-quelles-mesures-compensatoires-prevues\/","title":{"rendered":"Fin des chaudi\u00e8res au mazout, quelles mesures compensatoires pr\u00e9vues\u00a0?"},"content":{"rendered":"\n<p>En mars 2023, le Gouvernement wallon a adopt\u00e9 la r\u00e9vision de son Plan Air Climat \u00c9nergie (PACE) 2030 qui pr\u00e9voit notamment la fin des installations de chauffage au mazout et au charbon.<\/p>\n\n\n\n<p>Parmi les mesures pr\u00e9vues, la R\u00e9gion amorce r\u00e9solument une sortie compl\u00e8te des \u00e9nergies fossiles \u00e0 l&rsquo;horizon 2050 en planifiant des \u00e9tapes successives de remplacement des chauffages au mazout et au charbon par des alternatives, et en stoppant tout subside public aux \u00e9nergies fossiles.<\/p>\n\n\n\n<figure class=\"wp-block-image size-large\"><img loading=\"lazy\" decoding=\"async\" width=\"1024\" height=\"681\" src=\"https:\/\/www.renouvelle.be\/wp-content\/uploads\/2023\/04\/tanker-2875593-1024x681.jpg\" alt=\"\" class=\"wp-image-9228\" srcset=\"https:\/\/www.renouvelle.be\/wp-content\/uploads\/2023\/04\/tanker-2875593-1024x681.jpg 1024w, https:\/\/www.renouvelle.be\/wp-content\/uploads\/2023\/04\/tanker-2875593-300x199.jpg 300w, https:\/\/www.renouvelle.be\/wp-content\/uploads\/2023\/04\/tanker-2875593-768x511.jpg 768w, https:\/\/www.renouvelle.be\/wp-content\/uploads\/2023\/04\/tanker-2875593-1536x1021.jpg 1536w, https:\/\/www.renouvelle.be\/wp-content\/uploads\/2023\/04\/tanker-2875593-2048x1362.jpg 2048w, https:\/\/www.renouvelle.be\/wp-content\/uploads\/2023\/04\/tanker-2875593-1200x798.jpg 1200w\" sizes=\"auto, (max-width: 1024px) 100vw, 1024px\" \/><\/figure>\n\n\n\n<p><br><strong>Fini l\u2019installation de nouveaux appareils de chauffage au mazout. <\/strong><\/p>\n\n\n\n<p>Toutefois, il faut distinguer plusieurs sc\u00e9narii :<\/p>\n\n\n\n<p><br>Dans les b\u00e2timents neufs, l&rsquo;installation d&rsquo;appareils de chauffage au mazout (et au charbon) sera interdite \u00e0 partir du 1er mars 2025.<br>Pour les b\u00e2timents existants, en cas de remplacement d&rsquo;une ancienne installation, l&rsquo;interdiction interviendra au plus tard au 1er janvier 2026.<br>Le SPW estime qu&rsquo;il y a environ 687 500 chaudi\u00e8res au mazout en Wallonie (environ 1 m\u00e9nage sur 2). Le nombre de remplacements annuels (sur base de chiffres des installateurs) serait d&rsquo;environ 27 000.<br>Le parc se renouvelle donc naturellement en 25 ans. Si on commence en 2025, l&rsquo;enti\u00e8ret\u00e9 du parc devrait \u00eatre remplac\u00e9e d&rsquo;ici 2050.<br>Il va de soir que, sur le terrain, certaines impossibilit\u00e9s technico \u00e9conomiques devraient \u00eatre rencontr\u00e9s et qu\u2019il faudra pr\u00e9voir alors\u2026 des exceptions (pour ne pas dire des compromis \u00e0 la belge). Mais la volont\u00e9 du gouvernement est clairement l\u00e0 de mettre fin au r\u00e8gne du mazout.<\/p>\n\n\n\n<p><strong>Quelles alternatives ?<br><\/strong>Bien s\u00fbr, on le sait, l\u2019id\u00e9al est d\u2019isoler en priorit\u00e9 son logement plut\u00f4t que de multiplier les sources de chauffage. Mais il n\u2019en demeure pas moins que, ne fut-ce que pour le chauffage sanitaire, des sources de chaleurs sont n\u00e9cessaires. Il existe ainsi de nombreuses possibilit\u00e9s d&rsquo;installations alternatives au mazout pour le chauffage et l&rsquo;eau chaude sanitaire :<\/p>\n\n\n\n<p><br>Chaudi\u00e8re au gaz et raccordement au gaz naturel l\u00e0 o\u00f9 le r\u00e9seau est disponible ;<br>Pompes \u00e0 chaleur de diff\u00e9rents types, pour le chauffage, l&rsquo;eau chaude sanitaire ou combin\u00e9e ;<br>Chaudi\u00e8res et po\u00eales biomasse (pellets, bois)<br>Chauffe-eau solaire<br>Le raccordement \u00e0 un r\u00e9seau de chaleur<\/p>\n\n\n\n<p><br>Les technologies les plus courantes sont couvertes par les primes r\u00e9gionales : pompe \u00e0 chaleur (ECS, chauffage ou combin\u00e9e), chaudi\u00e8re biomasse, po\u00eale biomasse, chauffe-eau solaire. Les montants de base des primes varient de 250 \u00e0 1000 \u20ac, avec un coefficient multiplicateur de 1 \u00e0 6 selon les revenus des m\u00e9nages.<br>Le seul co\u00fbt sp\u00e9cifique suppl\u00e9mentaire est celui de la mise hors service de la cuve. Des primes seront \u00e9galement pr\u00e9vues pour l&rsquo;enl\u00e8vement des cuves.<\/p>\n\n\n\n<p><br><strong>Strat\u00e9gie de sortie du gaz fossile<br><\/strong>Il est \u00e0 \u00f4ter que ce PACE 2030 pr\u00e9voit \u00e9galement une strat\u00e9gie de sortie du gaz fossile. Outre le charbon et le mazout, il est en effet n\u00e9cessaire de sortir de toutes les \u00e9nergies fossiles, y compris le gaz non-renouvelable \u00e0 l&rsquo;horizon 2050.<br>\u00c9tant donn\u00e9 la complexit\u00e9 du sujet, une strat\u00e9gie globale de sortie du gaz fossile, assortie d&rsquo;une vision sur les usages futurs des r\u00e9seaux de distribution et sur le d\u00e9veloppement des nouveaux vecteurs, devrait \u00eatre \u00e9tablie en consultation avec les parties prenantes pour le 30 juin 2023. Affaire \u00e0 suivre donc.<\/p>\n\n\n\n<p><\/p>\n\n\n\n<p>Source: Wallonie.be<\/p>\n\n\n\n<p><\/p>\n","protected":false},"excerpt":{"rendered":"<p>En mars 2023, le Gouvernement wallon a adopt\u00e9 la r\u00e9vision de son Plan Air Climat \u00c9nergie (PACE) 2030 qui pr\u00e9voit notamment la fin des installations de chauffage au mazout et au charbon. Parmi les mesures pr\u00e9vues, la R\u00e9gion amorce r\u00e9solument une sortie compl\u00e8te des \u00e9nergies fossiles \u00e0 l&rsquo;horizon 2050 en planifiant des \u00e9tapes successives de remplacement des chauffages au mazout et au charbon par des alternatives, et en stoppant tout subside public aux \u00e9nergies fossiles. Fini l\u2019installation de nouveaux appareils de chauffage au mazout. Toutefois, il faut distinguer plusieurs sc\u00e9narii : Dans les b\u00e2timents neufs, l&rsquo;installation d&rsquo;appareils de chauffage au mazout (et au charbon) sera interdite \u00e0 partir du 1er mars 2025.Pour les b\u00e2timents existants, en cas de remplacement d&rsquo;une ancienne installation, l&rsquo;interdiction interviendra au plus tard au 1er janvier 2026.Le SPW estime qu&rsquo;il y a environ 687 500 chaudi\u00e8res au mazout en Wallonie (environ 1 m\u00e9nage sur 2). Le nombre de remplacements annuels (sur base de chiffres des installateurs) serait d&rsquo;environ 27 000.Le parc se renouvelle donc naturellement en 25 ans. Si on commence en 2025, l&rsquo;enti\u00e8ret\u00e9 du parc devrait \u00eatre remplac\u00e9e d&rsquo;ici 2050.Il va de soir que, sur le terrain, certaines impossibilit\u00e9s technico \u00e9conomiques devraient \u00eatre rencontr\u00e9s et qu\u2019il faudra pr\u00e9voir alors\u2026 des exceptions (pour ne pas dire des compromis \u00e0 la belge). Mais la volont\u00e9 du gouvernement est clairement l\u00e0 de mettre fin au r\u00e8gne du mazout. Quelles alternatives ?Bien s\u00fbr, on le sait, l\u2019id\u00e9al est d\u2019isoler en priorit\u00e9 son logement plut\u00f4t que de multiplier les sources de chauffage. Mais il n\u2019en demeure pas moins que, ne fut-ce que pour le chauffage sanitaire, des sources de chaleurs sont n\u00e9cessaires. Il existe ainsi de nombreuses possibilit\u00e9s d&rsquo;installations alternatives au mazout pour le chauffage et l&rsquo;eau chaude sanitaire : &hellip; <a href=\"https:\/\/www.renouvelle.be\/fr\/fin-des-chaudieres-au-mazout-quelles-mesures-compensatoires-prevues\/\" class=\"more-link\">Continue reading<span class=\"screen-reader-text\"> \u00ab\u00a0Fin des chaudi\u00e8res au mazout, quelles mesures compensatoires pr\u00e9vues\u00a0?\u00a0\u00bb<\/span><\/a><\/p>\n","protected":false},"author":32,"featured_media":9230,"comment_status":"closed","ping_status":"closed","sticky":false,"template":"","format":"standard","meta":{"_acf_changed":false,"footnotes":""},"categories":[16,17],"tags":[],"section":[8],"class_list":["post-9227","post","type-post","status-publish","format-standard","has-post-thumbnail","hentry","category-actualite","category-actualite-en-belgique","section-energie-renouvelables"],"acf":[],"yoast_head":"<!-- This site is optimized with the Yoast SEO plugin v27.5 - https:\/\/yoast.com\/product\/yoast-seo-wordpress\/ -->\n<title>Fin des chaudi\u00e8res au mazout, quelles mesures compensatoires pr\u00e9vues\u00a0? - Renouvelle<\/title>\n<meta name=\"description\" content=\"D&#039;ici 2025, l&#039;installation de chaudi\u00e8res au mazout sera interdite dans les b\u00e2timents neufs. Quid de cette nouvelle l\u00e9gislation?\" \/>\n<meta name=\"robots\" content=\"index, follow, max-snippet:-1, max-image-preview:large, max-video-preview:-1\" \/>\n<link rel=\"canonical\" href=\"https:\/\/www.renouvelle.be\/fr\/fin-des-chaudieres-au-mazout-quelles-mesures-compensatoires-prevues\/\" \/>\n<meta property=\"og:locale\" content=\"fr_FR\" \/>\n<meta property=\"og:type\" content=\"article\" \/>\n<meta property=\"og:title\" content=\"Fin des chaudi\u00e8res au mazout, quelles mesures compensatoires pr\u00e9vues\u00a0? - Renouvelle\" \/>\n<meta property=\"og:description\" content=\"D&#039;ici 2025, l&#039;installation de chaudi\u00e8res au mazout sera interdite dans les b\u00e2timents neufs. Quid de cette nouvelle l\u00e9gislation?\" \/>\n<meta property=\"og:url\" content=\"https:\/\/www.renouvelle.be\/fr\/fin-des-chaudieres-au-mazout-quelles-mesures-compensatoires-prevues\/\" \/>\n<meta property=\"og:site_name\" content=\"Renouvelle\" \/>\n<meta property=\"article:published_time\" content=\"2023-04-05T09:07:53+00:00\" \/>\n<meta property=\"article:modified_time\" content=\"2023-04-05T09:07:55+00:00\" \/>\n<meta property=\"og:image\" content=\"https:\/\/www.renouvelle.be\/wp-content\/uploads\/2023\/04\/heating-949081-scaled.jpg\" \/>\n\t<meta property=\"og:image:width\" content=\"2560\" \/>\n\t<meta property=\"og:image:height\" content=\"1920\" \/>\n\t<meta property=\"og:image:type\" content=\"image\/jpeg\" \/>\n<meta name=\"author\" content=\"Philippe Limbourg\" \/>\n<meta name=\"twitter:card\" content=\"summary_large_image\" \/>\n<script type=\"application\/ld+json\" class=\"yoast-schema-graph\">{\"@context\":\"https:\\\/\\\/schema.org\",\"@graph\":[{\"@type\":\"Article\",\"@id\":\"https:\\\/\\\/www.renouvelle.be\\\/fr\\\/fin-des-chaudieres-au-mazout-quelles-mesures-compensatoires-prevues\\\/#article\",\"isPartOf\":{\"@id\":\"https:\\\/\\\/www.renouvelle.be\\\/fr\\\/fin-des-chaudieres-au-mazout-quelles-mesures-compensatoires-prevues\\\/\"},\"author\":{\"name\":\"Philippe Limbourg\",\"@id\":\"https:\\\/\\\/www.renouvelle.be\\\/fr\\\/#\\\/schema\\\/person\\\/980400dfd457d76423b6766ad2146490\"},\"headline\":\"Fin des chaudi\u00e8res au mazout, quelles mesures compensatoires pr\u00e9vues\u00a0?\",\"datePublished\":\"2023-04-05T09:07:53+00:00\",\"dateModified\":\"2023-04-05T09:07:55+00:00\",\"mainEntityOfPage\":{\"@id\":\"https:\\\/\\\/www.renouvelle.be\\\/fr\\\/fin-des-chaudieres-au-mazout-quelles-mesures-compensatoires-prevues\\\/\"},\"wordCount\":552,\"image\":{\"@id\":\"https:\\\/\\\/www.renouvelle.be\\\/fr\\\/fin-des-chaudieres-au-mazout-quelles-mesures-compensatoires-prevues\\\/#primaryimage\"},\"thumbnailUrl\":\"https:\\\/\\\/www.renouvelle.be\\\/wp-content\\\/uploads\\\/2023\\\/04\\\/heating-949081-scaled.jpg\",\"articleSection\":[\"Actualit\u00e9\",\"Actualit\u00e9 en Belgique\"],\"inLanguage\":\"fr-FR\"},{\"@type\":\"WebPage\",\"@id\":\"https:\\\/\\\/www.renouvelle.be\\\/fr\\\/fin-des-chaudieres-au-mazout-quelles-mesures-compensatoires-prevues\\\/\",\"url\":\"https:\\\/\\\/www.renouvelle.be\\\/fr\\\/fin-des-chaudieres-au-mazout-quelles-mesures-compensatoires-prevues\\\/\",\"name\":\"Fin des chaudi\u00e8res au mazout, quelles mesures compensatoires pr\u00e9vues\u00a0? - Renouvelle\",\"isPartOf\":{\"@id\":\"https:\\\/\\\/www.renouvelle.be\\\/fr\\\/#website\"},\"primaryImageOfPage\":{\"@id\":\"https:\\\/\\\/www.renouvelle.be\\\/fr\\\/fin-des-chaudieres-au-mazout-quelles-mesures-compensatoires-prevues\\\/#primaryimage\"},\"image\":{\"@id\":\"https:\\\/\\\/www.renouvelle.be\\\/fr\\\/fin-des-chaudieres-au-mazout-quelles-mesures-compensatoires-prevues\\\/#primaryimage\"},\"thumbnailUrl\":\"https:\\\/\\\/www.renouvelle.be\\\/wp-content\\\/uploads\\\/2023\\\/04\\\/heating-949081-scaled.jpg\",\"datePublished\":\"2023-04-05T09:07:53+00:00\",\"dateModified\":\"2023-04-05T09:07:55+00:00\",\"author\":{\"@id\":\"https:\\\/\\\/www.renouvelle.be\\\/fr\\\/#\\\/schema\\\/person\\\/980400dfd457d76423b6766ad2146490\"},\"description\":\"D'ici 2025, l'installation de chaudi\u00e8res au mazout sera interdite dans les b\u00e2timents neufs. Quid de cette nouvelle l\u00e9gislation?\",\"breadcrumb\":{\"@id\":\"https:\\\/\\\/www.renouvelle.be\\\/fr\\\/fin-des-chaudieres-au-mazout-quelles-mesures-compensatoires-prevues\\\/#breadcrumb\"},\"inLanguage\":\"fr-FR\",\"potentialAction\":[{\"@type\":\"ReadAction\",\"target\":[\"https:\\\/\\\/www.renouvelle.be\\\/fr\\\/fin-des-chaudieres-au-mazout-quelles-mesures-compensatoires-prevues\\\/\"]}]},{\"@type\":\"ImageObject\",\"inLanguage\":\"fr-FR\",\"@id\":\"https:\\\/\\\/www.renouvelle.be\\\/fr\\\/fin-des-chaudieres-au-mazout-quelles-mesures-compensatoires-prevues\\\/#primaryimage\",\"url\":\"https:\\\/\\\/www.renouvelle.be\\\/wp-content\\\/uploads\\\/2023\\\/04\\\/heating-949081-scaled.jpg\",\"contentUrl\":\"https:\\\/\\\/www.renouvelle.be\\\/wp-content\\\/uploads\\\/2023\\\/04\\\/heating-949081-scaled.jpg\",\"width\":2560,\"height\":1920,\"caption\":\"chauffage\"},{\"@type\":\"BreadcrumbList\",\"@id\":\"https:\\\/\\\/www.renouvelle.be\\\/fr\\\/fin-des-chaudieres-au-mazout-quelles-mesures-compensatoires-prevues\\\/#breadcrumb\",\"itemListElement\":[{\"@type\":\"ListItem\",\"position\":1,\"name\":\"Accueil\",\"item\":\"https:\\\/\\\/www.renouvelle.be\\\/fr\\\/\"},{\"@type\":\"ListItem\",\"position\":2,\"name\":\"Fin des chaudi\u00e8res au mazout, quelles mesures compensatoires pr\u00e9vues\u00a0?\"}]},{\"@type\":\"WebSite\",\"@id\":\"https:\\\/\\\/www.renouvelle.be\\\/fr\\\/#website\",\"url\":\"https:\\\/\\\/www.renouvelle.be\\\/fr\\\/\",\"name\":\"Renouvelle\",\"description\":\"L&#039;actualit\u00e9 de l&#039;\u00e9nergie durable\",\"potentialAction\":[{\"@type\":\"SearchAction\",\"target\":{\"@type\":\"EntryPoint\",\"urlTemplate\":\"https:\\\/\\\/www.renouvelle.be\\\/fr\\\/?s={search_term_string}\"},\"query-input\":{\"@type\":\"PropertyValueSpecification\",\"valueRequired\":true,\"valueName\":\"search_term_string\"}}],\"inLanguage\":\"fr-FR\"},{\"@type\":\"Person\",\"@id\":\"https:\\\/\\\/www.renouvelle.be\\\/fr\\\/#\\\/schema\\\/person\\\/980400dfd457d76423b6766ad2146490\",\"name\":\"Philippe Limbourg\",\"url\":\"https:\\\/\\\/www.renouvelle.be\\\/fr\\\/author\\\/philippe-limbourg\\\/\"}]}<\/script>\n<!-- \/ Yoast SEO plugin. -->","yoast_head_json":{"title":"Fin des chaudi\u00e8res au mazout, quelles mesures compensatoires pr\u00e9vues\u00a0? - Renouvelle","description":"D'ici 2025, l'installation de chaudi\u00e8res au mazout sera interdite dans les b\u00e2timents neufs. Quid de cette nouvelle l\u00e9gislation?","robots":{"index":"index","follow":"follow","max-snippet":"max-snippet:-1","max-image-preview":"max-image-preview:large","max-video-preview":"max-video-preview:-1"},"canonical":"https:\/\/www.renouvelle.be\/fr\/fin-des-chaudieres-au-mazout-quelles-mesures-compensatoires-prevues\/","og_locale":"fr_FR","og_type":"article","og_title":"Fin des chaudi\u00e8res au mazout, quelles mesures compensatoires pr\u00e9vues\u00a0? - Renouvelle","og_description":"D'ici 2025, l'installation de chaudi\u00e8res au mazout sera interdite dans les b\u00e2timents neufs. Quid de cette nouvelle l\u00e9gislation?","og_url":"https:\/\/www.renouvelle.be\/fr\/fin-des-chaudieres-au-mazout-quelles-mesures-compensatoires-prevues\/","og_site_name":"Renouvelle","article_published_time":"2023-04-05T09:07:53+00:00","article_modified_time":"2023-04-05T09:07:55+00:00","og_image":[{"width":2560,"height":1920,"url":"https:\/\/www.renouvelle.be\/wp-content\/uploads\/2023\/04\/heating-949081-scaled.jpg","type":"image\/jpeg"}],"author":"Philippe Limbourg","twitter_card":"summary_large_image","schema":{"@context":"https:\/\/schema.org","@graph":[{"@type":"Article","@id":"https:\/\/www.renouvelle.be\/fr\/fin-des-chaudieres-au-mazout-quelles-mesures-compensatoires-prevues\/#article","isPartOf":{"@id":"https:\/\/www.renouvelle.be\/fr\/fin-des-chaudieres-au-mazout-quelles-mesures-compensatoires-prevues\/"},"author":{"name":"Philippe Limbourg","@id":"https:\/\/www.renouvelle.be\/fr\/#\/schema\/person\/980400dfd457d76423b6766ad2146490"},"headline":"Fin des chaudi\u00e8res au mazout, quelles mesures compensatoires pr\u00e9vues\u00a0?","datePublished":"2023-04-05T09:07:53+00:00","dateModified":"2023-04-05T09:07:55+00:00","mainEntityOfPage":{"@id":"https:\/\/www.renouvelle.be\/fr\/fin-des-chaudieres-au-mazout-quelles-mesures-compensatoires-prevues\/"},"wordCount":552,"image":{"@id":"https:\/\/www.renouvelle.be\/fr\/fin-des-chaudieres-au-mazout-quelles-mesures-compensatoires-prevues\/#primaryimage"},"thumbnailUrl":"https:\/\/www.renouvelle.be\/wp-content\/uploads\/2023\/04\/heating-949081-scaled.jpg","articleSection":["Actualit\u00e9","Actualit\u00e9 en Belgique"],"inLanguage":"fr-FR"},{"@type":"WebPage","@id":"https:\/\/www.renouvelle.be\/fr\/fin-des-chaudieres-au-mazout-quelles-mesures-compensatoires-prevues\/","url":"https:\/\/www.renouvelle.be\/fr\/fin-des-chaudieres-au-mazout-quelles-mesures-compensatoires-prevues\/","name":"Fin des chaudi\u00e8res au mazout, quelles mesures compensatoires pr\u00e9vues\u00a0? - Renouvelle","isPartOf":{"@id":"https:\/\/www.renouvelle.be\/fr\/#website"},"primaryImageOfPage":{"@id":"https:\/\/www.renouvelle.be\/fr\/fin-des-chaudieres-au-mazout-quelles-mesures-compensatoires-prevues\/#primaryimage"},"image":{"@id":"https:\/\/www.renouvelle.be\/fr\/fin-des-chaudieres-au-mazout-quelles-mesures-compensatoires-prevues\/#primaryimage"},"thumbnailUrl":"https:\/\/www.renouvelle.be\/wp-content\/uploads\/2023\/04\/heating-949081-scaled.jpg","datePublished":"2023-04-05T09:07:53+00:00","dateModified":"2023-04-05T09:07:55+00:00","author":{"@id":"https:\/\/www.renouvelle.be\/fr\/#\/schema\/person\/980400dfd457d76423b6766ad2146490"},"description":"D'ici 2025, l'installation de chaudi\u00e8res au mazout sera interdite dans les b\u00e2timents neufs. Quid de cette nouvelle l\u00e9gislation?","breadcrumb":{"@id":"https:\/\/www.renouvelle.be\/fr\/fin-des-chaudieres-au-mazout-quelles-mesures-compensatoires-prevues\/#breadcrumb"},"inLanguage":"fr-FR","potentialAction":[{"@type":"ReadAction","target":["https:\/\/www.renouvelle.be\/fr\/fin-des-chaudieres-au-mazout-quelles-mesures-compensatoires-prevues\/"]}]},{"@type":"ImageObject","inLanguage":"fr-FR","@id":"https:\/\/www.renouvelle.be\/fr\/fin-des-chaudieres-au-mazout-quelles-mesures-compensatoires-prevues\/#primaryimage","url":"https:\/\/www.renouvelle.be\/wp-content\/uploads\/2023\/04\/heating-949081-scaled.jpg","contentUrl":"https:\/\/www.renouvelle.be\/wp-content\/uploads\/2023\/04\/heating-949081-scaled.jpg","width":2560,"height":1920,"caption":"chauffage"},{"@type":"BreadcrumbList","@id":"https:\/\/www.renouvelle.be\/fr\/fin-des-chaudieres-au-mazout-quelles-mesures-compensatoires-prevues\/#breadcrumb","itemListElement":[{"@type":"ListItem","position":1,"name":"Accueil","item":"https:\/\/www.renouvelle.be\/fr\/"},{"@type":"ListItem","position":2,"name":"Fin des chaudi\u00e8res au mazout, quelles mesures compensatoires pr\u00e9vues\u00a0?"}]},{"@type":"WebSite","@id":"https:\/\/www.renouvelle.be\/fr\/#website","url":"https:\/\/www.renouvelle.be\/fr\/","name":"Renouvelle","description":"L&#039;actualit\u00e9 de l&#039;\u00e9nergie durable","potentialAction":[{"@type":"SearchAction","target":{"@type":"EntryPoint","urlTemplate":"https:\/\/www.renouvelle.be\/fr\/?s={search_term_string}"},"query-input":{"@type":"PropertyValueSpecification","valueRequired":true,"valueName":"search_term_string"}}],"inLanguage":"fr-FR"},{"@type":"Person","@id":"https:\/\/www.renouvelle.be\/fr\/#\/schema\/person\/980400dfd457d76423b6766ad2146490","name":"Philippe Limbourg","url":"https:\/\/www.renouvelle.be\/fr\/author\/philippe-limbourg\/"}]}},"_links":{"self":[{"href":"https:\/\/www.renouvelle.be\/fr\/wp-json\/wp\/v2\/posts\/9227","targetHints":{"allow":["GET"]}}],"collection":[{"href":"https:\/\/www.renouvelle.be\/fr\/wp-json\/wp\/v2\/posts"}],"about":[{"href":"https:\/\/www.renouvelle.be\/fr\/wp-json\/wp\/v2\/types\/post"}],"author":[{"embeddable":true,"href":"https:\/\/www.renouvelle.be\/fr\/wp-json\/wp\/v2\/users\/32"}],"replies":[{"embeddable":true,"href":"https:\/\/www.renouvelle.be\/fr\/wp-json\/wp\/v2\/comments?post=9227"}],"version-history":[{"count":2,"href":"https:\/\/www.renouvelle.be\/fr\/wp-json\/wp\/v2\/posts\/9227\/revisions"}],"predecessor-version":[{"id":9233,"href":"https:\/\/www.renouvelle.be\/fr\/wp-json\/wp\/v2\/posts\/9227\/revisions\/9233"}],"wp:featuredmedia":[{"embeddable":true,"href":"https:\/\/www.renouvelle.be\/fr\/wp-json\/wp\/v2\/media\/9230"}],"wp:attachment":[{"href":"https:\/\/www.renouvelle.be\/fr\/wp-json\/wp\/v2\/media?parent=9227"}],"wp:term":[{"taxonomy":"category","embeddable":true,"href":"https:\/\/www.renouvelle.be\/fr\/wp-json\/wp\/v2\/categories?post=9227"},{"taxonomy":"post_tag","embeddable":true,"href":"https:\/\/www.renouvelle.be\/fr\/wp-json\/wp\/v2\/tags?post=9227"},{"taxonomy":"section","embeddable":true,"href":"https:\/\/www.renouvelle.be\/fr\/wp-json\/wp\/v2\/section?post=9227"}],"curies":[{"name":"wp","href":"https:\/\/api.w.org\/{rel}","templated":true}]}}