{"id":9216,"date":"2023-03-29T07:30:00","date_gmt":"2023-03-29T05:30:00","guid":{"rendered":"https:\/\/www.renouvelle.be\/?p=9216"},"modified":"2023-04-06T15:27:42","modified_gmt":"2023-04-06T13:27:42","slug":"recyclage-des-eoliennes-ou-en-est-on","status":"publish","type":"post","link":"https:\/\/www.renouvelle.be\/fr\/recyclage-des-eoliennes-ou-en-est-on\/","title":{"rendered":"Recyclage des \u00e9oliennes, o\u00f9 en est-on ?"},"content":{"rendered":"\n<p><strong>Avec le d\u00e9ploiement des parcs \u00e9oliens dans nos campagnes, beaucoup se questionnent sur le c\u00f4t\u00e9 recyclable ou non des composantes d\u2019une \u00e9olienne. De solides avanc\u00e9es ont, encore r\u00e9cemment, \u00e9t\u00e9 faites et, aujourd\u2019hui, on tend vers un taux de recyclabilit\u00e9 de 100%.<\/strong><\/p>\n\n\n\n<p><strong>Des composantes multiples, des recyclages complexes.<\/strong><\/p>\n\n\n\n<p>Les \u00e9oliennes sont g\u00e9n\u00e9ralement compos\u00e9es d&rsquo;acier, de b\u00e9ton, de plastique et de mat\u00e9riaux plus complexes tels que la fibre de verre, le carbone ou des mat\u00e9riaux similaires m\u00e9lang\u00e9s \u00e0 une r\u00e9sine (souvent en \u00e9poxy, polyester ou vinylester) constituant les pales notamment. Chacun de ces mat\u00e9riaux n\u00e9cessite un traitement sp\u00e9cifique pour \u00eatre recycl\u00e9 efficacement.<\/p>\n\n\n\n<p>La plupart des \u00e9oliennes en fin de vie sont d\u00e9mantel\u00e9es et les mat\u00e9riaux recyclables r\u00e9cup\u00e9r\u00e9s. L&rsquo;acier peut en \u00eatre fondu et r\u00e9utilis\u00e9, le b\u00e9ton \u00eatre broy\u00e9 et r\u00e9utilis\u00e9 comme mat\u00e9riau de construction et les plastiques recycl\u00e9s en granul\u00e9s pour la production de nouveaux produits en plastique. Cependant, jusqu\u2019il y a peu, la fibre de verre et les composites avanc\u00e9s, plus difficiles \u00e0 recycler, n\u00e9cessitaient des proc\u00e9d\u00e9s plus sp\u00e9cifiques pour \u00eatre r\u00e9cup\u00e9r\u00e9s efficacement. Ces mat\u00e9riaux composites \u00e9taient valoris\u00e9s en tant que combustibles de substitution (dans les cimenteries par exemple), ou les fibres de pales broy\u00e9es utilis\u00e9es dans des mat\u00e9riaux de construction.<\/p>\n\n\n\n<p><strong>25 \u00e0 30 ans de dur\u00e9e de vie<\/strong><\/p>\n\n\n\n<p>Ces derni\u00e8res ann\u00e9es, des initiatives ont \u00e9t\u00e9 lanc\u00e9es pour d\u00e9velopper de nouvelles m\u00e9thodes de recyclage des \u00e9oliennes et surtout de leurs pales, qui demeurent la partie la plus complexe \u00e0 recycler. Et c\u2019est un d\u00e9fi de taille. Puisque si l\u2019on prend en compte l\u2019ensemble des \u00e9oliennes europ\u00e9ennes qui vont arriver en fin de vie, ce ne sont pas moins de 350.000 tonnes de mat\u00e9riaux qui doivent \u00eatre d\u00e9mantel\u00e9s puis recycl\u00e9s et r\u00e9affect\u00e9s. Autre \u00e9l\u00e9ment important, la dur\u00e9e de vie, autrefois limit\u00e9e \u00e0 20 ans, semble tendre actuellement plut\u00f4t vers 25-30 ans de dur\u00e9e de fonctionnement et de vie. Avec un \u00e2ge moyen actuel en Belgique de 7 ans pour les \u00e9oliennes install\u00e9es. &nbsp;<\/p>\n\n\n\n<p><strong>La R\u00e9gion Wallonne interdit l\u2019enfouissement&nbsp;!<\/strong><\/p>\n\n\n\n<p>Chez nous, la R\u00e9gion Wallonne impose aux exploitants des parcs \u00e9oliens de constituer une s\u00fbret\u00e9 (garantie d\u00e9pos\u00e9e sur un compte bloqu\u00e9), pour assurer que le d\u00e9mant\u00e8lement pourra \u00eatre financ\u00e9, m\u00eame en cas de faillite de l\u2019exploitant. La montant de la s\u00fbret\u00e9 est fix\u00e9 dans le permis et permettra de proc\u00e9der \u00e0 une d\u00e9construction et un recyclage garanti des diff\u00e9rents composants. Les terres agricoles qui les h\u00e9bergent doivent en outre \u00eatre rendues dans leur \u00e9tat initial. Enfin si, autrefois, on enfouissait les parties non recyclables des \u00e9oliennes, et principalement des pales, cela est d\u00e9sormais \u00e9galement interdit chez nous.<\/p>\n\n\n\n<p><strong>Une r\u00e9volution<\/strong><\/p>\n\n\n\n<p>La soci\u00e9t\u00e9 danoise Vestas a pr\u00e9sent\u00e9 tout r\u00e9cemment une nouvelle solution qui rend les pales d\u2019\u00e9oliennes recyclables, sans qu&rsquo;il soit n\u00e9cessaire de modifier la conception ou la composition des mat\u00e9riaux. Cette solution pourra donc s\u2019appliquer aux pales d\u00e9j\u00e0 existantes et m\u00eame \u00e0 celles d\u00e9j\u00e0 d\u00e9mantel\u00e9es mais non recycl\u00e9es. Elle se base sur le recours \u00e0 un nouveau proc\u00e9d\u00e9 permettant de d\u00e9composer la r\u00e9sine \u00e9poxy pour r\u00e9cup\u00e9rer la mati\u00e8re premi\u00e8re des pales. Une v\u00e9ritable r\u00e9volution dans le monde de l\u2019industrie \u00e9olienne et qui permet d\u00e9sormais de tordre le cou aux l\u00e9gendes selon lesquelles les \u00e9oliennes ne sont pas recyclables. Car, \u00e0 terme, il n\u2019en restera, finalement, que du vent.<\/p>\n","protected":false},"excerpt":{"rendered":"<p>Avec le d\u00e9ploiement des parcs \u00e9oliens dans nos campagnes, beaucoup se questionnent sur le c\u00f4t\u00e9 recyclable ou non des composantes d\u2019une \u00e9olienne. De solides avanc\u00e9es ont, encore r\u00e9cemment, \u00e9t\u00e9 faites et, aujourd\u2019hui, on tend vers un taux de recyclabilit\u00e9 de 100%. Des composantes multiples, des recyclages complexes. Les \u00e9oliennes sont g\u00e9n\u00e9ralement compos\u00e9es d&rsquo;acier, de b\u00e9ton, de plastique et de mat\u00e9riaux plus complexes tels que la fibre de verre, le carbone ou des mat\u00e9riaux similaires m\u00e9lang\u00e9s \u00e0 une r\u00e9sine (souvent en \u00e9poxy, polyester ou vinylester) constituant les pales notamment. Chacun de ces mat\u00e9riaux n\u00e9cessite un traitement sp\u00e9cifique pour \u00eatre recycl\u00e9 efficacement. La plupart des \u00e9oliennes en fin de vie sont d\u00e9mantel\u00e9es et les mat\u00e9riaux recyclables r\u00e9cup\u00e9r\u00e9s. L&rsquo;acier peut en \u00eatre fondu et r\u00e9utilis\u00e9, le b\u00e9ton \u00eatre broy\u00e9 et r\u00e9utilis\u00e9 comme mat\u00e9riau de construction et les plastiques recycl\u00e9s en granul\u00e9s pour la production de nouveaux produits en plastique. Cependant, jusqu\u2019il y a peu, la fibre de verre et les composites avanc\u00e9s, plus difficiles \u00e0 recycler, n\u00e9cessitaient des proc\u00e9d\u00e9s plus sp\u00e9cifiques pour \u00eatre r\u00e9cup\u00e9r\u00e9s efficacement. Ces mat\u00e9riaux composites \u00e9taient valoris\u00e9s en tant que combustibles de substitution (dans les cimenteries par exemple), ou les fibres de pales broy\u00e9es utilis\u00e9es dans des mat\u00e9riaux de construction. 25 \u00e0 30 ans de dur\u00e9e de vie Ces derni\u00e8res ann\u00e9es, des initiatives ont \u00e9t\u00e9 lanc\u00e9es pour d\u00e9velopper de nouvelles m\u00e9thodes de recyclage des \u00e9oliennes et surtout de leurs pales, qui demeurent la partie la plus complexe \u00e0 recycler. Et c\u2019est un d\u00e9fi de taille. Puisque si l\u2019on prend en compte l\u2019ensemble des \u00e9oliennes europ\u00e9ennes qui vont arriver en fin de vie, ce ne sont pas moins de 350.000 tonnes de mat\u00e9riaux qui doivent \u00eatre d\u00e9mantel\u00e9s puis recycl\u00e9s et r\u00e9affect\u00e9s. Autre \u00e9l\u00e9ment important, la dur\u00e9e de vie, autrefois limit\u00e9e \u00e0 &hellip; <a href=\"https:\/\/www.renouvelle.be\/fr\/recyclage-des-eoliennes-ou-en-est-on\/\" class=\"more-link\">Continue reading<span class=\"screen-reader-text\"> \u00ab\u00a0Recyclage des \u00e9oliennes, o\u00f9 en est-on ?\u00a0\u00bb<\/span><\/a><\/p>\n","protected":false},"author":32,"featured_media":9217,"comment_status":"closed","ping_status":"closed","sticky":false,"template":"","format":"standard","meta":{"_acf_changed":false,"footnotes":""},"categories":[20],"tags":[],"section":[6],"class_list":["post-9216","post","type-post","status-publish","format-standard","has-post-thumbnail","hentry","category-technologies","section-eolien"],"acf":[],"yoast_head":"<!-- This site is optimized with the Yoast SEO plugin v27.4 - https:\/\/yoast.com\/product\/yoast-seo-wordpress\/ -->\n<title>Recyclage des \u00e9oliennes, o\u00f9 en est-on ? - Renouvelle<\/title>\n<meta name=\"description\" content=\"Etat des lieux du taux de recyclage des \u00e9oliennes et de leurs composantes.\" \/>\n<meta name=\"robots\" content=\"index, follow, max-snippet:-1, max-image-preview:large, max-video-preview:-1\" \/>\n<link rel=\"canonical\" href=\"https:\/\/www.renouvelle.be\/fr\/recyclage-des-eoliennes-ou-en-est-on\/\" \/>\n<meta property=\"og:locale\" content=\"fr_FR\" \/>\n<meta property=\"og:type\" content=\"article\" \/>\n<meta property=\"og:title\" content=\"Recyclage des \u00e9oliennes, o\u00f9 en est-on ? - Renouvelle\" \/>\n<meta property=\"og:description\" content=\"Etat des lieux du taux de recyclage des \u00e9oliennes et de leurs composantes.\" \/>\n<meta property=\"og:url\" content=\"https:\/\/www.renouvelle.be\/fr\/recyclage-des-eoliennes-ou-en-est-on\/\" \/>\n<meta property=\"og:site_name\" content=\"Renouvelle\" \/>\n<meta property=\"article:published_time\" content=\"2023-03-29T05:30:00+00:00\" \/>\n<meta property=\"article:modified_time\" content=\"2023-04-06T13:27:42+00:00\" \/>\n<meta property=\"og:image\" content=\"https:\/\/www.renouvelle.be\/wp-content\/uploads\/2023\/03\/long-vehicle-320309-scaled.jpg\" \/>\n\t<meta property=\"og:image:width\" content=\"2560\" \/>\n\t<meta property=\"og:image:height\" content=\"1582\" \/>\n\t<meta property=\"og:image:type\" content=\"image\/jpeg\" \/>\n<meta name=\"author\" content=\"Philippe Limbourg\" \/>\n<meta name=\"twitter:card\" content=\"summary_large_image\" \/>\n<script type=\"application\/ld+json\" class=\"yoast-schema-graph\">{\"@context\":\"https:\\\/\\\/schema.org\",\"@graph\":[{\"@type\":\"Article\",\"@id\":\"https:\\\/\\\/www.renouvelle.be\\\/fr\\\/recyclage-des-eoliennes-ou-en-est-on\\\/#article\",\"isPartOf\":{\"@id\":\"https:\\\/\\\/www.renouvelle.be\\\/fr\\\/recyclage-des-eoliennes-ou-en-est-on\\\/\"},\"author\":{\"name\":\"Philippe Limbourg\",\"@id\":\"https:\\\/\\\/www.renouvelle.be\\\/fr\\\/#\\\/schema\\\/person\\\/980400dfd457d76423b6766ad2146490\"},\"headline\":\"Recyclage des \u00e9oliennes, o\u00f9 en est-on ?\",\"datePublished\":\"2023-03-29T05:30:00+00:00\",\"dateModified\":\"2023-04-06T13:27:42+00:00\",\"mainEntityOfPage\":{\"@id\":\"https:\\\/\\\/www.renouvelle.be\\\/fr\\\/recyclage-des-eoliennes-ou-en-est-on\\\/\"},\"wordCount\":638,\"image\":{\"@id\":\"https:\\\/\\\/www.renouvelle.be\\\/fr\\\/recyclage-des-eoliennes-ou-en-est-on\\\/#primaryimage\"},\"thumbnailUrl\":\"https:\\\/\\\/www.renouvelle.be\\\/wp-content\\\/uploads\\\/2023\\\/03\\\/long-vehicle-320309-scaled.jpg\",\"articleSection\":[\"Technologies\"],\"inLanguage\":\"fr-FR\"},{\"@type\":\"WebPage\",\"@id\":\"https:\\\/\\\/www.renouvelle.be\\\/fr\\\/recyclage-des-eoliennes-ou-en-est-on\\\/\",\"url\":\"https:\\\/\\\/www.renouvelle.be\\\/fr\\\/recyclage-des-eoliennes-ou-en-est-on\\\/\",\"name\":\"Recyclage des \u00e9oliennes, o\u00f9 en est-on ? - Renouvelle\",\"isPartOf\":{\"@id\":\"https:\\\/\\\/www.renouvelle.be\\\/fr\\\/#website\"},\"primaryImageOfPage\":{\"@id\":\"https:\\\/\\\/www.renouvelle.be\\\/fr\\\/recyclage-des-eoliennes-ou-en-est-on\\\/#primaryimage\"},\"image\":{\"@id\":\"https:\\\/\\\/www.renouvelle.be\\\/fr\\\/recyclage-des-eoliennes-ou-en-est-on\\\/#primaryimage\"},\"thumbnailUrl\":\"https:\\\/\\\/www.renouvelle.be\\\/wp-content\\\/uploads\\\/2023\\\/03\\\/long-vehicle-320309-scaled.jpg\",\"datePublished\":\"2023-03-29T05:30:00+00:00\",\"dateModified\":\"2023-04-06T13:27:42+00:00\",\"author\":{\"@id\":\"https:\\\/\\\/www.renouvelle.be\\\/fr\\\/#\\\/schema\\\/person\\\/980400dfd457d76423b6766ad2146490\"},\"description\":\"Etat des lieux du taux de recyclage des \u00e9oliennes et de leurs composantes.\",\"breadcrumb\":{\"@id\":\"https:\\\/\\\/www.renouvelle.be\\\/fr\\\/recyclage-des-eoliennes-ou-en-est-on\\\/#breadcrumb\"},\"inLanguage\":\"fr-FR\",\"potentialAction\":[{\"@type\":\"ReadAction\",\"target\":[\"https:\\\/\\\/www.renouvelle.be\\\/fr\\\/recyclage-des-eoliennes-ou-en-est-on\\\/\"]}]},{\"@type\":\"ImageObject\",\"inLanguage\":\"fr-FR\",\"@id\":\"https:\\\/\\\/www.renouvelle.be\\\/fr\\\/recyclage-des-eoliennes-ou-en-est-on\\\/#primaryimage\",\"url\":\"https:\\\/\\\/www.renouvelle.be\\\/wp-content\\\/uploads\\\/2023\\\/03\\\/long-vehicle-320309-scaled.jpg\",\"contentUrl\":\"https:\\\/\\\/www.renouvelle.be\\\/wp-content\\\/uploads\\\/2023\\\/03\\\/long-vehicle-320309-scaled.jpg\",\"width\":2560,\"height\":1582,\"caption\":\"transport de pales\"},{\"@type\":\"BreadcrumbList\",\"@id\":\"https:\\\/\\\/www.renouvelle.be\\\/fr\\\/recyclage-des-eoliennes-ou-en-est-on\\\/#breadcrumb\",\"itemListElement\":[{\"@type\":\"ListItem\",\"position\":1,\"name\":\"Accueil\",\"item\":\"https:\\\/\\\/www.renouvelle.be\\\/fr\\\/\"},{\"@type\":\"ListItem\",\"position\":2,\"name\":\"Recyclage des \u00e9oliennes, o\u00f9 en est-on ?\"}]},{\"@type\":\"WebSite\",\"@id\":\"https:\\\/\\\/www.renouvelle.be\\\/fr\\\/#website\",\"url\":\"https:\\\/\\\/www.renouvelle.be\\\/fr\\\/\",\"name\":\"Renouvelle\",\"description\":\"L&#039;actualit\u00e9 de l&#039;\u00e9nergie durable\",\"potentialAction\":[{\"@type\":\"SearchAction\",\"target\":{\"@type\":\"EntryPoint\",\"urlTemplate\":\"https:\\\/\\\/www.renouvelle.be\\\/fr\\\/?s={search_term_string}\"},\"query-input\":{\"@type\":\"PropertyValueSpecification\",\"valueRequired\":true,\"valueName\":\"search_term_string\"}}],\"inLanguage\":\"fr-FR\"},{\"@type\":\"Person\",\"@id\":\"https:\\\/\\\/www.renouvelle.be\\\/fr\\\/#\\\/schema\\\/person\\\/980400dfd457d76423b6766ad2146490\",\"name\":\"Philippe Limbourg\",\"url\":\"https:\\\/\\\/www.renouvelle.be\\\/fr\\\/author\\\/philippe-limbourg\\\/\"}]}<\/script>\n<!-- \/ Yoast SEO plugin. -->","yoast_head_json":{"title":"Recyclage des \u00e9oliennes, o\u00f9 en est-on ? - Renouvelle","description":"Etat des lieux du taux de recyclage des \u00e9oliennes et de leurs composantes.","robots":{"index":"index","follow":"follow","max-snippet":"max-snippet:-1","max-image-preview":"max-image-preview:large","max-video-preview":"max-video-preview:-1"},"canonical":"https:\/\/www.renouvelle.be\/fr\/recyclage-des-eoliennes-ou-en-est-on\/","og_locale":"fr_FR","og_type":"article","og_title":"Recyclage des \u00e9oliennes, o\u00f9 en est-on ? - Renouvelle","og_description":"Etat des lieux du taux de recyclage des \u00e9oliennes et de leurs composantes.","og_url":"https:\/\/www.renouvelle.be\/fr\/recyclage-des-eoliennes-ou-en-est-on\/","og_site_name":"Renouvelle","article_published_time":"2023-03-29T05:30:00+00:00","article_modified_time":"2023-04-06T13:27:42+00:00","og_image":[{"width":2560,"height":1582,"url":"https:\/\/www.renouvelle.be\/wp-content\/uploads\/2023\/03\/long-vehicle-320309-scaled.jpg","type":"image\/jpeg"}],"author":"Philippe Limbourg","twitter_card":"summary_large_image","schema":{"@context":"https:\/\/schema.org","@graph":[{"@type":"Article","@id":"https:\/\/www.renouvelle.be\/fr\/recyclage-des-eoliennes-ou-en-est-on\/#article","isPartOf":{"@id":"https:\/\/www.renouvelle.be\/fr\/recyclage-des-eoliennes-ou-en-est-on\/"},"author":{"name":"Philippe Limbourg","@id":"https:\/\/www.renouvelle.be\/fr\/#\/schema\/person\/980400dfd457d76423b6766ad2146490"},"headline":"Recyclage des \u00e9oliennes, o\u00f9 en est-on ?","datePublished":"2023-03-29T05:30:00+00:00","dateModified":"2023-04-06T13:27:42+00:00","mainEntityOfPage":{"@id":"https:\/\/www.renouvelle.be\/fr\/recyclage-des-eoliennes-ou-en-est-on\/"},"wordCount":638,"image":{"@id":"https:\/\/www.renouvelle.be\/fr\/recyclage-des-eoliennes-ou-en-est-on\/#primaryimage"},"thumbnailUrl":"https:\/\/www.renouvelle.be\/wp-content\/uploads\/2023\/03\/long-vehicle-320309-scaled.jpg","articleSection":["Technologies"],"inLanguage":"fr-FR"},{"@type":"WebPage","@id":"https:\/\/www.renouvelle.be\/fr\/recyclage-des-eoliennes-ou-en-est-on\/","url":"https:\/\/www.renouvelle.be\/fr\/recyclage-des-eoliennes-ou-en-est-on\/","name":"Recyclage des \u00e9oliennes, o\u00f9 en est-on ? - Renouvelle","isPartOf":{"@id":"https:\/\/www.renouvelle.be\/fr\/#website"},"primaryImageOfPage":{"@id":"https:\/\/www.renouvelle.be\/fr\/recyclage-des-eoliennes-ou-en-est-on\/#primaryimage"},"image":{"@id":"https:\/\/www.renouvelle.be\/fr\/recyclage-des-eoliennes-ou-en-est-on\/#primaryimage"},"thumbnailUrl":"https:\/\/www.renouvelle.be\/wp-content\/uploads\/2023\/03\/long-vehicle-320309-scaled.jpg","datePublished":"2023-03-29T05:30:00+00:00","dateModified":"2023-04-06T13:27:42+00:00","author":{"@id":"https:\/\/www.renouvelle.be\/fr\/#\/schema\/person\/980400dfd457d76423b6766ad2146490"},"description":"Etat des lieux du taux de recyclage des \u00e9oliennes et de leurs composantes.","breadcrumb":{"@id":"https:\/\/www.renouvelle.be\/fr\/recyclage-des-eoliennes-ou-en-est-on\/#breadcrumb"},"inLanguage":"fr-FR","potentialAction":[{"@type":"ReadAction","target":["https:\/\/www.renouvelle.be\/fr\/recyclage-des-eoliennes-ou-en-est-on\/"]}]},{"@type":"ImageObject","inLanguage":"fr-FR","@id":"https:\/\/www.renouvelle.be\/fr\/recyclage-des-eoliennes-ou-en-est-on\/#primaryimage","url":"https:\/\/www.renouvelle.be\/wp-content\/uploads\/2023\/03\/long-vehicle-320309-scaled.jpg","contentUrl":"https:\/\/www.renouvelle.be\/wp-content\/uploads\/2023\/03\/long-vehicle-320309-scaled.jpg","width":2560,"height":1582,"caption":"transport de pales"},{"@type":"BreadcrumbList","@id":"https:\/\/www.renouvelle.be\/fr\/recyclage-des-eoliennes-ou-en-est-on\/#breadcrumb","itemListElement":[{"@type":"ListItem","position":1,"name":"Accueil","item":"https:\/\/www.renouvelle.be\/fr\/"},{"@type":"ListItem","position":2,"name":"Recyclage des \u00e9oliennes, o\u00f9 en est-on ?"}]},{"@type":"WebSite","@id":"https:\/\/www.renouvelle.be\/fr\/#website","url":"https:\/\/www.renouvelle.be\/fr\/","name":"Renouvelle","description":"L&#039;actualit\u00e9 de l&#039;\u00e9nergie durable","potentialAction":[{"@type":"SearchAction","target":{"@type":"EntryPoint","urlTemplate":"https:\/\/www.renouvelle.be\/fr\/?s={search_term_string}"},"query-input":{"@type":"PropertyValueSpecification","valueRequired":true,"valueName":"search_term_string"}}],"inLanguage":"fr-FR"},{"@type":"Person","@id":"https:\/\/www.renouvelle.be\/fr\/#\/schema\/person\/980400dfd457d76423b6766ad2146490","name":"Philippe Limbourg","url":"https:\/\/www.renouvelle.be\/fr\/author\/philippe-limbourg\/"}]}},"_links":{"self":[{"href":"https:\/\/www.renouvelle.be\/fr\/wp-json\/wp\/v2\/posts\/9216","targetHints":{"allow":["GET"]}}],"collection":[{"href":"https:\/\/www.renouvelle.be\/fr\/wp-json\/wp\/v2\/posts"}],"about":[{"href":"https:\/\/www.renouvelle.be\/fr\/wp-json\/wp\/v2\/types\/post"}],"author":[{"embeddable":true,"href":"https:\/\/www.renouvelle.be\/fr\/wp-json\/wp\/v2\/users\/32"}],"replies":[{"embeddable":true,"href":"https:\/\/www.renouvelle.be\/fr\/wp-json\/wp\/v2\/comments?post=9216"}],"version-history":[{"count":3,"href":"https:\/\/www.renouvelle.be\/fr\/wp-json\/wp\/v2\/posts\/9216\/revisions"}],"predecessor-version":[{"id":9275,"href":"https:\/\/www.renouvelle.be\/fr\/wp-json\/wp\/v2\/posts\/9216\/revisions\/9275"}],"wp:featuredmedia":[{"embeddable":true,"href":"https:\/\/www.renouvelle.be\/fr\/wp-json\/wp\/v2\/media\/9217"}],"wp:attachment":[{"href":"https:\/\/www.renouvelle.be\/fr\/wp-json\/wp\/v2\/media?parent=9216"}],"wp:term":[{"taxonomy":"category","embeddable":true,"href":"https:\/\/www.renouvelle.be\/fr\/wp-json\/wp\/v2\/categories?post=9216"},{"taxonomy":"post_tag","embeddable":true,"href":"https:\/\/www.renouvelle.be\/fr\/wp-json\/wp\/v2\/tags?post=9216"},{"taxonomy":"section","embeddable":true,"href":"https:\/\/www.renouvelle.be\/fr\/wp-json\/wp\/v2\/section?post=9216"}],"curies":[{"name":"wp","href":"https:\/\/api.w.org\/{rel}","templated":true}]}}