{"id":9211,"date":"2023-05-03T09:21:00","date_gmt":"2023-05-03T07:21:00","guid":{"rendered":"https:\/\/www.renouvelle.be\/?p=9211"},"modified":"2023-04-25T11:49:36","modified_gmt":"2023-04-25T09:49:36","slug":"ma-maison-vaut-elle-moins-parce-que-je-vois-des-eoliennes-depuis-mon-jardin","status":"publish","type":"post","link":"https:\/\/www.renouvelle.be\/fr\/ma-maison-vaut-elle-moins-parce-que-je-vois-des-eoliennes-depuis-mon-jardin\/","title":{"rendered":"Ma maison vaut-elle moins parce que je vois des \u00e9oliennes depuis mon jardin ?"},"content":{"rendered":"\n<p>Voil\u00e0 une question que l\u2019on est en droit de se poser, que l\u2019on ait des \u00e9oliennes d\u00e9j\u00e0 en point de vue depuis chez soi ou que l\u2019on ait entendu parler d\u2019un projet pr\u00e8s de chez soi. Mon bien va-t-il valoir moins d\u2019argent ou bien vais-je avoir beaucoup plus de mal \u00e0 le vendre \u00e0 cause de ce paysage modifi\u00e9&nbsp;? R\u00e9ponse ci-dessous.<\/p>\n\n\n\n<p>La premi\u00e8re question \u00e0 poser est de savoir comment on \u00e9value un bien. Question \u00e0 laquelle on r\u00e9pondra par deux types de crit\u00e8res&nbsp;: les objectifs et les subjectifs. Parmi les premiers (et principaux), 5 \u00e9l\u00e9ments immuables entrent en ligne de compte&nbsp;:<\/p>\n\n\n\n<p>1) L\u2019emplacement<\/p>\n\n\n\n<p>2) L\u2019\u00e9tat du bien<\/p>\n\n\n\n<p>3) Les caract\u00e9ristiques du bien<\/p>\n\n\n\n<p>4) Les charges<\/p>\n\n\n\n<p>5) Le march\u00e9 immobilier<\/p>\n\n\n\n<p><strong>Et quels sont ces crit\u00e8res plus subjectifs&nbsp;?<\/strong><\/p>\n\n\n\n<p>Outre le fait de voir des \u00e9oliennes au fond de son jardin, on pense aux aspects plus personnels tels que la beaut\u00e9 du paysage, la pr\u00e9sence d&rsquo;une terrasse, d&rsquo;un garage, d&rsquo;un jardin, d&rsquo;une cave, d&rsquo;une vue, d&rsquo;un balcon, d&rsquo;une piscine, etc. Il est important de noter que la pond\u00e9ration de chaque param\u00e8tre peut \u00e9galement varier en fonction de la r\u00e9gion g\u00e9ographique. Un jardin au centre de Bruxelles ou sur les hauteurs de Malmedy n\u2019ont pas la m\u00eame pond\u00e9ration dans le prix moyen d\u2019une maison par exemple.&nbsp; C\u2019est pour cela qu\u2019il vaut toujours mieux bien se faire conseiller.<\/p>\n\n\n\n<p><strong>Se faire conseiller par qui&nbsp;?<\/strong><\/p>\n\n\n\n<p>Nous l\u2019\u00e9crivions plus haut, tenir compte du march\u00e9 local peut \u00eatre un bon indicateur. Mais il n\u2019y a pas que cela. La r\u00e9f\u00e9rence immobili\u00e8re objective et historique locale, c\u2019est d\u2019abord et surtout votre notaire. Il (ou elle) voit en effet syst\u00e9matiquement passer les transactions immobili\u00e8res et aura toujours un regard objectif sur la valeur de votre bien. A c\u00f4t\u00e9 de cela, il existe bien sur les agences immobili\u00e8res au sein desquelles on trouvera tant\u00f4t des agents immobiliers ou, plus rares, des experts et\/ou g\u00e9om\u00e8tres-experts qui, suivant la technicit\u00e9 du bien, pourront vous donner une estimation de votre maison.<\/p>\n\n\n\n<p><strong>Et l\u2019impact du parc \u00e9olien dans tout \u00e7a&nbsp;?<\/strong><\/p>\n\n\n\n<p>Ecrivons-le d\u2019entr\u00e9e, plusieurs \u00e9tudes sont faites r\u00e9guli\u00e8rement sur le sujet. Et malgr\u00e9 ce que certains agents immobiliers peuvent pr\u00e9tendre, l\u2019impact reste fort limit\u00e9. L\u2019annonce d\u2019un projet \u00e9olien peut certes avoir un effet d\u00e9pr\u00e9ciateur \u00e0 court terme sur la valeur immobili\u00e8re locale. Mais cet effet est limit\u00e9 dans le temps. Et n\u2019aura aucun impact sur le fait de vendre facilement ou non sa maison. Deux \u00e9tudes belges et fran\u00e7aises nous d\u00e9montrent ainsi que m\u00eame si l\u2019on habite \u00e0 500 m\u00e8tres d\u2019une \u00e9olienne, l\u2019impact sur la vente \u00e0 terme ne sera que de maximum 2.7 % en moyenne l\u00e0 o\u00f9, si vous habitez \u00e0 plus de 2.5 km de l\u2019\u00e9olienne, il chutera autour des 1.5 %.<\/p>\n\n\n\n<p><strong>Un exemple concret&nbsp;?<\/strong><\/p>\n\n\n\n<p>Prenons l\u2019exemple d\u2019une maison valant r\u00e9ellement 300.000 euros avant l\u2019arriv\u00e9e d\u2019un parc \u00e9olien. Si cette maison est situ\u00e9e \u00e0 moins de 2 Km du parc \u00e9olien (ou d\u2019un projet), vous savez que si effectivement il y a un impact n\u00e9gatif sur le prix, il sera de maximum 6.000 euros. Et si vous \u00eates plus \u00e9loign\u00e9 (entre 2 et 5 km donc), l\u00e0, c\u2019est maximum 4.500 euros de diff\u00e9rence. Toujours si l\u2019on se base sur ces \u00e9tudes bien s\u00fbr. A contrario, et pour vous donner un indice de r\u00e9f\u00e9rence, sachez que lorsque vous demandez une estimation \u00e0 un agent immobilier, il a une marge d\u2019erreur \u00ab&nbsp;tol\u00e9r\u00e9e&nbsp;\u00bb dans le milieu immobilier de\u202610 \u00e0 20% de la valeur de votre maison. &nbsp;Ce qui \u00e9quivaut \u00e0 dire que sur ma maison \u00e0 300.000 euros, il pourrait m\u2019en proposer 240.000 ou\u2026360.000 euros. Une diff\u00e9rence qui est donc\u2026dix fois sup\u00e9rieure \u00e0 celle que vous pourriez, peut-\u00eatre, car cela reste du conditionnel, perdre si un parc \u00e9olien venait \u00e0 \u00eatre install\u00e9 pr\u00e8s de chez vous. Inutile donc de paniquer. Mais mieux vaut, par contre, bien se faire conseiller au moment de la vente de votre bien. Vous y gagnerez nettement plus ou, du moins, vous y perdrez beaucoup moins.<\/p>\n","protected":false},"excerpt":{"rendered":"<p>Voil\u00e0 une question que l\u2019on est en droit de se poser, que l\u2019on ait des \u00e9oliennes d\u00e9j\u00e0 en point de vue depuis chez soi ou que l\u2019on ait entendu parler d\u2019un projet pr\u00e8s de chez soi. Mon bien va-t-il valoir moins d\u2019argent ou bien vais-je avoir beaucoup plus de mal \u00e0 le vendre \u00e0 cause de ce paysage modifi\u00e9&nbsp;? R\u00e9ponse ci-dessous. La premi\u00e8re question \u00e0 poser est de savoir comment on \u00e9value un bien. Question \u00e0 laquelle on r\u00e9pondra par deux types de crit\u00e8res&nbsp;: les objectifs et les subjectifs. Parmi les premiers (et principaux), 5 \u00e9l\u00e9ments immuables entrent en ligne de compte&nbsp;: 1) L\u2019emplacement 2) L\u2019\u00e9tat du bien 3) Les caract\u00e9ristiques du bien 4) Les charges 5) Le march\u00e9 immobilier Et quels sont ces crit\u00e8res plus subjectifs&nbsp;? Outre le fait de voir des \u00e9oliennes au fond de son jardin, on pense aux aspects plus personnels tels que la beaut\u00e9 du paysage, la pr\u00e9sence d&rsquo;une terrasse, d&rsquo;un garage, d&rsquo;un jardin, d&rsquo;une cave, d&rsquo;une vue, d&rsquo;un balcon, d&rsquo;une piscine, etc. Il est important de noter que la pond\u00e9ration de chaque param\u00e8tre peut \u00e9galement varier en fonction de la r\u00e9gion g\u00e9ographique. Un jardin au centre de Bruxelles ou sur les hauteurs de Malmedy n\u2019ont pas la m\u00eame pond\u00e9ration dans le prix moyen d\u2019une maison par exemple.&nbsp; C\u2019est pour cela qu\u2019il vaut toujours mieux bien se faire conseiller. Se faire conseiller par qui&nbsp;? Nous l\u2019\u00e9crivions plus haut, tenir compte du march\u00e9 local peut \u00eatre un bon indicateur. Mais il n\u2019y a pas que cela. La r\u00e9f\u00e9rence immobili\u00e8re objective et historique locale, c\u2019est d\u2019abord et surtout votre notaire. Il (ou elle) voit en effet syst\u00e9matiquement passer les transactions immobili\u00e8res et aura toujours un regard objectif sur la valeur de votre bien. A c\u00f4t\u00e9 de cela, &hellip; <a href=\"https:\/\/www.renouvelle.be\/fr\/ma-maison-vaut-elle-moins-parce-que-je-vois-des-eoliennes-depuis-mon-jardin\/\" class=\"more-link\">Continue reading<span class=\"screen-reader-text\"> \u00ab\u00a0Ma maison vaut-elle moins parce que je vois des \u00e9oliennes depuis mon jardin ?\u00a0\u00bb<\/span><\/a><\/p>\n","protected":false},"author":32,"featured_media":9212,"comment_status":"closed","ping_status":"closed","sticky":false,"template":"","format":"standard","meta":{"_acf_changed":false,"footnotes":""},"categories":[21],"tags":[],"section":[6],"class_list":["post-9211","post","type-post","status-publish","format-standard","has-post-thumbnail","hentry","category-debats","section-eolien"],"acf":[],"yoast_head":"<!-- This site is optimized with the Yoast SEO plugin v27.5 - https:\/\/yoast.com\/product\/yoast-seo-wordpress\/ -->\n<title>Ma maison vaut-elle moins parce que je vois des \u00e9oliennes depuis mon jardin ? - Renouvelle<\/title>\n<meta name=\"description\" content=\"Impact \u00e9olien sur l&#039;immobilier: vraies ou fausses v\u00e9rit\u00e9s ?\" \/>\n<meta name=\"robots\" content=\"index, follow, max-snippet:-1, max-image-preview:large, max-video-preview:-1\" \/>\n<link rel=\"canonical\" href=\"https:\/\/www.renouvelle.be\/fr\/ma-maison-vaut-elle-moins-parce-que-je-vois-des-eoliennes-depuis-mon-jardin\/\" \/>\n<meta property=\"og:locale\" content=\"fr_FR\" \/>\n<meta property=\"og:type\" content=\"article\" \/>\n<meta property=\"og:title\" content=\"Ma maison vaut-elle moins parce que je vois des \u00e9oliennes depuis mon jardin ? - Renouvelle\" \/>\n<meta property=\"og:description\" content=\"Impact \u00e9olien sur l&#039;immobilier: vraies ou fausses v\u00e9rit\u00e9s ?\" \/>\n<meta property=\"og:url\" content=\"https:\/\/www.renouvelle.be\/fr\/ma-maison-vaut-elle-moins-parce-que-je-vois-des-eoliennes-depuis-mon-jardin\/\" \/>\n<meta property=\"og:site_name\" content=\"Renouvelle\" \/>\n<meta property=\"article:published_time\" content=\"2023-05-03T07:21:00+00:00\" \/>\n<meta property=\"og:image\" content=\"https:\/\/www.renouvelle.be\/wp-content\/uploads\/2023\/03\/wind-turbine-1008695-scaled.jpg\" \/>\n\t<meta property=\"og:image:width\" content=\"2560\" \/>\n\t<meta property=\"og:image:height\" content=\"1707\" \/>\n\t<meta property=\"og:image:type\" content=\"image\/jpeg\" \/>\n<meta name=\"author\" content=\"Philippe Limbourg\" \/>\n<meta name=\"twitter:card\" content=\"summary_large_image\" \/>\n<script type=\"application\/ld+json\" class=\"yoast-schema-graph\">{\"@context\":\"https:\\\/\\\/schema.org\",\"@graph\":[{\"@type\":\"Article\",\"@id\":\"https:\\\/\\\/www.renouvelle.be\\\/fr\\\/ma-maison-vaut-elle-moins-parce-que-je-vois-des-eoliennes-depuis-mon-jardin\\\/#article\",\"isPartOf\":{\"@id\":\"https:\\\/\\\/www.renouvelle.be\\\/fr\\\/ma-maison-vaut-elle-moins-parce-que-je-vois-des-eoliennes-depuis-mon-jardin\\\/\"},\"author\":{\"name\":\"Philippe Limbourg\",\"@id\":\"https:\\\/\\\/www.renouvelle.be\\\/fr\\\/#\\\/schema\\\/person\\\/60eb3869a9382506451ea4c54064f7a7\"},\"headline\":\"Ma maison vaut-elle moins parce que je vois des \u00e9oliennes depuis mon jardin ?\",\"datePublished\":\"2023-05-03T07:21:00+00:00\",\"mainEntityOfPage\":{\"@id\":\"https:\\\/\\\/www.renouvelle.be\\\/fr\\\/ma-maison-vaut-elle-moins-parce-que-je-vois-des-eoliennes-depuis-mon-jardin\\\/\"},\"wordCount\":736,\"image\":{\"@id\":\"https:\\\/\\\/www.renouvelle.be\\\/fr\\\/ma-maison-vaut-elle-moins-parce-que-je-vois-des-eoliennes-depuis-mon-jardin\\\/#primaryimage\"},\"thumbnailUrl\":\"https:\\\/\\\/www.renouvelle.be\\\/wp-content\\\/uploads\\\/2023\\\/03\\\/wind-turbine-1008695-scaled.jpg\",\"articleSection\":[\"D\u00e9bats\"],\"inLanguage\":\"fr-FR\"},{\"@type\":\"WebPage\",\"@id\":\"https:\\\/\\\/www.renouvelle.be\\\/fr\\\/ma-maison-vaut-elle-moins-parce-que-je-vois-des-eoliennes-depuis-mon-jardin\\\/\",\"url\":\"https:\\\/\\\/www.renouvelle.be\\\/fr\\\/ma-maison-vaut-elle-moins-parce-que-je-vois-des-eoliennes-depuis-mon-jardin\\\/\",\"name\":\"Ma maison vaut-elle moins parce que je vois des \u00e9oliennes depuis mon jardin ? - Renouvelle\",\"isPartOf\":{\"@id\":\"https:\\\/\\\/www.renouvelle.be\\\/fr\\\/#website\"},\"primaryImageOfPage\":{\"@id\":\"https:\\\/\\\/www.renouvelle.be\\\/fr\\\/ma-maison-vaut-elle-moins-parce-que-je-vois-des-eoliennes-depuis-mon-jardin\\\/#primaryimage\"},\"image\":{\"@id\":\"https:\\\/\\\/www.renouvelle.be\\\/fr\\\/ma-maison-vaut-elle-moins-parce-que-je-vois-des-eoliennes-depuis-mon-jardin\\\/#primaryimage\"},\"thumbnailUrl\":\"https:\\\/\\\/www.renouvelle.be\\\/wp-content\\\/uploads\\\/2023\\\/03\\\/wind-turbine-1008695-scaled.jpg\",\"datePublished\":\"2023-05-03T07:21:00+00:00\",\"author\":{\"@id\":\"https:\\\/\\\/www.renouvelle.be\\\/fr\\\/#\\\/schema\\\/person\\\/60eb3869a9382506451ea4c54064f7a7\"},\"description\":\"Impact \u00e9olien sur l'immobilier: vraies ou fausses v\u00e9rit\u00e9s ?\",\"breadcrumb\":{\"@id\":\"https:\\\/\\\/www.renouvelle.be\\\/fr\\\/ma-maison-vaut-elle-moins-parce-que-je-vois-des-eoliennes-depuis-mon-jardin\\\/#breadcrumb\"},\"inLanguage\":\"fr-FR\",\"potentialAction\":[{\"@type\":\"ReadAction\",\"target\":[\"https:\\\/\\\/www.renouvelle.be\\\/fr\\\/ma-maison-vaut-elle-moins-parce-que-je-vois-des-eoliennes-depuis-mon-jardin\\\/\"]}]},{\"@type\":\"ImageObject\",\"inLanguage\":\"fr-FR\",\"@id\":\"https:\\\/\\\/www.renouvelle.be\\\/fr\\\/ma-maison-vaut-elle-moins-parce-que-je-vois-des-eoliennes-depuis-mon-jardin\\\/#primaryimage\",\"url\":\"https:\\\/\\\/www.renouvelle.be\\\/wp-content\\\/uploads\\\/2023\\\/03\\\/wind-turbine-1008695-scaled.jpg\",\"contentUrl\":\"https:\\\/\\\/www.renouvelle.be\\\/wp-content\\\/uploads\\\/2023\\\/03\\\/wind-turbine-1008695-scaled.jpg\",\"width\":2560,\"height\":1707,\"caption\":\"\u00a9Kevin Phillips\"},{\"@type\":\"BreadcrumbList\",\"@id\":\"https:\\\/\\\/www.renouvelle.be\\\/fr\\\/ma-maison-vaut-elle-moins-parce-que-je-vois-des-eoliennes-depuis-mon-jardin\\\/#breadcrumb\",\"itemListElement\":[{\"@type\":\"ListItem\",\"position\":1,\"name\":\"Accueil\",\"item\":\"https:\\\/\\\/www.renouvelle.be\\\/fr\\\/\"},{\"@type\":\"ListItem\",\"position\":2,\"name\":\"Ma maison vaut-elle moins parce que je vois des \u00e9oliennes depuis mon jardin ?\"}]},{\"@type\":\"WebSite\",\"@id\":\"https:\\\/\\\/www.renouvelle.be\\\/fr\\\/#website\",\"url\":\"https:\\\/\\\/www.renouvelle.be\\\/fr\\\/\",\"name\":\"Renouvelle\",\"description\":\"L&#039;actualit\u00e9 de l&#039;\u00e9nergie durable\",\"potentialAction\":[{\"@type\":\"SearchAction\",\"target\":{\"@type\":\"EntryPoint\",\"urlTemplate\":\"https:\\\/\\\/www.renouvelle.be\\\/fr\\\/?s={search_term_string}\"},\"query-input\":{\"@type\":\"PropertyValueSpecification\",\"valueRequired\":true,\"valueName\":\"search_term_string\"}}],\"inLanguage\":\"fr-FR\"},{\"@type\":\"Person\",\"@id\":\"https:\\\/\\\/www.renouvelle.be\\\/fr\\\/#\\\/schema\\\/person\\\/60eb3869a9382506451ea4c54064f7a7\",\"name\":\"Philippe Limbourg\",\"url\":\"https:\\\/\\\/www.renouvelle.be\\\/fr\\\/author\\\/philippe-limbourg\\\/\"}]}<\/script>\n<!-- \/ Yoast SEO plugin. -->","yoast_head_json":{"title":"Ma maison vaut-elle moins parce que je vois des \u00e9oliennes depuis mon jardin ? - Renouvelle","description":"Impact \u00e9olien sur l'immobilier: vraies ou fausses v\u00e9rit\u00e9s ?","robots":{"index":"index","follow":"follow","max-snippet":"max-snippet:-1","max-image-preview":"max-image-preview:large","max-video-preview":"max-video-preview:-1"},"canonical":"https:\/\/www.renouvelle.be\/fr\/ma-maison-vaut-elle-moins-parce-que-je-vois-des-eoliennes-depuis-mon-jardin\/","og_locale":"fr_FR","og_type":"article","og_title":"Ma maison vaut-elle moins parce que je vois des \u00e9oliennes depuis mon jardin ? - Renouvelle","og_description":"Impact \u00e9olien sur l'immobilier: vraies ou fausses v\u00e9rit\u00e9s ?","og_url":"https:\/\/www.renouvelle.be\/fr\/ma-maison-vaut-elle-moins-parce-que-je-vois-des-eoliennes-depuis-mon-jardin\/","og_site_name":"Renouvelle","article_published_time":"2023-05-03T07:21:00+00:00","og_image":[{"width":2560,"height":1707,"url":"https:\/\/www.renouvelle.be\/wp-content\/uploads\/2023\/03\/wind-turbine-1008695-scaled.jpg","type":"image\/jpeg"}],"author":"Philippe Limbourg","twitter_card":"summary_large_image","schema":{"@context":"https:\/\/schema.org","@graph":[{"@type":"Article","@id":"https:\/\/www.renouvelle.be\/fr\/ma-maison-vaut-elle-moins-parce-que-je-vois-des-eoliennes-depuis-mon-jardin\/#article","isPartOf":{"@id":"https:\/\/www.renouvelle.be\/fr\/ma-maison-vaut-elle-moins-parce-que-je-vois-des-eoliennes-depuis-mon-jardin\/"},"author":{"name":"Philippe Limbourg","@id":"https:\/\/www.renouvelle.be\/fr\/#\/schema\/person\/60eb3869a9382506451ea4c54064f7a7"},"headline":"Ma maison vaut-elle moins parce que je vois des \u00e9oliennes depuis mon jardin ?","datePublished":"2023-05-03T07:21:00+00:00","mainEntityOfPage":{"@id":"https:\/\/www.renouvelle.be\/fr\/ma-maison-vaut-elle-moins-parce-que-je-vois-des-eoliennes-depuis-mon-jardin\/"},"wordCount":736,"image":{"@id":"https:\/\/www.renouvelle.be\/fr\/ma-maison-vaut-elle-moins-parce-que-je-vois-des-eoliennes-depuis-mon-jardin\/#primaryimage"},"thumbnailUrl":"https:\/\/www.renouvelle.be\/wp-content\/uploads\/2023\/03\/wind-turbine-1008695-scaled.jpg","articleSection":["D\u00e9bats"],"inLanguage":"fr-FR"},{"@type":"WebPage","@id":"https:\/\/www.renouvelle.be\/fr\/ma-maison-vaut-elle-moins-parce-que-je-vois-des-eoliennes-depuis-mon-jardin\/","url":"https:\/\/www.renouvelle.be\/fr\/ma-maison-vaut-elle-moins-parce-que-je-vois-des-eoliennes-depuis-mon-jardin\/","name":"Ma maison vaut-elle moins parce que je vois des \u00e9oliennes depuis mon jardin ? - Renouvelle","isPartOf":{"@id":"https:\/\/www.renouvelle.be\/fr\/#website"},"primaryImageOfPage":{"@id":"https:\/\/www.renouvelle.be\/fr\/ma-maison-vaut-elle-moins-parce-que-je-vois-des-eoliennes-depuis-mon-jardin\/#primaryimage"},"image":{"@id":"https:\/\/www.renouvelle.be\/fr\/ma-maison-vaut-elle-moins-parce-que-je-vois-des-eoliennes-depuis-mon-jardin\/#primaryimage"},"thumbnailUrl":"https:\/\/www.renouvelle.be\/wp-content\/uploads\/2023\/03\/wind-turbine-1008695-scaled.jpg","datePublished":"2023-05-03T07:21:00+00:00","author":{"@id":"https:\/\/www.renouvelle.be\/fr\/#\/schema\/person\/60eb3869a9382506451ea4c54064f7a7"},"description":"Impact \u00e9olien sur l'immobilier: vraies ou fausses v\u00e9rit\u00e9s ?","breadcrumb":{"@id":"https:\/\/www.renouvelle.be\/fr\/ma-maison-vaut-elle-moins-parce-que-je-vois-des-eoliennes-depuis-mon-jardin\/#breadcrumb"},"inLanguage":"fr-FR","potentialAction":[{"@type":"ReadAction","target":["https:\/\/www.renouvelle.be\/fr\/ma-maison-vaut-elle-moins-parce-que-je-vois-des-eoliennes-depuis-mon-jardin\/"]}]},{"@type":"ImageObject","inLanguage":"fr-FR","@id":"https:\/\/www.renouvelle.be\/fr\/ma-maison-vaut-elle-moins-parce-que-je-vois-des-eoliennes-depuis-mon-jardin\/#primaryimage","url":"https:\/\/www.renouvelle.be\/wp-content\/uploads\/2023\/03\/wind-turbine-1008695-scaled.jpg","contentUrl":"https:\/\/www.renouvelle.be\/wp-content\/uploads\/2023\/03\/wind-turbine-1008695-scaled.jpg","width":2560,"height":1707,"caption":"\u00a9Kevin Phillips"},{"@type":"BreadcrumbList","@id":"https:\/\/www.renouvelle.be\/fr\/ma-maison-vaut-elle-moins-parce-que-je-vois-des-eoliennes-depuis-mon-jardin\/#breadcrumb","itemListElement":[{"@type":"ListItem","position":1,"name":"Accueil","item":"https:\/\/www.renouvelle.be\/fr\/"},{"@type":"ListItem","position":2,"name":"Ma maison vaut-elle moins parce que je vois des \u00e9oliennes depuis mon jardin ?"}]},{"@type":"WebSite","@id":"https:\/\/www.renouvelle.be\/fr\/#website","url":"https:\/\/www.renouvelle.be\/fr\/","name":"Renouvelle","description":"L&#039;actualit\u00e9 de l&#039;\u00e9nergie durable","potentialAction":[{"@type":"SearchAction","target":{"@type":"EntryPoint","urlTemplate":"https:\/\/www.renouvelle.be\/fr\/?s={search_term_string}"},"query-input":{"@type":"PropertyValueSpecification","valueRequired":true,"valueName":"search_term_string"}}],"inLanguage":"fr-FR"},{"@type":"Person","@id":"https:\/\/www.renouvelle.be\/fr\/#\/schema\/person\/60eb3869a9382506451ea4c54064f7a7","name":"Philippe Limbourg","url":"https:\/\/www.renouvelle.be\/fr\/author\/philippe-limbourg\/"}]}},"_links":{"self":[{"href":"https:\/\/www.renouvelle.be\/fr\/wp-json\/wp\/v2\/posts\/9211","targetHints":{"allow":["GET"]}}],"collection":[{"href":"https:\/\/www.renouvelle.be\/fr\/wp-json\/wp\/v2\/posts"}],"about":[{"href":"https:\/\/www.renouvelle.be\/fr\/wp-json\/wp\/v2\/types\/post"}],"author":[{"embeddable":true,"href":"https:\/\/www.renouvelle.be\/fr\/wp-json\/wp\/v2\/users\/32"}],"replies":[{"embeddable":true,"href":"https:\/\/www.renouvelle.be\/fr\/wp-json\/wp\/v2\/comments?post=9211"}],"version-history":[{"count":5,"href":"https:\/\/www.renouvelle.be\/fr\/wp-json\/wp\/v2\/posts\/9211\/revisions"}],"predecessor-version":[{"id":9332,"href":"https:\/\/www.renouvelle.be\/fr\/wp-json\/wp\/v2\/posts\/9211\/revisions\/9332"}],"wp:featuredmedia":[{"embeddable":true,"href":"https:\/\/www.renouvelle.be\/fr\/wp-json\/wp\/v2\/media\/9212"}],"wp:attachment":[{"href":"https:\/\/www.renouvelle.be\/fr\/wp-json\/wp\/v2\/media?parent=9211"}],"wp:term":[{"taxonomy":"category","embeddable":true,"href":"https:\/\/www.renouvelle.be\/fr\/wp-json\/wp\/v2\/categories?post=9211"},{"taxonomy":"post_tag","embeddable":true,"href":"https:\/\/www.renouvelle.be\/fr\/wp-json\/wp\/v2\/tags?post=9211"},{"taxonomy":"section","embeddable":true,"href":"https:\/\/www.renouvelle.be\/fr\/wp-json\/wp\/v2\/section?post=9211"}],"curies":[{"name":"wp","href":"https:\/\/api.w.org\/{rel}","templated":true}]}}