{"id":9200,"date":"2023-03-28T11:16:46","date_gmt":"2023-03-28T09:16:46","guid":{"rendered":"https:\/\/www.renouvelle.be\/?p=9200"},"modified":"2023-04-25T11:49:09","modified_gmt":"2023-04-25T09:49:09","slug":"projet-porte-ouest-de-charleroi-le-plus-grand-reseau-de-chaleur-de-wallonie","status":"publish","type":"post","link":"https:\/\/www.renouvelle.be\/fr\/projet-porte-ouest-de-charleroi-le-plus-grand-reseau-de-chaleur-de-wallonie\/","title":{"rendered":"Projet Porte Ouest de Charleroi : le plus grand r\u00e9seau de chaleur de Wallonie."},"content":{"rendered":"\n<p>Voil\u00e0 plusieurs ann\u00e9es que la Ville de Charleroi s\u2019est lanc\u00e9e dans le d\u00e9veloppement de r\u00e9seaux d\u2019\u00e9nergie thermique. A l\u2019heure o\u00f9 le centre de la ville s\u2019\u00e9quipe en canalisations transporteuses de chaleur, un vaste projet de r\u00e9seau de chaleur urbain a \u00e9t\u00e9 pr\u00e9sent\u00e9 il y a quelques jours. Il devrait devenir le plus important r\u00e9seau wallon de ce type.&nbsp; Bas\u00e9 sur la r\u00e9cup\u00e9ration de la chaleur fatale du p\u00f4le industriel ouest de la ville carolo, il devrait permettre de connecter les industries entre elles mais \u00e9galement de valoriser une part importante de cette chaleur aupr\u00e8s d\u2019autres acteurs et notamment les logements carolos.<\/p>\n\n\n\n<p><strong>Le contexte belge<\/strong><\/p>\n\n\n\n<p>Chauffer et refroidir des b\u00e2timents gr\u00e2ce \u00e0 des r\u00e9seaux de chaleur n\u2019est nouveau. De nombreux voisins europ\u00e9ens ont impl\u00e9ment\u00e9 les r\u00e9seaux de chaleur depuis plusieurs d\u00e9cennies. Il n\u2019est donc pas question d\u2019inventer ou de proposer quelque chose d&rsquo;exp\u00e9rimental \u00e0 Charleroi. A l\u2019inverse, la position nationale de \u00ab&nbsp;retardataire&nbsp;\u00bb constitue en quelque sorte une aubaine pour mettre en place directement des syst\u00e8mes 100% renouvelables en s\u2019inspirant des meilleurs \u00e9l\u00e8ves europ\u00e9ens. La France a, par exemple, d\u00e9velopp\u00e9 de mani\u00e8re consid\u00e9rable des r\u00e9seaux durant la derni\u00e8re d\u00e9cennie et a opt\u00e9 pour les \u00e9nergies renouvelables comme principale source d\u2019\u00e9nergie. Ainsi aujourd\u2019hui, plus de 15% de l\u2019\u00e9nergie thermique consomm\u00e9e en France transite au travers de r\u00e9seaux de chaleur. Mieux, plus de 54% de cette \u00e9nergie est renouvelable.<\/p>\n\n\n\n<p><strong>Le cadre r\u00e9glementaire<\/strong><\/p>\n\n\n\n<p>Outre des comp\u00e9tences techniques pointues, l\u2019impl\u00e9mentation d\u2019un r\u00e9seau de chaleur n\u00e9cessite des comp\u00e9tences \u00e9conomiques, juridiques et environnementales tout aussi importantes. En juillet 2022, sur proposition du Ministre de l\u2019Energie, Philippe Henry, le Gouvernement wallon a adopt\u00e9 un arr\u00eat\u00e9 portant ex\u00e9cution du d\u00e9cret du 15 octobre 2020 relatif \u00e0 l\u2019\u00e9nergie thermique. Cet arr\u00eat\u00e9 pr\u00e9voit des dispositions en mati\u00e8re de comptage et de r\u00e9partition des responsabilit\u00e9s entre op\u00e9rateur de r\u00e9seau et fournisseur d\u2019\u00e9nergie thermique, afin de clarifier les r\u00e8gles applicables aux diff\u00e9rents participants \u00e0 un r\u00e9seau de chaleur. Les clients finaux, consommateurs d\u2019\u00e9nergie thermique, voient ainsi leur droit fondamental d\u2019acc\u00e8s \u00e0 l\u2019\u00e9nergie prot\u00e9g\u00e9, via la mise en place de mesures les prot\u00e9geant des coupures et pr\u00e9cisant leurs droits.<\/p>\n\n\n\n<p><strong>Quel projet pour la Porte Ouest ?<\/strong><\/p>\n\n\n\n<p>La Porte Ouest est un quartier industriel situ\u00e9 \u00e0 l\u2019ouest du centre-ville de Charleroi. Cette vaste zone dont la superficie totale est pratiquement identique au centre-ville a \u00e9t\u00e9 le th\u00e9\u00e2tre de l&rsquo;essor mais aussi du d\u00e9clin de l\u2019industrie Carolo. &nbsp;Aujourd\u2019hui, plusieurs industries sont actives sur le site dont principalement Industeel et Thy-Marcinelle mais aussi Air Liquide, Total Energie, Timac Agro Belux\u2026 Plusieurs nouveaux projets importants y ont \u00e9galement \u00e9t\u00e9 annonc\u00e9s dont notamment la jeune entreprise belge Karno, d\u00e9veloppeur de r\u00e9seau de chaleur renouvelable, qui devrait s\u2019y \u00e9tablir pour d\u00e9velopper une production de chaleur et de froid \u00e0 partir de la g\u00e9othermie.<\/p>\n\n\n\n<figure class=\"wp-block-image size-large\"><img loading=\"lazy\" decoding=\"async\" width=\"1024\" height=\"674\" src=\"https:\/\/www.renouvelle.be\/wp-content\/uploads\/2023\/03\/Schema-reseau-de-chaleur-2-1024x674.jpg\" alt=\"\" class=\"wp-image-9203\" srcset=\"https:\/\/www.renouvelle.be\/wp-content\/uploads\/2023\/03\/Schema-reseau-de-chaleur-2-1024x674.jpg 1024w, https:\/\/www.renouvelle.be\/wp-content\/uploads\/2023\/03\/Schema-reseau-de-chaleur-2-300x198.jpg 300w, https:\/\/www.renouvelle.be\/wp-content\/uploads\/2023\/03\/Schema-reseau-de-chaleur-2-768x506.jpg 768w, https:\/\/www.renouvelle.be\/wp-content\/uploads\/2023\/03\/Schema-reseau-de-chaleur-2-100x65.jpg 100w, https:\/\/www.renouvelle.be\/wp-content\/uploads\/2023\/03\/Schema-reseau-de-chaleur-2-1200x790.jpg 1200w, https:\/\/www.renouvelle.be\/wp-content\/uploads\/2023\/03\/Schema-reseau-de-chaleur-2.jpg 1207w\" sizes=\"auto, (max-width: 1024px) 100vw, 1024px\" \/><\/figure>\n\n\n\n<p><strong>Un d\u00e9veloppement par phase<\/strong><\/p>\n\n\n\n<p>Un des d\u00e9fis majeurs de la mise en place du r\u00e9seau de chaleur de la Porte Ouest est le phasage du projet selon le red\u00e9veloppement \u00e9conomique du territoire. Les premiers \u00e9l\u00e9ments du r\u00e9seau devraient \u00eatre mis en place <strong>d\u2019ici 2 ans<\/strong>. D\u2019autre part, les industriels actuellement en place ont d\u00e9j\u00e0 fait part de leur volont\u00e9 de d\u00e9carboner leur process rapidement. Industeel a ainsi d\u00e9j\u00e0 \u00e9tabli un plan ambitieux et la mise en place d\u2019un r\u00e9seau de chaleur interne \u00e0 l\u2019entreprise est \u00e0 l\u2019\u00e9tude. Pour son CEO, Luc Libersens : \u00ab&nbsp;<em>La d\u00e9carbonation est une priorit\u00e9. Nous visons la r\u00e9duction de nos \u00e9missions de carbone directes et indirectes de 35% \u00e0 l\u2019horizon 2030 par rapport \u00e0 2018. Notre objectif : atteindre la neutralit\u00e9 carbone d\u2019ici 2050. D\u00e9carboner le processus industriel et am\u00e9liorer notre efficacit\u00e9 \u00e9nerg\u00e9tique est pour nous une question de survie<\/em>. \u00bb<\/p>\n\n\n\n<p>Le r\u00e9seau de chaleur doit offrir \u00e0 ces industriels un terrain propice \u00e0 leur d\u00e9veloppement. Il doit \u00eatre un facteur attractif pour d\u2019autres industriels qui pourront ici valoriser leur production tant d\u2019un point de vue \u00e9cologique qu\u2019\u00e9conomique. Un d\u00e9veloppement par phase, ou par tron\u00e7on, est pr\u00e9vu. Les interconnexions viendront ensuite. Les premi\u00e8res analyses montrent qu\u2019un potentiel de chaleur fatale d\u2019environ 100MW est disponible. Les besoins de chaleur \u00e0 l\u2019\u00e9chelle de la porte Ouest sont quant \u00e0 eux plus faibles et tournent autour de 20 \u00e0 40MW.<\/p>\n\n\n\n<p>Une connexion vers le centre-ville est donc \u00e0 l\u2019\u00e9tude avec 3 sites potentiels identifi\u00e9s \u00e0 ce stade. A terme, ce r\u00e9seau pourrait alimenter l\u2019\u00e9quivalent de 25.000 \u00e0 40.000 logements.<\/p>\n","protected":false},"excerpt":{"rendered":"<p>Voil\u00e0 plusieurs ann\u00e9es que la Ville de Charleroi s\u2019est lanc\u00e9e dans le d\u00e9veloppement de r\u00e9seaux d\u2019\u00e9nergie thermique. A l\u2019heure o\u00f9 le centre de la ville s\u2019\u00e9quipe en canalisations transporteuses de chaleur, un vaste projet de r\u00e9seau de chaleur urbain a \u00e9t\u00e9 pr\u00e9sent\u00e9 il y a quelques jours. Il devrait devenir le plus important r\u00e9seau wallon de ce type.&nbsp; Bas\u00e9 sur la r\u00e9cup\u00e9ration de la chaleur fatale du p\u00f4le industriel ouest de la ville carolo, il devrait permettre de connecter les industries entre elles mais \u00e9galement de valoriser une part importante de cette chaleur aupr\u00e8s d\u2019autres acteurs et notamment les logements carolos. Le contexte belge Chauffer et refroidir des b\u00e2timents gr\u00e2ce \u00e0 des r\u00e9seaux de chaleur n\u2019est nouveau. De nombreux voisins europ\u00e9ens ont impl\u00e9ment\u00e9 les r\u00e9seaux de chaleur depuis plusieurs d\u00e9cennies. Il n\u2019est donc pas question d\u2019inventer ou de proposer quelque chose d&rsquo;exp\u00e9rimental \u00e0 Charleroi. A l\u2019inverse, la position nationale de \u00ab&nbsp;retardataire&nbsp;\u00bb constitue en quelque sorte une aubaine pour mettre en place directement des syst\u00e8mes 100% renouvelables en s\u2019inspirant des meilleurs \u00e9l\u00e8ves europ\u00e9ens. La France a, par exemple, d\u00e9velopp\u00e9 de mani\u00e8re consid\u00e9rable des r\u00e9seaux durant la derni\u00e8re d\u00e9cennie et a opt\u00e9 pour les \u00e9nergies renouvelables comme principale source d\u2019\u00e9nergie. Ainsi aujourd\u2019hui, plus de 15% de l\u2019\u00e9nergie thermique consomm\u00e9e en France transite au travers de r\u00e9seaux de chaleur. Mieux, plus de 54% de cette \u00e9nergie est renouvelable. Le cadre r\u00e9glementaire Outre des comp\u00e9tences techniques pointues, l\u2019impl\u00e9mentation d\u2019un r\u00e9seau de chaleur n\u00e9cessite des comp\u00e9tences \u00e9conomiques, juridiques et environnementales tout aussi importantes. En juillet 2022, sur proposition du Ministre de l\u2019Energie, Philippe Henry, le Gouvernement wallon a adopt\u00e9 un arr\u00eat\u00e9 portant ex\u00e9cution du d\u00e9cret du 15 octobre 2020 relatif \u00e0 l\u2019\u00e9nergie thermique. Cet arr\u00eat\u00e9 pr\u00e9voit des dispositions en mati\u00e8re de comptage et de r\u00e9partition &hellip; <a href=\"https:\/\/www.renouvelle.be\/fr\/projet-porte-ouest-de-charleroi-le-plus-grand-reseau-de-chaleur-de-wallonie\/\" class=\"more-link\">Continue reading<span class=\"screen-reader-text\"> \u00ab\u00a0Projet Porte Ouest de Charleroi : le plus grand r\u00e9seau de chaleur de Wallonie.\u00a0\u00bb<\/span><\/a><\/p>\n","protected":false},"author":32,"featured_media":9201,"comment_status":"closed","ping_status":"closed","sticky":false,"template":"","format":"standard","meta":{"_acf_changed":false,"footnotes":""},"categories":[16,17,20],"tags":[],"section":[8,4],"class_list":["post-9200","post","type-post","status-publish","format-standard","has-post-thumbnail","hentry","category-actualite","category-actualite-en-belgique","category-technologies","section-energie-renouvelables","section-biomasse-energie"],"acf":[],"yoast_head":"<!-- This site is optimized with the Yoast SEO plugin v27.5 - https:\/\/yoast.com\/product\/yoast-seo-wordpress\/ -->\n<title>Projet Porte Ouest de Charleroi : le plus grand r\u00e9seau de chaleur de Wallonie. - Renouvelle<\/title>\n<meta name=\"robots\" content=\"index, follow, max-snippet:-1, max-image-preview:large, max-video-preview:-1\" \/>\n<link rel=\"canonical\" href=\"https:\/\/www.renouvelle.be\/fr\/projet-porte-ouest-de-charleroi-le-plus-grand-reseau-de-chaleur-de-wallonie\/\" \/>\n<meta property=\"og:locale\" content=\"fr_FR\" \/>\n<meta property=\"og:type\" content=\"article\" \/>\n<meta property=\"og:title\" content=\"Projet Porte Ouest de Charleroi : le plus grand r\u00e9seau de chaleur de Wallonie. - Renouvelle\" \/>\n<meta property=\"og:description\" content=\"Voil\u00e0 plusieurs ann\u00e9es que la Ville de Charleroi s\u2019est lanc\u00e9e dans le d\u00e9veloppement de r\u00e9seaux d\u2019\u00e9nergie thermique. A l\u2019heure o\u00f9 le centre de la ville s\u2019\u00e9quipe en canalisations transporteuses de chaleur, un vaste projet de r\u00e9seau de chaleur urbain a \u00e9t\u00e9 pr\u00e9sent\u00e9 il y a quelques jours. Il devrait devenir le plus important r\u00e9seau wallon de ce type.&nbsp; Bas\u00e9 sur la r\u00e9cup\u00e9ration de la chaleur fatale du p\u00f4le industriel ouest de la ville carolo, il devrait permettre de connecter les industries entre elles mais \u00e9galement de valoriser une part importante de cette chaleur aupr\u00e8s d\u2019autres acteurs et notamment les logements carolos. Le contexte belge Chauffer et refroidir des b\u00e2timents gr\u00e2ce \u00e0 des r\u00e9seaux de chaleur n\u2019est nouveau. De nombreux voisins europ\u00e9ens ont impl\u00e9ment\u00e9 les r\u00e9seaux de chaleur depuis plusieurs d\u00e9cennies. Il n\u2019est donc pas question d\u2019inventer ou de proposer quelque chose d&rsquo;exp\u00e9rimental \u00e0 Charleroi. A l\u2019inverse, la position nationale de \u00ab&nbsp;retardataire&nbsp;\u00bb constitue en quelque sorte une aubaine pour mettre en place directement des syst\u00e8mes 100% renouvelables en s\u2019inspirant des meilleurs \u00e9l\u00e8ves europ\u00e9ens. La France a, par exemple, d\u00e9velopp\u00e9 de mani\u00e8re consid\u00e9rable des r\u00e9seaux durant la derni\u00e8re d\u00e9cennie et a opt\u00e9 pour les \u00e9nergies renouvelables comme principale source d\u2019\u00e9nergie. Ainsi aujourd\u2019hui, plus de 15% de l\u2019\u00e9nergie thermique consomm\u00e9e en France transite au travers de r\u00e9seaux de chaleur. Mieux, plus de 54% de cette \u00e9nergie est renouvelable. Le cadre r\u00e9glementaire Outre des comp\u00e9tences techniques pointues, l\u2019impl\u00e9mentation d\u2019un r\u00e9seau de chaleur n\u00e9cessite des comp\u00e9tences \u00e9conomiques, juridiques et environnementales tout aussi importantes. En juillet 2022, sur proposition du Ministre de l\u2019Energie, Philippe Henry, le Gouvernement wallon a adopt\u00e9 un arr\u00eat\u00e9 portant ex\u00e9cution du d\u00e9cret du 15 octobre 2020 relatif \u00e0 l\u2019\u00e9nergie thermique. Cet arr\u00eat\u00e9 pr\u00e9voit des dispositions en mati\u00e8re de comptage et de r\u00e9partition &hellip; Continue reading &quot;Projet Porte Ouest de Charleroi : le plus grand r\u00e9seau de chaleur de Wallonie.&quot;\" \/>\n<meta property=\"og:url\" content=\"https:\/\/www.renouvelle.be\/fr\/projet-porte-ouest-de-charleroi-le-plus-grand-reseau-de-chaleur-de-wallonie\/\" \/>\n<meta property=\"og:site_name\" content=\"Renouvelle\" \/>\n<meta property=\"article:published_time\" content=\"2023-03-28T09:16:46+00:00\" \/>\n<meta property=\"article:modified_time\" content=\"2023-04-25T09:49:09+00:00\" \/>\n<meta property=\"og:image\" content=\"https:\/\/www.renouvelle.be\/wp-content\/uploads\/2023\/03\/Porte-Ouest.jpg\" \/>\n\t<meta property=\"og:image:width\" content=\"1110\" \/>\n\t<meta property=\"og:image:height\" content=\"578\" \/>\n\t<meta property=\"og:image:type\" content=\"image\/jpeg\" \/>\n<meta name=\"author\" content=\"Philippe Limbourg\" \/>\n<meta name=\"twitter:card\" content=\"summary_large_image\" \/>\n<script type=\"application\/ld+json\" class=\"yoast-schema-graph\">{\"@context\":\"https:\\\/\\\/schema.org\",\"@graph\":[{\"@type\":\"Article\",\"@id\":\"https:\\\/\\\/www.renouvelle.be\\\/fr\\\/projet-porte-ouest-de-charleroi-le-plus-grand-reseau-de-chaleur-de-wallonie\\\/#article\",\"isPartOf\":{\"@id\":\"https:\\\/\\\/www.renouvelle.be\\\/fr\\\/projet-porte-ouest-de-charleroi-le-plus-grand-reseau-de-chaleur-de-wallonie\\\/\"},\"author\":{\"name\":\"Philippe Limbourg\",\"@id\":\"https:\\\/\\\/www.renouvelle.be\\\/fr\\\/#\\\/schema\\\/person\\\/980400dfd457d76423b6766ad2146490\"},\"headline\":\"Projet Porte Ouest de Charleroi : le plus grand r\u00e9seau de chaleur de Wallonie.\",\"datePublished\":\"2023-03-28T09:16:46+00:00\",\"dateModified\":\"2023-04-25T09:49:09+00:00\",\"mainEntityOfPage\":{\"@id\":\"https:\\\/\\\/www.renouvelle.be\\\/fr\\\/projet-porte-ouest-de-charleroi-le-plus-grand-reseau-de-chaleur-de-wallonie\\\/\"},\"wordCount\":818,\"image\":{\"@id\":\"https:\\\/\\\/www.renouvelle.be\\\/fr\\\/projet-porte-ouest-de-charleroi-le-plus-grand-reseau-de-chaleur-de-wallonie\\\/#primaryimage\"},\"thumbnailUrl\":\"https:\\\/\\\/www.renouvelle.be\\\/wp-content\\\/uploads\\\/2023\\\/03\\\/Porte-Ouest.jpg\",\"articleSection\":[\"Actualit\u00e9\",\"Actualit\u00e9 en Belgique\",\"Technologies\"],\"inLanguage\":\"fr-FR\"},{\"@type\":\"WebPage\",\"@id\":\"https:\\\/\\\/www.renouvelle.be\\\/fr\\\/projet-porte-ouest-de-charleroi-le-plus-grand-reseau-de-chaleur-de-wallonie\\\/\",\"url\":\"https:\\\/\\\/www.renouvelle.be\\\/fr\\\/projet-porte-ouest-de-charleroi-le-plus-grand-reseau-de-chaleur-de-wallonie\\\/\",\"name\":\"Projet Porte Ouest de Charleroi : le plus grand r\u00e9seau de chaleur de Wallonie. - Renouvelle\",\"isPartOf\":{\"@id\":\"https:\\\/\\\/www.renouvelle.be\\\/fr\\\/#website\"},\"primaryImageOfPage\":{\"@id\":\"https:\\\/\\\/www.renouvelle.be\\\/fr\\\/projet-porte-ouest-de-charleroi-le-plus-grand-reseau-de-chaleur-de-wallonie\\\/#primaryimage\"},\"image\":{\"@id\":\"https:\\\/\\\/www.renouvelle.be\\\/fr\\\/projet-porte-ouest-de-charleroi-le-plus-grand-reseau-de-chaleur-de-wallonie\\\/#primaryimage\"},\"thumbnailUrl\":\"https:\\\/\\\/www.renouvelle.be\\\/wp-content\\\/uploads\\\/2023\\\/03\\\/Porte-Ouest.jpg\",\"datePublished\":\"2023-03-28T09:16:46+00:00\",\"dateModified\":\"2023-04-25T09:49:09+00:00\",\"author\":{\"@id\":\"https:\\\/\\\/www.renouvelle.be\\\/fr\\\/#\\\/schema\\\/person\\\/980400dfd457d76423b6766ad2146490\"},\"breadcrumb\":{\"@id\":\"https:\\\/\\\/www.renouvelle.be\\\/fr\\\/projet-porte-ouest-de-charleroi-le-plus-grand-reseau-de-chaleur-de-wallonie\\\/#breadcrumb\"},\"inLanguage\":\"fr-FR\",\"potentialAction\":[{\"@type\":\"ReadAction\",\"target\":[\"https:\\\/\\\/www.renouvelle.be\\\/fr\\\/projet-porte-ouest-de-charleroi-le-plus-grand-reseau-de-chaleur-de-wallonie\\\/\"]}]},{\"@type\":\"ImageObject\",\"inLanguage\":\"fr-FR\",\"@id\":\"https:\\\/\\\/www.renouvelle.be\\\/fr\\\/projet-porte-ouest-de-charleroi-le-plus-grand-reseau-de-chaleur-de-wallonie\\\/#primaryimage\",\"url\":\"https:\\\/\\\/www.renouvelle.be\\\/wp-content\\\/uploads\\\/2023\\\/03\\\/Porte-Ouest.jpg\",\"contentUrl\":\"https:\\\/\\\/www.renouvelle.be\\\/wp-content\\\/uploads\\\/2023\\\/03\\\/Porte-Ouest.jpg\",\"width\":1110,\"height\":578},{\"@type\":\"BreadcrumbList\",\"@id\":\"https:\\\/\\\/www.renouvelle.be\\\/fr\\\/projet-porte-ouest-de-charleroi-le-plus-grand-reseau-de-chaleur-de-wallonie\\\/#breadcrumb\",\"itemListElement\":[{\"@type\":\"ListItem\",\"position\":1,\"name\":\"Accueil\",\"item\":\"https:\\\/\\\/www.renouvelle.be\\\/fr\\\/\"},{\"@type\":\"ListItem\",\"position\":2,\"name\":\"Projet Porte Ouest de Charleroi : le plus grand r\u00e9seau de chaleur de Wallonie.\"}]},{\"@type\":\"WebSite\",\"@id\":\"https:\\\/\\\/www.renouvelle.be\\\/fr\\\/#website\",\"url\":\"https:\\\/\\\/www.renouvelle.be\\\/fr\\\/\",\"name\":\"Renouvelle\",\"description\":\"L&#039;actualit\u00e9 de l&#039;\u00e9nergie durable\",\"potentialAction\":[{\"@type\":\"SearchAction\",\"target\":{\"@type\":\"EntryPoint\",\"urlTemplate\":\"https:\\\/\\\/www.renouvelle.be\\\/fr\\\/?s={search_term_string}\"},\"query-input\":{\"@type\":\"PropertyValueSpecification\",\"valueRequired\":true,\"valueName\":\"search_term_string\"}}],\"inLanguage\":\"fr-FR\"},{\"@type\":\"Person\",\"@id\":\"https:\\\/\\\/www.renouvelle.be\\\/fr\\\/#\\\/schema\\\/person\\\/980400dfd457d76423b6766ad2146490\",\"name\":\"Philippe Limbourg\",\"url\":\"https:\\\/\\\/www.renouvelle.be\\\/fr\\\/author\\\/philippe-limbourg\\\/\"}]}<\/script>\n<!-- \/ Yoast SEO plugin. -->","yoast_head_json":{"title":"Projet Porte Ouest de Charleroi : le plus grand r\u00e9seau de chaleur de Wallonie. - Renouvelle","robots":{"index":"index","follow":"follow","max-snippet":"max-snippet:-1","max-image-preview":"max-image-preview:large","max-video-preview":"max-video-preview:-1"},"canonical":"https:\/\/www.renouvelle.be\/fr\/projet-porte-ouest-de-charleroi-le-plus-grand-reseau-de-chaleur-de-wallonie\/","og_locale":"fr_FR","og_type":"article","og_title":"Projet Porte Ouest de Charleroi : le plus grand r\u00e9seau de chaleur de Wallonie. - Renouvelle","og_description":"Voil\u00e0 plusieurs ann\u00e9es que la Ville de Charleroi s\u2019est lanc\u00e9e dans le d\u00e9veloppement de r\u00e9seaux d\u2019\u00e9nergie thermique. A l\u2019heure o\u00f9 le centre de la ville s\u2019\u00e9quipe en canalisations transporteuses de chaleur, un vaste projet de r\u00e9seau de chaleur urbain a \u00e9t\u00e9 pr\u00e9sent\u00e9 il y a quelques jours. Il devrait devenir le plus important r\u00e9seau wallon de ce type.&nbsp; Bas\u00e9 sur la r\u00e9cup\u00e9ration de la chaleur fatale du p\u00f4le industriel ouest de la ville carolo, il devrait permettre de connecter les industries entre elles mais \u00e9galement de valoriser une part importante de cette chaleur aupr\u00e8s d\u2019autres acteurs et notamment les logements carolos. Le contexte belge Chauffer et refroidir des b\u00e2timents gr\u00e2ce \u00e0 des r\u00e9seaux de chaleur n\u2019est nouveau. De nombreux voisins europ\u00e9ens ont impl\u00e9ment\u00e9 les r\u00e9seaux de chaleur depuis plusieurs d\u00e9cennies. Il n\u2019est donc pas question d\u2019inventer ou de proposer quelque chose d&rsquo;exp\u00e9rimental \u00e0 Charleroi. A l\u2019inverse, la position nationale de \u00ab&nbsp;retardataire&nbsp;\u00bb constitue en quelque sorte une aubaine pour mettre en place directement des syst\u00e8mes 100% renouvelables en s\u2019inspirant des meilleurs \u00e9l\u00e8ves europ\u00e9ens. La France a, par exemple, d\u00e9velopp\u00e9 de mani\u00e8re consid\u00e9rable des r\u00e9seaux durant la derni\u00e8re d\u00e9cennie et a opt\u00e9 pour les \u00e9nergies renouvelables comme principale source d\u2019\u00e9nergie. Ainsi aujourd\u2019hui, plus de 15% de l\u2019\u00e9nergie thermique consomm\u00e9e en France transite au travers de r\u00e9seaux de chaleur. Mieux, plus de 54% de cette \u00e9nergie est renouvelable. Le cadre r\u00e9glementaire Outre des comp\u00e9tences techniques pointues, l\u2019impl\u00e9mentation d\u2019un r\u00e9seau de chaleur n\u00e9cessite des comp\u00e9tences \u00e9conomiques, juridiques et environnementales tout aussi importantes. En juillet 2022, sur proposition du Ministre de l\u2019Energie, Philippe Henry, le Gouvernement wallon a adopt\u00e9 un arr\u00eat\u00e9 portant ex\u00e9cution du d\u00e9cret du 15 octobre 2020 relatif \u00e0 l\u2019\u00e9nergie thermique. Cet arr\u00eat\u00e9 pr\u00e9voit des dispositions en mati\u00e8re de comptage et de r\u00e9partition &hellip; Continue reading \"Projet Porte Ouest de Charleroi : le plus grand r\u00e9seau de chaleur de Wallonie.\"","og_url":"https:\/\/www.renouvelle.be\/fr\/projet-porte-ouest-de-charleroi-le-plus-grand-reseau-de-chaleur-de-wallonie\/","og_site_name":"Renouvelle","article_published_time":"2023-03-28T09:16:46+00:00","article_modified_time":"2023-04-25T09:49:09+00:00","og_image":[{"width":1110,"height":578,"url":"https:\/\/www.renouvelle.be\/wp-content\/uploads\/2023\/03\/Porte-Ouest.jpg","type":"image\/jpeg"}],"author":"Philippe Limbourg","twitter_card":"summary_large_image","schema":{"@context":"https:\/\/schema.org","@graph":[{"@type":"Article","@id":"https:\/\/www.renouvelle.be\/fr\/projet-porte-ouest-de-charleroi-le-plus-grand-reseau-de-chaleur-de-wallonie\/#article","isPartOf":{"@id":"https:\/\/www.renouvelle.be\/fr\/projet-porte-ouest-de-charleroi-le-plus-grand-reseau-de-chaleur-de-wallonie\/"},"author":{"name":"Philippe Limbourg","@id":"https:\/\/www.renouvelle.be\/fr\/#\/schema\/person\/980400dfd457d76423b6766ad2146490"},"headline":"Projet Porte Ouest de Charleroi : le plus grand r\u00e9seau de chaleur de Wallonie.","datePublished":"2023-03-28T09:16:46+00:00","dateModified":"2023-04-25T09:49:09+00:00","mainEntityOfPage":{"@id":"https:\/\/www.renouvelle.be\/fr\/projet-porte-ouest-de-charleroi-le-plus-grand-reseau-de-chaleur-de-wallonie\/"},"wordCount":818,"image":{"@id":"https:\/\/www.renouvelle.be\/fr\/projet-porte-ouest-de-charleroi-le-plus-grand-reseau-de-chaleur-de-wallonie\/#primaryimage"},"thumbnailUrl":"https:\/\/www.renouvelle.be\/wp-content\/uploads\/2023\/03\/Porte-Ouest.jpg","articleSection":["Actualit\u00e9","Actualit\u00e9 en Belgique","Technologies"],"inLanguage":"fr-FR"},{"@type":"WebPage","@id":"https:\/\/www.renouvelle.be\/fr\/projet-porte-ouest-de-charleroi-le-plus-grand-reseau-de-chaleur-de-wallonie\/","url":"https:\/\/www.renouvelle.be\/fr\/projet-porte-ouest-de-charleroi-le-plus-grand-reseau-de-chaleur-de-wallonie\/","name":"Projet Porte Ouest de Charleroi : le plus grand r\u00e9seau de chaleur de Wallonie. - Renouvelle","isPartOf":{"@id":"https:\/\/www.renouvelle.be\/fr\/#website"},"primaryImageOfPage":{"@id":"https:\/\/www.renouvelle.be\/fr\/projet-porte-ouest-de-charleroi-le-plus-grand-reseau-de-chaleur-de-wallonie\/#primaryimage"},"image":{"@id":"https:\/\/www.renouvelle.be\/fr\/projet-porte-ouest-de-charleroi-le-plus-grand-reseau-de-chaleur-de-wallonie\/#primaryimage"},"thumbnailUrl":"https:\/\/www.renouvelle.be\/wp-content\/uploads\/2023\/03\/Porte-Ouest.jpg","datePublished":"2023-03-28T09:16:46+00:00","dateModified":"2023-04-25T09:49:09+00:00","author":{"@id":"https:\/\/www.renouvelle.be\/fr\/#\/schema\/person\/980400dfd457d76423b6766ad2146490"},"breadcrumb":{"@id":"https:\/\/www.renouvelle.be\/fr\/projet-porte-ouest-de-charleroi-le-plus-grand-reseau-de-chaleur-de-wallonie\/#breadcrumb"},"inLanguage":"fr-FR","potentialAction":[{"@type":"ReadAction","target":["https:\/\/www.renouvelle.be\/fr\/projet-porte-ouest-de-charleroi-le-plus-grand-reseau-de-chaleur-de-wallonie\/"]}]},{"@type":"ImageObject","inLanguage":"fr-FR","@id":"https:\/\/www.renouvelle.be\/fr\/projet-porte-ouest-de-charleroi-le-plus-grand-reseau-de-chaleur-de-wallonie\/#primaryimage","url":"https:\/\/www.renouvelle.be\/wp-content\/uploads\/2023\/03\/Porte-Ouest.jpg","contentUrl":"https:\/\/www.renouvelle.be\/wp-content\/uploads\/2023\/03\/Porte-Ouest.jpg","width":1110,"height":578},{"@type":"BreadcrumbList","@id":"https:\/\/www.renouvelle.be\/fr\/projet-porte-ouest-de-charleroi-le-plus-grand-reseau-de-chaleur-de-wallonie\/#breadcrumb","itemListElement":[{"@type":"ListItem","position":1,"name":"Accueil","item":"https:\/\/www.renouvelle.be\/fr\/"},{"@type":"ListItem","position":2,"name":"Projet Porte Ouest de Charleroi : le plus grand r\u00e9seau de chaleur de Wallonie."}]},{"@type":"WebSite","@id":"https:\/\/www.renouvelle.be\/fr\/#website","url":"https:\/\/www.renouvelle.be\/fr\/","name":"Renouvelle","description":"L&#039;actualit\u00e9 de l&#039;\u00e9nergie durable","potentialAction":[{"@type":"SearchAction","target":{"@type":"EntryPoint","urlTemplate":"https:\/\/www.renouvelle.be\/fr\/?s={search_term_string}"},"query-input":{"@type":"PropertyValueSpecification","valueRequired":true,"valueName":"search_term_string"}}],"inLanguage":"fr-FR"},{"@type":"Person","@id":"https:\/\/www.renouvelle.be\/fr\/#\/schema\/person\/980400dfd457d76423b6766ad2146490","name":"Philippe Limbourg","url":"https:\/\/www.renouvelle.be\/fr\/author\/philippe-limbourg\/"}]}},"_links":{"self":[{"href":"https:\/\/www.renouvelle.be\/fr\/wp-json\/wp\/v2\/posts\/9200","targetHints":{"allow":["GET"]}}],"collection":[{"href":"https:\/\/www.renouvelle.be\/fr\/wp-json\/wp\/v2\/posts"}],"about":[{"href":"https:\/\/www.renouvelle.be\/fr\/wp-json\/wp\/v2\/types\/post"}],"author":[{"embeddable":true,"href":"https:\/\/www.renouvelle.be\/fr\/wp-json\/wp\/v2\/users\/32"}],"replies":[{"embeddable":true,"href":"https:\/\/www.renouvelle.be\/fr\/wp-json\/wp\/v2\/comments?post=9200"}],"version-history":[{"count":5,"href":"https:\/\/www.renouvelle.be\/fr\/wp-json\/wp\/v2\/posts\/9200\/revisions"}],"predecessor-version":[{"id":9331,"href":"https:\/\/www.renouvelle.be\/fr\/wp-json\/wp\/v2\/posts\/9200\/revisions\/9331"}],"wp:featuredmedia":[{"embeddable":true,"href":"https:\/\/www.renouvelle.be\/fr\/wp-json\/wp\/v2\/media\/9201"}],"wp:attachment":[{"href":"https:\/\/www.renouvelle.be\/fr\/wp-json\/wp\/v2\/media?parent=9200"}],"wp:term":[{"taxonomy":"category","embeddable":true,"href":"https:\/\/www.renouvelle.be\/fr\/wp-json\/wp\/v2\/categories?post=9200"},{"taxonomy":"post_tag","embeddable":true,"href":"https:\/\/www.renouvelle.be\/fr\/wp-json\/wp\/v2\/tags?post=9200"},{"taxonomy":"section","embeddable":true,"href":"https:\/\/www.renouvelle.be\/fr\/wp-json\/wp\/v2\/section?post=9200"}],"curies":[{"name":"wp","href":"https:\/\/api.w.org\/{rel}","templated":true}]}}