{"id":9184,"date":"2023-03-21T12:28:31","date_gmt":"2023-03-21T11:28:31","guid":{"rendered":"https:\/\/www.renouvelle.be\/?p=9184"},"modified":"2023-04-25T11:48:28","modified_gmt":"2023-04-25T09:48:28","slug":"le-solaire-flottant-en-mer-une-nouvelle-vague","status":"publish","type":"post","link":"https:\/\/www.renouvelle.be\/fr\/le-solaire-flottant-en-mer-une-nouvelle-vague\/","title":{"rendered":"Le solaire flottant en mer : une nouvelle vague ?"},"content":{"rendered":"\n<p>Hasard de calendrier ou correspondance des tendances et des souhaits de diversifier les technologies&nbsp;? Toujours est-il qu\u2019en \u00e0 peine quelques jours, ce sont deux innovations dans l\u2019\u00e9olien maritime qui ont \u00e9t\u00e9 annonc\u00e9es. L\u2019une en Belgique, l\u2019autre en France.<\/p>\n\n\n\n<p><strong>En Belgique, un premier prototype de flotteur annonc\u00e9 pour l\u2019\u00e9t\u00e9<\/strong><\/p>\n\n\n\n<p>L\u2019annonce \u00e9mane d\u2019un trio bien connu dans le milieu industriel, \u00e9nerg\u00e9tique et\/ou maritime&nbsp;: les partenaires belges Jan De Nul, Tractebel et DEME ont en effet pr\u00e9sent\u00e9 le 8 mars dernier SEAVOLT\u00a9, une nouvelle marque de technologie photovolta\u00efque (PV) flottante en mer. Cette technologie permettrait de cr\u00e9er de larges surfaces photovolta\u00efques pouvant r\u00e9sister aux conditions difficiles de l\u2019offshore. La conception modulaire permettant une adaptabilit\u00e9 sur diff\u00e9rents sites et \u00e0 diverses demandes. La production locale d\u2019\u00e9nergie renouvelable ainsi que la possibilit\u00e9 d\u2019installer les panneaux au sein des parcs d\u2019\u00e9oliens offshore (lorsque les concessions \u00e0 usage multiple sont autoris\u00e9es) constituerait alors un avantage consid\u00e9rable. Puisqu\u2019il combinerait soleil et vent au m\u00eame endroit. Autre avantage non n\u00e9gligeable, l\u2019injection massive d\u2019\u00e9lectricit\u00e9 dans le r\u00e9seau d\u2019\u00e9nergie au d\u00e9part d\u2019une seule et m\u00eame plateforme de production.<\/p>\n\n\n\n<figure class=\"wp-block-image size-full\"><img loading=\"lazy\" decoding=\"async\" width=\"1024\" height=\"512\" src=\"https:\/\/www.renouvelle.be\/wp-content\/uploads\/2023\/03\/SeaVolt_Logo_02_2023-.jpg\" alt=\"\u00a9 Seavolt\" class=\"wp-image-9186\" srcset=\"https:\/\/www.renouvelle.be\/wp-content\/uploads\/2023\/03\/SeaVolt_Logo_02_2023-.jpg 1024w, https:\/\/www.renouvelle.be\/wp-content\/uploads\/2023\/03\/SeaVolt_Logo_02_2023--300x150.jpg 300w, https:\/\/www.renouvelle.be\/wp-content\/uploads\/2023\/03\/SeaVolt_Logo_02_2023--768x384.jpg 768w, https:\/\/www.renouvelle.be\/wp-content\/uploads\/2023\/03\/SeaVolt_Logo_02_2023--700x350.jpg 700w\" sizes=\"auto, (max-width: 1024px) 100vw, 1024px\" \/><figcaption class=\"wp-element-caption\"><a href=\"http:\/\/www.seavolt.be\"><strong>\u00a9<\/strong> Seavolt<\/a><\/figcaption><\/figure>\n\n\n\n<p><strong>D\u00e9ploiement d\u2019une installation d\u2019essai au large de la c\u00f4te belge<\/strong><\/p>\n\n\n\n<p>Il y a quatre ans, les partenaires associ\u00e9s \u00e0 l\u2019universit\u00e9 de Gand ont lanc\u00e9 le projet de recherche MPVAQUA (\u00ab&nbsp;Marine PV Aquaculture&nbsp;\u00bb, aquaculture photovolta\u00efque maritime). Ce projet avait alors permis de d\u00e9velopper et de construire, en laboratoire, un concept de flotteur. C\u2019est ce prototype qui devrait \u00eatre install\u00e9 au large de la c\u00f4te belge \u00e0 l\u2019\u00e9t\u00e9 2023.<\/p>\n\n\n\n<p><strong>En France aussi, \u00e7a flotte<\/strong><\/p>\n\n\n\n<p>C\u2019est ce 17 mars que la soci\u00e9t\u00e9 SolarinBlue a d\u00e9ploy\u00e9 en M\u00e9diterran\u00e9e, les premi\u00e8res unit\u00e9s solaires flottantes en pleine mer. Une premi\u00e8re fran\u00e7aise et, surtout, une premi\u00e8re installation de production \u00e9lectrique offshore c\u00f4t\u00e9 fran\u00e7ais en M\u00e9diterran\u00e9e. A noter que pour l&rsquo;ensemble de la M\u00e9diterran\u00e9e, le tout premier parc \u00e9olien offshore n&rsquo;a m\u00eame pas un an puisque c&rsquo;est en avril 2022 qu&rsquo;il a \u00e9t\u00e9 inaugur\u00e9 au large du port de Trente , en Italie. Depuis nombreux sont les projets, encore non aboutis. Mais, en France, plusieurs appels \u00e0 projets sont en cours avec, \u00e0 terme, l&rsquo;objectif de profiter des formidable conditions venteuses \u00e0 cet endroit.  La programmation pluriannuelle de l\u2019\u00e9nergie (PPE) pr\u00e9voit l\u2019installation en M\u00e9diterran\u00e9e, dans le Golfe du Lion, de deux parcs \u00e9oliens en mer flottants de 250 MW chacun d\u2019ici 2030. Et, \u00e0 terme, le Gouvernement annonce vouloir acc\u00e9l\u00e9rer le d\u00e9veloppement de l&rsquo;\u00e9olien en mer afin de&nbsp;construire 50 parcs \u00e9oliens offshore d&rsquo;ici 2050, soit 40 GW de capacit\u00e9s totales&nbsp;et pr\u00e8s de 20% de la consommation d&rsquo;\u00e9lectricit\u00e9 en France. A suivre&#8230;<\/p>\n\n\n\n<figure class=\"wp-block-image size-large\"><img loading=\"lazy\" decoding=\"async\" width=\"1024\" height=\"576\" src=\"https:\/\/www.renouvelle.be\/wp-content\/uploads\/2023\/03\/\u00a9DTS_SOLARINBLUE_JOUR_1_00-23-1024x576.jpg\" alt=\"\" class=\"wp-image-9189\" srcset=\"https:\/\/www.renouvelle.be\/wp-content\/uploads\/2023\/03\/\u00a9DTS_SOLARINBLUE_JOUR_1_00-23-1024x576.jpg 1024w, https:\/\/www.renouvelle.be\/wp-content\/uploads\/2023\/03\/\u00a9DTS_SOLARINBLUE_JOUR_1_00-23-300x169.jpg 300w, https:\/\/www.renouvelle.be\/wp-content\/uploads\/2023\/03\/\u00a9DTS_SOLARINBLUE_JOUR_1_00-23-768x432.jpg 768w, https:\/\/www.renouvelle.be\/wp-content\/uploads\/2023\/03\/\u00a9DTS_SOLARINBLUE_JOUR_1_00-23-1536x864.jpg 1536w, https:\/\/www.renouvelle.be\/wp-content\/uploads\/2023\/03\/\u00a9DTS_SOLARINBLUE_JOUR_1_00-23-2048x1152.jpg 2048w, https:\/\/www.renouvelle.be\/wp-content\/uploads\/2023\/03\/\u00a9DTS_SOLARINBLUE_JOUR_1_00-23-1200x675.jpg 1200w\" sizes=\"auto, (max-width: 1024px) 100vw, 1024px\" \/><figcaption class=\"wp-element-caption\"><a href=\"https:\/\/solarinblue.com\/\">Copyright Solarinblue<\/a><\/figcaption><\/figure>\n\n\n\n<p><strong>S\u00e8te, premier port photovolta\u00efque de France<\/strong><\/p>\n\n\n\n<p> Le projet SolarinBlue fait de S\u00e8te, au large de laquelle il a \u00e9t\u00e9 install\u00e9, le premier port photovolta\u00efque de France. &nbsp;Un projet initi\u00e9 en 2021 qui a obtenu l\u2019aval des autorit\u00e9s portuaires et l\u2019ensemble des autorisations administratives en 2022. Et mis a l\u2019eau \u00e0 peine un an plus tard, \u00e0 l\u2019issue d\u2019une \u00e9tude d\u2019impact. Le d\u00e9monstrateur sera compos\u00e9 de 25 unit\u00e9s flottantes pour une puissance totale de 300 kWc sur 0,5 hectares. Les structures seront progressivement install\u00e9es sur le port de commerce, \u00e0 1,5 km de la c\u00f4te. Ironie du sort, \u00e0 l\u2019emplacement de l\u2019ancien poste de d\u00e9chargement des hydrocarbures en mer. L\u2019\u00e9nergie produite par les panneaux solaires, achemin\u00e9e par un c\u00e2ble sous-marin, alimentera en \u00e9lectricit\u00e9 renouvelable les infrastructures du port de S\u00e8te-Frontignan. La production est estim\u00e9e \u00e0 400 MWh\/an. Et, on l\u2019esp\u00e8re, devrait inviter d\u2019autres \u00e0 surfer sur cette vague pour en faire autant. Voire plus&nbsp;!<\/p>\n","protected":false},"excerpt":{"rendered":"<p>Hasard de calendrier ou correspondance des tendances et des souhaits de diversifier les technologies&nbsp;? Toujours est-il qu\u2019en \u00e0 peine quelques jours, ce sont deux innovations dans l\u2019\u00e9olien maritime qui ont \u00e9t\u00e9 annonc\u00e9es. L\u2019une en Belgique, l\u2019autre en France. En Belgique, un premier prototype de flotteur annonc\u00e9 pour l\u2019\u00e9t\u00e9 L\u2019annonce \u00e9mane d\u2019un trio bien connu dans le milieu industriel, \u00e9nerg\u00e9tique et\/ou maritime&nbsp;: les partenaires belges Jan De Nul, Tractebel et DEME ont en effet pr\u00e9sent\u00e9 le 8 mars dernier SEAVOLT\u00a9, une nouvelle marque de technologie photovolta\u00efque (PV) flottante en mer. Cette technologie permettrait de cr\u00e9er de larges surfaces photovolta\u00efques pouvant r\u00e9sister aux conditions difficiles de l\u2019offshore. La conception modulaire permettant une adaptabilit\u00e9 sur diff\u00e9rents sites et \u00e0 diverses demandes. La production locale d\u2019\u00e9nergie renouvelable ainsi que la possibilit\u00e9 d\u2019installer les panneaux au sein des parcs d\u2019\u00e9oliens offshore (lorsque les concessions \u00e0 usage multiple sont autoris\u00e9es) constituerait alors un avantage consid\u00e9rable. Puisqu\u2019il combinerait soleil et vent au m\u00eame endroit. Autre avantage non n\u00e9gligeable, l\u2019injection massive d\u2019\u00e9lectricit\u00e9 dans le r\u00e9seau d\u2019\u00e9nergie au d\u00e9part d\u2019une seule et m\u00eame plateforme de production. D\u00e9ploiement d\u2019une installation d\u2019essai au large de la c\u00f4te belge Il y a quatre ans, les partenaires associ\u00e9s \u00e0 l\u2019universit\u00e9 de Gand ont lanc\u00e9 le projet de recherche MPVAQUA (\u00ab&nbsp;Marine PV Aquaculture&nbsp;\u00bb, aquaculture photovolta\u00efque maritime). Ce projet avait alors permis de d\u00e9velopper et de construire, en laboratoire, un concept de flotteur. C\u2019est ce prototype qui devrait \u00eatre install\u00e9 au large de la c\u00f4te belge \u00e0 l\u2019\u00e9t\u00e9 2023. En France aussi, \u00e7a flotte C\u2019est ce 17 mars que la soci\u00e9t\u00e9 SolarinBlue a d\u00e9ploy\u00e9 en M\u00e9diterran\u00e9e, les premi\u00e8res unit\u00e9s solaires flottantes en pleine mer. Une premi\u00e8re fran\u00e7aise et, surtout, une premi\u00e8re installation de production \u00e9lectrique offshore c\u00f4t\u00e9 fran\u00e7ais en M\u00e9diterran\u00e9e. A noter que pour l&rsquo;ensemble &hellip; <a href=\"https:\/\/www.renouvelle.be\/fr\/le-solaire-flottant-en-mer-une-nouvelle-vague\/\" class=\"more-link\">Continue reading<span class=\"screen-reader-text\"> \u00ab\u00a0Le solaire flottant en mer : une nouvelle vague ?\u00a0\u00bb<\/span><\/a><\/p>\n","protected":false},"author":32,"featured_media":9191,"comment_status":"closed","ping_status":"closed","sticky":false,"template":"","format":"standard","meta":{"_acf_changed":false,"footnotes":""},"categories":[20],"tags":[],"section":[13],"class_list":["post-9184","post","type-post","status-publish","format-standard","has-post-thumbnail","hentry","category-technologies","section-solaire"],"acf":[],"yoast_head":"<!-- This site is optimized with the Yoast SEO plugin v27.4 - https:\/\/yoast.com\/product\/yoast-seo-wordpress\/ -->\n<title>Le solaire flottant en mer : une nouvelle vague ? - Renouvelle<\/title>\n<meta name=\"description\" content=\"Le solaire flottant existe depuis quelques ann\u00e9es mais arrive progressivement aussi en mer. Petit tour d&#039;horizon.\" \/>\n<meta name=\"robots\" content=\"index, follow, max-snippet:-1, max-image-preview:large, max-video-preview:-1\" \/>\n<link rel=\"canonical\" href=\"https:\/\/www.renouvelle.be\/fr\/le-solaire-flottant-en-mer-une-nouvelle-vague\/\" \/>\n<meta property=\"og:locale\" content=\"fr_FR\" \/>\n<meta property=\"og:type\" content=\"article\" \/>\n<meta property=\"og:title\" content=\"Le solaire flottant en mer : une nouvelle vague ? - Renouvelle\" \/>\n<meta property=\"og:description\" content=\"Le solaire flottant existe depuis quelques ann\u00e9es mais arrive progressivement aussi en mer. Petit tour d&#039;horizon.\" \/>\n<meta property=\"og:url\" content=\"https:\/\/www.renouvelle.be\/fr\/le-solaire-flottant-en-mer-une-nouvelle-vague\/\" \/>\n<meta property=\"og:site_name\" content=\"Renouvelle\" \/>\n<meta property=\"article:published_time\" content=\"2023-03-21T11:28:31+00:00\" \/>\n<meta property=\"article:modified_time\" content=\"2023-04-25T09:48:28+00:00\" \/>\n<meta property=\"og:image\" content=\"https:\/\/www.renouvelle.be\/wp-content\/uploads\/2023\/03\/ocean-g353e89b2d_1920.jpg\" \/>\n\t<meta property=\"og:image:width\" content=\"1920\" \/>\n\t<meta property=\"og:image:height\" content=\"1280\" \/>\n\t<meta property=\"og:image:type\" content=\"image\/jpeg\" \/>\n<meta name=\"author\" content=\"Philippe Limbourg\" \/>\n<meta name=\"twitter:card\" content=\"summary_large_image\" \/>\n<script type=\"application\/ld+json\" class=\"yoast-schema-graph\">{\"@context\":\"https:\\\/\\\/schema.org\",\"@graph\":[{\"@type\":\"Article\",\"@id\":\"https:\\\/\\\/www.renouvelle.be\\\/fr\\\/le-solaire-flottant-en-mer-une-nouvelle-vague\\\/#article\",\"isPartOf\":{\"@id\":\"https:\\\/\\\/www.renouvelle.be\\\/fr\\\/le-solaire-flottant-en-mer-une-nouvelle-vague\\\/\"},\"author\":{\"name\":\"Philippe Limbourg\",\"@id\":\"https:\\\/\\\/www.renouvelle.be\\\/fr\\\/#\\\/schema\\\/person\\\/980400dfd457d76423b6766ad2146490\"},\"headline\":\"Le solaire flottant en mer : une nouvelle vague ?\",\"datePublished\":\"2023-03-21T11:28:31+00:00\",\"dateModified\":\"2023-04-25T09:48:28+00:00\",\"mainEntityOfPage\":{\"@id\":\"https:\\\/\\\/www.renouvelle.be\\\/fr\\\/le-solaire-flottant-en-mer-une-nouvelle-vague\\\/\"},\"wordCount\":667,\"image\":{\"@id\":\"https:\\\/\\\/www.renouvelle.be\\\/fr\\\/le-solaire-flottant-en-mer-une-nouvelle-vague\\\/#primaryimage\"},\"thumbnailUrl\":\"https:\\\/\\\/www.renouvelle.be\\\/wp-content\\\/uploads\\\/2023\\\/03\\\/ocean-g353e89b2d_1920.jpg\",\"articleSection\":[\"Technologies\"],\"inLanguage\":\"fr-FR\"},{\"@type\":\"WebPage\",\"@id\":\"https:\\\/\\\/www.renouvelle.be\\\/fr\\\/le-solaire-flottant-en-mer-une-nouvelle-vague\\\/\",\"url\":\"https:\\\/\\\/www.renouvelle.be\\\/fr\\\/le-solaire-flottant-en-mer-une-nouvelle-vague\\\/\",\"name\":\"Le solaire flottant en mer : une nouvelle vague ? - Renouvelle\",\"isPartOf\":{\"@id\":\"https:\\\/\\\/www.renouvelle.be\\\/fr\\\/#website\"},\"primaryImageOfPage\":{\"@id\":\"https:\\\/\\\/www.renouvelle.be\\\/fr\\\/le-solaire-flottant-en-mer-une-nouvelle-vague\\\/#primaryimage\"},\"image\":{\"@id\":\"https:\\\/\\\/www.renouvelle.be\\\/fr\\\/le-solaire-flottant-en-mer-une-nouvelle-vague\\\/#primaryimage\"},\"thumbnailUrl\":\"https:\\\/\\\/www.renouvelle.be\\\/wp-content\\\/uploads\\\/2023\\\/03\\\/ocean-g353e89b2d_1920.jpg\",\"datePublished\":\"2023-03-21T11:28:31+00:00\",\"dateModified\":\"2023-04-25T09:48:28+00:00\",\"author\":{\"@id\":\"https:\\\/\\\/www.renouvelle.be\\\/fr\\\/#\\\/schema\\\/person\\\/980400dfd457d76423b6766ad2146490\"},\"description\":\"Le solaire flottant existe depuis quelques ann\u00e9es mais arrive progressivement aussi en mer. Petit tour d'horizon.\",\"breadcrumb\":{\"@id\":\"https:\\\/\\\/www.renouvelle.be\\\/fr\\\/le-solaire-flottant-en-mer-une-nouvelle-vague\\\/#breadcrumb\"},\"inLanguage\":\"fr-FR\",\"potentialAction\":[{\"@type\":\"ReadAction\",\"target\":[\"https:\\\/\\\/www.renouvelle.be\\\/fr\\\/le-solaire-flottant-en-mer-une-nouvelle-vague\\\/\"]}]},{\"@type\":\"ImageObject\",\"inLanguage\":\"fr-FR\",\"@id\":\"https:\\\/\\\/www.renouvelle.be\\\/fr\\\/le-solaire-flottant-en-mer-une-nouvelle-vague\\\/#primaryimage\",\"url\":\"https:\\\/\\\/www.renouvelle.be\\\/wp-content\\\/uploads\\\/2023\\\/03\\\/ocean-g353e89b2d_1920.jpg\",\"contentUrl\":\"https:\\\/\\\/www.renouvelle.be\\\/wp-content\\\/uploads\\\/2023\\\/03\\\/ocean-g353e89b2d_1920.jpg\",\"width\":1920,\"height\":1280,\"caption\":\"Soleil et mer\"},{\"@type\":\"BreadcrumbList\",\"@id\":\"https:\\\/\\\/www.renouvelle.be\\\/fr\\\/le-solaire-flottant-en-mer-une-nouvelle-vague\\\/#breadcrumb\",\"itemListElement\":[{\"@type\":\"ListItem\",\"position\":1,\"name\":\"Accueil\",\"item\":\"https:\\\/\\\/www.renouvelle.be\\\/fr\\\/\"},{\"@type\":\"ListItem\",\"position\":2,\"name\":\"Le solaire flottant en mer : une nouvelle vague ?\"}]},{\"@type\":\"WebSite\",\"@id\":\"https:\\\/\\\/www.renouvelle.be\\\/fr\\\/#website\",\"url\":\"https:\\\/\\\/www.renouvelle.be\\\/fr\\\/\",\"name\":\"Renouvelle\",\"description\":\"L&#039;actualit\u00e9 de l&#039;\u00e9nergie durable\",\"potentialAction\":[{\"@type\":\"SearchAction\",\"target\":{\"@type\":\"EntryPoint\",\"urlTemplate\":\"https:\\\/\\\/www.renouvelle.be\\\/fr\\\/?s={search_term_string}\"},\"query-input\":{\"@type\":\"PropertyValueSpecification\",\"valueRequired\":true,\"valueName\":\"search_term_string\"}}],\"inLanguage\":\"fr-FR\"},{\"@type\":\"Person\",\"@id\":\"https:\\\/\\\/www.renouvelle.be\\\/fr\\\/#\\\/schema\\\/person\\\/980400dfd457d76423b6766ad2146490\",\"name\":\"Philippe Limbourg\",\"url\":\"https:\\\/\\\/www.renouvelle.be\\\/fr\\\/author\\\/philippe-limbourg\\\/\"}]}<\/script>\n<!-- \/ Yoast SEO plugin. -->","yoast_head_json":{"title":"Le solaire flottant en mer : une nouvelle vague ? - Renouvelle","description":"Le solaire flottant existe depuis quelques ann\u00e9es mais arrive progressivement aussi en mer. Petit tour d'horizon.","robots":{"index":"index","follow":"follow","max-snippet":"max-snippet:-1","max-image-preview":"max-image-preview:large","max-video-preview":"max-video-preview:-1"},"canonical":"https:\/\/www.renouvelle.be\/fr\/le-solaire-flottant-en-mer-une-nouvelle-vague\/","og_locale":"fr_FR","og_type":"article","og_title":"Le solaire flottant en mer : une nouvelle vague ? - Renouvelle","og_description":"Le solaire flottant existe depuis quelques ann\u00e9es mais arrive progressivement aussi en mer. Petit tour d'horizon.","og_url":"https:\/\/www.renouvelle.be\/fr\/le-solaire-flottant-en-mer-une-nouvelle-vague\/","og_site_name":"Renouvelle","article_published_time":"2023-03-21T11:28:31+00:00","article_modified_time":"2023-04-25T09:48:28+00:00","og_image":[{"width":1920,"height":1280,"url":"https:\/\/www.renouvelle.be\/wp-content\/uploads\/2023\/03\/ocean-g353e89b2d_1920.jpg","type":"image\/jpeg"}],"author":"Philippe Limbourg","twitter_card":"summary_large_image","schema":{"@context":"https:\/\/schema.org","@graph":[{"@type":"Article","@id":"https:\/\/www.renouvelle.be\/fr\/le-solaire-flottant-en-mer-une-nouvelle-vague\/#article","isPartOf":{"@id":"https:\/\/www.renouvelle.be\/fr\/le-solaire-flottant-en-mer-une-nouvelle-vague\/"},"author":{"name":"Philippe Limbourg","@id":"https:\/\/www.renouvelle.be\/fr\/#\/schema\/person\/980400dfd457d76423b6766ad2146490"},"headline":"Le solaire flottant en mer : une nouvelle vague ?","datePublished":"2023-03-21T11:28:31+00:00","dateModified":"2023-04-25T09:48:28+00:00","mainEntityOfPage":{"@id":"https:\/\/www.renouvelle.be\/fr\/le-solaire-flottant-en-mer-une-nouvelle-vague\/"},"wordCount":667,"image":{"@id":"https:\/\/www.renouvelle.be\/fr\/le-solaire-flottant-en-mer-une-nouvelle-vague\/#primaryimage"},"thumbnailUrl":"https:\/\/www.renouvelle.be\/wp-content\/uploads\/2023\/03\/ocean-g353e89b2d_1920.jpg","articleSection":["Technologies"],"inLanguage":"fr-FR"},{"@type":"WebPage","@id":"https:\/\/www.renouvelle.be\/fr\/le-solaire-flottant-en-mer-une-nouvelle-vague\/","url":"https:\/\/www.renouvelle.be\/fr\/le-solaire-flottant-en-mer-une-nouvelle-vague\/","name":"Le solaire flottant en mer : une nouvelle vague ? - Renouvelle","isPartOf":{"@id":"https:\/\/www.renouvelle.be\/fr\/#website"},"primaryImageOfPage":{"@id":"https:\/\/www.renouvelle.be\/fr\/le-solaire-flottant-en-mer-une-nouvelle-vague\/#primaryimage"},"image":{"@id":"https:\/\/www.renouvelle.be\/fr\/le-solaire-flottant-en-mer-une-nouvelle-vague\/#primaryimage"},"thumbnailUrl":"https:\/\/www.renouvelle.be\/wp-content\/uploads\/2023\/03\/ocean-g353e89b2d_1920.jpg","datePublished":"2023-03-21T11:28:31+00:00","dateModified":"2023-04-25T09:48:28+00:00","author":{"@id":"https:\/\/www.renouvelle.be\/fr\/#\/schema\/person\/980400dfd457d76423b6766ad2146490"},"description":"Le solaire flottant existe depuis quelques ann\u00e9es mais arrive progressivement aussi en mer. Petit tour d'horizon.","breadcrumb":{"@id":"https:\/\/www.renouvelle.be\/fr\/le-solaire-flottant-en-mer-une-nouvelle-vague\/#breadcrumb"},"inLanguage":"fr-FR","potentialAction":[{"@type":"ReadAction","target":["https:\/\/www.renouvelle.be\/fr\/le-solaire-flottant-en-mer-une-nouvelle-vague\/"]}]},{"@type":"ImageObject","inLanguage":"fr-FR","@id":"https:\/\/www.renouvelle.be\/fr\/le-solaire-flottant-en-mer-une-nouvelle-vague\/#primaryimage","url":"https:\/\/www.renouvelle.be\/wp-content\/uploads\/2023\/03\/ocean-g353e89b2d_1920.jpg","contentUrl":"https:\/\/www.renouvelle.be\/wp-content\/uploads\/2023\/03\/ocean-g353e89b2d_1920.jpg","width":1920,"height":1280,"caption":"Soleil et mer"},{"@type":"BreadcrumbList","@id":"https:\/\/www.renouvelle.be\/fr\/le-solaire-flottant-en-mer-une-nouvelle-vague\/#breadcrumb","itemListElement":[{"@type":"ListItem","position":1,"name":"Accueil","item":"https:\/\/www.renouvelle.be\/fr\/"},{"@type":"ListItem","position":2,"name":"Le solaire flottant en mer : une nouvelle vague ?"}]},{"@type":"WebSite","@id":"https:\/\/www.renouvelle.be\/fr\/#website","url":"https:\/\/www.renouvelle.be\/fr\/","name":"Renouvelle","description":"L&#039;actualit\u00e9 de l&#039;\u00e9nergie durable","potentialAction":[{"@type":"SearchAction","target":{"@type":"EntryPoint","urlTemplate":"https:\/\/www.renouvelle.be\/fr\/?s={search_term_string}"},"query-input":{"@type":"PropertyValueSpecification","valueRequired":true,"valueName":"search_term_string"}}],"inLanguage":"fr-FR"},{"@type":"Person","@id":"https:\/\/www.renouvelle.be\/fr\/#\/schema\/person\/980400dfd457d76423b6766ad2146490","name":"Philippe Limbourg","url":"https:\/\/www.renouvelle.be\/fr\/author\/philippe-limbourg\/"}]}},"_links":{"self":[{"href":"https:\/\/www.renouvelle.be\/fr\/wp-json\/wp\/v2\/posts\/9184","targetHints":{"allow":["GET"]}}],"collection":[{"href":"https:\/\/www.renouvelle.be\/fr\/wp-json\/wp\/v2\/posts"}],"about":[{"href":"https:\/\/www.renouvelle.be\/fr\/wp-json\/wp\/v2\/types\/post"}],"author":[{"embeddable":true,"href":"https:\/\/www.renouvelle.be\/fr\/wp-json\/wp\/v2\/users\/32"}],"replies":[{"embeddable":true,"href":"https:\/\/www.renouvelle.be\/fr\/wp-json\/wp\/v2\/comments?post=9184"}],"version-history":[{"count":9,"href":"https:\/\/www.renouvelle.be\/fr\/wp-json\/wp\/v2\/posts\/9184\/revisions"}],"predecessor-version":[{"id":9330,"href":"https:\/\/www.renouvelle.be\/fr\/wp-json\/wp\/v2\/posts\/9184\/revisions\/9330"}],"wp:featuredmedia":[{"embeddable":true,"href":"https:\/\/www.renouvelle.be\/fr\/wp-json\/wp\/v2\/media\/9191"}],"wp:attachment":[{"href":"https:\/\/www.renouvelle.be\/fr\/wp-json\/wp\/v2\/media?parent=9184"}],"wp:term":[{"taxonomy":"category","embeddable":true,"href":"https:\/\/www.renouvelle.be\/fr\/wp-json\/wp\/v2\/categories?post=9184"},{"taxonomy":"post_tag","embeddable":true,"href":"https:\/\/www.renouvelle.be\/fr\/wp-json\/wp\/v2\/tags?post=9184"},{"taxonomy":"section","embeddable":true,"href":"https:\/\/www.renouvelle.be\/fr\/wp-json\/wp\/v2\/section?post=9184"}],"curies":[{"name":"wp","href":"https:\/\/api.w.org\/{rel}","templated":true}]}}