{"id":9141,"date":"2023-03-07T10:44:30","date_gmt":"2023-03-07T09:44:30","guid":{"rendered":"https:\/\/www.renouvelle.be\/?p=9141"},"modified":"2023-03-28T11:36:36","modified_gmt":"2023-03-28T09:36:36","slug":"la-biomethanisation-aussi-evolue","status":"publish","type":"post","link":"https:\/\/www.renouvelle.be\/fr\/la-biomethanisation-aussi-evolue\/","title":{"rendered":"La biom\u00e9thanisation aussi, \u00e9volue"},"content":{"rendered":"\n<p>Il y a quelques jours de cela, \u00e0 Mettet, la soci\u00e9t\u00e9 Walvert posait la premi\u00e8re pierre de sa nouvelle unit\u00e9 de biom\u00e9thanisation. Une unit\u00e9 qui semble s\u2019inscrire dans la bonne voie&nbsp;: celle de rencontrer les besoins du plus grand nombre tout en r\u00e9duisant au maximum les nuisances et, partant, les oppositions au projet.<\/p>\n\n\n\n<p><strong>Un projet agricole avant tout<\/strong><\/p>\n\n\n\n<p>Qui dit biom\u00e9thanisation agricole dit\u2026agriculteurs. En effet, sans un minimum de lettres d\u2019intentions sign\u00e9es (c\u2019est \u00e0 dire des documents dans lesquels les agriculteurs de la r\u00e9gion s\u2019engagent \u00e0 venir fournir des intrants pour une certaine p\u00e9riode), pareil projet n\u2019est pas viable. Heureusement, ici, avec 85% de la superficie de la commune de Mettet vou\u00e9e \u00e0 l\u2019agriculture, les offres ne manquent pas. Surtout dans un cadre win-win tel que celui-ci. Pour l\u2019agriculteur en effet, venir d\u00e9poser ses intrants et r\u00e9cup\u00e9rer du digestat a plus d\u2019un avantage. A commencer par sa valorisation. Chaque kilo (ou tonne) d\u2019intrant amen\u00e9 sur le site est en effet valoris\u00e9 selon diff\u00e9rents param\u00e8tres que sont, entre autres, la valeur de r\u00e9f\u00e9rence du march\u00e9 (souvent variable localement) ou la valeur m\u00e9thanog\u00e8ne. Idem \u00e0 la sortie ou, pour ceux qui reprennent du digestat, celui-ci sera valoris\u00e9 selon sa composition.<\/p>\n\n\n\n<p>Autre argument favorable aux agriculteurs, c\u2019est cette possibilit\u00e9 de venir d\u00e9poser leurs intrants et de, au moment de l\u2019\u00e9pandage, venir rechercher ce qu\u2019il leur faut. Et ceci n\u2019est pas anodin car la r\u00e8glementation sur les p\u00e9riodes d\u2019\u00e9pandages est de plus en plus stricte et impose donc des calendriers rigoureux avec lesquels, composer sans pareils stocks \u00e0 disposition n\u2019est pas toujours ais\u00e9. Cerise sur le compost, le digestat, \u00e0 l\u2019inverse des intrants amen\u00e9s, ne d\u00e9gage plus d\u2019odeur et permet donc de r\u00e9duire les nuisances olfactives lors de l\u2019\u00e9pandage.<\/p>\n\n\n\n<figure class=\"wp-block-image size-full\"><img loading=\"lazy\" decoding=\"async\" width=\"684\" height=\"373\" src=\"https:\/\/www.renouvelle.be\/wp-content\/uploads\/2023\/02\/intrants.jpg\" alt=\"\" class=\"wp-image-9142\" srcset=\"https:\/\/www.renouvelle.be\/wp-content\/uploads\/2023\/02\/intrants.jpg 684w, https:\/\/www.renouvelle.be\/wp-content\/uploads\/2023\/02\/intrants-300x164.jpg 300w\" sizes=\"auto, (max-width: 684px) 100vw, 684px\" \/><figcaption class=\"wp-element-caption\">source: Walvert<\/figcaption><\/figure>\n\n\n\n<p><strong>Ici, \u00e7a gaze&nbsp;!<\/strong><\/p>\n\n\n\n<p>Les agriculteurs am\u00e8nent la mati\u00e8re sur le site, p\u00e8sent et caract\u00e9risent les intrants sur le pont bascule (4) pour ensuite d\u00e9charger, selon la nature, en zone stockage tampon pour le fumier (5), en stockage d\u2019ensilage (6), dans la cuve pour les mati\u00e8res huileuses (7) ou injectent directement dans la pr\u00e9fosse enterr\u00e9e pour le lisier (8). Une fois ces intrants amen\u00e9s, ils sont introduits dans le digesteur qui va les \u00ab&nbsp;biom\u00e9thaniser&nbsp;\u00bb pour produire du gaz. Les mati\u00e8res organiques contenues dans les intrants, sont d\u00e9grad\u00e9es par des micro-organismes \u00a0\u00bb des bact\u00e9ries \u00a0\u00bb qui travaillent en absence d&rsquo;air \u00a0\u00bb Ana\u00e9robie\u00a0\u00bb. C&rsquo;est pourquoi les cuves des digesteurs ressemble \u00e0 de grands ballons gonfl\u00e9s, c&rsquo;est pour rendre la cuve \u00e9tanche \u00e0 l&rsquo;air tout en permettant au gaz de s&rsquo;expandre. L\u2019automation et la r\u00e9gulation des deux produits issus du processus de la biom\u00e9thanisation, le biogaz et les flux de digestat (fertilisant, compost) s\u2019effectuent dans le local technique (11). Le biogaz est valoris\u00e9 dans le moteur de cog\u00e9n\u00e9ration (12) et le digestat est achemin\u00e9 vers le post digesteur (13). Le digestat est s\u00e9par\u00e9 en deux phases (liquide et solide) (14) avec le stockage du digestat liquide (15) et du digestat solide (16). Le biogaz valoris\u00e9 dans le moteur de cog\u00e9n\u00e9ration (12) g\u00e9n\u00e8re de l\u2019\u00e9lectricit\u00e9, directement inject\u00e9e dans le r\u00e9seau ORES, et de la chaleur valoris\u00e9e sur site pour chauffer le digesteur (10) et s\u00e9cher des plaquettes de bois (pour chaudi\u00e8res biomasse) via les containeurs s\u00e9cheurs sur site (17). L\u2019exc\u00e9dent de la chaleur est valoris\u00e9 dans un r\u00e9seau de chaleur externe pour alimenter des b\u00e2timents publics (centre sportif) et PME du zoning de Mettet. Lors de la maintenance et donc l\u2019arr\u00eat du moteur de cog\u00e9n\u00e9ration, le biogaz est br\u00fbl\u00e9 dans la torch\u00e8re (18). Le site est autonome en eau en ne r\u00e9cup\u00e9rant que l\u2019eau de pluie via le bassin d\u2019eau (19).<\/p>\n\n\n\n<figure class=\"wp-block-image size-large\"><img loading=\"lazy\" decoding=\"async\" width=\"1024\" height=\"712\" src=\"https:\/\/www.renouvelle.be\/wp-content\/uploads\/2023\/02\/walvert-mettet-1024x712.jpg\" alt=\"\" class=\"wp-image-9144\" srcset=\"https:\/\/www.renouvelle.be\/wp-content\/uploads\/2023\/02\/walvert-mettet-1024x712.jpg 1024w, https:\/\/www.renouvelle.be\/wp-content\/uploads\/2023\/02\/walvert-mettet-300x209.jpg 300w, https:\/\/www.renouvelle.be\/wp-content\/uploads\/2023\/02\/walvert-mettet-768x534.jpg 768w, https:\/\/www.renouvelle.be\/wp-content\/uploads\/2023\/02\/walvert-mettet.jpg 1093w\" sizes=\"auto, (max-width: 1024px) 100vw, 1024px\" \/><figcaption class=\"wp-element-caption\">Source: Walvert<\/figcaption><\/figure>\n\n\n\n<p><strong>Commune, entreprises et m\u00eame sportifs en profitent<\/strong><\/p>\n\n\n\n<p>Ici, c\u2019est surtout la double option chaleur \u2013 \u00e9lectricit\u00e9 qui a \u00e9t\u00e9 retenue, en concertation tant avec la commune qu\u2019avec ses habitants mais aussi et surtout les entreprises de son zoning voisin. Celles-ci, tout comme le centre sportif, b\u00e9n\u00e9ficieront de la r\u00e9cup\u00e9ration de chaleur ainsi d\u00e9gag\u00e9e et devraient, d\u2019apr\u00e8s les premi\u00e8res estimations, \u00e9conomiser au total plus de 300.000 litres de mazout chaque ann\u00e9e en chauffage. De m\u00eame, la production d\u2019\u00e9lectricit\u00e9 sera inject\u00e9e dans le r\u00e9seau Or\u00e8s \u00e0 raison de 5.000 MWH\/an et\/ou mise \u00e0 disposition au travers d\u2019une communaut\u00e9 et de partage d\u2019\u00e9nergies si, d\u2019ici l\u00e0, la r\u00e9glementation wallonne s\u2019aligne (enfin) sur ce qui est d\u00e9j\u00e0 possible tant en Flandre qu\u2019\u00e0 Bruxelles.<\/p>\n\n\n\n<figure class=\"wp-block-image size-full\"><img loading=\"lazy\" decoding=\"async\" width=\"882\" height=\"529\" src=\"https:\/\/www.renouvelle.be\/wp-content\/uploads\/2023\/02\/production-biomethanisation.jpg\" alt=\"\" class=\"wp-image-9146\" srcset=\"https:\/\/www.renouvelle.be\/wp-content\/uploads\/2023\/02\/production-biomethanisation.jpg 882w, https:\/\/www.renouvelle.be\/wp-content\/uploads\/2023\/02\/production-biomethanisation-300x180.jpg 300w, https:\/\/www.renouvelle.be\/wp-content\/uploads\/2023\/02\/production-biomethanisation-768x461.jpg 768w\" sizes=\"auto, (max-width: 882px) 100vw, 882px\" \/><figcaption class=\"wp-element-caption\">source: Walvert<\/figcaption><\/figure>\n\n\n\n<p><strong>Oui mais\u2026<\/strong><\/p>\n\n\n\n<p>Les points d\u2019achoppement du processus d\u00e9cisionnel des communes et communaut\u00e9s riveraines lors de l\u2019\u00e9tude de ce genre de projet sont bien souvent les m\u00eames&nbsp;: le bruit, les odeurs, le charroi et\u2026les cultures d\u00e9di\u00e9es. Sur le premier point, Jonathan Blondeel, CEO de Walvert, se veut rassurant ici&nbsp;: \u00e0 10 m\u00e8tres du principal \u00e9metteur sonore, \u00e0 savoir le moteur de cog\u00e9n\u00e9ration, le bruit n\u2019est que de 55 d\u00e9cibels\u2026au milieu des champs. A titre de comparaison, les aspirateurs les plus silencieux du march\u00e9 \u00e9mettent en moyenne \u00e0 minima 65 d\u00e9cibels. S\u2019agissant des odeurs, seules les remorques entrant avec des intrants pourraient \u00e9ventuellement en d\u00e9gager durant leur arriv\u00e9e car une fois sur le site, tout est stock\u00e9 dans les digesteurs (\u00e9tanches) avant de ressortir sous forme de digestat totalement inodore. Quant au charroi, m\u00eame avec des besoins qui vont avoisiner 15.000 tonnes par an, cela ne repr\u00e9sente que deux \u00e0 trois tracteurs par jour. Une vingtaine d\u2019agriculteurs, provenant tous d\u2019un rayon de 10 Km maximum, sont concern\u00e9s dans un premier temps. Et \u00e0 ceux qui craignent que des cultures intensives de ma\u00efs ou autres cultures alimentaires d\u00e9di\u00e9es (n\u00e9cessaire pour la bonne m\u00e9thanisation) ne soient exig\u00e9es, ici l\u2019on r\u00e9pond que contrairement \u00e0 certains autres projets, la proportion de ma\u00efs (ou de cultures alimentaires d\u00e9di\u00e9es) n\u2019exc\u00e8dera pas les 20 % (avec un engagement \u00e0 r\u00e9duire ce plafond \u00e0 10% dans les 5 prochaines ann\u00e9es) d\u2019une part et que, de l\u2019autre, tout sera fait pour remplacer cet approvisionnement par des alternatives telles que les d\u00e9chets verts de la commune et des citoyens (via le recyparc). On pourra donc y retrouver intrants agricoles mais aussi lisiers, d\u00e9chets verts communaux ou m\u00eames tontes de pelouse par exemple.<\/p>\n\n\n\n<p>Un suivi qui sera de toutes fa\u00e7ons op\u00e9r\u00e9 par le&nbsp;<a href=\"https:\/\/energie.wallonie.be\/fr\/comite-transversal-de-la-biomasse.html?IDC=9630#:~:text=Le%20r%C3%B4le%20du%20Comit%C3%A9%20transversal%20de%20la%20Biomasse,%C3%A0%20la%20priorit%C3%A9%20des%20usages%20de%20la%20biomasse%29.\">Comit\u00e9 transversal de la Biomasse &#8211; Site \u00e9nergie du Service public de Wallonie<\/a>&nbsp;dont la mission est de donner un avis sur la durabilit\u00e9 du projet analys\u00e9e sous l&rsquo;angle de ses intrants (notamment par rapport \u00e0 la priorit\u00e9 des usages de la biomasse) afin d\u2019\u00e9viter, ici aussi, les abus du pass\u00e9.<\/p>\n","protected":false},"excerpt":{"rendered":"<p>Biom\u00e9thanisation 2.0&#8230; Productions combin\u00e9es. Exemple \u00e0 Mettet avec le nouveau projet Walvert.<\/p>\n","protected":false},"author":32,"featured_media":9144,"comment_status":"closed","ping_status":"closed","sticky":false,"template":"","format":"standard","meta":{"_acf_changed":false,"footnotes":""},"categories":[16,17],"tags":[],"section":[4],"class_list":["post-9141","post","type-post","status-publish","format-standard","has-post-thumbnail","hentry","category-actualite","category-actualite-en-belgique","section-biomasse-energie"],"acf":[],"yoast_head":"<!-- This site is optimized with the Yoast SEO plugin v27.5 - https:\/\/yoast.com\/product\/yoast-seo-wordpress\/ -->\n<title>La biom\u00e9thanisation aussi, \u00e9volue en Wallonie<\/title>\n<meta name=\"description\" content=\"Lancement de la construction d&#039;une nouvelle unit\u00e9 de biom\u00e9thanisation agricole \u00e0 Mettet afin de fournir chaleur et \u00e9lectricit\u00e9 aux citoyens et entreprises de Mettet.\" \/>\n<meta name=\"robots\" content=\"index, follow, max-snippet:-1, max-image-preview:large, max-video-preview:-1\" \/>\n<link rel=\"canonical\" href=\"https:\/\/www.renouvelle.be\/fr\/la-biomethanisation-aussi-evolue\/\" \/>\n<meta property=\"og:locale\" content=\"fr_FR\" \/>\n<meta property=\"og:type\" content=\"article\" \/>\n<meta property=\"og:title\" content=\"La biom\u00e9thanisation aussi, \u00e9volue en Wallonie\" \/>\n<meta property=\"og:description\" content=\"Lancement de la construction d&#039;une nouvelle unit\u00e9 de biom\u00e9thanisation agricole \u00e0 Mettet afin de fournir chaleur et \u00e9lectricit\u00e9 aux citoyens et entreprises de Mettet.\" \/>\n<meta property=\"og:url\" content=\"https:\/\/www.renouvelle.be\/fr\/la-biomethanisation-aussi-evolue\/\" \/>\n<meta property=\"og:site_name\" content=\"Renouvelle\" \/>\n<meta property=\"article:published_time\" content=\"2023-03-07T09:44:30+00:00\" \/>\n<meta property=\"article:modified_time\" content=\"2023-03-28T09:36:36+00:00\" \/>\n<meta property=\"og:image\" content=\"https:\/\/www.renouvelle.be\/wp-content\/uploads\/2023\/02\/walvert-mettet.jpg\" \/>\n\t<meta property=\"og:image:width\" content=\"1093\" \/>\n\t<meta property=\"og:image:height\" content=\"760\" \/>\n\t<meta property=\"og:image:type\" content=\"image\/jpeg\" \/>\n<meta name=\"author\" content=\"Philippe Limbourg\" \/>\n<meta name=\"twitter:card\" content=\"summary_large_image\" \/>\n<script type=\"application\/ld+json\" class=\"yoast-schema-graph\">{\"@context\":\"https:\\\/\\\/schema.org\",\"@graph\":[{\"@type\":\"Article\",\"@id\":\"https:\\\/\\\/www.renouvelle.be\\\/fr\\\/la-biomethanisation-aussi-evolue\\\/#article\",\"isPartOf\":{\"@id\":\"https:\\\/\\\/www.renouvelle.be\\\/fr\\\/la-biomethanisation-aussi-evolue\\\/\"},\"author\":{\"name\":\"Philippe Limbourg\",\"@id\":\"https:\\\/\\\/www.renouvelle.be\\\/fr\\\/#\\\/schema\\\/person\\\/980400dfd457d76423b6766ad2146490\"},\"headline\":\"La biom\u00e9thanisation aussi, \u00e9volue\",\"datePublished\":\"2023-03-07T09:44:30+00:00\",\"dateModified\":\"2023-03-28T09:36:36+00:00\",\"mainEntityOfPage\":{\"@id\":\"https:\\\/\\\/www.renouvelle.be\\\/fr\\\/la-biomethanisation-aussi-evolue\\\/\"},\"wordCount\":1189,\"image\":{\"@id\":\"https:\\\/\\\/www.renouvelle.be\\\/fr\\\/la-biomethanisation-aussi-evolue\\\/#primaryimage\"},\"thumbnailUrl\":\"https:\\\/\\\/www.renouvelle.be\\\/wp-content\\\/uploads\\\/2023\\\/02\\\/walvert-mettet.jpg\",\"articleSection\":[\"Actualit\u00e9\",\"Actualit\u00e9 en Belgique\"],\"inLanguage\":\"fr-FR\"},{\"@type\":\"WebPage\",\"@id\":\"https:\\\/\\\/www.renouvelle.be\\\/fr\\\/la-biomethanisation-aussi-evolue\\\/\",\"url\":\"https:\\\/\\\/www.renouvelle.be\\\/fr\\\/la-biomethanisation-aussi-evolue\\\/\",\"name\":\"La biom\u00e9thanisation aussi, \u00e9volue en Wallonie\",\"isPartOf\":{\"@id\":\"https:\\\/\\\/www.renouvelle.be\\\/fr\\\/#website\"},\"primaryImageOfPage\":{\"@id\":\"https:\\\/\\\/www.renouvelle.be\\\/fr\\\/la-biomethanisation-aussi-evolue\\\/#primaryimage\"},\"image\":{\"@id\":\"https:\\\/\\\/www.renouvelle.be\\\/fr\\\/la-biomethanisation-aussi-evolue\\\/#primaryimage\"},\"thumbnailUrl\":\"https:\\\/\\\/www.renouvelle.be\\\/wp-content\\\/uploads\\\/2023\\\/02\\\/walvert-mettet.jpg\",\"datePublished\":\"2023-03-07T09:44:30+00:00\",\"dateModified\":\"2023-03-28T09:36:36+00:00\",\"author\":{\"@id\":\"https:\\\/\\\/www.renouvelle.be\\\/fr\\\/#\\\/schema\\\/person\\\/980400dfd457d76423b6766ad2146490\"},\"description\":\"Lancement de la construction d'une nouvelle unit\u00e9 de biom\u00e9thanisation agricole \u00e0 Mettet afin de fournir chaleur et \u00e9lectricit\u00e9 aux citoyens et entreprises de Mettet.\",\"breadcrumb\":{\"@id\":\"https:\\\/\\\/www.renouvelle.be\\\/fr\\\/la-biomethanisation-aussi-evolue\\\/#breadcrumb\"},\"inLanguage\":\"fr-FR\",\"potentialAction\":[{\"@type\":\"ReadAction\",\"target\":[\"https:\\\/\\\/www.renouvelle.be\\\/fr\\\/la-biomethanisation-aussi-evolue\\\/\"]}]},{\"@type\":\"ImageObject\",\"inLanguage\":\"fr-FR\",\"@id\":\"https:\\\/\\\/www.renouvelle.be\\\/fr\\\/la-biomethanisation-aussi-evolue\\\/#primaryimage\",\"url\":\"https:\\\/\\\/www.renouvelle.be\\\/wp-content\\\/uploads\\\/2023\\\/02\\\/walvert-mettet.jpg\",\"contentUrl\":\"https:\\\/\\\/www.renouvelle.be\\\/wp-content\\\/uploads\\\/2023\\\/02\\\/walvert-mettet.jpg\",\"width\":1093,\"height\":760},{\"@type\":\"BreadcrumbList\",\"@id\":\"https:\\\/\\\/www.renouvelle.be\\\/fr\\\/la-biomethanisation-aussi-evolue\\\/#breadcrumb\",\"itemListElement\":[{\"@type\":\"ListItem\",\"position\":1,\"name\":\"Accueil\",\"item\":\"https:\\\/\\\/www.renouvelle.be\\\/fr\\\/\"},{\"@type\":\"ListItem\",\"position\":2,\"name\":\"La biom\u00e9thanisation aussi, \u00e9volue\"}]},{\"@type\":\"WebSite\",\"@id\":\"https:\\\/\\\/www.renouvelle.be\\\/fr\\\/#website\",\"url\":\"https:\\\/\\\/www.renouvelle.be\\\/fr\\\/\",\"name\":\"Renouvelle\",\"description\":\"L&#039;actualit\u00e9 de l&#039;\u00e9nergie durable\",\"potentialAction\":[{\"@type\":\"SearchAction\",\"target\":{\"@type\":\"EntryPoint\",\"urlTemplate\":\"https:\\\/\\\/www.renouvelle.be\\\/fr\\\/?s={search_term_string}\"},\"query-input\":{\"@type\":\"PropertyValueSpecification\",\"valueRequired\":true,\"valueName\":\"search_term_string\"}}],\"inLanguage\":\"fr-FR\"},{\"@type\":\"Person\",\"@id\":\"https:\\\/\\\/www.renouvelle.be\\\/fr\\\/#\\\/schema\\\/person\\\/980400dfd457d76423b6766ad2146490\",\"name\":\"Philippe Limbourg\",\"url\":\"https:\\\/\\\/www.renouvelle.be\\\/fr\\\/author\\\/philippe-limbourg\\\/\"}]}<\/script>\n<!-- \/ Yoast SEO plugin. -->","yoast_head_json":{"title":"La biom\u00e9thanisation aussi, \u00e9volue en Wallonie","description":"Lancement de la construction d'une nouvelle unit\u00e9 de biom\u00e9thanisation agricole \u00e0 Mettet afin de fournir chaleur et \u00e9lectricit\u00e9 aux citoyens et entreprises de Mettet.","robots":{"index":"index","follow":"follow","max-snippet":"max-snippet:-1","max-image-preview":"max-image-preview:large","max-video-preview":"max-video-preview:-1"},"canonical":"https:\/\/www.renouvelle.be\/fr\/la-biomethanisation-aussi-evolue\/","og_locale":"fr_FR","og_type":"article","og_title":"La biom\u00e9thanisation aussi, \u00e9volue en Wallonie","og_description":"Lancement de la construction d'une nouvelle unit\u00e9 de biom\u00e9thanisation agricole \u00e0 Mettet afin de fournir chaleur et \u00e9lectricit\u00e9 aux citoyens et entreprises de Mettet.","og_url":"https:\/\/www.renouvelle.be\/fr\/la-biomethanisation-aussi-evolue\/","og_site_name":"Renouvelle","article_published_time":"2023-03-07T09:44:30+00:00","article_modified_time":"2023-03-28T09:36:36+00:00","og_image":[{"width":1093,"height":760,"url":"https:\/\/www.renouvelle.be\/wp-content\/uploads\/2023\/02\/walvert-mettet.jpg","type":"image\/jpeg"}],"author":"Philippe Limbourg","twitter_card":"summary_large_image","schema":{"@context":"https:\/\/schema.org","@graph":[{"@type":"Article","@id":"https:\/\/www.renouvelle.be\/fr\/la-biomethanisation-aussi-evolue\/#article","isPartOf":{"@id":"https:\/\/www.renouvelle.be\/fr\/la-biomethanisation-aussi-evolue\/"},"author":{"name":"Philippe Limbourg","@id":"https:\/\/www.renouvelle.be\/fr\/#\/schema\/person\/980400dfd457d76423b6766ad2146490"},"headline":"La biom\u00e9thanisation aussi, \u00e9volue","datePublished":"2023-03-07T09:44:30+00:00","dateModified":"2023-03-28T09:36:36+00:00","mainEntityOfPage":{"@id":"https:\/\/www.renouvelle.be\/fr\/la-biomethanisation-aussi-evolue\/"},"wordCount":1189,"image":{"@id":"https:\/\/www.renouvelle.be\/fr\/la-biomethanisation-aussi-evolue\/#primaryimage"},"thumbnailUrl":"https:\/\/www.renouvelle.be\/wp-content\/uploads\/2023\/02\/walvert-mettet.jpg","articleSection":["Actualit\u00e9","Actualit\u00e9 en Belgique"],"inLanguage":"fr-FR"},{"@type":"WebPage","@id":"https:\/\/www.renouvelle.be\/fr\/la-biomethanisation-aussi-evolue\/","url":"https:\/\/www.renouvelle.be\/fr\/la-biomethanisation-aussi-evolue\/","name":"La biom\u00e9thanisation aussi, \u00e9volue en Wallonie","isPartOf":{"@id":"https:\/\/www.renouvelle.be\/fr\/#website"},"primaryImageOfPage":{"@id":"https:\/\/www.renouvelle.be\/fr\/la-biomethanisation-aussi-evolue\/#primaryimage"},"image":{"@id":"https:\/\/www.renouvelle.be\/fr\/la-biomethanisation-aussi-evolue\/#primaryimage"},"thumbnailUrl":"https:\/\/www.renouvelle.be\/wp-content\/uploads\/2023\/02\/walvert-mettet.jpg","datePublished":"2023-03-07T09:44:30+00:00","dateModified":"2023-03-28T09:36:36+00:00","author":{"@id":"https:\/\/www.renouvelle.be\/fr\/#\/schema\/person\/980400dfd457d76423b6766ad2146490"},"description":"Lancement de la construction d'une nouvelle unit\u00e9 de biom\u00e9thanisation agricole \u00e0 Mettet afin de fournir chaleur et \u00e9lectricit\u00e9 aux citoyens et entreprises de Mettet.","breadcrumb":{"@id":"https:\/\/www.renouvelle.be\/fr\/la-biomethanisation-aussi-evolue\/#breadcrumb"},"inLanguage":"fr-FR","potentialAction":[{"@type":"ReadAction","target":["https:\/\/www.renouvelle.be\/fr\/la-biomethanisation-aussi-evolue\/"]}]},{"@type":"ImageObject","inLanguage":"fr-FR","@id":"https:\/\/www.renouvelle.be\/fr\/la-biomethanisation-aussi-evolue\/#primaryimage","url":"https:\/\/www.renouvelle.be\/wp-content\/uploads\/2023\/02\/walvert-mettet.jpg","contentUrl":"https:\/\/www.renouvelle.be\/wp-content\/uploads\/2023\/02\/walvert-mettet.jpg","width":1093,"height":760},{"@type":"BreadcrumbList","@id":"https:\/\/www.renouvelle.be\/fr\/la-biomethanisation-aussi-evolue\/#breadcrumb","itemListElement":[{"@type":"ListItem","position":1,"name":"Accueil","item":"https:\/\/www.renouvelle.be\/fr\/"},{"@type":"ListItem","position":2,"name":"La biom\u00e9thanisation aussi, \u00e9volue"}]},{"@type":"WebSite","@id":"https:\/\/www.renouvelle.be\/fr\/#website","url":"https:\/\/www.renouvelle.be\/fr\/","name":"Renouvelle","description":"L&#039;actualit\u00e9 de l&#039;\u00e9nergie durable","potentialAction":[{"@type":"SearchAction","target":{"@type":"EntryPoint","urlTemplate":"https:\/\/www.renouvelle.be\/fr\/?s={search_term_string}"},"query-input":{"@type":"PropertyValueSpecification","valueRequired":true,"valueName":"search_term_string"}}],"inLanguage":"fr-FR"},{"@type":"Person","@id":"https:\/\/www.renouvelle.be\/fr\/#\/schema\/person\/980400dfd457d76423b6766ad2146490","name":"Philippe Limbourg","url":"https:\/\/www.renouvelle.be\/fr\/author\/philippe-limbourg\/"}]}},"_links":{"self":[{"href":"https:\/\/www.renouvelle.be\/fr\/wp-json\/wp\/v2\/posts\/9141","targetHints":{"allow":["GET"]}}],"collection":[{"href":"https:\/\/www.renouvelle.be\/fr\/wp-json\/wp\/v2\/posts"}],"about":[{"href":"https:\/\/www.renouvelle.be\/fr\/wp-json\/wp\/v2\/types\/post"}],"author":[{"embeddable":true,"href":"https:\/\/www.renouvelle.be\/fr\/wp-json\/wp\/v2\/users\/32"}],"replies":[{"embeddable":true,"href":"https:\/\/www.renouvelle.be\/fr\/wp-json\/wp\/v2\/comments?post=9141"}],"version-history":[{"count":8,"href":"https:\/\/www.renouvelle.be\/fr\/wp-json\/wp\/v2\/posts\/9141\/revisions"}],"predecessor-version":[{"id":9198,"href":"https:\/\/www.renouvelle.be\/fr\/wp-json\/wp\/v2\/posts\/9141\/revisions\/9198"}],"wp:featuredmedia":[{"embeddable":true,"href":"https:\/\/www.renouvelle.be\/fr\/wp-json\/wp\/v2\/media\/9144"}],"wp:attachment":[{"href":"https:\/\/www.renouvelle.be\/fr\/wp-json\/wp\/v2\/media?parent=9141"}],"wp:term":[{"taxonomy":"category","embeddable":true,"href":"https:\/\/www.renouvelle.be\/fr\/wp-json\/wp\/v2\/categories?post=9141"},{"taxonomy":"post_tag","embeddable":true,"href":"https:\/\/www.renouvelle.be\/fr\/wp-json\/wp\/v2\/tags?post=9141"},{"taxonomy":"section","embeddable":true,"href":"https:\/\/www.renouvelle.be\/fr\/wp-json\/wp\/v2\/section?post=9141"}],"curies":[{"name":"wp","href":"https:\/\/api.w.org\/{rel}","templated":true}]}}