{"id":9099,"date":"2023-02-28T14:01:00","date_gmt":"2023-02-28T13:01:00","guid":{"rendered":"https:\/\/www.renouvelle.be\/?p=9099"},"modified":"2023-02-28T17:16:42","modified_gmt":"2023-02-28T16:16:42","slug":"taxe-carbone-aux-frontieres","status":"publish","type":"post","link":"https:\/\/www.renouvelle.be\/fr\/taxe-carbone-aux-frontieres\/","title":{"rendered":"Ajustement de la Taxe carbone aux fronti\u00e8res de l\u2019UE"},"content":{"rendered":"\n<p><em>En d\u00e9cembre dernier, le Parlement europ\u00e9en et le Conseil se sont mis d\u2019accord sur l\u2019impl\u00e9mentation d\u2019un <strong>m\u00e9canisme d\u2019ajustement carbone aux fronti\u00e8res<\/strong> de l\u2019Union europ\u00e9enne, g\u00e9n\u00e9ralement abr\u00e9g\u00e9 sous le nom de \u00ab&nbsp;taxe carbone aux fronti\u00e8res&nbsp;\u00bb<\/em><\/p>\n\n\n\n<p><em>Comment fonctionne ce m\u00e9canisme&nbsp;? Qu\u2019est-ce que cela implique&nbsp;en pratique&nbsp;?<\/em><\/p>\n\n\n\n<p><strong><u>Contexte<\/u><\/strong><\/p>\n\n\n\n<p>En juillet 2021, la Commission europ\u00e9enne adoptait un ensemble de propositions (\u00ab&nbsp;<a href=\"https:\/\/www.consilium.europa.eu\/fr\/policies\/green-deal\/fit-for-55-the-eu-plan-for-a-green-transition\/\">Fit for 55<\/a>&nbsp;\u00bb) pour permettre \u00e0 l\u2019Union europ\u00e9enne d\u2019atteindre ses objectifs de r\u00e9duction des \u00e9missions de gaz \u00e0 effet de serre (au moins 55% d\u2019ici \u00e0 2023 et neutralit\u00e9 carbone pour 2050). Parmi celles-ci, on retrouvait notamment des mesures visant \u00e0 pr\u00e9venir la fuite de carbone.<\/p>\n\n\n\n<p>En particulier, le <strong>M<\/strong>\u00e9canisme d\u2019<strong>A<\/strong>justement <strong>C<\/strong>arbone aux <strong>F<\/strong>ronti\u00e8res (MACF), annonc\u00e9 dans le <a href=\"https:\/\/www.consilium.europa.eu\/fr\/policies\/green-deal\/\">Pacte vert pour l\u2019Europe<\/a>, est une mesure adopt\u00e9e pour r\u00e9pondre au risque de fuite carbone r\u00e9sultant des politiques climatiques ambitieuses de l\u2019UE par rapport au reste du globe.<\/p>\n\n\n\n<p>En effet, ce m\u00e9canisme repr\u00e9sente une solution compl\u00e9mentaire par rapport aux mesures destin\u00e9es \u00e0 faire face au risque de fuite carbone dans le <a href=\"https:\/\/climat.be\/politique-climatique\/europeenne\/echange-de-quotas-d-emission\">syst\u00e8me d\u2019\u00e9changes de quotas d\u2019\u00e9missions<\/a> (SEQE) de l\u2019UE. Il vise \u00e0 \u00e9viter que les efforts de r\u00e9duction des \u00e9missions consentis par les entreprises de l\u2019Union ne soient neutralis\u00e9s par une augmentation des \u00e9missions en dehors de l\u2019Union. Augmentation qui r\u00e9sulterait d\u2019une d\u00e9localisation de la production et\/ou d\u2019une augmentation des importations de produits \u00e0 plus haute intensit\u00e9 de carbone. En l\u2019absence d\u2019un tel m\u00e9canisme, la fuite de carbone pourrait entrainer une augmentation g\u00e9n\u00e9rale des \u00e9missions mondiales de gaz \u00e0 effet de serre.<\/p>\n\n\n\n<p>Il y a <strong>fuite de carbone<\/strong> lorsqu\u2019en raison d\u2019ambitions climatiques diff\u00e9rentes, certaines entreprises <strong>transf\u00e8rent leur production<\/strong> dans des pays dot\u00e9s d\u2019une l\u00e9gislation moins stricte en mati\u00e8re de r\u00e9duction des \u00e9missions de gaz \u00e0 effet de serre ou lorsque ces marchandises sont <strong>import\u00e9es <\/strong>depuis ces pays tiers qui proposent des prix plus attrayants pour le consommateur par rapport \u00e0 ce que proposent les entreprises europ\u00e9ennes.<\/p>\n\n\n\n<p>Ce ph\u00e9nom\u00e8ne risque de <strong>nuire \u00e0 l\u2019efficacit\u00e9 des politiques<\/strong> <strong>europ\u00e9ennes<\/strong> en mati\u00e8re de r\u00e9duction des \u00e9missions et peut entrainer une <strong>augmentation du total d\u2019\u00e9missions <\/strong>\u00e0 l\u2019\u00e9chelle mondiale, compromettant ainsi l\u2019objectif de <a href=\"https:\/\/unfccc.int\/sites\/default\/files\/french_paris_agreement.pdf\">l\u2019Accord de Paris<\/a> de contenir l\u2019\u00e9l\u00e9vation de la temp\u00e9rature moyenne de la plan\u00e8te nettement en dessous de 2\u00b0C par rapport aux niveaux pr\u00e9industriels.<\/p>\n\n\n\n<p>Le MACF contribue ainsi \u00e0 l\u2019objectif de r\u00e9duction des \u00e9missions de gaz \u00e0 effet de serre, tout en \u00e9vitant que ces efforts de r\u00e9duction soient neutralis\u00e9s \u00e0 l\u2019\u00e9chelle mondiale par une augmentation des \u00e9missions en dehors de l\u2019UE. Dans ce contexte, les institutions europ\u00e9ennes se sont accord\u00e9es sur une taxe carbone aux fronti\u00e8res dans le but de faire face au risque de fuite de carbone.<\/p>\n\n\n\n<figure class=\"wp-block-image size-large is-resized\"><img loading=\"lazy\" decoding=\"async\" src=\"https:\/\/www.renouvelle.be\/wp-content\/uploads\/2023\/02\/coal-mine-297488_1280-1024x865.png\" alt=\"\" class=\"wp-image-9102\" width=\"512\" height=\"433\" srcset=\"https:\/\/www.renouvelle.be\/wp-content\/uploads\/2023\/02\/coal-mine-297488_1280-1024x865.png 1024w, https:\/\/www.renouvelle.be\/wp-content\/uploads\/2023\/02\/coal-mine-297488_1280-300x253.png 300w, https:\/\/www.renouvelle.be\/wp-content\/uploads\/2023\/02\/coal-mine-297488_1280-768x649.png 768w, https:\/\/www.renouvelle.be\/wp-content\/uploads\/2023\/02\/coal-mine-297488_1280-1200x1013.png 1200w, https:\/\/www.renouvelle.be\/wp-content\/uploads\/2023\/02\/coal-mine-297488_1280.png 1280w\" sizes=\"auto, (max-width: 512px) 100vw, 512px\" \/><\/figure>\n\n\n\n<p><strong><u>Principes du m\u00e9canisme<\/u><\/strong><\/p>\n\n\n\n<p>Le m\u00e9canisme d\u2019ajustement carbone aux fronti\u00e8res est une mesure qui vise \u00e0 pr\u00e9venir le risque de fuite carbone et \u00e0 soutenir les politiques ambitieuses europ\u00e9ennes de r\u00e9duction des \u00e9missions de gaz \u00e0 effet de serre, tout en garantissant la compatibilit\u00e9 avec les r\u00e8gles de l\u2019Organisation Mondiale du Commerce.<\/p>\n\n\n\n<p>La Commission europ\u00e9enne explique le fonctionnement de ce m\u00e9canisme de la mani\u00e8re suivante&nbsp;: les <strong>importateurs<\/strong> de l\u2019Union devront acheter des <strong>certificats carbones<\/strong> correspondant au prix du carbone qui aurait \u00e9t\u00e9 pay\u00e9 si les marchandises avaient \u00e9t\u00e9 produites conform\u00e9ment aux r\u00e8gles de l\u2019UE en mati\u00e8re de tarification carbone. A l\u2019inverse, lorsqu\u2019un producteur \u2013 en dehors de l\u2019Union \u2013 peut d\u00e9montrer qu\u2019il a d\u00e9j\u00e0 pay\u00e9 un prix pour le carbone utilis\u00e9 dans la production de ses marchandises, ce prix peut \u00eatre enti\u00e8rement d\u00e9duit pour l\u2019importateur de l\u2019UE<a href=\"#_ftn1\" id=\"_ftnref1\">[1]<\/a>.<\/p>\n\n\n\n<p>Ce m\u00e9canisme sera mis en place <strong>progressivement<\/strong>, avec une p\u00e9riode transitoire allant de 2023 \u00e0 2026. Au d\u00e9part, il ne s\u2019appliquera qu\u2019\u00e0 un <strong>nombre de marchandises limit\u00e9<\/strong> qui pr\u00e9sentent un risque \u00e9lev\u00e9 de fuite carbone et g\u00e9n\u00e8rent une quantit\u00e9 importante d\u2019\u00e9missions de gaz \u00e0 effet de serre. En l\u2019occurrence, il s\u2019agit des marchandises suivantes&nbsp;: <strong>le fer, l\u2019acier, le ciment, les engrais, l\u2019aluminium et la production d\u2019\u00e9lectricit\u00e9<\/strong>.<\/p>\n\n\n\n<p>Enfin, les recettes de ce m\u00e9canisme contribueront \u00e0 alimenter le <strong>budget de l\u2019Union<\/strong> europ\u00e9enne<a href=\"#_ftn2\" id=\"_ftnref2\">[2]<\/a>.<\/p>\n\n\n\n<p><strong><u>Quel est le lien avec le SEQE&nbsp;?<\/u><\/strong><\/p>\n\n\n\n<p>Le <strong>S<\/strong>yst\u00e8me d<strong>\u2019E<\/strong>change de <strong>Q<\/strong>uotas d\u2019<strong>E<\/strong>missions (SEQE) d\u00e9finit un <strong>plafond<\/strong> pour la <strong>quantit\u00e9&nbsp;d\u2019\u00e9missions<\/strong> \u00e9mises par <strong>certains secteurs<\/strong> industriels durant une p\u00e9riode donn\u00e9e. Pour compenser ces \u00e9missions, des <strong>quotas<\/strong> doivent \u00eatre achet\u00e9s sur le <strong>march\u00e9 d\u2019\u00e9change des quotas d\u2019\u00e9mission<\/strong>. Toutefois, un certain nombre de <strong>quotas gratuits<\/strong> sont distribu\u00e9s afin de r\u00e9duire le risque des fameuses fuites de carbone. Bien qu\u2019efficace, ce syst\u00e8me de quotas gratuits n\u2019est pas suffisant et est vou\u00e9 \u00e0 disparaitre. D\u00e8s lors, l\u2019ajustement carbone aux fronti\u00e8res est un m\u00e9canisme compl\u00e9mentaire pour lutter contre ce risque de fuite carbone.<\/p>\n\n\n\n<p>En particulier, les quotas gratuits pour les secteurs couverts par le MACF seront progressivement supprim\u00e9s \u00e0 partir de 2026.<\/p>\n\n\n\n<p>Le MACF diff\u00e8re du SEQE puisqu\u2019il est fond\u00e9 sur un <strong>syst\u00e8me de certificats<\/strong>, qui ne repose pas sur un syst\u00e8me de plafonnement et d\u2019\u00e9changes.<\/p>\n\n\n\n<p>Le MACF sera pleinement op\u00e9rationnel \u00e0 partir de 2026 et s\u2019adaptera pour tenir compte de la r\u00e9vision du SEQE, notamment en ce qui concerne la r\u00e9duction des quotas gratuits pour les secteurs couverts par le MACF. Cela signifie que le MACF s\u2019appliquera aux produits couverts de mani\u00e8re progressive et proportionnelle \u00e0 la r\u00e9duction des quotas gratuits allou\u00e9s \u00e0 ces secteurs dans le cadre du SEQE<a href=\"#_ftn3\" id=\"_ftnref3\">[3]<\/a>. &nbsp;<\/p>\n\n\n\n<p><strong><u>En pratique&nbsp;?<\/u><\/strong><\/p>\n\n\n\n<p>Le syst\u00e8me du MACF repose sur <strong>l\u2019achat de certificats par les importateurs<\/strong>. Le <strong>prix<\/strong> de ces certificats est calcul\u00e9 par la <strong>moyenne sur une ann\u00e9e des prix moyens hebdomadaires des quotas d\u2019\u00e9missions<\/strong> du SEQE vendus aux ench\u00e8res, exprim\u00e9 en euros par tonne de CO<sub>2<\/sub>-\u00e9quivalent \u00e9mise. En cons\u00e9quence, le MACF assurera un <strong>traitement \u00e9quitable<\/strong> entre les produits fabriqu\u00e9s en Europe et les importations en provenance de pays tiers..<\/p>\n\n\n\n<p>Les importateurs devront s\u2019enregistrer aupr\u00e8s des <strong>autorit\u00e9s nationales<\/strong>, qui seront responsables de l\u2019examen de leurs d\u00e9clarations et aupr\u00e8s desquelles ils pourront acheter des certificats MACF. Chaque ann\u00e9e,&nbsp;les importateurs devront d\u00e9clarer la quantit\u00e9 de marchandises import\u00e9es dans l\u2019Union et les \u00e9missions qui y seront aff\u00e9rentes.<\/p>\n\n\n\n<p><strong><u>P\u00e9riode transitoire<\/u><\/strong><\/p>\n\n\n\n<p>A partir de 2023 et jusqu\u2019\u00e0 la fin de l\u2019ann\u00e9e 2025, les importateurs devront <strong>uniquement d\u00e9clarer<\/strong> la quantit\u00e9 d\u2019\u00e9missions int\u00e9gr\u00e9es dans leurs marchandises, sans devoir payer un ajustement financier pour celles-ci. L\u2019objectif de cette p\u00e9riode transitoire \u00e9tant de permettre aux entreprises et autorit\u00e9s concern\u00e9es de s\u2019adapter progressivement au nouveau m\u00e9canisme.<\/p>\n\n\n\n<p>Le MACF deviendra pleinement op\u00e9rationnel \u00e0 partir de 2026, ce qui signifie que les importateurs de l\u2019UE devront d\u00e9clarer annuellement la quantit\u00e9 de marchandises et d\u2019\u00e9missions int\u00e9gr\u00e9es et restituer la quantit\u00e9 \u00e9quivalente de certificats MACF.<\/p>\n\n\n\n<p>Comme \u00e9voqu\u00e9 ci-dessus, le MACF s\u2019appliquera aux <strong>\u00e9missions directes<\/strong> produites lors du processus de production de <strong>certaines marchandises<\/strong> (fer, acier, ciment, aluminium, engrais et \u00e9lectricit\u00e9). D\u2019ici la fin de la p\u00e9riode transitoire, la Commission \u00e9valuera le fonctionnement du m\u00e9canisme et d\u00e9terminera si son champ d\u2019application doit \u00eatre \u00e9tendu \u00e0 d\u2019autres marchandises et s\u2019il y a lieu de couvrir les \u00e9missions indirectes (c\u2019est-\u00e0-dire les \u00e9missions provenant de l\u2019\u00e9lectricit\u00e9 utilis\u00e9e pour produire ces marchandises).<\/p>\n\n\n\n<p>De quoi convaincre les uns comme les autres de produire plus localement ou\u2026plus sobrement. <strong><br><\/strong><\/p>\n\n\n\n<hr class=\"wp-block-separator has-alpha-channel-opacity\"\/>\n\n\n\n<p><a href=\"#_ftnref1\" id=\"_ftn1\">[1]<\/a> Commission europ\u00e9enne, <a href=\"https:\/\/ec.europa.eu\/commission\/presscorner\/detail\/fr\/qanda_21_3661\">M\u00e9canisme d\u2019ajustement carbone aux fronti\u00e8res&nbsp;: Questions et r\u00e9ponses<\/a>, Bruxelles, le 14 juillet 2021.<\/p>\n\n\n\n<p><a href=\"#_ftnref2\" id=\"_ftn2\">[2]<\/a> <a href=\"https:\/\/eur-lex.europa.eu\/legal-content\/FR\/TXT\/PDF\/?uri=CELEX:32020Q1222(01)&amp;from=FR\">Accord interinstitutionnel<\/a> entre le Parlement europ\u00e9en, le Conseil de l\u2019Union europ\u00e9enne et la Commission europ\u00e9enne sur la discipline budg\u00e9taire, la coop\u00e9ration en mati\u00e8re budg\u00e9taire et la bonne gestion financi\u00e8re, ainsi que sur de nouvelles ressources propres, comportant une feuille de route en vue de la mise en place de nouvelles ressources propres, du 16 d\u00e9cembre 2020.<\/p>\n\n\n\n<p><a href=\"#_ftnref3\" id=\"_ftn3\">[3]<\/a> Commission europ\u00e9enne, <a href=\"https:\/\/ec.europa.eu\/commission\/presscorner\/detail\/fr\/qanda_21_3661\">M\u00e9canisme d\u2019ajustement carbone aux fronti\u00e8res&nbsp;: Questions et r\u00e9ponses<\/a>, Bruxelles, le 14 juillet 2021.<\/p>\n","protected":false},"excerpt":{"rendered":"<p>Taxe carbone aux fronti\u00e8res de l&rsquo;Europe. K\u00e9sako ?<\/p>\n","protected":false},"author":30,"featured_media":9100,"comment_status":"closed","ping_status":"closed","sticky":false,"template":"","format":"standard","meta":{"_acf_changed":false,"footnotes":""},"categories":[],"tags":[],"section":[8],"class_list":["post-9099","post","type-post","status-publish","format-standard","has-post-thumbnail","hentry","section-energie-renouvelables"],"acf":[],"yoast_head":"<!-- This site is optimized with the Yoast SEO plugin v27.5 - https:\/\/yoast.com\/product\/yoast-seo-wordpress\/ -->\n<title>Ajustement de la Taxe carbone aux fronti\u00e8res de l\u2019UE - Renouvelle<\/title>\n<meta name=\"description\" content=\"Quelle taxe carbone aux fronti\u00e8res de l&#039;Europe ?\" \/>\n<meta name=\"robots\" content=\"index, follow, max-snippet:-1, max-image-preview:large, max-video-preview:-1\" \/>\n<link rel=\"canonical\" href=\"https:\/\/www.renouvelle.be\/fr\/taxe-carbone-aux-frontieres\/\" \/>\n<meta property=\"og:locale\" content=\"fr_FR\" \/>\n<meta property=\"og:type\" content=\"article\" \/>\n<meta property=\"og:title\" content=\"Ajustement de la Taxe carbone aux fronti\u00e8res de l\u2019UE - Renouvelle\" \/>\n<meta property=\"og:description\" content=\"Quelle taxe carbone aux fronti\u00e8res de l&#039;Europe ?\" \/>\n<meta property=\"og:url\" content=\"https:\/\/www.renouvelle.be\/fr\/taxe-carbone-aux-frontieres\/\" \/>\n<meta property=\"og:site_name\" content=\"Renouvelle\" \/>\n<meta property=\"article:published_time\" content=\"2023-02-28T13:01:00+00:00\" \/>\n<meta property=\"article:modified_time\" content=\"2023-02-28T16:16:42+00:00\" \/>\n<meta property=\"og:image\" content=\"https:\/\/www.renouvelle.be\/wp-content\/uploads\/2023\/02\/co2-neutral-7139834_1920.png\" \/>\n\t<meta property=\"og:image:width\" content=\"1920\" \/>\n\t<meta property=\"og:image:height\" content=\"1280\" \/>\n\t<meta property=\"og:image:type\" content=\"image\/png\" \/>\n<meta name=\"author\" content=\"Manon KOLENBERG\" \/>\n<meta name=\"twitter:card\" content=\"summary_large_image\" \/>\n<script type=\"application\/ld+json\" class=\"yoast-schema-graph\">{\"@context\":\"https:\\\/\\\/schema.org\",\"@graph\":[{\"@type\":\"Article\",\"@id\":\"https:\\\/\\\/www.renouvelle.be\\\/fr\\\/taxe-carbone-aux-frontieres\\\/#article\",\"isPartOf\":{\"@id\":\"https:\\\/\\\/www.renouvelle.be\\\/fr\\\/taxe-carbone-aux-frontieres\\\/\"},\"author\":{\"name\":\"Manon KOLENBERG\",\"@id\":\"https:\\\/\\\/www.renouvelle.be\\\/fr\\\/#\\\/schema\\\/person\\\/6f1da7970056293cbf5ba221c3ebba1e\"},\"headline\":\"Ajustement de la Taxe carbone aux fronti\u00e8res de l\u2019UE\",\"datePublished\":\"2023-02-28T13:01:00+00:00\",\"dateModified\":\"2023-02-28T16:16:42+00:00\",\"mainEntityOfPage\":{\"@id\":\"https:\\\/\\\/www.renouvelle.be\\\/fr\\\/taxe-carbone-aux-frontieres\\\/\"},\"wordCount\":1441,\"image\":{\"@id\":\"https:\\\/\\\/www.renouvelle.be\\\/fr\\\/taxe-carbone-aux-frontieres\\\/#primaryimage\"},\"thumbnailUrl\":\"https:\\\/\\\/www.renouvelle.be\\\/wp-content\\\/uploads\\\/2023\\\/02\\\/co2-neutral-7139834_1920.png\",\"inLanguage\":\"fr-FR\"},{\"@type\":\"WebPage\",\"@id\":\"https:\\\/\\\/www.renouvelle.be\\\/fr\\\/taxe-carbone-aux-frontieres\\\/\",\"url\":\"https:\\\/\\\/www.renouvelle.be\\\/fr\\\/taxe-carbone-aux-frontieres\\\/\",\"name\":\"Ajustement de la Taxe carbone aux fronti\u00e8res de l\u2019UE - Renouvelle\",\"isPartOf\":{\"@id\":\"https:\\\/\\\/www.renouvelle.be\\\/fr\\\/#website\"},\"primaryImageOfPage\":{\"@id\":\"https:\\\/\\\/www.renouvelle.be\\\/fr\\\/taxe-carbone-aux-frontieres\\\/#primaryimage\"},\"image\":{\"@id\":\"https:\\\/\\\/www.renouvelle.be\\\/fr\\\/taxe-carbone-aux-frontieres\\\/#primaryimage\"},\"thumbnailUrl\":\"https:\\\/\\\/www.renouvelle.be\\\/wp-content\\\/uploads\\\/2023\\\/02\\\/co2-neutral-7139834_1920.png\",\"datePublished\":\"2023-02-28T13:01:00+00:00\",\"dateModified\":\"2023-02-28T16:16:42+00:00\",\"author\":{\"@id\":\"https:\\\/\\\/www.renouvelle.be\\\/fr\\\/#\\\/schema\\\/person\\\/6f1da7970056293cbf5ba221c3ebba1e\"},\"description\":\"Quelle taxe carbone aux fronti\u00e8res de l'Europe ?\",\"breadcrumb\":{\"@id\":\"https:\\\/\\\/www.renouvelle.be\\\/fr\\\/taxe-carbone-aux-frontieres\\\/#breadcrumb\"},\"inLanguage\":\"fr-FR\",\"potentialAction\":[{\"@type\":\"ReadAction\",\"target\":[\"https:\\\/\\\/www.renouvelle.be\\\/fr\\\/taxe-carbone-aux-frontieres\\\/\"]}]},{\"@type\":\"ImageObject\",\"inLanguage\":\"fr-FR\",\"@id\":\"https:\\\/\\\/www.renouvelle.be\\\/fr\\\/taxe-carbone-aux-frontieres\\\/#primaryimage\",\"url\":\"https:\\\/\\\/www.renouvelle.be\\\/wp-content\\\/uploads\\\/2023\\\/02\\\/co2-neutral-7139834_1920.png\",\"contentUrl\":\"https:\\\/\\\/www.renouvelle.be\\\/wp-content\\\/uploads\\\/2023\\\/02\\\/co2-neutral-7139834_1920.png\",\"width\":1920,\"height\":1280},{\"@type\":\"BreadcrumbList\",\"@id\":\"https:\\\/\\\/www.renouvelle.be\\\/fr\\\/taxe-carbone-aux-frontieres\\\/#breadcrumb\",\"itemListElement\":[{\"@type\":\"ListItem\",\"position\":1,\"name\":\"Accueil\",\"item\":\"https:\\\/\\\/www.renouvelle.be\\\/fr\\\/\"},{\"@type\":\"ListItem\",\"position\":2,\"name\":\"Ajustement de la Taxe carbone aux fronti\u00e8res de l\u2019UE\"}]},{\"@type\":\"WebSite\",\"@id\":\"https:\\\/\\\/www.renouvelle.be\\\/fr\\\/#website\",\"url\":\"https:\\\/\\\/www.renouvelle.be\\\/fr\\\/\",\"name\":\"Renouvelle\",\"description\":\"L&#039;actualit\u00e9 de l&#039;\u00e9nergie durable\",\"potentialAction\":[{\"@type\":\"SearchAction\",\"target\":{\"@type\":\"EntryPoint\",\"urlTemplate\":\"https:\\\/\\\/www.renouvelle.be\\\/fr\\\/?s={search_term_string}\"},\"query-input\":{\"@type\":\"PropertyValueSpecification\",\"valueRequired\":true,\"valueName\":\"search_term_string\"}}],\"inLanguage\":\"fr-FR\"},{\"@type\":\"Person\",\"@id\":\"https:\\\/\\\/www.renouvelle.be\\\/fr\\\/#\\\/schema\\\/person\\\/6f1da7970056293cbf5ba221c3ebba1e\",\"name\":\"Manon KOLENBERG\",\"url\":\"https:\\\/\\\/www.renouvelle.be\\\/fr\\\/author\\\/manon\\\/\"}]}<\/script>\n<!-- \/ Yoast SEO plugin. -->","yoast_head_json":{"title":"Ajustement de la Taxe carbone aux fronti\u00e8res de l\u2019UE - Renouvelle","description":"Quelle taxe carbone aux fronti\u00e8res de l'Europe ?","robots":{"index":"index","follow":"follow","max-snippet":"max-snippet:-1","max-image-preview":"max-image-preview:large","max-video-preview":"max-video-preview:-1"},"canonical":"https:\/\/www.renouvelle.be\/fr\/taxe-carbone-aux-frontieres\/","og_locale":"fr_FR","og_type":"article","og_title":"Ajustement de la Taxe carbone aux fronti\u00e8res de l\u2019UE - Renouvelle","og_description":"Quelle taxe carbone aux fronti\u00e8res de l'Europe ?","og_url":"https:\/\/www.renouvelle.be\/fr\/taxe-carbone-aux-frontieres\/","og_site_name":"Renouvelle","article_published_time":"2023-02-28T13:01:00+00:00","article_modified_time":"2023-02-28T16:16:42+00:00","og_image":[{"width":1920,"height":1280,"url":"https:\/\/www.renouvelle.be\/wp-content\/uploads\/2023\/02\/co2-neutral-7139834_1920.png","type":"image\/png"}],"author":"Manon KOLENBERG","twitter_card":"summary_large_image","schema":{"@context":"https:\/\/schema.org","@graph":[{"@type":"Article","@id":"https:\/\/www.renouvelle.be\/fr\/taxe-carbone-aux-frontieres\/#article","isPartOf":{"@id":"https:\/\/www.renouvelle.be\/fr\/taxe-carbone-aux-frontieres\/"},"author":{"name":"Manon KOLENBERG","@id":"https:\/\/www.renouvelle.be\/fr\/#\/schema\/person\/6f1da7970056293cbf5ba221c3ebba1e"},"headline":"Ajustement de la Taxe carbone aux fronti\u00e8res de l\u2019UE","datePublished":"2023-02-28T13:01:00+00:00","dateModified":"2023-02-28T16:16:42+00:00","mainEntityOfPage":{"@id":"https:\/\/www.renouvelle.be\/fr\/taxe-carbone-aux-frontieres\/"},"wordCount":1441,"image":{"@id":"https:\/\/www.renouvelle.be\/fr\/taxe-carbone-aux-frontieres\/#primaryimage"},"thumbnailUrl":"https:\/\/www.renouvelle.be\/wp-content\/uploads\/2023\/02\/co2-neutral-7139834_1920.png","inLanguage":"fr-FR"},{"@type":"WebPage","@id":"https:\/\/www.renouvelle.be\/fr\/taxe-carbone-aux-frontieres\/","url":"https:\/\/www.renouvelle.be\/fr\/taxe-carbone-aux-frontieres\/","name":"Ajustement de la Taxe carbone aux fronti\u00e8res de l\u2019UE - Renouvelle","isPartOf":{"@id":"https:\/\/www.renouvelle.be\/fr\/#website"},"primaryImageOfPage":{"@id":"https:\/\/www.renouvelle.be\/fr\/taxe-carbone-aux-frontieres\/#primaryimage"},"image":{"@id":"https:\/\/www.renouvelle.be\/fr\/taxe-carbone-aux-frontieres\/#primaryimage"},"thumbnailUrl":"https:\/\/www.renouvelle.be\/wp-content\/uploads\/2023\/02\/co2-neutral-7139834_1920.png","datePublished":"2023-02-28T13:01:00+00:00","dateModified":"2023-02-28T16:16:42+00:00","author":{"@id":"https:\/\/www.renouvelle.be\/fr\/#\/schema\/person\/6f1da7970056293cbf5ba221c3ebba1e"},"description":"Quelle taxe carbone aux fronti\u00e8res de l'Europe ?","breadcrumb":{"@id":"https:\/\/www.renouvelle.be\/fr\/taxe-carbone-aux-frontieres\/#breadcrumb"},"inLanguage":"fr-FR","potentialAction":[{"@type":"ReadAction","target":["https:\/\/www.renouvelle.be\/fr\/taxe-carbone-aux-frontieres\/"]}]},{"@type":"ImageObject","inLanguage":"fr-FR","@id":"https:\/\/www.renouvelle.be\/fr\/taxe-carbone-aux-frontieres\/#primaryimage","url":"https:\/\/www.renouvelle.be\/wp-content\/uploads\/2023\/02\/co2-neutral-7139834_1920.png","contentUrl":"https:\/\/www.renouvelle.be\/wp-content\/uploads\/2023\/02\/co2-neutral-7139834_1920.png","width":1920,"height":1280},{"@type":"BreadcrumbList","@id":"https:\/\/www.renouvelle.be\/fr\/taxe-carbone-aux-frontieres\/#breadcrumb","itemListElement":[{"@type":"ListItem","position":1,"name":"Accueil","item":"https:\/\/www.renouvelle.be\/fr\/"},{"@type":"ListItem","position":2,"name":"Ajustement de la Taxe carbone aux fronti\u00e8res de l\u2019UE"}]},{"@type":"WebSite","@id":"https:\/\/www.renouvelle.be\/fr\/#website","url":"https:\/\/www.renouvelle.be\/fr\/","name":"Renouvelle","description":"L&#039;actualit\u00e9 de l&#039;\u00e9nergie durable","potentialAction":[{"@type":"SearchAction","target":{"@type":"EntryPoint","urlTemplate":"https:\/\/www.renouvelle.be\/fr\/?s={search_term_string}"},"query-input":{"@type":"PropertyValueSpecification","valueRequired":true,"valueName":"search_term_string"}}],"inLanguage":"fr-FR"},{"@type":"Person","@id":"https:\/\/www.renouvelle.be\/fr\/#\/schema\/person\/6f1da7970056293cbf5ba221c3ebba1e","name":"Manon KOLENBERG","url":"https:\/\/www.renouvelle.be\/fr\/author\/manon\/"}]}},"_links":{"self":[{"href":"https:\/\/www.renouvelle.be\/fr\/wp-json\/wp\/v2\/posts\/9099","targetHints":{"allow":["GET"]}}],"collection":[{"href":"https:\/\/www.renouvelle.be\/fr\/wp-json\/wp\/v2\/posts"}],"about":[{"href":"https:\/\/www.renouvelle.be\/fr\/wp-json\/wp\/v2\/types\/post"}],"author":[{"embeddable":true,"href":"https:\/\/www.renouvelle.be\/fr\/wp-json\/wp\/v2\/users\/30"}],"replies":[{"embeddable":true,"href":"https:\/\/www.renouvelle.be\/fr\/wp-json\/wp\/v2\/comments?post=9099"}],"version-history":[{"count":11,"href":"https:\/\/www.renouvelle.be\/fr\/wp-json\/wp\/v2\/posts\/9099\/revisions"}],"predecessor-version":[{"id":9152,"href":"https:\/\/www.renouvelle.be\/fr\/wp-json\/wp\/v2\/posts\/9099\/revisions\/9152"}],"wp:featuredmedia":[{"embeddable":true,"href":"https:\/\/www.renouvelle.be\/fr\/wp-json\/wp\/v2\/media\/9100"}],"wp:attachment":[{"href":"https:\/\/www.renouvelle.be\/fr\/wp-json\/wp\/v2\/media?parent=9099"}],"wp:term":[{"taxonomy":"category","embeddable":true,"href":"https:\/\/www.renouvelle.be\/fr\/wp-json\/wp\/v2\/categories?post=9099"},{"taxonomy":"post_tag","embeddable":true,"href":"https:\/\/www.renouvelle.be\/fr\/wp-json\/wp\/v2\/tags?post=9099"},{"taxonomy":"section","embeddable":true,"href":"https:\/\/www.renouvelle.be\/fr\/wp-json\/wp\/v2\/section?post=9099"}],"curies":[{"name":"wp","href":"https:\/\/api.w.org\/{rel}","templated":true}]}}