{"id":9088,"date":"2023-02-28T10:41:42","date_gmt":"2023-02-28T09:41:42","guid":{"rendered":"https:\/\/www.renouvelle.be\/?p=9088"},"modified":"2023-04-25T11:47:59","modified_gmt":"2023-04-25T09:47:59","slug":"stockage-denergie-en-europe","status":"publish","type":"post","link":"https:\/\/www.renouvelle.be\/fr\/stockage-denergie-en-europe\/","title":{"rendered":"La Belgique r\u00e9f\u00e9rence du stockage europ\u00e9en d\u2019\u00e9nergie ?"},"content":{"rendered":"\n<p class=\"has-text-align-center\">Il y a un peu moins d\u2019un an, nous vous \u00e9voquions l\u2019inauguration du plus important site de batteries en activit\u00e9 du Benelux en termes de capacit\u00e9 de stockage reli\u00e9 au r\u00e9seau haute tension. Install\u00e9 \u00e0 Bastogne, ce parc de 10MW affichait rapidement pr\u00e8s de 16.000 MWh de capacit\u00e9 de r\u00e9gulation \u00e0 Elia. Permettant \u00e0 cette derni\u00e8re de substituer un approvisionnement plus vert aux habituelles centrales \u00e0 gaz pour assurer l\u2019approvisionnement lors des pics de consommation sur le r\u00e9seau. A l\u2019\u00e9poque, EStor-Lux affichait une puissance install\u00e9e de 10 MW et une capacit\u00e9 de stockage de 20 MWh. Ce parc de 480 modules batteries lithium-ion faisait donc r\u00e9f\u00e9rence pour le B\u00e9n\u00e9lux.<\/p>\n\n\n\n<p><strong>C\u2019\u00e9tait il y a un an.<\/strong><\/p>\n\n\n\n<p>Pile (sans mauvais jeu de mot) 12 mois apr\u00e8s l\u2019inauguration de ce grand centre de stockage, c\u2019est une autre premi\u00e8re et r\u00e9f\u00e9rence qui a \u00e9t\u00e9 inaugur\u00e9e fin de l\u2019ann\u00e9e derni\u00e8re en Belgique. En effet, d\u00e9but d\u00e9cembre, c\u2019est \u00e0 Deux-Acren qu\u2019a \u00e9t\u00e9 inaugur\u00e9e ce qui est, d\u00e9sormais, la plus grande centrale de stockage d\u2019\u00e9nergie d\u2019Europe Continentale. Cette nouvelle centrale permet de stocker une quantit\u00e9 d\u2019\u00e9nergie de 100 MWh dans des batteries lithium-ion, \u00e0 un niveau de puissance allant jusqu\u2019\u00e0 50 MW, ce qui lui permettra d\u2019assurer notamment la r\u00e9gulation de la fr\u00e9quence sur le r\u00e9seau de transport \u00e9lectrique au-del\u00e0 des fronti\u00e8res belges si besoin. Avec ce projet de 33 millions d\u2019euros dont les b\u00e2timents ont \u00e9t\u00e9 construits, install\u00e9s et rendus op\u00e9rationnels en 6 mois de temps \u00e0 peine, <strong>Corsica Sole<\/strong>&nbsp;change d\u2019\u00e9chelle et devient l\u2019un des leaders europ\u00e9ens du secteur. En outre, ce pionnier du stockage d\u2019\u00e9nergie qui exploitait jusque-l\u00e0 ce type de centrales uniquement dans les \u00eeles fran\u00e7aises depuis 2015, r\u00e9alise de la sorte sa premi\u00e8re installation hors territoire fran\u00e7ais. Certes, ce n\u2019est pas pour autant que la Belgique devient le pays le plus performant en mati\u00e8re de stockage et de gestion de fluxs \u00e9nerg\u00e9tiques mais toujours est-il que c\u2019est bien sur son territoire que deux des centres de r\u00e9f\u00e9rences en mati\u00e8re de capacit\u00e9 ont \u00e9t\u00e9 install\u00e9s ces deux derni\u00e8res ann\u00e9es. Et c\u2019est tr\u00e8s bien ainsi. Car il nous faut rappeler que le stockage fait partie des technologies strat\u00e9giques \u00e0 d\u00e9velopper imp\u00e9rativement pour r\u00e9pondre \u00e0 l\u2019augmentation de la production et de la circulation des \u00e9nergies renouvelables. En outre, si 30% de l\u2019\u00e9lectricit\u00e9 produite en Europe en 2022 l\u2019\u00e9tait par du renouvelable, il est essentiel de rappeler que la moiti\u00e9 de cette production \u00ab&nbsp;verte&nbsp;\u00bb provenait de l\u2019\u00e9olien et du photovolta\u00efque qui, comme on le sait, sont les deux modes de production le plus variables. Et lorsque l\u2019on sait que l\u2019Europe vise notamment \u00e0 atteindre 45% (anciennement 40%) de part renouvelable dans son mix \u00e9lectrique d\u2019ici 2030, en augmentant principalement la puissance photovolta\u00efque et \u00e9olienne, nul doute que ces capacit\u00e9s de stockage d\u2019importance doivent \u00eatre multipli\u00e9es.<\/p>\n\n\n\n<figure class=\"wp-block-image size-large\"><img loading=\"lazy\" decoding=\"async\" width=\"1024\" height=\"422\" src=\"https:\/\/www.renouvelle.be\/wp-content\/uploads\/2023\/02\/battery-g5fab7528c_1920-1024x422.jpg\" alt=\"\" class=\"wp-image-9094\" srcset=\"https:\/\/www.renouvelle.be\/wp-content\/uploads\/2023\/02\/battery-g5fab7528c_1920-1024x422.jpg 1024w, https:\/\/www.renouvelle.be\/wp-content\/uploads\/2023\/02\/battery-g5fab7528c_1920-300x124.jpg 300w, https:\/\/www.renouvelle.be\/wp-content\/uploads\/2023\/02\/battery-g5fab7528c_1920-768x316.jpg 768w, https:\/\/www.renouvelle.be\/wp-content\/uploads\/2023\/02\/battery-g5fab7528c_1920-1536x633.jpg 1536w, https:\/\/www.renouvelle.be\/wp-content\/uploads\/2023\/02\/battery-g5fab7528c_1920-1200x494.jpg 1200w, https:\/\/www.renouvelle.be\/wp-content\/uploads\/2023\/02\/battery-g5fab7528c_1920.jpg 1920w\" sizes=\"auto, (max-width: 1024px) 100vw, 1024px\" \/><\/figure>\n\n\n\n<p><strong>Des stocks faciles \u00e0 mettre en place<\/strong><\/p>\n\n\n\n<p>Ces solutions de batteries lithium-ion sont tr\u00e8s rapides \u00e0 mettre en \u0153uvre (moins d\u2019un an de construction pour un parc de batterie industriel), ce qui permet de r\u00e9pondre \u00e0 l\u2019augmentation rapide des productions renouvelable sur les 7 prochaines ann\u00e9es. Elles peuvent s\u2019installer dans tout type de r\u00e9gion o\u00f9 le r\u00e9seau est fortement sollicit\u00e9 par cette intermittence. Elles seront utilis\u00e9es uniquement pour r\u00e9pondre \u00e0 un manque de production d\u2019\u00e9lectricit\u00e9 et ce, det quelques secondes \u00e0 plusieurs heures (il faut 30 secondes pour que le parc atteigne sa pleine puissance). Pour pallier aux manques qui d\u00e9passeraient la journ\u00e9e, d\u2019autres types de solutions seront exploit\u00e9es (centrale pompage turbinage, flexibilit\u00e9 de la demande, sobri\u00e9t\u00e9) avec peut-\u00eatre aussi l\u2019utilisation d\u2019autres m\u00e9taux strat\u00e9gique (Sodium m\u00e9tallique) ou de mol\u00e9cules (Syngas, H2) ou encore, par exemple, les nouvelles g\u00e9n\u00e9rations de voitures capables de stocker elles-aussi.<\/p>\n","protected":false},"excerpt":{"rendered":"<p>Il y a un peu moins d\u2019un an, nous vous \u00e9voquions l\u2019inauguration du plus important site de batteries en activit\u00e9 du Benelux en termes de capacit\u00e9 de stockage reli\u00e9 au r\u00e9seau haute tension. Install\u00e9 \u00e0 Bastogne, ce parc de 10MW affichait rapidement pr\u00e8s de 16.000 MWh de capacit\u00e9 de r\u00e9gulation \u00e0 Elia. Permettant \u00e0 cette derni\u00e8re de substituer un approvisionnement plus vert aux habituelles centrales \u00e0 gaz pour assurer l\u2019approvisionnement lors des pics de consommation sur le r\u00e9seau. A l\u2019\u00e9poque, EStor-Lux affichait une puissance install\u00e9e de 10 MW et une capacit\u00e9 de stockage de 20 MWh. Ce parc de 480 modules batteries lithium-ion faisait donc r\u00e9f\u00e9rence pour le B\u00e9n\u00e9lux. C\u2019\u00e9tait il y a un an. Pile (sans mauvais jeu de mot) 12 mois apr\u00e8s l\u2019inauguration de ce grand centre de stockage, c\u2019est une autre premi\u00e8re et r\u00e9f\u00e9rence qui a \u00e9t\u00e9 inaugur\u00e9e fin de l\u2019ann\u00e9e derni\u00e8re en Belgique. En effet, d\u00e9but d\u00e9cembre, c\u2019est \u00e0 Deux-Acren qu\u2019a \u00e9t\u00e9 inaugur\u00e9e ce qui est, d\u00e9sormais, la plus grande centrale de stockage d\u2019\u00e9nergie d\u2019Europe Continentale. Cette nouvelle centrale permet de stocker une quantit\u00e9 d\u2019\u00e9nergie de 100 MWh dans des batteries lithium-ion, \u00e0 un niveau de puissance allant jusqu\u2019\u00e0 50 MW, ce qui lui permettra d\u2019assurer notamment la r\u00e9gulation de la fr\u00e9quence sur le r\u00e9seau de transport \u00e9lectrique au-del\u00e0 des fronti\u00e8res belges si besoin. Avec ce projet de 33 millions d\u2019euros dont les b\u00e2timents ont \u00e9t\u00e9 construits, install\u00e9s et rendus op\u00e9rationnels en 6 mois de temps \u00e0 peine, Corsica Sole&nbsp;change d\u2019\u00e9chelle et devient l\u2019un des leaders europ\u00e9ens du secteur. En outre, ce pionnier du stockage d\u2019\u00e9nergie qui exploitait jusque-l\u00e0 ce type de centrales uniquement dans les \u00eeles fran\u00e7aises depuis 2015, r\u00e9alise de la sorte sa premi\u00e8re installation hors territoire fran\u00e7ais. Certes, ce n\u2019est pas pour autant &hellip; <a href=\"https:\/\/www.renouvelle.be\/fr\/stockage-denergie-en-europe\/\" class=\"more-link\">Continue reading<span class=\"screen-reader-text\"> \u00ab\u00a0La Belgique r\u00e9f\u00e9rence du stockage europ\u00e9en d\u2019\u00e9nergie ?\u00a0\u00bb<\/span><\/a><\/p>\n","protected":false},"author":32,"featured_media":9089,"comment_status":"closed","ping_status":"closed","sticky":false,"template":"","format":"standard","meta":{"_acf_changed":false,"footnotes":""},"categories":[17],"tags":[],"section":[14],"class_list":["post-9088","post","type-post","status-publish","format-standard","has-post-thumbnail","hentry","category-actualite-en-belgique","section-stockage"],"acf":[],"yoast_head":"<!-- This site is optimized with the Yoast SEO plugin v27.5 - https:\/\/yoast.com\/product\/yoast-seo-wordpress\/ -->\n<title>La Belgique r\u00e9f\u00e9rence du stockage europ\u00e9en d\u2019\u00e9nergie ? - Renouvelle<\/title>\n<meta name=\"description\" content=\"La Belgique est-elle une r\u00e9f\u00e9rence en stockage d&#039;\u00e9nergie renouvelable en Europe ?\" \/>\n<meta name=\"robots\" content=\"index, follow, max-snippet:-1, max-image-preview:large, max-video-preview:-1\" \/>\n<link rel=\"canonical\" href=\"https:\/\/www.renouvelle.be\/fr\/stockage-denergie-en-europe\/\" \/>\n<meta property=\"og:locale\" content=\"fr_FR\" \/>\n<meta property=\"og:type\" content=\"article\" \/>\n<meta property=\"og:title\" content=\"La Belgique r\u00e9f\u00e9rence du stockage europ\u00e9en d\u2019\u00e9nergie ? - Renouvelle\" \/>\n<meta property=\"og:description\" content=\"La Belgique est-elle une r\u00e9f\u00e9rence en stockage d&#039;\u00e9nergie renouvelable en Europe ?\" \/>\n<meta property=\"og:url\" content=\"https:\/\/www.renouvelle.be\/fr\/stockage-denergie-en-europe\/\" \/>\n<meta property=\"og:site_name\" content=\"Renouvelle\" \/>\n<meta property=\"article:published_time\" content=\"2023-02-28T09:41:42+00:00\" \/>\n<meta property=\"article:modified_time\" content=\"2023-04-25T09:47:59+00:00\" \/>\n<meta property=\"og:image\" content=\"https:\/\/www.renouvelle.be\/wp-content\/uploads\/2023\/02\/corsica-sole-stockage-batteries-deux-acren.jpg\" \/>\n\t<meta property=\"og:image:width\" content=\"560\" \/>\n\t<meta property=\"og:image:height\" content=\"298\" \/>\n\t<meta property=\"og:image:type\" content=\"image\/jpeg\" \/>\n<meta name=\"author\" content=\"Philippe Limbourg\" \/>\n<meta name=\"twitter:card\" content=\"summary_large_image\" \/>\n<script type=\"application\/ld+json\" class=\"yoast-schema-graph\">{\"@context\":\"https:\\\/\\\/schema.org\",\"@graph\":[{\"@type\":\"Article\",\"@id\":\"https:\\\/\\\/www.renouvelle.be\\\/fr\\\/stockage-denergie-en-europe\\\/#article\",\"isPartOf\":{\"@id\":\"https:\\\/\\\/www.renouvelle.be\\\/fr\\\/stockage-denergie-en-europe\\\/\"},\"author\":{\"name\":\"Philippe Limbourg\",\"@id\":\"https:\\\/\\\/www.renouvelle.be\\\/fr\\\/#\\\/schema\\\/person\\\/980400dfd457d76423b6766ad2146490\"},\"headline\":\"La Belgique r\u00e9f\u00e9rence du stockage europ\u00e9en d\u2019\u00e9nergie ?\",\"datePublished\":\"2023-02-28T09:41:42+00:00\",\"dateModified\":\"2023-04-25T09:47:59+00:00\",\"mainEntityOfPage\":{\"@id\":\"https:\\\/\\\/www.renouvelle.be\\\/fr\\\/stockage-denergie-en-europe\\\/\"},\"wordCount\":689,\"image\":{\"@id\":\"https:\\\/\\\/www.renouvelle.be\\\/fr\\\/stockage-denergie-en-europe\\\/#primaryimage\"},\"thumbnailUrl\":\"https:\\\/\\\/www.renouvelle.be\\\/wp-content\\\/uploads\\\/2023\\\/02\\\/corsica-sole-stockage-batteries-deux-acren.jpg\",\"articleSection\":[\"Actualit\u00e9 en Belgique\"],\"inLanguage\":\"fr-FR\"},{\"@type\":\"WebPage\",\"@id\":\"https:\\\/\\\/www.renouvelle.be\\\/fr\\\/stockage-denergie-en-europe\\\/\",\"url\":\"https:\\\/\\\/www.renouvelle.be\\\/fr\\\/stockage-denergie-en-europe\\\/\",\"name\":\"La Belgique r\u00e9f\u00e9rence du stockage europ\u00e9en d\u2019\u00e9nergie ? - Renouvelle\",\"isPartOf\":{\"@id\":\"https:\\\/\\\/www.renouvelle.be\\\/fr\\\/#website\"},\"primaryImageOfPage\":{\"@id\":\"https:\\\/\\\/www.renouvelle.be\\\/fr\\\/stockage-denergie-en-europe\\\/#primaryimage\"},\"image\":{\"@id\":\"https:\\\/\\\/www.renouvelle.be\\\/fr\\\/stockage-denergie-en-europe\\\/#primaryimage\"},\"thumbnailUrl\":\"https:\\\/\\\/www.renouvelle.be\\\/wp-content\\\/uploads\\\/2023\\\/02\\\/corsica-sole-stockage-batteries-deux-acren.jpg\",\"datePublished\":\"2023-02-28T09:41:42+00:00\",\"dateModified\":\"2023-04-25T09:47:59+00:00\",\"author\":{\"@id\":\"https:\\\/\\\/www.renouvelle.be\\\/fr\\\/#\\\/schema\\\/person\\\/980400dfd457d76423b6766ad2146490\"},\"description\":\"La Belgique est-elle une r\u00e9f\u00e9rence en stockage d'\u00e9nergie renouvelable en Europe ?\",\"breadcrumb\":{\"@id\":\"https:\\\/\\\/www.renouvelle.be\\\/fr\\\/stockage-denergie-en-europe\\\/#breadcrumb\"},\"inLanguage\":\"fr-FR\",\"potentialAction\":[{\"@type\":\"ReadAction\",\"target\":[\"https:\\\/\\\/www.renouvelle.be\\\/fr\\\/stockage-denergie-en-europe\\\/\"]}]},{\"@type\":\"ImageObject\",\"inLanguage\":\"fr-FR\",\"@id\":\"https:\\\/\\\/www.renouvelle.be\\\/fr\\\/stockage-denergie-en-europe\\\/#primaryimage\",\"url\":\"https:\\\/\\\/www.renouvelle.be\\\/wp-content\\\/uploads\\\/2023\\\/02\\\/corsica-sole-stockage-batteries-deux-acren.jpg\",\"contentUrl\":\"https:\\\/\\\/www.renouvelle.be\\\/wp-content\\\/uploads\\\/2023\\\/02\\\/corsica-sole-stockage-batteries-deux-acren.jpg\",\"width\":560,\"height\":298},{\"@type\":\"BreadcrumbList\",\"@id\":\"https:\\\/\\\/www.renouvelle.be\\\/fr\\\/stockage-denergie-en-europe\\\/#breadcrumb\",\"itemListElement\":[{\"@type\":\"ListItem\",\"position\":1,\"name\":\"Accueil\",\"item\":\"https:\\\/\\\/www.renouvelle.be\\\/fr\\\/\"},{\"@type\":\"ListItem\",\"position\":2,\"name\":\"La Belgique r\u00e9f\u00e9rence du stockage europ\u00e9en d\u2019\u00e9nergie ?\"}]},{\"@type\":\"WebSite\",\"@id\":\"https:\\\/\\\/www.renouvelle.be\\\/fr\\\/#website\",\"url\":\"https:\\\/\\\/www.renouvelle.be\\\/fr\\\/\",\"name\":\"Renouvelle\",\"description\":\"L&#039;actualit\u00e9 de l&#039;\u00e9nergie durable\",\"potentialAction\":[{\"@type\":\"SearchAction\",\"target\":{\"@type\":\"EntryPoint\",\"urlTemplate\":\"https:\\\/\\\/www.renouvelle.be\\\/fr\\\/?s={search_term_string}\"},\"query-input\":{\"@type\":\"PropertyValueSpecification\",\"valueRequired\":true,\"valueName\":\"search_term_string\"}}],\"inLanguage\":\"fr-FR\"},{\"@type\":\"Person\",\"@id\":\"https:\\\/\\\/www.renouvelle.be\\\/fr\\\/#\\\/schema\\\/person\\\/980400dfd457d76423b6766ad2146490\",\"name\":\"Philippe Limbourg\",\"url\":\"https:\\\/\\\/www.renouvelle.be\\\/fr\\\/author\\\/philippe-limbourg\\\/\"}]}<\/script>\n<!-- \/ Yoast SEO plugin. -->","yoast_head_json":{"title":"La Belgique r\u00e9f\u00e9rence du stockage europ\u00e9en d\u2019\u00e9nergie ? - Renouvelle","description":"La Belgique est-elle une r\u00e9f\u00e9rence en stockage d'\u00e9nergie renouvelable en Europe ?","robots":{"index":"index","follow":"follow","max-snippet":"max-snippet:-1","max-image-preview":"max-image-preview:large","max-video-preview":"max-video-preview:-1"},"canonical":"https:\/\/www.renouvelle.be\/fr\/stockage-denergie-en-europe\/","og_locale":"fr_FR","og_type":"article","og_title":"La Belgique r\u00e9f\u00e9rence du stockage europ\u00e9en d\u2019\u00e9nergie ? - Renouvelle","og_description":"La Belgique est-elle une r\u00e9f\u00e9rence en stockage d'\u00e9nergie renouvelable en Europe ?","og_url":"https:\/\/www.renouvelle.be\/fr\/stockage-denergie-en-europe\/","og_site_name":"Renouvelle","article_published_time":"2023-02-28T09:41:42+00:00","article_modified_time":"2023-04-25T09:47:59+00:00","og_image":[{"width":560,"height":298,"url":"https:\/\/www.renouvelle.be\/wp-content\/uploads\/2023\/02\/corsica-sole-stockage-batteries-deux-acren.jpg","type":"image\/jpeg"}],"author":"Philippe Limbourg","twitter_card":"summary_large_image","schema":{"@context":"https:\/\/schema.org","@graph":[{"@type":"Article","@id":"https:\/\/www.renouvelle.be\/fr\/stockage-denergie-en-europe\/#article","isPartOf":{"@id":"https:\/\/www.renouvelle.be\/fr\/stockage-denergie-en-europe\/"},"author":{"name":"Philippe Limbourg","@id":"https:\/\/www.renouvelle.be\/fr\/#\/schema\/person\/980400dfd457d76423b6766ad2146490"},"headline":"La Belgique r\u00e9f\u00e9rence du stockage europ\u00e9en d\u2019\u00e9nergie ?","datePublished":"2023-02-28T09:41:42+00:00","dateModified":"2023-04-25T09:47:59+00:00","mainEntityOfPage":{"@id":"https:\/\/www.renouvelle.be\/fr\/stockage-denergie-en-europe\/"},"wordCount":689,"image":{"@id":"https:\/\/www.renouvelle.be\/fr\/stockage-denergie-en-europe\/#primaryimage"},"thumbnailUrl":"https:\/\/www.renouvelle.be\/wp-content\/uploads\/2023\/02\/corsica-sole-stockage-batteries-deux-acren.jpg","articleSection":["Actualit\u00e9 en Belgique"],"inLanguage":"fr-FR"},{"@type":"WebPage","@id":"https:\/\/www.renouvelle.be\/fr\/stockage-denergie-en-europe\/","url":"https:\/\/www.renouvelle.be\/fr\/stockage-denergie-en-europe\/","name":"La Belgique r\u00e9f\u00e9rence du stockage europ\u00e9en d\u2019\u00e9nergie ? - Renouvelle","isPartOf":{"@id":"https:\/\/www.renouvelle.be\/fr\/#website"},"primaryImageOfPage":{"@id":"https:\/\/www.renouvelle.be\/fr\/stockage-denergie-en-europe\/#primaryimage"},"image":{"@id":"https:\/\/www.renouvelle.be\/fr\/stockage-denergie-en-europe\/#primaryimage"},"thumbnailUrl":"https:\/\/www.renouvelle.be\/wp-content\/uploads\/2023\/02\/corsica-sole-stockage-batteries-deux-acren.jpg","datePublished":"2023-02-28T09:41:42+00:00","dateModified":"2023-04-25T09:47:59+00:00","author":{"@id":"https:\/\/www.renouvelle.be\/fr\/#\/schema\/person\/980400dfd457d76423b6766ad2146490"},"description":"La Belgique est-elle une r\u00e9f\u00e9rence en stockage d'\u00e9nergie renouvelable en Europe ?","breadcrumb":{"@id":"https:\/\/www.renouvelle.be\/fr\/stockage-denergie-en-europe\/#breadcrumb"},"inLanguage":"fr-FR","potentialAction":[{"@type":"ReadAction","target":["https:\/\/www.renouvelle.be\/fr\/stockage-denergie-en-europe\/"]}]},{"@type":"ImageObject","inLanguage":"fr-FR","@id":"https:\/\/www.renouvelle.be\/fr\/stockage-denergie-en-europe\/#primaryimage","url":"https:\/\/www.renouvelle.be\/wp-content\/uploads\/2023\/02\/corsica-sole-stockage-batteries-deux-acren.jpg","contentUrl":"https:\/\/www.renouvelle.be\/wp-content\/uploads\/2023\/02\/corsica-sole-stockage-batteries-deux-acren.jpg","width":560,"height":298},{"@type":"BreadcrumbList","@id":"https:\/\/www.renouvelle.be\/fr\/stockage-denergie-en-europe\/#breadcrumb","itemListElement":[{"@type":"ListItem","position":1,"name":"Accueil","item":"https:\/\/www.renouvelle.be\/fr\/"},{"@type":"ListItem","position":2,"name":"La Belgique r\u00e9f\u00e9rence du stockage europ\u00e9en d\u2019\u00e9nergie ?"}]},{"@type":"WebSite","@id":"https:\/\/www.renouvelle.be\/fr\/#website","url":"https:\/\/www.renouvelle.be\/fr\/","name":"Renouvelle","description":"L&#039;actualit\u00e9 de l&#039;\u00e9nergie durable","potentialAction":[{"@type":"SearchAction","target":{"@type":"EntryPoint","urlTemplate":"https:\/\/www.renouvelle.be\/fr\/?s={search_term_string}"},"query-input":{"@type":"PropertyValueSpecification","valueRequired":true,"valueName":"search_term_string"}}],"inLanguage":"fr-FR"},{"@type":"Person","@id":"https:\/\/www.renouvelle.be\/fr\/#\/schema\/person\/980400dfd457d76423b6766ad2146490","name":"Philippe Limbourg","url":"https:\/\/www.renouvelle.be\/fr\/author\/philippe-limbourg\/"}]}},"_links":{"self":[{"href":"https:\/\/www.renouvelle.be\/fr\/wp-json\/wp\/v2\/posts\/9088","targetHints":{"allow":["GET"]}}],"collection":[{"href":"https:\/\/www.renouvelle.be\/fr\/wp-json\/wp\/v2\/posts"}],"about":[{"href":"https:\/\/www.renouvelle.be\/fr\/wp-json\/wp\/v2\/types\/post"}],"author":[{"embeddable":true,"href":"https:\/\/www.renouvelle.be\/fr\/wp-json\/wp\/v2\/users\/32"}],"replies":[{"embeddable":true,"href":"https:\/\/www.renouvelle.be\/fr\/wp-json\/wp\/v2\/comments?post=9088"}],"version-history":[{"count":6,"href":"https:\/\/www.renouvelle.be\/fr\/wp-json\/wp\/v2\/posts\/9088\/revisions"}],"predecessor-version":[{"id":9329,"href":"https:\/\/www.renouvelle.be\/fr\/wp-json\/wp\/v2\/posts\/9088\/revisions\/9329"}],"wp:featuredmedia":[{"embeddable":true,"href":"https:\/\/www.renouvelle.be\/fr\/wp-json\/wp\/v2\/media\/9089"}],"wp:attachment":[{"href":"https:\/\/www.renouvelle.be\/fr\/wp-json\/wp\/v2\/media?parent=9088"}],"wp:term":[{"taxonomy":"category","embeddable":true,"href":"https:\/\/www.renouvelle.be\/fr\/wp-json\/wp\/v2\/categories?post=9088"},{"taxonomy":"post_tag","embeddable":true,"href":"https:\/\/www.renouvelle.be\/fr\/wp-json\/wp\/v2\/tags?post=9088"},{"taxonomy":"section","embeddable":true,"href":"https:\/\/www.renouvelle.be\/fr\/wp-json\/wp\/v2\/section?post=9088"}],"curies":[{"name":"wp","href":"https:\/\/api.w.org\/{rel}","templated":true}]}}