{"id":8951,"date":"2023-02-21T11:20:51","date_gmt":"2023-02-21T10:20:51","guid":{"rendered":"https:\/\/www.renouvelle.be\/?p=8951"},"modified":"2023-02-21T11:20:55","modified_gmt":"2023-02-21T10:20:55","slug":"partage-denergie-solaire-dans-un-logement-social-a-bruxelles","status":"publish","type":"post","link":"https:\/\/www.renouvelle.be\/fr\/partage-denergie-solaire-dans-un-logement-social-a-bruxelles\/","title":{"rendered":"Sunsud, premier partage d\u2019\u00e9nergie solaire dans un logement social bruxellois, f\u00eate son \u00ab\u00a0un an\u00a0\u00bb. L\u2019occasion de tirer un premier bilan.\u00a0"},"content":{"rendered":"\n<p>\u00a0<strong>Ce 15 f\u00e9vrier, les locataires, collaborateurs et partenaires du Foyer du Sud c\u00e9l\u00e9braient un an de partage d\u2019\u00e9lectricit\u00e9 solaire en pr\u00e9sence du ministre de l\u2019Energie bruxellois, Alain Maron, et de la secr\u00e9taire d\u2019Etat au Logement, Nawal Ben Hamou. L\u2019occasion pour les porteurs du projet de pr\u00e9senter le bilan chiffr\u00e9 et les retours d\u2019exp\u00e9riences du premier partage d\u2019\u00e9nergie solaire dans un logement social bruxellois.<\/strong><\/p>\n\n\n\n<figure class=\"wp-block-image size-large\"><img loading=\"lazy\" decoding=\"async\" width=\"1024\" height=\"683\" src=\"https:\/\/www.renouvelle.be\/wp-content\/uploads\/2023\/02\/331369798_913965199946620_6082257317901182615_n-1024x683.jpg\" alt=\"\" class=\"wp-image-8966\" srcset=\"https:\/\/www.renouvelle.be\/wp-content\/uploads\/2023\/02\/331369798_913965199946620_6082257317901182615_n-1024x683.jpg 1024w, https:\/\/www.renouvelle.be\/wp-content\/uploads\/2023\/02\/331369798_913965199946620_6082257317901182615_n-300x200.jpg 300w, https:\/\/www.renouvelle.be\/wp-content\/uploads\/2023\/02\/331369798_913965199946620_6082257317901182615_n-768x512.jpg 768w, https:\/\/www.renouvelle.be\/wp-content\/uploads\/2023\/02\/331369798_913965199946620_6082257317901182615_n-1200x800.jpg 1200w, https:\/\/www.renouvelle.be\/wp-content\/uploads\/2023\/02\/331369798_913965199946620_6082257317901182615_n.jpg 1500w\" sizes=\"auto, (max-width: 1024px) 100vw, 1024px\" \/><figcaption class=\"wp-element-caption\">\u00a9Alain Maron<\/figcaption><\/figure>\n\n\n\n<p><strong>Un projet soutenu par tous les acteurs-cl\u00e9s\u00a0\u00a0\u00a0\u00a0\u00a0<\/strong><\/p>\n\n\n\n<p>Le projet est n\u00e9 \u00e0 l\u2019initiative de l&rsquo;\u00c9chevin de l&rsquo;\u00c9nergie de la Commune de Saint-Gilles, Jos Reymenants et est le fruit de la collaboration entre Foyer du Sud, Energie Commune et City Mine(d), avec le soutien de Bruxelles-Environnement.\u202f&nbsp;<\/p>\n\n\n\n<p>\u00ab <em>Le projet SunSud d\u00e9montre que le secteur du logement social ne se limite pas \u00e0 proposer des logements dont le loyer est adapt\u00e9 aux revenus des locataires, mais qu\u2019il lance aussi des projets innovants avec la participation active de ses locataires ! Mon souhait est que cette premi\u00e8re exp\u00e9rience r\u00e9ussie puisse non seulement inciter d\u2019autres locataires \u00e0 rejoindre cette communaut\u00e9 d\u2019\u00e9nergie, mais aussi inspirer d\u2019autres SISP \u00e0 d\u00e9velopper des projets similaires qui pourraient profiter aux locataires sociaux \u2013 et pourquoi pas \u2013 aux riverains du quartier <\/em>\u00bb pr\u00e9cise la secr\u00e9taire d\u2019Etat au Logement Nawal Ben Hamou.\u00a0<\/p>\n\n\n\n<p>Au travers d\u2019une approche unique, ce projet a en effet pu r\u00e9concilier les enjeux soci\u00e9taux et \u00e9cologiques, soit la d\u00e9mocratisation d\u2019une \u00e9nergie verte et locale au sein d\u2019un immeuble de logements sociaux. Car dans une situation d\u2019instabilit\u00e9 des prix de l\u2019\u00e9lectricit\u00e9 comme nous connaissons actuellement, le mod\u00e8le du partage d\u2019\u00e9nergie solaire a permis de proposer un prix stable dans le temps et \u2013 dans ce cas pr\u00e9cis &#8211; moins cher que le tarif social.\u202f&nbsp;Par ailleurs, des r\u00e9sultats enthousiasmants ont pu \u00eatre atteints gr\u00e2ce \u00e0 la solidarit\u00e9 du comit\u00e9, compos\u00e9 des locataires, bien d\u00e9cid\u00e9s \u00e0 prendre en main leur facture d\u2019\u00e9nergie.&nbsp;&nbsp;<\/p>\n\n\n\n<p>Dans l\u2019espoir de maximiser les effets, SunSud s\u2019est mis comme d\u00e9fi de construire le projet avec les locataires, c.\u00e0.d. les personnes concern\u00e9es, \u00ab\u00a0expertes\u00a0\u00bb de leur situation \u00e9nerg\u00e9tique, et non de le penser pour eux, ou \u00e0 leur place.\u202f&nbsp;<\/p>\n\n\n\n<p>Les diff\u00e9rents services du Foyer du Sud, ainsi qu\u2019un noyau d\u2019habitants form\u00e9 le long des ateliers et r\u00e9unions organis\u00e9s par City Mine(d) (2020-2021), appuy\u00e9s par les ing\u00e9nieurs et juristes d\u2019Energie Commune, ont d\u00e9fini le pourquoi et comment du partage d\u2019\u00e9nergie qui a d\u00e9but\u00e9 en janvier 2022.&nbsp;<\/p>\n\n\n\n<p>Pour la mise en \u0153uvre, le d\u00e9veloppement et l\u2019\u00e9valuation du projet, une structure de gestion sp\u00e9cifique s\u2019est mise en place afin d\u2019ancrer le r\u00f4le central des habitants et structurer de fa\u00e7on solide le lien de collaboration entre le propri\u00e9taire\/producteur et le locataire\/usager de l\u2019\u00e9lectricit\u00e9 solaire.&nbsp;<\/p>\n\n\n\n<p>Quelques citations d\u2019habitant.e.s l\u2019illustrent :&nbsp;&nbsp;<\/p>\n\n\n<div class=\"wp-block-image\">\n<figure class=\"aligncenter size-full is-resized\"><img loading=\"lazy\" decoding=\"async\" src=\"https:\/\/www.renouvelle.be\/wp-content\/uploads\/2023\/02\/Capture-decran-2023-02-21-a-10.57.31.png\" alt=\"\" class=\"wp-image-8952\" width=\"324\" height=\"134\" srcset=\"https:\/\/www.renouvelle.be\/wp-content\/uploads\/2023\/02\/Capture-decran-2023-02-21-a-10.57.31.png 455w, https:\/\/www.renouvelle.be\/wp-content\/uploads\/2023\/02\/Capture-decran-2023-02-21-a-10.57.31-300x124.png 300w\" sizes=\"auto, (max-width: 324px) 100vw, 324px\" \/><\/figure>\n<\/div>\n\n<div class=\"wp-block-image is-style-default\">\n<figure class=\"alignright size-full is-resized\"><img loading=\"lazy\" decoding=\"async\" src=\"https:\/\/www.renouvelle.be\/wp-content\/uploads\/2023\/02\/Capture-decran-2023-02-21-a-10.57.42.png\" alt=\"\" class=\"wp-image-8954\" width=\"283\" height=\"155\" srcset=\"https:\/\/www.renouvelle.be\/wp-content\/uploads\/2023\/02\/Capture-decran-2023-02-21-a-10.57.42.png 446w, https:\/\/www.renouvelle.be\/wp-content\/uploads\/2023\/02\/Capture-decran-2023-02-21-a-10.57.42-300x164.png 300w\" sizes=\"auto, (max-width: 283px) 100vw, 283px\" \/><\/figure>\n<\/div>\n\n\n<figure class=\"wp-block-image size-full is-resized\"><img loading=\"lazy\" decoding=\"async\" src=\"https:\/\/www.renouvelle.be\/wp-content\/uploads\/2023\/02\/Capture-decran-2023-02-21-a-10.58.03.png\" alt=\"\" class=\"wp-image-8956\" width=\"397\" height=\"166\" srcset=\"https:\/\/www.renouvelle.be\/wp-content\/uploads\/2023\/02\/Capture-decran-2023-02-21-a-10.58.03.png 435w, https:\/\/www.renouvelle.be\/wp-content\/uploads\/2023\/02\/Capture-decran-2023-02-21-a-10.58.03-300x126.png 300w\" sizes=\"auto, (max-width: 397px) 100vw, 397px\" \/><\/figure>\n\n\n\n<p><strong>Et \u00e7a marche\u00a0!<\/strong><\/p>\n\n\n\n<p>Les chiffres qui parlent d\u2019eux-m\u00eames&nbsp;: la production totale de l\u2019installation solaire est estim\u00e9e \u00e0 36 000 kWh\/an et pr\u00e8s de 26 000 kWh \u00e9taient disponibles pour faire du partage d\u2019\u00e9nergie.\u202fSur ce surplus d\u2019injection, 3.600 kWh ont \u00e9galement \u00e9t\u00e9 partag\u00e9s vers 4 compteurs pour alimenter les communs.&nbsp;<\/p>\n\n\n\n<figure class=\"wp-block-image size-full\"><img loading=\"lazy\" decoding=\"async\" width=\"735\" height=\"386\" src=\"https:\/\/www.renouvelle.be\/wp-content\/uploads\/2023\/02\/Capture-decran-2023-02-21-a-10.56.54.png\" alt=\"\" class=\"wp-image-8958\" srcset=\"https:\/\/www.renouvelle.be\/wp-content\/uploads\/2023\/02\/Capture-decran-2023-02-21-a-10.56.54.png 735w, https:\/\/www.renouvelle.be\/wp-content\/uploads\/2023\/02\/Capture-decran-2023-02-21-a-10.56.54-300x158.png 300w\" sizes=\"auto, (max-width: 735px) 100vw, 735px\" \/><\/figure>\n\n\n\n<p><em>R\u00e9partition du partage d\u2019\u00e9nergie solaire avec l\u2019\u00e9quivalent en arbres<\/em>&nbsp;<\/p>\n\n\n\n<p>Les 20 appartements participants et 2 compteurs de locaux lou\u00e9s ont pu b\u00e9n\u00e9ficier des 14.400 kWh restants. En moyenne, chaque appartement a pu recevoir 650 kWh d\u2019\u00e9lectricit\u00e9 solaire. Ce qui repr\u00e9sente 20-25% de leur consommation d\u2019\u00e9lectricit\u00e9 totale, soit des chiffres proches de ceux des propri\u00e9taires de panneaux solaires.\u202f&nbsp;<\/p>\n\n\n\n<figure class=\"wp-block-image size-full\"><img loading=\"lazy\" decoding=\"async\" width=\"484\" height=\"205\" src=\"https:\/\/www.renouvelle.be\/wp-content\/uploads\/2023\/02\/Capture-decran-2023-02-21-a-10.58.44.png\" alt=\"\" class=\"wp-image-8960\" srcset=\"https:\/\/www.renouvelle.be\/wp-content\/uploads\/2023\/02\/Capture-decran-2023-02-21-a-10.58.44.png 484w, https:\/\/www.renouvelle.be\/wp-content\/uploads\/2023\/02\/Capture-decran-2023-02-21-a-10.58.44-300x127.png 300w\" sizes=\"auto, (max-width: 484px) 100vw, 484px\" \/><\/figure>\n\n\n\n<p><em>Moyenne annuelle d\u2019\u00e9conomie individuelle sur la facture d\u2019\u00e9lectricit\u00e9<\/em>&nbsp;<\/p>\n\n\n\n<p>Avec un tarif r\u00e9gul\u00e9 r\u00e9duit et un prix de l\u2019\u00e9nergie tr\u00e8s faible propos\u00e9 par Foyer du Sud, les consommateurs ont per\u00e7u une r\u00e9duction de 15% en moyenne sur leur facture individuelle annuelle. Une \u00e9conomie d\u2019\u00e9chelle variant entre 23\u20ac et 310\u20ac qui s\u2019explique par le fait que certains participants ont consomm\u00e9 plus d\u2019\u00e9lectricit\u00e9 solaire au moment o\u00f9 elle \u00e9tait produite.&nbsp;&nbsp;<\/p>\n\n\n\n<figure class=\"wp-block-image size-full\"><img loading=\"lazy\" decoding=\"async\" width=\"783\" height=\"503\" src=\"https:\/\/www.renouvelle.be\/wp-content\/uploads\/2023\/02\/Capture-decran-2023-02-21-a-11.00.29.png\" alt=\"\" class=\"wp-image-8962\" srcset=\"https:\/\/www.renouvelle.be\/wp-content\/uploads\/2023\/02\/Capture-decran-2023-02-21-a-11.00.29.png 783w, https:\/\/www.renouvelle.be\/wp-content\/uploads\/2023\/02\/Capture-decran-2023-02-21-a-11.00.29-300x193.png 300w, https:\/\/www.renouvelle.be\/wp-content\/uploads\/2023\/02\/Capture-decran-2023-02-21-a-11.00.29-768x493.png 768w, https:\/\/www.renouvelle.be\/wp-content\/uploads\/2023\/02\/Capture-decran-2023-02-21-a-11.00.29-100x65.png 100w\" sizes=\"auto, (max-width: 783px) 100vw, 783px\" \/><\/figure>\n\n\n\n<p>Enfin, Sibelga a enregistr\u00e9 pr\u00e8s de 8.000 kWh qui n\u2019ont pas \u00e9t\u00e9 partag\u00e9s. Le projet pourrait donc accueillir de nouveaux participants.\u202f&nbsp;<\/p>\n\n\n\n<p><strong>Les principaux avantages\u00a0sont multiples<\/strong><\/p>\n\n\n\n<p>Ce projet comporte trois grands types d\u2019avantages qui ont motiv\u00e9 l\u2019implication du Foyer du Sud qui voit une r\u00e9elle plus-value non seulement pour ses locataires mais \u00e9galement pour s\u2019inscrire dans le plan climat.&nbsp;<\/p>\n\n\n\n<p>\u202f&nbsp;<\/p>\n\n\n\n<p><strong>Avantages environnementaux<\/strong><strong>&nbsp;<\/strong><\/p>\n\n\n\n<p>La possibilit\u00e9 de partager le surplus de production avec les locataires a \u00e9t\u00e9 notre motivation pour investir dans une installation solaire. Par ailleurs, la perspective de partager ce surplus nous a \u00e9galement pouss\u00e9s \u00e0 installer le plus grand nombre possible de panneaux sur le toit de l\u2019immeuble, plut\u00f4t que de se limiter \u00e0 quelques panneaux qui auraient uniquement aliment\u00e9 les deux compteurs communs raccord\u00e9s \u00e0 l\u2019installation. Autrement dit, ce projet a pour effet d\u2019augmenter la production d\u2019\u00e9nergie renouvelable et de diminuer ainsi les \u00e9missions de gaz \u00e0 effets de serre de la R\u00e9gion bruxelloise.&nbsp;<\/p>\n\n\n\n<p><strong>Avantages sociaux<\/strong><strong>&nbsp;<\/strong><\/p>\n\n\n\n<p>Ce type de projet, gr\u00e2ce \u00e0 sa dimension collective, contribue \u00e0 la coh\u00e9sion sociale au sein de l\u2019immeuble. De plus, il suscite la curiosit\u00e9 des habitants et leur permet d\u2019acqu\u00e9rir une meilleure connaissance des \u00e9nergies renouvelables et de leur utilisation. L\u2019inclusion d\u2019un groupe d\u2019habitants, d\u00e8s la conception du projet, inspire confiance et motive les autres voisins \u00e0 y participer. Ceci augmente le nombre de b\u00e9n\u00e9ficiaires ayant acc\u00e8s aux \u00e9nergies renouvelables.&nbsp;<\/p>\n\n\n\n<p><strong>Avantages \u00e9conomiques<\/strong><strong>&nbsp;<\/strong><\/p>\n\n\n\n<p>Gr\u00e2ce \u00e0 l\u2019offre d\u2019une \u00e9lectricit\u00e9 moins ch\u00e8re et \u00e0 un prix stable, le projet permet de contribuer \u00e0 la lutte contre la pr\u00e9carit\u00e9 \u00e9nerg\u00e9tique. Premi\u00e8rement, il b\u00e9n\u00e9ficie \u00e0 l\u2019ensemble des locataires gr\u00e2ce \u00e0 une diminution des charges pour les parties communes de l\u2019immeuble, partiellement aliment\u00e9es par l\u2019\u00e9lectricit\u00e9 produite sur le toit. Ensuite, le surplus d\u2019\u00e9lectricit\u00e9 vendu aux locataires qui ont sign\u00e9 un contrat l\u2019est \u00e0 un tarif beaucoup plus bas (environ 10 centimes\/kWh TTC) que celui propos\u00e9 par les fournisseurs. L\u2019autre avantage \u00e9conomique de ce projet est d\u2019offrir aux locataires une stabilit\u00e9 des prix sur le long terme. En effet, le prix de l\u2019\u00e9lectricit\u00e9 produite par les panneaux solaires ne d\u00e9pend pas de la conjoncture internationale, contrairement \u00e0 l\u2019\u00e9lectricit\u00e9 achet\u00e9e par les fournisseurs. Le Foyer a pris la d\u00e9cision de ne r\u00e9aliser aucun b\u00e9n\u00e9fice pour ce projet.\u00a0<\/p>\n\n\n\n<p><strong>Un projet qui en appellera d&rsquo;autres<\/strong><\/p>\n\n\n\n<p>Fort de l\u2019exp\u00e9rience SunSud, le Foyer du Sud a pour projet de r\u00e9pliquer la d\u00e9marche sur d\u2019autres sites.&nbsp;Et ce n\u2019est pas le ministre de l\u2019\u00e9nergie bruxellois Alain Maron qui les contredira&nbsp;: \u00ab <em>La crise \u00e9nerg\u00e9tique le montre \u00e0 nouveau, il est urgent de trouver des solutions innovantes et collectives pour limiter notre facture tout en limitant notre d\u00e9pendance aux \u00e9nergies fossiles. Le projet Sunsud est un tr\u00e8s bon exemple de ce que nous voulons pour Bruxelles : une \u00e9nergie partag\u00e9e, moins ch\u00e8re et verte. Je suis \u00e9galement tr\u00e8s impressionn\u00e9 par les nouveaux liens que cela tisse entre les locataires. Je plaide vraiment pour que ces projets se multiplient partout \u00e0 Bruxelles et plus particuli\u00e8rement dans les logements sociaux r\u00e9gionaux !<\/em> \u00bb explique <strong>Alain Maron, ministre de l\u2019\u00e9nergie bruxellois.\u202f\u202f\u202f\u202f<\/strong>&nbsp;<\/p>\n\n\n\n<figure class=\"wp-block-image size-full\"><img loading=\"lazy\" decoding=\"async\" width=\"802\" height=\"564\" src=\"https:\/\/www.renouvelle.be\/wp-content\/uploads\/2023\/02\/Capture-decran-2023-02-21-a-11.00.43.png\" alt=\"\" class=\"wp-image-8964\" srcset=\"https:\/\/www.renouvelle.be\/wp-content\/uploads\/2023\/02\/Capture-decran-2023-02-21-a-11.00.43.png 802w, https:\/\/www.renouvelle.be\/wp-content\/uploads\/2023\/02\/Capture-decran-2023-02-21-a-11.00.43-300x211.png 300w, https:\/\/www.renouvelle.be\/wp-content\/uploads\/2023\/02\/Capture-decran-2023-02-21-a-11.00.43-768x540.png 768w\" sizes=\"auto, (max-width: 802px) 100vw, 802px\" \/><\/figure>\n","protected":false},"excerpt":{"rendered":"<p>\u00a0Ce 15 f\u00e9vrier, les locataires, collaborateurs et partenaires du Foyer du Sud c\u00e9l\u00e9braient un an de partage d\u2019\u00e9lectricit\u00e9 solaire en pr\u00e9sence du ministre de l\u2019Energie bruxellois, Alain Maron, et de la secr\u00e9taire d\u2019Etat au Logement, Nawal Ben Hamou. L\u2019occasion pour les porteurs du projet de pr\u00e9senter le bilan chiffr\u00e9 et les retours d\u2019exp\u00e9riences du premier partage d\u2019\u00e9nergie solaire dans un logement social bruxellois. Un projet soutenu par tous les acteurs-cl\u00e9s\u00a0\u00a0\u00a0\u00a0\u00a0 Le projet est n\u00e9 \u00e0 l\u2019initiative de l&rsquo;\u00c9chevin de l&rsquo;\u00c9nergie de la Commune de Saint-Gilles, Jos Reymenants et est le fruit de la collaboration entre Foyer du Sud, Energie Commune et City Mine(d), avec le soutien de Bruxelles-Environnement.\u202f&nbsp; \u00ab Le projet SunSud d\u00e9montre que le secteur du logement social ne se limite pas \u00e0 proposer des logements dont le loyer est adapt\u00e9 aux revenus des locataires, mais qu\u2019il lance aussi des projets innovants avec la participation active de ses locataires ! Mon souhait est que cette premi\u00e8re exp\u00e9rience r\u00e9ussie puisse non seulement inciter d\u2019autres locataires \u00e0 rejoindre cette communaut\u00e9 d\u2019\u00e9nergie, mais aussi inspirer d\u2019autres SISP \u00e0 d\u00e9velopper des projets similaires qui pourraient profiter aux locataires sociaux \u2013 et pourquoi pas \u2013 aux riverains du quartier \u00bb pr\u00e9cise la secr\u00e9taire d\u2019Etat au Logement Nawal Ben Hamou.\u00a0 Au travers d\u2019une approche unique, ce projet a en effet pu r\u00e9concilier les enjeux soci\u00e9taux et \u00e9cologiques, soit la d\u00e9mocratisation d\u2019une \u00e9nergie verte et locale au sein d\u2019un immeuble de logements sociaux. Car dans une situation d\u2019instabilit\u00e9 des prix de l\u2019\u00e9lectricit\u00e9 comme nous connaissons actuellement, le mod\u00e8le du partage d\u2019\u00e9nergie solaire a permis de proposer un prix stable dans le temps et \u2013 dans ce cas pr\u00e9cis &#8211; moins cher que le tarif social.\u202f&nbsp;Par ailleurs, des r\u00e9sultats enthousiasmants ont pu \u00eatre atteints gr\u00e2ce \u00e0 la &hellip; <a href=\"https:\/\/www.renouvelle.be\/fr\/partage-denergie-solaire-dans-un-logement-social-a-bruxelles\/\" class=\"more-link\">Continue reading<span class=\"screen-reader-text\"> \u00ab\u00a0Sunsud, premier partage d\u2019\u00e9nergie solaire dans un logement social bruxellois, f\u00eate son \u00ab\u00a0un an\u00a0\u00bb. L\u2019occasion de tirer un premier bilan.\u00a0\u00ab\u00a0<\/span><\/a><\/p>\n","protected":false},"author":32,"featured_media":8964,"comment_status":"closed","ping_status":"closed","sticky":false,"template":"","format":"standard","meta":{"_acf_changed":false,"footnotes":""},"categories":[16,17],"tags":[],"section":[5,13],"class_list":["post-8951","post","type-post","status-publish","format-standard","has-post-thumbnail","hentry","category-actualite","category-actualite-en-belgique","section-communaute-denergie","section-solaire"],"acf":[],"yoast_head":"<!-- This site is optimized with the Yoast SEO plugin v27.5 - https:\/\/yoast.com\/product\/yoast-seo-wordpress\/ -->\n<title>Sunsud, premier partage d\u2019\u00e9nergie solaire dans un logement social bruxellois, f\u00eate son &quot;un an&quot;. L\u2019occasion de tirer un premier bilan.\u00a0 - Renouvelle<\/title>\n<meta name=\"description\" content=\"Premier partage d&#039;\u00e9nergie solaire et communaut\u00e9 d&#039;\u00e9nergie dans un logement social \u00e0 Bruxelles.\" \/>\n<meta name=\"robots\" content=\"index, follow, max-snippet:-1, max-image-preview:large, max-video-preview:-1\" \/>\n<link rel=\"canonical\" href=\"https:\/\/www.renouvelle.be\/fr\/partage-denergie-solaire-dans-un-logement-social-a-bruxelles\/\" \/>\n<meta property=\"og:locale\" content=\"fr_FR\" \/>\n<meta property=\"og:type\" content=\"article\" \/>\n<meta property=\"og:title\" content=\"Sunsud, premier partage d\u2019\u00e9nergie solaire dans un logement social bruxellois, f\u00eate son &quot;un an&quot;. L\u2019occasion de tirer un premier bilan.\u00a0 - Renouvelle\" \/>\n<meta property=\"og:description\" content=\"Premier partage d&#039;\u00e9nergie solaire et communaut\u00e9 d&#039;\u00e9nergie dans un logement social \u00e0 Bruxelles.\" \/>\n<meta property=\"og:url\" content=\"https:\/\/www.renouvelle.be\/fr\/partage-denergie-solaire-dans-un-logement-social-a-bruxelles\/\" \/>\n<meta property=\"og:site_name\" content=\"Renouvelle\" \/>\n<meta property=\"article:published_time\" content=\"2023-02-21T10:20:51+00:00\" \/>\n<meta property=\"article:modified_time\" content=\"2023-02-21T10:20:55+00:00\" \/>\n<meta property=\"og:image\" content=\"https:\/\/www.renouvelle.be\/wp-content\/uploads\/2023\/02\/Capture-decran-2023-02-21-a-11.00.43.png\" \/>\n\t<meta property=\"og:image:width\" content=\"802\" \/>\n\t<meta property=\"og:image:height\" content=\"564\" \/>\n\t<meta property=\"og:image:type\" content=\"image\/png\" \/>\n<meta name=\"author\" content=\"Philippe Limbourg\" \/>\n<meta name=\"twitter:card\" content=\"summary_large_image\" \/>\n<script type=\"application\/ld+json\" class=\"yoast-schema-graph\">{\"@context\":\"https:\\\/\\\/schema.org\",\"@graph\":[{\"@type\":\"Article\",\"@id\":\"https:\\\/\\\/www.renouvelle.be\\\/fr\\\/partage-denergie-solaire-dans-un-logement-social-a-bruxelles\\\/#article\",\"isPartOf\":{\"@id\":\"https:\\\/\\\/www.renouvelle.be\\\/fr\\\/partage-denergie-solaire-dans-un-logement-social-a-bruxelles\\\/\"},\"author\":{\"name\":\"Philippe Limbourg\",\"@id\":\"https:\\\/\\\/www.renouvelle.be\\\/fr\\\/#\\\/schema\\\/person\\\/980400dfd457d76423b6766ad2146490\"},\"headline\":\"Sunsud, premier partage d\u2019\u00e9nergie solaire dans un logement social bruxellois, f\u00eate son \u00ab\u00a0un an\u00a0\u00bb. L\u2019occasion de tirer un premier bilan.\u00a0\",\"datePublished\":\"2023-02-21T10:20:51+00:00\",\"dateModified\":\"2023-02-21T10:20:55+00:00\",\"mainEntityOfPage\":{\"@id\":\"https:\\\/\\\/www.renouvelle.be\\\/fr\\\/partage-denergie-solaire-dans-un-logement-social-a-bruxelles\\\/\"},\"wordCount\":1295,\"image\":{\"@id\":\"https:\\\/\\\/www.renouvelle.be\\\/fr\\\/partage-denergie-solaire-dans-un-logement-social-a-bruxelles\\\/#primaryimage\"},\"thumbnailUrl\":\"https:\\\/\\\/www.renouvelle.be\\\/wp-content\\\/uploads\\\/2023\\\/02\\\/Capture-decran-2023-02-21-a-11.00.43.png\",\"articleSection\":[\"Actualit\u00e9\",\"Actualit\u00e9 en Belgique\"],\"inLanguage\":\"fr-FR\"},{\"@type\":\"WebPage\",\"@id\":\"https:\\\/\\\/www.renouvelle.be\\\/fr\\\/partage-denergie-solaire-dans-un-logement-social-a-bruxelles\\\/\",\"url\":\"https:\\\/\\\/www.renouvelle.be\\\/fr\\\/partage-denergie-solaire-dans-un-logement-social-a-bruxelles\\\/\",\"name\":\"Sunsud, premier partage d\u2019\u00e9nergie solaire dans un logement social bruxellois, f\u00eate son \\\"un an\\\". L\u2019occasion de tirer un premier bilan.\u00a0 - Renouvelle\",\"isPartOf\":{\"@id\":\"https:\\\/\\\/www.renouvelle.be\\\/fr\\\/#website\"},\"primaryImageOfPage\":{\"@id\":\"https:\\\/\\\/www.renouvelle.be\\\/fr\\\/partage-denergie-solaire-dans-un-logement-social-a-bruxelles\\\/#primaryimage\"},\"image\":{\"@id\":\"https:\\\/\\\/www.renouvelle.be\\\/fr\\\/partage-denergie-solaire-dans-un-logement-social-a-bruxelles\\\/#primaryimage\"},\"thumbnailUrl\":\"https:\\\/\\\/www.renouvelle.be\\\/wp-content\\\/uploads\\\/2023\\\/02\\\/Capture-decran-2023-02-21-a-11.00.43.png\",\"datePublished\":\"2023-02-21T10:20:51+00:00\",\"dateModified\":\"2023-02-21T10:20:55+00:00\",\"author\":{\"@id\":\"https:\\\/\\\/www.renouvelle.be\\\/fr\\\/#\\\/schema\\\/person\\\/980400dfd457d76423b6766ad2146490\"},\"description\":\"Premier partage d'\u00e9nergie solaire et communaut\u00e9 d'\u00e9nergie dans un logement social \u00e0 Bruxelles.\",\"breadcrumb\":{\"@id\":\"https:\\\/\\\/www.renouvelle.be\\\/fr\\\/partage-denergie-solaire-dans-un-logement-social-a-bruxelles\\\/#breadcrumb\"},\"inLanguage\":\"fr-FR\",\"potentialAction\":[{\"@type\":\"ReadAction\",\"target\":[\"https:\\\/\\\/www.renouvelle.be\\\/fr\\\/partage-denergie-solaire-dans-un-logement-social-a-bruxelles\\\/\"]}]},{\"@type\":\"ImageObject\",\"inLanguage\":\"fr-FR\",\"@id\":\"https:\\\/\\\/www.renouvelle.be\\\/fr\\\/partage-denergie-solaire-dans-un-logement-social-a-bruxelles\\\/#primaryimage\",\"url\":\"https:\\\/\\\/www.renouvelle.be\\\/wp-content\\\/uploads\\\/2023\\\/02\\\/Capture-decran-2023-02-21-a-11.00.43.png\",\"contentUrl\":\"https:\\\/\\\/www.renouvelle.be\\\/wp-content\\\/uploads\\\/2023\\\/02\\\/Capture-decran-2023-02-21-a-11.00.43.png\",\"width\":802,\"height\":564,\"caption\":\"Sun sud\"},{\"@type\":\"BreadcrumbList\",\"@id\":\"https:\\\/\\\/www.renouvelle.be\\\/fr\\\/partage-denergie-solaire-dans-un-logement-social-a-bruxelles\\\/#breadcrumb\",\"itemListElement\":[{\"@type\":\"ListItem\",\"position\":1,\"name\":\"Accueil\",\"item\":\"https:\\\/\\\/www.renouvelle.be\\\/fr\\\/\"},{\"@type\":\"ListItem\",\"position\":2,\"name\":\"Sunsud, premier partage d\u2019\u00e9nergie solaire dans un logement social bruxellois, f\u00eate son \u00ab\u00a0un an\u00a0\u00bb. L\u2019occasion de tirer un premier bilan.\u00a0\"}]},{\"@type\":\"WebSite\",\"@id\":\"https:\\\/\\\/www.renouvelle.be\\\/fr\\\/#website\",\"url\":\"https:\\\/\\\/www.renouvelle.be\\\/fr\\\/\",\"name\":\"Renouvelle\",\"description\":\"L&#039;actualit\u00e9 de l&#039;\u00e9nergie durable\",\"potentialAction\":[{\"@type\":\"SearchAction\",\"target\":{\"@type\":\"EntryPoint\",\"urlTemplate\":\"https:\\\/\\\/www.renouvelle.be\\\/fr\\\/?s={search_term_string}\"},\"query-input\":{\"@type\":\"PropertyValueSpecification\",\"valueRequired\":true,\"valueName\":\"search_term_string\"}}],\"inLanguage\":\"fr-FR\"},{\"@type\":\"Person\",\"@id\":\"https:\\\/\\\/www.renouvelle.be\\\/fr\\\/#\\\/schema\\\/person\\\/980400dfd457d76423b6766ad2146490\",\"name\":\"Philippe Limbourg\",\"url\":\"https:\\\/\\\/www.renouvelle.be\\\/fr\\\/author\\\/philippe-limbourg\\\/\"}]}<\/script>\n<!-- \/ Yoast SEO plugin. -->","yoast_head_json":{"title":"Sunsud, premier partage d\u2019\u00e9nergie solaire dans un logement social bruxellois, f\u00eate son \"un an\". L\u2019occasion de tirer un premier bilan.\u00a0 - Renouvelle","description":"Premier partage d'\u00e9nergie solaire et communaut\u00e9 d'\u00e9nergie dans un logement social \u00e0 Bruxelles.","robots":{"index":"index","follow":"follow","max-snippet":"max-snippet:-1","max-image-preview":"max-image-preview:large","max-video-preview":"max-video-preview:-1"},"canonical":"https:\/\/www.renouvelle.be\/fr\/partage-denergie-solaire-dans-un-logement-social-a-bruxelles\/","og_locale":"fr_FR","og_type":"article","og_title":"Sunsud, premier partage d\u2019\u00e9nergie solaire dans un logement social bruxellois, f\u00eate son \"un an\". L\u2019occasion de tirer un premier bilan.\u00a0 - Renouvelle","og_description":"Premier partage d'\u00e9nergie solaire et communaut\u00e9 d'\u00e9nergie dans un logement social \u00e0 Bruxelles.","og_url":"https:\/\/www.renouvelle.be\/fr\/partage-denergie-solaire-dans-un-logement-social-a-bruxelles\/","og_site_name":"Renouvelle","article_published_time":"2023-02-21T10:20:51+00:00","article_modified_time":"2023-02-21T10:20:55+00:00","og_image":[{"width":802,"height":564,"url":"https:\/\/www.renouvelle.be\/wp-content\/uploads\/2023\/02\/Capture-decran-2023-02-21-a-11.00.43.png","type":"image\/png"}],"author":"Philippe Limbourg","twitter_card":"summary_large_image","schema":{"@context":"https:\/\/schema.org","@graph":[{"@type":"Article","@id":"https:\/\/www.renouvelle.be\/fr\/partage-denergie-solaire-dans-un-logement-social-a-bruxelles\/#article","isPartOf":{"@id":"https:\/\/www.renouvelle.be\/fr\/partage-denergie-solaire-dans-un-logement-social-a-bruxelles\/"},"author":{"name":"Philippe Limbourg","@id":"https:\/\/www.renouvelle.be\/fr\/#\/schema\/person\/980400dfd457d76423b6766ad2146490"},"headline":"Sunsud, premier partage d\u2019\u00e9nergie solaire dans un logement social bruxellois, f\u00eate son \u00ab\u00a0un an\u00a0\u00bb. L\u2019occasion de tirer un premier bilan.\u00a0","datePublished":"2023-02-21T10:20:51+00:00","dateModified":"2023-02-21T10:20:55+00:00","mainEntityOfPage":{"@id":"https:\/\/www.renouvelle.be\/fr\/partage-denergie-solaire-dans-un-logement-social-a-bruxelles\/"},"wordCount":1295,"image":{"@id":"https:\/\/www.renouvelle.be\/fr\/partage-denergie-solaire-dans-un-logement-social-a-bruxelles\/#primaryimage"},"thumbnailUrl":"https:\/\/www.renouvelle.be\/wp-content\/uploads\/2023\/02\/Capture-decran-2023-02-21-a-11.00.43.png","articleSection":["Actualit\u00e9","Actualit\u00e9 en Belgique"],"inLanguage":"fr-FR"},{"@type":"WebPage","@id":"https:\/\/www.renouvelle.be\/fr\/partage-denergie-solaire-dans-un-logement-social-a-bruxelles\/","url":"https:\/\/www.renouvelle.be\/fr\/partage-denergie-solaire-dans-un-logement-social-a-bruxelles\/","name":"Sunsud, premier partage d\u2019\u00e9nergie solaire dans un logement social bruxellois, f\u00eate son \"un an\". L\u2019occasion de tirer un premier bilan.\u00a0 - Renouvelle","isPartOf":{"@id":"https:\/\/www.renouvelle.be\/fr\/#website"},"primaryImageOfPage":{"@id":"https:\/\/www.renouvelle.be\/fr\/partage-denergie-solaire-dans-un-logement-social-a-bruxelles\/#primaryimage"},"image":{"@id":"https:\/\/www.renouvelle.be\/fr\/partage-denergie-solaire-dans-un-logement-social-a-bruxelles\/#primaryimage"},"thumbnailUrl":"https:\/\/www.renouvelle.be\/wp-content\/uploads\/2023\/02\/Capture-decran-2023-02-21-a-11.00.43.png","datePublished":"2023-02-21T10:20:51+00:00","dateModified":"2023-02-21T10:20:55+00:00","author":{"@id":"https:\/\/www.renouvelle.be\/fr\/#\/schema\/person\/980400dfd457d76423b6766ad2146490"},"description":"Premier partage d'\u00e9nergie solaire et communaut\u00e9 d'\u00e9nergie dans un logement social \u00e0 Bruxelles.","breadcrumb":{"@id":"https:\/\/www.renouvelle.be\/fr\/partage-denergie-solaire-dans-un-logement-social-a-bruxelles\/#breadcrumb"},"inLanguage":"fr-FR","potentialAction":[{"@type":"ReadAction","target":["https:\/\/www.renouvelle.be\/fr\/partage-denergie-solaire-dans-un-logement-social-a-bruxelles\/"]}]},{"@type":"ImageObject","inLanguage":"fr-FR","@id":"https:\/\/www.renouvelle.be\/fr\/partage-denergie-solaire-dans-un-logement-social-a-bruxelles\/#primaryimage","url":"https:\/\/www.renouvelle.be\/wp-content\/uploads\/2023\/02\/Capture-decran-2023-02-21-a-11.00.43.png","contentUrl":"https:\/\/www.renouvelle.be\/wp-content\/uploads\/2023\/02\/Capture-decran-2023-02-21-a-11.00.43.png","width":802,"height":564,"caption":"Sun sud"},{"@type":"BreadcrumbList","@id":"https:\/\/www.renouvelle.be\/fr\/partage-denergie-solaire-dans-un-logement-social-a-bruxelles\/#breadcrumb","itemListElement":[{"@type":"ListItem","position":1,"name":"Accueil","item":"https:\/\/www.renouvelle.be\/fr\/"},{"@type":"ListItem","position":2,"name":"Sunsud, premier partage d\u2019\u00e9nergie solaire dans un logement social bruxellois, f\u00eate son \u00ab\u00a0un an\u00a0\u00bb. L\u2019occasion de tirer un premier bilan.\u00a0"}]},{"@type":"WebSite","@id":"https:\/\/www.renouvelle.be\/fr\/#website","url":"https:\/\/www.renouvelle.be\/fr\/","name":"Renouvelle","description":"L&#039;actualit\u00e9 de l&#039;\u00e9nergie durable","potentialAction":[{"@type":"SearchAction","target":{"@type":"EntryPoint","urlTemplate":"https:\/\/www.renouvelle.be\/fr\/?s={search_term_string}"},"query-input":{"@type":"PropertyValueSpecification","valueRequired":true,"valueName":"search_term_string"}}],"inLanguage":"fr-FR"},{"@type":"Person","@id":"https:\/\/www.renouvelle.be\/fr\/#\/schema\/person\/980400dfd457d76423b6766ad2146490","name":"Philippe Limbourg","url":"https:\/\/www.renouvelle.be\/fr\/author\/philippe-limbourg\/"}]}},"_links":{"self":[{"href":"https:\/\/www.renouvelle.be\/fr\/wp-json\/wp\/v2\/posts\/8951","targetHints":{"allow":["GET"]}}],"collection":[{"href":"https:\/\/www.renouvelle.be\/fr\/wp-json\/wp\/v2\/posts"}],"about":[{"href":"https:\/\/www.renouvelle.be\/fr\/wp-json\/wp\/v2\/types\/post"}],"author":[{"embeddable":true,"href":"https:\/\/www.renouvelle.be\/fr\/wp-json\/wp\/v2\/users\/32"}],"replies":[{"embeddable":true,"href":"https:\/\/www.renouvelle.be\/fr\/wp-json\/wp\/v2\/comments?post=8951"}],"version-history":[{"count":1,"href":"https:\/\/www.renouvelle.be\/fr\/wp-json\/wp\/v2\/posts\/8951\/revisions"}],"predecessor-version":[{"id":8968,"href":"https:\/\/www.renouvelle.be\/fr\/wp-json\/wp\/v2\/posts\/8951\/revisions\/8968"}],"wp:featuredmedia":[{"embeddable":true,"href":"https:\/\/www.renouvelle.be\/fr\/wp-json\/wp\/v2\/media\/8964"}],"wp:attachment":[{"href":"https:\/\/www.renouvelle.be\/fr\/wp-json\/wp\/v2\/media?parent=8951"}],"wp:term":[{"taxonomy":"category","embeddable":true,"href":"https:\/\/www.renouvelle.be\/fr\/wp-json\/wp\/v2\/categories?post=8951"},{"taxonomy":"post_tag","embeddable":true,"href":"https:\/\/www.renouvelle.be\/fr\/wp-json\/wp\/v2\/tags?post=8951"},{"taxonomy":"section","embeddable":true,"href":"https:\/\/www.renouvelle.be\/fr\/wp-json\/wp\/v2\/section?post=8951"}],"curies":[{"name":"wp","href":"https:\/\/api.w.org\/{rel}","templated":true}]}}