{"id":8818,"date":"2023-02-15T09:00:00","date_gmt":"2023-02-15T08:00:00","guid":{"rendered":"https:\/\/www.renouvelle.be\/?p=8818"},"modified":"2023-02-28T18:25:49","modified_gmt":"2023-02-28T17:25:49","slug":"transition-energetique-animation-theatre-experience","status":"publish","type":"post","link":"https:\/\/www.renouvelle.be\/fr\/transition-energetique-animation-theatre-experience\/","title":{"rendered":"Dessine-moi une transition !"},"content":{"rendered":"\n<p><strong>Tel pourrait \u00eatre le titre de l&rsquo;une des derni\u00e8res r\u00e9alisations du Th\u00e9\u00e2tre de la Parole en collaboration avec Energie Commune. Sans pour autant faire appel \u00e0 Saint-Exup\u00e9ry, et au travers de leur derni\u00e8re cr\u00e9ation en commun\u00a0:\u00a0 \u00ab\u00a0<\/strong>\u00a0<strong>Regarde et raconte\u2026\u00a0\u00bb Un spectacle qui se veut un soutien pour imaginer de futurs d\u00e9sirables et sensibiliser \u00e0 la transition \u00e9nerg\u00e9tique<em>. Mais aussi une exp\u00e9rience participative cr\u00e9\u00e9e avec les artistes Chantal Dejardin et Thierry Duirat. Et enrichie d\u2019animations autour de notre rapport \u00e0 l\u2019\u00e9nergie.\u00a0<\/em><\/strong>\u00a0<\/p>\n\n\n\n<p>Comme d\u00e9j\u00e0 abord\u00e9 dans les pages de Renouvelle (voir par exemple notre article\u202f: <a href=\"https:\/\/www.renouvelle.be\/fr\/territoires-et-climat-la-transition-sera-dabord-culturelle\/\" target=\"_blank\" rel=\"noreferrer noopener\">La transition sera d\u2019abord culturelle<\/a>), les crises \u00e9nerg\u00e9tiques et les d\u00e9r\u00e8glements climatiques provoquent d\u00e9j\u00e0 et provoqueront dans les prochaines d\u00e9cennies des modifications profondes de nos modes de vie, qu\u2019elles soient planifi\u00e9es ou subies.&nbsp;&nbsp;<\/p>\n\n\n\n<p>Ces bouleversements nous font perdre nos rep\u00e8res et g\u00e9n\u00e8rent une \u00e9co-anxi\u00e9t\u00e9 grandissante dans la population. Le repli sur soi et la tentation totalitaire semblent prendre le dessus (Voir l\u2019article du Soir\u202f: <a href=\"https:\/\/www.lesoir.be\/490389\/article\/2023-01-22\/noir-jaune-blues-la-gouvernance-autoritaire-seduit-les-belges\" target=\"_blank\" rel=\"noreferrer noopener\">https:\/\/www.lesoir.be\/490389\/article\/2023-01-22\/noir-jaune-blues-la-gouvernance-autoritaire-seduit-les-belges<\/a>). D\u00e8s lors, comment traverser ces crises en \u00e9chappant \u00e0 la mont\u00e9e des populismes, \u00e0 la perte de coh\u00e9sion sociale et \u00e0 la violence\u202f? Face \u00e0 l\u2019\u00e9puisement des \u00e9nergies fossiles et des mati\u00e8res premi\u00e8res, comment r\u00e9-enchanter un avenir n\u00e9cessairement plus sobre et inclusif ? Et si le d\u00e9fi le plus important et le plus urgent \u00e9tait d\u2019op\u00e9rer pour les g\u00e9n\u00e9rations futures, la transformation culturelle que l\u2019urgence \u00e9cologique nous impose de toute fa\u00e7on\u202f?&nbsp;&nbsp;&nbsp;<\/p>\n\n\n\n<p>Pour relever ce d\u00e9fi, il s\u2019agit de multiplier les occasions de remettre en question nos normes, valeurs, mythes et r\u00e9cits pour en faire \u00e9merger de nouveaux.&nbsp;&nbsp;&nbsp;<\/p>\n\n\n\n<figure class=\"wp-block-image size-large\"><img loading=\"lazy\" decoding=\"async\" width=\"1024\" height=\"461\" src=\"https:\/\/www.renouvelle.be\/wp-content\/uploads\/2023\/02\/transition-1024x461.jpg\" alt=\"\" class=\"wp-image-8820\" srcset=\"https:\/\/www.renouvelle.be\/wp-content\/uploads\/2023\/02\/transition-1024x461.jpg 1024w, https:\/\/www.renouvelle.be\/wp-content\/uploads\/2023\/02\/transition-300x135.jpg 300w, https:\/\/www.renouvelle.be\/wp-content\/uploads\/2023\/02\/transition-768x346.jpg 768w, https:\/\/www.renouvelle.be\/wp-content\/uploads\/2023\/02\/transition-1200x540.jpg 1200w, https:\/\/www.renouvelle.be\/wp-content\/uploads\/2023\/02\/transition.jpg 1390w\" sizes=\"auto, (max-width: 1024px) 100vw, 1024px\" \/><\/figure>\n\n\n\n<p><strong>Une cocr\u00e9ation in\u00e9dite<\/strong>&nbsp;<\/p>\n\n\n\n<p>Le Th\u00e9\u00e2tre de la Parole et Energie Commune se sont ainsi associ\u00e9s pour questionner nos perceptions de l\u2019avenir et nous inviter \u00e0 agir ensemble dans une \u00e9nergie nouvelle et collective.&nbsp;&nbsp;<\/p>\n\n\n\n<p>&nbsp;\u00ab\u202fRegarde et raconte\u202f\u00bb a ainsi \u00e9t\u00e9 pr\u00e9sent\u00e9 pour la premi\u00e8re fois en novembre dernier au Th\u00e9\u00e2tre de la Parole. Au travers de contes, de textes po\u00e9tiques et de chants populaires port\u00e9s par la voix et l\u2019accord\u00e9on de Chantal Dejardin, sur la base de paroles r\u00e9colt\u00e9es dans des lieux populaires en Wallonie et \u00e0 Bruxelles, il propose des allers-retours entre pr\u00e9sent, pass\u00e9 et avenir en alliant la force des r\u00e9cits et la puissance imaginaire de la musique.&nbsp;&nbsp;<\/p>\n\n\n\n<p><strong>Aborder la transition \u00e9cologique par le sensible<\/strong>&nbsp;<\/p>\n\n\n\n<p>Le d\u00e9but du spectacle plonge directement le public au c\u0153ur des questions philosophiques, voire spirituelles, auxquelles on se confronte lorsqu\u2019on prend la mesure des enjeux auxquels l\u2019humanit\u00e9 est confront\u00e9e. En quoi pouvons-nous encore avoir foi\u202f? Comment faire le deuil de ce qui est d\u00e9j\u00e0 perdu\u202f? Comment accepter l\u2019incertitude dans une soci\u00e9t\u00e9 domin\u00e9e par la volont\u00e9 de contr\u00f4le ? Chantal Dejardin nous appelle subtilement \u00e0 nous lib\u00e9rer de r\u00e9cits mortif\u00e8res, \u00e0 travailler sur la consolation et \u00e0 envisager la vie chemin faisant.&nbsp;&nbsp;<\/p>\n\n\n\n<p>Les contes nous parlent de catharsis. Lorsqu\u2019on se rend compte collectivement qu\u2019on est face \u00e0 un gouffre, une \u00e9nergie vitale explose et les paroles se d\u00e9lient (On s\u2019y dit tout\u2026 amour, ranc\u0153ur, remords). Le spectre de la fin d\u2019un monde laisse aussi place \u00e0 la naissance d\u2019un autre \u00e0 b\u00e2tir sur des bases plus solides. La danse et le mouvement collectif permettent d\u2019accueillir les \u00e9motions et de lib\u00e9rer cette \u00e9nergie pour cr\u00e9er du lien et reprendre pieds collectivement.\u202f&nbsp;&nbsp;<\/p>\n\n\n\n<p><strong>S\u2019il faut reb\u00e2tir un monde, de quel monde parle-t-on<\/strong><strong>\u202f<\/strong><strong>?&nbsp;<\/strong>&nbsp;<\/p>\n\n\n\n<p>A travers les contes, le spectacle parle de richesse (c\u2019est quoi\u202f?) et d\u2019in\u00e9galit\u00e9s, de propri\u00e9t\u00e9 priv\u00e9e et d\u2019appropriation du vivant (le monde m\u2019appartient ou j\u2019appartiens au monde\u202f?), de comp\u00e9tition et d\u2019entraide. Il remet en question nos m\u00e9tiers, nos \u00e9coles, notre mobilit\u00e9, nos relations aux objets et aux outils, nos modes de gouvernance\u2026 On se demande si un futur attractif ne serait pas finalement tr\u00e8s influenc\u00e9 par un monde ant\u00e9rieur.&nbsp;&nbsp;Face \u00e0 l\u2019assertion \u00ab\u202fOn ne va quand-m\u00eame pas revenir \u00e0 la charrue\u202f\u00bb, le spectacle semble r\u00e9pondre \u00ab\u202fnon, mais les modes de vies de nos grands-parents et arri\u00e8res grands-parents pourraient beaucoup nous inspirer\u202f\u00bb.\u202f Sans jamais donner de le\u00e7ons ni de recette miracle, le spectacle sugg\u00e8re des moments sensibles o\u00f9 la sobri\u00e9t\u00e9 et l\u2019entraide ne sont jamais loin.&nbsp;<\/p>\n\n\n\n<p><strong>Des animations pour lib\u00e9rer la parole<\/strong>&nbsp;<\/p>\n\n\n\n<p>En marge du spectacle, diverses animations sont propos\u00e9es autour de planches graphiques cr\u00e9\u00e9es par l\u2019artiste pluridisciplinaire Thierry Duirat. Elles favorisent le d\u00e9bat autour de notre rapport culturel \u00e0 l\u2019\u00e9nergie et autour des in\u00e9galit\u00e9s sociales dans ce rapport. Elles nous invitent \u00e0 envisager plusieurs mani\u00e8res de consid\u00e9rer les sources d\u2019\u00e9nergie (bien commun, bien public, propri\u00e9t\u00e9 priv\u00e9e, arme de guerre\u2026) et \u00e0 nous demander ce que chacune de ces options changerait dans nos vies.&nbsp;&nbsp;<\/p>\n\n\n\n<p><strong>Un outil \u00e0 faire circuler<\/strong>&nbsp;<\/p>\n\n\n\n<p>\u200bA l\u2019heure o\u00f9 de nombreuses communes, associations, entreprises, groupes de transition, ou centres culturels souhaitent initier et animer des dynamiques citoyennes autour de l\u2019\u00e9nergie et de la transition \u00e9cologique, ce spectacle et les animations qui l\u2019entourent offrent une porte d\u2019entr\u00e9e sensible et mobilisatrice adapt\u00e9e \u00e0 tous types de publics.&nbsp;&nbsp;&nbsp;<\/p>\n\n\n\n<p>Pour en savoir plus \u00ab\u00a0Regarde et Racontre\u00a0\u00bb, vous pouvez visualiser cette petite vid\u00e9o:  <\/p>\n\n\n\n<figure class=\"wp-block-embed is-type-video is-provider-youtube wp-block-embed-youtube wp-embed-aspect-16-9 wp-has-aspect-ratio\"><div class=\"wp-block-embed__wrapper\">\n<iframe loading=\"lazy\" title=\"Regarde &amp; Raconte - Teaser\" width=\"500\" height=\"281\" src=\"https:\/\/www.youtube.com\/embed\/Y7fjodRBZJU?feature=oembed\" frameborder=\"0\" allow=\"accelerometer; autoplay; clipboard-write; encrypted-media; gyroscope; picture-in-picture; web-share\" referrerpolicy=\"strict-origin-when-cross-origin\" allowfullscreen><\/iframe>\n<\/div><\/figure>\n\n\n\n<p>Pour plus d\u2019informations sur la d\u00e9marche et pour r\u00e9server le spectacle et des animations :&nbsp;<\/p>\n\n\n\n<p>Th\u00e9\u00e2tre de la parole&nbsp;<br>Rue du Rouge-Clo\u00eetre 7d&nbsp;<br>1160 Bruxelles&nbsp;<\/p>\n\n\n\n<p>T\u00e9l\u00e9phone : 02 736 69 50&nbsp;<br>Email: <a href=\"mailto:info@theatredelaparole.be\" target=\"_blank\" rel=\"noreferrer noopener\">info@theatredelaparole.be<\/a>&nbsp;<\/p>\n","protected":false},"excerpt":{"rendered":"<p>Tel pourrait \u00eatre le titre de l&rsquo;une des derni\u00e8res r\u00e9alisations du Th\u00e9\u00e2tre de la Parole en collaboration avec Energie Commune. Sans pour autant faire appel \u00e0 Saint-Exup\u00e9ry, et au travers de leur derni\u00e8re cr\u00e9ation en commun\u00a0:\u00a0 \u00ab\u00a0\u00a0Regarde et raconte\u2026\u00a0\u00bb Un spectacle qui se veut un soutien pour imaginer de futurs d\u00e9sirables et sensibiliser \u00e0 la transition \u00e9nerg\u00e9tique. Mais aussi une exp\u00e9rience participative cr\u00e9\u00e9e avec les artistes Chantal Dejardin et Thierry Duirat. Et enrichie d\u2019animations autour de notre rapport \u00e0 l\u2019\u00e9nergie.\u00a0\u00a0 Comme d\u00e9j\u00e0 abord\u00e9 dans les pages de Renouvelle (voir par exemple notre article\u202f: La transition sera d\u2019abord culturelle), les crises \u00e9nerg\u00e9tiques et les d\u00e9r\u00e8glements climatiques provoquent d\u00e9j\u00e0 et provoqueront dans les prochaines d\u00e9cennies des modifications profondes de nos modes de vie, qu\u2019elles soient planifi\u00e9es ou subies.&nbsp;&nbsp; Ces bouleversements nous font perdre nos rep\u00e8res et g\u00e9n\u00e8rent une \u00e9co-anxi\u00e9t\u00e9 grandissante dans la population. Le repli sur soi et la tentation totalitaire semblent prendre le dessus (Voir l\u2019article du Soir\u202f: https:\/\/www.lesoir.be\/490389\/article\/2023-01-22\/noir-jaune-blues-la-gouvernance-autoritaire-seduit-les-belges). D\u00e8s lors, comment traverser ces crises en \u00e9chappant \u00e0 la mont\u00e9e des populismes, \u00e0 la perte de coh\u00e9sion sociale et \u00e0 la violence\u202f? Face \u00e0 l\u2019\u00e9puisement des \u00e9nergies fossiles et des mati\u00e8res premi\u00e8res, comment r\u00e9-enchanter un avenir n\u00e9cessairement plus sobre et inclusif ? Et si le d\u00e9fi le plus important et le plus urgent \u00e9tait d\u2019op\u00e9rer pour les g\u00e9n\u00e9rations futures, la transformation culturelle que l\u2019urgence \u00e9cologique nous impose de toute fa\u00e7on\u202f?&nbsp;&nbsp;&nbsp; Pour relever ce d\u00e9fi, il s\u2019agit de multiplier les occasions de remettre en question nos normes, valeurs, mythes et r\u00e9cits pour en faire \u00e9merger de nouveaux.&nbsp;&nbsp;&nbsp; Une cocr\u00e9ation in\u00e9dite&nbsp; Le Th\u00e9\u00e2tre de la Parole et Energie Commune se sont ainsi associ\u00e9s pour questionner nos perceptions de l\u2019avenir et nous inviter \u00e0 agir ensemble dans une \u00e9nergie nouvelle et collective.&nbsp;&nbsp; &nbsp;\u00ab\u202fRegarde et &hellip; <a href=\"https:\/\/www.renouvelle.be\/fr\/transition-energetique-animation-theatre-experience\/\" class=\"more-link\">Continue reading<span class=\"screen-reader-text\"> \u00ab\u00a0Dessine-moi une transition !\u00a0\u00bb<\/span><\/a><\/p>\n","protected":false},"author":21,"featured_media":8822,"comment_status":"closed","ping_status":"closed","sticky":false,"template":"","format":"standard","meta":{"_acf_changed":false,"footnotes":""},"categories":[62],"tags":[],"section":[8],"class_list":["post-8818","post","type-post","status-publish","format-standard","has-post-thumbnail","hentry","category-formation","section-energie-renouvelables"],"acf":[],"yoast_head":"<!-- This site is optimized with the Yoast SEO plugin v27.5 - https:\/\/yoast.com\/product\/yoast-seo-wordpress\/ -->\n<title>Dessine-moi une transition ! - Renouvelle<\/title>\n<meta name=\"description\" content=\"Animation autour de la transition \u00e9nerg\u00e9tique\" \/>\n<meta name=\"robots\" content=\"index, follow, max-snippet:-1, max-image-preview:large, max-video-preview:-1\" \/>\n<link rel=\"canonical\" href=\"https:\/\/www.renouvelle.be\/fr\/transition-energetique-animation-theatre-experience\/\" \/>\n<meta property=\"og:locale\" content=\"fr_FR\" \/>\n<meta property=\"og:type\" content=\"article\" \/>\n<meta property=\"og:title\" content=\"Dessine-moi une transition ! - Renouvelle\" \/>\n<meta property=\"og:description\" content=\"Animation autour de la transition \u00e9nerg\u00e9tique\" \/>\n<meta property=\"og:url\" content=\"https:\/\/www.renouvelle.be\/fr\/transition-energetique-animation-theatre-experience\/\" \/>\n<meta property=\"og:site_name\" content=\"Renouvelle\" \/>\n<meta property=\"article:published_time\" content=\"2023-02-15T08:00:00+00:00\" \/>\n<meta property=\"article:modified_time\" content=\"2023-02-28T17:25:49+00:00\" \/>\n<meta property=\"og:image\" content=\"https:\/\/www.renouvelle.be\/wp-content\/uploads\/2023\/02\/transition2.jpg\" \/>\n\t<meta property=\"og:image:width\" content=\"1390\" \/>\n\t<meta property=\"og:image:height\" content=\"782\" \/>\n\t<meta property=\"og:image:type\" content=\"image\/jpeg\" \/>\n<meta name=\"author\" content=\"Fr\u00e9d\u00e9ric PRAILLET\" \/>\n<meta name=\"twitter:card\" content=\"summary_large_image\" \/>\n<script type=\"application\/ld+json\" class=\"yoast-schema-graph\">{\"@context\":\"https:\\\/\\\/schema.org\",\"@graph\":[{\"@type\":\"Article\",\"@id\":\"https:\\\/\\\/www.renouvelle.be\\\/fr\\\/transition-energetique-animation-theatre-experience\\\/#article\",\"isPartOf\":{\"@id\":\"https:\\\/\\\/www.renouvelle.be\\\/fr\\\/transition-energetique-animation-theatre-experience\\\/\"},\"author\":{\"name\":\"Fr\u00e9d\u00e9ric PRAILLET\",\"@id\":\"https:\\\/\\\/www.renouvelle.be\\\/fr\\\/#\\\/schema\\\/person\\\/9d3565ca9db7252f965f75c1f3561a53\"},\"headline\":\"Dessine-moi une transition !\",\"datePublished\":\"2023-02-15T08:00:00+00:00\",\"dateModified\":\"2023-02-28T17:25:49+00:00\",\"mainEntityOfPage\":{\"@id\":\"https:\\\/\\\/www.renouvelle.be\\\/fr\\\/transition-energetique-animation-theatre-experience\\\/\"},\"wordCount\":1001,\"image\":{\"@id\":\"https:\\\/\\\/www.renouvelle.be\\\/fr\\\/transition-energetique-animation-theatre-experience\\\/#primaryimage\"},\"thumbnailUrl\":\"https:\\\/\\\/www.renouvelle.be\\\/wp-content\\\/uploads\\\/2023\\\/02\\\/transition2.jpg\",\"articleSection\":[\"Formation\"],\"inLanguage\":\"fr-FR\"},{\"@type\":\"WebPage\",\"@id\":\"https:\\\/\\\/www.renouvelle.be\\\/fr\\\/transition-energetique-animation-theatre-experience\\\/\",\"url\":\"https:\\\/\\\/www.renouvelle.be\\\/fr\\\/transition-energetique-animation-theatre-experience\\\/\",\"name\":\"Dessine-moi une transition ! - Renouvelle\",\"isPartOf\":{\"@id\":\"https:\\\/\\\/www.renouvelle.be\\\/fr\\\/#website\"},\"primaryImageOfPage\":{\"@id\":\"https:\\\/\\\/www.renouvelle.be\\\/fr\\\/transition-energetique-animation-theatre-experience\\\/#primaryimage\"},\"image\":{\"@id\":\"https:\\\/\\\/www.renouvelle.be\\\/fr\\\/transition-energetique-animation-theatre-experience\\\/#primaryimage\"},\"thumbnailUrl\":\"https:\\\/\\\/www.renouvelle.be\\\/wp-content\\\/uploads\\\/2023\\\/02\\\/transition2.jpg\",\"datePublished\":\"2023-02-15T08:00:00+00:00\",\"dateModified\":\"2023-02-28T17:25:49+00:00\",\"author\":{\"@id\":\"https:\\\/\\\/www.renouvelle.be\\\/fr\\\/#\\\/schema\\\/person\\\/9d3565ca9db7252f965f75c1f3561a53\"},\"description\":\"Animation autour de la transition \u00e9nerg\u00e9tique\",\"breadcrumb\":{\"@id\":\"https:\\\/\\\/www.renouvelle.be\\\/fr\\\/transition-energetique-animation-theatre-experience\\\/#breadcrumb\"},\"inLanguage\":\"fr-FR\",\"potentialAction\":[{\"@type\":\"ReadAction\",\"target\":[\"https:\\\/\\\/www.renouvelle.be\\\/fr\\\/transition-energetique-animation-theatre-experience\\\/\"]}]},{\"@type\":\"ImageObject\",\"inLanguage\":\"fr-FR\",\"@id\":\"https:\\\/\\\/www.renouvelle.be\\\/fr\\\/transition-energetique-animation-theatre-experience\\\/#primaryimage\",\"url\":\"https:\\\/\\\/www.renouvelle.be\\\/wp-content\\\/uploads\\\/2023\\\/02\\\/transition2.jpg\",\"contentUrl\":\"https:\\\/\\\/www.renouvelle.be\\\/wp-content\\\/uploads\\\/2023\\\/02\\\/transition2.jpg\",\"width\":1390,\"height\":782},{\"@type\":\"BreadcrumbList\",\"@id\":\"https:\\\/\\\/www.renouvelle.be\\\/fr\\\/transition-energetique-animation-theatre-experience\\\/#breadcrumb\",\"itemListElement\":[{\"@type\":\"ListItem\",\"position\":1,\"name\":\"Accueil\",\"item\":\"https:\\\/\\\/www.renouvelle.be\\\/fr\\\/\"},{\"@type\":\"ListItem\",\"position\":2,\"name\":\"Dessine-moi une transition !\"}]},{\"@type\":\"WebSite\",\"@id\":\"https:\\\/\\\/www.renouvelle.be\\\/fr\\\/#website\",\"url\":\"https:\\\/\\\/www.renouvelle.be\\\/fr\\\/\",\"name\":\"Renouvelle\",\"description\":\"L&#039;actualit\u00e9 de l&#039;\u00e9nergie durable\",\"potentialAction\":[{\"@type\":\"SearchAction\",\"target\":{\"@type\":\"EntryPoint\",\"urlTemplate\":\"https:\\\/\\\/www.renouvelle.be\\\/fr\\\/?s={search_term_string}\"},\"query-input\":{\"@type\":\"PropertyValueSpecification\",\"valueRequired\":true,\"valueName\":\"search_term_string\"}}],\"inLanguage\":\"fr-FR\"},{\"@type\":\"Person\",\"@id\":\"https:\\\/\\\/www.renouvelle.be\\\/fr\\\/#\\\/schema\\\/person\\\/9d3565ca9db7252f965f75c1f3561a53\",\"name\":\"Fr\u00e9d\u00e9ric PRAILLET\",\"url\":\"https:\\\/\\\/www.renouvelle.be\\\/fr\\\/author\\\/fredericpraillet\\\/\"}]}<\/script>\n<!-- \/ Yoast SEO plugin. -->","yoast_head_json":{"title":"Dessine-moi une transition ! - Renouvelle","description":"Animation autour de la transition \u00e9nerg\u00e9tique","robots":{"index":"index","follow":"follow","max-snippet":"max-snippet:-1","max-image-preview":"max-image-preview:large","max-video-preview":"max-video-preview:-1"},"canonical":"https:\/\/www.renouvelle.be\/fr\/transition-energetique-animation-theatre-experience\/","og_locale":"fr_FR","og_type":"article","og_title":"Dessine-moi une transition ! - Renouvelle","og_description":"Animation autour de la transition \u00e9nerg\u00e9tique","og_url":"https:\/\/www.renouvelle.be\/fr\/transition-energetique-animation-theatre-experience\/","og_site_name":"Renouvelle","article_published_time":"2023-02-15T08:00:00+00:00","article_modified_time":"2023-02-28T17:25:49+00:00","og_image":[{"width":1390,"height":782,"url":"https:\/\/www.renouvelle.be\/wp-content\/uploads\/2023\/02\/transition2.jpg","type":"image\/jpeg"}],"author":"Fr\u00e9d\u00e9ric PRAILLET","twitter_card":"summary_large_image","schema":{"@context":"https:\/\/schema.org","@graph":[{"@type":"Article","@id":"https:\/\/www.renouvelle.be\/fr\/transition-energetique-animation-theatre-experience\/#article","isPartOf":{"@id":"https:\/\/www.renouvelle.be\/fr\/transition-energetique-animation-theatre-experience\/"},"author":{"name":"Fr\u00e9d\u00e9ric PRAILLET","@id":"https:\/\/www.renouvelle.be\/fr\/#\/schema\/person\/9d3565ca9db7252f965f75c1f3561a53"},"headline":"Dessine-moi une transition !","datePublished":"2023-02-15T08:00:00+00:00","dateModified":"2023-02-28T17:25:49+00:00","mainEntityOfPage":{"@id":"https:\/\/www.renouvelle.be\/fr\/transition-energetique-animation-theatre-experience\/"},"wordCount":1001,"image":{"@id":"https:\/\/www.renouvelle.be\/fr\/transition-energetique-animation-theatre-experience\/#primaryimage"},"thumbnailUrl":"https:\/\/www.renouvelle.be\/wp-content\/uploads\/2023\/02\/transition2.jpg","articleSection":["Formation"],"inLanguage":"fr-FR"},{"@type":"WebPage","@id":"https:\/\/www.renouvelle.be\/fr\/transition-energetique-animation-theatre-experience\/","url":"https:\/\/www.renouvelle.be\/fr\/transition-energetique-animation-theatre-experience\/","name":"Dessine-moi une transition ! - Renouvelle","isPartOf":{"@id":"https:\/\/www.renouvelle.be\/fr\/#website"},"primaryImageOfPage":{"@id":"https:\/\/www.renouvelle.be\/fr\/transition-energetique-animation-theatre-experience\/#primaryimage"},"image":{"@id":"https:\/\/www.renouvelle.be\/fr\/transition-energetique-animation-theatre-experience\/#primaryimage"},"thumbnailUrl":"https:\/\/www.renouvelle.be\/wp-content\/uploads\/2023\/02\/transition2.jpg","datePublished":"2023-02-15T08:00:00+00:00","dateModified":"2023-02-28T17:25:49+00:00","author":{"@id":"https:\/\/www.renouvelle.be\/fr\/#\/schema\/person\/9d3565ca9db7252f965f75c1f3561a53"},"description":"Animation autour de la transition \u00e9nerg\u00e9tique","breadcrumb":{"@id":"https:\/\/www.renouvelle.be\/fr\/transition-energetique-animation-theatre-experience\/#breadcrumb"},"inLanguage":"fr-FR","potentialAction":[{"@type":"ReadAction","target":["https:\/\/www.renouvelle.be\/fr\/transition-energetique-animation-theatre-experience\/"]}]},{"@type":"ImageObject","inLanguage":"fr-FR","@id":"https:\/\/www.renouvelle.be\/fr\/transition-energetique-animation-theatre-experience\/#primaryimage","url":"https:\/\/www.renouvelle.be\/wp-content\/uploads\/2023\/02\/transition2.jpg","contentUrl":"https:\/\/www.renouvelle.be\/wp-content\/uploads\/2023\/02\/transition2.jpg","width":1390,"height":782},{"@type":"BreadcrumbList","@id":"https:\/\/www.renouvelle.be\/fr\/transition-energetique-animation-theatre-experience\/#breadcrumb","itemListElement":[{"@type":"ListItem","position":1,"name":"Accueil","item":"https:\/\/www.renouvelle.be\/fr\/"},{"@type":"ListItem","position":2,"name":"Dessine-moi une transition !"}]},{"@type":"WebSite","@id":"https:\/\/www.renouvelle.be\/fr\/#website","url":"https:\/\/www.renouvelle.be\/fr\/","name":"Renouvelle","description":"L&#039;actualit\u00e9 de l&#039;\u00e9nergie durable","potentialAction":[{"@type":"SearchAction","target":{"@type":"EntryPoint","urlTemplate":"https:\/\/www.renouvelle.be\/fr\/?s={search_term_string}"},"query-input":{"@type":"PropertyValueSpecification","valueRequired":true,"valueName":"search_term_string"}}],"inLanguage":"fr-FR"},{"@type":"Person","@id":"https:\/\/www.renouvelle.be\/fr\/#\/schema\/person\/9d3565ca9db7252f965f75c1f3561a53","name":"Fr\u00e9d\u00e9ric PRAILLET","url":"https:\/\/www.renouvelle.be\/fr\/author\/fredericpraillet\/"}]}},"_links":{"self":[{"href":"https:\/\/www.renouvelle.be\/fr\/wp-json\/wp\/v2\/posts\/8818","targetHints":{"allow":["GET"]}}],"collection":[{"href":"https:\/\/www.renouvelle.be\/fr\/wp-json\/wp\/v2\/posts"}],"about":[{"href":"https:\/\/www.renouvelle.be\/fr\/wp-json\/wp\/v2\/types\/post"}],"author":[{"embeddable":true,"href":"https:\/\/www.renouvelle.be\/fr\/wp-json\/wp\/v2\/users\/21"}],"replies":[{"embeddable":true,"href":"https:\/\/www.renouvelle.be\/fr\/wp-json\/wp\/v2\/comments?post=8818"}],"version-history":[{"count":14,"href":"https:\/\/www.renouvelle.be\/fr\/wp-json\/wp\/v2\/posts\/8818\/revisions"}],"predecessor-version":[{"id":9162,"href":"https:\/\/www.renouvelle.be\/fr\/wp-json\/wp\/v2\/posts\/8818\/revisions\/9162"}],"wp:featuredmedia":[{"embeddable":true,"href":"https:\/\/www.renouvelle.be\/fr\/wp-json\/wp\/v2\/media\/8822"}],"wp:attachment":[{"href":"https:\/\/www.renouvelle.be\/fr\/wp-json\/wp\/v2\/media?parent=8818"}],"wp:term":[{"taxonomy":"category","embeddable":true,"href":"https:\/\/www.renouvelle.be\/fr\/wp-json\/wp\/v2\/categories?post=8818"},{"taxonomy":"post_tag","embeddable":true,"href":"https:\/\/www.renouvelle.be\/fr\/wp-json\/wp\/v2\/tags?post=8818"},{"taxonomy":"section","embeddable":true,"href":"https:\/\/www.renouvelle.be\/fr\/wp-json\/wp\/v2\/section?post=8818"}],"curies":[{"name":"wp","href":"https:\/\/api.w.org\/{rel}","templated":true}]}}