{"id":8734,"date":"2023-01-10T11:13:37","date_gmt":"2023-01-10T10:13:37","guid":{"rendered":"https:\/\/www.renouvelle.be\/?p=8734"},"modified":"2023-01-17T11:33:55","modified_gmt":"2023-01-17T10:33:55","slug":"un-ecole-du-solaire-pour-lutter-contre-la-penurie-de-main-doeuvre-etle-decrochage-scolaire","status":"publish","type":"post","link":"https:\/\/www.renouvelle.be\/fr\/un-ecole-du-solaire-pour-lutter-contre-la-penurie-de-main-doeuvre-etle-decrochage-scolaire\/","title":{"rendered":"Un \u00e9cole \u00ab\u00a0du solaire\u00a0\u00bb pour lutter contre la p\u00e9nurie de main d\u2019oeuvre et\u2026le d\u00e9crochage scolaire."},"content":{"rendered":"\n<figure class=\"wp-block-image size-full\"><a href=\"https:\/\/nrsud.fr\/\"><img loading=\"lazy\" decoding=\"async\" width=\"686\" height=\"278\" src=\"https:\/\/www.renouvelle.be\/wp-content\/uploads\/2023\/01\/logo_nrsud_ecole.png\" alt=\"\u00a9NRSud\" class=\"wp-image-8735\" srcset=\"https:\/\/www.renouvelle.be\/wp-content\/uploads\/2023\/01\/logo_nrsud_ecole.png 686w, https:\/\/www.renouvelle.be\/wp-content\/uploads\/2023\/01\/logo_nrsud_ecole-300x122.png 300w\" sizes=\"auto, (max-width: 686px) 100vw, 686px\" \/><\/a><\/figure>\n\n\n\n<p class=\"has-text-align-center\"><em>La premi\u00e8re \u00e9cole d\u00e9di\u00e9e \u00e0 l\u2019\u00e9nergie solaire a ouvert ses portes \u00e0 Marseille en novembre dernier. Fond\u00e9e par un consortium d\u2019entreprises, elle forme les 15-18 ans aux m\u00e9tiers du secteur des \u00e9nergies renouvelables tout en luttant contre le d\u00e9crochage scolaire.<\/em><\/p>\n\n\n\n<p><strong>Marseille<\/strong>, ville neutre en carbone \u00e0 l\u2019horizon 2030 ? C\u2019est l\u2019objectif que s\u2019est fix\u00e9 la cit\u00e9 phoc\u00e9enne. C\u2019est dans ce contexte qu\u2019est n\u00e9e la premi\u00e8re \u00e9cole de production des \u00e9nergies du Sud (NRSud). Elle accueille depuis novembre dernier sa toute premi\u00e8re promotion, d\u00e9florant au passage le secteur de la formation au solaire, un premi\u00e8re en France du moins dans un format \u00ab\u00a0\u00e9cole\u00a0\u00bb.<\/p>\n\n\n\n<p>L\u2019ann\u00e9e derni\u00e8re, dans le secteur mondial des \u00e9nergies renouvelables, le nombre d\u2019emplois a atteint 12,7 millions, soit 700.000 postes suppl\u00e9mentaires, malgr\u00e9 les effets persistants de la crise sanitaire [selon un rapport publi\u00e9 par l\u2019Agence internationale pour les \u00e9nergies renouvelables (IRENA) en collaboration avec l\u2019Organisation internationale du travail (OIT)].\u00a0L\u2019\u00e9nergie solaire est le secteur qui conna\u00eet la croissance la plus rapide. En 2021, il fournissait 4,3 millions d\u2019emplois, soit plus d\u2019un tiers de la main-d\u2019\u0153uvre mondiale actuelle dans les \u00e9nergies renouvelables.<\/p>\n\n\n\n<p>C\u2019est dans ce contexte et face aux pr\u00e9occupations croissantes li\u00e9es au changement climatique, que l\u2019entreprise Tenergie, d\u00e9veloppeur et producteur fran\u00e7ais ind\u00e9pendant d\u2019\u00e9nergies renouvelables situ\u00e9 non loin d Marseille, a travaill\u00e9 sur un projet d\u2019\u00e9cole de production de la fili\u00e8re solaire baptis\u00e9 \u00ab NR Sud, l\u2019\u00e9cole des \u00e9nergies propres \u00bb.<\/p>\n\n\n\n<p>Cinq autres entreprises [Boa Formation, Dual Sun, Engie, TotalEnergie et SysENRont] ont adh\u00e9r\u00e9 au projet pour lancer un programme sp\u00e9cifique \u00e0 destination des 15-18 ans, qui souhaitent apprendre un m\u00e9tier par la pratique plut\u00f4t que d\u2019emprunter les chemins traditionnels de l\u2019\u00e9cole. Enerplan et Groupement des M\u00e9tiers du Photovolta\u00efque de la F\u00e9d\u00e9ration Fran\u00e7aise du B\u00e2timent (GMPV-FFB) sont \u00e9galement de la partie.<\/p>\n\n\n\n<p>Cette \u00e9cole d\u2019un nouveau genre est soutenue tant par la R\u00e9gion de la M\u00e9tropole Aix-Marseille que par l\u2019Etat et s\u2019inscrit en outre dans un processus de lutte contre le d\u00e9crochage scolaire.<\/p>\n\n\n\n<p><strong>Des chantiers concrets pour acqu\u00e9rir les comp\u00e9tences<\/strong><\/p>\n\n\n\n<p>Gratuite ou presque, cette \u00e9cole priv\u00e9e forme ainsi aux m\u00e9tiers d\u2019\u00e9lectriciens solaires et techniciens polyvalents en \u00e9nergies renouvelables. Les \u00e9l\u00e8ves doivent s\u2019acquitter de frais de scolarit\u00e9 s\u2019\u00e9levant \u00e0 150 euros et s\u2019inscrivent pour une dur\u00e9e de 4 ann\u00e9es qui les m\u00e8nent vers le CAP \u00e9lectricien et un bac professionnel \u00ab maintenance et efficacit\u00e9 \u00e9nerg\u00e9tique \u00bb, ainsi que les certifications sp\u00e9cifiques au secteur. M\u00eame le code de la route pour passer le permis B fait partie du programme scolaire. La direction y voit un mod\u00e8le hybride entre le lyc\u00e9e professionnel et l\u2019alternance, en respectant bien s\u00fbr les r\u00e9f\u00e9rentiels de l\u2019\u00c9ducation nationale fran\u00e7aise. Tous les jours, les \u00e9l\u00e8ves ont 30% de cours th\u00e9oriques. Le reste du temps, ils sont en production sur les chantiers, encadr\u00e9s par leur ma\u00eetre professionnel.<\/p>\n\n\n\n<p>Les \u00e9l\u00e8ves-apprentis acqui\u00e8rent ainsi des comp\u00e9tences en intervenant directement sur les chantiers d\u2019une trentaine d\u2019entreprises partenaires. La p\u00e9dagogie de l\u2019\u00e9cole repose sur un apprentissage dans des conditions r\u00e9elles et&nbsp;en fonction des besoins r\u00e9els du march\u00e9. Tout est mis en \u0153uvre pour permettre aux \u00e9l\u00e8ves d\u2019acqu\u00e9rir des comp\u00e9tences transversales n\u00e9cessaires dans diff\u00e9rents secteurs.<\/p>\n\n\n\n<p><strong>D\u00e9j\u00e0 des promesses d\u2019embauche<\/strong><\/p>\n\n\n\n<p>100%\u00a0des futurs dipl\u00f4m\u00e9s de NRSud sont certains d\u2019\u00eatre embauch\u00e9s dans le secteur de l\u2019\u00e9nergie solaire \u00e0 l\u2019issue de leur formation, avec un bon niveau de r\u00e9mun\u00e9ration \u00e0 la clef. Et pour cause, NRSud a s\u00e9curis\u00e9 tous ses partenariats \u00e9conomiques avec les entreprises du secteur. L\u2019\u00e9cole a donc d\u2019ores et d\u00e9j\u00e0 re\u00e7u plus de promesses d\u2019embauche qu\u2019elle ne comptera d\u2019\u00e9l\u00e8ves. Des promesses qui \u00e9manent de ses nombreux partenaires. En France, d\u2019ici 2030, entre 34.000 et 66.000 postes devraient \u00eatre ouverts dans le domaine des \u00e9nergies renouvelables \u00e9lectriques, dont 7.000 \u00c9quivalents Temps Plein dans la fili\u00e8re solaire.<\/p>\n\n\n\n<p>Dans cette r\u00e9gion du Sud, la croissance \u00e9conomique du secteur solaire est exponentielle. En effet, les plan\u00e8tes semblent aujourd\u2019hui align\u00e9es entre les ambitions politiques de toutes les collectivit\u00e9s et les ambitions d\u2019installation des acteurs \u00e9conomiques. De quoi inspirer d\u2019autres pays europ\u00e9ens, dont le n\u00f4tre, pour que l\u00e0 aussi, les astres, dont le soleil, s\u2019alignent tant pour les entreprises en manque de main d\u2019\u0153uvre que pour les jeunes, qu\u2019ils soient en d\u00e9crochage scolaire ou non. Plus d&rsquo;infos sur <a href=\"https:\/\/nrsud.fr\/\" target=\"_blank\" rel=\"noreferrer noopener\">https:\/\/nrsud.fr\/<\/a><\/p>\n\n\n\n<p><\/p>\n","protected":false},"excerpt":{"rendered":"<p>La premi\u00e8re \u00e9cole d\u00e9di\u00e9e \u00e0 l\u2019\u00e9nergie solaire a ouvert ses portes \u00e0 Marseille en novembre dernier. Fond\u00e9e par un consortium d\u2019entreprises, elle forme les 15-18 ans aux m\u00e9tiers du secteur des \u00e9nergies renouvelables tout en luttant contre le d\u00e9crochage scolaire. Marseille, ville neutre en carbone \u00e0 l\u2019horizon 2030 ? C\u2019est l\u2019objectif que s\u2019est fix\u00e9 la cit\u00e9 phoc\u00e9enne. C\u2019est dans ce contexte qu\u2019est n\u00e9e la premi\u00e8re \u00e9cole de production des \u00e9nergies du Sud (NRSud). Elle accueille depuis novembre dernier sa toute premi\u00e8re promotion, d\u00e9florant au passage le secteur de la formation au solaire, un premi\u00e8re en France du moins dans un format \u00ab\u00a0\u00e9cole\u00a0\u00bb. L\u2019ann\u00e9e derni\u00e8re, dans le secteur mondial des \u00e9nergies renouvelables, le nombre d\u2019emplois a atteint 12,7 millions, soit 700.000 postes suppl\u00e9mentaires, malgr\u00e9 les effets persistants de la crise sanitaire [selon un rapport publi\u00e9 par l\u2019Agence internationale pour les \u00e9nergies renouvelables (IRENA) en collaboration avec l\u2019Organisation internationale du travail (OIT)].\u00a0L\u2019\u00e9nergie solaire est le secteur qui conna\u00eet la croissance la plus rapide. En 2021, il fournissait 4,3 millions d\u2019emplois, soit plus d\u2019un tiers de la main-d\u2019\u0153uvre mondiale actuelle dans les \u00e9nergies renouvelables. C\u2019est dans ce contexte et face aux pr\u00e9occupations croissantes li\u00e9es au changement climatique, que l\u2019entreprise Tenergie, d\u00e9veloppeur et producteur fran\u00e7ais ind\u00e9pendant d\u2019\u00e9nergies renouvelables situ\u00e9 non loin d Marseille, a travaill\u00e9 sur un projet d\u2019\u00e9cole de production de la fili\u00e8re solaire baptis\u00e9 \u00ab NR Sud, l\u2019\u00e9cole des \u00e9nergies propres \u00bb. Cinq autres entreprises [Boa Formation, Dual Sun, Engie, TotalEnergie et SysENRont] ont adh\u00e9r\u00e9 au projet pour lancer un programme sp\u00e9cifique \u00e0 destination des 15-18 ans, qui souhaitent apprendre un m\u00e9tier par la pratique plut\u00f4t que d\u2019emprunter les chemins traditionnels de l\u2019\u00e9cole. Enerplan et Groupement des M\u00e9tiers du Photovolta\u00efque de la F\u00e9d\u00e9ration Fran\u00e7aise du B\u00e2timent (GMPV-FFB) sont \u00e9galement de la partie. &hellip; <a href=\"https:\/\/www.renouvelle.be\/fr\/un-ecole-du-solaire-pour-lutter-contre-la-penurie-de-main-doeuvre-etle-decrochage-scolaire\/\" class=\"more-link\">Continue reading<span class=\"screen-reader-text\"> \u00ab\u00a0Un \u00e9cole \u00ab\u00a0du solaire\u00a0\u00bb pour lutter contre la p\u00e9nurie de main d\u2019oeuvre et\u2026le d\u00e9crochage scolaire.\u00a0\u00bb<\/span><\/a><\/p>\n","protected":false},"author":32,"featured_media":8735,"comment_status":"closed","ping_status":"closed","sticky":false,"template":"","format":"standard","meta":{"_acf_changed":false,"footnotes":""},"categories":[62,16,18],"tags":[],"section":[13],"class_list":["post-8734","post","type-post","status-publish","format-standard","has-post-thumbnail","hentry","category-formation","category-actualite","category-actualite-internationale","section-solaire"],"acf":[],"yoast_head":"<!-- This site is optimized with the Yoast SEO plugin v27.5 - https:\/\/yoast.com\/product\/yoast-seo-wordpress\/ -->\n<title>Une \u00e9cole du solaire pour lutter contre la p\u00e9nurie de main d&#039;oeuvre<\/title>\n<meta name=\"robots\" content=\"index, follow, max-snippet:-1, max-image-preview:large, max-video-preview:-1\" \/>\n<link rel=\"canonical\" href=\"https:\/\/www.renouvelle.be\/fr\/un-ecole-du-solaire-pour-lutter-contre-la-penurie-de-main-doeuvre-etle-decrochage-scolaire\/\" \/>\n<meta property=\"og:locale\" content=\"fr_FR\" \/>\n<meta property=\"og:type\" content=\"article\" \/>\n<meta property=\"og:title\" content=\"Une \u00e9cole du solaire pour lutter contre la p\u00e9nurie de main d&#039;oeuvre\" \/>\n<meta property=\"og:description\" content=\"La premi\u00e8re \u00e9cole d\u00e9di\u00e9e \u00e0 l\u2019\u00e9nergie solaire a ouvert ses portes \u00e0 Marseille en novembre dernier. Fond\u00e9e par un consortium d\u2019entreprises, elle forme les 15-18 ans aux m\u00e9tiers du secteur des \u00e9nergies renouvelables tout en luttant contre le d\u00e9crochage scolaire. Marseille, ville neutre en carbone \u00e0 l\u2019horizon 2030 ? C\u2019est l\u2019objectif que s\u2019est fix\u00e9 la cit\u00e9 phoc\u00e9enne. C\u2019est dans ce contexte qu\u2019est n\u00e9e la premi\u00e8re \u00e9cole de production des \u00e9nergies du Sud (NRSud). Elle accueille depuis novembre dernier sa toute premi\u00e8re promotion, d\u00e9florant au passage le secteur de la formation au solaire, un premi\u00e8re en France du moins dans un format \u00ab\u00a0\u00e9cole\u00a0\u00bb. L\u2019ann\u00e9e derni\u00e8re, dans le secteur mondial des \u00e9nergies renouvelables, le nombre d\u2019emplois a atteint 12,7 millions, soit 700.000 postes suppl\u00e9mentaires, malgr\u00e9 les effets persistants de la crise sanitaire [selon un rapport publi\u00e9 par l\u2019Agence internationale pour les \u00e9nergies renouvelables (IRENA) en collaboration avec l\u2019Organisation internationale du travail (OIT)].\u00a0L\u2019\u00e9nergie solaire est le secteur qui conna\u00eet la croissance la plus rapide. En 2021, il fournissait 4,3 millions d\u2019emplois, soit plus d\u2019un tiers de la main-d\u2019\u0153uvre mondiale actuelle dans les \u00e9nergies renouvelables. C\u2019est dans ce contexte et face aux pr\u00e9occupations croissantes li\u00e9es au changement climatique, que l\u2019entreprise Tenergie, d\u00e9veloppeur et producteur fran\u00e7ais ind\u00e9pendant d\u2019\u00e9nergies renouvelables situ\u00e9 non loin d Marseille, a travaill\u00e9 sur un projet d\u2019\u00e9cole de production de la fili\u00e8re solaire baptis\u00e9 \u00ab NR Sud, l\u2019\u00e9cole des \u00e9nergies propres \u00bb. Cinq autres entreprises [Boa Formation, Dual Sun, Engie, TotalEnergie et SysENRont] ont adh\u00e9r\u00e9 au projet pour lancer un programme sp\u00e9cifique \u00e0 destination des 15-18 ans, qui souhaitent apprendre un m\u00e9tier par la pratique plut\u00f4t que d\u2019emprunter les chemins traditionnels de l\u2019\u00e9cole. Enerplan et Groupement des M\u00e9tiers du Photovolta\u00efque de la F\u00e9d\u00e9ration Fran\u00e7aise du B\u00e2timent (GMPV-FFB) sont \u00e9galement de la partie. &hellip; Continue reading &quot;Un \u00e9cole \u00ab\u00a0du solaire\u00a0\u00bb pour lutter contre la p\u00e9nurie de main d\u2019oeuvre et\u2026le d\u00e9crochage scolaire.&quot;\" \/>\n<meta property=\"og:url\" content=\"https:\/\/www.renouvelle.be\/fr\/un-ecole-du-solaire-pour-lutter-contre-la-penurie-de-main-doeuvre-etle-decrochage-scolaire\/\" \/>\n<meta property=\"og:site_name\" content=\"Renouvelle\" \/>\n<meta property=\"article:published_time\" content=\"2023-01-10T10:13:37+00:00\" \/>\n<meta property=\"article:modified_time\" content=\"2023-01-17T10:33:55+00:00\" \/>\n<meta property=\"og:image\" content=\"https:\/\/www.renouvelle.be\/wp-content\/uploads\/2023\/01\/logo_nrsud_ecole.png\" \/>\n\t<meta property=\"og:image:width\" content=\"686\" \/>\n\t<meta property=\"og:image:height\" content=\"278\" \/>\n\t<meta property=\"og:image:type\" content=\"image\/png\" \/>\n<meta name=\"author\" content=\"Philippe Limbourg\" \/>\n<meta name=\"twitter:card\" content=\"summary_large_image\" \/>\n<script type=\"application\/ld+json\" class=\"yoast-schema-graph\">{\"@context\":\"https:\\\/\\\/schema.org\",\"@graph\":[{\"@type\":\"Article\",\"@id\":\"https:\\\/\\\/www.renouvelle.be\\\/fr\\\/un-ecole-du-solaire-pour-lutter-contre-la-penurie-de-main-doeuvre-etle-decrochage-scolaire\\\/#article\",\"isPartOf\":{\"@id\":\"https:\\\/\\\/www.renouvelle.be\\\/fr\\\/un-ecole-du-solaire-pour-lutter-contre-la-penurie-de-main-doeuvre-etle-decrochage-scolaire\\\/\"},\"author\":{\"name\":\"Philippe Limbourg\",\"@id\":\"https:\\\/\\\/www.renouvelle.be\\\/fr\\\/#\\\/schema\\\/person\\\/980400dfd457d76423b6766ad2146490\"},\"headline\":\"Un \u00e9cole \u00ab\u00a0du solaire\u00a0\u00bb pour lutter contre la p\u00e9nurie de main d\u2019oeuvre et\u2026le d\u00e9crochage scolaire.\",\"datePublished\":\"2023-01-10T10:13:37+00:00\",\"dateModified\":\"2023-01-17T10:33:55+00:00\",\"mainEntityOfPage\":{\"@id\":\"https:\\\/\\\/www.renouvelle.be\\\/fr\\\/un-ecole-du-solaire-pour-lutter-contre-la-penurie-de-main-doeuvre-etle-decrochage-scolaire\\\/\"},\"wordCount\":822,\"image\":{\"@id\":\"https:\\\/\\\/www.renouvelle.be\\\/fr\\\/un-ecole-du-solaire-pour-lutter-contre-la-penurie-de-main-doeuvre-etle-decrochage-scolaire\\\/#primaryimage\"},\"thumbnailUrl\":\"https:\\\/\\\/www.renouvelle.be\\\/wp-content\\\/uploads\\\/2023\\\/01\\\/logo_nrsud_ecole.png\",\"articleSection\":[\"Formation\",\"Actualit\u00e9\",\"Actualit\u00e9 internationale\"],\"inLanguage\":\"fr-FR\"},{\"@type\":\"WebPage\",\"@id\":\"https:\\\/\\\/www.renouvelle.be\\\/fr\\\/un-ecole-du-solaire-pour-lutter-contre-la-penurie-de-main-doeuvre-etle-decrochage-scolaire\\\/\",\"url\":\"https:\\\/\\\/www.renouvelle.be\\\/fr\\\/un-ecole-du-solaire-pour-lutter-contre-la-penurie-de-main-doeuvre-etle-decrochage-scolaire\\\/\",\"name\":\"Une \u00e9cole du solaire pour lutter contre la p\u00e9nurie de main d'oeuvre\",\"isPartOf\":{\"@id\":\"https:\\\/\\\/www.renouvelle.be\\\/fr\\\/#website\"},\"primaryImageOfPage\":{\"@id\":\"https:\\\/\\\/www.renouvelle.be\\\/fr\\\/un-ecole-du-solaire-pour-lutter-contre-la-penurie-de-main-doeuvre-etle-decrochage-scolaire\\\/#primaryimage\"},\"image\":{\"@id\":\"https:\\\/\\\/www.renouvelle.be\\\/fr\\\/un-ecole-du-solaire-pour-lutter-contre-la-penurie-de-main-doeuvre-etle-decrochage-scolaire\\\/#primaryimage\"},\"thumbnailUrl\":\"https:\\\/\\\/www.renouvelle.be\\\/wp-content\\\/uploads\\\/2023\\\/01\\\/logo_nrsud_ecole.png\",\"datePublished\":\"2023-01-10T10:13:37+00:00\",\"dateModified\":\"2023-01-17T10:33:55+00:00\",\"author\":{\"@id\":\"https:\\\/\\\/www.renouvelle.be\\\/fr\\\/#\\\/schema\\\/person\\\/980400dfd457d76423b6766ad2146490\"},\"breadcrumb\":{\"@id\":\"https:\\\/\\\/www.renouvelle.be\\\/fr\\\/un-ecole-du-solaire-pour-lutter-contre-la-penurie-de-main-doeuvre-etle-decrochage-scolaire\\\/#breadcrumb\"},\"inLanguage\":\"fr-FR\",\"potentialAction\":[{\"@type\":\"ReadAction\",\"target\":[\"https:\\\/\\\/www.renouvelle.be\\\/fr\\\/un-ecole-du-solaire-pour-lutter-contre-la-penurie-de-main-doeuvre-etle-decrochage-scolaire\\\/\"]}]},{\"@type\":\"ImageObject\",\"inLanguage\":\"fr-FR\",\"@id\":\"https:\\\/\\\/www.renouvelle.be\\\/fr\\\/un-ecole-du-solaire-pour-lutter-contre-la-penurie-de-main-doeuvre-etle-decrochage-scolaire\\\/#primaryimage\",\"url\":\"https:\\\/\\\/www.renouvelle.be\\\/wp-content\\\/uploads\\\/2023\\\/01\\\/logo_nrsud_ecole.png\",\"contentUrl\":\"https:\\\/\\\/www.renouvelle.be\\\/wp-content\\\/uploads\\\/2023\\\/01\\\/logo_nrsud_ecole.png\",\"width\":686,\"height\":278,\"caption\":\"\u00a9NRSud\"},{\"@type\":\"BreadcrumbList\",\"@id\":\"https:\\\/\\\/www.renouvelle.be\\\/fr\\\/un-ecole-du-solaire-pour-lutter-contre-la-penurie-de-main-doeuvre-etle-decrochage-scolaire\\\/#breadcrumb\",\"itemListElement\":[{\"@type\":\"ListItem\",\"position\":1,\"name\":\"Accueil\",\"item\":\"https:\\\/\\\/www.renouvelle.be\\\/fr\\\/\"},{\"@type\":\"ListItem\",\"position\":2,\"name\":\"Un \u00e9cole \u00ab\u00a0du solaire\u00a0\u00bb pour lutter contre la p\u00e9nurie de main d\u2019oeuvre et\u2026le d\u00e9crochage scolaire.\"}]},{\"@type\":\"WebSite\",\"@id\":\"https:\\\/\\\/www.renouvelle.be\\\/fr\\\/#website\",\"url\":\"https:\\\/\\\/www.renouvelle.be\\\/fr\\\/\",\"name\":\"Renouvelle\",\"description\":\"L&#039;actualit\u00e9 de l&#039;\u00e9nergie durable\",\"potentialAction\":[{\"@type\":\"SearchAction\",\"target\":{\"@type\":\"EntryPoint\",\"urlTemplate\":\"https:\\\/\\\/www.renouvelle.be\\\/fr\\\/?s={search_term_string}\"},\"query-input\":{\"@type\":\"PropertyValueSpecification\",\"valueRequired\":true,\"valueName\":\"search_term_string\"}}],\"inLanguage\":\"fr-FR\"},{\"@type\":\"Person\",\"@id\":\"https:\\\/\\\/www.renouvelle.be\\\/fr\\\/#\\\/schema\\\/person\\\/980400dfd457d76423b6766ad2146490\",\"name\":\"Philippe Limbourg\",\"url\":\"https:\\\/\\\/www.renouvelle.be\\\/fr\\\/author\\\/philippe-limbourg\\\/\"}]}<\/script>\n<!-- \/ Yoast SEO plugin. -->","yoast_head_json":{"title":"Une \u00e9cole du solaire pour lutter contre la p\u00e9nurie de main d'oeuvre","robots":{"index":"index","follow":"follow","max-snippet":"max-snippet:-1","max-image-preview":"max-image-preview:large","max-video-preview":"max-video-preview:-1"},"canonical":"https:\/\/www.renouvelle.be\/fr\/un-ecole-du-solaire-pour-lutter-contre-la-penurie-de-main-doeuvre-etle-decrochage-scolaire\/","og_locale":"fr_FR","og_type":"article","og_title":"Une \u00e9cole du solaire pour lutter contre la p\u00e9nurie de main d'oeuvre","og_description":"La premi\u00e8re \u00e9cole d\u00e9di\u00e9e \u00e0 l\u2019\u00e9nergie solaire a ouvert ses portes \u00e0 Marseille en novembre dernier. Fond\u00e9e par un consortium d\u2019entreprises, elle forme les 15-18 ans aux m\u00e9tiers du secteur des \u00e9nergies renouvelables tout en luttant contre le d\u00e9crochage scolaire. Marseille, ville neutre en carbone \u00e0 l\u2019horizon 2030 ? C\u2019est l\u2019objectif que s\u2019est fix\u00e9 la cit\u00e9 phoc\u00e9enne. C\u2019est dans ce contexte qu\u2019est n\u00e9e la premi\u00e8re \u00e9cole de production des \u00e9nergies du Sud (NRSud). Elle accueille depuis novembre dernier sa toute premi\u00e8re promotion, d\u00e9florant au passage le secteur de la formation au solaire, un premi\u00e8re en France du moins dans un format \u00ab\u00a0\u00e9cole\u00a0\u00bb. L\u2019ann\u00e9e derni\u00e8re, dans le secteur mondial des \u00e9nergies renouvelables, le nombre d\u2019emplois a atteint 12,7 millions, soit 700.000 postes suppl\u00e9mentaires, malgr\u00e9 les effets persistants de la crise sanitaire [selon un rapport publi\u00e9 par l\u2019Agence internationale pour les \u00e9nergies renouvelables (IRENA) en collaboration avec l\u2019Organisation internationale du travail (OIT)].\u00a0L\u2019\u00e9nergie solaire est le secteur qui conna\u00eet la croissance la plus rapide. En 2021, il fournissait 4,3 millions d\u2019emplois, soit plus d\u2019un tiers de la main-d\u2019\u0153uvre mondiale actuelle dans les \u00e9nergies renouvelables. C\u2019est dans ce contexte et face aux pr\u00e9occupations croissantes li\u00e9es au changement climatique, que l\u2019entreprise Tenergie, d\u00e9veloppeur et producteur fran\u00e7ais ind\u00e9pendant d\u2019\u00e9nergies renouvelables situ\u00e9 non loin d Marseille, a travaill\u00e9 sur un projet d\u2019\u00e9cole de production de la fili\u00e8re solaire baptis\u00e9 \u00ab NR Sud, l\u2019\u00e9cole des \u00e9nergies propres \u00bb. Cinq autres entreprises [Boa Formation, Dual Sun, Engie, TotalEnergie et SysENRont] ont adh\u00e9r\u00e9 au projet pour lancer un programme sp\u00e9cifique \u00e0 destination des 15-18 ans, qui souhaitent apprendre un m\u00e9tier par la pratique plut\u00f4t que d\u2019emprunter les chemins traditionnels de l\u2019\u00e9cole. Enerplan et Groupement des M\u00e9tiers du Photovolta\u00efque de la F\u00e9d\u00e9ration Fran\u00e7aise du B\u00e2timent (GMPV-FFB) sont \u00e9galement de la partie. &hellip; Continue reading \"Un \u00e9cole \u00ab\u00a0du solaire\u00a0\u00bb pour lutter contre la p\u00e9nurie de main d\u2019oeuvre et\u2026le d\u00e9crochage scolaire.\"","og_url":"https:\/\/www.renouvelle.be\/fr\/un-ecole-du-solaire-pour-lutter-contre-la-penurie-de-main-doeuvre-etle-decrochage-scolaire\/","og_site_name":"Renouvelle","article_published_time":"2023-01-10T10:13:37+00:00","article_modified_time":"2023-01-17T10:33:55+00:00","og_image":[{"width":686,"height":278,"url":"https:\/\/www.renouvelle.be\/wp-content\/uploads\/2023\/01\/logo_nrsud_ecole.png","type":"image\/png"}],"author":"Philippe Limbourg","twitter_card":"summary_large_image","schema":{"@context":"https:\/\/schema.org","@graph":[{"@type":"Article","@id":"https:\/\/www.renouvelle.be\/fr\/un-ecole-du-solaire-pour-lutter-contre-la-penurie-de-main-doeuvre-etle-decrochage-scolaire\/#article","isPartOf":{"@id":"https:\/\/www.renouvelle.be\/fr\/un-ecole-du-solaire-pour-lutter-contre-la-penurie-de-main-doeuvre-etle-decrochage-scolaire\/"},"author":{"name":"Philippe Limbourg","@id":"https:\/\/www.renouvelle.be\/fr\/#\/schema\/person\/980400dfd457d76423b6766ad2146490"},"headline":"Un \u00e9cole \u00ab\u00a0du solaire\u00a0\u00bb pour lutter contre la p\u00e9nurie de main d\u2019oeuvre et\u2026le d\u00e9crochage scolaire.","datePublished":"2023-01-10T10:13:37+00:00","dateModified":"2023-01-17T10:33:55+00:00","mainEntityOfPage":{"@id":"https:\/\/www.renouvelle.be\/fr\/un-ecole-du-solaire-pour-lutter-contre-la-penurie-de-main-doeuvre-etle-decrochage-scolaire\/"},"wordCount":822,"image":{"@id":"https:\/\/www.renouvelle.be\/fr\/un-ecole-du-solaire-pour-lutter-contre-la-penurie-de-main-doeuvre-etle-decrochage-scolaire\/#primaryimage"},"thumbnailUrl":"https:\/\/www.renouvelle.be\/wp-content\/uploads\/2023\/01\/logo_nrsud_ecole.png","articleSection":["Formation","Actualit\u00e9","Actualit\u00e9 internationale"],"inLanguage":"fr-FR"},{"@type":"WebPage","@id":"https:\/\/www.renouvelle.be\/fr\/un-ecole-du-solaire-pour-lutter-contre-la-penurie-de-main-doeuvre-etle-decrochage-scolaire\/","url":"https:\/\/www.renouvelle.be\/fr\/un-ecole-du-solaire-pour-lutter-contre-la-penurie-de-main-doeuvre-etle-decrochage-scolaire\/","name":"Une \u00e9cole du solaire pour lutter contre la p\u00e9nurie de main d'oeuvre","isPartOf":{"@id":"https:\/\/www.renouvelle.be\/fr\/#website"},"primaryImageOfPage":{"@id":"https:\/\/www.renouvelle.be\/fr\/un-ecole-du-solaire-pour-lutter-contre-la-penurie-de-main-doeuvre-etle-decrochage-scolaire\/#primaryimage"},"image":{"@id":"https:\/\/www.renouvelle.be\/fr\/un-ecole-du-solaire-pour-lutter-contre-la-penurie-de-main-doeuvre-etle-decrochage-scolaire\/#primaryimage"},"thumbnailUrl":"https:\/\/www.renouvelle.be\/wp-content\/uploads\/2023\/01\/logo_nrsud_ecole.png","datePublished":"2023-01-10T10:13:37+00:00","dateModified":"2023-01-17T10:33:55+00:00","author":{"@id":"https:\/\/www.renouvelle.be\/fr\/#\/schema\/person\/980400dfd457d76423b6766ad2146490"},"breadcrumb":{"@id":"https:\/\/www.renouvelle.be\/fr\/un-ecole-du-solaire-pour-lutter-contre-la-penurie-de-main-doeuvre-etle-decrochage-scolaire\/#breadcrumb"},"inLanguage":"fr-FR","potentialAction":[{"@type":"ReadAction","target":["https:\/\/www.renouvelle.be\/fr\/un-ecole-du-solaire-pour-lutter-contre-la-penurie-de-main-doeuvre-etle-decrochage-scolaire\/"]}]},{"@type":"ImageObject","inLanguage":"fr-FR","@id":"https:\/\/www.renouvelle.be\/fr\/un-ecole-du-solaire-pour-lutter-contre-la-penurie-de-main-doeuvre-etle-decrochage-scolaire\/#primaryimage","url":"https:\/\/www.renouvelle.be\/wp-content\/uploads\/2023\/01\/logo_nrsud_ecole.png","contentUrl":"https:\/\/www.renouvelle.be\/wp-content\/uploads\/2023\/01\/logo_nrsud_ecole.png","width":686,"height":278,"caption":"\u00a9NRSud"},{"@type":"BreadcrumbList","@id":"https:\/\/www.renouvelle.be\/fr\/un-ecole-du-solaire-pour-lutter-contre-la-penurie-de-main-doeuvre-etle-decrochage-scolaire\/#breadcrumb","itemListElement":[{"@type":"ListItem","position":1,"name":"Accueil","item":"https:\/\/www.renouvelle.be\/fr\/"},{"@type":"ListItem","position":2,"name":"Un \u00e9cole \u00ab\u00a0du solaire\u00a0\u00bb pour lutter contre la p\u00e9nurie de main d\u2019oeuvre et\u2026le d\u00e9crochage scolaire."}]},{"@type":"WebSite","@id":"https:\/\/www.renouvelle.be\/fr\/#website","url":"https:\/\/www.renouvelle.be\/fr\/","name":"Renouvelle","description":"L&#039;actualit\u00e9 de l&#039;\u00e9nergie durable","potentialAction":[{"@type":"SearchAction","target":{"@type":"EntryPoint","urlTemplate":"https:\/\/www.renouvelle.be\/fr\/?s={search_term_string}"},"query-input":{"@type":"PropertyValueSpecification","valueRequired":true,"valueName":"search_term_string"}}],"inLanguage":"fr-FR"},{"@type":"Person","@id":"https:\/\/www.renouvelle.be\/fr\/#\/schema\/person\/980400dfd457d76423b6766ad2146490","name":"Philippe Limbourg","url":"https:\/\/www.renouvelle.be\/fr\/author\/philippe-limbourg\/"}]}},"_links":{"self":[{"href":"https:\/\/www.renouvelle.be\/fr\/wp-json\/wp\/v2\/posts\/8734","targetHints":{"allow":["GET"]}}],"collection":[{"href":"https:\/\/www.renouvelle.be\/fr\/wp-json\/wp\/v2\/posts"}],"about":[{"href":"https:\/\/www.renouvelle.be\/fr\/wp-json\/wp\/v2\/types\/post"}],"author":[{"embeddable":true,"href":"https:\/\/www.renouvelle.be\/fr\/wp-json\/wp\/v2\/users\/32"}],"replies":[{"embeddable":true,"href":"https:\/\/www.renouvelle.be\/fr\/wp-json\/wp\/v2\/comments?post=8734"}],"version-history":[{"count":8,"href":"https:\/\/www.renouvelle.be\/fr\/wp-json\/wp\/v2\/posts\/8734\/revisions"}],"predecessor-version":[{"id":8745,"href":"https:\/\/www.renouvelle.be\/fr\/wp-json\/wp\/v2\/posts\/8734\/revisions\/8745"}],"wp:featuredmedia":[{"embeddable":true,"href":"https:\/\/www.renouvelle.be\/fr\/wp-json\/wp\/v2\/media\/8735"}],"wp:attachment":[{"href":"https:\/\/www.renouvelle.be\/fr\/wp-json\/wp\/v2\/media?parent=8734"}],"wp:term":[{"taxonomy":"category","embeddable":true,"href":"https:\/\/www.renouvelle.be\/fr\/wp-json\/wp\/v2\/categories?post=8734"},{"taxonomy":"post_tag","embeddable":true,"href":"https:\/\/www.renouvelle.be\/fr\/wp-json\/wp\/v2\/tags?post=8734"},{"taxonomy":"section","embeddable":true,"href":"https:\/\/www.renouvelle.be\/fr\/wp-json\/wp\/v2\/section?post=8734"}],"curies":[{"name":"wp","href":"https:\/\/api.w.org\/{rel}","templated":true}]}}