{"id":8544,"date":"2022-11-04T08:37:00","date_gmt":"2022-11-04T07:37:00","guid":{"rendered":"https:\/\/www.renouvelle.be\/?p=8544"},"modified":"2023-03-02T23:00:35","modified_gmt":"2023-03-02T22:00:35","slug":"la-pax-eolienica-ii-une-reponse-a-repowereu","status":"publish","type":"post","link":"https:\/\/www.renouvelle.be\/fr\/la-pax-eolienica-ii-une-reponse-a-repowereu\/","title":{"rendered":"La Pax eolienica II, une r\u00e9ponse \u00e0 REPowerEU ?"},"content":{"rendered":"\n<p>Toutefois, les modalit\u00e9s pratiques doivent encore \u00eatre n\u00e9goci\u00e9es au niveau d\u2019une Task Force r\u00e9gionale et int\u00e9gr\u00e9es dans une r\u00e9vision du Cadre de R\u00e9f\u00e9rence \u00e9olien. Le Ministre de l\u2019Energie charge cette Task force de travailler \u00e0 la transposition de la proposition de directive europ\u00e9enne qui \u00e9mane de REPowerEU. Une premi\u00e8re lecture du Cadre de R\u00e9f\u00e9rence est attendue en janvier prochain pour une adoption d\u00e9finitive annonc\u00e9e en juillet en deuxi\u00e8me lecture.<\/p>\n\n\n\n<p>La r\u00e9vision du Code de D\u00e9veloppement Territoral (CoDT) \u00e9tant en cours et la r\u00e9forme du permis d\u2019environnement \u00e9tant prochainement lanc\u00e9e, en concertation avec les Ministres de l\u2019Environnement et de l\u2019Am\u00e9nagement du Territoire, le Ministre de l\u2019Energie est charg\u00e9 de faire une proposition de transposition de la directive REPowerEU qui, si le timing le permet, pourra \u00eatre int\u00e9gr\u00e9e dans les textes en r\u00e9vision, en compl\u00e9ment de la r\u00e9vision de Cadre de R\u00e9f\u00e9rence.<\/p>\n\n\n\n<p>Voici quelques \u00e9l\u00e9ments saillants de la d\u00e9cision relative \u00e0 cette Pax eolienica&nbsp;:<\/p>\n\n\n\n<ul class=\"wp-block-list\">\n<li>La mise \u00e0 jour du cadre de r\u00e9f\u00e9rence pr\u00e9cisera que le d\u00e9veloppement des \u00e9nergies renouvelables constitue un int\u00e9r\u00eat public sup\u00e9rieur et l\u2019ind\u00e9pendance \u00e9nerg\u00e9tique un objectif d\u2019int\u00e9r\u00eat g\u00e9n\u00e9ral<\/li>\n\n\n\n<li>La r\u00e9vision \u00e0 la hausse des objectifs de production \u00e9oliens pour 2030, avec une augmentation de l\u2019objectif des 4600 GWh\/an actuels \u00e0 de l\u2019ordre de&nbsp;6200 GWh\/an (chiffres \u00e0 affiner dans le cadre de l\u2019\u00e9laboration des objectifs du Plan Air Climat Energie). Un objectif qui se mat\u00e9rialise par le d\u00e9veloppement de pr\u00e8s de 300 \u00e9oliennes suppl\u00e9mentaires.<\/li>\n\n\n\n<li>L\u2019ambition d\u2019acc\u00e9l\u00e9rer l\u2019octroi de permis en am\u00e9liorant l\u2019efficience de l\u2019ensemble des proc\u00e9dures et en r\u00e9duisant la dur\u00e9e de celles menant \u00e0 l\u2019octroi d\u00e9finitif des permis (notamment acc\u00e9l\u00e9rer la r\u00e9solution des recours). (<a href=\"https:\/\/www.renouvelle.be\/fr\/repowereu-un-souffle-nouveau-pour-des-octrois-de-permis-plus-rapides\/\">voir notre article<\/a>).<\/li>\n\n\n\n<li>L\u2019augmentation des participations citoyenne et communale dans l\u2019exploitation des parcs \u00e9oliens.<\/li>\n\n\n\n<li>L\u2019\u00e9tude d\u2019une approche moins contraignante pour le Repowering des parcs existants.<\/li>\n\n\n\n<li>La prolongation de la dur\u00e9e de la partie \u00ab&nbsp;urbanisme&nbsp;\u00bb des permis uniques de 20 \u00e0 30 ans, pour s\u2019aligner avec la partie \u00ab&nbsp;environnement&nbsp;\u00bb.<\/li>\n\n\n\n<li>La dispense de permis d\u2019urbanisme pour les m\u00e2ts de mesure.<\/li>\n\n\n\n<li>Le lancement d\u2019une r\u00e9flexion sur le raccordement de nouvelles productions \u00e9oliennes (proc\u00e9dures, d\u00e9lais, co\u00fbts de raccordement).<\/li>\n<\/ul>\n\n\n\n<p><strong>Vers une planification&nbsp;\u00e9olienne ?<\/strong><\/p>\n\n\n\n<p>Une partie du travail de la Task force et des cabinets minist\u00e9riels va r\u00e9sider dans l\u2019identification de zones n\u00e9cessaires et propices \u00e0 l\u2019\u00e9olien au sens de REPowerEU. Il est \u00e9galement pr\u00e9vu d\u2019analyser les voies juridiques possibles permettant d\u2019exproprier le cas \u00e9ch\u00e9ant afin d\u2019optimiser les zones favorables \u00e0 l\u2019implantation d\u2019\u00e9oliennes au nom de l\u2019int\u00e9r\u00eat g\u00e9n\u00e9ral d\u2019ind\u00e9pendance \u00e9nerg\u00e9tique.<\/p>\n\n\n\n<p>Pour le secteur de l\u2019\u00e9olien, la planification \u00e9voqu\u00e9e par REPowerEU rappelle <a href=\"https:\/\/www.canopea.be\/eoliennes-en-wallonie-une-enquete-publique-pas-un-referendum\/\">la saga de la \u00ab&nbsp;carte positive de r\u00e9f\u00e9rence&nbsp;\u00bb de l\u2019automne 2013<\/a>.<\/p>\n\n\n\n<p>A cette \u00e9poque, en fin de l\u00e9gislature, le Gouvernement wallon avait planch\u00e9 sur une strat\u00e9gie de d\u00e9veloppement \u00e9olien pour la r\u00e9gion. Cette strat\u00e9gie devait comporter trois outils&nbsp;: un cadre de r\u00e9f\u00e9rence actualis\u00e9, une cartographie positive des zones favorables \u00e0 l\u2019\u00e9olien et un d\u00e9cret.<\/p>\n\n\n\n<p>Si le cadre de r\u00e9f\u00e9rence a \u00e9t\u00e9 actualis\u00e9, la cartographie a \u00e9t\u00e9 abandonn\u00e9e suite \u00e0 une enqu\u00eate publique houleuse et la phase d\u00e9cr\u00e9tale du plan est rest\u00e9e \u00e0 l\u2019\u00e9tat de projet.<\/p>\n\n\n\n<p>Pr\u00e8s de 10 ans plus tard, si beaucoup de projets sont sortis de terre, c\u2019est un fait que de nombreux acteurs publics ou associatifs r\u00e9clament plus de coordination et de planification en mati\u00e8re d\u2019\u00e9olien. <a href=\"https:\/\/www.renouvelle.be\/fr\/leolien-wallon-veut-rattraper-son-retard\/\">Et que les dynamiques de terrain montrent qu\u2019une planification serait souhaitable, alors que des projets parfois mutuellement exclusifs se dessinent sur certains territoires.<\/a><\/p>\n\n\n\n<p><strong>Une r\u00e9flexion globale n\u00e9cessaire<\/strong><\/p>\n\n\n\n<p><a href=\"https:\/\/www.cesewallonie.be\/avis\/avis-dinitiative-developpement-eolien-en-wallonie\">L\u2019avis d\u2019initiative sur le d\u00e9veloppement \u00e9olien en Wallonie<\/a>, r\u00e9dig\u00e9 en 2018 conjointement par les P\u00f4les \u00ab&nbsp;Am\u00e9nagement du Territoire&nbsp;\u00bb et \u00ab&nbsp;Environnement&nbsp;\u00bb du CESE (Conseil \u00e9conomique, social et Environnemental de Wallonie) est ainsi mentionn\u00e9 chaque fois que cette instance est amen\u00e9e \u00e0 rendre un avis sur des dossiers \u00e9oliens. Les P\u00f4les souhaitent \u00ab&nbsp;qu\u2019une r\u00e9flexion globale sur un d\u00e9veloppement \u00e9olien raisonn\u00e9 soit \u00e9labor\u00e9e par le Gouvernement. Ceci en vue de d\u00e9finir la conduite \u00e0 adopter lorsque des synergies entre projets sur une m\u00eame zone sont n\u00e9cessaires. Et afin de remettre des avis coh\u00e9rents sur le long terme au niveau r\u00e9gional. En vue de mettre en \u0153uvre un d\u00e9veloppement \u00e9olien raisonn\u00e9, les P\u00f4les estiment indispensable la mise en place de trois outils et r\u00e9flexions&nbsp;: la r\u00e9alisation d\u2019un document-cadre synth\u00e9tique&nbsp;au statut juridique clair, l\u2019adoption d\u2019un outil de planification spatiale et l\u2019\u00e9laboration d\u2019une strat\u00e9gie de suivi des impacts environnementaux.&nbsp;\u00bb<\/p>\n\n\n\n<p>La concr\u00e9tisation de cette planification \u00e0 l\u2019\u00e9chelon r\u00e9gional rel\u00e8ve de plans et programmes et n\u00e9cessiterait, conform\u00e9ment aux r\u00e9glementations europ\u00e9ennes en vigueur \u00e0 ce sujet, de faire l\u2019objet d\u2019une \u00e9valuation environnementale pr\u00e9alable et d\u2019une enqu\u00eate publique.<\/p>\n\n\n\n<p>Une n\u00e9cessit\u00e9 urgente au vu de la situation actuelle et des objectifs communs \u00e0 atteindre.<\/p>\n","protected":false},"excerpt":{"rendered":"<p>Toutefois, les modalit\u00e9s pratiques doivent encore \u00eatre n\u00e9goci\u00e9es au niveau d\u2019une Task Force r\u00e9gionale et int\u00e9gr\u00e9es dans une r\u00e9vision du Cadre de R\u00e9f\u00e9rence \u00e9olien. Le Ministre de l\u2019Energie charge cette Task force de travailler \u00e0 la transposition de la proposition de directive europ\u00e9enne qui \u00e9mane de REPowerEU. Une premi\u00e8re lecture du Cadre de R\u00e9f\u00e9rence est attendue en janvier prochain pour une adoption d\u00e9finitive annonc\u00e9e en juillet en deuxi\u00e8me lecture. La r\u00e9vision du Code de D\u00e9veloppement Territoral (CoDT) \u00e9tant en cours et la r\u00e9forme du permis d\u2019environnement \u00e9tant prochainement lanc\u00e9e, en concertation avec les Ministres de l\u2019Environnement et de l\u2019Am\u00e9nagement du Territoire, le Ministre de l\u2019Energie est charg\u00e9 de faire une proposition de transposition de la directive REPowerEU qui, si le timing le permet, pourra \u00eatre int\u00e9gr\u00e9e dans les textes en r\u00e9vision, en compl\u00e9ment de la r\u00e9vision de Cadre de R\u00e9f\u00e9rence. Voici quelques \u00e9l\u00e9ments saillants de la d\u00e9cision relative \u00e0 cette Pax eolienica&nbsp;: Vers une planification&nbsp;\u00e9olienne ? Une partie du travail de la Task force et des cabinets minist\u00e9riels va r\u00e9sider dans l\u2019identification de zones n\u00e9cessaires et propices \u00e0 l\u2019\u00e9olien au sens de REPowerEU. Il est \u00e9galement pr\u00e9vu d\u2019analyser les voies juridiques possibles permettant d\u2019exproprier le cas \u00e9ch\u00e9ant afin d\u2019optimiser les zones favorables \u00e0 l\u2019implantation d\u2019\u00e9oliennes au nom de l\u2019int\u00e9r\u00eat g\u00e9n\u00e9ral d\u2019ind\u00e9pendance \u00e9nerg\u00e9tique. Pour le secteur de l\u2019\u00e9olien, la planification \u00e9voqu\u00e9e par REPowerEU rappelle la saga de la \u00ab&nbsp;carte positive de r\u00e9f\u00e9rence&nbsp;\u00bb de l\u2019automne 2013. A cette \u00e9poque, en fin de l\u00e9gislature, le Gouvernement wallon avait planch\u00e9 sur une strat\u00e9gie de d\u00e9veloppement \u00e9olien pour la r\u00e9gion. Cette strat\u00e9gie devait comporter trois outils&nbsp;: un cadre de r\u00e9f\u00e9rence actualis\u00e9, une cartographie positive des zones favorables \u00e0 l\u2019\u00e9olien et un d\u00e9cret. Si le cadre de r\u00e9f\u00e9rence a \u00e9t\u00e9 actualis\u00e9, la cartographie a \u00e9t\u00e9 abandonn\u00e9e &hellip; <a href=\"https:\/\/www.renouvelle.be\/fr\/la-pax-eolienica-ii-une-reponse-a-repowereu\/\" class=\"more-link\">Continue reading<span class=\"screen-reader-text\"> \u00ab\u00a0La Pax eolienica II, une r\u00e9ponse \u00e0 REPowerEU ?\u00a0\u00bb<\/span><\/a><\/p>\n","protected":false},"author":32,"featured_media":8545,"comment_status":"closed","ping_status":"closed","sticky":false,"template":"","format":"standard","meta":{"_acf_changed":false,"footnotes":""},"categories":[16,17],"tags":[],"section":[8,6],"class_list":["post-8544","post","type-post","status-publish","format-standard","has-post-thumbnail","hentry","category-actualite","category-actualite-en-belgique","section-energie-renouvelables","section-eolien"],"acf":[],"yoast_head":"<!-- This site is optimized with the Yoast SEO plugin v27.5 - https:\/\/yoast.com\/product\/yoast-seo-wordpress\/ -->\n<title>La Pax eolienica II, une r\u00e9ponse \u00e0 REPowerEU ? - Renouvelle<\/title>\n<meta name=\"description\" content=\"La Pax eolienica II, un vent nouveau pour l&#039;\u00e9olien wallon ?\" \/>\n<meta name=\"robots\" content=\"index, follow, max-snippet:-1, max-image-preview:large, max-video-preview:-1\" \/>\n<link rel=\"canonical\" href=\"https:\/\/www.renouvelle.be\/fr\/la-pax-eolienica-ii-une-reponse-a-repowereu\/\" \/>\n<meta property=\"og:locale\" content=\"fr_FR\" \/>\n<meta property=\"og:type\" content=\"article\" \/>\n<meta property=\"og:title\" content=\"La Pax eolienica II, une r\u00e9ponse \u00e0 REPowerEU ? - Renouvelle\" \/>\n<meta property=\"og:description\" content=\"La Pax eolienica II, un vent nouveau pour l&#039;\u00e9olien wallon ?\" \/>\n<meta property=\"og:url\" content=\"https:\/\/www.renouvelle.be\/fr\/la-pax-eolienica-ii-une-reponse-a-repowereu\/\" \/>\n<meta property=\"og:site_name\" content=\"Renouvelle\" \/>\n<meta property=\"article:published_time\" content=\"2022-11-04T07:37:00+00:00\" \/>\n<meta property=\"article:modified_time\" content=\"2023-03-02T22:00:35+00:00\" \/>\n<meta property=\"og:image\" content=\"https:\/\/www.renouvelle.be\/wp-content\/uploads\/2022\/11\/sunrise-gaf624f018_1280.jpg\" \/>\n\t<meta property=\"og:image:width\" content=\"1280\" \/>\n\t<meta property=\"og:image:height\" content=\"853\" \/>\n\t<meta property=\"og:image:type\" content=\"image\/jpeg\" \/>\n<meta name=\"author\" content=\"Philippe Limbourg\" \/>\n<meta name=\"twitter:card\" content=\"summary_large_image\" \/>\n<script type=\"application\/ld+json\" class=\"yoast-schema-graph\">{\"@context\":\"https:\\\/\\\/schema.org\",\"@graph\":[{\"@type\":\"Article\",\"@id\":\"https:\\\/\\\/www.renouvelle.be\\\/fr\\\/la-pax-eolienica-ii-une-reponse-a-repowereu\\\/#article\",\"isPartOf\":{\"@id\":\"https:\\\/\\\/www.renouvelle.be\\\/fr\\\/la-pax-eolienica-ii-une-reponse-a-repowereu\\\/\"},\"author\":{\"name\":\"Philippe Limbourg\",\"@id\":\"https:\\\/\\\/www.renouvelle.be\\\/fr\\\/#\\\/schema\\\/person\\\/980400dfd457d76423b6766ad2146490\"},\"headline\":\"La Pax eolienica II, une r\u00e9ponse \u00e0 REPowerEU ?\",\"datePublished\":\"2022-11-04T07:37:00+00:00\",\"dateModified\":\"2023-03-02T22:00:35+00:00\",\"mainEntityOfPage\":{\"@id\":\"https:\\\/\\\/www.renouvelle.be\\\/fr\\\/la-pax-eolienica-ii-une-reponse-a-repowereu\\\/\"},\"wordCount\":932,\"image\":{\"@id\":\"https:\\\/\\\/www.renouvelle.be\\\/fr\\\/la-pax-eolienica-ii-une-reponse-a-repowereu\\\/#primaryimage\"},\"thumbnailUrl\":\"https:\\\/\\\/www.renouvelle.be\\\/wp-content\\\/uploads\\\/2022\\\/11\\\/sunrise-gaf624f018_1280.jpg\",\"articleSection\":[\"Actualit\u00e9\",\"Actualit\u00e9 en Belgique\"],\"inLanguage\":\"fr-FR\"},{\"@type\":\"WebPage\",\"@id\":\"https:\\\/\\\/www.renouvelle.be\\\/fr\\\/la-pax-eolienica-ii-une-reponse-a-repowereu\\\/\",\"url\":\"https:\\\/\\\/www.renouvelle.be\\\/fr\\\/la-pax-eolienica-ii-une-reponse-a-repowereu\\\/\",\"name\":\"La Pax eolienica II, une r\u00e9ponse \u00e0 REPowerEU ? - Renouvelle\",\"isPartOf\":{\"@id\":\"https:\\\/\\\/www.renouvelle.be\\\/fr\\\/#website\"},\"primaryImageOfPage\":{\"@id\":\"https:\\\/\\\/www.renouvelle.be\\\/fr\\\/la-pax-eolienica-ii-une-reponse-a-repowereu\\\/#primaryimage\"},\"image\":{\"@id\":\"https:\\\/\\\/www.renouvelle.be\\\/fr\\\/la-pax-eolienica-ii-une-reponse-a-repowereu\\\/#primaryimage\"},\"thumbnailUrl\":\"https:\\\/\\\/www.renouvelle.be\\\/wp-content\\\/uploads\\\/2022\\\/11\\\/sunrise-gaf624f018_1280.jpg\",\"datePublished\":\"2022-11-04T07:37:00+00:00\",\"dateModified\":\"2023-03-02T22:00:35+00:00\",\"author\":{\"@id\":\"https:\\\/\\\/www.renouvelle.be\\\/fr\\\/#\\\/schema\\\/person\\\/980400dfd457d76423b6766ad2146490\"},\"description\":\"La Pax eolienica II, un vent nouveau pour l'\u00e9olien wallon ?\",\"breadcrumb\":{\"@id\":\"https:\\\/\\\/www.renouvelle.be\\\/fr\\\/la-pax-eolienica-ii-une-reponse-a-repowereu\\\/#breadcrumb\"},\"inLanguage\":\"fr-FR\",\"potentialAction\":[{\"@type\":\"ReadAction\",\"target\":[\"https:\\\/\\\/www.renouvelle.be\\\/fr\\\/la-pax-eolienica-ii-une-reponse-a-repowereu\\\/\"]}]},{\"@type\":\"ImageObject\",\"inLanguage\":\"fr-FR\",\"@id\":\"https:\\\/\\\/www.renouvelle.be\\\/fr\\\/la-pax-eolienica-ii-une-reponse-a-repowereu\\\/#primaryimage\",\"url\":\"https:\\\/\\\/www.renouvelle.be\\\/wp-content\\\/uploads\\\/2022\\\/11\\\/sunrise-gaf624f018_1280.jpg\",\"contentUrl\":\"https:\\\/\\\/www.renouvelle.be\\\/wp-content\\\/uploads\\\/2022\\\/11\\\/sunrise-gaf624f018_1280.jpg\",\"width\":1280,\"height\":853},{\"@type\":\"BreadcrumbList\",\"@id\":\"https:\\\/\\\/www.renouvelle.be\\\/fr\\\/la-pax-eolienica-ii-une-reponse-a-repowereu\\\/#breadcrumb\",\"itemListElement\":[{\"@type\":\"ListItem\",\"position\":1,\"name\":\"Accueil\",\"item\":\"https:\\\/\\\/www.renouvelle.be\\\/fr\\\/\"},{\"@type\":\"ListItem\",\"position\":2,\"name\":\"La Pax eolienica II, une r\u00e9ponse \u00e0 REPowerEU ?\"}]},{\"@type\":\"WebSite\",\"@id\":\"https:\\\/\\\/www.renouvelle.be\\\/fr\\\/#website\",\"url\":\"https:\\\/\\\/www.renouvelle.be\\\/fr\\\/\",\"name\":\"Renouvelle\",\"description\":\"L&#039;actualit\u00e9 de l&#039;\u00e9nergie durable\",\"potentialAction\":[{\"@type\":\"SearchAction\",\"target\":{\"@type\":\"EntryPoint\",\"urlTemplate\":\"https:\\\/\\\/www.renouvelle.be\\\/fr\\\/?s={search_term_string}\"},\"query-input\":{\"@type\":\"PropertyValueSpecification\",\"valueRequired\":true,\"valueName\":\"search_term_string\"}}],\"inLanguage\":\"fr-FR\"},{\"@type\":\"Person\",\"@id\":\"https:\\\/\\\/www.renouvelle.be\\\/fr\\\/#\\\/schema\\\/person\\\/980400dfd457d76423b6766ad2146490\",\"name\":\"Philippe Limbourg\",\"url\":\"https:\\\/\\\/www.renouvelle.be\\\/fr\\\/author\\\/philippe-limbourg\\\/\"}]}<\/script>\n<!-- \/ Yoast SEO plugin. -->","yoast_head_json":{"title":"La Pax eolienica II, une r\u00e9ponse \u00e0 REPowerEU ? - Renouvelle","description":"La Pax eolienica II, un vent nouveau pour l'\u00e9olien wallon ?","robots":{"index":"index","follow":"follow","max-snippet":"max-snippet:-1","max-image-preview":"max-image-preview:large","max-video-preview":"max-video-preview:-1"},"canonical":"https:\/\/www.renouvelle.be\/fr\/la-pax-eolienica-ii-une-reponse-a-repowereu\/","og_locale":"fr_FR","og_type":"article","og_title":"La Pax eolienica II, une r\u00e9ponse \u00e0 REPowerEU ? - Renouvelle","og_description":"La Pax eolienica II, un vent nouveau pour l'\u00e9olien wallon ?","og_url":"https:\/\/www.renouvelle.be\/fr\/la-pax-eolienica-ii-une-reponse-a-repowereu\/","og_site_name":"Renouvelle","article_published_time":"2022-11-04T07:37:00+00:00","article_modified_time":"2023-03-02T22:00:35+00:00","og_image":[{"width":1280,"height":853,"url":"https:\/\/www.renouvelle.be\/wp-content\/uploads\/2022\/11\/sunrise-gaf624f018_1280.jpg","type":"image\/jpeg"}],"author":"Philippe Limbourg","twitter_card":"summary_large_image","schema":{"@context":"https:\/\/schema.org","@graph":[{"@type":"Article","@id":"https:\/\/www.renouvelle.be\/fr\/la-pax-eolienica-ii-une-reponse-a-repowereu\/#article","isPartOf":{"@id":"https:\/\/www.renouvelle.be\/fr\/la-pax-eolienica-ii-une-reponse-a-repowereu\/"},"author":{"name":"Philippe Limbourg","@id":"https:\/\/www.renouvelle.be\/fr\/#\/schema\/person\/980400dfd457d76423b6766ad2146490"},"headline":"La Pax eolienica II, une r\u00e9ponse \u00e0 REPowerEU ?","datePublished":"2022-11-04T07:37:00+00:00","dateModified":"2023-03-02T22:00:35+00:00","mainEntityOfPage":{"@id":"https:\/\/www.renouvelle.be\/fr\/la-pax-eolienica-ii-une-reponse-a-repowereu\/"},"wordCount":932,"image":{"@id":"https:\/\/www.renouvelle.be\/fr\/la-pax-eolienica-ii-une-reponse-a-repowereu\/#primaryimage"},"thumbnailUrl":"https:\/\/www.renouvelle.be\/wp-content\/uploads\/2022\/11\/sunrise-gaf624f018_1280.jpg","articleSection":["Actualit\u00e9","Actualit\u00e9 en Belgique"],"inLanguage":"fr-FR"},{"@type":"WebPage","@id":"https:\/\/www.renouvelle.be\/fr\/la-pax-eolienica-ii-une-reponse-a-repowereu\/","url":"https:\/\/www.renouvelle.be\/fr\/la-pax-eolienica-ii-une-reponse-a-repowereu\/","name":"La Pax eolienica II, une r\u00e9ponse \u00e0 REPowerEU ? - Renouvelle","isPartOf":{"@id":"https:\/\/www.renouvelle.be\/fr\/#website"},"primaryImageOfPage":{"@id":"https:\/\/www.renouvelle.be\/fr\/la-pax-eolienica-ii-une-reponse-a-repowereu\/#primaryimage"},"image":{"@id":"https:\/\/www.renouvelle.be\/fr\/la-pax-eolienica-ii-une-reponse-a-repowereu\/#primaryimage"},"thumbnailUrl":"https:\/\/www.renouvelle.be\/wp-content\/uploads\/2022\/11\/sunrise-gaf624f018_1280.jpg","datePublished":"2022-11-04T07:37:00+00:00","dateModified":"2023-03-02T22:00:35+00:00","author":{"@id":"https:\/\/www.renouvelle.be\/fr\/#\/schema\/person\/980400dfd457d76423b6766ad2146490"},"description":"La Pax eolienica II, un vent nouveau pour l'\u00e9olien wallon ?","breadcrumb":{"@id":"https:\/\/www.renouvelle.be\/fr\/la-pax-eolienica-ii-une-reponse-a-repowereu\/#breadcrumb"},"inLanguage":"fr-FR","potentialAction":[{"@type":"ReadAction","target":["https:\/\/www.renouvelle.be\/fr\/la-pax-eolienica-ii-une-reponse-a-repowereu\/"]}]},{"@type":"ImageObject","inLanguage":"fr-FR","@id":"https:\/\/www.renouvelle.be\/fr\/la-pax-eolienica-ii-une-reponse-a-repowereu\/#primaryimage","url":"https:\/\/www.renouvelle.be\/wp-content\/uploads\/2022\/11\/sunrise-gaf624f018_1280.jpg","contentUrl":"https:\/\/www.renouvelle.be\/wp-content\/uploads\/2022\/11\/sunrise-gaf624f018_1280.jpg","width":1280,"height":853},{"@type":"BreadcrumbList","@id":"https:\/\/www.renouvelle.be\/fr\/la-pax-eolienica-ii-une-reponse-a-repowereu\/#breadcrumb","itemListElement":[{"@type":"ListItem","position":1,"name":"Accueil","item":"https:\/\/www.renouvelle.be\/fr\/"},{"@type":"ListItem","position":2,"name":"La Pax eolienica II, une r\u00e9ponse \u00e0 REPowerEU ?"}]},{"@type":"WebSite","@id":"https:\/\/www.renouvelle.be\/fr\/#website","url":"https:\/\/www.renouvelle.be\/fr\/","name":"Renouvelle","description":"L&#039;actualit\u00e9 de l&#039;\u00e9nergie durable","potentialAction":[{"@type":"SearchAction","target":{"@type":"EntryPoint","urlTemplate":"https:\/\/www.renouvelle.be\/fr\/?s={search_term_string}"},"query-input":{"@type":"PropertyValueSpecification","valueRequired":true,"valueName":"search_term_string"}}],"inLanguage":"fr-FR"},{"@type":"Person","@id":"https:\/\/www.renouvelle.be\/fr\/#\/schema\/person\/980400dfd457d76423b6766ad2146490","name":"Philippe Limbourg","url":"https:\/\/www.renouvelle.be\/fr\/author\/philippe-limbourg\/"}]}},"_links":{"self":[{"href":"https:\/\/www.renouvelle.be\/fr\/wp-json\/wp\/v2\/posts\/8544","targetHints":{"allow":["GET"]}}],"collection":[{"href":"https:\/\/www.renouvelle.be\/fr\/wp-json\/wp\/v2\/posts"}],"about":[{"href":"https:\/\/www.renouvelle.be\/fr\/wp-json\/wp\/v2\/types\/post"}],"author":[{"embeddable":true,"href":"https:\/\/www.renouvelle.be\/fr\/wp-json\/wp\/v2\/users\/32"}],"replies":[{"embeddable":true,"href":"https:\/\/www.renouvelle.be\/fr\/wp-json\/wp\/v2\/comments?post=8544"}],"version-history":[{"count":6,"href":"https:\/\/www.renouvelle.be\/fr\/wp-json\/wp\/v2\/posts\/8544\/revisions"}],"predecessor-version":[{"id":9166,"href":"https:\/\/www.renouvelle.be\/fr\/wp-json\/wp\/v2\/posts\/8544\/revisions\/9166"}],"wp:featuredmedia":[{"embeddable":true,"href":"https:\/\/www.renouvelle.be\/fr\/wp-json\/wp\/v2\/media\/8545"}],"wp:attachment":[{"href":"https:\/\/www.renouvelle.be\/fr\/wp-json\/wp\/v2\/media?parent=8544"}],"wp:term":[{"taxonomy":"category","embeddable":true,"href":"https:\/\/www.renouvelle.be\/fr\/wp-json\/wp\/v2\/categories?post=8544"},{"taxonomy":"post_tag","embeddable":true,"href":"https:\/\/www.renouvelle.be\/fr\/wp-json\/wp\/v2\/tags?post=8544"},{"taxonomy":"section","embeddable":true,"href":"https:\/\/www.renouvelle.be\/fr\/wp-json\/wp\/v2\/section?post=8544"}],"curies":[{"name":"wp","href":"https:\/\/api.w.org\/{rel}","templated":true}]}}