{"id":8533,"date":"2022-11-03T12:41:59","date_gmt":"2022-11-03T11:41:59","guid":{"rendered":"https:\/\/www.renouvelle.be\/?p=8533"},"modified":"2022-11-15T16:01:11","modified_gmt":"2022-11-15T15:01:11","slug":"repowereu-un-souffle-nouveau-pour-des-octrois-de-permis-plus-rapides","status":"publish","type":"post","link":"https:\/\/www.renouvelle.be\/fr\/repowereu-un-souffle-nouveau-pour-des-octrois-de-permis-plus-rapides\/","title":{"rendered":"REPowerEU : un souffle nouveau pour des octrois de permis plus rapides ?"},"content":{"rendered":"\n<ul class=\"wp-block-list\">\n<li>L\u2019identification de \u00ab zones propices au d\u00e9ploiement des \u00e9nergies renouvelables \u00bb sp\u00e9cifiques, pr\u00e9sentant des risques faibles pour l\u2019environnement, devrait \u00eatre rapidement r\u00e9alis\u00e9e. Notamment en analysant la potentielle demande d\u2019\u00e9nergie et la disponibilit\u00e9 r\u00e9seau. Les zones artificialis\u00e9es seraient privil\u00e9gi\u00e9es, alors que les zones sensibles au niveau environnemental seraient exclues (ex&nbsp;: Natura 2000).<\/li>\n<\/ul>\n\n\n\n<ul class=\"wp-block-list\">\n<li>Le principe selon lequel les \u00e9nergies renouvelables rel\u00e8vent d\u2019un int\u00e9r\u00eat public sup\u00e9rieur serait rendu op\u00e9rationnel. Les Etats membres devraient d\u00e8s lors planifier le d\u00e9veloppement de renouvelables dans les zones propices, avec des plans d\u00e9finissant les r\u00e8gles d\u2019implantation.<\/li>\n<\/ul>\n\n\n\n<ul class=\"wp-block-list\">\n<li>L\u2019acc\u00e9l\u00e9ration des octrois de permis devrait concerner tant l\u2019instruction administrative des demandes que le traitement des recours administratifs et judiciaires. Les citoyens devraient \u00eatre \u00e9galement encourag\u00e9s \u00e0 participer et les communaut\u00e9s locales devraient b\u00e9n\u00e9ficier du transfert des avantages de la transition \u00e9nerg\u00e9tique, renfor\u00e7ant l\u2019acceptation et l\u2019engagement.<\/li>\n<\/ul>\n\n\n\n<ul class=\"wp-block-list\">\n<li>Pour le solaire, le d\u00e9ploiement de photovolta\u00efque sur b\u00e2timents serait particuli\u00e8rement encourag\u00e9 avec des r\u00e9ductions de d\u00e9lais d\u2019instruction, l\u2019obligation de solarisation des b\u00e2timents publics, commerciaux et enfin r\u00e9sidentiels. L\u2019objectif chiffr\u00e9 \u00e9tant le passage de 32 \u00e0 45% de la part d\u2019\u00e9nergies renouvelables dans la consommation finale d&rsquo;\u00e9nergie d\u2019ici 2030 dans les Directives.<\/li>\n<\/ul>\n\n\n\n<p>Si ce plan REPowerEU ne trace aujourd\u2019hui que des recommandations, il a pour objectif de modifier notamment la Directive europ\u00e9enne 2018\/2001 relative \u00e0 la promotion de l\u2019utilisation de l\u2019\u00e9nergie produite \u00e0 partir de sources renouvelables. Alors qu\u2019une proposition de modification des Directives existantes est en cours d\u2019instruction au Parlement europ\u00e9en, il n\u2019a donc pas (encore) de valeur juridique contraignante. Et est devin celui qui annoncerait un contenu pr\u00e9cis pour la Directive, fruit de n\u00e9gociations entre les 27 \u00e9tats membres de l\u2019UE.<\/p>\n\n\n\n<p>N\u00e9anmoins, vu le contexte des march\u00e9s de l\u2019\u00e9nergie, plusieurs pays, comme <a href=\"https:\/\/www.senat.fr\/leg\/pjl21-889.html\" target=\"_blank\" rel=\"noreferrer noopener\">la France<\/a> ou l\u2019<a href=\"https:\/\/www.lesoir.be\/448528\/article\/2022-06-14\/lallemagne-met-le-turbo-sur-les-eoliennes\" target=\"_blank\" rel=\"noreferrer noopener\">Allemagne<\/a>, ont anticip\u00e9 l\u2019adoption de la r\u00e9glementation et ont d\u00e9j\u00e0 l\u00e9gif\u00e9r\u00e9 pour acc\u00e9l\u00e9rer le d\u00e9ploiement des renouvelables et raccourcir les d\u00e9lais d\u2019octroi de permis.<\/p>\n\n\n\n<p class=\"has-text-align-left\"><strong>Une r\u00e9forme du Conseil d\u2019Etat&nbsp;?<\/strong><\/p>\n\n\n<div class=\"wp-block-image\">\n<figure class=\"aligncenter size-full\"><img loading=\"lazy\" decoding=\"async\" width=\"431\" height=\"603\" src=\"https:\/\/www.renouvelle.be\/wp-content\/uploads\/2022\/11\/9D5BE075-87ED-4CE2-97BE-D1F34451BA4F_1_201_a.jpeg\" alt=\"Conseil d'\u00e9tat\" class=\"wp-image-8536\" srcset=\"https:\/\/www.renouvelle.be\/wp-content\/uploads\/2022\/11\/9D5BE075-87ED-4CE2-97BE-D1F34451BA4F_1_201_a.jpeg 431w, https:\/\/www.renouvelle.be\/wp-content\/uploads\/2022\/11\/9D5BE075-87ED-4CE2-97BE-D1F34451BA4F_1_201_a-214x300.jpeg 214w\" sizes=\"auto, (max-width: 431px) 100vw, 431px\" \/><figcaption class=\"wp-element-caption\">Conseil d&rsquo;\u00e9tat<\/figcaption><\/figure>\n<\/div>\n\n\n<p>Les d\u00e9lais de concr\u00e9tisation des projets \u00e9oliens sont aujourd\u2019hui entre 5 et 7 ans. Alors que la proc\u00e9dure administrative d\u2019octroi du permis unique est assez bien rod\u00e9e avec des d\u00e9lais de recours r\u00e9gionaux l\u00e9g\u00e8rement compressibles, c\u2019est du c\u00f4t\u00e9 des d\u00e9lais de recours du Conseil d\u2019Etat (qui rel\u00e8ve du f\u00e9d\u00e9ral) que cela ralentit.<\/p>\n\n\n\n<p>L&rsquo;\u00e9largissement du cadre du personnel du Conseil d\u2019Etat est entre-temps act\u00e9 et s\u2019inscrit dans cette strat\u00e9gie de r\u00e9duction des d\u00e9lais de traitement des proc\u00e9dures de recours. La Ministre de l\u2019Int\u00e9rieur a annonc\u00e9 un d\u00e9lai envisag\u00e9 de 18 mois pour une proc\u00e9dure d&rsquo;annulation. EDORA continue de plaider de son c\u00f4t\u00e9 en faveur d\u2019une proc\u00e9dure sp\u00e9cifique (encore plus) acc\u00e9l\u00e9r\u00e9e pour les dossiers de transition \u00e9nerg\u00e9tique via une chambre sp\u00e9cifique. Esp\u00e9rons que le vent tourne dans le bon sens.<\/p>\n","protected":false},"excerpt":{"rendered":"<p>Si ce plan REPowerEU ne trace aujourd\u2019hui que des recommandations, il a pour objectif de modifier notamment la Directive europ\u00e9enne 2018\/2001 relative \u00e0 la promotion de l\u2019utilisation de l\u2019\u00e9nergie produite \u00e0 partir de sources renouvelables. Alors qu\u2019une proposition de modification des Directives existantes est en cours d\u2019instruction au Parlement europ\u00e9en, il n\u2019a donc pas (encore) de valeur juridique contraignante. Et est devin celui qui annoncerait un contenu pr\u00e9cis pour la Directive, fruit de n\u00e9gociations entre les 27 \u00e9tats membres de l\u2019UE. N\u00e9anmoins, vu le contexte des march\u00e9s de l\u2019\u00e9nergie, plusieurs pays, comme la France ou l\u2019Allemagne, ont anticip\u00e9 l\u2019adoption de la r\u00e9glementation et ont d\u00e9j\u00e0 l\u00e9gif\u00e9r\u00e9 pour acc\u00e9l\u00e9rer le d\u00e9ploiement des renouvelables et raccourcir les d\u00e9lais d\u2019octroi de permis. Une r\u00e9forme du Conseil d\u2019Etat&nbsp;? Les d\u00e9lais de concr\u00e9tisation des projets \u00e9oliens sont aujourd\u2019hui entre 5 et 7 ans. Alors que la proc\u00e9dure administrative d\u2019octroi du permis unique est assez bien rod\u00e9e avec des d\u00e9lais de recours r\u00e9gionaux l\u00e9g\u00e8rement compressibles, c\u2019est du c\u00f4t\u00e9 des d\u00e9lais de recours du Conseil d\u2019Etat (qui rel\u00e8ve du f\u00e9d\u00e9ral) que cela ralentit. L&rsquo;\u00e9largissement du cadre du personnel du Conseil d\u2019Etat est entre-temps act\u00e9 et s\u2019inscrit dans cette strat\u00e9gie de r\u00e9duction des d\u00e9lais de traitement des proc\u00e9dures de recours. La Ministre de l\u2019Int\u00e9rieur a annonc\u00e9 un d\u00e9lai envisag\u00e9 de 18 mois pour une proc\u00e9dure d&rsquo;annulation. EDORA continue de plaider de son c\u00f4t\u00e9 en faveur d\u2019une proc\u00e9dure sp\u00e9cifique (encore plus) acc\u00e9l\u00e9r\u00e9e pour les dossiers de transition \u00e9nerg\u00e9tique via une chambre sp\u00e9cifique. Esp\u00e9rons que le vent tourne dans le bon sens.<\/p>\n","protected":false},"author":32,"featured_media":8538,"comment_status":"closed","ping_status":"closed","sticky":false,"template":"","format":"standard","meta":{"_acf_changed":false,"footnotes":""},"categories":[17],"tags":[],"section":[8,6],"class_list":["post-8533","post","type-post","status-publish","format-standard","has-post-thumbnail","hentry","category-actualite-en-belgique","section-energie-renouvelables","section-eolien"],"acf":[],"yoast_head":"<!-- This site is optimized with the Yoast SEO plugin v27.5 - https:\/\/yoast.com\/product\/yoast-seo-wordpress\/ -->\n<title>REPowerEU : un souffle nouveau pour des octrois de permis plus rapides ? - Renouvelle<\/title>\n<meta name=\"description\" content=\"installation d&#039;un parc \u00e9olien permis wallonie\" \/>\n<meta name=\"robots\" content=\"index, follow, max-snippet:-1, max-image-preview:large, max-video-preview:-1\" \/>\n<link rel=\"canonical\" href=\"https:\/\/www.renouvelle.be\/fr\/repowereu-un-souffle-nouveau-pour-des-octrois-de-permis-plus-rapides\/\" \/>\n<meta property=\"og:locale\" content=\"fr_FR\" \/>\n<meta property=\"og:type\" content=\"article\" \/>\n<meta property=\"og:title\" content=\"REPowerEU : un souffle nouveau pour des octrois de permis plus rapides ? - Renouvelle\" \/>\n<meta property=\"og:description\" content=\"installation d&#039;un parc \u00e9olien permis wallonie\" \/>\n<meta property=\"og:url\" content=\"https:\/\/www.renouvelle.be\/fr\/repowereu-un-souffle-nouveau-pour-des-octrois-de-permis-plus-rapides\/\" \/>\n<meta property=\"og:site_name\" content=\"Renouvelle\" \/>\n<meta property=\"article:published_time\" content=\"2022-11-03T11:41:59+00:00\" \/>\n<meta property=\"article:modified_time\" content=\"2022-11-15T15:01:11+00:00\" \/>\n<meta property=\"og:image\" content=\"https:\/\/www.renouvelle.be\/wp-content\/uploads\/2022\/11\/iStock-1138022429.jpg\" \/>\n\t<meta property=\"og:image:width\" content=\"1254\" \/>\n\t<meta property=\"og:image:height\" content=\"836\" \/>\n\t<meta property=\"og:image:type\" content=\"image\/jpeg\" \/>\n<meta name=\"author\" content=\"Philippe Limbourg\" \/>\n<meta name=\"twitter:card\" content=\"summary_large_image\" \/>\n<script type=\"application\/ld+json\" class=\"yoast-schema-graph\">{\"@context\":\"https:\\\/\\\/schema.org\",\"@graph\":[{\"@type\":\"Article\",\"@id\":\"https:\\\/\\\/www.renouvelle.be\\\/fr\\\/repowereu-un-souffle-nouveau-pour-des-octrois-de-permis-plus-rapides\\\/#article\",\"isPartOf\":{\"@id\":\"https:\\\/\\\/www.renouvelle.be\\\/fr\\\/repowereu-un-souffle-nouveau-pour-des-octrois-de-permis-plus-rapides\\\/\"},\"author\":{\"name\":\"Philippe Limbourg\",\"@id\":\"https:\\\/\\\/www.renouvelle.be\\\/fr\\\/#\\\/schema\\\/person\\\/980400dfd457d76423b6766ad2146490\"},\"headline\":\"REPowerEU : un souffle nouveau pour des octrois de permis plus rapides ?\",\"datePublished\":\"2022-11-03T11:41:59+00:00\",\"dateModified\":\"2022-11-15T15:01:11+00:00\",\"mainEntityOfPage\":{\"@id\":\"https:\\\/\\\/www.renouvelle.be\\\/fr\\\/repowereu-un-souffle-nouveau-pour-des-octrois-de-permis-plus-rapides\\\/\"},\"wordCount\":554,\"image\":{\"@id\":\"https:\\\/\\\/www.renouvelle.be\\\/fr\\\/repowereu-un-souffle-nouveau-pour-des-octrois-de-permis-plus-rapides\\\/#primaryimage\"},\"thumbnailUrl\":\"https:\\\/\\\/www.renouvelle.be\\\/wp-content\\\/uploads\\\/2022\\\/11\\\/iStock-1138022429.jpg\",\"articleSection\":[\"Actualit\u00e9 en Belgique\"],\"inLanguage\":\"fr-FR\"},{\"@type\":\"WebPage\",\"@id\":\"https:\\\/\\\/www.renouvelle.be\\\/fr\\\/repowereu-un-souffle-nouveau-pour-des-octrois-de-permis-plus-rapides\\\/\",\"url\":\"https:\\\/\\\/www.renouvelle.be\\\/fr\\\/repowereu-un-souffle-nouveau-pour-des-octrois-de-permis-plus-rapides\\\/\",\"name\":\"REPowerEU : un souffle nouveau pour des octrois de permis plus rapides ? - Renouvelle\",\"isPartOf\":{\"@id\":\"https:\\\/\\\/www.renouvelle.be\\\/fr\\\/#website\"},\"primaryImageOfPage\":{\"@id\":\"https:\\\/\\\/www.renouvelle.be\\\/fr\\\/repowereu-un-souffle-nouveau-pour-des-octrois-de-permis-plus-rapides\\\/#primaryimage\"},\"image\":{\"@id\":\"https:\\\/\\\/www.renouvelle.be\\\/fr\\\/repowereu-un-souffle-nouveau-pour-des-octrois-de-permis-plus-rapides\\\/#primaryimage\"},\"thumbnailUrl\":\"https:\\\/\\\/www.renouvelle.be\\\/wp-content\\\/uploads\\\/2022\\\/11\\\/iStock-1138022429.jpg\",\"datePublished\":\"2022-11-03T11:41:59+00:00\",\"dateModified\":\"2022-11-15T15:01:11+00:00\",\"author\":{\"@id\":\"https:\\\/\\\/www.renouvelle.be\\\/fr\\\/#\\\/schema\\\/person\\\/980400dfd457d76423b6766ad2146490\"},\"description\":\"installation d'un parc \u00e9olien permis wallonie\",\"breadcrumb\":{\"@id\":\"https:\\\/\\\/www.renouvelle.be\\\/fr\\\/repowereu-un-souffle-nouveau-pour-des-octrois-de-permis-plus-rapides\\\/#breadcrumb\"},\"inLanguage\":\"fr-FR\",\"potentialAction\":[{\"@type\":\"ReadAction\",\"target\":[\"https:\\\/\\\/www.renouvelle.be\\\/fr\\\/repowereu-un-souffle-nouveau-pour-des-octrois-de-permis-plus-rapides\\\/\"]}]},{\"@type\":\"ImageObject\",\"inLanguage\":\"fr-FR\",\"@id\":\"https:\\\/\\\/www.renouvelle.be\\\/fr\\\/repowereu-un-souffle-nouveau-pour-des-octrois-de-permis-plus-rapides\\\/#primaryimage\",\"url\":\"https:\\\/\\\/www.renouvelle.be\\\/wp-content\\\/uploads\\\/2022\\\/11\\\/iStock-1138022429.jpg\",\"contentUrl\":\"https:\\\/\\\/www.renouvelle.be\\\/wp-content\\\/uploads\\\/2022\\\/11\\\/iStock-1138022429.jpg\",\"width\":1254,\"height\":836,\"caption\":\"Hand drawing a conceptual diagram about the importance to find the shortest way to go from point A to point B, or a simple solution to a problem.\"},{\"@type\":\"BreadcrumbList\",\"@id\":\"https:\\\/\\\/www.renouvelle.be\\\/fr\\\/repowereu-un-souffle-nouveau-pour-des-octrois-de-permis-plus-rapides\\\/#breadcrumb\",\"itemListElement\":[{\"@type\":\"ListItem\",\"position\":1,\"name\":\"Accueil\",\"item\":\"https:\\\/\\\/www.renouvelle.be\\\/fr\\\/\"},{\"@type\":\"ListItem\",\"position\":2,\"name\":\"REPowerEU : un souffle nouveau pour des octrois de permis plus rapides ?\"}]},{\"@type\":\"WebSite\",\"@id\":\"https:\\\/\\\/www.renouvelle.be\\\/fr\\\/#website\",\"url\":\"https:\\\/\\\/www.renouvelle.be\\\/fr\\\/\",\"name\":\"Renouvelle\",\"description\":\"L&#039;actualit\u00e9 de l&#039;\u00e9nergie durable\",\"potentialAction\":[{\"@type\":\"SearchAction\",\"target\":{\"@type\":\"EntryPoint\",\"urlTemplate\":\"https:\\\/\\\/www.renouvelle.be\\\/fr\\\/?s={search_term_string}\"},\"query-input\":{\"@type\":\"PropertyValueSpecification\",\"valueRequired\":true,\"valueName\":\"search_term_string\"}}],\"inLanguage\":\"fr-FR\"},{\"@type\":\"Person\",\"@id\":\"https:\\\/\\\/www.renouvelle.be\\\/fr\\\/#\\\/schema\\\/person\\\/980400dfd457d76423b6766ad2146490\",\"name\":\"Philippe Limbourg\",\"url\":\"https:\\\/\\\/www.renouvelle.be\\\/fr\\\/author\\\/philippe-limbourg\\\/\"}]}<\/script>\n<!-- \/ Yoast SEO plugin. -->","yoast_head_json":{"title":"REPowerEU : un souffle nouveau pour des octrois de permis plus rapides ? - Renouvelle","description":"installation d'un parc \u00e9olien permis wallonie","robots":{"index":"index","follow":"follow","max-snippet":"max-snippet:-1","max-image-preview":"max-image-preview:large","max-video-preview":"max-video-preview:-1"},"canonical":"https:\/\/www.renouvelle.be\/fr\/repowereu-un-souffle-nouveau-pour-des-octrois-de-permis-plus-rapides\/","og_locale":"fr_FR","og_type":"article","og_title":"REPowerEU : un souffle nouveau pour des octrois de permis plus rapides ? - Renouvelle","og_description":"installation d'un parc \u00e9olien permis wallonie","og_url":"https:\/\/www.renouvelle.be\/fr\/repowereu-un-souffle-nouveau-pour-des-octrois-de-permis-plus-rapides\/","og_site_name":"Renouvelle","article_published_time":"2022-11-03T11:41:59+00:00","article_modified_time":"2022-11-15T15:01:11+00:00","og_image":[{"width":1254,"height":836,"url":"https:\/\/www.renouvelle.be\/wp-content\/uploads\/2022\/11\/iStock-1138022429.jpg","type":"image\/jpeg"}],"author":"Philippe Limbourg","twitter_card":"summary_large_image","schema":{"@context":"https:\/\/schema.org","@graph":[{"@type":"Article","@id":"https:\/\/www.renouvelle.be\/fr\/repowereu-un-souffle-nouveau-pour-des-octrois-de-permis-plus-rapides\/#article","isPartOf":{"@id":"https:\/\/www.renouvelle.be\/fr\/repowereu-un-souffle-nouveau-pour-des-octrois-de-permis-plus-rapides\/"},"author":{"name":"Philippe Limbourg","@id":"https:\/\/www.renouvelle.be\/fr\/#\/schema\/person\/980400dfd457d76423b6766ad2146490"},"headline":"REPowerEU : un souffle nouveau pour des octrois de permis plus rapides ?","datePublished":"2022-11-03T11:41:59+00:00","dateModified":"2022-11-15T15:01:11+00:00","mainEntityOfPage":{"@id":"https:\/\/www.renouvelle.be\/fr\/repowereu-un-souffle-nouveau-pour-des-octrois-de-permis-plus-rapides\/"},"wordCount":554,"image":{"@id":"https:\/\/www.renouvelle.be\/fr\/repowereu-un-souffle-nouveau-pour-des-octrois-de-permis-plus-rapides\/#primaryimage"},"thumbnailUrl":"https:\/\/www.renouvelle.be\/wp-content\/uploads\/2022\/11\/iStock-1138022429.jpg","articleSection":["Actualit\u00e9 en Belgique"],"inLanguage":"fr-FR"},{"@type":"WebPage","@id":"https:\/\/www.renouvelle.be\/fr\/repowereu-un-souffle-nouveau-pour-des-octrois-de-permis-plus-rapides\/","url":"https:\/\/www.renouvelle.be\/fr\/repowereu-un-souffle-nouveau-pour-des-octrois-de-permis-plus-rapides\/","name":"REPowerEU : un souffle nouveau pour des octrois de permis plus rapides ? - Renouvelle","isPartOf":{"@id":"https:\/\/www.renouvelle.be\/fr\/#website"},"primaryImageOfPage":{"@id":"https:\/\/www.renouvelle.be\/fr\/repowereu-un-souffle-nouveau-pour-des-octrois-de-permis-plus-rapides\/#primaryimage"},"image":{"@id":"https:\/\/www.renouvelle.be\/fr\/repowereu-un-souffle-nouveau-pour-des-octrois-de-permis-plus-rapides\/#primaryimage"},"thumbnailUrl":"https:\/\/www.renouvelle.be\/wp-content\/uploads\/2022\/11\/iStock-1138022429.jpg","datePublished":"2022-11-03T11:41:59+00:00","dateModified":"2022-11-15T15:01:11+00:00","author":{"@id":"https:\/\/www.renouvelle.be\/fr\/#\/schema\/person\/980400dfd457d76423b6766ad2146490"},"description":"installation d'un parc \u00e9olien permis wallonie","breadcrumb":{"@id":"https:\/\/www.renouvelle.be\/fr\/repowereu-un-souffle-nouveau-pour-des-octrois-de-permis-plus-rapides\/#breadcrumb"},"inLanguage":"fr-FR","potentialAction":[{"@type":"ReadAction","target":["https:\/\/www.renouvelle.be\/fr\/repowereu-un-souffle-nouveau-pour-des-octrois-de-permis-plus-rapides\/"]}]},{"@type":"ImageObject","inLanguage":"fr-FR","@id":"https:\/\/www.renouvelle.be\/fr\/repowereu-un-souffle-nouveau-pour-des-octrois-de-permis-plus-rapides\/#primaryimage","url":"https:\/\/www.renouvelle.be\/wp-content\/uploads\/2022\/11\/iStock-1138022429.jpg","contentUrl":"https:\/\/www.renouvelle.be\/wp-content\/uploads\/2022\/11\/iStock-1138022429.jpg","width":1254,"height":836,"caption":"Hand drawing a conceptual diagram about the importance to find the shortest way to go from point A to point B, or a simple solution to a problem."},{"@type":"BreadcrumbList","@id":"https:\/\/www.renouvelle.be\/fr\/repowereu-un-souffle-nouveau-pour-des-octrois-de-permis-plus-rapides\/#breadcrumb","itemListElement":[{"@type":"ListItem","position":1,"name":"Accueil","item":"https:\/\/www.renouvelle.be\/fr\/"},{"@type":"ListItem","position":2,"name":"REPowerEU : un souffle nouveau pour des octrois de permis plus rapides ?"}]},{"@type":"WebSite","@id":"https:\/\/www.renouvelle.be\/fr\/#website","url":"https:\/\/www.renouvelle.be\/fr\/","name":"Renouvelle","description":"L&#039;actualit\u00e9 de l&#039;\u00e9nergie durable","potentialAction":[{"@type":"SearchAction","target":{"@type":"EntryPoint","urlTemplate":"https:\/\/www.renouvelle.be\/fr\/?s={search_term_string}"},"query-input":{"@type":"PropertyValueSpecification","valueRequired":true,"valueName":"search_term_string"}}],"inLanguage":"fr-FR"},{"@type":"Person","@id":"https:\/\/www.renouvelle.be\/fr\/#\/schema\/person\/980400dfd457d76423b6766ad2146490","name":"Philippe Limbourg","url":"https:\/\/www.renouvelle.be\/fr\/author\/philippe-limbourg\/"}]}},"_links":{"self":[{"href":"https:\/\/www.renouvelle.be\/fr\/wp-json\/wp\/v2\/posts\/8533","targetHints":{"allow":["GET"]}}],"collection":[{"href":"https:\/\/www.renouvelle.be\/fr\/wp-json\/wp\/v2\/posts"}],"about":[{"href":"https:\/\/www.renouvelle.be\/fr\/wp-json\/wp\/v2\/types\/post"}],"author":[{"embeddable":true,"href":"https:\/\/www.renouvelle.be\/fr\/wp-json\/wp\/v2\/users\/32"}],"replies":[{"embeddable":true,"href":"https:\/\/www.renouvelle.be\/fr\/wp-json\/wp\/v2\/comments?post=8533"}],"version-history":[{"count":9,"href":"https:\/\/www.renouvelle.be\/fr\/wp-json\/wp\/v2\/posts\/8533\/revisions"}],"predecessor-version":[{"id":8607,"href":"https:\/\/www.renouvelle.be\/fr\/wp-json\/wp\/v2\/posts\/8533\/revisions\/8607"}],"wp:featuredmedia":[{"embeddable":true,"href":"https:\/\/www.renouvelle.be\/fr\/wp-json\/wp\/v2\/media\/8538"}],"wp:attachment":[{"href":"https:\/\/www.renouvelle.be\/fr\/wp-json\/wp\/v2\/media?parent=8533"}],"wp:term":[{"taxonomy":"category","embeddable":true,"href":"https:\/\/www.renouvelle.be\/fr\/wp-json\/wp\/v2\/categories?post=8533"},{"taxonomy":"post_tag","embeddable":true,"href":"https:\/\/www.renouvelle.be\/fr\/wp-json\/wp\/v2\/tags?post=8533"},{"taxonomy":"section","embeddable":true,"href":"https:\/\/www.renouvelle.be\/fr\/wp-json\/wp\/v2\/section?post=8533"}],"curies":[{"name":"wp","href":"https:\/\/api.w.org\/{rel}","templated":true}]}}