{"id":8518,"date":"2022-10-28T11:49:37","date_gmt":"2022-10-28T09:49:37","guid":{"rendered":"https:\/\/www.renouvelle.be\/?p=8518"},"modified":"2022-11-15T16:03:04","modified_gmt":"2022-11-15T15:03:04","slug":"eolien-cociter","status":"publish","type":"post","link":"https:\/\/www.renouvelle.be\/fr\/eolien-cociter\/","title":{"rendered":"Les prix de l&rsquo;\u00e9lectricit\u00e9 flambent partout, sauf chez Cociter et ses 10.000 heureux clients coop\u00e9rateurs"},"content":{"rendered":"\n<p>COCITER ne prend toutefois h\u00e9las provisoirement plus de nouveaux clients car il utilise tout le volume d\u2019\u00e9lectricit\u00e9 dont il dispose \u00e0 prix ma\u00eetris\u00e9 pour fournir ses 10.000 clients actuels au prix du circuit court. Les d\u00e9cisions r\u00e9centes du Gouvernement wallon sur la Pax Eolienica, salu\u00e9es par COCITER et ses coop\u00e9ratives de production, devraient permettre d\u2019acc\u00e9l\u00e9rer le mouvement. COCITER entend bien maintenir la pression pour faire de la propri\u00e9t\u00e9 citoyenne directe des installations de production d\u2019\u00e9nergie renouvelable une r\u00e9alit\u00e9, seule mani\u00e8re de ma\u00eetriser \u00e0 la fois les prix de revente et de fourniture de l\u2019\u00e9nergie.<\/p>\n\n\n\n<h2 class=\"wp-block-heading\">Maximum 30 cents le KWh !<\/h2>\n\n\n\n<p>Du 1er juillet 2022 (r\u00e9troactivement donc) jusqu\u2019au 31 mars 2023, le fournisseur d\u2019\u00e9lectricit\u00e9 100% verte, 100% wallonne et 100% citoyenne COCITER plafonnera \u00e0 30 c\u20ac\/kWh (TVA comprise) le prix de l\u2019\u00e9lectricit\u00e9 (partie \u00e9nergie de la facture) qu\u2019il vend au tarif variable aux coop\u00e9rateurs clients r\u00e9sidentiels, ainsi qu\u2019aux ind\u00e9pendants et petites entreprises (jusqu\u2019\u00e0 15.000 kWh par an, au prorata). Mais comment un petit fournisseur alternatif aux 10.000 clients peut-il plafonner les prix de l\u2019\u00e9lectricit\u00e9 (sur la partie \u00e9nergie de la facture) ? Justement parce que COCITER (COmptoir CIToyen des EnerRgies) n\u2019est pas un fournisseur d\u2019\u00e9nergie comme les autres. Il appartient\u2026 \u00e0 ses clients. Un mod\u00e8le unique en Wallonie.<\/p>\n\n\n\n<h2 class=\"wp-block-heading\">15 coop\u00e9ratives productrices ET propri\u00e9taires<\/h2>\n\n\n\n<p>\u00c0 ce jour, COCITER appartient \u00e0 15 coop\u00e9ratives citoyennes de production d\u2019\u00e9nergie renouvelable en Wallonie (retrouvez la liste ici) qui sont propri\u00e9taires des installations dans lesquelles elles ont investi collectivement l\u2019argent que leurs coop\u00e9rateurs leur ont confi\u00e9. Ces coop\u00e9ratives vendent &#8211; quand c\u2019est possible &#8211; leur production d\u2019\u00e9lectricit\u00e9 \u00e0 COCITER \u00e0 un prix ma\u00eetris\u00e9 inf\u00e9rieur au prix affolant du march\u00e9 mais garantissant leur rentabilit\u00e9 et excluant les surprofits. COCITER la fournit \u00e0 leurs coop\u00e9rateurs clients. C\u2019est le circuit court de l\u2019\u00e9lectricit\u00e9. Ce mod\u00e8le permet au fournisseur d\u2019\u00e9lectricit\u00e9 coop\u00e9ratif de proposer un prix juste \u00e0 ses clients. Durant la crise \u00e9nerg\u00e9tique que nous subissons actuellement, cela peut faire la diff\u00e9rence. Ainsi, depuis 1 an, COCITER offre un tarif variable inf\u00e9rieur aux prix du march\u00e9. Et d\u00e9sormais du 1er juillet 2022 au 31 mars 2023, il plafonne ce tarif variable sur base mensuelle \u00e0 30 c\u20ac \/kWh (sous conditions d\u2019\u00eatre coop\u00e9rateur d\u2019une des coop\u00e9ratives de production de COCITER et d\u2019avoir un compteur \u00e0 relev\u00e9 annuel. Ce plafond n\u2019est valable que pour les premiers 15.000 kWh annuels, au prorata. Pour les gros consommateurs, les consommations suppl\u00e9mentaires sont fournies au tarif variable qui reste quand m\u00eame l\u2019un des meilleurs du march\u00e9).<\/p>\n\n\n\n<p>Et pourtant, il n\u2019est provisoirement plus possible de devenir client chez COCITER ! En effet, avec 10.000 clients, le fournisseur distribue l\u2019ensemble du volume d\u2019\u00e9lectricit\u00e9 que ses coop\u00e9ratives de production peuvent lui&nbsp; proposer et donc lui vendre \u00e0 un prix ma\u00eetris\u00e9.<\/p>\n\n\n\n<p>Pourquoi ? Parce que l\u2019acc\u00e8s au secteur des \u00e9nergies renouvelables en Wallonie n\u2019a \u00e9t\u00e9 ouvert que symboliquement \u00e0 la participation citoyenne, ce qui n\u2019a pas permis un acc\u00e8s significatif \u00e0 la propri\u00e9t\u00e9 des installations et des productions. Et que contrairement \u00e0 ce qui avait pourtant \u00e9t\u00e9 annonc\u00e9 dans le plan de Politique g\u00e9n\u00e9rale de 2019 du Gouvernement Wallon notamment, tout n\u2019a pas encore \u00e9t\u00e9 fait, loin de l\u00e0, pour acc\u00e9l\u00e9rer l\u2019acc\u00e8s aux productions d\u2019\u00e9nergies renouvelables communes.<\/p>\n\n\n\n<h2 class=\"wp-block-heading\">On pourrait faire presque 15 fois mieux !<\/h2>\n\n\n\n<p>Le cadre de r\u00e9f\u00e9rence de 2013 pour le d\u00e9veloppement \u00e9olien en Wallonie pr\u00e9conisait une ouverture \u00e0 la participation citoyenne \u00e0 hauteur de 25%. Malheureusement, ce n\u2019\u00e9tait qu\u2019une recommandation non contraignante et le processus n\u2019\u00e9tait pas encadr\u00e9. Du coup, seuls 2% de la production sont aujourd\u2019hui r\u00e9ellement sous propri\u00e9t\u00e9 citoyenne. Si&nbsp; 25% de la production \u00e9taient r\u00e9ellement aux mains des coop\u00e9ratives citoyennes, ce ne sont pas 10.000 mais bien 140.000 clients qui pourraient aujourd\u2019hui b\u00e9n\u00e9ficier d\u2019une \u00e9lectricit\u00e9 verte et citoyenne, \u00e0 prix ma\u00eetris\u00e9.<\/p>\n\n\n\n<p>Ce qu\u2019il manquait ? La volont\u00e9 politique d\u2019imposer une part significative de propri\u00e9t\u00e9 citoyenne autonome et ind\u00e9pendante des groupes industriels dans tout grand projet de production et de stockage d\u2019\u00e9nergie renouvelable.<\/p>\n\n\n\n<h2 class=\"wp-block-heading\">Le vent se l\u00e8ve&#8230;enfin&#8230;<\/h2>\n\n\n\n<p>On ne peut toutefois que se r\u00e9jouir du fait que le Gouvernement wallon ait fait un grand pas dans le bon sens ce 25&nbsp; octobre&nbsp; dans le cadre de la nouvelle Pax Eolienica&nbsp; : celle-ci impose enfin aux promoteurs industriels l\u2019ouverture des projets \u00e9oliens aux citoyens. Ce que les coop\u00e9ratives citoyennes de COCITER r\u00e9clament depuis 2013. Il faut maintenant transformer l\u2019essai rapidement en d\u00e9finissant les modalit\u00e9s et en acc\u00e9l\u00e9rant ce processus.<\/p>\n\n\n\n<p>Les coop\u00e9ratives citoyennes de production d\u2019\u00e9nergie renouvelable, autonomes et ind\u00e9pendantes et mettant en \u0153uvre la participation citoyenne directe, ont un impact structurellement positif sur la facture \u00e9nerg\u00e9tique des m\u00e9nages, sur l\u2019implication des citoyens dans la transition \u00e9nerg\u00e9tique, sur la d\u00e9mocratisation du d\u00e9bat, sur les retours socio-\u00e9conomiques aux territoires, mais \u00e9galement sur la souverainet\u00e9 \u00e9nerg\u00e9tique de la Belgique et sur le climat. Elles participent aussi \u00e0 une transition \u00e9nerg\u00e9tique socialement juste et tirent le prix du tarif social vers le bas avec leur tarif ma\u00eetris\u00e9. Il est donc fondamental de garantir&nbsp; le contr\u00f4le d\u2019une part significative de la production \u00e9nerg\u00e9tique et que ce contr\u00f4le soit&nbsp; bien aux mains des citoyens en propri\u00e9t\u00e9 directe.<\/p>\n","protected":false},"excerpt":{"rendered":"<p>COCITER ne prend toutefois h\u00e9las provisoirement plus de nouveaux clients car il utilise tout le volume d\u2019\u00e9lectricit\u00e9 dont il dispose \u00e0 prix ma\u00eetris\u00e9 pour fournir ses 10.000 clients actuels au prix du circuit court. Les d\u00e9cisions r\u00e9centes du Gouvernement wallon sur la Pax Eolienica, salu\u00e9es par COCITER et ses coop\u00e9ratives de production, devraient permettre d\u2019acc\u00e9l\u00e9rer le mouvement. COCITER entend bien maintenir la pression pour faire de la propri\u00e9t\u00e9 citoyenne directe des installations de production d\u2019\u00e9nergie renouvelable une r\u00e9alit\u00e9, seule mani\u00e8re de ma\u00eetriser \u00e0 la fois les prix de revente et de fourniture de l\u2019\u00e9nergie. Maximum 30 cents le KWh ! Du 1er juillet 2022 (r\u00e9troactivement donc) jusqu\u2019au 31 mars 2023, le fournisseur d\u2019\u00e9lectricit\u00e9 100% verte, 100% wallonne et 100% citoyenne COCITER plafonnera \u00e0 30 c\u20ac\/kWh (TVA comprise) le prix de l\u2019\u00e9lectricit\u00e9 (partie \u00e9nergie de la facture) qu\u2019il vend au tarif variable aux coop\u00e9rateurs clients r\u00e9sidentiels, ainsi qu\u2019aux ind\u00e9pendants et petites entreprises (jusqu\u2019\u00e0 15.000 kWh par an, au prorata). Mais comment un petit fournisseur alternatif aux 10.000 clients peut-il plafonner les prix de l\u2019\u00e9lectricit\u00e9 (sur la partie \u00e9nergie de la facture) ? Justement parce que COCITER (COmptoir CIToyen des EnerRgies) n\u2019est pas un fournisseur d\u2019\u00e9nergie comme les autres. Il appartient\u2026 \u00e0 ses clients. Un mod\u00e8le unique en Wallonie. 15 coop\u00e9ratives productrices ET propri\u00e9taires \u00c0 ce jour, COCITER appartient \u00e0 15 coop\u00e9ratives citoyennes de production d\u2019\u00e9nergie renouvelable en Wallonie (retrouvez la liste ici) qui sont propri\u00e9taires des installations dans lesquelles elles ont investi collectivement l\u2019argent que leurs coop\u00e9rateurs leur ont confi\u00e9. Ces coop\u00e9ratives vendent &#8211; quand c\u2019est possible &#8211; leur production d\u2019\u00e9lectricit\u00e9 \u00e0 COCITER \u00e0 un prix ma\u00eetris\u00e9 inf\u00e9rieur au prix affolant du march\u00e9 mais garantissant leur rentabilit\u00e9 et excluant les surprofits. COCITER la fournit \u00e0 leurs coop\u00e9rateurs clients. C\u2019est le circuit &hellip; <a href=\"https:\/\/www.renouvelle.be\/fr\/eolien-cociter\/\" class=\"more-link\">Continue reading<span class=\"screen-reader-text\"> \u00ab\u00a0Les prix de l&rsquo;\u00e9lectricit\u00e9 flambent partout, sauf chez Cociter et ses 10.000 heureux clients coop\u00e9rateurs\u00a0\u00bb<\/span><\/a><\/p>\n","protected":false},"author":32,"featured_media":8519,"comment_status":"closed","ping_status":"closed","sticky":false,"template":"","format":"standard","meta":{"_acf_changed":false,"footnotes":""},"categories":[17],"tags":[],"section":[8,5,6],"class_list":["post-8518","post","type-post","status-publish","format-standard","has-post-thumbnail","hentry","category-actualite-en-belgique","section-energie-renouvelables","section-communaute-denergie","section-eolien"],"acf":[],"yoast_head":"<!-- This site is optimized with the Yoast SEO plugin v27.5 - https:\/\/yoast.com\/product\/yoast-seo-wordpress\/ -->\n<title>Les prix de l&#039;\u00e9lectricit\u00e9 flambent partout, sauf chez Cociter et ses 10.000 heureux clients coop\u00e9rateurs - Renouvelle<\/title>\n<meta name=\"robots\" content=\"index, follow, max-snippet:-1, max-image-preview:large, max-video-preview:-1\" \/>\n<link rel=\"canonical\" href=\"https:\/\/www.renouvelle.be\/fr\/eolien-cociter\/\" \/>\n<meta property=\"og:locale\" content=\"fr_FR\" \/>\n<meta property=\"og:type\" content=\"article\" \/>\n<meta property=\"og:title\" content=\"Les prix de l&#039;\u00e9lectricit\u00e9 flambent partout, sauf chez Cociter et ses 10.000 heureux clients coop\u00e9rateurs - Renouvelle\" \/>\n<meta property=\"og:description\" content=\"COCITER ne prend toutefois h\u00e9las provisoirement plus de nouveaux clients car il utilise tout le volume d\u2019\u00e9lectricit\u00e9 dont il dispose \u00e0 prix ma\u00eetris\u00e9 pour fournir ses 10.000 clients actuels au prix du circuit court. Les d\u00e9cisions r\u00e9centes du Gouvernement wallon sur la Pax Eolienica, salu\u00e9es par COCITER et ses coop\u00e9ratives de production, devraient permettre d\u2019acc\u00e9l\u00e9rer le mouvement. COCITER entend bien maintenir la pression pour faire de la propri\u00e9t\u00e9 citoyenne directe des installations de production d\u2019\u00e9nergie renouvelable une r\u00e9alit\u00e9, seule mani\u00e8re de ma\u00eetriser \u00e0 la fois les prix de revente et de fourniture de l\u2019\u00e9nergie. Maximum 30 cents le KWh ! Du 1er juillet 2022 (r\u00e9troactivement donc) jusqu\u2019au 31 mars 2023, le fournisseur d\u2019\u00e9lectricit\u00e9 100% verte, 100% wallonne et 100% citoyenne COCITER plafonnera \u00e0 30 c\u20ac\/kWh (TVA comprise) le prix de l\u2019\u00e9lectricit\u00e9 (partie \u00e9nergie de la facture) qu\u2019il vend au tarif variable aux coop\u00e9rateurs clients r\u00e9sidentiels, ainsi qu\u2019aux ind\u00e9pendants et petites entreprises (jusqu\u2019\u00e0 15.000 kWh par an, au prorata). Mais comment un petit fournisseur alternatif aux 10.000 clients peut-il plafonner les prix de l\u2019\u00e9lectricit\u00e9 (sur la partie \u00e9nergie de la facture) ? Justement parce que COCITER (COmptoir CIToyen des EnerRgies) n\u2019est pas un fournisseur d\u2019\u00e9nergie comme les autres. Il appartient\u2026 \u00e0 ses clients. Un mod\u00e8le unique en Wallonie. 15 coop\u00e9ratives productrices ET propri\u00e9taires \u00c0 ce jour, COCITER appartient \u00e0 15 coop\u00e9ratives citoyennes de production d\u2019\u00e9nergie renouvelable en Wallonie (retrouvez la liste ici) qui sont propri\u00e9taires des installations dans lesquelles elles ont investi collectivement l\u2019argent que leurs coop\u00e9rateurs leur ont confi\u00e9. Ces coop\u00e9ratives vendent &#8211; quand c\u2019est possible &#8211; leur production d\u2019\u00e9lectricit\u00e9 \u00e0 COCITER \u00e0 un prix ma\u00eetris\u00e9 inf\u00e9rieur au prix affolant du march\u00e9 mais garantissant leur rentabilit\u00e9 et excluant les surprofits. COCITER la fournit \u00e0 leurs coop\u00e9rateurs clients. C\u2019est le circuit &hellip; Continue reading &quot;Les prix de l&rsquo;\u00e9lectricit\u00e9 flambent partout, sauf chez Cociter et ses 10.000 heureux clients coop\u00e9rateurs&quot;\" \/>\n<meta property=\"og:url\" content=\"https:\/\/www.renouvelle.be\/fr\/eolien-cociter\/\" \/>\n<meta property=\"og:site_name\" content=\"Renouvelle\" \/>\n<meta property=\"article:published_time\" content=\"2022-10-28T09:49:37+00:00\" \/>\n<meta property=\"article:modified_time\" content=\"2022-11-15T15:03:04+00:00\" \/>\n<meta property=\"og:image\" content=\"https:\/\/www.renouvelle.be\/wp-content\/uploads\/2022\/10\/5AA09151-60EA-41A3-AF10-48138AF565B4.jpeg\" \/>\n\t<meta property=\"og:image:width\" content=\"1920\" \/>\n\t<meta property=\"og:image:height\" content=\"1080\" \/>\n\t<meta property=\"og:image:type\" content=\"image\/jpeg\" \/>\n<meta name=\"author\" content=\"Philippe Limbourg\" \/>\n<meta name=\"twitter:card\" content=\"summary_large_image\" \/>\n<script type=\"application\/ld+json\" class=\"yoast-schema-graph\">{\"@context\":\"https:\\\/\\\/schema.org\",\"@graph\":[{\"@type\":\"Article\",\"@id\":\"https:\\\/\\\/www.renouvelle.be\\\/fr\\\/eolien-cociter\\\/#article\",\"isPartOf\":{\"@id\":\"https:\\\/\\\/www.renouvelle.be\\\/fr\\\/eolien-cociter\\\/\"},\"author\":{\"name\":\"Philippe Limbourg\",\"@id\":\"https:\\\/\\\/www.renouvelle.be\\\/fr\\\/#\\\/schema\\\/person\\\/980400dfd457d76423b6766ad2146490\"},\"headline\":\"Les prix de l&rsquo;\u00e9lectricit\u00e9 flambent partout, sauf chez Cociter et ses 10.000 heureux clients coop\u00e9rateurs\",\"datePublished\":\"2022-10-28T09:49:37+00:00\",\"dateModified\":\"2022-11-15T15:03:04+00:00\",\"mainEntityOfPage\":{\"@id\":\"https:\\\/\\\/www.renouvelle.be\\\/fr\\\/eolien-cociter\\\/\"},\"wordCount\":931,\"image\":{\"@id\":\"https:\\\/\\\/www.renouvelle.be\\\/fr\\\/eolien-cociter\\\/#primaryimage\"},\"thumbnailUrl\":\"https:\\\/\\\/www.renouvelle.be\\\/wp-content\\\/uploads\\\/2022\\\/10\\\/5AA09151-60EA-41A3-AF10-48138AF565B4.jpeg\",\"articleSection\":[\"Actualit\u00e9 en Belgique\"],\"inLanguage\":\"fr-FR\"},{\"@type\":\"WebPage\",\"@id\":\"https:\\\/\\\/www.renouvelle.be\\\/fr\\\/eolien-cociter\\\/\",\"url\":\"https:\\\/\\\/www.renouvelle.be\\\/fr\\\/eolien-cociter\\\/\",\"name\":\"Les prix de l'\u00e9lectricit\u00e9 flambent partout, sauf chez Cociter et ses 10.000 heureux clients coop\u00e9rateurs - Renouvelle\",\"isPartOf\":{\"@id\":\"https:\\\/\\\/www.renouvelle.be\\\/fr\\\/#website\"},\"primaryImageOfPage\":{\"@id\":\"https:\\\/\\\/www.renouvelle.be\\\/fr\\\/eolien-cociter\\\/#primaryimage\"},\"image\":{\"@id\":\"https:\\\/\\\/www.renouvelle.be\\\/fr\\\/eolien-cociter\\\/#primaryimage\"},\"thumbnailUrl\":\"https:\\\/\\\/www.renouvelle.be\\\/wp-content\\\/uploads\\\/2022\\\/10\\\/5AA09151-60EA-41A3-AF10-48138AF565B4.jpeg\",\"datePublished\":\"2022-10-28T09:49:37+00:00\",\"dateModified\":\"2022-11-15T15:03:04+00:00\",\"author\":{\"@id\":\"https:\\\/\\\/www.renouvelle.be\\\/fr\\\/#\\\/schema\\\/person\\\/980400dfd457d76423b6766ad2146490\"},\"breadcrumb\":{\"@id\":\"https:\\\/\\\/www.renouvelle.be\\\/fr\\\/eolien-cociter\\\/#breadcrumb\"},\"inLanguage\":\"fr-FR\",\"potentialAction\":[{\"@type\":\"ReadAction\",\"target\":[\"https:\\\/\\\/www.renouvelle.be\\\/fr\\\/eolien-cociter\\\/\"]}]},{\"@type\":\"ImageObject\",\"inLanguage\":\"fr-FR\",\"@id\":\"https:\\\/\\\/www.renouvelle.be\\\/fr\\\/eolien-cociter\\\/#primaryimage\",\"url\":\"https:\\\/\\\/www.renouvelle.be\\\/wp-content\\\/uploads\\\/2022\\\/10\\\/5AA09151-60EA-41A3-AF10-48138AF565B4.jpeg\",\"contentUrl\":\"https:\\\/\\\/www.renouvelle.be\\\/wp-content\\\/uploads\\\/2022\\\/10\\\/5AA09151-60EA-41A3-AF10-48138AF565B4.jpeg\",\"width\":1920,\"height\":1080,\"caption\":\"@Cociter\"},{\"@type\":\"BreadcrumbList\",\"@id\":\"https:\\\/\\\/www.renouvelle.be\\\/fr\\\/eolien-cociter\\\/#breadcrumb\",\"itemListElement\":[{\"@type\":\"ListItem\",\"position\":1,\"name\":\"Accueil\",\"item\":\"https:\\\/\\\/www.renouvelle.be\\\/fr\\\/\"},{\"@type\":\"ListItem\",\"position\":2,\"name\":\"Les prix de l&rsquo;\u00e9lectricit\u00e9 flambent partout, sauf chez Cociter et ses 10.000 heureux clients coop\u00e9rateurs\"}]},{\"@type\":\"WebSite\",\"@id\":\"https:\\\/\\\/www.renouvelle.be\\\/fr\\\/#website\",\"url\":\"https:\\\/\\\/www.renouvelle.be\\\/fr\\\/\",\"name\":\"Renouvelle\",\"description\":\"L&#039;actualit\u00e9 de l&#039;\u00e9nergie durable\",\"potentialAction\":[{\"@type\":\"SearchAction\",\"target\":{\"@type\":\"EntryPoint\",\"urlTemplate\":\"https:\\\/\\\/www.renouvelle.be\\\/fr\\\/?s={search_term_string}\"},\"query-input\":{\"@type\":\"PropertyValueSpecification\",\"valueRequired\":true,\"valueName\":\"search_term_string\"}}],\"inLanguage\":\"fr-FR\"},{\"@type\":\"Person\",\"@id\":\"https:\\\/\\\/www.renouvelle.be\\\/fr\\\/#\\\/schema\\\/person\\\/980400dfd457d76423b6766ad2146490\",\"name\":\"Philippe Limbourg\",\"url\":\"https:\\\/\\\/www.renouvelle.be\\\/fr\\\/author\\\/philippe-limbourg\\\/\"}]}<\/script>\n<!-- \/ Yoast SEO plugin. -->","yoast_head_json":{"title":"Les prix de l'\u00e9lectricit\u00e9 flambent partout, sauf chez Cociter et ses 10.000 heureux clients coop\u00e9rateurs - Renouvelle","robots":{"index":"index","follow":"follow","max-snippet":"max-snippet:-1","max-image-preview":"max-image-preview:large","max-video-preview":"max-video-preview:-1"},"canonical":"https:\/\/www.renouvelle.be\/fr\/eolien-cociter\/","og_locale":"fr_FR","og_type":"article","og_title":"Les prix de l'\u00e9lectricit\u00e9 flambent partout, sauf chez Cociter et ses 10.000 heureux clients coop\u00e9rateurs - Renouvelle","og_description":"COCITER ne prend toutefois h\u00e9las provisoirement plus de nouveaux clients car il utilise tout le volume d\u2019\u00e9lectricit\u00e9 dont il dispose \u00e0 prix ma\u00eetris\u00e9 pour fournir ses 10.000 clients actuels au prix du circuit court. Les d\u00e9cisions r\u00e9centes du Gouvernement wallon sur la Pax Eolienica, salu\u00e9es par COCITER et ses coop\u00e9ratives de production, devraient permettre d\u2019acc\u00e9l\u00e9rer le mouvement. COCITER entend bien maintenir la pression pour faire de la propri\u00e9t\u00e9 citoyenne directe des installations de production d\u2019\u00e9nergie renouvelable une r\u00e9alit\u00e9, seule mani\u00e8re de ma\u00eetriser \u00e0 la fois les prix de revente et de fourniture de l\u2019\u00e9nergie. Maximum 30 cents le KWh ! Du 1er juillet 2022 (r\u00e9troactivement donc) jusqu\u2019au 31 mars 2023, le fournisseur d\u2019\u00e9lectricit\u00e9 100% verte, 100% wallonne et 100% citoyenne COCITER plafonnera \u00e0 30 c\u20ac\/kWh (TVA comprise) le prix de l\u2019\u00e9lectricit\u00e9 (partie \u00e9nergie de la facture) qu\u2019il vend au tarif variable aux coop\u00e9rateurs clients r\u00e9sidentiels, ainsi qu\u2019aux ind\u00e9pendants et petites entreprises (jusqu\u2019\u00e0 15.000 kWh par an, au prorata). Mais comment un petit fournisseur alternatif aux 10.000 clients peut-il plafonner les prix de l\u2019\u00e9lectricit\u00e9 (sur la partie \u00e9nergie de la facture) ? Justement parce que COCITER (COmptoir CIToyen des EnerRgies) n\u2019est pas un fournisseur d\u2019\u00e9nergie comme les autres. Il appartient\u2026 \u00e0 ses clients. Un mod\u00e8le unique en Wallonie. 15 coop\u00e9ratives productrices ET propri\u00e9taires \u00c0 ce jour, COCITER appartient \u00e0 15 coop\u00e9ratives citoyennes de production d\u2019\u00e9nergie renouvelable en Wallonie (retrouvez la liste ici) qui sont propri\u00e9taires des installations dans lesquelles elles ont investi collectivement l\u2019argent que leurs coop\u00e9rateurs leur ont confi\u00e9. Ces coop\u00e9ratives vendent &#8211; quand c\u2019est possible &#8211; leur production d\u2019\u00e9lectricit\u00e9 \u00e0 COCITER \u00e0 un prix ma\u00eetris\u00e9 inf\u00e9rieur au prix affolant du march\u00e9 mais garantissant leur rentabilit\u00e9 et excluant les surprofits. COCITER la fournit \u00e0 leurs coop\u00e9rateurs clients. C\u2019est le circuit &hellip; Continue reading \"Les prix de l&rsquo;\u00e9lectricit\u00e9 flambent partout, sauf chez Cociter et ses 10.000 heureux clients coop\u00e9rateurs\"","og_url":"https:\/\/www.renouvelle.be\/fr\/eolien-cociter\/","og_site_name":"Renouvelle","article_published_time":"2022-10-28T09:49:37+00:00","article_modified_time":"2022-11-15T15:03:04+00:00","og_image":[{"width":1920,"height":1080,"url":"https:\/\/www.renouvelle.be\/wp-content\/uploads\/2022\/10\/5AA09151-60EA-41A3-AF10-48138AF565B4.jpeg","type":"image\/jpeg"}],"author":"Philippe Limbourg","twitter_card":"summary_large_image","schema":{"@context":"https:\/\/schema.org","@graph":[{"@type":"Article","@id":"https:\/\/www.renouvelle.be\/fr\/eolien-cociter\/#article","isPartOf":{"@id":"https:\/\/www.renouvelle.be\/fr\/eolien-cociter\/"},"author":{"name":"Philippe Limbourg","@id":"https:\/\/www.renouvelle.be\/fr\/#\/schema\/person\/980400dfd457d76423b6766ad2146490"},"headline":"Les prix de l&rsquo;\u00e9lectricit\u00e9 flambent partout, sauf chez Cociter et ses 10.000 heureux clients coop\u00e9rateurs","datePublished":"2022-10-28T09:49:37+00:00","dateModified":"2022-11-15T15:03:04+00:00","mainEntityOfPage":{"@id":"https:\/\/www.renouvelle.be\/fr\/eolien-cociter\/"},"wordCount":931,"image":{"@id":"https:\/\/www.renouvelle.be\/fr\/eolien-cociter\/#primaryimage"},"thumbnailUrl":"https:\/\/www.renouvelle.be\/wp-content\/uploads\/2022\/10\/5AA09151-60EA-41A3-AF10-48138AF565B4.jpeg","articleSection":["Actualit\u00e9 en Belgique"],"inLanguage":"fr-FR"},{"@type":"WebPage","@id":"https:\/\/www.renouvelle.be\/fr\/eolien-cociter\/","url":"https:\/\/www.renouvelle.be\/fr\/eolien-cociter\/","name":"Les prix de l'\u00e9lectricit\u00e9 flambent partout, sauf chez Cociter et ses 10.000 heureux clients coop\u00e9rateurs - Renouvelle","isPartOf":{"@id":"https:\/\/www.renouvelle.be\/fr\/#website"},"primaryImageOfPage":{"@id":"https:\/\/www.renouvelle.be\/fr\/eolien-cociter\/#primaryimage"},"image":{"@id":"https:\/\/www.renouvelle.be\/fr\/eolien-cociter\/#primaryimage"},"thumbnailUrl":"https:\/\/www.renouvelle.be\/wp-content\/uploads\/2022\/10\/5AA09151-60EA-41A3-AF10-48138AF565B4.jpeg","datePublished":"2022-10-28T09:49:37+00:00","dateModified":"2022-11-15T15:03:04+00:00","author":{"@id":"https:\/\/www.renouvelle.be\/fr\/#\/schema\/person\/980400dfd457d76423b6766ad2146490"},"breadcrumb":{"@id":"https:\/\/www.renouvelle.be\/fr\/eolien-cociter\/#breadcrumb"},"inLanguage":"fr-FR","potentialAction":[{"@type":"ReadAction","target":["https:\/\/www.renouvelle.be\/fr\/eolien-cociter\/"]}]},{"@type":"ImageObject","inLanguage":"fr-FR","@id":"https:\/\/www.renouvelle.be\/fr\/eolien-cociter\/#primaryimage","url":"https:\/\/www.renouvelle.be\/wp-content\/uploads\/2022\/10\/5AA09151-60EA-41A3-AF10-48138AF565B4.jpeg","contentUrl":"https:\/\/www.renouvelle.be\/wp-content\/uploads\/2022\/10\/5AA09151-60EA-41A3-AF10-48138AF565B4.jpeg","width":1920,"height":1080,"caption":"@Cociter"},{"@type":"BreadcrumbList","@id":"https:\/\/www.renouvelle.be\/fr\/eolien-cociter\/#breadcrumb","itemListElement":[{"@type":"ListItem","position":1,"name":"Accueil","item":"https:\/\/www.renouvelle.be\/fr\/"},{"@type":"ListItem","position":2,"name":"Les prix de l&rsquo;\u00e9lectricit\u00e9 flambent partout, sauf chez Cociter et ses 10.000 heureux clients coop\u00e9rateurs"}]},{"@type":"WebSite","@id":"https:\/\/www.renouvelle.be\/fr\/#website","url":"https:\/\/www.renouvelle.be\/fr\/","name":"Renouvelle","description":"L&#039;actualit\u00e9 de l&#039;\u00e9nergie durable","potentialAction":[{"@type":"SearchAction","target":{"@type":"EntryPoint","urlTemplate":"https:\/\/www.renouvelle.be\/fr\/?s={search_term_string}"},"query-input":{"@type":"PropertyValueSpecification","valueRequired":true,"valueName":"search_term_string"}}],"inLanguage":"fr-FR"},{"@type":"Person","@id":"https:\/\/www.renouvelle.be\/fr\/#\/schema\/person\/980400dfd457d76423b6766ad2146490","name":"Philippe Limbourg","url":"https:\/\/www.renouvelle.be\/fr\/author\/philippe-limbourg\/"}]}},"_links":{"self":[{"href":"https:\/\/www.renouvelle.be\/fr\/wp-json\/wp\/v2\/posts\/8518","targetHints":{"allow":["GET"]}}],"collection":[{"href":"https:\/\/www.renouvelle.be\/fr\/wp-json\/wp\/v2\/posts"}],"about":[{"href":"https:\/\/www.renouvelle.be\/fr\/wp-json\/wp\/v2\/types\/post"}],"author":[{"embeddable":true,"href":"https:\/\/www.renouvelle.be\/fr\/wp-json\/wp\/v2\/users\/32"}],"replies":[{"embeddable":true,"href":"https:\/\/www.renouvelle.be\/fr\/wp-json\/wp\/v2\/comments?post=8518"}],"version-history":[{"count":8,"href":"https:\/\/www.renouvelle.be\/fr\/wp-json\/wp\/v2\/posts\/8518\/revisions"}],"predecessor-version":[{"id":10141,"href":"https:\/\/www.renouvelle.be\/fr\/wp-json\/wp\/v2\/posts\/8518\/revisions\/10141"}],"wp:featuredmedia":[{"embeddable":true,"href":"https:\/\/www.renouvelle.be\/fr\/wp-json\/wp\/v2\/media\/8519"}],"wp:attachment":[{"href":"https:\/\/www.renouvelle.be\/fr\/wp-json\/wp\/v2\/media?parent=8518"}],"wp:term":[{"taxonomy":"category","embeddable":true,"href":"https:\/\/www.renouvelle.be\/fr\/wp-json\/wp\/v2\/categories?post=8518"},{"taxonomy":"post_tag","embeddable":true,"href":"https:\/\/www.renouvelle.be\/fr\/wp-json\/wp\/v2\/tags?post=8518"},{"taxonomy":"section","embeddable":true,"href":"https:\/\/www.renouvelle.be\/fr\/wp-json\/wp\/v2\/section?post=8518"}],"curies":[{"name":"wp","href":"https:\/\/api.w.org\/{rel}","templated":true}]}}