{"id":8445,"date":"2022-09-01T12:33:10","date_gmt":"2022-09-01T10:33:10","guid":{"rendered":"https:\/\/www.renouvelle.be\/?p=8445"},"modified":"2022-10-12T17:11:27","modified_gmt":"2022-10-12T15:11:27","slug":"deux-ans-apres-la-premiere-communaute-denergie-bruxelloise-le-bilan-est-positif","status":"publish","type":"post","link":"https:\/\/www.renouvelle.be\/fr\/deux-ans-apres-la-premiere-communaute-denergie-bruxelloise-le-bilan-est-positif\/","title":{"rendered":"Deux ans apr\u00e8s la premi\u00e8re communaut\u00e9 d\u2019\u00e9nergie bruxelloise, le bilan est positif"},"content":{"rendered":"\n<p>L\u2019assembl\u00e9e g\u00e9n\u00e9rale annuelle de la communaut\u00e9 d\u2019\u00e9nergie <em>Nos Bambins<\/em> \u00e9tait particuli\u00e8re cette ann\u00e9e. En mission d\u2019accompagnement depuis deux ans, Energie Commune se retire pour laisser la communaut\u00e9 prendre son envol. Les treize participants, compos\u00e9s de citoyens, la commune de Ganshoren, une copropri\u00e9t\u00e9 et plusieurs professions lib\u00e9rales, vont reprendre en main la gestion du partage d\u2019\u00e9nergie et la gestion administrative de la communaut\u00e9 d\u2019\u00e9nergie.<\/p>\n\n\n\n<p><strong>Une \u00e9lectricit\u00e9 renouvelable, locale, et moins ch\u00e8re.<\/strong><\/p>\n\n\n\n<p>Le prix de l\u2019\u00e9lectricit\u00e9 revendue en 2022 s\u2019\u00e9levait \u00e0 10,3c\u20ac HTVA par kWh. Compar\u00e9 aux prix actuels que l\u2019on peut trouver sur des comparateurs de fournisseurs en ligne (37c\u20ac\/kWh HTVA), il est largement inf\u00e9rieur.<\/p>\n\n\n\n<p>Ensemble, les participants ont pu r\u00e9aliser des \u00e9conomies sur leur facture d\u2019\u00e9lectricit\u00e9. Voici les chiffres pour chaque ann\u00e9e&nbsp;:<\/p>\n\n\n\n<ul class=\"wp-block-list\"><li>2020 (Ao\u00fbt-D\u00e9cembre)&nbsp;: 300\u20ac (demi-ann\u00e9e avec peu d\u2019ensoleillement)<\/li><li>2021 (Janvier-D\u00e9cembre)&nbsp;: 2200\u20ac<\/li><li>2022 (Janvier-Juin)&nbsp;: 3200\u20ac<\/li><\/ul>\n\n\n\n<p>Les \u00e9conomies de cette ann\u00e9e sont principalement dues \u00e0 la hausse des prix du march\u00e9 de l\u2019\u00e9lectricit\u00e9.<\/p>\n\n\n\n<p><strong>Une belle aventure<\/strong><\/p>\n\n\n\n<p>La partage d\u2019\u00e9nergie entre voisins, c\u2019est aussi une exp\u00e9rience enrichissante. Comme le souligne l\u2019un des participants, Pierre A.&nbsp;: <em>\u00ab La communaut\u00e9 d\u2019\u00e9nergie a permis de nouer des contacts avec des voisins et de cr\u00e9er une dynamique avec les membres les plus motiv\u00e9s. (\u2026) &nbsp;C\u2019est une belle application de \u00ab&nbsp;consommer local&nbsp;\u00bb avec un avantage financier qui devient int\u00e9ressant vu l\u2019\u00e9volution du prix de l\u2019\u00e9lectricit\u00e9 ces derniers mois.<\/em> (\u2026) <em>\u00c9tant prosumer, je pr\u00e9f\u00e8re revendre une partie de mon injection \u00e0 un tarif inf\u00e9rieur \u00e0 celui propos\u00e9 par mon fournisseur afin que des voisins n\u2019ayant pas la possibilit\u00e9 d\u2019investir dans le photovolta\u00efque b\u00e9n\u00e9ficient d\u2019un tarif r\u00e9duit pour une partie de leur consommation.<\/em><\/p>\n\n\n\n<p>Cette dynamique, autour d\u2019un besoin essentiel qu\u2019est l\u2019\u00e9nergie, a permis aux participants de s\u2019\u00e9changer des astuces pour faire des \u00e9conomies d\u2019\u00e9nergie. Elle a \u00e9galement suscit\u00e9 l\u2019installation de 2 \u00e0 3 nouveaux syst\u00e8mes photovolta\u00efques et peut-\u00eatre plus dans le futur.<\/p>\n\n\n\n<p><strong>Un gestionnaire de r\u00e9seaux impliqu\u00e9<\/strong><\/p>\n\n\n\n<p>Sibelga assure un r\u00f4le de gestionnaire de donn\u00e9es en transmettant tous les mois, tant \u00e0 l\u2019interlocuteur du partage d\u2019\u00e9nergie qu\u2019aux fournisseurs d\u2019\u00e9nergie des participants, les volumes de consommation n\u00e9cessaires \u00e0 la facturation. Ces donn\u00e9es de comptage, qui sont issues de compteurs intelligents, permettent d\u2019\u00e9tablir toutes les 15 minutes des bilans synchrones des flux d\u2019\u00e9nergie (aper\u00e7u de la production et de la consommation) afin d\u2019encourager le client \u00e0 consommer en priorit\u00e9 l\u2019\u00e9nergie disponible localement.<\/p>\n\n\n\n<p>\u00ab&nbsp;<em>En tant que gestionnaire de r\u00e9seaux de distribution, Sibelga se veut partenaire d\u2019une transition \u00e9nerg\u00e9tique accessible et abordable pour tous les clients bruxellois. Gr\u00e2ce \u00e0 des projets innovants et collaboratifs, tels que la communaut\u00e9 d\u2019\u00e9nergie Nos Bambins, il est d\u00e9sormais possible en tant que consomm\u2019acteurs de tirer le meilleur parti des \u00e9nergies renouvelables \u00e0 un prix plus avantageux et, ainsi, pleinement soutenir la neutralit\u00e9 carbone.<br>En parall\u00e8le, v\u00e9ritable vecteur de solidarit\u00e9, nous sommes convaincus que les m\u00e9canismes de partages d\u2019\u00e9nergie pourront favoriser l\u2019inclusion de la client\u00e8le pr\u00e9caris\u00e9e dans le trajet vers la transition \u00e9nerg\u00e9tique.<\/em>&nbsp;\u00bb, souligne Inne Mertens, Directeur g\u00e9n\u00e9ral de Sibelga.<\/p>\n\n\n\n<p><strong>Un facilitateur disponible pour vous accompagner<\/strong><\/p>\n\n\n\n<p>Conscient du d\u00e9fi qu\u2019un tel projet peut impliquer, Bruxelles-Environnement propose un service gratuit d\u2019accompagnement pour celles et ceux qui souhaitent d\u00e9marrer sa propre communaut\u00e9 d\u2019\u00e9nergie.<\/p>\n\n\n\n<p>La communaut\u00e9 <em>Nos Bambins<\/em> pourra donc continuer \u00e0 b\u00e9n\u00e9ficier d\u2019un soutien gratuit via le <a href=\"https:\/\/environnement.brussels\/news\/un-nouveau-facilitateur-pour-le-partage-denergie\">service du facilitateur partage et communaut\u00e9s d\u2019\u00e9nergie<\/a>.<\/p>\n","protected":false},"excerpt":{"rendered":"<p>L\u2019assembl\u00e9e g\u00e9n\u00e9rale annuelle de la communaut\u00e9 d\u2019\u00e9nergie Nos Bambins \u00e9tait particuli\u00e8re cette ann\u00e9e. En mission d\u2019accompagnement depuis deux ans, Energie Commune se retire pour laisser la communaut\u00e9 prendre son envol. Les treize participants, compos\u00e9s de citoyens, la commune de Ganshoren, une copropri\u00e9t\u00e9 et plusieurs professions lib\u00e9rales, vont reprendre en main la gestion du partage d\u2019\u00e9nergie et la gestion administrative de la communaut\u00e9 d\u2019\u00e9nergie. Une \u00e9lectricit\u00e9 renouvelable, locale, et moins ch\u00e8re. Le prix de l\u2019\u00e9lectricit\u00e9 revendue en 2022 s\u2019\u00e9levait \u00e0 10,3c\u20ac HTVA par kWh. Compar\u00e9 aux prix actuels que l\u2019on peut trouver sur des comparateurs de fournisseurs en ligne (37c\u20ac\/kWh HTVA), il est largement inf\u00e9rieur. Ensemble, les participants ont pu r\u00e9aliser des \u00e9conomies sur leur facture d\u2019\u00e9lectricit\u00e9. Voici les chiffres pour chaque ann\u00e9e&nbsp;: 2020 (Ao\u00fbt-D\u00e9cembre)&nbsp;: 300\u20ac (demi-ann\u00e9e avec peu d\u2019ensoleillement) 2021 (Janvier-D\u00e9cembre)&nbsp;: 2200\u20ac 2022 (Janvier-Juin)&nbsp;: 3200\u20ac Les \u00e9conomies de cette ann\u00e9e sont principalement dues \u00e0 la hausse des prix du march\u00e9 de l\u2019\u00e9lectricit\u00e9. Une belle aventure La partage d\u2019\u00e9nergie entre voisins, c\u2019est aussi une exp\u00e9rience enrichissante. Comme le souligne l\u2019un des participants, Pierre A.&nbsp;: \u00ab La communaut\u00e9 d\u2019\u00e9nergie a permis de nouer des contacts avec des voisins et de cr\u00e9er une dynamique avec les membres les plus motiv\u00e9s. (\u2026) &nbsp;C\u2019est une belle application de \u00ab&nbsp;consommer local&nbsp;\u00bb avec un avantage financier qui devient int\u00e9ressant vu l\u2019\u00e9volution du prix de l\u2019\u00e9lectricit\u00e9 ces derniers mois. (\u2026) \u00c9tant prosumer, je pr\u00e9f\u00e8re revendre une partie de mon injection \u00e0 un tarif inf\u00e9rieur \u00e0 celui propos\u00e9 par mon fournisseur afin que des voisins n\u2019ayant pas la possibilit\u00e9 d\u2019investir dans le photovolta\u00efque b\u00e9n\u00e9ficient d\u2019un tarif r\u00e9duit pour une partie de leur consommation. Cette dynamique, autour d\u2019un besoin essentiel qu\u2019est l\u2019\u00e9nergie, a permis aux participants de s\u2019\u00e9changer des astuces pour faire des \u00e9conomies d\u2019\u00e9nergie. Elle a \u00e9galement suscit\u00e9 l\u2019installation &hellip; <a href=\"https:\/\/www.renouvelle.be\/fr\/deux-ans-apres-la-premiere-communaute-denergie-bruxelloise-le-bilan-est-positif\/\" class=\"more-link\">Continue reading<span class=\"screen-reader-text\"> \u00ab\u00a0Deux ans apr\u00e8s la premi\u00e8re communaut\u00e9 d\u2019\u00e9nergie bruxelloise, le bilan est positif\u00a0\u00bb<\/span><\/a><\/p>\n","protected":false},"author":22,"featured_media":8446,"comment_status":"closed","ping_status":"closed","sticky":false,"template":"","format":"standard","meta":{"_acf_changed":false,"footnotes":""},"categories":[17],"tags":[],"section":[8,5,13],"class_list":["post-8445","post","type-post","status-publish","format-standard","has-post-thumbnail","hentry","category-actualite-en-belgique","section-energie-renouvelables","section-communaute-denergie","section-solaire"],"acf":[],"yoast_head":"<!-- This site is optimized with the Yoast SEO plugin v27.5 - https:\/\/yoast.com\/product\/yoast-seo-wordpress\/ -->\n<title>Deux ans apr\u00e8s la premi\u00e8re communaut\u00e9 d\u2019\u00e9nergie bruxelloise, le bilan est positif - Renouvelle<\/title>\n<meta name=\"robots\" content=\"index, follow, max-snippet:-1, max-image-preview:large, max-video-preview:-1\" \/>\n<link rel=\"canonical\" href=\"https:\/\/www.renouvelle.be\/fr\/deux-ans-apres-la-premiere-communaute-denergie-bruxelloise-le-bilan-est-positif\/\" \/>\n<meta property=\"og:locale\" content=\"fr_FR\" \/>\n<meta property=\"og:type\" content=\"article\" \/>\n<meta property=\"og:title\" content=\"Deux ans apr\u00e8s la premi\u00e8re communaut\u00e9 d\u2019\u00e9nergie bruxelloise, le bilan est positif - Renouvelle\" \/>\n<meta property=\"og:description\" content=\"L\u2019assembl\u00e9e g\u00e9n\u00e9rale annuelle de la communaut\u00e9 d\u2019\u00e9nergie Nos Bambins \u00e9tait particuli\u00e8re cette ann\u00e9e. En mission d\u2019accompagnement depuis deux ans, Energie Commune se retire pour laisser la communaut\u00e9 prendre son envol. Les treize participants, compos\u00e9s de citoyens, la commune de Ganshoren, une copropri\u00e9t\u00e9 et plusieurs professions lib\u00e9rales, vont reprendre en main la gestion du partage d\u2019\u00e9nergie et la gestion administrative de la communaut\u00e9 d\u2019\u00e9nergie. Une \u00e9lectricit\u00e9 renouvelable, locale, et moins ch\u00e8re. Le prix de l\u2019\u00e9lectricit\u00e9 revendue en 2022 s\u2019\u00e9levait \u00e0 10,3c\u20ac HTVA par kWh. Compar\u00e9 aux prix actuels que l\u2019on peut trouver sur des comparateurs de fournisseurs en ligne (37c\u20ac\/kWh HTVA), il est largement inf\u00e9rieur. Ensemble, les participants ont pu r\u00e9aliser des \u00e9conomies sur leur facture d\u2019\u00e9lectricit\u00e9. Voici les chiffres pour chaque ann\u00e9e&nbsp;: 2020 (Ao\u00fbt-D\u00e9cembre)&nbsp;: 300\u20ac (demi-ann\u00e9e avec peu d\u2019ensoleillement) 2021 (Janvier-D\u00e9cembre)&nbsp;: 2200\u20ac 2022 (Janvier-Juin)&nbsp;: 3200\u20ac Les \u00e9conomies de cette ann\u00e9e sont principalement dues \u00e0 la hausse des prix du march\u00e9 de l\u2019\u00e9lectricit\u00e9. Une belle aventure La partage d\u2019\u00e9nergie entre voisins, c\u2019est aussi une exp\u00e9rience enrichissante. Comme le souligne l\u2019un des participants, Pierre A.&nbsp;: \u00ab La communaut\u00e9 d\u2019\u00e9nergie a permis de nouer des contacts avec des voisins et de cr\u00e9er une dynamique avec les membres les plus motiv\u00e9s. (\u2026) &nbsp;C\u2019est une belle application de \u00ab&nbsp;consommer local&nbsp;\u00bb avec un avantage financier qui devient int\u00e9ressant vu l\u2019\u00e9volution du prix de l\u2019\u00e9lectricit\u00e9 ces derniers mois. (\u2026) \u00c9tant prosumer, je pr\u00e9f\u00e8re revendre une partie de mon injection \u00e0 un tarif inf\u00e9rieur \u00e0 celui propos\u00e9 par mon fournisseur afin que des voisins n\u2019ayant pas la possibilit\u00e9 d\u2019investir dans le photovolta\u00efque b\u00e9n\u00e9ficient d\u2019un tarif r\u00e9duit pour une partie de leur consommation. Cette dynamique, autour d\u2019un besoin essentiel qu\u2019est l\u2019\u00e9nergie, a permis aux participants de s\u2019\u00e9changer des astuces pour faire des \u00e9conomies d\u2019\u00e9nergie. Elle a \u00e9galement suscit\u00e9 l\u2019installation &hellip; Continue reading &quot;Deux ans apr\u00e8s la premi\u00e8re communaut\u00e9 d\u2019\u00e9nergie bruxelloise, le bilan est positif&quot;\" \/>\n<meta property=\"og:url\" content=\"https:\/\/www.renouvelle.be\/fr\/deux-ans-apres-la-premiere-communaute-denergie-bruxelloise-le-bilan-est-positif\/\" \/>\n<meta property=\"og:site_name\" content=\"Renouvelle\" \/>\n<meta property=\"article:published_time\" content=\"2022-09-01T10:33:10+00:00\" \/>\n<meta property=\"article:modified_time\" content=\"2022-10-12T15:11:27+00:00\" \/>\n<meta property=\"og:image\" content=\"https:\/\/www.renouvelle.be\/wp-content\/uploads\/2022\/09\/2019-03-15-14-09-19-min-1280x960-1.jpg\" \/>\n\t<meta property=\"og:image:width\" content=\"1280\" \/>\n\t<meta property=\"og:image:height\" content=\"960\" \/>\n\t<meta property=\"og:image:type\" content=\"image\/jpeg\" \/>\n<meta name=\"author\" content=\"Minh Ch\u00e2u BUI\" \/>\n<meta name=\"twitter:card\" content=\"summary_large_image\" \/>\n<script type=\"application\/ld+json\" class=\"yoast-schema-graph\">{\"@context\":\"https:\\\/\\\/schema.org\",\"@graph\":[{\"@type\":\"Article\",\"@id\":\"https:\\\/\\\/www.renouvelle.be\\\/fr\\\/deux-ans-apres-la-premiere-communaute-denergie-bruxelloise-le-bilan-est-positif\\\/#article\",\"isPartOf\":{\"@id\":\"https:\\\/\\\/www.renouvelle.be\\\/fr\\\/deux-ans-apres-la-premiere-communaute-denergie-bruxelloise-le-bilan-est-positif\\\/\"},\"author\":{\"name\":\"Minh Ch\u00e2u BUI\",\"@id\":\"https:\\\/\\\/www.renouvelle.be\\\/fr\\\/#\\\/schema\\\/person\\\/e7a0c9d6fbb987de79ecd5ccdccec356\"},\"headline\":\"Deux ans apr\u00e8s la premi\u00e8re communaut\u00e9 d\u2019\u00e9nergie bruxelloise, le bilan est positif\",\"datePublished\":\"2022-09-01T10:33:10+00:00\",\"dateModified\":\"2022-10-12T15:11:27+00:00\",\"mainEntityOfPage\":{\"@id\":\"https:\\\/\\\/www.renouvelle.be\\\/fr\\\/deux-ans-apres-la-premiere-communaute-denergie-bruxelloise-le-bilan-est-positif\\\/\"},\"wordCount\":636,\"image\":{\"@id\":\"https:\\\/\\\/www.renouvelle.be\\\/fr\\\/deux-ans-apres-la-premiere-communaute-denergie-bruxelloise-le-bilan-est-positif\\\/#primaryimage\"},\"thumbnailUrl\":\"https:\\\/\\\/www.renouvelle.be\\\/wp-content\\\/uploads\\\/2022\\\/09\\\/2019-03-15-14-09-19-min-1280x960-1.jpg\",\"articleSection\":[\"Actualit\u00e9 en Belgique\"],\"inLanguage\":\"fr-FR\"},{\"@type\":\"WebPage\",\"@id\":\"https:\\\/\\\/www.renouvelle.be\\\/fr\\\/deux-ans-apres-la-premiere-communaute-denergie-bruxelloise-le-bilan-est-positif\\\/\",\"url\":\"https:\\\/\\\/www.renouvelle.be\\\/fr\\\/deux-ans-apres-la-premiere-communaute-denergie-bruxelloise-le-bilan-est-positif\\\/\",\"name\":\"Deux ans apr\u00e8s la premi\u00e8re communaut\u00e9 d\u2019\u00e9nergie bruxelloise, le bilan est positif - Renouvelle\",\"isPartOf\":{\"@id\":\"https:\\\/\\\/www.renouvelle.be\\\/fr\\\/#website\"},\"primaryImageOfPage\":{\"@id\":\"https:\\\/\\\/www.renouvelle.be\\\/fr\\\/deux-ans-apres-la-premiere-communaute-denergie-bruxelloise-le-bilan-est-positif\\\/#primaryimage\"},\"image\":{\"@id\":\"https:\\\/\\\/www.renouvelle.be\\\/fr\\\/deux-ans-apres-la-premiere-communaute-denergie-bruxelloise-le-bilan-est-positif\\\/#primaryimage\"},\"thumbnailUrl\":\"https:\\\/\\\/www.renouvelle.be\\\/wp-content\\\/uploads\\\/2022\\\/09\\\/2019-03-15-14-09-19-min-1280x960-1.jpg\",\"datePublished\":\"2022-09-01T10:33:10+00:00\",\"dateModified\":\"2022-10-12T15:11:27+00:00\",\"author\":{\"@id\":\"https:\\\/\\\/www.renouvelle.be\\\/fr\\\/#\\\/schema\\\/person\\\/e7a0c9d6fbb987de79ecd5ccdccec356\"},\"breadcrumb\":{\"@id\":\"https:\\\/\\\/www.renouvelle.be\\\/fr\\\/deux-ans-apres-la-premiere-communaute-denergie-bruxelloise-le-bilan-est-positif\\\/#breadcrumb\"},\"inLanguage\":\"fr-FR\",\"potentialAction\":[{\"@type\":\"ReadAction\",\"target\":[\"https:\\\/\\\/www.renouvelle.be\\\/fr\\\/deux-ans-apres-la-premiere-communaute-denergie-bruxelloise-le-bilan-est-positif\\\/\"]}]},{\"@type\":\"ImageObject\",\"inLanguage\":\"fr-FR\",\"@id\":\"https:\\\/\\\/www.renouvelle.be\\\/fr\\\/deux-ans-apres-la-premiere-communaute-denergie-bruxelloise-le-bilan-est-positif\\\/#primaryimage\",\"url\":\"https:\\\/\\\/www.renouvelle.be\\\/wp-content\\\/uploads\\\/2022\\\/09\\\/2019-03-15-14-09-19-min-1280x960-1.jpg\",\"contentUrl\":\"https:\\\/\\\/www.renouvelle.be\\\/wp-content\\\/uploads\\\/2022\\\/09\\\/2019-03-15-14-09-19-min-1280x960-1.jpg\",\"width\":1280,\"height\":960},{\"@type\":\"BreadcrumbList\",\"@id\":\"https:\\\/\\\/www.renouvelle.be\\\/fr\\\/deux-ans-apres-la-premiere-communaute-denergie-bruxelloise-le-bilan-est-positif\\\/#breadcrumb\",\"itemListElement\":[{\"@type\":\"ListItem\",\"position\":1,\"name\":\"Accueil\",\"item\":\"https:\\\/\\\/www.renouvelle.be\\\/fr\\\/\"},{\"@type\":\"ListItem\",\"position\":2,\"name\":\"Deux ans apr\u00e8s la premi\u00e8re communaut\u00e9 d\u2019\u00e9nergie bruxelloise, le bilan est positif\"}]},{\"@type\":\"WebSite\",\"@id\":\"https:\\\/\\\/www.renouvelle.be\\\/fr\\\/#website\",\"url\":\"https:\\\/\\\/www.renouvelle.be\\\/fr\\\/\",\"name\":\"Renouvelle\",\"description\":\"L&#039;actualit\u00e9 de l&#039;\u00e9nergie durable\",\"potentialAction\":[{\"@type\":\"SearchAction\",\"target\":{\"@type\":\"EntryPoint\",\"urlTemplate\":\"https:\\\/\\\/www.renouvelle.be\\\/fr\\\/?s={search_term_string}\"},\"query-input\":{\"@type\":\"PropertyValueSpecification\",\"valueRequired\":true,\"valueName\":\"search_term_string\"}}],\"inLanguage\":\"fr-FR\"},{\"@type\":\"Person\",\"@id\":\"https:\\\/\\\/www.renouvelle.be\\\/fr\\\/#\\\/schema\\\/person\\\/e7a0c9d6fbb987de79ecd5ccdccec356\",\"name\":\"Minh Ch\u00e2u BUI\",\"url\":\"https:\\\/\\\/www.renouvelle.be\\\/fr\\\/author\\\/minhchaubui\\\/\"}]}<\/script>\n<!-- \/ Yoast SEO plugin. -->","yoast_head_json":{"title":"Deux ans apr\u00e8s la premi\u00e8re communaut\u00e9 d\u2019\u00e9nergie bruxelloise, le bilan est positif - Renouvelle","robots":{"index":"index","follow":"follow","max-snippet":"max-snippet:-1","max-image-preview":"max-image-preview:large","max-video-preview":"max-video-preview:-1"},"canonical":"https:\/\/www.renouvelle.be\/fr\/deux-ans-apres-la-premiere-communaute-denergie-bruxelloise-le-bilan-est-positif\/","og_locale":"fr_FR","og_type":"article","og_title":"Deux ans apr\u00e8s la premi\u00e8re communaut\u00e9 d\u2019\u00e9nergie bruxelloise, le bilan est positif - Renouvelle","og_description":"L\u2019assembl\u00e9e g\u00e9n\u00e9rale annuelle de la communaut\u00e9 d\u2019\u00e9nergie Nos Bambins \u00e9tait particuli\u00e8re cette ann\u00e9e. En mission d\u2019accompagnement depuis deux ans, Energie Commune se retire pour laisser la communaut\u00e9 prendre son envol. Les treize participants, compos\u00e9s de citoyens, la commune de Ganshoren, une copropri\u00e9t\u00e9 et plusieurs professions lib\u00e9rales, vont reprendre en main la gestion du partage d\u2019\u00e9nergie et la gestion administrative de la communaut\u00e9 d\u2019\u00e9nergie. Une \u00e9lectricit\u00e9 renouvelable, locale, et moins ch\u00e8re. Le prix de l\u2019\u00e9lectricit\u00e9 revendue en 2022 s\u2019\u00e9levait \u00e0 10,3c\u20ac HTVA par kWh. Compar\u00e9 aux prix actuels que l\u2019on peut trouver sur des comparateurs de fournisseurs en ligne (37c\u20ac\/kWh HTVA), il est largement inf\u00e9rieur. Ensemble, les participants ont pu r\u00e9aliser des \u00e9conomies sur leur facture d\u2019\u00e9lectricit\u00e9. Voici les chiffres pour chaque ann\u00e9e&nbsp;: 2020 (Ao\u00fbt-D\u00e9cembre)&nbsp;: 300\u20ac (demi-ann\u00e9e avec peu d\u2019ensoleillement) 2021 (Janvier-D\u00e9cembre)&nbsp;: 2200\u20ac 2022 (Janvier-Juin)&nbsp;: 3200\u20ac Les \u00e9conomies de cette ann\u00e9e sont principalement dues \u00e0 la hausse des prix du march\u00e9 de l\u2019\u00e9lectricit\u00e9. Une belle aventure La partage d\u2019\u00e9nergie entre voisins, c\u2019est aussi une exp\u00e9rience enrichissante. Comme le souligne l\u2019un des participants, Pierre A.&nbsp;: \u00ab La communaut\u00e9 d\u2019\u00e9nergie a permis de nouer des contacts avec des voisins et de cr\u00e9er une dynamique avec les membres les plus motiv\u00e9s. (\u2026) &nbsp;C\u2019est une belle application de \u00ab&nbsp;consommer local&nbsp;\u00bb avec un avantage financier qui devient int\u00e9ressant vu l\u2019\u00e9volution du prix de l\u2019\u00e9lectricit\u00e9 ces derniers mois. (\u2026) \u00c9tant prosumer, je pr\u00e9f\u00e8re revendre une partie de mon injection \u00e0 un tarif inf\u00e9rieur \u00e0 celui propos\u00e9 par mon fournisseur afin que des voisins n\u2019ayant pas la possibilit\u00e9 d\u2019investir dans le photovolta\u00efque b\u00e9n\u00e9ficient d\u2019un tarif r\u00e9duit pour une partie de leur consommation. Cette dynamique, autour d\u2019un besoin essentiel qu\u2019est l\u2019\u00e9nergie, a permis aux participants de s\u2019\u00e9changer des astuces pour faire des \u00e9conomies d\u2019\u00e9nergie. Elle a \u00e9galement suscit\u00e9 l\u2019installation &hellip; Continue reading \"Deux ans apr\u00e8s la premi\u00e8re communaut\u00e9 d\u2019\u00e9nergie bruxelloise, le bilan est positif\"","og_url":"https:\/\/www.renouvelle.be\/fr\/deux-ans-apres-la-premiere-communaute-denergie-bruxelloise-le-bilan-est-positif\/","og_site_name":"Renouvelle","article_published_time":"2022-09-01T10:33:10+00:00","article_modified_time":"2022-10-12T15:11:27+00:00","og_image":[{"width":1280,"height":960,"url":"https:\/\/www.renouvelle.be\/wp-content\/uploads\/2022\/09\/2019-03-15-14-09-19-min-1280x960-1.jpg","type":"image\/jpeg"}],"author":"Minh Ch\u00e2u BUI","twitter_card":"summary_large_image","schema":{"@context":"https:\/\/schema.org","@graph":[{"@type":"Article","@id":"https:\/\/www.renouvelle.be\/fr\/deux-ans-apres-la-premiere-communaute-denergie-bruxelloise-le-bilan-est-positif\/#article","isPartOf":{"@id":"https:\/\/www.renouvelle.be\/fr\/deux-ans-apres-la-premiere-communaute-denergie-bruxelloise-le-bilan-est-positif\/"},"author":{"name":"Minh Ch\u00e2u BUI","@id":"https:\/\/www.renouvelle.be\/fr\/#\/schema\/person\/e7a0c9d6fbb987de79ecd5ccdccec356"},"headline":"Deux ans apr\u00e8s la premi\u00e8re communaut\u00e9 d\u2019\u00e9nergie bruxelloise, le bilan est positif","datePublished":"2022-09-01T10:33:10+00:00","dateModified":"2022-10-12T15:11:27+00:00","mainEntityOfPage":{"@id":"https:\/\/www.renouvelle.be\/fr\/deux-ans-apres-la-premiere-communaute-denergie-bruxelloise-le-bilan-est-positif\/"},"wordCount":636,"image":{"@id":"https:\/\/www.renouvelle.be\/fr\/deux-ans-apres-la-premiere-communaute-denergie-bruxelloise-le-bilan-est-positif\/#primaryimage"},"thumbnailUrl":"https:\/\/www.renouvelle.be\/wp-content\/uploads\/2022\/09\/2019-03-15-14-09-19-min-1280x960-1.jpg","articleSection":["Actualit\u00e9 en Belgique"],"inLanguage":"fr-FR"},{"@type":"WebPage","@id":"https:\/\/www.renouvelle.be\/fr\/deux-ans-apres-la-premiere-communaute-denergie-bruxelloise-le-bilan-est-positif\/","url":"https:\/\/www.renouvelle.be\/fr\/deux-ans-apres-la-premiere-communaute-denergie-bruxelloise-le-bilan-est-positif\/","name":"Deux ans apr\u00e8s la premi\u00e8re communaut\u00e9 d\u2019\u00e9nergie bruxelloise, le bilan est positif - Renouvelle","isPartOf":{"@id":"https:\/\/www.renouvelle.be\/fr\/#website"},"primaryImageOfPage":{"@id":"https:\/\/www.renouvelle.be\/fr\/deux-ans-apres-la-premiere-communaute-denergie-bruxelloise-le-bilan-est-positif\/#primaryimage"},"image":{"@id":"https:\/\/www.renouvelle.be\/fr\/deux-ans-apres-la-premiere-communaute-denergie-bruxelloise-le-bilan-est-positif\/#primaryimage"},"thumbnailUrl":"https:\/\/www.renouvelle.be\/wp-content\/uploads\/2022\/09\/2019-03-15-14-09-19-min-1280x960-1.jpg","datePublished":"2022-09-01T10:33:10+00:00","dateModified":"2022-10-12T15:11:27+00:00","author":{"@id":"https:\/\/www.renouvelle.be\/fr\/#\/schema\/person\/e7a0c9d6fbb987de79ecd5ccdccec356"},"breadcrumb":{"@id":"https:\/\/www.renouvelle.be\/fr\/deux-ans-apres-la-premiere-communaute-denergie-bruxelloise-le-bilan-est-positif\/#breadcrumb"},"inLanguage":"fr-FR","potentialAction":[{"@type":"ReadAction","target":["https:\/\/www.renouvelle.be\/fr\/deux-ans-apres-la-premiere-communaute-denergie-bruxelloise-le-bilan-est-positif\/"]}]},{"@type":"ImageObject","inLanguage":"fr-FR","@id":"https:\/\/www.renouvelle.be\/fr\/deux-ans-apres-la-premiere-communaute-denergie-bruxelloise-le-bilan-est-positif\/#primaryimage","url":"https:\/\/www.renouvelle.be\/wp-content\/uploads\/2022\/09\/2019-03-15-14-09-19-min-1280x960-1.jpg","contentUrl":"https:\/\/www.renouvelle.be\/wp-content\/uploads\/2022\/09\/2019-03-15-14-09-19-min-1280x960-1.jpg","width":1280,"height":960},{"@type":"BreadcrumbList","@id":"https:\/\/www.renouvelle.be\/fr\/deux-ans-apres-la-premiere-communaute-denergie-bruxelloise-le-bilan-est-positif\/#breadcrumb","itemListElement":[{"@type":"ListItem","position":1,"name":"Accueil","item":"https:\/\/www.renouvelle.be\/fr\/"},{"@type":"ListItem","position":2,"name":"Deux ans apr\u00e8s la premi\u00e8re communaut\u00e9 d\u2019\u00e9nergie bruxelloise, le bilan est positif"}]},{"@type":"WebSite","@id":"https:\/\/www.renouvelle.be\/fr\/#website","url":"https:\/\/www.renouvelle.be\/fr\/","name":"Renouvelle","description":"L&#039;actualit\u00e9 de l&#039;\u00e9nergie durable","potentialAction":[{"@type":"SearchAction","target":{"@type":"EntryPoint","urlTemplate":"https:\/\/www.renouvelle.be\/fr\/?s={search_term_string}"},"query-input":{"@type":"PropertyValueSpecification","valueRequired":true,"valueName":"search_term_string"}}],"inLanguage":"fr-FR"},{"@type":"Person","@id":"https:\/\/www.renouvelle.be\/fr\/#\/schema\/person\/e7a0c9d6fbb987de79ecd5ccdccec356","name":"Minh Ch\u00e2u BUI","url":"https:\/\/www.renouvelle.be\/fr\/author\/minhchaubui\/"}]}},"_links":{"self":[{"href":"https:\/\/www.renouvelle.be\/fr\/wp-json\/wp\/v2\/posts\/8445","targetHints":{"allow":["GET"]}}],"collection":[{"href":"https:\/\/www.renouvelle.be\/fr\/wp-json\/wp\/v2\/posts"}],"about":[{"href":"https:\/\/www.renouvelle.be\/fr\/wp-json\/wp\/v2\/types\/post"}],"author":[{"embeddable":true,"href":"https:\/\/www.renouvelle.be\/fr\/wp-json\/wp\/v2\/users\/22"}],"replies":[{"embeddable":true,"href":"https:\/\/www.renouvelle.be\/fr\/wp-json\/wp\/v2\/comments?post=8445"}],"version-history":[{"count":6,"href":"https:\/\/www.renouvelle.be\/fr\/wp-json\/wp\/v2\/posts\/8445\/revisions"}],"predecessor-version":[{"id":8496,"href":"https:\/\/www.renouvelle.be\/fr\/wp-json\/wp\/v2\/posts\/8445\/revisions\/8496"}],"wp:featuredmedia":[{"embeddable":true,"href":"https:\/\/www.renouvelle.be\/fr\/wp-json\/wp\/v2\/media\/8446"}],"wp:attachment":[{"href":"https:\/\/www.renouvelle.be\/fr\/wp-json\/wp\/v2\/media?parent=8445"}],"wp:term":[{"taxonomy":"category","embeddable":true,"href":"https:\/\/www.renouvelle.be\/fr\/wp-json\/wp\/v2\/categories?post=8445"},{"taxonomy":"post_tag","embeddable":true,"href":"https:\/\/www.renouvelle.be\/fr\/wp-json\/wp\/v2\/tags?post=8445"},{"taxonomy":"section","embeddable":true,"href":"https:\/\/www.renouvelle.be\/fr\/wp-json\/wp\/v2\/section?post=8445"}],"curies":[{"name":"wp","href":"https:\/\/api.w.org\/{rel}","templated":true}]}}