{"id":8371,"date":"2022-06-28T17:48:41","date_gmt":"2022-06-28T15:48:41","guid":{"rendered":"https:\/\/www.renouvelle.be\/?p=8371"},"modified":"2022-06-29T10:28:20","modified_gmt":"2022-06-29T08:28:20","slug":"pour-de-leolien-offshore-communautaire","status":"publish","type":"post","link":"https:\/\/www.renouvelle.be\/fr\/pour-de-leolien-offshore-communautaire\/","title":{"rendered":"Pour de l&rsquo;\u00e9olien offshore communautaire"},"content":{"rendered":"\n<p>La d\u00e9marche propos\u00e9e \u00e0 travers cette note, vise \u00e0 offrir une solution concr\u00e8te pour r\u00e9pondre \u00e0 la volont\u00e9 du Gouvernement f\u00e9d\u00e9ral d\u2019inclure les citoyens dans le futur appel d\u2019offres visant la construction d\u2019un nouveau parc d\u2019\u00e9oliennes offshore.<\/p>\n\n\n\n<div class=\"wp-block-group\"><div class=\"wp-block-group__inner-container is-layout-flow wp-block-group-is-layout-flow\">\n<h2 class=\"wp-block-heading\">Contexte<\/h2>\n\n\n\n<p>La lib\u00e9ralisation des march\u00e9s de l\u2019\u00e9lectricit\u00e9 a permis l\u2019\u00e9mergence de deux types d\u2019acteurs&nbsp;:<\/p>\n\n\n\n<ul class=\"wp-block-list\"><li>Des<strong> entreprises commerciale<\/strong>s ayant pour objectif premier de g\u00e9n\u00e9rer du profit&nbsp;;<\/li><li>Des <strong>entreprises d&rsquo;\u00e9conomie sociale<\/strong> (souvent des coop\u00e9ratives) qui poursuivent des objectifs sociaux, environnementaux et \u00e9conomiques, plut\u00f4t que la recherche de profit (Ecopower, Cociter, Emission z\u00e9ro, \u2026).<\/li><\/ul>\n\n\n\n<h3 class=\"wp-block-heading\">Avantages du mod\u00e8le communautaire<\/h3>\n\n\n\n<p><strong>Le consommateur au centre<\/strong><\/p>\n\n\n\n<p>Permettre aux consommateurs d\u2019investir dans des installations de production d\u2019\u00e9lectricit\u00e9 par l\u2019interm\u00e9diaire d\u2019une structure, dont la gouvernance est d\u00e9mocratique, leur permet de d\u00e9cider de la finalit\u00e9 de la production. Si cet interm\u00e9diaire est une communaut\u00e9 d\u2019\u00e9nergie, cette derni\u00e8re aura l\u2019obligation de poursuivre des objectifs non lucratifs (environnementaux, sociaux et \u00e9conomiques).<\/p>\n\n\n\n<p>Si ce mod\u00e8le de production communautaire se combine avec un mod\u00e8le de fourniture du m\u00eame type, il peut alors se cr\u00e9er une boucle qui peut potentiellement garantir aux consommateurs qui sont membres et\/ou clients de ces structures, l\u2019acc\u00e8s \u00e0 une \u00e9nergie dont le prix est bas et stable, tel qu\u2019illustr\u00e9 ci-dessous.&nbsp;<\/p>\n\n\n\n<figure class=\"wp-block-image size-large is-resized\"><img loading=\"lazy\" decoding=\"async\" src=\"https:\/\/www.renouvelle.be\/wp-content\/uploads\/2022\/06\/activites-communautes-1-1024x584.png\" alt=\"\" class=\"wp-image-8322\" width=\"750\" height=\"428\" srcset=\"https:\/\/www.renouvelle.be\/wp-content\/uploads\/2022\/06\/activites-communautes-1-1024x584.png 1024w, https:\/\/www.renouvelle.be\/wp-content\/uploads\/2022\/06\/activites-communautes-1-300x171.png 300w, https:\/\/www.renouvelle.be\/wp-content\/uploads\/2022\/06\/activites-communautes-1-768x438.png 768w, https:\/\/www.renouvelle.be\/wp-content\/uploads\/2022\/06\/activites-communautes-1-1200x684.png 1200w, https:\/\/www.renouvelle.be\/wp-content\/uploads\/2022\/06\/activites-communautes-1.png 1267w\" sizes=\"auto, (max-width: 750px) 100vw, 750px\" \/><figcaption>\u00a9Bruxelles-Environnement<\/figcaption><\/figure>\n\n\n\n<p><strong>Offre de prix bas et stable<\/strong><\/p>\n\n\n\n<p>La dynamique expliqu\u00e9e ci-dessus permet aux acteurs communautaires d\u2019offrir de l\u2019\u00e9lectricit\u00e9 \u00e0 prix bas et stables, dans un contexte o\u00f9 la facture d\u2019\u00e9lectricit\u00e9 explose. <a href=\"http:\/\/www.cociter.be\" target=\"_blank\" rel=\"noreferrer noopener\">Cociter<\/a> et <a href=\"http:\/\/www.ecopower.be\" target=\"_blank\" rel=\"noreferrer noopener\">Ecopower<\/a> sont actuellement les fournisseurs les moins chers du march\u00e9 wallon et flamand.<\/p>\n\n\n\n<p>Le prix est stable car le fournisseur communautaire ach\u00e8te uniquement de l\u2019\u00e9lectricit\u00e9 renouvelable, sans passer par les march\u00e9s de gros. Or, le vent sera toujours gratuit et disponible, ind\u00e9pendamment des dynamiques internationales.<\/p>\n\n\n\n<p>Le prix est bas gr\u00e2ce \u00e0 des co\u00fbts de production de l\u2019\u00e9lectricit\u00e9 renouvelable tr\u00e8s faibles et \u00e0 l\u2019obligation des communaut\u00e9s d\u2019\u00e9nergie de poursuivre un objectif non lucratif, amenant l\u2019affection des b\u00e9n\u00e9fices financiers vers une baisse du prix de vente de l\u2019\u00e9lectricit\u00e9, plut\u00f4t que la distribution de dividendes.<\/p>\n<\/div><\/div>\n\n\n\n<div class=\"wp-block-group\"><div class=\"wp-block-group__inner-container is-layout-flow wp-block-group-is-layout-flow\">\n<h2 class=\"wp-block-heading\">Objectif de la d\u00e9marche<\/h2>\n\n\n\n<p>Malgr\u00e9 ces avantages, le mod\u00e8le communautaire reste marginal, \u00e9tant donn\u00e9 les tr\u00e8s faibles volumes d\u2019\u00e9lectricit\u00e9 produits et vendus par ces acteurs.<\/p>\n\n\n\n<p>L\u2019objectif du projet est de profiter des perspectives de d\u00e9veloppement de l\u2019\u00e9olien offshore en mer du Nord, en vue d\u2019augmenter ces volumes, tout en contribuant financi\u00e8rement au d\u00e9veloppement de l\u2019offshore. &nbsp;&nbsp;<\/p>\n\n\n\n<p>Plus concr\u00e8tement, l\u2019objectif est de garantir la participation financi\u00e8re des consommateurs dans le nouvel appel d\u2019offres offshore, ind\u00e9pendamment du consortium retenu. Cette participation devra leur permettre d\u2019avoir la propri\u00e9t\u00e9 de la production, au prorata de leur participation financi\u00e8re. Cette production serait ensuite revendue aux fournisseurs communautaires, leur permettant ainsi d\u2019\u00e9largir leur nombre de clients.<\/p>\n<\/div><\/div>\n\n\n\n<div class=\"wp-block-group\"><div class=\"wp-block-group__inner-container is-layout-flow wp-block-group-is-layout-flow\">\n<h2 class=\"wp-block-heading\">Comment y arriver&nbsp;?<\/h2>\n\n\n\n<h3 class=\"wp-block-heading\">Rassembler les citoyens<\/h3>\n\n\n\n<p>Les communaut\u00e9s d\u2019\u00e9nergie constituent le v\u00e9hicule juridique id\u00e9al pour rassembler les consommateurs, au sein d\u2019une m\u00eame personne morale. Formellement, ce serait uniquement la communaut\u00e9 d\u2019\u00e9nergie qui participera \u00e0 l\u2019appel d\u2019offres. &nbsp;<\/p>\n\n\n\n<h3 class=\"wp-block-heading\">Ins\u00e9rer deux clauses sp\u00e9cifiques dans l\u2019appel d\u2019offres&nbsp;<\/h3>\n\n\n\n<ul class=\"wp-block-list\"><li>Des conditions qui garantissent la pr\u00e9sence d\u2019une communaut\u00e9 d\u2019\u00e9nergie, compos\u00e9e uniquement de citoyens, dans la future soci\u00e9t\u00e9 de projet offshore li\u00e9e \u00e0 la nouvelle concession<\/li><\/ul>\n\n\n\n<ul class=\"wp-block-list\"><li>Une garantie de la propri\u00e9t\u00e9 exclusive par la communaut\u00e9 d\u2019\u00e9nergie d\u2019une quantit\u00e9 d\u2019\u00e9lectricit\u00e9, au moins \u00e9quivalente \u00e0 l\u2019investissement consentit.<\/li><\/ul>\n<\/div><\/div>\n\n\n\n<div class=\"wp-block-group\"><div class=\"wp-block-group__inner-container is-layout-flow wp-block-group-is-layout-flow\">\n<h2 class=\"wp-block-heading\">L\u2019\u00e9nergie \u00e9olienne offshore aux mains des citoyens, gr\u00e2ce \u00e0 SeaCoop<\/h2>\n\n\n\n<figure class=\"wp-block-image size-large\"><img loading=\"lazy\" decoding=\"async\" width=\"1024\" height=\"640\" src=\"https:\/\/www.renouvelle.be\/wp-content\/uploads\/2022\/06\/seacoop2logo_0-1024x640.jpg\" alt=\"\" class=\"wp-image-8382\" srcset=\"https:\/\/www.renouvelle.be\/wp-content\/uploads\/2022\/06\/seacoop2logo_0-1024x640.jpg 1024w, https:\/\/www.renouvelle.be\/wp-content\/uploads\/2022\/06\/seacoop2logo_0-300x188.jpg 300w, https:\/\/www.renouvelle.be\/wp-content\/uploads\/2022\/06\/seacoop2logo_0-768x480.jpg 768w, https:\/\/www.renouvelle.be\/wp-content\/uploads\/2022\/06\/seacoop2logo_0-1536x960.jpg 1536w, https:\/\/www.renouvelle.be\/wp-content\/uploads\/2022\/06\/seacoop2logo_0-1200x750.jpg 1200w, https:\/\/www.renouvelle.be\/wp-content\/uploads\/2022\/06\/seacoop2logo_0.jpg 1600w\" sizes=\"auto, (max-width: 1024px) 100vw, 1024px\" \/><\/figure>\n\n\n\n<p>SeaCoop, la nouvelle coop\u00e9rative belge active dans le domaine des \u00e9oliennes en mer du Nord a \u00e9t\u00e9 officiellement inaugur\u00e9e ce mercredi 15 juin.<\/p>\n\n\n\n<p>Fond\u00e9e par 33 coop\u00e9ratives citoyennes d\u2019\u00e9nergie renouvelable de Flandre et de Wallonie, SeaCoop est pr\u00eat \u00e0 aider le gouvernement belge \u00e0 atteindre ses objectifs de participation citoyenne dans le domaine de l\u2019\u00e9nergie \u00e9olienne en mer et, en m\u00eame temps, \u00e0 atteindre les objectifs europ\u00e9ens en mati\u00e8re de communaut\u00e9s d\u2019\u00e9nergie renouvelable.<\/p>\n\n\n\n<p>Objectif de la coop\u00e9rative :&nbsp;<strong>d\u00e9tenir une participation de 20 % dans les parcs \u00e9oliens offshores et disposer de l\u2019\u00e9lectricit\u00e9 qui y est produite pour l\u2019amener vers les foyers et PME belges via les fournisseurs coop\u00e9ratifs COCITER et Ecopower.<\/strong>&nbsp;Ce m\u00e9canisme de fourniture en circuit-court par et pour les citoyens vise \u00e0 assurer un ancrage durable de l\u2019\u00e9nergie renouvelable dans des mains belges et une stabilit\u00e9 des prix au b\u00e9n\u00e9fice de toutes et tous.<\/p>\n\n\n\n<p>Pour suivre la suite de leurs aventures, abonnez-vous \u00e0 leur page. \ud83d\ude09<\/p>\n\n\n\n<figure class=\"wp-block-image size-large\"><img loading=\"lazy\" decoding=\"async\" width=\"1024\" height=\"608\" src=\"https:\/\/www.renouvelle.be\/wp-content\/uploads\/2022\/06\/SeaCoop-1024x608.jpeg\" alt=\"\" class=\"wp-image-8376\" srcset=\"https:\/\/www.renouvelle.be\/wp-content\/uploads\/2022\/06\/SeaCoop-1024x608.jpeg 1024w, https:\/\/www.renouvelle.be\/wp-content\/uploads\/2022\/06\/SeaCoop-300x178.jpeg 300w, https:\/\/www.renouvelle.be\/wp-content\/uploads\/2022\/06\/SeaCoop-768x456.jpeg 768w, https:\/\/www.renouvelle.be\/wp-content\/uploads\/2022\/06\/SeaCoop-1536x912.jpeg 1536w, https:\/\/www.renouvelle.be\/wp-content\/uploads\/2022\/06\/SeaCoop-1200x712.jpeg 1200w, https:\/\/www.renouvelle.be\/wp-content\/uploads\/2022\/06\/SeaCoop.jpeg 1878w\" sizes=\"auto, (max-width: 1024px) 100vw, 1024px\" \/><\/figure>\n<\/div><\/div>\n","protected":false},"excerpt":{"rendered":"<p>La d\u00e9marche propos\u00e9e \u00e0 travers cette note, vise \u00e0 offrir une solution concr\u00e8te pour r\u00e9pondre \u00e0 la volont\u00e9 du Gouvernement f\u00e9d\u00e9ral d\u2019inclure les citoyens dans le futur appel d\u2019offres visant la construction d\u2019un nouveau parc d\u2019\u00e9oliennes offshore. Contexte La lib\u00e9ralisation des march\u00e9s de l\u2019\u00e9lectricit\u00e9 a permis l\u2019\u00e9mergence de deux types d\u2019acteurs&nbsp;: Des entreprises commerciales ayant pour objectif premier de g\u00e9n\u00e9rer du profit&nbsp;; Des entreprises d&rsquo;\u00e9conomie sociale (souvent des coop\u00e9ratives) qui poursuivent des objectifs sociaux, environnementaux et \u00e9conomiques, plut\u00f4t que la recherche de profit (Ecopower, Cociter, Emission z\u00e9ro, \u2026). Avantages du mod\u00e8le communautaire Le consommateur au centre Permettre aux consommateurs d\u2019investir dans des installations de production d\u2019\u00e9lectricit\u00e9 par l\u2019interm\u00e9diaire d\u2019une structure, dont la gouvernance est d\u00e9mocratique, leur permet de d\u00e9cider de la finalit\u00e9 de la production. Si cet interm\u00e9diaire est une communaut\u00e9 d\u2019\u00e9nergie, cette derni\u00e8re aura l\u2019obligation de poursuivre des objectifs non lucratifs (environnementaux, sociaux et \u00e9conomiques). Si ce mod\u00e8le de production communautaire se combine avec un mod\u00e8le de fourniture du m\u00eame type, il peut alors se cr\u00e9er une boucle qui peut potentiellement garantir aux consommateurs qui sont membres et\/ou clients de ces structures, l\u2019acc\u00e8s \u00e0 une \u00e9nergie dont le prix est bas et stable, tel qu\u2019illustr\u00e9 ci-dessous.&nbsp; Offre de prix bas et stable La dynamique expliqu\u00e9e ci-dessus permet aux acteurs communautaires d\u2019offrir de l\u2019\u00e9lectricit\u00e9 \u00e0 prix bas et stables, dans un contexte o\u00f9 la facture d\u2019\u00e9lectricit\u00e9 explose. Cociter et Ecopower sont actuellement les fournisseurs les moins chers du march\u00e9 wallon et flamand. Le prix est stable car le fournisseur communautaire ach\u00e8te uniquement de l\u2019\u00e9lectricit\u00e9 renouvelable, sans passer par les march\u00e9s de gros. Or, le vent sera toujours gratuit et disponible, ind\u00e9pendamment des dynamiques internationales. Le prix est bas gr\u00e2ce \u00e0 des co\u00fbts de production de l\u2019\u00e9lectricit\u00e9 renouvelable tr\u00e8s faibles et &hellip; <a href=\"https:\/\/www.renouvelle.be\/fr\/pour-de-leolien-offshore-communautaire\/\" class=\"more-link\">Continue reading<span class=\"screen-reader-text\"> \u00ab\u00a0Pour de l&rsquo;\u00e9olien offshore communautaire\u00a0\u00bb<\/span><\/a><\/p>\n","protected":false},"author":24,"featured_media":8380,"comment_status":"closed","ping_status":"closed","sticky":false,"template":"","format":"standard","meta":{"_acf_changed":false,"footnotes":""},"categories":[17],"tags":[],"section":[8,5,6],"class_list":["post-8371","post","type-post","status-publish","format-standard","has-post-thumbnail","hentry","category-actualite-en-belgique","section-energie-renouvelables","section-communaute-denergie","section-eolien"],"acf":[],"yoast_head":"<!-- This site is optimized with the Yoast SEO plugin v27.5 - https:\/\/yoast.com\/product\/yoast-seo-wordpress\/ -->\n<title>Pour de l&#039;\u00e9olien offshore communautaire - Renouvelle<\/title>\n<meta name=\"robots\" content=\"index, follow, max-snippet:-1, max-image-preview:large, max-video-preview:-1\" \/>\n<link rel=\"canonical\" href=\"https:\/\/www.renouvelle.be\/fr\/pour-de-leolien-offshore-communautaire\/\" \/>\n<meta property=\"og:locale\" content=\"fr_FR\" \/>\n<meta property=\"og:type\" content=\"article\" \/>\n<meta property=\"og:title\" content=\"Pour de l&#039;\u00e9olien offshore communautaire - Renouvelle\" \/>\n<meta property=\"og:description\" content=\"La d\u00e9marche propos\u00e9e \u00e0 travers cette note, vise \u00e0 offrir une solution concr\u00e8te pour r\u00e9pondre \u00e0 la volont\u00e9 du Gouvernement f\u00e9d\u00e9ral d\u2019inclure les citoyens dans le futur appel d\u2019offres visant la construction d\u2019un nouveau parc d\u2019\u00e9oliennes offshore. Contexte La lib\u00e9ralisation des march\u00e9s de l\u2019\u00e9lectricit\u00e9 a permis l\u2019\u00e9mergence de deux types d\u2019acteurs&nbsp;: Des entreprises commerciales ayant pour objectif premier de g\u00e9n\u00e9rer du profit&nbsp;; Des entreprises d&rsquo;\u00e9conomie sociale (souvent des coop\u00e9ratives) qui poursuivent des objectifs sociaux, environnementaux et \u00e9conomiques, plut\u00f4t que la recherche de profit (Ecopower, Cociter, Emission z\u00e9ro, \u2026). Avantages du mod\u00e8le communautaire Le consommateur au centre Permettre aux consommateurs d\u2019investir dans des installations de production d\u2019\u00e9lectricit\u00e9 par l\u2019interm\u00e9diaire d\u2019une structure, dont la gouvernance est d\u00e9mocratique, leur permet de d\u00e9cider de la finalit\u00e9 de la production. Si cet interm\u00e9diaire est une communaut\u00e9 d\u2019\u00e9nergie, cette derni\u00e8re aura l\u2019obligation de poursuivre des objectifs non lucratifs (environnementaux, sociaux et \u00e9conomiques). Si ce mod\u00e8le de production communautaire se combine avec un mod\u00e8le de fourniture du m\u00eame type, il peut alors se cr\u00e9er une boucle qui peut potentiellement garantir aux consommateurs qui sont membres et\/ou clients de ces structures, l\u2019acc\u00e8s \u00e0 une \u00e9nergie dont le prix est bas et stable, tel qu\u2019illustr\u00e9 ci-dessous.&nbsp; Offre de prix bas et stable La dynamique expliqu\u00e9e ci-dessus permet aux acteurs communautaires d\u2019offrir de l\u2019\u00e9lectricit\u00e9 \u00e0 prix bas et stables, dans un contexte o\u00f9 la facture d\u2019\u00e9lectricit\u00e9 explose. Cociter et Ecopower sont actuellement les fournisseurs les moins chers du march\u00e9 wallon et flamand. Le prix est stable car le fournisseur communautaire ach\u00e8te uniquement de l\u2019\u00e9lectricit\u00e9 renouvelable, sans passer par les march\u00e9s de gros. Or, le vent sera toujours gratuit et disponible, ind\u00e9pendamment des dynamiques internationales. Le prix est bas gr\u00e2ce \u00e0 des co\u00fbts de production de l\u2019\u00e9lectricit\u00e9 renouvelable tr\u00e8s faibles et &hellip; Continue reading &quot;Pour de l&rsquo;\u00e9olien offshore communautaire&quot;\" \/>\n<meta property=\"og:url\" content=\"https:\/\/www.renouvelle.be\/fr\/pour-de-leolien-offshore-communautaire\/\" \/>\n<meta property=\"og:site_name\" content=\"Renouvelle\" \/>\n<meta property=\"article:published_time\" content=\"2022-06-28T15:48:41+00:00\" \/>\n<meta property=\"article:modified_time\" content=\"2022-06-29T08:28:20+00:00\" \/>\n<meta property=\"og:image\" content=\"https:\/\/www.renouvelle.be\/wp-content\/uploads\/2022\/06\/Capture-decran-2022-06-28-174354.png\" \/>\n\t<meta property=\"og:image:width\" content=\"1027\" \/>\n\t<meta property=\"og:image:height\" content=\"836\" \/>\n\t<meta property=\"og:image:type\" content=\"image\/png\" \/>\n<meta name=\"author\" content=\"Mathieu BOURGEOIS\" \/>\n<meta name=\"twitter:card\" content=\"summary_large_image\" \/>\n<script type=\"application\/ld+json\" class=\"yoast-schema-graph\">{\"@context\":\"https:\\\/\\\/schema.org\",\"@graph\":[{\"@type\":\"Article\",\"@id\":\"https:\\\/\\\/www.renouvelle.be\\\/fr\\\/pour-de-leolien-offshore-communautaire\\\/#article\",\"isPartOf\":{\"@id\":\"https:\\\/\\\/www.renouvelle.be\\\/fr\\\/pour-de-leolien-offshore-communautaire\\\/\"},\"author\":{\"name\":\"Mathieu BOURGEOIS\",\"@id\":\"https:\\\/\\\/www.renouvelle.be\\\/fr\\\/#\\\/schema\\\/person\\\/25b0106180029ed5faaae2c145f02f09\"},\"headline\":\"Pour de l&rsquo;\u00e9olien offshore communautaire\",\"datePublished\":\"2022-06-28T15:48:41+00:00\",\"dateModified\":\"2022-06-29T08:28:20+00:00\",\"mainEntityOfPage\":{\"@id\":\"https:\\\/\\\/www.renouvelle.be\\\/fr\\\/pour-de-leolien-offshore-communautaire\\\/\"},\"wordCount\":808,\"image\":{\"@id\":\"https:\\\/\\\/www.renouvelle.be\\\/fr\\\/pour-de-leolien-offshore-communautaire\\\/#primaryimage\"},\"thumbnailUrl\":\"https:\\\/\\\/www.renouvelle.be\\\/wp-content\\\/uploads\\\/2022\\\/06\\\/Capture-decran-2022-06-28-174354.png\",\"articleSection\":[\"Actualit\u00e9 en Belgique\"],\"inLanguage\":\"fr-FR\"},{\"@type\":\"WebPage\",\"@id\":\"https:\\\/\\\/www.renouvelle.be\\\/fr\\\/pour-de-leolien-offshore-communautaire\\\/\",\"url\":\"https:\\\/\\\/www.renouvelle.be\\\/fr\\\/pour-de-leolien-offshore-communautaire\\\/\",\"name\":\"Pour de l'\u00e9olien offshore communautaire - Renouvelle\",\"isPartOf\":{\"@id\":\"https:\\\/\\\/www.renouvelle.be\\\/fr\\\/#website\"},\"primaryImageOfPage\":{\"@id\":\"https:\\\/\\\/www.renouvelle.be\\\/fr\\\/pour-de-leolien-offshore-communautaire\\\/#primaryimage\"},\"image\":{\"@id\":\"https:\\\/\\\/www.renouvelle.be\\\/fr\\\/pour-de-leolien-offshore-communautaire\\\/#primaryimage\"},\"thumbnailUrl\":\"https:\\\/\\\/www.renouvelle.be\\\/wp-content\\\/uploads\\\/2022\\\/06\\\/Capture-decran-2022-06-28-174354.png\",\"datePublished\":\"2022-06-28T15:48:41+00:00\",\"dateModified\":\"2022-06-29T08:28:20+00:00\",\"author\":{\"@id\":\"https:\\\/\\\/www.renouvelle.be\\\/fr\\\/#\\\/schema\\\/person\\\/25b0106180029ed5faaae2c145f02f09\"},\"breadcrumb\":{\"@id\":\"https:\\\/\\\/www.renouvelle.be\\\/fr\\\/pour-de-leolien-offshore-communautaire\\\/#breadcrumb\"},\"inLanguage\":\"fr-FR\",\"potentialAction\":[{\"@type\":\"ReadAction\",\"target\":[\"https:\\\/\\\/www.renouvelle.be\\\/fr\\\/pour-de-leolien-offshore-communautaire\\\/\"]}]},{\"@type\":\"ImageObject\",\"inLanguage\":\"fr-FR\",\"@id\":\"https:\\\/\\\/www.renouvelle.be\\\/fr\\\/pour-de-leolien-offshore-communautaire\\\/#primaryimage\",\"url\":\"https:\\\/\\\/www.renouvelle.be\\\/wp-content\\\/uploads\\\/2022\\\/06\\\/Capture-decran-2022-06-28-174354.png\",\"contentUrl\":\"https:\\\/\\\/www.renouvelle.be\\\/wp-content\\\/uploads\\\/2022\\\/06\\\/Capture-decran-2022-06-28-174354.png\",\"width\":1027,\"height\":836},{\"@type\":\"BreadcrumbList\",\"@id\":\"https:\\\/\\\/www.renouvelle.be\\\/fr\\\/pour-de-leolien-offshore-communautaire\\\/#breadcrumb\",\"itemListElement\":[{\"@type\":\"ListItem\",\"position\":1,\"name\":\"Accueil\",\"item\":\"https:\\\/\\\/www.renouvelle.be\\\/fr\\\/\"},{\"@type\":\"ListItem\",\"position\":2,\"name\":\"Pour de l&rsquo;\u00e9olien offshore communautaire\"}]},{\"@type\":\"WebSite\",\"@id\":\"https:\\\/\\\/www.renouvelle.be\\\/fr\\\/#website\",\"url\":\"https:\\\/\\\/www.renouvelle.be\\\/fr\\\/\",\"name\":\"Renouvelle\",\"description\":\"L&#039;actualit\u00e9 de l&#039;\u00e9nergie durable\",\"potentialAction\":[{\"@type\":\"SearchAction\",\"target\":{\"@type\":\"EntryPoint\",\"urlTemplate\":\"https:\\\/\\\/www.renouvelle.be\\\/fr\\\/?s={search_term_string}\"},\"query-input\":{\"@type\":\"PropertyValueSpecification\",\"valueRequired\":true,\"valueName\":\"search_term_string\"}}],\"inLanguage\":\"fr-FR\"},{\"@type\":\"Person\",\"@id\":\"https:\\\/\\\/www.renouvelle.be\\\/fr\\\/#\\\/schema\\\/person\\\/25b0106180029ed5faaae2c145f02f09\",\"name\":\"Mathieu BOURGEOIS\",\"url\":\"https:\\\/\\\/www.renouvelle.be\\\/fr\\\/author\\\/mathieubourgeois\\\/\"}]}<\/script>\n<!-- \/ Yoast SEO plugin. -->","yoast_head_json":{"title":"Pour de l'\u00e9olien offshore communautaire - Renouvelle","robots":{"index":"index","follow":"follow","max-snippet":"max-snippet:-1","max-image-preview":"max-image-preview:large","max-video-preview":"max-video-preview:-1"},"canonical":"https:\/\/www.renouvelle.be\/fr\/pour-de-leolien-offshore-communautaire\/","og_locale":"fr_FR","og_type":"article","og_title":"Pour de l'\u00e9olien offshore communautaire - Renouvelle","og_description":"La d\u00e9marche propos\u00e9e \u00e0 travers cette note, vise \u00e0 offrir une solution concr\u00e8te pour r\u00e9pondre \u00e0 la volont\u00e9 du Gouvernement f\u00e9d\u00e9ral d\u2019inclure les citoyens dans le futur appel d\u2019offres visant la construction d\u2019un nouveau parc d\u2019\u00e9oliennes offshore. Contexte La lib\u00e9ralisation des march\u00e9s de l\u2019\u00e9lectricit\u00e9 a permis l\u2019\u00e9mergence de deux types d\u2019acteurs&nbsp;: Des entreprises commerciales ayant pour objectif premier de g\u00e9n\u00e9rer du profit&nbsp;; Des entreprises d&rsquo;\u00e9conomie sociale (souvent des coop\u00e9ratives) qui poursuivent des objectifs sociaux, environnementaux et \u00e9conomiques, plut\u00f4t que la recherche de profit (Ecopower, Cociter, Emission z\u00e9ro, \u2026). Avantages du mod\u00e8le communautaire Le consommateur au centre Permettre aux consommateurs d\u2019investir dans des installations de production d\u2019\u00e9lectricit\u00e9 par l\u2019interm\u00e9diaire d\u2019une structure, dont la gouvernance est d\u00e9mocratique, leur permet de d\u00e9cider de la finalit\u00e9 de la production. Si cet interm\u00e9diaire est une communaut\u00e9 d\u2019\u00e9nergie, cette derni\u00e8re aura l\u2019obligation de poursuivre des objectifs non lucratifs (environnementaux, sociaux et \u00e9conomiques). Si ce mod\u00e8le de production communautaire se combine avec un mod\u00e8le de fourniture du m\u00eame type, il peut alors se cr\u00e9er une boucle qui peut potentiellement garantir aux consommateurs qui sont membres et\/ou clients de ces structures, l\u2019acc\u00e8s \u00e0 une \u00e9nergie dont le prix est bas et stable, tel qu\u2019illustr\u00e9 ci-dessous.&nbsp; Offre de prix bas et stable La dynamique expliqu\u00e9e ci-dessus permet aux acteurs communautaires d\u2019offrir de l\u2019\u00e9lectricit\u00e9 \u00e0 prix bas et stables, dans un contexte o\u00f9 la facture d\u2019\u00e9lectricit\u00e9 explose. Cociter et Ecopower sont actuellement les fournisseurs les moins chers du march\u00e9 wallon et flamand. Le prix est stable car le fournisseur communautaire ach\u00e8te uniquement de l\u2019\u00e9lectricit\u00e9 renouvelable, sans passer par les march\u00e9s de gros. Or, le vent sera toujours gratuit et disponible, ind\u00e9pendamment des dynamiques internationales. Le prix est bas gr\u00e2ce \u00e0 des co\u00fbts de production de l\u2019\u00e9lectricit\u00e9 renouvelable tr\u00e8s faibles et &hellip; Continue reading \"Pour de l&rsquo;\u00e9olien offshore communautaire\"","og_url":"https:\/\/www.renouvelle.be\/fr\/pour-de-leolien-offshore-communautaire\/","og_site_name":"Renouvelle","article_published_time":"2022-06-28T15:48:41+00:00","article_modified_time":"2022-06-29T08:28:20+00:00","og_image":[{"width":1027,"height":836,"url":"https:\/\/www.renouvelle.be\/wp-content\/uploads\/2022\/06\/Capture-decran-2022-06-28-174354.png","type":"image\/png"}],"author":"Mathieu BOURGEOIS","twitter_card":"summary_large_image","schema":{"@context":"https:\/\/schema.org","@graph":[{"@type":"Article","@id":"https:\/\/www.renouvelle.be\/fr\/pour-de-leolien-offshore-communautaire\/#article","isPartOf":{"@id":"https:\/\/www.renouvelle.be\/fr\/pour-de-leolien-offshore-communautaire\/"},"author":{"name":"Mathieu BOURGEOIS","@id":"https:\/\/www.renouvelle.be\/fr\/#\/schema\/person\/25b0106180029ed5faaae2c145f02f09"},"headline":"Pour de l&rsquo;\u00e9olien offshore communautaire","datePublished":"2022-06-28T15:48:41+00:00","dateModified":"2022-06-29T08:28:20+00:00","mainEntityOfPage":{"@id":"https:\/\/www.renouvelle.be\/fr\/pour-de-leolien-offshore-communautaire\/"},"wordCount":808,"image":{"@id":"https:\/\/www.renouvelle.be\/fr\/pour-de-leolien-offshore-communautaire\/#primaryimage"},"thumbnailUrl":"https:\/\/www.renouvelle.be\/wp-content\/uploads\/2022\/06\/Capture-decran-2022-06-28-174354.png","articleSection":["Actualit\u00e9 en Belgique"],"inLanguage":"fr-FR"},{"@type":"WebPage","@id":"https:\/\/www.renouvelle.be\/fr\/pour-de-leolien-offshore-communautaire\/","url":"https:\/\/www.renouvelle.be\/fr\/pour-de-leolien-offshore-communautaire\/","name":"Pour de l'\u00e9olien offshore communautaire - Renouvelle","isPartOf":{"@id":"https:\/\/www.renouvelle.be\/fr\/#website"},"primaryImageOfPage":{"@id":"https:\/\/www.renouvelle.be\/fr\/pour-de-leolien-offshore-communautaire\/#primaryimage"},"image":{"@id":"https:\/\/www.renouvelle.be\/fr\/pour-de-leolien-offshore-communautaire\/#primaryimage"},"thumbnailUrl":"https:\/\/www.renouvelle.be\/wp-content\/uploads\/2022\/06\/Capture-decran-2022-06-28-174354.png","datePublished":"2022-06-28T15:48:41+00:00","dateModified":"2022-06-29T08:28:20+00:00","author":{"@id":"https:\/\/www.renouvelle.be\/fr\/#\/schema\/person\/25b0106180029ed5faaae2c145f02f09"},"breadcrumb":{"@id":"https:\/\/www.renouvelle.be\/fr\/pour-de-leolien-offshore-communautaire\/#breadcrumb"},"inLanguage":"fr-FR","potentialAction":[{"@type":"ReadAction","target":["https:\/\/www.renouvelle.be\/fr\/pour-de-leolien-offshore-communautaire\/"]}]},{"@type":"ImageObject","inLanguage":"fr-FR","@id":"https:\/\/www.renouvelle.be\/fr\/pour-de-leolien-offshore-communautaire\/#primaryimage","url":"https:\/\/www.renouvelle.be\/wp-content\/uploads\/2022\/06\/Capture-decran-2022-06-28-174354.png","contentUrl":"https:\/\/www.renouvelle.be\/wp-content\/uploads\/2022\/06\/Capture-decran-2022-06-28-174354.png","width":1027,"height":836},{"@type":"BreadcrumbList","@id":"https:\/\/www.renouvelle.be\/fr\/pour-de-leolien-offshore-communautaire\/#breadcrumb","itemListElement":[{"@type":"ListItem","position":1,"name":"Accueil","item":"https:\/\/www.renouvelle.be\/fr\/"},{"@type":"ListItem","position":2,"name":"Pour de l&rsquo;\u00e9olien offshore communautaire"}]},{"@type":"WebSite","@id":"https:\/\/www.renouvelle.be\/fr\/#website","url":"https:\/\/www.renouvelle.be\/fr\/","name":"Renouvelle","description":"L&#039;actualit\u00e9 de l&#039;\u00e9nergie durable","potentialAction":[{"@type":"SearchAction","target":{"@type":"EntryPoint","urlTemplate":"https:\/\/www.renouvelle.be\/fr\/?s={search_term_string}"},"query-input":{"@type":"PropertyValueSpecification","valueRequired":true,"valueName":"search_term_string"}}],"inLanguage":"fr-FR"},{"@type":"Person","@id":"https:\/\/www.renouvelle.be\/fr\/#\/schema\/person\/25b0106180029ed5faaae2c145f02f09","name":"Mathieu BOURGEOIS","url":"https:\/\/www.renouvelle.be\/fr\/author\/mathieubourgeois\/"}]}},"_links":{"self":[{"href":"https:\/\/www.renouvelle.be\/fr\/wp-json\/wp\/v2\/posts\/8371","targetHints":{"allow":["GET"]}}],"collection":[{"href":"https:\/\/www.renouvelle.be\/fr\/wp-json\/wp\/v2\/posts"}],"about":[{"href":"https:\/\/www.renouvelle.be\/fr\/wp-json\/wp\/v2\/types\/post"}],"author":[{"embeddable":true,"href":"https:\/\/www.renouvelle.be\/fr\/wp-json\/wp\/v2\/users\/24"}],"replies":[{"embeddable":true,"href":"https:\/\/www.renouvelle.be\/fr\/wp-json\/wp\/v2\/comments?post=8371"}],"version-history":[{"count":11,"href":"https:\/\/www.renouvelle.be\/fr\/wp-json\/wp\/v2\/posts\/8371\/revisions"}],"predecessor-version":[{"id":8406,"href":"https:\/\/www.renouvelle.be\/fr\/wp-json\/wp\/v2\/posts\/8371\/revisions\/8406"}],"wp:featuredmedia":[{"embeddable":true,"href":"https:\/\/www.renouvelle.be\/fr\/wp-json\/wp\/v2\/media\/8380"}],"wp:attachment":[{"href":"https:\/\/www.renouvelle.be\/fr\/wp-json\/wp\/v2\/media?parent=8371"}],"wp:term":[{"taxonomy":"category","embeddable":true,"href":"https:\/\/www.renouvelle.be\/fr\/wp-json\/wp\/v2\/categories?post=8371"},{"taxonomy":"post_tag","embeddable":true,"href":"https:\/\/www.renouvelle.be\/fr\/wp-json\/wp\/v2\/tags?post=8371"},{"taxonomy":"section","embeddable":true,"href":"https:\/\/www.renouvelle.be\/fr\/wp-json\/wp\/v2\/section?post=8371"}],"curies":[{"name":"wp","href":"https:\/\/api.w.org\/{rel}","templated":true}]}}