{"id":8354,"date":"2022-06-28T15:29:26","date_gmt":"2022-06-28T13:29:26","guid":{"rendered":"https:\/\/www.renouvelle.be\/?p=8354"},"modified":"2022-06-30T11:51:30","modified_gmt":"2022-06-30T09:51:30","slug":"quel-est-linteret-de-developper-la-biomasse-en-centre-ville","status":"publish","type":"post","link":"https:\/\/www.renouvelle.be\/fr\/quel-est-linteret-de-developper-la-biomasse-en-centre-ville\/","title":{"rendered":"Quel est l&rsquo;int\u00e9r\u00eat de d\u00e9velopper la biomasse en centre-ville ?"},"content":{"rendered":"\n<p>La question des \u00e9missions de particules produites par les chaudi\u00e8res biomasse (bois, pellet, plaquette) a \u00e9t\u00e9 pos\u00e9e lors d&rsquo;un <a href=\"https:\/\/www.edora.org\/actualites\/compte-rendu-journee-detude-sur-le-role-des-reseaux-de-chaleur-en-region-de-bruxelles-capitale\" target=\"_blank\" rel=\"noreferrer noopener\">s\u00e9minaire sur les r\u00e9seaux de chaleur<\/a>. La ville de Bruxelles poss\u00e8de en effet une r\u00e9glementation sur la qualit\u00e9 de l\u2019air stricte envers les syst\u00e8mes polluants. L\u2019ICEDD (Institut de Conseil et d&rsquo;Etudes en D\u00e9veloppement Durable) a r\u00e9pondu \u00e0 cette question en pr\u00e9cisant que si le syst\u00e8me biomasse est centralis\u00e9 et performant et qu&rsquo;il dispose d\u2019un syst\u00e8me de filtre, la pollution \u00e9mise par les fum\u00e9es est nettement moins importante que des syst\u00e8mes \u00e0 biomasse classiques individuels (po\u00eale \u00e0 bois, pellets, chaudi\u00e8re \u00e0 plaquettes, \u2026). La remise en question de d\u00e9velopper la biomasse \u00e0 Bruxelles serait plut\u00f4t autour de l\u2019approvisionnement et de la disponibilit\u00e9 en ressource locale (bois, d\u00e9chets de bois, r\u00e9sidus de taille d\u2019arbres,\u2026.). Pour l\u2019approvisionnement local, la r\u00e9gion pourrait s\u2019inspirer de projet comme celui d\u00e9velopp\u00e9 \u00e0 Louvain-la-Neuve, o\u00f9 le r\u00e9seau de chaleur qui alimente plusieurs b\u00e2timents de l\u2019UCL avec des d\u00e9chets de bois r\u00e9cup\u00e9r\u00e9 dans les centres de tri (palettes, meubles et autres r\u00e9sidus valorisables \u00e9nerg\u00e9tiquement).<\/p>\n\n\n\n<p>\u00c0 Charleroi, les r\u00e9seaux de chaleur utilisant de la biomasse locale, seront surtout d\u00e9velopp\u00e9s dans la p\u00e9riph\u00e9rie de la ville, l\u00e0 o\u00f9 certaines cultures d\u00e9di\u00e9es pourraient \u00eatre cultiv\u00e9es sur des friches.<\/p>\n\n\n\n<p><\/p>\n\n\n\n<figure class=\"wp-block-image size-full\"><img loading=\"lazy\" decoding=\"async\" width=\"547\" height=\"338\" src=\"https:\/\/www.renouvelle.be\/wp-content\/uploads\/2022\/06\/biomasse.png\" alt=\"\" class=\"wp-image-8355\" srcset=\"https:\/\/www.renouvelle.be\/wp-content\/uploads\/2022\/06\/biomasse.png 547w, https:\/\/www.renouvelle.be\/wp-content\/uploads\/2022\/06\/biomasse-300x185.png 300w\" sizes=\"auto, (max-width: 547px) 100vw, 547px\" \/><\/figure>\n\n\n\n<p>Cette carte ci-dessus, illustre le potentiel de la ville de Charleroi : les zones bleues repr\u00e9sentent le potentiel de r\u00e9seaux de chaleur utilisant la g\u00e9othermie mini\u00e8re pour alimenter le centre urbain, en rouge le potentiel de r\u00e9seaux aliment\u00e9s par des industries qui ont de la chaleur fatale \u00e0 revaloriser, et en brun, les zones urbaines avec un potentiel de micro r\u00e9seau de chaleur biomasse \u00e0 d\u00e9velopper.<\/p>\n","protected":false},"excerpt":{"rendered":"<p>La question des \u00e9missions de particules produites par les chaudi\u00e8res biomasse (bois, pellet, plaquette) a \u00e9t\u00e9 pos\u00e9e lors d&rsquo;un s\u00e9minaire sur les r\u00e9seaux de chaleur. La ville de Bruxelles poss\u00e8de en effet une r\u00e9glementation sur la qualit\u00e9 de l\u2019air stricte envers les syst\u00e8mes polluants. L\u2019ICEDD (Institut de Conseil et d&rsquo;Etudes en D\u00e9veloppement Durable) a r\u00e9pondu \u00e0 cette question en pr\u00e9cisant que si le syst\u00e8me biomasse est centralis\u00e9 et performant et qu&rsquo;il dispose d\u2019un syst\u00e8me de filtre, la pollution \u00e9mise par les fum\u00e9es est nettement moins importante que des syst\u00e8mes \u00e0 biomasse classiques individuels (po\u00eale \u00e0 bois, pellets, chaudi\u00e8re \u00e0 plaquettes, \u2026). La remise en question de d\u00e9velopper la biomasse \u00e0 Bruxelles serait plut\u00f4t autour de l\u2019approvisionnement et de la disponibilit\u00e9 en ressource locale (bois, d\u00e9chets de bois, r\u00e9sidus de taille d\u2019arbres,\u2026.). Pour l\u2019approvisionnement local, la r\u00e9gion pourrait s\u2019inspirer de projet comme celui d\u00e9velopp\u00e9 \u00e0 Louvain-la-Neuve, o\u00f9 le r\u00e9seau de chaleur qui alimente plusieurs b\u00e2timents de l\u2019UCL avec des d\u00e9chets de bois r\u00e9cup\u00e9r\u00e9 dans les centres de tri (palettes, meubles et autres r\u00e9sidus valorisables \u00e9nerg\u00e9tiquement). \u00c0 Charleroi, les r\u00e9seaux de chaleur utilisant de la biomasse locale, seront surtout d\u00e9velopp\u00e9s dans la p\u00e9riph\u00e9rie de la ville, l\u00e0 o\u00f9 certaines cultures d\u00e9di\u00e9es pourraient \u00eatre cultiv\u00e9es sur des friches. Cette carte ci-dessus, illustre le potentiel de la ville de Charleroi : les zones bleues repr\u00e9sentent le potentiel de r\u00e9seaux de chaleur utilisant la g\u00e9othermie mini\u00e8re pour alimenter le centre urbain, en rouge le potentiel de r\u00e9seaux aliment\u00e9s par des industries qui ont de la chaleur fatale \u00e0 revaloriser, et en brun, les zones urbaines avec un potentiel de micro r\u00e9seau de chaleur biomasse \u00e0 d\u00e9velopper.<\/p>\n","protected":false},"author":27,"featured_media":8355,"comment_status":"closed","ping_status":"closed","sticky":false,"template":"","format":"standard","meta":{"_acf_changed":false,"footnotes":""},"categories":[17,21],"tags":[],"section":[8,4],"class_list":["post-8354","post","type-post","status-publish","format-standard","has-post-thumbnail","hentry","category-actualite-en-belgique","category-debats","section-energie-renouvelables","section-biomasse-energie"],"acf":[],"yoast_head":"<!-- This site is optimized with the Yoast SEO plugin v27.5 - https:\/\/yoast.com\/product\/yoast-seo-wordpress\/ -->\n<title>Quel est l&#039;int\u00e9r\u00eat de d\u00e9velopper la biomasse en centre-ville ? - Renouvelle<\/title>\n<meta name=\"robots\" content=\"index, follow, max-snippet:-1, max-image-preview:large, max-video-preview:-1\" \/>\n<link rel=\"canonical\" href=\"https:\/\/www.renouvelle.be\/fr\/quel-est-linteret-de-developper-la-biomasse-en-centre-ville\/\" \/>\n<meta property=\"og:locale\" content=\"fr_FR\" \/>\n<meta property=\"og:type\" content=\"article\" \/>\n<meta property=\"og:title\" content=\"Quel est l&#039;int\u00e9r\u00eat de d\u00e9velopper la biomasse en centre-ville ? - Renouvelle\" \/>\n<meta property=\"og:description\" content=\"La question des \u00e9missions de particules produites par les chaudi\u00e8res biomasse (bois, pellet, plaquette) a \u00e9t\u00e9 pos\u00e9e lors d&rsquo;un s\u00e9minaire sur les r\u00e9seaux de chaleur. La ville de Bruxelles poss\u00e8de en effet une r\u00e9glementation sur la qualit\u00e9 de l\u2019air stricte envers les syst\u00e8mes polluants. L\u2019ICEDD (Institut de Conseil et d&rsquo;Etudes en D\u00e9veloppement Durable) a r\u00e9pondu \u00e0 cette question en pr\u00e9cisant que si le syst\u00e8me biomasse est centralis\u00e9 et performant et qu&rsquo;il dispose d\u2019un syst\u00e8me de filtre, la pollution \u00e9mise par les fum\u00e9es est nettement moins importante que des syst\u00e8mes \u00e0 biomasse classiques individuels (po\u00eale \u00e0 bois, pellets, chaudi\u00e8re \u00e0 plaquettes, \u2026). La remise en question de d\u00e9velopper la biomasse \u00e0 Bruxelles serait plut\u00f4t autour de l\u2019approvisionnement et de la disponibilit\u00e9 en ressource locale (bois, d\u00e9chets de bois, r\u00e9sidus de taille d\u2019arbres,\u2026.). Pour l\u2019approvisionnement local, la r\u00e9gion pourrait s\u2019inspirer de projet comme celui d\u00e9velopp\u00e9 \u00e0 Louvain-la-Neuve, o\u00f9 le r\u00e9seau de chaleur qui alimente plusieurs b\u00e2timents de l\u2019UCL avec des d\u00e9chets de bois r\u00e9cup\u00e9r\u00e9 dans les centres de tri (palettes, meubles et autres r\u00e9sidus valorisables \u00e9nerg\u00e9tiquement). \u00c0 Charleroi, les r\u00e9seaux de chaleur utilisant de la biomasse locale, seront surtout d\u00e9velopp\u00e9s dans la p\u00e9riph\u00e9rie de la ville, l\u00e0 o\u00f9 certaines cultures d\u00e9di\u00e9es pourraient \u00eatre cultiv\u00e9es sur des friches. Cette carte ci-dessus, illustre le potentiel de la ville de Charleroi : les zones bleues repr\u00e9sentent le potentiel de r\u00e9seaux de chaleur utilisant la g\u00e9othermie mini\u00e8re pour alimenter le centre urbain, en rouge le potentiel de r\u00e9seaux aliment\u00e9s par des industries qui ont de la chaleur fatale \u00e0 revaloriser, et en brun, les zones urbaines avec un potentiel de micro r\u00e9seau de chaleur biomasse \u00e0 d\u00e9velopper.\" \/>\n<meta property=\"og:url\" content=\"https:\/\/www.renouvelle.be\/fr\/quel-est-linteret-de-developper-la-biomasse-en-centre-ville\/\" \/>\n<meta property=\"og:site_name\" content=\"Renouvelle\" \/>\n<meta property=\"article:published_time\" content=\"2022-06-28T13:29:26+00:00\" \/>\n<meta property=\"article:modified_time\" content=\"2022-06-30T09:51:30+00:00\" \/>\n<meta property=\"og:image\" content=\"https:\/\/www.renouvelle.be\/wp-content\/uploads\/2022\/06\/biomasse.png\" \/>\n\t<meta property=\"og:image:width\" content=\"547\" \/>\n\t<meta property=\"og:image:height\" content=\"338\" \/>\n\t<meta property=\"og:image:type\" content=\"image\/png\" \/>\n<meta name=\"author\" content=\"Jean Frippiat\" \/>\n<meta name=\"twitter:card\" content=\"summary_large_image\" \/>\n<script type=\"application\/ld+json\" class=\"yoast-schema-graph\">{\"@context\":\"https:\\\/\\\/schema.org\",\"@graph\":[{\"@type\":\"Article\",\"@id\":\"https:\\\/\\\/www.renouvelle.be\\\/fr\\\/quel-est-linteret-de-developper-la-biomasse-en-centre-ville\\\/#article\",\"isPartOf\":{\"@id\":\"https:\\\/\\\/www.renouvelle.be\\\/fr\\\/quel-est-linteret-de-developper-la-biomasse-en-centre-ville\\\/\"},\"author\":{\"name\":\"Jean Frippiat\",\"@id\":\"https:\\\/\\\/www.renouvelle.be\\\/fr\\\/#\\\/schema\\\/person\\\/2b8afd89c9b7934d06ad7db3417abc38\"},\"headline\":\"Quel est l&rsquo;int\u00e9r\u00eat de d\u00e9velopper la biomasse en centre-ville ?\",\"datePublished\":\"2022-06-28T13:29:26+00:00\",\"dateModified\":\"2022-06-30T09:51:30+00:00\",\"mainEntityOfPage\":{\"@id\":\"https:\\\/\\\/www.renouvelle.be\\\/fr\\\/quel-est-linteret-de-developper-la-biomasse-en-centre-ville\\\/\"},\"wordCount\":329,\"image\":{\"@id\":\"https:\\\/\\\/www.renouvelle.be\\\/fr\\\/quel-est-linteret-de-developper-la-biomasse-en-centre-ville\\\/#primaryimage\"},\"thumbnailUrl\":\"https:\\\/\\\/www.renouvelle.be\\\/wp-content\\\/uploads\\\/2022\\\/06\\\/biomasse.png\",\"articleSection\":[\"Actualit\u00e9 en Belgique\",\"D\u00e9bats\"],\"inLanguage\":\"fr-FR\"},{\"@type\":\"WebPage\",\"@id\":\"https:\\\/\\\/www.renouvelle.be\\\/fr\\\/quel-est-linteret-de-developper-la-biomasse-en-centre-ville\\\/\",\"url\":\"https:\\\/\\\/www.renouvelle.be\\\/fr\\\/quel-est-linteret-de-developper-la-biomasse-en-centre-ville\\\/\",\"name\":\"Quel est l'int\u00e9r\u00eat de d\u00e9velopper la biomasse en centre-ville ? - Renouvelle\",\"isPartOf\":{\"@id\":\"https:\\\/\\\/www.renouvelle.be\\\/fr\\\/#website\"},\"primaryImageOfPage\":{\"@id\":\"https:\\\/\\\/www.renouvelle.be\\\/fr\\\/quel-est-linteret-de-developper-la-biomasse-en-centre-ville\\\/#primaryimage\"},\"image\":{\"@id\":\"https:\\\/\\\/www.renouvelle.be\\\/fr\\\/quel-est-linteret-de-developper-la-biomasse-en-centre-ville\\\/#primaryimage\"},\"thumbnailUrl\":\"https:\\\/\\\/www.renouvelle.be\\\/wp-content\\\/uploads\\\/2022\\\/06\\\/biomasse.png\",\"datePublished\":\"2022-06-28T13:29:26+00:00\",\"dateModified\":\"2022-06-30T09:51:30+00:00\",\"author\":{\"@id\":\"https:\\\/\\\/www.renouvelle.be\\\/fr\\\/#\\\/schema\\\/person\\\/2b8afd89c9b7934d06ad7db3417abc38\"},\"breadcrumb\":{\"@id\":\"https:\\\/\\\/www.renouvelle.be\\\/fr\\\/quel-est-linteret-de-developper-la-biomasse-en-centre-ville\\\/#breadcrumb\"},\"inLanguage\":\"fr-FR\",\"potentialAction\":[{\"@type\":\"ReadAction\",\"target\":[\"https:\\\/\\\/www.renouvelle.be\\\/fr\\\/quel-est-linteret-de-developper-la-biomasse-en-centre-ville\\\/\"]}]},{\"@type\":\"ImageObject\",\"inLanguage\":\"fr-FR\",\"@id\":\"https:\\\/\\\/www.renouvelle.be\\\/fr\\\/quel-est-linteret-de-developper-la-biomasse-en-centre-ville\\\/#primaryimage\",\"url\":\"https:\\\/\\\/www.renouvelle.be\\\/wp-content\\\/uploads\\\/2022\\\/06\\\/biomasse.png\",\"contentUrl\":\"https:\\\/\\\/www.renouvelle.be\\\/wp-content\\\/uploads\\\/2022\\\/06\\\/biomasse.png\",\"width\":547,\"height\":338},{\"@type\":\"BreadcrumbList\",\"@id\":\"https:\\\/\\\/www.renouvelle.be\\\/fr\\\/quel-est-linteret-de-developper-la-biomasse-en-centre-ville\\\/#breadcrumb\",\"itemListElement\":[{\"@type\":\"ListItem\",\"position\":1,\"name\":\"Accueil\",\"item\":\"https:\\\/\\\/www.renouvelle.be\\\/fr\\\/\"},{\"@type\":\"ListItem\",\"position\":2,\"name\":\"Quel est l&rsquo;int\u00e9r\u00eat de d\u00e9velopper la biomasse en centre-ville ?\"}]},{\"@type\":\"WebSite\",\"@id\":\"https:\\\/\\\/www.renouvelle.be\\\/fr\\\/#website\",\"url\":\"https:\\\/\\\/www.renouvelle.be\\\/fr\\\/\",\"name\":\"Renouvelle\",\"description\":\"L&#039;actualit\u00e9 de l&#039;\u00e9nergie durable\",\"potentialAction\":[{\"@type\":\"SearchAction\",\"target\":{\"@type\":\"EntryPoint\",\"urlTemplate\":\"https:\\\/\\\/www.renouvelle.be\\\/fr\\\/?s={search_term_string}\"},\"query-input\":{\"@type\":\"PropertyValueSpecification\",\"valueRequired\":true,\"valueName\":\"search_term_string\"}}],\"inLanguage\":\"fr-FR\"},{\"@type\":\"Person\",\"@id\":\"https:\\\/\\\/www.renouvelle.be\\\/fr\\\/#\\\/schema\\\/person\\\/2b8afd89c9b7934d06ad7db3417abc38\",\"name\":\"Jean Frippiat\",\"url\":\"https:\\\/\\\/www.renouvelle.be\\\/fr\\\/author\\\/jeanfrippiat\\\/\"}]}<\/script>\n<!-- \/ Yoast SEO plugin. -->","yoast_head_json":{"title":"Quel est l'int\u00e9r\u00eat de d\u00e9velopper la biomasse en centre-ville ? - Renouvelle","robots":{"index":"index","follow":"follow","max-snippet":"max-snippet:-1","max-image-preview":"max-image-preview:large","max-video-preview":"max-video-preview:-1"},"canonical":"https:\/\/www.renouvelle.be\/fr\/quel-est-linteret-de-developper-la-biomasse-en-centre-ville\/","og_locale":"fr_FR","og_type":"article","og_title":"Quel est l'int\u00e9r\u00eat de d\u00e9velopper la biomasse en centre-ville ? - Renouvelle","og_description":"La question des \u00e9missions de particules produites par les chaudi\u00e8res biomasse (bois, pellet, plaquette) a \u00e9t\u00e9 pos\u00e9e lors d&rsquo;un s\u00e9minaire sur les r\u00e9seaux de chaleur. La ville de Bruxelles poss\u00e8de en effet une r\u00e9glementation sur la qualit\u00e9 de l\u2019air stricte envers les syst\u00e8mes polluants. L\u2019ICEDD (Institut de Conseil et d&rsquo;Etudes en D\u00e9veloppement Durable) a r\u00e9pondu \u00e0 cette question en pr\u00e9cisant que si le syst\u00e8me biomasse est centralis\u00e9 et performant et qu&rsquo;il dispose d\u2019un syst\u00e8me de filtre, la pollution \u00e9mise par les fum\u00e9es est nettement moins importante que des syst\u00e8mes \u00e0 biomasse classiques individuels (po\u00eale \u00e0 bois, pellets, chaudi\u00e8re \u00e0 plaquettes, \u2026). La remise en question de d\u00e9velopper la biomasse \u00e0 Bruxelles serait plut\u00f4t autour de l\u2019approvisionnement et de la disponibilit\u00e9 en ressource locale (bois, d\u00e9chets de bois, r\u00e9sidus de taille d\u2019arbres,\u2026.). Pour l\u2019approvisionnement local, la r\u00e9gion pourrait s\u2019inspirer de projet comme celui d\u00e9velopp\u00e9 \u00e0 Louvain-la-Neuve, o\u00f9 le r\u00e9seau de chaleur qui alimente plusieurs b\u00e2timents de l\u2019UCL avec des d\u00e9chets de bois r\u00e9cup\u00e9r\u00e9 dans les centres de tri (palettes, meubles et autres r\u00e9sidus valorisables \u00e9nerg\u00e9tiquement). \u00c0 Charleroi, les r\u00e9seaux de chaleur utilisant de la biomasse locale, seront surtout d\u00e9velopp\u00e9s dans la p\u00e9riph\u00e9rie de la ville, l\u00e0 o\u00f9 certaines cultures d\u00e9di\u00e9es pourraient \u00eatre cultiv\u00e9es sur des friches. Cette carte ci-dessus, illustre le potentiel de la ville de Charleroi : les zones bleues repr\u00e9sentent le potentiel de r\u00e9seaux de chaleur utilisant la g\u00e9othermie mini\u00e8re pour alimenter le centre urbain, en rouge le potentiel de r\u00e9seaux aliment\u00e9s par des industries qui ont de la chaleur fatale \u00e0 revaloriser, et en brun, les zones urbaines avec un potentiel de micro r\u00e9seau de chaleur biomasse \u00e0 d\u00e9velopper.","og_url":"https:\/\/www.renouvelle.be\/fr\/quel-est-linteret-de-developper-la-biomasse-en-centre-ville\/","og_site_name":"Renouvelle","article_published_time":"2022-06-28T13:29:26+00:00","article_modified_time":"2022-06-30T09:51:30+00:00","og_image":[{"width":547,"height":338,"url":"https:\/\/www.renouvelle.be\/wp-content\/uploads\/2022\/06\/biomasse.png","type":"image\/png"}],"author":"Jean Frippiat","twitter_card":"summary_large_image","schema":{"@context":"https:\/\/schema.org","@graph":[{"@type":"Article","@id":"https:\/\/www.renouvelle.be\/fr\/quel-est-linteret-de-developper-la-biomasse-en-centre-ville\/#article","isPartOf":{"@id":"https:\/\/www.renouvelle.be\/fr\/quel-est-linteret-de-developper-la-biomasse-en-centre-ville\/"},"author":{"name":"Jean Frippiat","@id":"https:\/\/www.renouvelle.be\/fr\/#\/schema\/person\/2b8afd89c9b7934d06ad7db3417abc38"},"headline":"Quel est l&rsquo;int\u00e9r\u00eat de d\u00e9velopper la biomasse en centre-ville ?","datePublished":"2022-06-28T13:29:26+00:00","dateModified":"2022-06-30T09:51:30+00:00","mainEntityOfPage":{"@id":"https:\/\/www.renouvelle.be\/fr\/quel-est-linteret-de-developper-la-biomasse-en-centre-ville\/"},"wordCount":329,"image":{"@id":"https:\/\/www.renouvelle.be\/fr\/quel-est-linteret-de-developper-la-biomasse-en-centre-ville\/#primaryimage"},"thumbnailUrl":"https:\/\/www.renouvelle.be\/wp-content\/uploads\/2022\/06\/biomasse.png","articleSection":["Actualit\u00e9 en Belgique","D\u00e9bats"],"inLanguage":"fr-FR"},{"@type":"WebPage","@id":"https:\/\/www.renouvelle.be\/fr\/quel-est-linteret-de-developper-la-biomasse-en-centre-ville\/","url":"https:\/\/www.renouvelle.be\/fr\/quel-est-linteret-de-developper-la-biomasse-en-centre-ville\/","name":"Quel est l'int\u00e9r\u00eat de d\u00e9velopper la biomasse en centre-ville ? - Renouvelle","isPartOf":{"@id":"https:\/\/www.renouvelle.be\/fr\/#website"},"primaryImageOfPage":{"@id":"https:\/\/www.renouvelle.be\/fr\/quel-est-linteret-de-developper-la-biomasse-en-centre-ville\/#primaryimage"},"image":{"@id":"https:\/\/www.renouvelle.be\/fr\/quel-est-linteret-de-developper-la-biomasse-en-centre-ville\/#primaryimage"},"thumbnailUrl":"https:\/\/www.renouvelle.be\/wp-content\/uploads\/2022\/06\/biomasse.png","datePublished":"2022-06-28T13:29:26+00:00","dateModified":"2022-06-30T09:51:30+00:00","author":{"@id":"https:\/\/www.renouvelle.be\/fr\/#\/schema\/person\/2b8afd89c9b7934d06ad7db3417abc38"},"breadcrumb":{"@id":"https:\/\/www.renouvelle.be\/fr\/quel-est-linteret-de-developper-la-biomasse-en-centre-ville\/#breadcrumb"},"inLanguage":"fr-FR","potentialAction":[{"@type":"ReadAction","target":["https:\/\/www.renouvelle.be\/fr\/quel-est-linteret-de-developper-la-biomasse-en-centre-ville\/"]}]},{"@type":"ImageObject","inLanguage":"fr-FR","@id":"https:\/\/www.renouvelle.be\/fr\/quel-est-linteret-de-developper-la-biomasse-en-centre-ville\/#primaryimage","url":"https:\/\/www.renouvelle.be\/wp-content\/uploads\/2022\/06\/biomasse.png","contentUrl":"https:\/\/www.renouvelle.be\/wp-content\/uploads\/2022\/06\/biomasse.png","width":547,"height":338},{"@type":"BreadcrumbList","@id":"https:\/\/www.renouvelle.be\/fr\/quel-est-linteret-de-developper-la-biomasse-en-centre-ville\/#breadcrumb","itemListElement":[{"@type":"ListItem","position":1,"name":"Accueil","item":"https:\/\/www.renouvelle.be\/fr\/"},{"@type":"ListItem","position":2,"name":"Quel est l&rsquo;int\u00e9r\u00eat de d\u00e9velopper la biomasse en centre-ville ?"}]},{"@type":"WebSite","@id":"https:\/\/www.renouvelle.be\/fr\/#website","url":"https:\/\/www.renouvelle.be\/fr\/","name":"Renouvelle","description":"L&#039;actualit\u00e9 de l&#039;\u00e9nergie durable","potentialAction":[{"@type":"SearchAction","target":{"@type":"EntryPoint","urlTemplate":"https:\/\/www.renouvelle.be\/fr\/?s={search_term_string}"},"query-input":{"@type":"PropertyValueSpecification","valueRequired":true,"valueName":"search_term_string"}}],"inLanguage":"fr-FR"},{"@type":"Person","@id":"https:\/\/www.renouvelle.be\/fr\/#\/schema\/person\/2b8afd89c9b7934d06ad7db3417abc38","name":"Jean Frippiat","url":"https:\/\/www.renouvelle.be\/fr\/author\/jeanfrippiat\/"}]}},"_links":{"self":[{"href":"https:\/\/www.renouvelle.be\/fr\/wp-json\/wp\/v2\/posts\/8354","targetHints":{"allow":["GET"]}}],"collection":[{"href":"https:\/\/www.renouvelle.be\/fr\/wp-json\/wp\/v2\/posts"}],"about":[{"href":"https:\/\/www.renouvelle.be\/fr\/wp-json\/wp\/v2\/types\/post"}],"author":[{"embeddable":true,"href":"https:\/\/www.renouvelle.be\/fr\/wp-json\/wp\/v2\/users\/27"}],"replies":[{"embeddable":true,"href":"https:\/\/www.renouvelle.be\/fr\/wp-json\/wp\/v2\/comments?post=8354"}],"version-history":[{"count":3,"href":"https:\/\/www.renouvelle.be\/fr\/wp-json\/wp\/v2\/posts\/8354\/revisions"}],"predecessor-version":[{"id":8423,"href":"https:\/\/www.renouvelle.be\/fr\/wp-json\/wp\/v2\/posts\/8354\/revisions\/8423"}],"wp:featuredmedia":[{"embeddable":true,"href":"https:\/\/www.renouvelle.be\/fr\/wp-json\/wp\/v2\/media\/8355"}],"wp:attachment":[{"href":"https:\/\/www.renouvelle.be\/fr\/wp-json\/wp\/v2\/media?parent=8354"}],"wp:term":[{"taxonomy":"category","embeddable":true,"href":"https:\/\/www.renouvelle.be\/fr\/wp-json\/wp\/v2\/categories?post=8354"},{"taxonomy":"post_tag","embeddable":true,"href":"https:\/\/www.renouvelle.be\/fr\/wp-json\/wp\/v2\/tags?post=8354"},{"taxonomy":"section","embeddable":true,"href":"https:\/\/www.renouvelle.be\/fr\/wp-json\/wp\/v2\/section?post=8354"}],"curies":[{"name":"wp","href":"https:\/\/api.w.org\/{rel}","templated":true}]}}