{"id":8294,"date":"2022-06-28T12:06:42","date_gmt":"2022-06-28T10:06:42","guid":{"rendered":"https:\/\/www.renouvelle.be\/?p=8294"},"modified":"2022-07-20T14:40:58","modified_gmt":"2022-07-20T12:40:58","slug":"communautes-energie-bruxelles-5-questions","status":"publish","type":"post","link":"https:\/\/www.renouvelle.be\/fr\/communautes-energie-bruxelles-5-questions\/","title":{"rendered":"5 questions sur les communaut\u00e9s d\u2019\u00e9nergie \u00e0 Bruxelles"},"content":{"rendered":"\n<p><strong>Sous l\u2019impulsion europ\u00e9enne, la nouvelle ordonnance bruxelloise vient de voir le jour et permet \u00e0 tout client actif de rejoindre une communaut\u00e9 d\u2019\u00e9nergie et de participer \u00e0 un partage d\u2019\u00e9lectricit\u00e9. Une pratique r\u00e9volutionnaire qui est en pleine \u00e9volution et o\u00f9 plusieurs points doivent encore \u00eatre clarifi\u00e9s. N\u00e9anmoins, Renouvelle tente de vous r\u00e9sumer les grandes lignes du principe du partage et des communaut\u00e9s d\u2019\u00e9nergie en 5 questions.<\/strong><\/p>\n\n\n<p><\/p>\n\n\n<ol class=\"wp-block-list\"><li><a href=\"#contexte\">Contexte<\/a><\/li><li><a href=\"#pourquoicommunautes\">Pourquoi une communaut\u00e9 d&rsquo;\u00e9nergie ?<\/a><\/li><li><a href=\"#typecommunautes\">Quels sont les diff\u00e9rents types de communaut\u00e9s d&rsquo;\u00e9nergie ?<\/a><\/li><li><a href=\"#activitescommunautes\">Quelles activit\u00e9s peut exercer une communaut\u00e9 d&rsquo;\u00e9nergie ?<\/a><\/li><li><a href=\"#commentpartager\">Comment partager son \u00e9lectricit\u00e9 sur le territoire belge ?<\/a><\/li><li><a href=\"#macommunaute\">J&rsquo;aimerais lancer ma communaut\u00e9 d&rsquo;\u00e9nergie, comment faire ?<\/a><\/li><\/ol>\n\n\n\n<div class=\"wp-block-group\"><div class=\"wp-block-group__inner-container is-layout-flow wp-block-group-is-layout-flow\">\n<p><\/p>\n\n\n\n<h2 class=\"wp-block-heading\" id=\"contexte\">Contexte<\/h2>\n\n\n\n<p>Le 17 mars 2022, le Parlement et le Gouvernement bruxellois ont adopt\u00e9 une ordonnance<a href=\"#ref\">\u00b9<\/a> introduisant de nouveaux acteurs sur le march\u00e9 de l\u2019\u00e9lectricit\u00e9 \u2013 les clients actifs et les communaut\u00e9s d\u2019\u00e9nergie \u2013 et permettant \u00e0 ces acteurs d\u2019exercer diverses activit\u00e9s li\u00e9es au domaine de l\u2019\u00e9nergie \u2013 notamment, le partage d\u2019\u00e9lectricit\u00e9. Cette ordonnance transpose partiellement deux directives europ\u00e9ennes<a href=\"#ref\">\u00b2<\/a> du Clean Energy Package. S\u2019agissant d\u2019une mati\u00e8re r\u00e9gionalis\u00e9e, ladite ordonnance concerne uniquement la R\u00e9gion de Bruxelles-Capitale.<\/p>\n\n\n\n<p><img loading=\"lazy\" decoding=\"async\" width=\"580\" height=\"213\" class=\"wp-image-8298\" src=\"https:\/\/www.renouvelle.be\/wp-content\/uploads\/2022\/06\/cleanenergymain_0_0.png\" alt=\"\" srcset=\"https:\/\/www.renouvelle.be\/wp-content\/uploads\/2022\/06\/cleanenergymain_0_0.png 580w, https:\/\/www.renouvelle.be\/wp-content\/uploads\/2022\/06\/cleanenergymain_0_0-300x110.png 300w\" sizes=\"auto, (max-width: 580px) 100vw, 580px\" \/><br>Cette ordonnance permet de cr\u00e9er de nouveaux mod\u00e8les \u00e9conomiques sur le march\u00e9 de l\u2019\u00e9lectricit\u00e9, qui sont centr\u00e9s sur l\u2019int\u00e9r\u00eat du consommateur \u2013 \u00e0 l\u2019inverse des mod\u00e8les que nous connaissions jusqu\u2019\u00e0 pr\u00e9sent. En effet, ils pr\u00f4nent une d\u00e9centralisation de la production d\u2019\u00e9lectricit\u00e9 et une appropriation de la th\u00e9matique par les consommateurs, en tant que clients actifs.<br>L\u2019ordonnance permet donc \u00e0 toute personne, physique ou morale, de rejoindre ou de cr\u00e9er une communaut\u00e9 d\u2019\u00e9nergie. L\u2019intention du l\u00e9gislateur \u00e9tant que les non professionnels de l\u2019\u00e9nergie puissent jouer un r\u00f4le actif dans la transition \u00e9nerg\u00e9tique, notamment en produisant leur propre \u00e9lectricit\u00e9 et en partageant le surplus de production avec d\u2019autres personnes.<\/p>\n<\/div><\/div>\n\n\n\n<div id=\"pourquoicommunautes\" class=\"wp-block-group\"><div class=\"wp-block-group__inner-container is-layout-flow wp-block-group-is-layout-flow\">\n<h2 class=\"wp-block-heading\" id=\"pourquoicommunautes\">1. Pourquoi une communaut\u00e9 d\u2019\u00e9nergie&nbsp;?<\/h2>\n\n\n\n<figure class=\"wp-block-image size-full\"><img loading=\"lazy\" decoding=\"async\" width=\"1011\" height=\"617\" src=\"https:\/\/www.renouvelle.be\/wp-content\/uploads\/2022\/06\/SunSud.png\" alt=\"\" class=\"wp-image-8300\" srcset=\"https:\/\/www.renouvelle.be\/wp-content\/uploads\/2022\/06\/SunSud.png 1011w, https:\/\/www.renouvelle.be\/wp-content\/uploads\/2022\/06\/SunSud-300x183.png 300w, https:\/\/www.renouvelle.be\/wp-content\/uploads\/2022\/06\/SunSud-768x469.png 768w, https:\/\/www.renouvelle.be\/wp-content\/uploads\/2022\/06\/SunSud-330x200.png 330w\" sizes=\"auto, (max-width: 1011px) 100vw, 1011px\" \/><\/figure>\n\n\n\n<p>Les communaut\u00e9s d\u2019\u00e9nergie ont pour principal objectif de g\u00e9n\u00e9rer des <strong>b\u00e9n\u00e9fices environnementaux, sociaux ou \u00e9conomiques<\/strong> pour leurs membres et les territoires sur lesquels elles exercent leur activit\u00e9, avant la recherche de profit. Les communaut\u00e9s d\u2019\u00e9nergie ne poursuivent donc pas un but de lucre.<\/p>\n\n\n\n<p>Pour cr\u00e9er une communaut\u00e9 d\u2019\u00e9nergie, certaines conditions doivent \u00eatre respect\u00e9es&nbsp;: en premier lieu, la communaut\u00e9 doit \u00eatre une personne morale. Bien que la forme de cette entit\u00e9 juridique soit libre, les Asbl et coop\u00e9ratives semblent \u00eatre les formes qui correspondent le mieux aux objectifs poursuivis par les communaut\u00e9s d\u2019\u00e9nergie.<\/p>\n\n\n\n<p>Une seconde condition est que la communaut\u00e9 d\u2019\u00e9nergie soit autonome, aussi bien vis-\u00e0-vis de ses membres individuels que par rapport aux acteurs traditionnels du march\u00e9 de l\u2019\u00e9nergie. L\u2019ordonnance assure cette autonomie en imposant des conditions pour l\u2019exercice du contr\u00f4le effectif des communaut\u00e9s d\u2019\u00e9nergie.<\/p>\n<\/div><\/div>\n\n\n\n<div class=\"wp-block-group\"><div class=\"wp-block-group__inner-container is-layout-flow wp-block-group-is-layout-flow\">\n<h2 class=\"wp-block-heading\" id=\"typecommunautes\">2. Quels sont les diff\u00e9rents types de communaut\u00e9s d\u2019\u00e9nergie&nbsp;?<\/h2>\n\n\n\n<p>L\u2019ordonnance bruxelloise distingue trois types de communaut\u00e9s pouvant \u00eatre cr\u00e9\u00e9es \u00e0 Bruxelles&nbsp;:<\/p>\n\n\n\n<ol class=\"wp-block-list\"><li><strong>La communaut\u00e9 d\u2019\u00e9nergie citoyenne (CEC)<\/strong>&nbsp;: dont la particularit\u00e9 est que toute personne \u2013 physique ou morale (et notamment les grandes entreprises) \u2013 peut en \u00eatre membre. En revanche, des conditions plus strictes s\u2019appliquent pour l\u2019exercice du contr\u00f4le effectif sur la communaut\u00e9. Une autre particularit\u00e9 est que les activit\u00e9s exerc\u00e9es par la CEC peuvent comprendre des sources d\u2019\u00e9lectricit\u00e9 non renouvelables (ce qui peut int\u00e9resser les propri\u00e9taires de cog\u00e9n\u00e9rations au gaz, par exemple). Enfin, si la CEC veut exercer une activit\u00e9 de partage d\u2019\u00e9lectricit\u00e9, elle doit n\u00e9cessairement \u00eatre propri\u00e9taire \u2013 en tant qu\u2019entit\u00e9 juridique \u2013 de l\u2019installation de production.<\/li><li><strong>La communaut\u00e9 d\u2019\u00e9nergie renouvelable (CER)&nbsp;<\/strong>: comme son nom l\u2019indique, la CER doit n\u00e9cessairement utiliser des sources d\u2019\u00e9nergie renouvelables (les \u00e9nergies fossiles sont donc exclues). Au niveau de la participation \u00e0 une CER, les grandes entreprises en sont exclues et pour les PME, leur participation \u00e0 une ou plusieurs communaut\u00e9s d\u2019\u00e9nergie ne peut pas constituer leur principale activit\u00e9 commerciale ou professionnelle. Les personnes physiques et autorit\u00e9s locales peuvent \u00e9galement \u00eatre membres de la CER. En cas de partage d\u2019\u00e9lectricit\u00e9, la CER doit n\u00e9cessairement \u00eatre propri\u00e9taire de l\u2019installation de production.<\/li><li><strong>La communaut\u00e9 d\u2019\u00e9nergie locale (CEL)<\/strong>&nbsp;: la CEL est une initiative bruxelloise, qui ne d\u00e9coule pas des directives europ\u00e9ennes et qui vise notamment \u00e0 \u00e9largir les possibilit\u00e9s de financement d\u2019une installation de production en permettant, par exemple, d\u2019avoir recours \u00e0 un tiers investisseur. En effet, contrairement aux CEC et CER, la CEL peut \u00eatre propri\u00e9taire de l\u2019installation de production mais il est \u00e9galement possible qu\u2019un ou plusieurs de ses membres soient eux-m\u00eames propri\u00e9taires ou que ces derniers disposent d\u2019un droit d\u2019usage sur l\u2019installation de production. Les activit\u00e9s de la CEL se limitent aux sources d\u2019\u00e9nergie renouvelables. Au niveau de la participation \u00e0 une CEL, on retrouve les m\u00eames conditions que pour la CER.<\/li><\/ol>\n\n\n\n<figure class=\"wp-block-image size-full is-resized\"><img loading=\"lazy\" decoding=\"async\" src=\"https:\/\/www.renouvelle.be\/wp-content\/uploads\/2022\/06\/resume-communautes.png\" alt=\"\" class=\"wp-image-8304\" width=\"583\" height=\"522\" srcset=\"https:\/\/www.renouvelle.be\/wp-content\/uploads\/2022\/06\/resume-communautes.png 767w, https:\/\/www.renouvelle.be\/wp-content\/uploads\/2022\/06\/resume-communautes-300x269.png 300w\" sizes=\"auto, (max-width: 583px) 100vw, 583px\" \/><figcaption><a href=\"https:\/\/environnement.brussels\/sites\/default\/files\/user_files\/pres_20220509_1_pce_cadre_fr.pdf\" target=\"_blank\" rel=\"noreferrer noopener\">S\u00e9minaire de Bruxelles-Environnement sur partage et les communaut\u00e9s d&rsquo;\u00e9nergie<\/a><\/figcaption><\/figure>\n<\/div><\/div>\n\n\n\n<div class=\"wp-block-group\"><div class=\"wp-block-group__inner-container is-layout-flow wp-block-group-is-layout-flow\">\n<h2 class=\"wp-block-heading\" id=\"acitivitescommunautes\">3. Quelles activit\u00e9s peut exercer une communaut\u00e9 d\u2019\u00e9nergie&nbsp;?<\/h2>\n\n\n\n<p>Les communaut\u00e9s d\u2019\u00e9nergie peuvent exercer un large panel d\u2019activit\u00e9s li\u00e9es au domaine de l\u2019\u00e9lectricit\u00e9. En effet, elles peuvent produire, consommer, stocker, fournir et partager de l\u2019\u00e9lectricit\u00e9. Elles peuvent \u00e9galement participer \u00e0 des services d\u2019agr\u00e9gation,&nbsp;fournir des services de flexibilit\u00e9, des services \u00e9nerg\u00e9tiques et des services de recharge pour v\u00e9hicules \u00e9lectriques.<\/p>\n\n\n\n<ul class=\"wp-block-list\"><li><strong>Production d\u2019\u00e9lectricit\u00e9<\/strong>&nbsp;: la communaut\u00e9 peut investir dans des moyens de production et vendre la production \u00e0 un ou plusieurs fournisseurs&nbsp;;<\/li><li><strong>Fourniture d\u2019\u00e9lectricit\u00e9<\/strong>&nbsp;: dans ce cas, la communaut\u00e9 doit disposer d\u2019une licence de fourniture. La communaut\u00e9 peut produire elle-m\u00eame son \u00e9lectricit\u00e9 et la revendre \u00e0 des clients ext\u00e9rieurs (non-membre de la communaut\u00e9) mais elle peut \u00e9galement acheter l\u2019\u00e9lectricit\u00e9 produite par un producteur externe et revendre cette \u00e9lectricit\u00e9 en tant que fournisseur.<\/li><li><strong>Stocker<\/strong>&nbsp;: le surplus de la production d\u2019\u00e9lectricit\u00e9 (batteries, hydrog\u00e8ne, etc.).<\/li><li><strong>Services de recharge pour v\u00e9hicules \u00e9lectriques<\/strong>&nbsp;: via des bornes de recharge pour ces v\u00e9hicules.<\/li><li><strong>Services de flexibilit\u00e9<\/strong>&nbsp;: le but \u00e9tant d\u2019assurer l\u2019\u00e9quilibre du r\u00e9seau (s\u00e9curit\u00e9 d\u2019approvisionnement) en adaptant la consommation \u00e0 la production d\u2019\u00e9lectricit\u00e9.<\/li><li><strong>Efficacit\u00e9 \u00e9nerg\u00e9tique<\/strong>&nbsp;: conseils et informations utiles pour r\u00e9aliser des \u00e9conomies d\u2019\u00e9nergie, outils de monitoring, r\u00e9novation \u00e9nerg\u00e9tique, etc.<\/li><\/ul>\n\n\n\n<figure class=\"wp-block-image size-large is-resized\"><img loading=\"lazy\" decoding=\"async\" src=\"https:\/\/www.renouvelle.be\/wp-content\/uploads\/2022\/06\/activites-communautes-1024x584.png\" alt=\"\" class=\"wp-image-8310\" width=\"672\" height=\"383\" srcset=\"https:\/\/www.renouvelle.be\/wp-content\/uploads\/2022\/06\/activites-communautes-1024x584.png 1024w, https:\/\/www.renouvelle.be\/wp-content\/uploads\/2022\/06\/activites-communautes-300x171.png 300w, https:\/\/www.renouvelle.be\/wp-content\/uploads\/2022\/06\/activites-communautes-768x438.png 768w, https:\/\/www.renouvelle.be\/wp-content\/uploads\/2022\/06\/activites-communautes-1200x684.png 1200w, https:\/\/www.renouvelle.be\/wp-content\/uploads\/2022\/06\/activites-communautes.png 1267w\" sizes=\"auto, (max-width: 672px) 100vw, 672px\" \/><figcaption><a href=\"https:\/\/environnement.brussels\/sites\/default\/files\/user_files\/pres_20220509_1_pce_cadre_fr.pdf\" target=\"_blank\" rel=\"noreferrer noopener\">S\u00e9minaire de Bruxelles-Environnement sur partage et les communaut\u00e9s d&rsquo;\u00e9nergie<\/a><\/figcaption><\/figure>\n<\/div><\/div>\n\n\n\n<div class=\"wp-block-group\"><div class=\"wp-block-group__inner-container is-layout-flow wp-block-group-is-layout-flow\">\n<h2 class=\"wp-block-heading\" id=\"commentpartager\">4. Comment partager son \u00e9lectricit\u00e9 sur le territoire bruxellois&nbsp;?<\/h2>\n\n\n\n<p>But&nbsp;: permettre \u00e0 des personnes qui n\u2019ont pas acc\u00e8s \u00e0 de l\u2019\u00e9lectricit\u00e9 solaire (ex&nbsp;: pas de toiture, pas les fonds n\u00e9cessaires, etc.) de b\u00e9n\u00e9ficier du surplus solaire d\u2019une production.<\/p>\n\n\n\n<p>Pour partager de l\u2019\u00e9lectricit\u00e9, <strong>trois configurations <\/strong>sont possibles&nbsp;:<\/p>\n\n\n\n<ul class=\"wp-block-list\"><li>Echange de pair \u00e0 pair (P2P)&nbsp;;<\/li><li>Au sein d\u2019un m\u00eame b\u00e2timent, entre clients actifs agissant conjointement&nbsp;;<\/li><li>Au sein d\u2019une communaut\u00e9 d\u2019\u00e9nergie.<\/li><\/ul>\n\n\n\n<p>1) <strong>Echange de pair \u00e0 pair<\/strong><\/p>\n\n\n\n<p>L\u2019ordonnance permet \u00e0 deux clients actifs de s\u2019\u00e9changer de l\u2019\u00e9lectricit\u00e9 issue de sources renouvelables<sup><a href=\"#ref\">3<\/a><\/sup>. Ces derniers devront conclure un contrat reprenant les modalit\u00e9s de cet \u00e9change. Pour autant que l\u2019activit\u00e9 d\u2019achat par un \u00e9change de pair \u00e0 pair ne concerne qu\u2019un seul autre client actif, celui qui ach\u00e8te de l\u2019\u00e9lectricit\u00e9 \u00e0 un autre client actif dans le cadre d\u2019un \u00e9change de pair \u00e0 pair n\u2019est pas soumis aux obligations \u00e0 charge du fournisseur<sup><a href=\"#ref\">4<\/a><\/sup>.<\/p>\n\n\n\n<p>2) <strong>Partage au sein d\u2019un m\u00eame b\u00e2timent<\/strong><\/p>\n\n\n\n<p>Le partage au sein d\u2019un m\u00eame b\u00e2timent est possible entre clients actifs agissant conjointement<sup><a href=\"#ref\">5<\/a><\/sup>. Dans ce cas, l\u2019ordonnance impose certaines conditions&nbsp;:<\/p>\n\n\n\n<ul class=\"wp-block-list\"><li>Les clients actifs doivent \u00eatre situ\u00e9s dans le m\u00eame b\u00e2timent<a href=\"#ref\"><sup>6<\/sup>&nbsp;<\/a>;<\/li><li>Le partage concerne uniquement de l\u2019\u00e9lectricit\u00e9 issue de sources renouvelables&nbsp;;<\/li><li>L\u2019installation de production est situ\u00e9e \u00e0 l&rsquo;int\u00e9rieur ou sur le b\u00e2timent dans lequel les clients actifs agissant conjointement sont situ\u00e9s ;<\/li><li>Chaque client actif qui y participe conserve un contrat de fourniture aupr\u00e8s d\u2019un titulaire d\u2019une licence de fourniture<sup><a href=\"#ref\">7<\/a><\/sup>.<\/li><\/ul>\n\n\n\n<p>Les participants devront signer une convention avec le gestionnaire du partage pour d\u00e9finir leurs droits et obligations respectives et les modalit\u00e9s du partage<sup><a href=\"#ref\">8<\/a><\/sup>.<\/p>\n\n\n\n<p>3)<strong> Partage au sein d\u2019une communaut\u00e9 d\u2019\u00e9nergie<\/strong><\/p>\n\n\n\n<p>Comme indiqu\u00e9 ci-dessus, le partage d\u2019\u00e9lectricit\u00e9 est l\u2019une des activit\u00e9s pouvant \u00eatre exerc\u00e9es par une communaut\u00e9 d\u2019\u00e9nergie. En fonction du type de communaut\u00e9, l\u2019\u00e9lectricit\u00e9 partag\u00e9e sera, ou non, issue de sources renouvelables. En principe, la communaut\u00e9 doit \u00eatre propri\u00e9taire de l\u2019installation de production mais dans le cas d\u2019une CEL, un ou plusieurs membres de la communaut\u00e9 peuvent \u00eatre propri\u00e9taires et\/ou b\u00e9n\u00e9ficier d\u2019un droit d\u2019usage sur celle-ci.<\/p>\n\n\n\n<p>Les principales diff\u00e9rences entre le partage au sein d\u2019un m\u00eame b\u00e2timent et le partage au sein d\u2019une communaut\u00e9 d\u2019\u00e9nergie sont que&nbsp;:<\/p>\n\n\n\n<ul class=\"wp-block-list\"><li>Pour le partage au sein d\u2019un m\u00eame b\u00e2timent, un simple contrat suffit alors que pour une communaut\u00e9 d\u2019\u00e9nergie, une personne morale est requise (possibilit\u00e9 d\u2019utiliser une entit\u00e9 juridique existante \u2013 le cas \u00e9ch\u00e9ant, en adaptant ses statuts pour que son objet social et ses activit\u00e9s correspondent aux objectifs n\u00e9cessairement poursuivis par une communaut\u00e9 d\u2019\u00e9nergie \u2013 ou d\u2019en constituer une nouvelle).<\/li><\/ul>\n\n\n\n<ul class=\"wp-block-list\"><li>Au niveau du p\u00e9rim\u00e8tre de l\u2019activit\u00e9 de partage, entre clients actifs agissant conjointement, le partage d\u2019\u00e9lectricit\u00e9 se limite \u00e0 un seul et m\u00eame b\u00e2timent tandis que pour une communaut\u00e9 d\u2019\u00e9nergie, le partage peut s\u2019\u00e9tendre sur tout le territoire de la R\u00e9gion de Bruxelles-Capitale.<\/li><\/ul>\n\n\n\n<p>Pour faciliter le d\u00e9veloppement des communaut\u00e9s d\u2019\u00e9nergie et le partage d\u2019\u00e9lectricit\u00e9, la R\u00e9gion de Bruxelles-Capitale a mis en place un Facilitateur \u00ab&nbsp;Partage et Communaut\u00e9s d\u2019\u00e9nergie&nbsp;\u00bb. C\u2019est un service gratuit, financ\u00e9 et g\u00e9r\u00e9 par Bruxelles Environnement.<\/p>\n\n\n\n<figure class=\"wp-block-image size-full\"><img loading=\"lazy\" decoding=\"async\" width=\"883\" height=\"587\" src=\"https:\/\/www.renouvelle.be\/wp-content\/uploads\/2022\/06\/partage-elec-1.png\" alt=\"\" class=\"wp-image-8324\" srcset=\"https:\/\/www.renouvelle.be\/wp-content\/uploads\/2022\/06\/partage-elec-1.png 883w, https:\/\/www.renouvelle.be\/wp-content\/uploads\/2022\/06\/partage-elec-1-300x199.png 300w, https:\/\/www.renouvelle.be\/wp-content\/uploads\/2022\/06\/partage-elec-1-768x511.png 768w, https:\/\/www.renouvelle.be\/wp-content\/uploads\/2022\/06\/partage-elec-1-100x65.png 100w\" sizes=\"auto, (max-width: 883px) 100vw, 883px\" \/><figcaption><a href=\"https:\/\/environnement.brussels\/sites\/default\/files\/user_files\/pres_20220509_1_pce_cadre_fr.pdf\" target=\"_blank\" rel=\"noreferrer noopener\">S\u00e9minaire de Bruxelles-Environnement sur partage et les communaut\u00e9s d&rsquo;\u00e9nergie<\/a><\/figcaption><\/figure>\n<\/div><\/div>\n\n\n\n<div class=\"wp-block-group\"><div class=\"wp-block-group__inner-container is-layout-flow wp-block-group-is-layout-flow\">\n<h2 class=\"wp-block-heading\" id=\"macommunaute\">5. J\u2019aimerais lancer ma communaut\u00e9 d\u2019\u00e9nergie, comment faire&nbsp;?<\/h2>\n\n\n\n<figure class=\"wp-block-image size-full is-resized\"><img loading=\"lazy\" decoding=\"async\" src=\"https:\/\/www.renouvelle.be\/wp-content\/uploads\/2022\/06\/partage-energie-EC.jpg\" alt=\"\" class=\"wp-image-8318\" width=\"534\" height=\"274\" srcset=\"https:\/\/www.renouvelle.be\/wp-content\/uploads\/2022\/06\/partage-energie-EC.jpg 1024w, https:\/\/www.renouvelle.be\/wp-content\/uploads\/2022\/06\/partage-energie-EC-300x154.jpg 300w, https:\/\/www.renouvelle.be\/wp-content\/uploads\/2022\/06\/partage-energie-EC-768x395.jpg 768w\" sizes=\"auto, (max-width: 534px) 100vw, 534px\" \/><\/figure>\n\n\n\n<p>Ce Facilitateur s\u2019organise sur trois niveaux de service&nbsp;:<\/p>\n\n\n\n<ul class=\"wp-block-list\"><li>Accompagnement individuel des porteurs de projet&nbsp;;<\/li><li>D\u00e9veloppement d\u2019outils&nbsp;;<\/li><li>Partage d\u2019une information g\u00e9n\u00e9rale sur la th\u00e9matique du partage et des CE.<\/li><\/ul>\n\n\n\n<p><strong>1) Accompagnement individuel<\/strong><\/p>\n\n\n\n<p>Toute personne qui souhaite constituer une communaut\u00e9 d\u2019\u00e9nergie et\/ou r\u00e9aliser une activit\u00e9 de partage d\u2019\u00e9lectricit\u00e9, en R\u00e9gion de Bruxelles-Capitale, peut faire appel au Facilitateur pour b\u00e9n\u00e9ficier d\u2019un accompagnement individuel dans la mise en \u0153uvre de son projet. Le porteur de projet prend contact avec le Facilitateur via un questionnaire accessible en ligne (<a href=\"https:\/\/environnement.brussels\/forms\/questionnaire-didentification-facilitateur-partage-et-communautes-denergie#overlay-context=user\">Questionnaire d\u2019identification Facilitateur \u00ab Partage et Communaut\u00e9s d\u2019\u00e9nergie \u00bb | Bruxelles Environnement<\/a>). Sur base de ces informations, le Facilitateur se fait une premi\u00e8re id\u00e9e sur l\u2019\u00e9tat de maturation du projet et sa faisabilit\u00e9. Il prend alors contact avec le porteur de projet pour, le cas \u00e9ch\u00e9ant, d\u00e9marrer son accompagnement.<\/p>\n\n\n\n<p>L\u2019accompagnement porte sur toutes les \u00e9tapes de mise en \u0153uvre du projet de partage ou de communaut\u00e9 (mod\u00e8le \u00e9conomique, mobilisation des participants, dimensionnement du projet, d\u00e9marches juridiques, administratives, comptables, impl\u00e9mentation technique, gestion du projet, etc.).<\/p>\n\n\n\n<p>L\u2019accompagnement est bas\u00e9 sur le principe de non-substitution selon lequel les actions n\u00e9cessaires \u00e0 la r\u00e9alisation du projet sont entreprises par le demandeur, avec le soutien du Facilitateur.<\/p>\n\n\n\n<p><strong>2) Outils<\/strong><\/p>\n\n\n\n<p>Le Facilitateur d\u00e9veloppe des outils simples, adaptables et gratuits qui visent \u00e0 faciliter la mise en place de communaut\u00e9s d\u2019\u00e9nergie et de partage d\u2019\u00e9lectricit\u00e9 \u00e0 Bruxelles. <em>Ex&nbsp;: outil de calcul de rentabilit\u00e9, template de facturation, template de statuts, template de contrats, etc.<\/em><\/p>\n\n\n\n<p><strong>3) Information g\u00e9n\u00e9rale<\/strong><\/p>\n\n\n\n<p>Le Facilitateur transmet une information g\u00e9n\u00e9rale sur la th\u00e9matique du partage et des CE (brochures, s\u00e9minaires, formations, etc.).<\/p>\n\n\n\n<hr class=\"wp-block-separator has-alpha-channel-opacity\"\/>\n<\/div><\/div>\n\n\n\n<div id=\"reference\" class=\"wp-block-group\"><div class=\"wp-block-group__inner-container is-layout-flow wp-block-group-is-layout-flow\">\n<p>[1] Ordonnance du 17 mars 2022 modifiant l&rsquo;ordonnance du 19 juillet 2001 relative \u00e0 l&rsquo;organisation du march\u00e9 de l&rsquo;\u00e9lectricit\u00e9 en R\u00e9gion de Bruxelles-Capitale, l&rsquo;ordonnance du 1<sup>er<\/sup> avril 2004 relative \u00e0 l&rsquo;organisation du march\u00e9 du gaz en R\u00e9gion de Bruxelles-Capitale, concernant des redevances de voiries en mati\u00e8re de gaz et d&rsquo;\u00e9lectricit\u00e9 et portant modification de l&rsquo;ordonnance du 19 juillet 2001 relative \u00e0 l&rsquo;organisation du march\u00e9 de l&rsquo;\u00e9lectricit\u00e9 en R\u00e9gion de Bruxelles-Capitale et l&rsquo;ordonnance du 12 d\u00e9cembre 1991 cr\u00e9ant des fonds budg\u00e9taires en vue de la transposition de la directive 2018\/2001 et de la directive 2019\/944, <em>M.B<\/em>., le 20\/04\/2022, disponible sur&nbsp;: <a href=\"http:\/\/www.ejustice.just.fgov.be\/eli\/ordonnance\/2022\/03\/17\/2022020646\/moniteur\">http:\/\/www.ejustice.just.fgov.be\/eli\/ordonnance\/2022\/03\/17\/2022020646\/moniteur<\/a> <\/p>\n\n\n\n<p>[2] Directive (UE) 2018\/2001 du Parlement europ\u00e9en et du Conseil du 11 d\u00e9cembre 2018 relative \u00e0 la promotion de l&rsquo;utilisation de l&rsquo;\u00e9nergie produite \u00e0 partir de sources renouvelables (disponible sur&nbsp;: <a href=\"https:\/\/eur-lex.europa.eu\/legal-content\/FR\/TXT\/PDF\/?uri=CELEX:32018L2001\">https:\/\/eur-lex.europa.eu\/legal-content\/FR\/TXT\/PDF\/?uri=CELEX:32018L2001<\/a>) et Directive (UE) 2019\/944 du Parlement europ\u00e9en et du Conseil du 5 juin 2019 concernant des r\u00e8gles communes pour le march\u00e9 int\u00e9rieur de l&rsquo;\u00e9lectricit\u00e9 et modifiant la directive 2012\/27\/UE (disponible sur&nbsp;: <a href=\"https:\/\/eur-lex.europa.eu\/legal-content\/FR\/TXT\/PDF\/?uri=CELEX:32019L0944&amp;from=NL\">https:\/\/eur-lex.europa.eu\/legal-content\/FR\/TXT\/PDF\/?uri=CELEX:32019L0944&amp;from=NL<\/a>).<\/p>\n\n\n\n<p>[3] Article 2, 68\u00b0 OELEC.<\/p>\n\n\n\n<p>[4] Article 13bis, \u00a73 OELEC.<\/p>\n\n\n\n<p>[5] L\u2019Ordonnance d\u00e9finit les clients actifs agissant conjointement comme un groupe d\u2019au moins deux clients actifs agissant de mani\u00e8re conjointe conform\u00e9ment au point 55\u00b0 qui sont situ\u00e9s dans le m\u00eame b\u00e2timent (art. 2, 56\u00b0 OELEC).<\/p>\n\n\n\n<p>[6] L\u2019ordonnance d\u00e9finit le b\u00e2timent comme toute construction immobili\u00e8re, non provisoire, couverte et ferm\u00e9e comportant au moins deux unit\u00e9s raccord\u00e9es au r\u00e9seau de distribution ou au r\u00e9seau de transport r\u00e9gional et comportant une ou des parties communes (art. 2, 56\u00b0 OELEC).<\/p>\n\n\n\n<p>[7] Article 13bis, \u00a76 OELEC.<\/p>\n\n\n\n<p>[8] Article 13bis, \u00a78 OELEC.<\/p>\n<\/div><\/div>\n","protected":false},"excerpt":{"rendered":"<p>Sous l\u2019impulsion europ\u00e9enne, la nouvelle ordonnance bruxelloise vient de voir le jour et permet \u00e0 tout client actif de rejoindre une communaut\u00e9 d\u2019\u00e9nergie et de participer \u00e0 un partage d\u2019\u00e9lectricit\u00e9. Une pratique r\u00e9volutionnaire qui est en pleine \u00e9volution et o\u00f9 plusieurs points doivent encore \u00eatre clarifi\u00e9s. N\u00e9anmoins, Renouvelle tente de vous r\u00e9sumer les grandes lignes du principe du partage et des communaut\u00e9s d\u2019\u00e9nergie en 5 questions.<\/p>\n","protected":false},"author":30,"featured_media":8296,"comment_status":"closed","ping_status":"closed","sticky":false,"template":"","format":"standard","meta":{"_acf_changed":false,"footnotes":""},"categories":[17,19],"tags":[],"section":[5],"class_list":["post-8294","post","type-post","status-publish","format-standard","has-post-thumbnail","hentry","category-actualite-en-belgique","category-outils-categories","section-communaute-denergie"],"acf":[],"yoast_head":"<!-- This site is optimized with the Yoast SEO plugin v27.5 - https:\/\/yoast.com\/product\/yoast-seo-wordpress\/ -->\n<title>5 questions sur les communaut\u00e9s d\u2019\u00e9nergie \u00e0 Bruxelles - Renouvelle<\/title>\n<meta name=\"robots\" content=\"index, follow, max-snippet:-1, max-image-preview:large, max-video-preview:-1\" \/>\n<link rel=\"canonical\" href=\"https:\/\/www.renouvelle.be\/fr\/communautes-energie-bruxelles-5-questions\/\" \/>\n<meta property=\"og:locale\" content=\"fr_FR\" \/>\n<meta property=\"og:type\" content=\"article\" \/>\n<meta property=\"og:title\" content=\"5 questions sur les communaut\u00e9s d\u2019\u00e9nergie \u00e0 Bruxelles - Renouvelle\" \/>\n<meta property=\"og:description\" content=\"Sous l\u2019impulsion europ\u00e9enne, la nouvelle ordonnance bruxelloise vient de voir le jour et permet \u00e0 tout client actif de rejoindre une communaut\u00e9 d\u2019\u00e9nergie et de participer \u00e0 un partage d\u2019\u00e9lectricit\u00e9. Une pratique r\u00e9volutionnaire qui est en pleine \u00e9volution et o\u00f9 plusieurs points doivent encore \u00eatre clarifi\u00e9s. N\u00e9anmoins, Renouvelle tente de vous r\u00e9sumer les grandes lignes du principe du partage et des communaut\u00e9s d\u2019\u00e9nergie en 5 questions.\" \/>\n<meta property=\"og:url\" content=\"https:\/\/www.renouvelle.be\/fr\/communautes-energie-bruxelles-5-questions\/\" \/>\n<meta property=\"og:site_name\" content=\"Renouvelle\" \/>\n<meta property=\"article:published_time\" content=\"2022-06-28T10:06:42+00:00\" \/>\n<meta property=\"article:modified_time\" content=\"2022-07-20T12:40:58+00:00\" \/>\n<meta property=\"og:image\" content=\"https:\/\/www.renouvelle.be\/wp-content\/uploads\/2022\/06\/FRRHmMAXoAEMVs2-scaled.jpg\" \/>\n\t<meta property=\"og:image:width\" content=\"2560\" \/>\n\t<meta property=\"og:image:height\" content=\"1920\" \/>\n\t<meta property=\"og:image:type\" content=\"image\/jpeg\" \/>\n<meta name=\"author\" content=\"Manon KOLENBERG\" \/>\n<meta name=\"twitter:card\" content=\"summary_large_image\" \/>\n<script type=\"application\/ld+json\" class=\"yoast-schema-graph\">{\"@context\":\"https:\\\/\\\/schema.org\",\"@graph\":[{\"@type\":\"Article\",\"@id\":\"https:\\\/\\\/www.renouvelle.be\\\/fr\\\/communautes-energie-bruxelles-5-questions\\\/#article\",\"isPartOf\":{\"@id\":\"https:\\\/\\\/www.renouvelle.be\\\/fr\\\/communautes-energie-bruxelles-5-questions\\\/\"},\"author\":{\"name\":\"Manon KOLENBERG\",\"@id\":\"https:\\\/\\\/www.renouvelle.be\\\/fr\\\/#\\\/schema\\\/person\\\/6f1da7970056293cbf5ba221c3ebba1e\"},\"headline\":\"5 questions sur les communaut\u00e9s d\u2019\u00e9nergie \u00e0 Bruxelles\",\"datePublished\":\"2022-06-28T10:06:42+00:00\",\"dateModified\":\"2022-07-20T12:40:58+00:00\",\"mainEntityOfPage\":{\"@id\":\"https:\\\/\\\/www.renouvelle.be\\\/fr\\\/communautes-energie-bruxelles-5-questions\\\/\"},\"wordCount\":2305,\"image\":{\"@id\":\"https:\\\/\\\/www.renouvelle.be\\\/fr\\\/communautes-energie-bruxelles-5-questions\\\/#primaryimage\"},\"thumbnailUrl\":\"https:\\\/\\\/www.renouvelle.be\\\/wp-content\\\/uploads\\\/2022\\\/06\\\/FRRHmMAXoAEMVs2-scaled.jpg\",\"articleSection\":[\"Actualit\u00e9 en Belgique\",\"Outils\"],\"inLanguage\":\"fr-FR\"},{\"@type\":\"WebPage\",\"@id\":\"https:\\\/\\\/www.renouvelle.be\\\/fr\\\/communautes-energie-bruxelles-5-questions\\\/\",\"url\":\"https:\\\/\\\/www.renouvelle.be\\\/fr\\\/communautes-energie-bruxelles-5-questions\\\/\",\"name\":\"5 questions sur les communaut\u00e9s d\u2019\u00e9nergie \u00e0 Bruxelles - Renouvelle\",\"isPartOf\":{\"@id\":\"https:\\\/\\\/www.renouvelle.be\\\/fr\\\/#website\"},\"primaryImageOfPage\":{\"@id\":\"https:\\\/\\\/www.renouvelle.be\\\/fr\\\/communautes-energie-bruxelles-5-questions\\\/#primaryimage\"},\"image\":{\"@id\":\"https:\\\/\\\/www.renouvelle.be\\\/fr\\\/communautes-energie-bruxelles-5-questions\\\/#primaryimage\"},\"thumbnailUrl\":\"https:\\\/\\\/www.renouvelle.be\\\/wp-content\\\/uploads\\\/2022\\\/06\\\/FRRHmMAXoAEMVs2-scaled.jpg\",\"datePublished\":\"2022-06-28T10:06:42+00:00\",\"dateModified\":\"2022-07-20T12:40:58+00:00\",\"author\":{\"@id\":\"https:\\\/\\\/www.renouvelle.be\\\/fr\\\/#\\\/schema\\\/person\\\/6f1da7970056293cbf5ba221c3ebba1e\"},\"breadcrumb\":{\"@id\":\"https:\\\/\\\/www.renouvelle.be\\\/fr\\\/communautes-energie-bruxelles-5-questions\\\/#breadcrumb\"},\"inLanguage\":\"fr-FR\",\"potentialAction\":[{\"@type\":\"ReadAction\",\"target\":[\"https:\\\/\\\/www.renouvelle.be\\\/fr\\\/communautes-energie-bruxelles-5-questions\\\/\"]}]},{\"@type\":\"ImageObject\",\"inLanguage\":\"fr-FR\",\"@id\":\"https:\\\/\\\/www.renouvelle.be\\\/fr\\\/communautes-energie-bruxelles-5-questions\\\/#primaryimage\",\"url\":\"https:\\\/\\\/www.renouvelle.be\\\/wp-content\\\/uploads\\\/2022\\\/06\\\/FRRHmMAXoAEMVs2-scaled.jpg\",\"contentUrl\":\"https:\\\/\\\/www.renouvelle.be\\\/wp-content\\\/uploads\\\/2022\\\/06\\\/FRRHmMAXoAEMVs2-scaled.jpg\",\"width\":2560,\"height\":1920},{\"@type\":\"BreadcrumbList\",\"@id\":\"https:\\\/\\\/www.renouvelle.be\\\/fr\\\/communautes-energie-bruxelles-5-questions\\\/#breadcrumb\",\"itemListElement\":[{\"@type\":\"ListItem\",\"position\":1,\"name\":\"Accueil\",\"item\":\"https:\\\/\\\/www.renouvelle.be\\\/fr\\\/\"},{\"@type\":\"ListItem\",\"position\":2,\"name\":\"5 questions sur les communaut\u00e9s d\u2019\u00e9nergie \u00e0 Bruxelles\"}]},{\"@type\":\"WebSite\",\"@id\":\"https:\\\/\\\/www.renouvelle.be\\\/fr\\\/#website\",\"url\":\"https:\\\/\\\/www.renouvelle.be\\\/fr\\\/\",\"name\":\"Renouvelle\",\"description\":\"L&#039;actualit\u00e9 de l&#039;\u00e9nergie durable\",\"potentialAction\":[{\"@type\":\"SearchAction\",\"target\":{\"@type\":\"EntryPoint\",\"urlTemplate\":\"https:\\\/\\\/www.renouvelle.be\\\/fr\\\/?s={search_term_string}\"},\"query-input\":{\"@type\":\"PropertyValueSpecification\",\"valueRequired\":true,\"valueName\":\"search_term_string\"}}],\"inLanguage\":\"fr-FR\"},{\"@type\":\"Person\",\"@id\":\"https:\\\/\\\/www.renouvelle.be\\\/fr\\\/#\\\/schema\\\/person\\\/6f1da7970056293cbf5ba221c3ebba1e\",\"name\":\"Manon KOLENBERG\",\"url\":\"https:\\\/\\\/www.renouvelle.be\\\/fr\\\/author\\\/manon\\\/\"}]}<\/script>\n<!-- \/ Yoast SEO plugin. -->","yoast_head_json":{"title":"5 questions sur les communaut\u00e9s d\u2019\u00e9nergie \u00e0 Bruxelles - Renouvelle","robots":{"index":"index","follow":"follow","max-snippet":"max-snippet:-1","max-image-preview":"max-image-preview:large","max-video-preview":"max-video-preview:-1"},"canonical":"https:\/\/www.renouvelle.be\/fr\/communautes-energie-bruxelles-5-questions\/","og_locale":"fr_FR","og_type":"article","og_title":"5 questions sur les communaut\u00e9s d\u2019\u00e9nergie \u00e0 Bruxelles - Renouvelle","og_description":"Sous l\u2019impulsion europ\u00e9enne, la nouvelle ordonnance bruxelloise vient de voir le jour et permet \u00e0 tout client actif de rejoindre une communaut\u00e9 d\u2019\u00e9nergie et de participer \u00e0 un partage d\u2019\u00e9lectricit\u00e9. Une pratique r\u00e9volutionnaire qui est en pleine \u00e9volution et o\u00f9 plusieurs points doivent encore \u00eatre clarifi\u00e9s. N\u00e9anmoins, Renouvelle tente de vous r\u00e9sumer les grandes lignes du principe du partage et des communaut\u00e9s d\u2019\u00e9nergie en 5 questions.","og_url":"https:\/\/www.renouvelle.be\/fr\/communautes-energie-bruxelles-5-questions\/","og_site_name":"Renouvelle","article_published_time":"2022-06-28T10:06:42+00:00","article_modified_time":"2022-07-20T12:40:58+00:00","og_image":[{"width":2560,"height":1920,"url":"https:\/\/www.renouvelle.be\/wp-content\/uploads\/2022\/06\/FRRHmMAXoAEMVs2-scaled.jpg","type":"image\/jpeg"}],"author":"Manon KOLENBERG","twitter_card":"summary_large_image","schema":{"@context":"https:\/\/schema.org","@graph":[{"@type":"Article","@id":"https:\/\/www.renouvelle.be\/fr\/communautes-energie-bruxelles-5-questions\/#article","isPartOf":{"@id":"https:\/\/www.renouvelle.be\/fr\/communautes-energie-bruxelles-5-questions\/"},"author":{"name":"Manon KOLENBERG","@id":"https:\/\/www.renouvelle.be\/fr\/#\/schema\/person\/6f1da7970056293cbf5ba221c3ebba1e"},"headline":"5 questions sur les communaut\u00e9s d\u2019\u00e9nergie \u00e0 Bruxelles","datePublished":"2022-06-28T10:06:42+00:00","dateModified":"2022-07-20T12:40:58+00:00","mainEntityOfPage":{"@id":"https:\/\/www.renouvelle.be\/fr\/communautes-energie-bruxelles-5-questions\/"},"wordCount":2305,"image":{"@id":"https:\/\/www.renouvelle.be\/fr\/communautes-energie-bruxelles-5-questions\/#primaryimage"},"thumbnailUrl":"https:\/\/www.renouvelle.be\/wp-content\/uploads\/2022\/06\/FRRHmMAXoAEMVs2-scaled.jpg","articleSection":["Actualit\u00e9 en Belgique","Outils"],"inLanguage":"fr-FR"},{"@type":"WebPage","@id":"https:\/\/www.renouvelle.be\/fr\/communautes-energie-bruxelles-5-questions\/","url":"https:\/\/www.renouvelle.be\/fr\/communautes-energie-bruxelles-5-questions\/","name":"5 questions sur les communaut\u00e9s d\u2019\u00e9nergie \u00e0 Bruxelles - Renouvelle","isPartOf":{"@id":"https:\/\/www.renouvelle.be\/fr\/#website"},"primaryImageOfPage":{"@id":"https:\/\/www.renouvelle.be\/fr\/communautes-energie-bruxelles-5-questions\/#primaryimage"},"image":{"@id":"https:\/\/www.renouvelle.be\/fr\/communautes-energie-bruxelles-5-questions\/#primaryimage"},"thumbnailUrl":"https:\/\/www.renouvelle.be\/wp-content\/uploads\/2022\/06\/FRRHmMAXoAEMVs2-scaled.jpg","datePublished":"2022-06-28T10:06:42+00:00","dateModified":"2022-07-20T12:40:58+00:00","author":{"@id":"https:\/\/www.renouvelle.be\/fr\/#\/schema\/person\/6f1da7970056293cbf5ba221c3ebba1e"},"breadcrumb":{"@id":"https:\/\/www.renouvelle.be\/fr\/communautes-energie-bruxelles-5-questions\/#breadcrumb"},"inLanguage":"fr-FR","potentialAction":[{"@type":"ReadAction","target":["https:\/\/www.renouvelle.be\/fr\/communautes-energie-bruxelles-5-questions\/"]}]},{"@type":"ImageObject","inLanguage":"fr-FR","@id":"https:\/\/www.renouvelle.be\/fr\/communautes-energie-bruxelles-5-questions\/#primaryimage","url":"https:\/\/www.renouvelle.be\/wp-content\/uploads\/2022\/06\/FRRHmMAXoAEMVs2-scaled.jpg","contentUrl":"https:\/\/www.renouvelle.be\/wp-content\/uploads\/2022\/06\/FRRHmMAXoAEMVs2-scaled.jpg","width":2560,"height":1920},{"@type":"BreadcrumbList","@id":"https:\/\/www.renouvelle.be\/fr\/communautes-energie-bruxelles-5-questions\/#breadcrumb","itemListElement":[{"@type":"ListItem","position":1,"name":"Accueil","item":"https:\/\/www.renouvelle.be\/fr\/"},{"@type":"ListItem","position":2,"name":"5 questions sur les communaut\u00e9s d\u2019\u00e9nergie \u00e0 Bruxelles"}]},{"@type":"WebSite","@id":"https:\/\/www.renouvelle.be\/fr\/#website","url":"https:\/\/www.renouvelle.be\/fr\/","name":"Renouvelle","description":"L&#039;actualit\u00e9 de l&#039;\u00e9nergie durable","potentialAction":[{"@type":"SearchAction","target":{"@type":"EntryPoint","urlTemplate":"https:\/\/www.renouvelle.be\/fr\/?s={search_term_string}"},"query-input":{"@type":"PropertyValueSpecification","valueRequired":true,"valueName":"search_term_string"}}],"inLanguage":"fr-FR"},{"@type":"Person","@id":"https:\/\/www.renouvelle.be\/fr\/#\/schema\/person\/6f1da7970056293cbf5ba221c3ebba1e","name":"Manon KOLENBERG","url":"https:\/\/www.renouvelle.be\/fr\/author\/manon\/"}]}},"_links":{"self":[{"href":"https:\/\/www.renouvelle.be\/fr\/wp-json\/wp\/v2\/posts\/8294","targetHints":{"allow":["GET"]}}],"collection":[{"href":"https:\/\/www.renouvelle.be\/fr\/wp-json\/wp\/v2\/posts"}],"about":[{"href":"https:\/\/www.renouvelle.be\/fr\/wp-json\/wp\/v2\/types\/post"}],"author":[{"embeddable":true,"href":"https:\/\/www.renouvelle.be\/fr\/wp-json\/wp\/v2\/users\/30"}],"replies":[{"embeddable":true,"href":"https:\/\/www.renouvelle.be\/fr\/wp-json\/wp\/v2\/comments?post=8294"}],"version-history":[{"count":28,"href":"https:\/\/www.renouvelle.be\/fr\/wp-json\/wp\/v2\/posts\/8294\/revisions"}],"predecessor-version":[{"id":8433,"href":"https:\/\/www.renouvelle.be\/fr\/wp-json\/wp\/v2\/posts\/8294\/revisions\/8433"}],"wp:featuredmedia":[{"embeddable":true,"href":"https:\/\/www.renouvelle.be\/fr\/wp-json\/wp\/v2\/media\/8296"}],"wp:attachment":[{"href":"https:\/\/www.renouvelle.be\/fr\/wp-json\/wp\/v2\/media?parent=8294"}],"wp:term":[{"taxonomy":"category","embeddable":true,"href":"https:\/\/www.renouvelle.be\/fr\/wp-json\/wp\/v2\/categories?post=8294"},{"taxonomy":"post_tag","embeddable":true,"href":"https:\/\/www.renouvelle.be\/fr\/wp-json\/wp\/v2\/tags?post=8294"},{"taxonomy":"section","embeddable":true,"href":"https:\/\/www.renouvelle.be\/fr\/wp-json\/wp\/v2\/section?post=8294"}],"curies":[{"name":"wp","href":"https:\/\/api.w.org\/{rel}","templated":true}]}}