{"id":8247,"date":"2022-05-24T16:55:23","date_gmt":"2022-05-24T14:55:23","guid":{"rendered":"https:\/\/www.renouvelle.be\/?p=8247"},"modified":"2023-07-11T00:15:42","modified_gmt":"2023-07-10T22:15:42","slug":"les-energies-renouvelables-sont-desormais-presumees-dun-interet-public-superieur","status":"publish","type":"post","link":"https:\/\/www.renouvelle.be\/fr\/les-energies-renouvelables-sont-desormais-presumees-dun-interet-public-superieur\/","title":{"rendered":"Les \u00e9nergies renouvelables sont d\u00e9sormais pr\u00e9sum\u00e9es d\u2019un \u201cint\u00e9r\u00eat public sup\u00e9rieur\u201d\u00a0"},"content":{"rendered":"\n<p>Le plan d&rsquo;action <a href=\"https:\/\/ec.europa.eu\/commission\/presscorner\/detail\/en\/ip_22_3131\" target=\"_blank\" rel=\"noreferrer noopener\">REPowerEU<\/a>, pr\u00e9sent\u00e9 le 18 mai dernier, pr\u00e9cise que les \u00e9nergies renouvelables sont au c\u0153ur de la s\u00e9curit\u00e9 \u00e9nerg\u00e9tique de l&rsquo;Europe. Et surtout, il s&rsquo;attaque aux goulots d&rsquo;\u00e9tranglement des autorisations qui freine l&rsquo;expansion de l&rsquo;\u00e9olien et du solaire. &nbsp;<\/p>\n\n\n\n<p>Ainsi, une nouvelle loi consacrera le principe selon lequel les projets d\u2019\u00e9nergies renouvelables sont pr\u00e9sum\u00e9s \u00eatre d\u2019un \u00ab int\u00e9r\u00eat public sup\u00e9rieur \u00bb. &nbsp;<\/p>\n\n\n\n<p>Cela signifie que leur construction peut \u00eatre prioris\u00e9e dans la crise \u00e9nerg\u00e9tique actuelle au cas par cas et jusqu&rsquo;\u00e0 ce que la neutralit\u00e9 climatique soit atteinte. &nbsp;<\/p>\n\n\n\n<p>La directive europ\u00e9enne sur les \u00e9nergies renouvelables, en cours de r\u00e9vision, int\u00e8grera ainsi une nouvelle proposition l\u00e9gislative visant \u00e0 acc\u00e9l\u00e9rer l\u2019autorisation des projets renouvelables.&nbsp;<\/p>\n\n\n\n<p>La proposition l\u00e9gislative cr\u00e9e \u00e9galement des zones renouvelables&nbsp;\u00ab incontournables \u00bb que les gouvernements nationaux doivent mettre en place sur la base d&rsquo;une \u00e9valuation environnementale strat\u00e9gique. Dans ces zones, les projets devront \u00eatre autoris\u00e9s dans un d\u00e9lai d&rsquo;un an.&nbsp;<\/p>\n\n\n\n<p>Enfin, la Commission conserve les d\u00e9lais d&rsquo;autorisation existants \u2013 2 ans pour les nouveaux projets normaux et 1 an pour les projets de <em>repowering<\/em> \u2013 mais pr\u00e9cise quels permis et proc\u00e9dures doivent \u00eatre d\u00e9livr\u00e9s dans ces d\u00e9lais.&nbsp;<\/p>\n\n\n\n<p>En outre, des recommandations d\u00e9taill\u00e9es et des documents d&rsquo;orientation expliquent comment les gouvernements peuvent simplifier leurs processus d&rsquo;autorisation. Un&nbsp;nouveau guide d\u00e9crit ainsi les meilleures pratiques en mati\u00e8re d&rsquo;autorisations dans toute l&rsquo;Europe et montre ce qui fonctionne&nbsp;: comment num\u00e9riser les processus, garantir que les autorit\u00e9s publiques travaillent mieux ensemble, etc.&nbsp;<\/p>\n\n\n\n<h2 class=\"wp-block-heading\"><strong>Renforcer la fili\u00e8re industrielle<\/strong>&nbsp;<\/h2>\n\n\n\n<p>Le PDG de la f\u00e9d\u00e9ration WindEurope, Giles Dickson, a d\u00e9clar\u00e9 : \u201cLe plan d&rsquo;action REPowerEU tape&nbsp;en plein dans le mille. L&rsquo;Union europ\u00e9enne veut faire passer l&rsquo;\u00e9nergie \u00e9olienne de 190 GW aujourd&rsquo;hui \u00e0 480 GW en seulement 8 ans. Mais vous ne pouvez le faire que si vous simplifiez les autorisations. Et c&rsquo;est ce que REPowerEU vise \u00e0 atteindre.\u201d&nbsp;<\/p>\n\n\n\n<p>Selon ce plan, l&rsquo;Europe doit soutenir la cha\u00eene d&rsquo;approvisionnement de l&rsquo;industrie \u00e9olienne &#8211; actuellement trop vuln\u00e9rable&nbsp;: les 5 fabricants europ\u00e9ens d&rsquo;\u00e9oliennes fonctionnent tous \u00e0 perte aujourd&rsquo;hui. Ce nouveau soutien permettra donc de consolider la fili\u00e8re industrielle.&nbsp;<\/p>\n\n\n\n<h2 class=\"wp-block-heading\"><strong>Les meilleures pratiques en infographie<\/strong>&nbsp;<\/h2>\n\n\n\n<p>WindEurope a r\u00e9sum\u00e9 les principaux points de la nouvelle recommandation et des orientations de l&rsquo;Union europ\u00e9enne en mati\u00e8re de permis dans l\u2019infographie ci-dessous. Elle&nbsp;reprend les meilleures pratiques en mati\u00e8re de s\u00e9lection de sites, d&rsquo;administration, de conception d&rsquo;ench\u00e8res, de connexion au r\u00e9seau et de d\u00e9fis juridiques.&nbsp;<\/p>\n\n\n\n<figure class=\"wp-block-image size-large\"><img loading=\"lazy\" decoding=\"async\" width=\"1024\" height=\"535\" src=\"https:\/\/www.renouvelle.be\/wp-content\/uploads\/2022\/05\/wind-1024x535.jpg\" alt=\"\" class=\"wp-image-8250\" srcset=\"https:\/\/www.renouvelle.be\/wp-content\/uploads\/2022\/05\/wind-1024x535.jpg 1024w, https:\/\/www.renouvelle.be\/wp-content\/uploads\/2022\/05\/wind-300x157.jpg 300w, https:\/\/www.renouvelle.be\/wp-content\/uploads\/2022\/05\/wind-768x401.jpg 768w, https:\/\/www.renouvelle.be\/wp-content\/uploads\/2022\/05\/wind.jpg 1122w\" sizes=\"auto, (max-width: 1024px) 100vw, 1024px\" \/><figcaption class=\"wp-element-caption\"><a href=\"https:\/\/windeurope.org\/intelligence-platform\/product\/how-to-simplify-permitting\/#infographics\" target=\"_blank\" rel=\"noreferrer noopener\">Agrandir l&rsquo;illustration<\/a><\/figcaption><\/figure>\n\n\n\n<h2 class=\"wp-block-heading\"><strong>Maximum 2 recours<\/strong>&nbsp;<\/h2>\n\n\n\n<p>Le PDG de WindEurope, Giles Dickson, a pr\u00e9cis\u00e9&nbsp;: \u00ab L&rsquo;industrie \u00e9olienne reste plus que jamais d\u00e9termin\u00e9e \u00e0 prot\u00e9ger la biodiversit\u00e9 et \u00e0 impliquer les communaut\u00e9s locales. Nous travaillons en \u00e9troite collaboration avec des ONG pour att\u00e9nuer les impacts sur la faune &#8211; et avec les communaut\u00e9s locales qui h\u00e9bergent nos parcs \u00e9oliens.\u201d&nbsp;<br>&nbsp;<\/p>\n\n\n\n<p>La f\u00e9d\u00e9ration d\u00e9taille \u00e9galement une liste de mesures que les gouvernements peuvent prendre d\u00e8s maintenant pour simplifier et acc\u00e9l\u00e9rer la d\u00e9livrance de permis pour les \u00e9nergies renouvelables. Il s&rsquo;agit par exemple d&rsquo;appliquer des r\u00e8gles d&rsquo;am\u00e9nagement du territoire de bon sens, de rationaliser les cadres juridiques \u00e0 un maximum de 2 recours ou d&rsquo;appliquer le principe du \u00ab&nbsp;silence positif&nbsp;\u00bb \u00e0 tous les projets d&rsquo;\u00e9nergie renouvelable. Les recommandations compl\u00e8tes de l&rsquo;industrie peuvent \u00eatre t\u00e9l\u00e9charg\u00e9es <a href=\"https:\/\/windeurope.org\/policy\/position-papers\/\" target=\"_blank\" rel=\"noreferrer noopener\">ici<\/a>.&nbsp;<\/p>\n\n\n\n<h2 class=\"wp-block-heading\"><strong>150 GW offshore en mer du Nord<\/strong>&nbsp;<\/h2>\n\n\n\n<p>Signe d\u2019un volontarisme exceptionnel, le Danemark, l&rsquo;Allemagne, les Pays-Bas et la Belgique ont sign\u00e9 une d\u00e9claration commune sur l&rsquo;expansion de l&rsquo;\u00e9olien offshore en mer du Nord.&nbsp;<\/p>\n\n\n\n<p>Les quatre pays veulent faire de cet espace maritime la \u00ab&nbsp;centrale \u00e9lectrique verte de&nbsp;l\u2019Europe&nbsp;\u00bb pour se passer des hydrocarbures russes.&nbsp;<\/p>\n\n\n\n<p><em>\u00ab&nbsp;Nous voulons multiplier par quatre notre capacit\u00e9 totale dans l\u2019\u00e9olien en mer d\u2019ici \u00e0 2030 et par dix d\u2019ici \u00e0 2050&nbsp;\u00bb<\/em>, a d\u00e9clar\u00e9 la premi\u00e8re ministre danoise, Mette Frederiksen, avec l\u2019objectif d\u2019atteindre 150 GW en 2050.&nbsp;<\/p>\n","protected":false},"excerpt":{"rendered":"<p>Le plan d&rsquo;action REPowerEU, pr\u00e9sent\u00e9 le 18 mai dernier, pr\u00e9cise que les \u00e9nergies renouvelables sont au c\u0153ur de la s\u00e9curit\u00e9 \u00e9nerg\u00e9tique de l&rsquo;Europe. Et surtout, il s&rsquo;attaque aux goulots d&rsquo;\u00e9tranglement des autorisations qui freine l&rsquo;expansion de l&rsquo;\u00e9olien et du solaire. &nbsp; Ainsi, une nouvelle loi consacrera le principe selon lequel les projets d\u2019\u00e9nergies renouvelables sont pr\u00e9sum\u00e9s \u00eatre d\u2019un \u00ab int\u00e9r\u00eat public sup\u00e9rieur \u00bb. &nbsp; Cela signifie que leur construction peut \u00eatre prioris\u00e9e dans la crise \u00e9nerg\u00e9tique actuelle au cas par cas et jusqu&rsquo;\u00e0 ce que la neutralit\u00e9 climatique soit atteinte. &nbsp; La directive europ\u00e9enne sur les \u00e9nergies renouvelables, en cours de r\u00e9vision, int\u00e8grera ainsi une nouvelle proposition l\u00e9gislative visant \u00e0 acc\u00e9l\u00e9rer l\u2019autorisation des projets renouvelables.&nbsp; La proposition l\u00e9gislative cr\u00e9e \u00e9galement des zones renouvelables&nbsp;\u00ab incontournables \u00bb que les gouvernements nationaux doivent mettre en place sur la base d&rsquo;une \u00e9valuation environnementale strat\u00e9gique. Dans ces zones, les projets devront \u00eatre autoris\u00e9s dans un d\u00e9lai d&rsquo;un an.&nbsp; Enfin, la Commission conserve les d\u00e9lais d&rsquo;autorisation existants \u2013 2 ans pour les nouveaux projets normaux et 1 an pour les projets de repowering \u2013 mais pr\u00e9cise quels permis et proc\u00e9dures doivent \u00eatre d\u00e9livr\u00e9s dans ces d\u00e9lais.&nbsp; En outre, des recommandations d\u00e9taill\u00e9es et des documents d&rsquo;orientation expliquent comment les gouvernements peuvent simplifier leurs processus d&rsquo;autorisation. Un&nbsp;nouveau guide d\u00e9crit ainsi les meilleures pratiques en mati\u00e8re d&rsquo;autorisations dans toute l&rsquo;Europe et montre ce qui fonctionne&nbsp;: comment num\u00e9riser les processus, garantir que les autorit\u00e9s publiques travaillent mieux ensemble, etc.&nbsp; Renforcer la fili\u00e8re industrielle&nbsp; Le PDG de la f\u00e9d\u00e9ration WindEurope, Giles Dickson, a d\u00e9clar\u00e9 : \u201cLe plan d&rsquo;action REPowerEU tape&nbsp;en plein dans le mille. L&rsquo;Union europ\u00e9enne veut faire passer l&rsquo;\u00e9nergie \u00e9olienne de 190 GW aujourd&rsquo;hui \u00e0 480 GW en seulement 8 ans. Mais vous ne pouvez le faire que si vous &hellip; <a href=\"https:\/\/www.renouvelle.be\/fr\/les-energies-renouvelables-sont-desormais-presumees-dun-interet-public-superieur\/\" class=\"more-link\">Continue reading<span class=\"screen-reader-text\"> \u00ab\u00a0Les \u00e9nergies renouvelables sont d\u00e9sormais pr\u00e9sum\u00e9es d\u2019un \u201cint\u00e9r\u00eat public sup\u00e9rieur\u201d\u00a0\u00ab\u00a0<\/span><\/a><\/p>\n","protected":false},"author":3,"featured_media":8248,"comment_status":"closed","ping_status":"closed","sticky":false,"template":"","format":"standard","meta":{"_acf_changed":false,"footnotes":""},"categories":[18],"tags":[],"section":[6],"class_list":["post-8247","post","type-post","status-publish","format-standard","has-post-thumbnail","hentry","category-actualite-internationale","section-eolien"],"acf":[],"yoast_head":"<!-- This site is optimized with the Yoast SEO plugin v27.5 - https:\/\/yoast.com\/product\/yoast-seo-wordpress\/ -->\n<title>Les \u00e9nergies renouvelables sont d\u00e9sormais pr\u00e9sum\u00e9es d\u2019un \u201cint\u00e9r\u00eat public sup\u00e9rieur\u201d\u00a0 - Renouvelle<\/title>\n<meta name=\"robots\" content=\"index, follow, max-snippet:-1, max-image-preview:large, max-video-preview:-1\" \/>\n<link rel=\"canonical\" href=\"https:\/\/www.renouvelle.be\/fr\/les-energies-renouvelables-sont-desormais-presumees-dun-interet-public-superieur\/\" \/>\n<meta property=\"og:locale\" content=\"fr_FR\" \/>\n<meta property=\"og:type\" content=\"article\" \/>\n<meta property=\"og:title\" content=\"Les \u00e9nergies renouvelables sont d\u00e9sormais pr\u00e9sum\u00e9es d\u2019un \u201cint\u00e9r\u00eat public sup\u00e9rieur\u201d\u00a0 - Renouvelle\" \/>\n<meta property=\"og:description\" content=\"Le plan d&rsquo;action REPowerEU, pr\u00e9sent\u00e9 le 18 mai dernier, pr\u00e9cise que les \u00e9nergies renouvelables sont au c\u0153ur de la s\u00e9curit\u00e9 \u00e9nerg\u00e9tique de l&rsquo;Europe. Et surtout, il s&rsquo;attaque aux goulots d&rsquo;\u00e9tranglement des autorisations qui freine l&rsquo;expansion de l&rsquo;\u00e9olien et du solaire. &nbsp; Ainsi, une nouvelle loi consacrera le principe selon lequel les projets d\u2019\u00e9nergies renouvelables sont pr\u00e9sum\u00e9s \u00eatre d\u2019un \u00ab int\u00e9r\u00eat public sup\u00e9rieur \u00bb. &nbsp; Cela signifie que leur construction peut \u00eatre prioris\u00e9e dans la crise \u00e9nerg\u00e9tique actuelle au cas par cas et jusqu&rsquo;\u00e0 ce que la neutralit\u00e9 climatique soit atteinte. &nbsp; La directive europ\u00e9enne sur les \u00e9nergies renouvelables, en cours de r\u00e9vision, int\u00e8grera ainsi une nouvelle proposition l\u00e9gislative visant \u00e0 acc\u00e9l\u00e9rer l\u2019autorisation des projets renouvelables.&nbsp; La proposition l\u00e9gislative cr\u00e9e \u00e9galement des zones renouvelables&nbsp;\u00ab incontournables \u00bb que les gouvernements nationaux doivent mettre en place sur la base d&rsquo;une \u00e9valuation environnementale strat\u00e9gique. Dans ces zones, les projets devront \u00eatre autoris\u00e9s dans un d\u00e9lai d&rsquo;un an.&nbsp; Enfin, la Commission conserve les d\u00e9lais d&rsquo;autorisation existants \u2013 2 ans pour les nouveaux projets normaux et 1 an pour les projets de repowering \u2013 mais pr\u00e9cise quels permis et proc\u00e9dures doivent \u00eatre d\u00e9livr\u00e9s dans ces d\u00e9lais.&nbsp; En outre, des recommandations d\u00e9taill\u00e9es et des documents d&rsquo;orientation expliquent comment les gouvernements peuvent simplifier leurs processus d&rsquo;autorisation. Un&nbsp;nouveau guide d\u00e9crit ainsi les meilleures pratiques en mati\u00e8re d&rsquo;autorisations dans toute l&rsquo;Europe et montre ce qui fonctionne&nbsp;: comment num\u00e9riser les processus, garantir que les autorit\u00e9s publiques travaillent mieux ensemble, etc.&nbsp; Renforcer la fili\u00e8re industrielle&nbsp; Le PDG de la f\u00e9d\u00e9ration WindEurope, Giles Dickson, a d\u00e9clar\u00e9 : \u201cLe plan d&rsquo;action REPowerEU tape&nbsp;en plein dans le mille. L&rsquo;Union europ\u00e9enne veut faire passer l&rsquo;\u00e9nergie \u00e9olienne de 190 GW aujourd&rsquo;hui \u00e0 480 GW en seulement 8 ans. Mais vous ne pouvez le faire que si vous &hellip; Continue reading &quot;Les \u00e9nergies renouvelables sont d\u00e9sormais pr\u00e9sum\u00e9es d\u2019un \u201cint\u00e9r\u00eat public sup\u00e9rieur\u201d\u00a0&quot;\" \/>\n<meta property=\"og:url\" content=\"https:\/\/www.renouvelle.be\/fr\/les-energies-renouvelables-sont-desormais-presumees-dun-interet-public-superieur\/\" \/>\n<meta property=\"og:site_name\" content=\"Renouvelle\" \/>\n<meta property=\"article:published_time\" content=\"2022-05-24T14:55:23+00:00\" \/>\n<meta property=\"article:modified_time\" content=\"2023-07-10T22:15:42+00:00\" \/>\n<meta property=\"og:image\" content=\"https:\/\/www.renouvelle.be\/wp-content\/uploads\/2022\/05\/iStock-1316576079-scaled.jpg\" \/>\n\t<meta property=\"og:image:width\" content=\"2560\" \/>\n\t<meta property=\"og:image:height\" content=\"1705\" \/>\n\t<meta property=\"og:image:type\" content=\"image\/jpeg\" \/>\n<meta name=\"author\" content=\"Energie Commune\" \/>\n<meta name=\"twitter:card\" content=\"summary_large_image\" \/>\n<script type=\"application\/ld+json\" class=\"yoast-schema-graph\">{\"@context\":\"https:\\\/\\\/schema.org\",\"@graph\":[{\"@type\":\"Article\",\"@id\":\"https:\\\/\\\/www.renouvelle.be\\\/fr\\\/les-energies-renouvelables-sont-desormais-presumees-dun-interet-public-superieur\\\/#article\",\"isPartOf\":{\"@id\":\"https:\\\/\\\/www.renouvelle.be\\\/fr\\\/les-energies-renouvelables-sont-desormais-presumees-dun-interet-public-superieur\\\/\"},\"author\":{\"name\":\"Energie Commune\",\"@id\":\"https:\\\/\\\/www.renouvelle.be\\\/fr\\\/#\\\/schema\\\/person\\\/afa67e74a6712f1b8af9aaa3a0f874bf\"},\"headline\":\"Les \u00e9nergies renouvelables sont d\u00e9sormais pr\u00e9sum\u00e9es d\u2019un \u201cint\u00e9r\u00eat public sup\u00e9rieur\u201d\u00a0\",\"datePublished\":\"2022-05-24T14:55:23+00:00\",\"dateModified\":\"2023-07-10T22:15:42+00:00\",\"mainEntityOfPage\":{\"@id\":\"https:\\\/\\\/www.renouvelle.be\\\/fr\\\/les-energies-renouvelables-sont-desormais-presumees-dun-interet-public-superieur\\\/\"},\"wordCount\":751,\"image\":{\"@id\":\"https:\\\/\\\/www.renouvelle.be\\\/fr\\\/les-energies-renouvelables-sont-desormais-presumees-dun-interet-public-superieur\\\/#primaryimage\"},\"thumbnailUrl\":\"https:\\\/\\\/www.renouvelle.be\\\/wp-content\\\/uploads\\\/2022\\\/05\\\/iStock-1316576079-scaled.jpg\",\"articleSection\":[\"Actualit\u00e9 internationale\"],\"inLanguage\":\"fr-FR\"},{\"@type\":\"WebPage\",\"@id\":\"https:\\\/\\\/www.renouvelle.be\\\/fr\\\/les-energies-renouvelables-sont-desormais-presumees-dun-interet-public-superieur\\\/\",\"url\":\"https:\\\/\\\/www.renouvelle.be\\\/fr\\\/les-energies-renouvelables-sont-desormais-presumees-dun-interet-public-superieur\\\/\",\"name\":\"Les \u00e9nergies renouvelables sont d\u00e9sormais pr\u00e9sum\u00e9es d\u2019un \u201cint\u00e9r\u00eat public sup\u00e9rieur\u201d\u00a0 - Renouvelle\",\"isPartOf\":{\"@id\":\"https:\\\/\\\/www.renouvelle.be\\\/fr\\\/#website\"},\"primaryImageOfPage\":{\"@id\":\"https:\\\/\\\/www.renouvelle.be\\\/fr\\\/les-energies-renouvelables-sont-desormais-presumees-dun-interet-public-superieur\\\/#primaryimage\"},\"image\":{\"@id\":\"https:\\\/\\\/www.renouvelle.be\\\/fr\\\/les-energies-renouvelables-sont-desormais-presumees-dun-interet-public-superieur\\\/#primaryimage\"},\"thumbnailUrl\":\"https:\\\/\\\/www.renouvelle.be\\\/wp-content\\\/uploads\\\/2022\\\/05\\\/iStock-1316576079-scaled.jpg\",\"datePublished\":\"2022-05-24T14:55:23+00:00\",\"dateModified\":\"2023-07-10T22:15:42+00:00\",\"author\":{\"@id\":\"https:\\\/\\\/www.renouvelle.be\\\/fr\\\/#\\\/schema\\\/person\\\/afa67e74a6712f1b8af9aaa3a0f874bf\"},\"breadcrumb\":{\"@id\":\"https:\\\/\\\/www.renouvelle.be\\\/fr\\\/les-energies-renouvelables-sont-desormais-presumees-dun-interet-public-superieur\\\/#breadcrumb\"},\"inLanguage\":\"fr-FR\",\"potentialAction\":[{\"@type\":\"ReadAction\",\"target\":[\"https:\\\/\\\/www.renouvelle.be\\\/fr\\\/les-energies-renouvelables-sont-desormais-presumees-dun-interet-public-superieur\\\/\"]}]},{\"@type\":\"ImageObject\",\"inLanguage\":\"fr-FR\",\"@id\":\"https:\\\/\\\/www.renouvelle.be\\\/fr\\\/les-energies-renouvelables-sont-desormais-presumees-dun-interet-public-superieur\\\/#primaryimage\",\"url\":\"https:\\\/\\\/www.renouvelle.be\\\/wp-content\\\/uploads\\\/2022\\\/05\\\/iStock-1316576079-scaled.jpg\",\"contentUrl\":\"https:\\\/\\\/www.renouvelle.be\\\/wp-content\\\/uploads\\\/2022\\\/05\\\/iStock-1316576079-scaled.jpg\",\"width\":2560,\"height\":1705,\"caption\":\"Aerial drone view of wind turbines.\"},{\"@type\":\"BreadcrumbList\",\"@id\":\"https:\\\/\\\/www.renouvelle.be\\\/fr\\\/les-energies-renouvelables-sont-desormais-presumees-dun-interet-public-superieur\\\/#breadcrumb\",\"itemListElement\":[{\"@type\":\"ListItem\",\"position\":1,\"name\":\"Accueil\",\"item\":\"https:\\\/\\\/www.renouvelle.be\\\/fr\\\/\"},{\"@type\":\"ListItem\",\"position\":2,\"name\":\"Les \u00e9nergies renouvelables sont d\u00e9sormais pr\u00e9sum\u00e9es d\u2019un \u201cint\u00e9r\u00eat public sup\u00e9rieur\u201d\u00a0\"}]},{\"@type\":\"WebSite\",\"@id\":\"https:\\\/\\\/www.renouvelle.be\\\/fr\\\/#website\",\"url\":\"https:\\\/\\\/www.renouvelle.be\\\/fr\\\/\",\"name\":\"Renouvelle\",\"description\":\"L&#039;actualit\u00e9 de l&#039;\u00e9nergie durable\",\"potentialAction\":[{\"@type\":\"SearchAction\",\"target\":{\"@type\":\"EntryPoint\",\"urlTemplate\":\"https:\\\/\\\/www.renouvelle.be\\\/fr\\\/?s={search_term_string}\"},\"query-input\":{\"@type\":\"PropertyValueSpecification\",\"valueRequired\":true,\"valueName\":\"search_term_string\"}}],\"inLanguage\":\"fr-FR\"},{\"@type\":\"Person\",\"@id\":\"https:\\\/\\\/www.renouvelle.be\\\/fr\\\/#\\\/schema\\\/person\\\/afa67e74a6712f1b8af9aaa3a0f874bf\",\"name\":\"Energie Commune\",\"url\":\"https:\\\/\\\/www.renouvelle.be\\\/fr\\\/author\\\/apere\\\/\"}]}<\/script>\n<!-- \/ Yoast SEO plugin. -->","yoast_head_json":{"title":"Les \u00e9nergies renouvelables sont d\u00e9sormais pr\u00e9sum\u00e9es d\u2019un \u201cint\u00e9r\u00eat public sup\u00e9rieur\u201d\u00a0 - Renouvelle","robots":{"index":"index","follow":"follow","max-snippet":"max-snippet:-1","max-image-preview":"max-image-preview:large","max-video-preview":"max-video-preview:-1"},"canonical":"https:\/\/www.renouvelle.be\/fr\/les-energies-renouvelables-sont-desormais-presumees-dun-interet-public-superieur\/","og_locale":"fr_FR","og_type":"article","og_title":"Les \u00e9nergies renouvelables sont d\u00e9sormais pr\u00e9sum\u00e9es d\u2019un \u201cint\u00e9r\u00eat public sup\u00e9rieur\u201d\u00a0 - Renouvelle","og_description":"Le plan d&rsquo;action REPowerEU, pr\u00e9sent\u00e9 le 18 mai dernier, pr\u00e9cise que les \u00e9nergies renouvelables sont au c\u0153ur de la s\u00e9curit\u00e9 \u00e9nerg\u00e9tique de l&rsquo;Europe. Et surtout, il s&rsquo;attaque aux goulots d&rsquo;\u00e9tranglement des autorisations qui freine l&rsquo;expansion de l&rsquo;\u00e9olien et du solaire. &nbsp; Ainsi, une nouvelle loi consacrera le principe selon lequel les projets d\u2019\u00e9nergies renouvelables sont pr\u00e9sum\u00e9s \u00eatre d\u2019un \u00ab int\u00e9r\u00eat public sup\u00e9rieur \u00bb. &nbsp; Cela signifie que leur construction peut \u00eatre prioris\u00e9e dans la crise \u00e9nerg\u00e9tique actuelle au cas par cas et jusqu&rsquo;\u00e0 ce que la neutralit\u00e9 climatique soit atteinte. &nbsp; La directive europ\u00e9enne sur les \u00e9nergies renouvelables, en cours de r\u00e9vision, int\u00e8grera ainsi une nouvelle proposition l\u00e9gislative visant \u00e0 acc\u00e9l\u00e9rer l\u2019autorisation des projets renouvelables.&nbsp; La proposition l\u00e9gislative cr\u00e9e \u00e9galement des zones renouvelables&nbsp;\u00ab incontournables \u00bb que les gouvernements nationaux doivent mettre en place sur la base d&rsquo;une \u00e9valuation environnementale strat\u00e9gique. Dans ces zones, les projets devront \u00eatre autoris\u00e9s dans un d\u00e9lai d&rsquo;un an.&nbsp; Enfin, la Commission conserve les d\u00e9lais d&rsquo;autorisation existants \u2013 2 ans pour les nouveaux projets normaux et 1 an pour les projets de repowering \u2013 mais pr\u00e9cise quels permis et proc\u00e9dures doivent \u00eatre d\u00e9livr\u00e9s dans ces d\u00e9lais.&nbsp; En outre, des recommandations d\u00e9taill\u00e9es et des documents d&rsquo;orientation expliquent comment les gouvernements peuvent simplifier leurs processus d&rsquo;autorisation. Un&nbsp;nouveau guide d\u00e9crit ainsi les meilleures pratiques en mati\u00e8re d&rsquo;autorisations dans toute l&rsquo;Europe et montre ce qui fonctionne&nbsp;: comment num\u00e9riser les processus, garantir que les autorit\u00e9s publiques travaillent mieux ensemble, etc.&nbsp; Renforcer la fili\u00e8re industrielle&nbsp; Le PDG de la f\u00e9d\u00e9ration WindEurope, Giles Dickson, a d\u00e9clar\u00e9 : \u201cLe plan d&rsquo;action REPowerEU tape&nbsp;en plein dans le mille. L&rsquo;Union europ\u00e9enne veut faire passer l&rsquo;\u00e9nergie \u00e9olienne de 190 GW aujourd&rsquo;hui \u00e0 480 GW en seulement 8 ans. Mais vous ne pouvez le faire que si vous &hellip; Continue reading \"Les \u00e9nergies renouvelables sont d\u00e9sormais pr\u00e9sum\u00e9es d\u2019un \u201cint\u00e9r\u00eat public sup\u00e9rieur\u201d\u00a0\"","og_url":"https:\/\/www.renouvelle.be\/fr\/les-energies-renouvelables-sont-desormais-presumees-dun-interet-public-superieur\/","og_site_name":"Renouvelle","article_published_time":"2022-05-24T14:55:23+00:00","article_modified_time":"2023-07-10T22:15:42+00:00","og_image":[{"width":2560,"height":1705,"url":"https:\/\/www.renouvelle.be\/wp-content\/uploads\/2022\/05\/iStock-1316576079-scaled.jpg","type":"image\/jpeg"}],"author":"Energie Commune","twitter_card":"summary_large_image","schema":{"@context":"https:\/\/schema.org","@graph":[{"@type":"Article","@id":"https:\/\/www.renouvelle.be\/fr\/les-energies-renouvelables-sont-desormais-presumees-dun-interet-public-superieur\/#article","isPartOf":{"@id":"https:\/\/www.renouvelle.be\/fr\/les-energies-renouvelables-sont-desormais-presumees-dun-interet-public-superieur\/"},"author":{"name":"Energie Commune","@id":"https:\/\/www.renouvelle.be\/fr\/#\/schema\/person\/afa67e74a6712f1b8af9aaa3a0f874bf"},"headline":"Les \u00e9nergies renouvelables sont d\u00e9sormais pr\u00e9sum\u00e9es d\u2019un \u201cint\u00e9r\u00eat public sup\u00e9rieur\u201d\u00a0","datePublished":"2022-05-24T14:55:23+00:00","dateModified":"2023-07-10T22:15:42+00:00","mainEntityOfPage":{"@id":"https:\/\/www.renouvelle.be\/fr\/les-energies-renouvelables-sont-desormais-presumees-dun-interet-public-superieur\/"},"wordCount":751,"image":{"@id":"https:\/\/www.renouvelle.be\/fr\/les-energies-renouvelables-sont-desormais-presumees-dun-interet-public-superieur\/#primaryimage"},"thumbnailUrl":"https:\/\/www.renouvelle.be\/wp-content\/uploads\/2022\/05\/iStock-1316576079-scaled.jpg","articleSection":["Actualit\u00e9 internationale"],"inLanguage":"fr-FR"},{"@type":"WebPage","@id":"https:\/\/www.renouvelle.be\/fr\/les-energies-renouvelables-sont-desormais-presumees-dun-interet-public-superieur\/","url":"https:\/\/www.renouvelle.be\/fr\/les-energies-renouvelables-sont-desormais-presumees-dun-interet-public-superieur\/","name":"Les \u00e9nergies renouvelables sont d\u00e9sormais pr\u00e9sum\u00e9es d\u2019un \u201cint\u00e9r\u00eat public sup\u00e9rieur\u201d\u00a0 - Renouvelle","isPartOf":{"@id":"https:\/\/www.renouvelle.be\/fr\/#website"},"primaryImageOfPage":{"@id":"https:\/\/www.renouvelle.be\/fr\/les-energies-renouvelables-sont-desormais-presumees-dun-interet-public-superieur\/#primaryimage"},"image":{"@id":"https:\/\/www.renouvelle.be\/fr\/les-energies-renouvelables-sont-desormais-presumees-dun-interet-public-superieur\/#primaryimage"},"thumbnailUrl":"https:\/\/www.renouvelle.be\/wp-content\/uploads\/2022\/05\/iStock-1316576079-scaled.jpg","datePublished":"2022-05-24T14:55:23+00:00","dateModified":"2023-07-10T22:15:42+00:00","author":{"@id":"https:\/\/www.renouvelle.be\/fr\/#\/schema\/person\/afa67e74a6712f1b8af9aaa3a0f874bf"},"breadcrumb":{"@id":"https:\/\/www.renouvelle.be\/fr\/les-energies-renouvelables-sont-desormais-presumees-dun-interet-public-superieur\/#breadcrumb"},"inLanguage":"fr-FR","potentialAction":[{"@type":"ReadAction","target":["https:\/\/www.renouvelle.be\/fr\/les-energies-renouvelables-sont-desormais-presumees-dun-interet-public-superieur\/"]}]},{"@type":"ImageObject","inLanguage":"fr-FR","@id":"https:\/\/www.renouvelle.be\/fr\/les-energies-renouvelables-sont-desormais-presumees-dun-interet-public-superieur\/#primaryimage","url":"https:\/\/www.renouvelle.be\/wp-content\/uploads\/2022\/05\/iStock-1316576079-scaled.jpg","contentUrl":"https:\/\/www.renouvelle.be\/wp-content\/uploads\/2022\/05\/iStock-1316576079-scaled.jpg","width":2560,"height":1705,"caption":"Aerial drone view of wind turbines."},{"@type":"BreadcrumbList","@id":"https:\/\/www.renouvelle.be\/fr\/les-energies-renouvelables-sont-desormais-presumees-dun-interet-public-superieur\/#breadcrumb","itemListElement":[{"@type":"ListItem","position":1,"name":"Accueil","item":"https:\/\/www.renouvelle.be\/fr\/"},{"@type":"ListItem","position":2,"name":"Les \u00e9nergies renouvelables sont d\u00e9sormais pr\u00e9sum\u00e9es d\u2019un \u201cint\u00e9r\u00eat public sup\u00e9rieur\u201d\u00a0"}]},{"@type":"WebSite","@id":"https:\/\/www.renouvelle.be\/fr\/#website","url":"https:\/\/www.renouvelle.be\/fr\/","name":"Renouvelle","description":"L&#039;actualit\u00e9 de l&#039;\u00e9nergie durable","potentialAction":[{"@type":"SearchAction","target":{"@type":"EntryPoint","urlTemplate":"https:\/\/www.renouvelle.be\/fr\/?s={search_term_string}"},"query-input":{"@type":"PropertyValueSpecification","valueRequired":true,"valueName":"search_term_string"}}],"inLanguage":"fr-FR"},{"@type":"Person","@id":"https:\/\/www.renouvelle.be\/fr\/#\/schema\/person\/afa67e74a6712f1b8af9aaa3a0f874bf","name":"Energie Commune","url":"https:\/\/www.renouvelle.be\/fr\/author\/apere\/"}]}},"_links":{"self":[{"href":"https:\/\/www.renouvelle.be\/fr\/wp-json\/wp\/v2\/posts\/8247","targetHints":{"allow":["GET"]}}],"collection":[{"href":"https:\/\/www.renouvelle.be\/fr\/wp-json\/wp\/v2\/posts"}],"about":[{"href":"https:\/\/www.renouvelle.be\/fr\/wp-json\/wp\/v2\/types\/post"}],"author":[{"embeddable":true,"href":"https:\/\/www.renouvelle.be\/fr\/wp-json\/wp\/v2\/users\/3"}],"replies":[{"embeddable":true,"href":"https:\/\/www.renouvelle.be\/fr\/wp-json\/wp\/v2\/comments?post=8247"}],"version-history":[{"count":7,"href":"https:\/\/www.renouvelle.be\/fr\/wp-json\/wp\/v2\/posts\/8247\/revisions"}],"predecessor-version":[{"id":10193,"href":"https:\/\/www.renouvelle.be\/fr\/wp-json\/wp\/v2\/posts\/8247\/revisions\/10193"}],"wp:featuredmedia":[{"embeddable":true,"href":"https:\/\/www.renouvelle.be\/fr\/wp-json\/wp\/v2\/media\/8248"}],"wp:attachment":[{"href":"https:\/\/www.renouvelle.be\/fr\/wp-json\/wp\/v2\/media?parent=8247"}],"wp:term":[{"taxonomy":"category","embeddable":true,"href":"https:\/\/www.renouvelle.be\/fr\/wp-json\/wp\/v2\/categories?post=8247"},{"taxonomy":"post_tag","embeddable":true,"href":"https:\/\/www.renouvelle.be\/fr\/wp-json\/wp\/v2\/tags?post=8247"},{"taxonomy":"section","embeddable":true,"href":"https:\/\/www.renouvelle.be\/fr\/wp-json\/wp\/v2\/section?post=8247"}],"curies":[{"name":"wp","href":"https:\/\/api.w.org\/{rel}","templated":true}]}}