{"id":8218,"date":"2022-05-13T18:08:34","date_gmt":"2022-05-13T16:08:34","guid":{"rendered":"https:\/\/www.renouvelle.be\/?p=8218"},"modified":"2023-07-11T00:16:26","modified_gmt":"2023-07-10T22:16:26","slug":"john-cockerill-developpera-une-gigafactory-delectrolyseurs-en-belgique","status":"publish","type":"post","link":"https:\/\/www.renouvelle.be\/fr\/john-cockerill-developpera-une-gigafactory-delectrolyseurs-en-belgique\/","title":{"rendered":"John Cockerill d\u00e9veloppera une \u201cgigafactory\u201d d\u2019\u00e9lectrolyseurs en Belgique\u00a0"},"content":{"rendered":"\n<p>L\u2019industriel wallon John Cockrill est aujourd\u2019hui leader des \u00e9lectrolyseurs de grande capacit\u00e9 (+6 MW), avec 20% des parts du march\u00e9 mondial en 2020.&nbsp;<\/p>\n\n\n\n<p>Le groupe multiplie les \u201cgigafactories\u201d dans le monde et annonce d\u00e9sormais l\u2019ambition de construire une fili\u00e8re hydrog\u00e8ne 100% europ\u00e9enne.&nbsp;<\/p>\n\n\n\n<p>Une premi\u00e8re implantation a \u00e9t\u00e9 choisie en Alsace, o\u00f9 les premiers \u00e9lectrolyseurs 100% europ\u00e9ens devraient sortir de production d\u00e9but 2023 pour atteindre progressivement une cadence menant \u00e0 une capacit\u00e9 de production cumul\u00e9e d\u2019un Gigawatt.&nbsp;<\/p>\n\n\n\n<p>Mais la guerre en Ukraine et la volont\u00e9 europ\u00e9enne d\u2019acc\u00e9l\u00e9rer sa transition \u00e9nerg\u00e9tique poussent l\u2019industriel \u00e0 cr\u00e9er une deuxi\u00e8me \u201cgigafactory\u201d, qui sera implant\u00e9e en Belgique, r\u00e9v\u00e8le ainsi le journal L\u2019Echo (12 mai 22).&nbsp;<\/p>\n\n\n\n<p>Des n\u00e9gociations sont actuellement en cours pour choisir un site en Wallonie et ouvrir le capital \u00e0 la SRIW.&nbsp;<\/p>\n\n\n\n<p>Le projet en Alsace devrait cr\u00e9er 700 emplois. On imagine que le projet belge aura un impact socio-\u00e9conomique similaire.&nbsp;<\/p>\n\n\n\n<p>D&rsquo;ici 2025, un quart du chiffre d&rsquo;affaires du groupe proviendra du secteur hydrog\u00e8ne.<\/p>\n\n\n\n<h2 class=\"wp-block-heading\"><strong>Une \u00e9tape d\u00e9cisive pour d\u00e9carboner l\u2019industrie et la mobilit\u00e9<\/strong>&nbsp;<\/h2>\n\n\n\n<p>Rien qu\u2019en consid\u00e9rant les hauts fourneaux, la production d\u2019acier rejette chaque ann\u00e9e 2,4 milliards de tonnes de CO2 dans l\u2019atmosph\u00e8re. Il en va de m\u00eame pour la chaux, la p\u00e9trochimie, et bien d\u2019autres industries encore. Quant au secteur du transport, il repr\u00e9sente la deuxi\u00e8me source de gaz \u00e0 effet de serre au monde.&nbsp;<\/p>\n\n\n\n<p>Pour d\u00e9carboner ces nombreux processus industriels ou moyens de transport (trains, camions, bus, bateaux, \u2026), le d\u00e9fi consiste \u00e0 remplacer les \u00e9nergies fossiles par de l\u2019hydrog\u00e8ne vert.&nbsp;<\/p>\n\n\n\n<p>C\u2019est ici que les \u00e9lectrolyseurs jouent un r\u00f4le majeur : l\u2019\u00e9lectrolyse permet en effet de fabriquer de l\u2019hydrog\u00e8ne vert \u00e0 partir d\u2019eau et d\u2019\u00e9lectricit\u00e9 de sources renouvelables.&nbsp;<\/p>\n\n\n\n<p>Voici quelques applications concr\u00e8tes.&nbsp;<\/p>\n\n\n\n<figure class=\"wp-block-image size-large\"><img loading=\"lazy\" decoding=\"async\" width=\"1024\" height=\"768\" src=\"https:\/\/www.renouvelle.be\/wp-content\/uploads\/2022\/05\/cockerill2-1024x768.jpg\" alt=\"\" class=\"wp-image-8221\" srcset=\"https:\/\/www.renouvelle.be\/wp-content\/uploads\/2022\/05\/cockerill2-1024x768.jpg 1024w, https:\/\/www.renouvelle.be\/wp-content\/uploads\/2022\/05\/cockerill2-300x225.jpg 300w, https:\/\/www.renouvelle.be\/wp-content\/uploads\/2022\/05\/cockerill2-768x576.jpg 768w, https:\/\/www.renouvelle.be\/wp-content\/uploads\/2022\/05\/cockerill2.jpg 1100w\" sizes=\"auto, (max-width: 1024px) 100vw, 1024px\" \/><figcaption class=\"wp-element-caption\">Photos ci-dessus : exemples d&rsquo;\u00e9lectrolyseurs con\u00e7us par John Cockerill.<\/figcaption><\/figure>\n\n\n\n<h2 class=\"wp-block-heading\"><strong>D\u00e9carboner l\u2019industrie de la chaux <\/strong>&nbsp;<\/h2>\n\n\n\n<p>John Cockerill collabore actuellement avec Carmeuse et Engie sur un projet innovant de captage et d\u2019utilisation du carbone (CCU) en Wallonie. Ce projet vise \u00e0 r\u00e9duire les \u00e9missions de carbone du processus de production de la chaux en transformant le CO2 qu\u2019il g\u00e9n\u00e8re en e-m\u00e9thane (m\u00e9thanation). &nbsp;<\/p>\n\n\n\n<p>L\u2019id\u00e9e est de concentrer le CO2 provenant d&rsquo;un nouveau type de four \u00e0 chaux innovant puis de le combiner avec de l&rsquo;hydrog\u00e8ne vert pour produire de l\u2019\u00a0\u00bbe-m\u00e9thane\u00a0\u00bb. Ce gaz renouvelable pourra alors \u00eatre inject\u00e9 dans le r\u00e9seau de gaz ou utilis\u00e9 dans les transports ou dans l&rsquo;industrie. L&rsquo;hydrog\u00e8ne vert sera produit par une usine d&rsquo;\u00e9lectrolyse de 75 MW aliment\u00e9e par de l&rsquo;\u00e9lectricit\u00e9 verte. &nbsp;<\/p>\n\n\n\n<p>Ce projet est le plus grand de ce type au monde. Il ouvre de nouvelles voies pour une r\u00e9duction significative des \u00e9missions de carbone en Europe et dans le monde (lire notre article <a href=\"https:\/\/www.renouvelle.be\/fr\/vers-une-production-industrielle-de-e-methane-en-wallonie\/\" target=\"_blank\" rel=\"noreferrer noopener\">Vers une production industrielle de e-m\u00e9thane en Wallonie<\/a>).&nbsp;<\/p>\n\n\n\n<h2 class=\"wp-block-heading\"><strong>D\u00e9carboner la mobilit\u00e9 a\u00e9roportuaire <\/strong>&nbsp;<\/h2>\n\n\n\n<p>John Cockerill et Liege Airport d\u00e9veloppent actuellement le projet HaYrport \u00ae, lequel pr\u00e9voit de d\u2019\u00e9quiper l\u2019a\u00e9roport d\u2019installations de production, de distribution et d\u2019utilisation d\u2019hydrog\u00e8ne vert, \u00e0 destination de v\u00e9hicules lourds et l\u00e9gers. &nbsp;<\/p>\n\n\n\n<p>Le processus sera pleinement \u00ab z\u00e9ro \u00e9mission \u00bb puisque l\u2019\u00e9lectrolyseur qui produira l\u2019hydrog\u00e8ne sera lui-m\u00eame aliment\u00e9 par de l\u2019\u00e9lectricit\u00e9 verte produite en partie par des panneaux photovolta\u00efques install\u00e9s \u00e0 l\u2019a\u00e9roport. &nbsp;<\/p>\n\n\n\n<p>La capacit\u00e9 de production sera de 200 kg d&rsquo;hydrog\u00e8ne par jour, de quoi approvisionner des v\u00e9hicules de l\u2019a\u00e9roport mais \u00e9galement des v\u00e9hicules d\u2019autres entreprises et institutions locales. Les installations devraient \u00eatre pleinement op\u00e9rationnelles \u00e0 l\u2019\u00e9t\u00e9 2023 (lire notre article <a href=\"https:\/\/www.renouvelle.be\/fr\/feu-vert-pour-une-production-dhydrogene-vert-a-laeroport-de-liege\/\" target=\"_blank\" rel=\"noreferrer noopener\">Feu vert pour une production d\u2019hydrog\u00e8ne vert \u00e0 l\u2019a\u00e9roport de Li\u00e8ge<\/a>).&nbsp;<\/p>\n\n\n\n<h2 class=\"wp-block-heading\"><strong>L\u2019hydrog\u00e8ne comme combustible<\/strong>&nbsp;<\/h2>\n\n\n\n<p>Par ailleurs, au-del\u00e0 des travaux sp\u00e9cifiquement orient\u00e9s sur la production et la distribution d\u2019hydrog\u00e8ne, les \u00e9quipes d\u2019ing\u00e9nierie de John Cockerill pr\u00e9parent \u00e9galement l\u2019adaptation des processus industriels \u00e0 l\u2019utilisation de l\u2019hydrog\u00e8ne comme combustible. Pour rester dans la comparaison de l\u2019acier, la technologie de production d\u2019acier \u00e0 base d\u2019hydrog\u00e8ne diff\u00e8re fortement de celle de l\u2019acier produit \u00e0 partir de fonte et de charbon.&nbsp;<\/p>\n\n\n\n<p>Autre d\u00e9fi technologique pour am\u00e9liorer l\u2019attractivit\u00e9 de la fili\u00e8re : r\u00e9duire non seulement le co\u00fbt de production des \u00e9lectrolyseurs mais aussi, voire surtout, am\u00e9liorer leur performance \u00e9nerg\u00e9tique et donc leur consommation \u00e9lectrique. Derri\u00e8re ses propres ressources, John Cockerill entraine ainsi dans son sillage tout un \u00e9cosyst\u00e8me de start-ups et PME\u2019s.&nbsp;<\/p>\n","protected":false},"excerpt":{"rendered":"<p>L\u2019industriel wallon John Cockrill est aujourd\u2019hui leader des \u00e9lectrolyseurs de grande capacit\u00e9 (+6 MW), avec 20% des parts du march\u00e9 mondial en 2020.&nbsp; Le groupe multiplie les \u201cgigafactories\u201d dans le monde et annonce d\u00e9sormais l\u2019ambition de construire une fili\u00e8re hydrog\u00e8ne 100% europ\u00e9enne.&nbsp; Une premi\u00e8re implantation a \u00e9t\u00e9 choisie en Alsace, o\u00f9 les premiers \u00e9lectrolyseurs 100% europ\u00e9ens devraient sortir de production d\u00e9but 2023 pour atteindre progressivement une cadence menant \u00e0 une capacit\u00e9 de production cumul\u00e9e d\u2019un Gigawatt.&nbsp; Mais la guerre en Ukraine et la volont\u00e9 europ\u00e9enne d\u2019acc\u00e9l\u00e9rer sa transition \u00e9nerg\u00e9tique poussent l\u2019industriel \u00e0 cr\u00e9er une deuxi\u00e8me \u201cgigafactory\u201d, qui sera implant\u00e9e en Belgique, r\u00e9v\u00e8le ainsi le journal L\u2019Echo (12 mai 22).&nbsp; Des n\u00e9gociations sont actuellement en cours pour choisir un site en Wallonie et ouvrir le capital \u00e0 la SRIW.&nbsp; Le projet en Alsace devrait cr\u00e9er 700 emplois. On imagine que le projet belge aura un impact socio-\u00e9conomique similaire.&nbsp; D&rsquo;ici 2025, un quart du chiffre d&rsquo;affaires du groupe proviendra du secteur hydrog\u00e8ne. Une \u00e9tape d\u00e9cisive pour d\u00e9carboner l\u2019industrie et la mobilit\u00e9&nbsp; Rien qu\u2019en consid\u00e9rant les hauts fourneaux, la production d\u2019acier rejette chaque ann\u00e9e 2,4 milliards de tonnes de CO2 dans l\u2019atmosph\u00e8re. Il en va de m\u00eame pour la chaux, la p\u00e9trochimie, et bien d\u2019autres industries encore. Quant au secteur du transport, il repr\u00e9sente la deuxi\u00e8me source de gaz \u00e0 effet de serre au monde.&nbsp; Pour d\u00e9carboner ces nombreux processus industriels ou moyens de transport (trains, camions, bus, bateaux, \u2026), le d\u00e9fi consiste \u00e0 remplacer les \u00e9nergies fossiles par de l\u2019hydrog\u00e8ne vert.&nbsp; C\u2019est ici que les \u00e9lectrolyseurs jouent un r\u00f4le majeur : l\u2019\u00e9lectrolyse permet en effet de fabriquer de l\u2019hydrog\u00e8ne vert \u00e0 partir d\u2019eau et d\u2019\u00e9lectricit\u00e9 de sources renouvelables.&nbsp; Voici quelques applications concr\u00e8tes.&nbsp; D\u00e9carboner l\u2019industrie de la chaux &nbsp; John Cockerill collabore actuellement &hellip; <a href=\"https:\/\/www.renouvelle.be\/fr\/john-cockerill-developpera-une-gigafactory-delectrolyseurs-en-belgique\/\" class=\"more-link\">Continue reading<span class=\"screen-reader-text\"> \u00ab\u00a0John Cockerill d\u00e9veloppera une \u201cgigafactory\u201d d\u2019\u00e9lectrolyseurs en Belgique\u00a0\u00ab\u00a0<\/span><\/a><\/p>\n","protected":false},"author":3,"featured_media":8219,"comment_status":"closed","ping_status":"closed","sticky":false,"template":"","format":"standard","meta":{"_acf_changed":false,"footnotes":""},"categories":[17],"tags":[],"section":[11],"class_list":["post-8218","post","type-post","status-publish","format-standard","has-post-thumbnail","hentry","category-actualite-en-belgique","section-hydrogene"],"acf":[],"yoast_head":"<!-- This site is optimized with the Yoast SEO plugin v27.5 - https:\/\/yoast.com\/product\/yoast-seo-wordpress\/ -->\n<title>John Cockerill d\u00e9veloppera une \u201cgigafactory\u201d d\u2019\u00e9lectrolyseurs en Belgique\u00a0 - Renouvelle<\/title>\n<meta name=\"robots\" content=\"index, follow, max-snippet:-1, max-image-preview:large, max-video-preview:-1\" \/>\n<link rel=\"canonical\" href=\"https:\/\/www.renouvelle.be\/fr\/john-cockerill-developpera-une-gigafactory-delectrolyseurs-en-belgique\/\" \/>\n<meta property=\"og:locale\" content=\"fr_FR\" \/>\n<meta property=\"og:type\" content=\"article\" \/>\n<meta property=\"og:title\" content=\"John Cockerill d\u00e9veloppera une \u201cgigafactory\u201d d\u2019\u00e9lectrolyseurs en Belgique\u00a0 - Renouvelle\" \/>\n<meta property=\"og:description\" content=\"L\u2019industriel wallon John Cockrill est aujourd\u2019hui leader des \u00e9lectrolyseurs de grande capacit\u00e9 (+6 MW), avec 20% des parts du march\u00e9 mondial en 2020.&nbsp; Le groupe multiplie les \u201cgigafactories\u201d dans le monde et annonce d\u00e9sormais l\u2019ambition de construire une fili\u00e8re hydrog\u00e8ne 100% europ\u00e9enne.&nbsp; Une premi\u00e8re implantation a \u00e9t\u00e9 choisie en Alsace, o\u00f9 les premiers \u00e9lectrolyseurs 100% europ\u00e9ens devraient sortir de production d\u00e9but 2023 pour atteindre progressivement une cadence menant \u00e0 une capacit\u00e9 de production cumul\u00e9e d\u2019un Gigawatt.&nbsp; Mais la guerre en Ukraine et la volont\u00e9 europ\u00e9enne d\u2019acc\u00e9l\u00e9rer sa transition \u00e9nerg\u00e9tique poussent l\u2019industriel \u00e0 cr\u00e9er une deuxi\u00e8me \u201cgigafactory\u201d, qui sera implant\u00e9e en Belgique, r\u00e9v\u00e8le ainsi le journal L\u2019Echo (12 mai 22).&nbsp; Des n\u00e9gociations sont actuellement en cours pour choisir un site en Wallonie et ouvrir le capital \u00e0 la SRIW.&nbsp; Le projet en Alsace devrait cr\u00e9er 700 emplois. On imagine que le projet belge aura un impact socio-\u00e9conomique similaire.&nbsp; D&rsquo;ici 2025, un quart du chiffre d&rsquo;affaires du groupe proviendra du secteur hydrog\u00e8ne. Une \u00e9tape d\u00e9cisive pour d\u00e9carboner l\u2019industrie et la mobilit\u00e9&nbsp; Rien qu\u2019en consid\u00e9rant les hauts fourneaux, la production d\u2019acier rejette chaque ann\u00e9e 2,4 milliards de tonnes de CO2 dans l\u2019atmosph\u00e8re. Il en va de m\u00eame pour la chaux, la p\u00e9trochimie, et bien d\u2019autres industries encore. Quant au secteur du transport, il repr\u00e9sente la deuxi\u00e8me source de gaz \u00e0 effet de serre au monde.&nbsp; Pour d\u00e9carboner ces nombreux processus industriels ou moyens de transport (trains, camions, bus, bateaux, \u2026), le d\u00e9fi consiste \u00e0 remplacer les \u00e9nergies fossiles par de l\u2019hydrog\u00e8ne vert.&nbsp; C\u2019est ici que les \u00e9lectrolyseurs jouent un r\u00f4le majeur : l\u2019\u00e9lectrolyse permet en effet de fabriquer de l\u2019hydrog\u00e8ne vert \u00e0 partir d\u2019eau et d\u2019\u00e9lectricit\u00e9 de sources renouvelables.&nbsp; Voici quelques applications concr\u00e8tes.&nbsp; D\u00e9carboner l\u2019industrie de la chaux &nbsp; John Cockerill collabore actuellement &hellip; Continue reading &quot;John Cockerill d\u00e9veloppera une \u201cgigafactory\u201d d\u2019\u00e9lectrolyseurs en Belgique\u00a0&quot;\" \/>\n<meta property=\"og:url\" content=\"https:\/\/www.renouvelle.be\/fr\/john-cockerill-developpera-une-gigafactory-delectrolyseurs-en-belgique\/\" \/>\n<meta property=\"og:site_name\" content=\"Renouvelle\" \/>\n<meta property=\"article:published_time\" content=\"2022-05-13T16:08:34+00:00\" \/>\n<meta property=\"article:modified_time\" content=\"2023-07-10T22:16:26+00:00\" \/>\n<meta property=\"og:image\" content=\"https:\/\/www.renouvelle.be\/wp-content\/uploads\/2022\/05\/cockerill.jpg\" \/>\n\t<meta property=\"og:image:width\" content=\"1024\" \/>\n\t<meta property=\"og:image:height\" content=\"777\" \/>\n\t<meta property=\"og:image:type\" content=\"image\/jpeg\" \/>\n<meta name=\"author\" content=\"Energie Commune\" \/>\n<meta name=\"twitter:card\" content=\"summary_large_image\" \/>\n<script type=\"application\/ld+json\" class=\"yoast-schema-graph\">{\"@context\":\"https:\\\/\\\/schema.org\",\"@graph\":[{\"@type\":\"Article\",\"@id\":\"https:\\\/\\\/www.renouvelle.be\\\/fr\\\/john-cockerill-developpera-une-gigafactory-delectrolyseurs-en-belgique\\\/#article\",\"isPartOf\":{\"@id\":\"https:\\\/\\\/www.renouvelle.be\\\/fr\\\/john-cockerill-developpera-une-gigafactory-delectrolyseurs-en-belgique\\\/\"},\"author\":{\"name\":\"Energie Commune\",\"@id\":\"https:\\\/\\\/www.renouvelle.be\\\/fr\\\/#\\\/schema\\\/person\\\/01fbe8226a07f8f3d4a1cd059b31f17a\"},\"headline\":\"John Cockerill d\u00e9veloppera une \u201cgigafactory\u201d d\u2019\u00e9lectrolyseurs en Belgique\u00a0\",\"datePublished\":\"2022-05-13T16:08:34+00:00\",\"dateModified\":\"2023-07-10T22:16:26+00:00\",\"mainEntityOfPage\":{\"@id\":\"https:\\\/\\\/www.renouvelle.be\\\/fr\\\/john-cockerill-developpera-une-gigafactory-delectrolyseurs-en-belgique\\\/\"},\"wordCount\":820,\"image\":{\"@id\":\"https:\\\/\\\/www.renouvelle.be\\\/fr\\\/john-cockerill-developpera-une-gigafactory-delectrolyseurs-en-belgique\\\/#primaryimage\"},\"thumbnailUrl\":\"https:\\\/\\\/www.renouvelle.be\\\/wp-content\\\/uploads\\\/2022\\\/05\\\/cockerill.jpg\",\"articleSection\":[\"Actualit\u00e9 en Belgique\"],\"inLanguage\":\"fr-FR\"},{\"@type\":\"WebPage\",\"@id\":\"https:\\\/\\\/www.renouvelle.be\\\/fr\\\/john-cockerill-developpera-une-gigafactory-delectrolyseurs-en-belgique\\\/\",\"url\":\"https:\\\/\\\/www.renouvelle.be\\\/fr\\\/john-cockerill-developpera-une-gigafactory-delectrolyseurs-en-belgique\\\/\",\"name\":\"John Cockerill d\u00e9veloppera une \u201cgigafactory\u201d d\u2019\u00e9lectrolyseurs en Belgique\u00a0 - Renouvelle\",\"isPartOf\":{\"@id\":\"https:\\\/\\\/www.renouvelle.be\\\/fr\\\/#website\"},\"primaryImageOfPage\":{\"@id\":\"https:\\\/\\\/www.renouvelle.be\\\/fr\\\/john-cockerill-developpera-une-gigafactory-delectrolyseurs-en-belgique\\\/#primaryimage\"},\"image\":{\"@id\":\"https:\\\/\\\/www.renouvelle.be\\\/fr\\\/john-cockerill-developpera-une-gigafactory-delectrolyseurs-en-belgique\\\/#primaryimage\"},\"thumbnailUrl\":\"https:\\\/\\\/www.renouvelle.be\\\/wp-content\\\/uploads\\\/2022\\\/05\\\/cockerill.jpg\",\"datePublished\":\"2022-05-13T16:08:34+00:00\",\"dateModified\":\"2023-07-10T22:16:26+00:00\",\"author\":{\"@id\":\"https:\\\/\\\/www.renouvelle.be\\\/fr\\\/#\\\/schema\\\/person\\\/01fbe8226a07f8f3d4a1cd059b31f17a\"},\"breadcrumb\":{\"@id\":\"https:\\\/\\\/www.renouvelle.be\\\/fr\\\/john-cockerill-developpera-une-gigafactory-delectrolyseurs-en-belgique\\\/#breadcrumb\"},\"inLanguage\":\"fr-FR\",\"potentialAction\":[{\"@type\":\"ReadAction\",\"target\":[\"https:\\\/\\\/www.renouvelle.be\\\/fr\\\/john-cockerill-developpera-une-gigafactory-delectrolyseurs-en-belgique\\\/\"]}]},{\"@type\":\"ImageObject\",\"inLanguage\":\"fr-FR\",\"@id\":\"https:\\\/\\\/www.renouvelle.be\\\/fr\\\/john-cockerill-developpera-une-gigafactory-delectrolyseurs-en-belgique\\\/#primaryimage\",\"url\":\"https:\\\/\\\/www.renouvelle.be\\\/wp-content\\\/uploads\\\/2022\\\/05\\\/cockerill.jpg\",\"contentUrl\":\"https:\\\/\\\/www.renouvelle.be\\\/wp-content\\\/uploads\\\/2022\\\/05\\\/cockerill.jpg\",\"width\":1024,\"height\":777},{\"@type\":\"BreadcrumbList\",\"@id\":\"https:\\\/\\\/www.renouvelle.be\\\/fr\\\/john-cockerill-developpera-une-gigafactory-delectrolyseurs-en-belgique\\\/#breadcrumb\",\"itemListElement\":[{\"@type\":\"ListItem\",\"position\":1,\"name\":\"Accueil\",\"item\":\"https:\\\/\\\/www.renouvelle.be\\\/fr\\\/\"},{\"@type\":\"ListItem\",\"position\":2,\"name\":\"John Cockerill d\u00e9veloppera une \u201cgigafactory\u201d d\u2019\u00e9lectrolyseurs en Belgique\u00a0\"}]},{\"@type\":\"WebSite\",\"@id\":\"https:\\\/\\\/www.renouvelle.be\\\/fr\\\/#website\",\"url\":\"https:\\\/\\\/www.renouvelle.be\\\/fr\\\/\",\"name\":\"Renouvelle\",\"description\":\"L&#039;actualit\u00e9 de l&#039;\u00e9nergie durable\",\"potentialAction\":[{\"@type\":\"SearchAction\",\"target\":{\"@type\":\"EntryPoint\",\"urlTemplate\":\"https:\\\/\\\/www.renouvelle.be\\\/fr\\\/?s={search_term_string}\"},\"query-input\":{\"@type\":\"PropertyValueSpecification\",\"valueRequired\":true,\"valueName\":\"search_term_string\"}}],\"inLanguage\":\"fr-FR\"},{\"@type\":\"Person\",\"@id\":\"https:\\\/\\\/www.renouvelle.be\\\/fr\\\/#\\\/schema\\\/person\\\/01fbe8226a07f8f3d4a1cd059b31f17a\",\"name\":\"Energie Commune\",\"url\":\"https:\\\/\\\/www.renouvelle.be\\\/fr\\\/author\\\/apere\\\/\"}]}<\/script>\n<!-- \/ Yoast SEO plugin. -->","yoast_head_json":{"title":"John Cockerill d\u00e9veloppera une \u201cgigafactory\u201d d\u2019\u00e9lectrolyseurs en Belgique\u00a0 - Renouvelle","robots":{"index":"index","follow":"follow","max-snippet":"max-snippet:-1","max-image-preview":"max-image-preview:large","max-video-preview":"max-video-preview:-1"},"canonical":"https:\/\/www.renouvelle.be\/fr\/john-cockerill-developpera-une-gigafactory-delectrolyseurs-en-belgique\/","og_locale":"fr_FR","og_type":"article","og_title":"John Cockerill d\u00e9veloppera une \u201cgigafactory\u201d d\u2019\u00e9lectrolyseurs en Belgique\u00a0 - Renouvelle","og_description":"L\u2019industriel wallon John Cockrill est aujourd\u2019hui leader des \u00e9lectrolyseurs de grande capacit\u00e9 (+6 MW), avec 20% des parts du march\u00e9 mondial en 2020.&nbsp; Le groupe multiplie les \u201cgigafactories\u201d dans le monde et annonce d\u00e9sormais l\u2019ambition de construire une fili\u00e8re hydrog\u00e8ne 100% europ\u00e9enne.&nbsp; Une premi\u00e8re implantation a \u00e9t\u00e9 choisie en Alsace, o\u00f9 les premiers \u00e9lectrolyseurs 100% europ\u00e9ens devraient sortir de production d\u00e9but 2023 pour atteindre progressivement une cadence menant \u00e0 une capacit\u00e9 de production cumul\u00e9e d\u2019un Gigawatt.&nbsp; Mais la guerre en Ukraine et la volont\u00e9 europ\u00e9enne d\u2019acc\u00e9l\u00e9rer sa transition \u00e9nerg\u00e9tique poussent l\u2019industriel \u00e0 cr\u00e9er une deuxi\u00e8me \u201cgigafactory\u201d, qui sera implant\u00e9e en Belgique, r\u00e9v\u00e8le ainsi le journal L\u2019Echo (12 mai 22).&nbsp; Des n\u00e9gociations sont actuellement en cours pour choisir un site en Wallonie et ouvrir le capital \u00e0 la SRIW.&nbsp; Le projet en Alsace devrait cr\u00e9er 700 emplois. On imagine que le projet belge aura un impact socio-\u00e9conomique similaire.&nbsp; D&rsquo;ici 2025, un quart du chiffre d&rsquo;affaires du groupe proviendra du secteur hydrog\u00e8ne. Une \u00e9tape d\u00e9cisive pour d\u00e9carboner l\u2019industrie et la mobilit\u00e9&nbsp; Rien qu\u2019en consid\u00e9rant les hauts fourneaux, la production d\u2019acier rejette chaque ann\u00e9e 2,4 milliards de tonnes de CO2 dans l\u2019atmosph\u00e8re. Il en va de m\u00eame pour la chaux, la p\u00e9trochimie, et bien d\u2019autres industries encore. Quant au secteur du transport, il repr\u00e9sente la deuxi\u00e8me source de gaz \u00e0 effet de serre au monde.&nbsp; Pour d\u00e9carboner ces nombreux processus industriels ou moyens de transport (trains, camions, bus, bateaux, \u2026), le d\u00e9fi consiste \u00e0 remplacer les \u00e9nergies fossiles par de l\u2019hydrog\u00e8ne vert.&nbsp; C\u2019est ici que les \u00e9lectrolyseurs jouent un r\u00f4le majeur : l\u2019\u00e9lectrolyse permet en effet de fabriquer de l\u2019hydrog\u00e8ne vert \u00e0 partir d\u2019eau et d\u2019\u00e9lectricit\u00e9 de sources renouvelables.&nbsp; Voici quelques applications concr\u00e8tes.&nbsp; D\u00e9carboner l\u2019industrie de la chaux &nbsp; John Cockerill collabore actuellement &hellip; Continue reading \"John Cockerill d\u00e9veloppera une \u201cgigafactory\u201d d\u2019\u00e9lectrolyseurs en Belgique\u00a0\"","og_url":"https:\/\/www.renouvelle.be\/fr\/john-cockerill-developpera-une-gigafactory-delectrolyseurs-en-belgique\/","og_site_name":"Renouvelle","article_published_time":"2022-05-13T16:08:34+00:00","article_modified_time":"2023-07-10T22:16:26+00:00","og_image":[{"width":1024,"height":777,"url":"https:\/\/www.renouvelle.be\/wp-content\/uploads\/2022\/05\/cockerill.jpg","type":"image\/jpeg"}],"author":"Energie Commune","twitter_card":"summary_large_image","schema":{"@context":"https:\/\/schema.org","@graph":[{"@type":"Article","@id":"https:\/\/www.renouvelle.be\/fr\/john-cockerill-developpera-une-gigafactory-delectrolyseurs-en-belgique\/#article","isPartOf":{"@id":"https:\/\/www.renouvelle.be\/fr\/john-cockerill-developpera-une-gigafactory-delectrolyseurs-en-belgique\/"},"author":{"name":"Energie Commune","@id":"https:\/\/www.renouvelle.be\/fr\/#\/schema\/person\/01fbe8226a07f8f3d4a1cd059b31f17a"},"headline":"John Cockerill d\u00e9veloppera une \u201cgigafactory\u201d d\u2019\u00e9lectrolyseurs en Belgique\u00a0","datePublished":"2022-05-13T16:08:34+00:00","dateModified":"2023-07-10T22:16:26+00:00","mainEntityOfPage":{"@id":"https:\/\/www.renouvelle.be\/fr\/john-cockerill-developpera-une-gigafactory-delectrolyseurs-en-belgique\/"},"wordCount":820,"image":{"@id":"https:\/\/www.renouvelle.be\/fr\/john-cockerill-developpera-une-gigafactory-delectrolyseurs-en-belgique\/#primaryimage"},"thumbnailUrl":"https:\/\/www.renouvelle.be\/wp-content\/uploads\/2022\/05\/cockerill.jpg","articleSection":["Actualit\u00e9 en Belgique"],"inLanguage":"fr-FR"},{"@type":"WebPage","@id":"https:\/\/www.renouvelle.be\/fr\/john-cockerill-developpera-une-gigafactory-delectrolyseurs-en-belgique\/","url":"https:\/\/www.renouvelle.be\/fr\/john-cockerill-developpera-une-gigafactory-delectrolyseurs-en-belgique\/","name":"John Cockerill d\u00e9veloppera une \u201cgigafactory\u201d d\u2019\u00e9lectrolyseurs en Belgique\u00a0 - Renouvelle","isPartOf":{"@id":"https:\/\/www.renouvelle.be\/fr\/#website"},"primaryImageOfPage":{"@id":"https:\/\/www.renouvelle.be\/fr\/john-cockerill-developpera-une-gigafactory-delectrolyseurs-en-belgique\/#primaryimage"},"image":{"@id":"https:\/\/www.renouvelle.be\/fr\/john-cockerill-developpera-une-gigafactory-delectrolyseurs-en-belgique\/#primaryimage"},"thumbnailUrl":"https:\/\/www.renouvelle.be\/wp-content\/uploads\/2022\/05\/cockerill.jpg","datePublished":"2022-05-13T16:08:34+00:00","dateModified":"2023-07-10T22:16:26+00:00","author":{"@id":"https:\/\/www.renouvelle.be\/fr\/#\/schema\/person\/01fbe8226a07f8f3d4a1cd059b31f17a"},"breadcrumb":{"@id":"https:\/\/www.renouvelle.be\/fr\/john-cockerill-developpera-une-gigafactory-delectrolyseurs-en-belgique\/#breadcrumb"},"inLanguage":"fr-FR","potentialAction":[{"@type":"ReadAction","target":["https:\/\/www.renouvelle.be\/fr\/john-cockerill-developpera-une-gigafactory-delectrolyseurs-en-belgique\/"]}]},{"@type":"ImageObject","inLanguage":"fr-FR","@id":"https:\/\/www.renouvelle.be\/fr\/john-cockerill-developpera-une-gigafactory-delectrolyseurs-en-belgique\/#primaryimage","url":"https:\/\/www.renouvelle.be\/wp-content\/uploads\/2022\/05\/cockerill.jpg","contentUrl":"https:\/\/www.renouvelle.be\/wp-content\/uploads\/2022\/05\/cockerill.jpg","width":1024,"height":777},{"@type":"BreadcrumbList","@id":"https:\/\/www.renouvelle.be\/fr\/john-cockerill-developpera-une-gigafactory-delectrolyseurs-en-belgique\/#breadcrumb","itemListElement":[{"@type":"ListItem","position":1,"name":"Accueil","item":"https:\/\/www.renouvelle.be\/fr\/"},{"@type":"ListItem","position":2,"name":"John Cockerill d\u00e9veloppera une \u201cgigafactory\u201d d\u2019\u00e9lectrolyseurs en Belgique\u00a0"}]},{"@type":"WebSite","@id":"https:\/\/www.renouvelle.be\/fr\/#website","url":"https:\/\/www.renouvelle.be\/fr\/","name":"Renouvelle","description":"L&#039;actualit\u00e9 de l&#039;\u00e9nergie durable","potentialAction":[{"@type":"SearchAction","target":{"@type":"EntryPoint","urlTemplate":"https:\/\/www.renouvelle.be\/fr\/?s={search_term_string}"},"query-input":{"@type":"PropertyValueSpecification","valueRequired":true,"valueName":"search_term_string"}}],"inLanguage":"fr-FR"},{"@type":"Person","@id":"https:\/\/www.renouvelle.be\/fr\/#\/schema\/person\/01fbe8226a07f8f3d4a1cd059b31f17a","name":"Energie Commune","url":"https:\/\/www.renouvelle.be\/fr\/author\/apere\/"}]}},"_links":{"self":[{"href":"https:\/\/www.renouvelle.be\/fr\/wp-json\/wp\/v2\/posts\/8218","targetHints":{"allow":["GET"]}}],"collection":[{"href":"https:\/\/www.renouvelle.be\/fr\/wp-json\/wp\/v2\/posts"}],"about":[{"href":"https:\/\/www.renouvelle.be\/fr\/wp-json\/wp\/v2\/types\/post"}],"author":[{"embeddable":true,"href":"https:\/\/www.renouvelle.be\/fr\/wp-json\/wp\/v2\/users\/3"}],"replies":[{"embeddable":true,"href":"https:\/\/www.renouvelle.be\/fr\/wp-json\/wp\/v2\/comments?post=8218"}],"version-history":[{"count":5,"href":"https:\/\/www.renouvelle.be\/fr\/wp-json\/wp\/v2\/posts\/8218\/revisions"}],"predecessor-version":[{"id":10194,"href":"https:\/\/www.renouvelle.be\/fr\/wp-json\/wp\/v2\/posts\/8218\/revisions\/10194"}],"wp:featuredmedia":[{"embeddable":true,"href":"https:\/\/www.renouvelle.be\/fr\/wp-json\/wp\/v2\/media\/8219"}],"wp:attachment":[{"href":"https:\/\/www.renouvelle.be\/fr\/wp-json\/wp\/v2\/media?parent=8218"}],"wp:term":[{"taxonomy":"category","embeddable":true,"href":"https:\/\/www.renouvelle.be\/fr\/wp-json\/wp\/v2\/categories?post=8218"},{"taxonomy":"post_tag","embeddable":true,"href":"https:\/\/www.renouvelle.be\/fr\/wp-json\/wp\/v2\/tags?post=8218"},{"taxonomy":"section","embeddable":true,"href":"https:\/\/www.renouvelle.be\/fr\/wp-json\/wp\/v2\/section?post=8218"}],"curies":[{"name":"wp","href":"https:\/\/api.w.org\/{rel}","templated":true}]}}