{"id":8060,"date":"2022-03-25T12:31:57","date_gmt":"2022-03-25T11:31:57","guid":{"rendered":"https:\/\/www.renouvelle.be\/?p=8060"},"modified":"2023-07-11T10:04:34","modified_gmt":"2023-07-11T08:04:34","slug":"un-facilitateur-pour-le-partage-denergie-a-bruxelles","status":"publish","type":"post","link":"https:\/\/www.renouvelle.be\/fr\/un-facilitateur-pour-le-partage-denergie-a-bruxelles\/","title":{"rendered":"Un Facilitateur pour le partage d\u2019\u00e9nergie \u00e0 Bruxelles"},"content":{"rendered":"\n<p>Le Parlement bruxellois a adopt\u00e9 une importante r\u00e9forme des march\u00e9s de l\u2019\u00e9nergie bruxellois.<\/p>\n\n\n\n<p>Les citoyens, entreprises et pouvoirs publics peuvent d\u00e9sormais se r\u00e9unir pour produire et consommer ensemble une \u00e9nergie renouvelable locale, \u00e0 un tarif avantageux &#8211; par exemple, une \u00e9cole \u00e9quip\u00e9e en panneaux photovolta\u00efque et qui partage la production d&rsquo;\u00e9lectricit\u00e9 solaire avec des consommateurs \u00e0 proximit\u00e9 (lire notre article <a href=\"https:\/\/www.renouvelle.be\/fr\/le-partage-denergie-a-bruxelles-cest-parti\/\">Le partage d\u2019\u00e9nergie \u00e0 Bruxelles, c\u2019est parti !<\/a>).<\/p>\n\n\n\n<p>Les consommateurs peuvent ainsi se prot\u00e9ger de l&rsquo;inflation, ma\u00eetriser leur facture d&rsquo;\u00e9nergie et participer \u00e0 une transition \u00e9nerg\u00e9tique socialement juste.<\/p>\n\n\n\n<p>Pour les accompagner dans cette d\u00e9marche, la R\u00e9gion bruxelloise offre les services gratuits d\u2019un Facilitateur \u00ab Partage et Communaut\u00e9s d\u2019\u00e9nergie \u00bb.<\/p>\n\n\n\n<p>Les porteurs de projet pourront ainsi obtenir des conseils juridiques, techniques, administratifs, de communication et de mobilisation de participants.<\/p>\n\n\n\n<p>Pour demander un rendez-vous t\u00e9l\u00e9phonique, <a href=\"https:\/\/environnement.brussels\/news\/un-nouveau-facilitateur-pour-le-partage-denergie\" target=\"_blank\" rel=\"noreferrer noopener\">voici la d\u00e9marche \u00e0 suivre<\/a>. <\/p>\n","protected":false},"excerpt":{"rendered":"<p>Le Parlement bruxellois a adopt\u00e9 une importante r\u00e9forme des march\u00e9s de l\u2019\u00e9nergie bruxellois. Les citoyens, entreprises et pouvoirs publics peuvent d\u00e9sormais se r\u00e9unir pour produire et consommer ensemble une \u00e9nergie renouvelable locale, \u00e0 un tarif avantageux &#8211; par exemple, une \u00e9cole \u00e9quip\u00e9e en panneaux photovolta\u00efque et qui partage la production d&rsquo;\u00e9lectricit\u00e9 solaire avec des consommateurs \u00e0 proximit\u00e9 (lire notre article Le partage d\u2019\u00e9nergie \u00e0 Bruxelles, c\u2019est parti !). Les consommateurs peuvent ainsi se prot\u00e9ger de l&rsquo;inflation, ma\u00eetriser leur facture d&rsquo;\u00e9nergie et participer \u00e0 une transition \u00e9nerg\u00e9tique socialement juste. Pour les accompagner dans cette d\u00e9marche, la R\u00e9gion bruxelloise offre les services gratuits d\u2019un Facilitateur \u00ab Partage et Communaut\u00e9s d\u2019\u00e9nergie \u00bb. Les porteurs de projet pourront ainsi obtenir des conseils juridiques, techniques, administratifs, de communication et de mobilisation de participants. Pour demander un rendez-vous t\u00e9l\u00e9phonique, voici la d\u00e9marche \u00e0 suivre.<\/p>\n","protected":false},"author":3,"featured_media":8062,"comment_status":"closed","ping_status":"closed","sticky":false,"template":"","format":"standard","meta":{"_acf_changed":false,"footnotes":""},"categories":[19],"tags":[],"section":[5],"class_list":["post-8060","post","type-post","status-publish","format-standard","has-post-thumbnail","hentry","category-outils-categories","section-communaute-denergie"],"acf":[],"yoast_head":"<!-- This site is optimized with the Yoast SEO plugin v27.4 - https:\/\/yoast.com\/product\/yoast-seo-wordpress\/ -->\n<title>Un Facilitateur pour le partage d\u2019\u00e9nergie \u00e0 Bruxelles - Renouvelle<\/title>\n<meta name=\"robots\" content=\"index, follow, max-snippet:-1, max-image-preview:large, max-video-preview:-1\" \/>\n<link rel=\"canonical\" href=\"https:\/\/www.renouvelle.be\/fr\/un-facilitateur-pour-le-partage-denergie-a-bruxelles\/\" \/>\n<meta property=\"og:locale\" content=\"fr_FR\" \/>\n<meta property=\"og:type\" content=\"article\" \/>\n<meta property=\"og:title\" content=\"Un Facilitateur pour le partage d\u2019\u00e9nergie \u00e0 Bruxelles - Renouvelle\" \/>\n<meta property=\"og:description\" content=\"Le Parlement bruxellois a adopt\u00e9 une importante r\u00e9forme des march\u00e9s de l\u2019\u00e9nergie bruxellois. Les citoyens, entreprises et pouvoirs publics peuvent d\u00e9sormais se r\u00e9unir pour produire et consommer ensemble une \u00e9nergie renouvelable locale, \u00e0 un tarif avantageux &#8211; par exemple, une \u00e9cole \u00e9quip\u00e9e en panneaux photovolta\u00efque et qui partage la production d&rsquo;\u00e9lectricit\u00e9 solaire avec des consommateurs \u00e0 proximit\u00e9 (lire notre article Le partage d\u2019\u00e9nergie \u00e0 Bruxelles, c\u2019est parti !). Les consommateurs peuvent ainsi se prot\u00e9ger de l&rsquo;inflation, ma\u00eetriser leur facture d&rsquo;\u00e9nergie et participer \u00e0 une transition \u00e9nerg\u00e9tique socialement juste. Pour les accompagner dans cette d\u00e9marche, la R\u00e9gion bruxelloise offre les services gratuits d\u2019un Facilitateur \u00ab Partage et Communaut\u00e9s d\u2019\u00e9nergie \u00bb. Les porteurs de projet pourront ainsi obtenir des conseils juridiques, techniques, administratifs, de communication et de mobilisation de participants. Pour demander un rendez-vous t\u00e9l\u00e9phonique, voici la d\u00e9marche \u00e0 suivre.\" \/>\n<meta property=\"og:url\" content=\"https:\/\/www.renouvelle.be\/fr\/un-facilitateur-pour-le-partage-denergie-a-bruxelles\/\" \/>\n<meta property=\"og:site_name\" content=\"Renouvelle\" \/>\n<meta property=\"article:published_time\" content=\"2022-03-25T11:31:57+00:00\" \/>\n<meta property=\"article:modified_time\" content=\"2023-07-11T08:04:34+00:00\" \/>\n<meta property=\"og:image\" content=\"https:\/\/www.renouvelle.be\/wp-content\/uploads\/2022\/03\/iStock-1300458136.jpg\" \/>\n\t<meta property=\"og:image:width\" content=\"700\" \/>\n\t<meta property=\"og:image:height\" content=\"700\" \/>\n\t<meta property=\"og:image:type\" content=\"image\/jpeg\" \/>\n<meta name=\"author\" content=\"Energie Commune\" \/>\n<meta name=\"twitter:card\" content=\"summary_large_image\" \/>\n<script type=\"application\/ld+json\" class=\"yoast-schema-graph\">{\"@context\":\"https:\\\/\\\/schema.org\",\"@graph\":[{\"@type\":\"Article\",\"@id\":\"https:\\\/\\\/www.renouvelle.be\\\/fr\\\/un-facilitateur-pour-le-partage-denergie-a-bruxelles\\\/#article\",\"isPartOf\":{\"@id\":\"https:\\\/\\\/www.renouvelle.be\\\/fr\\\/un-facilitateur-pour-le-partage-denergie-a-bruxelles\\\/\"},\"author\":{\"name\":\"Energie Commune\",\"@id\":\"https:\\\/\\\/www.renouvelle.be\\\/fr\\\/#\\\/schema\\\/person\\\/01fbe8226a07f8f3d4a1cd059b31f17a\"},\"headline\":\"Un Facilitateur pour le partage d\u2019\u00e9nergie \u00e0 Bruxelles\",\"datePublished\":\"2022-03-25T11:31:57+00:00\",\"dateModified\":\"2023-07-11T08:04:34+00:00\",\"mainEntityOfPage\":{\"@id\":\"https:\\\/\\\/www.renouvelle.be\\\/fr\\\/un-facilitateur-pour-le-partage-denergie-a-bruxelles\\\/\"},\"wordCount\":161,\"image\":{\"@id\":\"https:\\\/\\\/www.renouvelle.be\\\/fr\\\/un-facilitateur-pour-le-partage-denergie-a-bruxelles\\\/#primaryimage\"},\"thumbnailUrl\":\"https:\\\/\\\/www.renouvelle.be\\\/wp-content\\\/uploads\\\/2022\\\/03\\\/iStock-1300458136.jpg\",\"articleSection\":[\"Outils\"],\"inLanguage\":\"fr-FR\"},{\"@type\":\"WebPage\",\"@id\":\"https:\\\/\\\/www.renouvelle.be\\\/fr\\\/un-facilitateur-pour-le-partage-denergie-a-bruxelles\\\/\",\"url\":\"https:\\\/\\\/www.renouvelle.be\\\/fr\\\/un-facilitateur-pour-le-partage-denergie-a-bruxelles\\\/\",\"name\":\"Un Facilitateur pour le partage d\u2019\u00e9nergie \u00e0 Bruxelles - Renouvelle\",\"isPartOf\":{\"@id\":\"https:\\\/\\\/www.renouvelle.be\\\/fr\\\/#website\"},\"primaryImageOfPage\":{\"@id\":\"https:\\\/\\\/www.renouvelle.be\\\/fr\\\/un-facilitateur-pour-le-partage-denergie-a-bruxelles\\\/#primaryimage\"},\"image\":{\"@id\":\"https:\\\/\\\/www.renouvelle.be\\\/fr\\\/un-facilitateur-pour-le-partage-denergie-a-bruxelles\\\/#primaryimage\"},\"thumbnailUrl\":\"https:\\\/\\\/www.renouvelle.be\\\/wp-content\\\/uploads\\\/2022\\\/03\\\/iStock-1300458136.jpg\",\"datePublished\":\"2022-03-25T11:31:57+00:00\",\"dateModified\":\"2023-07-11T08:04:34+00:00\",\"author\":{\"@id\":\"https:\\\/\\\/www.renouvelle.be\\\/fr\\\/#\\\/schema\\\/person\\\/01fbe8226a07f8f3d4a1cd059b31f17a\"},\"breadcrumb\":{\"@id\":\"https:\\\/\\\/www.renouvelle.be\\\/fr\\\/un-facilitateur-pour-le-partage-denergie-a-bruxelles\\\/#breadcrumb\"},\"inLanguage\":\"fr-FR\",\"potentialAction\":[{\"@type\":\"ReadAction\",\"target\":[\"https:\\\/\\\/www.renouvelle.be\\\/fr\\\/un-facilitateur-pour-le-partage-denergie-a-bruxelles\\\/\"]}]},{\"@type\":\"ImageObject\",\"inLanguage\":\"fr-FR\",\"@id\":\"https:\\\/\\\/www.renouvelle.be\\\/fr\\\/un-facilitateur-pour-le-partage-denergie-a-bruxelles\\\/#primaryimage\",\"url\":\"https:\\\/\\\/www.renouvelle.be\\\/wp-content\\\/uploads\\\/2022\\\/03\\\/iStock-1300458136.jpg\",\"contentUrl\":\"https:\\\/\\\/www.renouvelle.be\\\/wp-content\\\/uploads\\\/2022\\\/03\\\/iStock-1300458136.jpg\",\"width\":700,\"height\":700},{\"@type\":\"BreadcrumbList\",\"@id\":\"https:\\\/\\\/www.renouvelle.be\\\/fr\\\/un-facilitateur-pour-le-partage-denergie-a-bruxelles\\\/#breadcrumb\",\"itemListElement\":[{\"@type\":\"ListItem\",\"position\":1,\"name\":\"Accueil\",\"item\":\"https:\\\/\\\/www.renouvelle.be\\\/fr\\\/\"},{\"@type\":\"ListItem\",\"position\":2,\"name\":\"Un Facilitateur pour le partage d\u2019\u00e9nergie \u00e0 Bruxelles\"}]},{\"@type\":\"WebSite\",\"@id\":\"https:\\\/\\\/www.renouvelle.be\\\/fr\\\/#website\",\"url\":\"https:\\\/\\\/www.renouvelle.be\\\/fr\\\/\",\"name\":\"Renouvelle\",\"description\":\"L&#039;actualit\u00e9 de l&#039;\u00e9nergie durable\",\"potentialAction\":[{\"@type\":\"SearchAction\",\"target\":{\"@type\":\"EntryPoint\",\"urlTemplate\":\"https:\\\/\\\/www.renouvelle.be\\\/fr\\\/?s={search_term_string}\"},\"query-input\":{\"@type\":\"PropertyValueSpecification\",\"valueRequired\":true,\"valueName\":\"search_term_string\"}}],\"inLanguage\":\"fr-FR\"},{\"@type\":\"Person\",\"@id\":\"https:\\\/\\\/www.renouvelle.be\\\/fr\\\/#\\\/schema\\\/person\\\/01fbe8226a07f8f3d4a1cd059b31f17a\",\"name\":\"Energie Commune\",\"url\":\"https:\\\/\\\/www.renouvelle.be\\\/fr\\\/author\\\/apere\\\/\"}]}<\/script>\n<!-- \/ Yoast SEO plugin. -->","yoast_head_json":{"title":"Un Facilitateur pour le partage d\u2019\u00e9nergie \u00e0 Bruxelles - Renouvelle","robots":{"index":"index","follow":"follow","max-snippet":"max-snippet:-1","max-image-preview":"max-image-preview:large","max-video-preview":"max-video-preview:-1"},"canonical":"https:\/\/www.renouvelle.be\/fr\/un-facilitateur-pour-le-partage-denergie-a-bruxelles\/","og_locale":"fr_FR","og_type":"article","og_title":"Un Facilitateur pour le partage d\u2019\u00e9nergie \u00e0 Bruxelles - Renouvelle","og_description":"Le Parlement bruxellois a adopt\u00e9 une importante r\u00e9forme des march\u00e9s de l\u2019\u00e9nergie bruxellois. Les citoyens, entreprises et pouvoirs publics peuvent d\u00e9sormais se r\u00e9unir pour produire et consommer ensemble une \u00e9nergie renouvelable locale, \u00e0 un tarif avantageux &#8211; par exemple, une \u00e9cole \u00e9quip\u00e9e en panneaux photovolta\u00efque et qui partage la production d&rsquo;\u00e9lectricit\u00e9 solaire avec des consommateurs \u00e0 proximit\u00e9 (lire notre article Le partage d\u2019\u00e9nergie \u00e0 Bruxelles, c\u2019est parti !). Les consommateurs peuvent ainsi se prot\u00e9ger de l&rsquo;inflation, ma\u00eetriser leur facture d&rsquo;\u00e9nergie et participer \u00e0 une transition \u00e9nerg\u00e9tique socialement juste. Pour les accompagner dans cette d\u00e9marche, la R\u00e9gion bruxelloise offre les services gratuits d\u2019un Facilitateur \u00ab Partage et Communaut\u00e9s d\u2019\u00e9nergie \u00bb. Les porteurs de projet pourront ainsi obtenir des conseils juridiques, techniques, administratifs, de communication et de mobilisation de participants. Pour demander un rendez-vous t\u00e9l\u00e9phonique, voici la d\u00e9marche \u00e0 suivre.","og_url":"https:\/\/www.renouvelle.be\/fr\/un-facilitateur-pour-le-partage-denergie-a-bruxelles\/","og_site_name":"Renouvelle","article_published_time":"2022-03-25T11:31:57+00:00","article_modified_time":"2023-07-11T08:04:34+00:00","og_image":[{"width":700,"height":700,"url":"https:\/\/www.renouvelle.be\/wp-content\/uploads\/2022\/03\/iStock-1300458136.jpg","type":"image\/jpeg"}],"author":"Energie Commune","twitter_card":"summary_large_image","schema":{"@context":"https:\/\/schema.org","@graph":[{"@type":"Article","@id":"https:\/\/www.renouvelle.be\/fr\/un-facilitateur-pour-le-partage-denergie-a-bruxelles\/#article","isPartOf":{"@id":"https:\/\/www.renouvelle.be\/fr\/un-facilitateur-pour-le-partage-denergie-a-bruxelles\/"},"author":{"name":"Energie Commune","@id":"https:\/\/www.renouvelle.be\/fr\/#\/schema\/person\/01fbe8226a07f8f3d4a1cd059b31f17a"},"headline":"Un Facilitateur pour le partage d\u2019\u00e9nergie \u00e0 Bruxelles","datePublished":"2022-03-25T11:31:57+00:00","dateModified":"2023-07-11T08:04:34+00:00","mainEntityOfPage":{"@id":"https:\/\/www.renouvelle.be\/fr\/un-facilitateur-pour-le-partage-denergie-a-bruxelles\/"},"wordCount":161,"image":{"@id":"https:\/\/www.renouvelle.be\/fr\/un-facilitateur-pour-le-partage-denergie-a-bruxelles\/#primaryimage"},"thumbnailUrl":"https:\/\/www.renouvelle.be\/wp-content\/uploads\/2022\/03\/iStock-1300458136.jpg","articleSection":["Outils"],"inLanguage":"fr-FR"},{"@type":"WebPage","@id":"https:\/\/www.renouvelle.be\/fr\/un-facilitateur-pour-le-partage-denergie-a-bruxelles\/","url":"https:\/\/www.renouvelle.be\/fr\/un-facilitateur-pour-le-partage-denergie-a-bruxelles\/","name":"Un Facilitateur pour le partage d\u2019\u00e9nergie \u00e0 Bruxelles - Renouvelle","isPartOf":{"@id":"https:\/\/www.renouvelle.be\/fr\/#website"},"primaryImageOfPage":{"@id":"https:\/\/www.renouvelle.be\/fr\/un-facilitateur-pour-le-partage-denergie-a-bruxelles\/#primaryimage"},"image":{"@id":"https:\/\/www.renouvelle.be\/fr\/un-facilitateur-pour-le-partage-denergie-a-bruxelles\/#primaryimage"},"thumbnailUrl":"https:\/\/www.renouvelle.be\/wp-content\/uploads\/2022\/03\/iStock-1300458136.jpg","datePublished":"2022-03-25T11:31:57+00:00","dateModified":"2023-07-11T08:04:34+00:00","author":{"@id":"https:\/\/www.renouvelle.be\/fr\/#\/schema\/person\/01fbe8226a07f8f3d4a1cd059b31f17a"},"breadcrumb":{"@id":"https:\/\/www.renouvelle.be\/fr\/un-facilitateur-pour-le-partage-denergie-a-bruxelles\/#breadcrumb"},"inLanguage":"fr-FR","potentialAction":[{"@type":"ReadAction","target":["https:\/\/www.renouvelle.be\/fr\/un-facilitateur-pour-le-partage-denergie-a-bruxelles\/"]}]},{"@type":"ImageObject","inLanguage":"fr-FR","@id":"https:\/\/www.renouvelle.be\/fr\/un-facilitateur-pour-le-partage-denergie-a-bruxelles\/#primaryimage","url":"https:\/\/www.renouvelle.be\/wp-content\/uploads\/2022\/03\/iStock-1300458136.jpg","contentUrl":"https:\/\/www.renouvelle.be\/wp-content\/uploads\/2022\/03\/iStock-1300458136.jpg","width":700,"height":700},{"@type":"BreadcrumbList","@id":"https:\/\/www.renouvelle.be\/fr\/un-facilitateur-pour-le-partage-denergie-a-bruxelles\/#breadcrumb","itemListElement":[{"@type":"ListItem","position":1,"name":"Accueil","item":"https:\/\/www.renouvelle.be\/fr\/"},{"@type":"ListItem","position":2,"name":"Un Facilitateur pour le partage d\u2019\u00e9nergie \u00e0 Bruxelles"}]},{"@type":"WebSite","@id":"https:\/\/www.renouvelle.be\/fr\/#website","url":"https:\/\/www.renouvelle.be\/fr\/","name":"Renouvelle","description":"L&#039;actualit\u00e9 de l&#039;\u00e9nergie durable","potentialAction":[{"@type":"SearchAction","target":{"@type":"EntryPoint","urlTemplate":"https:\/\/www.renouvelle.be\/fr\/?s={search_term_string}"},"query-input":{"@type":"PropertyValueSpecification","valueRequired":true,"valueName":"search_term_string"}}],"inLanguage":"fr-FR"},{"@type":"Person","@id":"https:\/\/www.renouvelle.be\/fr\/#\/schema\/person\/01fbe8226a07f8f3d4a1cd059b31f17a","name":"Energie Commune","url":"https:\/\/www.renouvelle.be\/fr\/author\/apere\/"}]}},"_links":{"self":[{"href":"https:\/\/www.renouvelle.be\/fr\/wp-json\/wp\/v2\/posts\/8060","targetHints":{"allow":["GET"]}}],"collection":[{"href":"https:\/\/www.renouvelle.be\/fr\/wp-json\/wp\/v2\/posts"}],"about":[{"href":"https:\/\/www.renouvelle.be\/fr\/wp-json\/wp\/v2\/types\/post"}],"author":[{"embeddable":true,"href":"https:\/\/www.renouvelle.be\/fr\/wp-json\/wp\/v2\/users\/3"}],"replies":[{"embeddable":true,"href":"https:\/\/www.renouvelle.be\/fr\/wp-json\/wp\/v2\/comments?post=8060"}],"version-history":[{"count":6,"href":"https:\/\/www.renouvelle.be\/fr\/wp-json\/wp\/v2\/posts\/8060\/revisions"}],"predecessor-version":[{"id":10210,"href":"https:\/\/www.renouvelle.be\/fr\/wp-json\/wp\/v2\/posts\/8060\/revisions\/10210"}],"wp:featuredmedia":[{"embeddable":true,"href":"https:\/\/www.renouvelle.be\/fr\/wp-json\/wp\/v2\/media\/8062"}],"wp:attachment":[{"href":"https:\/\/www.renouvelle.be\/fr\/wp-json\/wp\/v2\/media?parent=8060"}],"wp:term":[{"taxonomy":"category","embeddable":true,"href":"https:\/\/www.renouvelle.be\/fr\/wp-json\/wp\/v2\/categories?post=8060"},{"taxonomy":"post_tag","embeddable":true,"href":"https:\/\/www.renouvelle.be\/fr\/wp-json\/wp\/v2\/tags?post=8060"},{"taxonomy":"section","embeddable":true,"href":"https:\/\/www.renouvelle.be\/fr\/wp-json\/wp\/v2\/section?post=8060"}],"curies":[{"name":"wp","href":"https:\/\/api.w.org\/{rel}","templated":true}]}}