{"id":8013,"date":"2022-03-24T11:19:23","date_gmt":"2022-03-24T10:19:23","guid":{"rendered":"https:\/\/www.renouvelle.be\/?p=8013"},"modified":"2023-06-08T11:09:21","modified_gmt":"2023-06-08T09:09:21","slug":"le-partage-denergie-a-bruxelles-cest-parti","status":"publish","type":"post","link":"https:\/\/www.renouvelle.be\/fr\/le-partage-denergie-a-bruxelles-cest-parti\/","title":{"rendered":"Le partage d\u2019\u00e9nergie \u00e0 Bruxelles, c\u2019est parti !"},"content":{"rendered":"\n<p>La hausse g\u00e9n\u00e9ralis\u00e9e des prix de l\u2019\u00e9nergie pr\u00e9occupe &#8211; \u00e0 juste titre \u2013 de nombreux m\u00e9nages et mobilise l\u2019attention politique.&nbsp;<\/p>\n\n\n\n<p>Depuis 7 mois, l\u2019inflation a gagn\u00e9 le march\u00e9 international de l\u2019\u00e9nergie, en raison de la hausse des prix du carbone et surtout des combustibles fossiles (le gaz en premier lieu). A cela s\u2019ajoute aujourd\u2019hui la guerre en Ukraine et la perspective d\u2019une r\u00e9duction ou d\u2019un boycott des hydrocarbures russes, ce qui bouleverse la g\u00e9opolitique \u00e9nerg\u00e9tique europ\u00e9enne.&nbsp;<\/p>\n\n\n\n<p>Or il&nbsp;n\u2019a jamais \u00e9t\u00e9 aussi clair que l\u2019\u00e9nergie la moins ch\u00e8re \u00e0 produire (chaleur et \u00e9lectricit\u00e9 confondue), c\u2019est l\u2019\u00e9nergie renouvelable.&nbsp;<\/p>\n\n\n\n<p>Elargir et d\u00e9mocratiser l\u2019acc\u00e8s direct aux \u00e9nergies renouvelables, via l\u2019autoproduction locale, permet de s\u2019affranchir du march\u00e9 international de l\u2019\u00e9nergie &#8211; et ses fluctuations de prix \u2013 et de ma\u00eetriser sa facture \u00e9nerg\u00e9tique moyen et \u00e0 long terme.&nbsp;<\/p>\n\n\n\n<h2 class=\"wp-block-heading\"><strong>Vive les Communaut\u00e9s d\u2019\u00e9nergie<\/strong>&nbsp;!<\/h2>\n\n\n\n<p>Soutenu par deux directives europ\u00e9ennes, le principe des Communaut\u00e9s d\u2019\u00e9nergie permet pr\u00e9cis\u00e9ment de partager une production locale d\u2019\u00e9lectricit\u00e9 &#8211; par exemple une \u00e9cole \u00e9quip\u00e9e de panneaux photovolta\u00efques &#8211; avec des consommateurs \u00e0 proximit\u00e9 (m\u00e9nages, entreprises, administration, \u2026), \u00e0 un tarif avantageux.&nbsp;<\/p>\n\n\n\n<p>Des projets-pilotes existent d\u00e9j\u00e0 en Belgique, notamment \u00e0 Bruxelles, avec une dimension sociale et solidaire (lire notre article <a href=\"https:\/\/www.renouvelle.be\/fr\/des-logements-sociaux-a-st-gilles-mettent-leur-energie-en-commun\/\" target=\"_blank\" rel=\"noreferrer noopener\">Des logements sociaux \u00e0 St-Gilles mettent leur \u00e9nergie en commun<\/a>).&nbsp;<\/p>\n\n\n\n<p>Le partage d\u2019\u00e9nergie au sein d\u2019un b\u00e2timent ou au sein d\u2019une Communaut\u00e9 offre ainsi des solutions collectives&nbsp;aux nombreux Bruxellois qui ne peuvent pas produire eux-m\u00eames une \u00e9lectricit\u00e9 solaire, par manque de moyens financiers ou d\u2019acc\u00e8s \u00e0 une toiture.&nbsp;<\/p>\n\n\n\n<p>Il s\u2019agit donc d\u2019une grande avanc\u00e9e pour la d\u00e9mocratie \u00e9nerg\u00e9tique !&nbsp;<\/p>\n\n\n\n<h2 class=\"wp-block-heading\"><strong>Une ordonnance bruxelloise<\/strong>&nbsp;<\/h2>\n\n\n\n<p>Le Parlement bruxellois vient pr\u00e9cis\u00e9ment d\u2019adopter un cadre l\u00e9gal.&nbsp;<\/p>\n\n\n\n<p>En effet, une ordonnance, qui entrera en vigueur d\u00e9but avril, rend possible le partage d&rsquo;\u00e9nergie entre clients actifs et la cr\u00e9ation de Communaut\u00e9s d&rsquo;\u00e9nergie.&nbsp;<\/p>\n\n\n\n<p>Cette ordonnance sert \u00e9galement de base l\u00e9gale pour :&nbsp;<\/p>\n\n\n\n<ul class=\"wp-block-list\">\n<li>Un accompagnement ambitieux pour la r\u00e9novation du b\u00e2ti public (<a href=\"https:\/\/www.linkedin.com\/feed\/hashtag\/?keywords=renoclick&amp;highlightedUpdateUrns=urn%3Ali%3Aactivity%3A6909047230188371968\" target=\"_blank\" rel=\"noreferrer noopener\">Renoclick<\/a>).&nbsp;<\/li>\n\n\n\n<li>L&rsquo;installation de bornes pour v\u00e9hicules \u00e9lectriques <a href=\"https:\/\/www.linkedin.com\/feed\/hashtag\/?keywords=chargyclick&amp;highlightedUpdateUrns=urn%3Ali%3Aactivity%3A6909047230188371968\" target=\"_blank\" rel=\"noreferrer noopener\">(Chargyclick<\/a>).&nbsp;<\/li>\n\n\n\n<li>Le d\u00e9ploiement progressif des compteurs intelligents (n\u00e9cessaires au partage d\u2019\u00e9nergie). &nbsp;<\/li>\n<\/ul>\n\n\n\n<p>Elle contient aussi un renforcement de l\u2019acc\u00e8s \u00e0 l\u2019\u00e9nergie :&nbsp;<\/p>\n\n\n\n<ul class=\"wp-block-list\">\n<li>La \u00ab\u00a0fourniture garantie\u00a0\u00bb, qui prot\u00e8ge les plus pr\u00e9caris\u00e9s&nbsp;et garantit un acc\u00e8s \u00e0 l&rsquo;\u00e9nergie.&nbsp;<\/li>\n\n\n\n<li>Suppression des limiteurs de puissance (co\u00fbteux et inefficaces).&nbsp;<\/li>\n\n\n\n<li>Simplification et automatisation d\u2019acc\u00e8s au statut de client prot\u00e9g\u00e9.&nbsp;<\/li>\n<\/ul>\n\n\n\n<p>La Wallonie devrait \u00e9galement adopter un cadre l\u00e9gal d\u2019ici mi-2022.&nbsp;<\/p>\n\n\n\n<h2 class=\"wp-block-heading\">Lutter contre la pr\u00e9carit\u00e9 \u00e9nerg\u00e9tique&nbsp;&nbsp;<\/h2>\n\n\n\n<p>En Belgique, un m\u00e9nage sur 5 se trouve en situation de pr\u00e9carit\u00e9 \u00e9nerg\u00e9tique (logement mal isol\u00e9, facture d\u2019\u00e9nergie disproportionn\u00e9e, \u2026).&nbsp;<\/p>\n\n\n\n<p>En Wallonie et \u00e0 Bruxelles, la r\u00e9alit\u00e9 concerne m\u00eame un m\u00e9nage sur 4.&nbsp;<\/p>\n\n\n\n<p>Les Communaut\u00e9s d\u2019\u00e9nergie deviennent ainsi un moyen de lutter contre la pr\u00e9carit\u00e9 \u00e9nerg\u00e9tique.&nbsp;<\/p>\n\n\n\n<p>En effet, ce nouvel acteur peut d\u00e9sormais faciliter l\u2019acc\u00e8s \u00e0 l\u2019autoproduction collective d\u2019\u00e9nergie et la r\u00e9novation \u00e9nerg\u00e9tique.&nbsp;<\/p>\n\n\n\n<p>Une Communaut\u00e9 d\u2019\u00e9nergie doit &#8211; l\u00e9galement &#8211; poursuivre des objectifs notamment sociaux et \u00e9conomiques, plut\u00f4t que la recherche de profit. Les membres d\u2019une Communaut\u00e9 peuvent ainsi se donner pour objectif prioritaire de lutter contre la pr\u00e9carit\u00e9 \u00e9nerg\u00e9tique (lire notre article <a href=\"https:\/\/www.renouvelle.be\/fr\/les-communaute-denergie-veulent-lutter-contre-la-precarite-energetique\/\">Les Communaut\u00e9 d\u2019\u00e9nergie veulent lutter contre la pr\u00e9carit\u00e9 \u00e9nerg\u00e9tique<\/a>).<\/p>\n\n\n\n<h2 class=\"wp-block-heading\">Meilleure connaissance de l\u2019\u00e9lectricit\u00e9&nbsp;&nbsp;<\/h2>\n\n\n\n<p>L\u2019\u00e9lectricit\u00e9 est devenue un enjeu majeur de notre vie quotidienne, vu la n\u00e9cessit\u00e9 d\u2019\u00e9voluer vers des \u00e9nergies bas carbones et de r\u00e9duire sa consommation, mais aussi de faire face \u00e0 des prix de plus en plus \u00e9lev\u00e9s.&nbsp;&nbsp;<\/p>\n\n\n\n<p>Or, participer \u00e0 un partage d\u2019\u00e9lectricit\u00e9, permet de mieux connaitre le fonctionnement du r\u00e9seau \u00e9lectrique, le r\u00f4le des acteurs du march\u00e9 de l\u2019\u00e9nergie, \u2026 mais aussi de mieux comprendre et appr\u00e9hender la d\u00e9marche d\u2019adapter sa consommation en fonction de la production variable d\u2019\u00e9lectricit\u00e9 renouvelable. D\u00e9marche vers laquelle on va de plus en plus \u00e9voluer, vu la part grandissante d\u2019\u00e9lectricit\u00e9 produite gr\u00e2ce au vent ou au soleil qui ne sont pas disponible de mani\u00e8re continue.&nbsp;&nbsp;<\/p>\n\n\n\n<p>Enfin, la participation \u00e0 un partage d\u2019\u00e9lectricit\u00e9 permet \u00e9galement \u00e0 un consommateur de s\u2019int\u00e9resser \u00e0 sa consommation d\u2019\u00e9lectricit\u00e9 et de mieux comprendre l\u00e0 o\u00f9 des \u00e9conomies d\u2019\u00e9lectricit\u00e9 sont possibles.&nbsp;&nbsp;<\/p>\n\n\n\n<h2 class=\"wp-block-heading\">Un service pour faciliter les projets&nbsp;<\/h2>\n\n\n\n<p>Pour aider les Bruxellois.e.s \u00e0 initier leur Communaut\u00e9 locale d\u2019\u00e9nergie, la R\u00e9gion bruxelloise a mis sur place un service de <a href=\"https:\/\/environnement.brussels\/news\/un-nouveau-facilitateur-pour-le-partage-denergie\" target=\"_blank\" rel=\"noreferrer noopener\">Facilitateur des projets de Communaut\u00e9s et de partage d\u2019\u00e9nergie<\/a>.&nbsp;<\/p>\n\n\n\n<p>Tout citoyen, entreprise ou pouvoir public situ\u00e9s \u00e0 Bruxelles peuvent solliciter leurs conseils.&nbsp;<\/p>\n","protected":false},"excerpt":{"rendered":"<p>La hausse g\u00e9n\u00e9ralis\u00e9e des prix de l\u2019\u00e9nergie pr\u00e9occupe &#8211; \u00e0 juste titre \u2013 de nombreux m\u00e9nages et mobilise l\u2019attention politique.&nbsp; Depuis 7 mois, l\u2019inflation a gagn\u00e9 le march\u00e9 international de l\u2019\u00e9nergie, en raison de la hausse des prix du carbone et surtout des combustibles fossiles (le gaz en premier lieu). A cela s\u2019ajoute aujourd\u2019hui la guerre en Ukraine et la perspective d\u2019une r\u00e9duction ou d\u2019un boycott des hydrocarbures russes, ce qui bouleverse la g\u00e9opolitique \u00e9nerg\u00e9tique europ\u00e9enne.&nbsp; Or il&nbsp;n\u2019a jamais \u00e9t\u00e9 aussi clair que l\u2019\u00e9nergie la moins ch\u00e8re \u00e0 produire (chaleur et \u00e9lectricit\u00e9 confondue), c\u2019est l\u2019\u00e9nergie renouvelable.&nbsp; Elargir et d\u00e9mocratiser l\u2019acc\u00e8s direct aux \u00e9nergies renouvelables, via l\u2019autoproduction locale, permet de s\u2019affranchir du march\u00e9 international de l\u2019\u00e9nergie &#8211; et ses fluctuations de prix \u2013 et de ma\u00eetriser sa facture \u00e9nerg\u00e9tique moyen et \u00e0 long terme.&nbsp; Vive les Communaut\u00e9s d\u2019\u00e9nergie&nbsp;! Soutenu par deux directives europ\u00e9ennes, le principe des Communaut\u00e9s d\u2019\u00e9nergie permet pr\u00e9cis\u00e9ment de partager une production locale d\u2019\u00e9lectricit\u00e9 &#8211; par exemple une \u00e9cole \u00e9quip\u00e9e de panneaux photovolta\u00efques &#8211; avec des consommateurs \u00e0 proximit\u00e9 (m\u00e9nages, entreprises, administration, \u2026), \u00e0 un tarif avantageux.&nbsp; Des projets-pilotes existent d\u00e9j\u00e0 en Belgique, notamment \u00e0 Bruxelles, avec une dimension sociale et solidaire (lire notre article Des logements sociaux \u00e0 St-Gilles mettent leur \u00e9nergie en commun).&nbsp; Le partage d\u2019\u00e9nergie au sein d\u2019un b\u00e2timent ou au sein d\u2019une Communaut\u00e9 offre ainsi des solutions collectives&nbsp;aux nombreux Bruxellois qui ne peuvent pas produire eux-m\u00eames une \u00e9lectricit\u00e9 solaire, par manque de moyens financiers ou d\u2019acc\u00e8s \u00e0 une toiture.&nbsp; Il s\u2019agit donc d\u2019une grande avanc\u00e9e pour la d\u00e9mocratie \u00e9nerg\u00e9tique !&nbsp; Une ordonnance bruxelloise&nbsp; Le Parlement bruxellois vient pr\u00e9cis\u00e9ment d\u2019adopter un cadre l\u00e9gal.&nbsp; En effet, une ordonnance, qui entrera en vigueur d\u00e9but avril, rend possible le partage d&rsquo;\u00e9nergie entre clients actifs et la cr\u00e9ation de Communaut\u00e9s &hellip; <a href=\"https:\/\/www.renouvelle.be\/fr\/le-partage-denergie-a-bruxelles-cest-parti\/\" class=\"more-link\">Continue reading<span class=\"screen-reader-text\"> \u00ab\u00a0Le partage d\u2019\u00e9nergie \u00e0 Bruxelles, c\u2019est parti !\u00a0\u00bb<\/span><\/a><\/p>\n","protected":false},"author":3,"featured_media":8014,"comment_status":"closed","ping_status":"closed","sticky":false,"template":"","format":"standard","meta":{"_acf_changed":false,"footnotes":""},"categories":[17],"tags":[],"section":[5],"class_list":["post-8013","post","type-post","status-publish","format-standard","has-post-thumbnail","hentry","category-actualite-en-belgique","section-communaute-denergie"],"acf":[],"yoast_head":"<!-- This site is optimized with the Yoast SEO plugin v27.5 - https:\/\/yoast.com\/product\/yoast-seo-wordpress\/ -->\n<title>Le partage d\u2019\u00e9nergie \u00e0 Bruxelles, c\u2019est parti ! - Renouvelle<\/title>\n<meta name=\"robots\" content=\"index, follow, max-snippet:-1, max-image-preview:large, max-video-preview:-1\" \/>\n<link rel=\"canonical\" href=\"https:\/\/www.renouvelle.be\/fr\/le-partage-denergie-a-bruxelles-cest-parti\/\" \/>\n<meta property=\"og:locale\" content=\"fr_FR\" \/>\n<meta property=\"og:type\" content=\"article\" \/>\n<meta property=\"og:title\" content=\"Le partage d\u2019\u00e9nergie \u00e0 Bruxelles, c\u2019est parti ! - Renouvelle\" \/>\n<meta property=\"og:description\" content=\"La hausse g\u00e9n\u00e9ralis\u00e9e des prix de l\u2019\u00e9nergie pr\u00e9occupe &#8211; \u00e0 juste titre \u2013 de nombreux m\u00e9nages et mobilise l\u2019attention politique.&nbsp; Depuis 7 mois, l\u2019inflation a gagn\u00e9 le march\u00e9 international de l\u2019\u00e9nergie, en raison de la hausse des prix du carbone et surtout des combustibles fossiles (le gaz en premier lieu). A cela s\u2019ajoute aujourd\u2019hui la guerre en Ukraine et la perspective d\u2019une r\u00e9duction ou d\u2019un boycott des hydrocarbures russes, ce qui bouleverse la g\u00e9opolitique \u00e9nerg\u00e9tique europ\u00e9enne.&nbsp; Or il&nbsp;n\u2019a jamais \u00e9t\u00e9 aussi clair que l\u2019\u00e9nergie la moins ch\u00e8re \u00e0 produire (chaleur et \u00e9lectricit\u00e9 confondue), c\u2019est l\u2019\u00e9nergie renouvelable.&nbsp; Elargir et d\u00e9mocratiser l\u2019acc\u00e8s direct aux \u00e9nergies renouvelables, via l\u2019autoproduction locale, permet de s\u2019affranchir du march\u00e9 international de l\u2019\u00e9nergie &#8211; et ses fluctuations de prix \u2013 et de ma\u00eetriser sa facture \u00e9nerg\u00e9tique moyen et \u00e0 long terme.&nbsp; Vive les Communaut\u00e9s d\u2019\u00e9nergie&nbsp;! Soutenu par deux directives europ\u00e9ennes, le principe des Communaut\u00e9s d\u2019\u00e9nergie permet pr\u00e9cis\u00e9ment de partager une production locale d\u2019\u00e9lectricit\u00e9 &#8211; par exemple une \u00e9cole \u00e9quip\u00e9e de panneaux photovolta\u00efques &#8211; avec des consommateurs \u00e0 proximit\u00e9 (m\u00e9nages, entreprises, administration, \u2026), \u00e0 un tarif avantageux.&nbsp; Des projets-pilotes existent d\u00e9j\u00e0 en Belgique, notamment \u00e0 Bruxelles, avec une dimension sociale et solidaire (lire notre article Des logements sociaux \u00e0 St-Gilles mettent leur \u00e9nergie en commun).&nbsp; Le partage d\u2019\u00e9nergie au sein d\u2019un b\u00e2timent ou au sein d\u2019une Communaut\u00e9 offre ainsi des solutions collectives&nbsp;aux nombreux Bruxellois qui ne peuvent pas produire eux-m\u00eames une \u00e9lectricit\u00e9 solaire, par manque de moyens financiers ou d\u2019acc\u00e8s \u00e0 une toiture.&nbsp; Il s\u2019agit donc d\u2019une grande avanc\u00e9e pour la d\u00e9mocratie \u00e9nerg\u00e9tique !&nbsp; Une ordonnance bruxelloise&nbsp; Le Parlement bruxellois vient pr\u00e9cis\u00e9ment d\u2019adopter un cadre l\u00e9gal.&nbsp; En effet, une ordonnance, qui entrera en vigueur d\u00e9but avril, rend possible le partage d&rsquo;\u00e9nergie entre clients actifs et la cr\u00e9ation de Communaut\u00e9s &hellip; Continue reading &quot;Le partage d\u2019\u00e9nergie \u00e0 Bruxelles, c\u2019est parti !&quot;\" \/>\n<meta property=\"og:url\" content=\"https:\/\/www.renouvelle.be\/fr\/le-partage-denergie-a-bruxelles-cest-parti\/\" \/>\n<meta property=\"og:site_name\" content=\"Renouvelle\" \/>\n<meta property=\"article:published_time\" content=\"2022-03-24T10:19:23+00:00\" \/>\n<meta property=\"article:modified_time\" content=\"2023-06-08T09:09:21+00:00\" \/>\n<meta property=\"og:image\" content=\"https:\/\/www.renouvelle.be\/wp-content\/uploads\/2022\/03\/solidarite2.jpg\" \/>\n\t<meta property=\"og:image:width\" content=\"700\" \/>\n\t<meta property=\"og:image:height\" content=\"629\" \/>\n\t<meta property=\"og:image:type\" content=\"image\/jpeg\" \/>\n<meta name=\"author\" content=\"Energie Commune\" \/>\n<meta name=\"twitter:card\" content=\"summary_large_image\" \/>\n<script type=\"application\/ld+json\" class=\"yoast-schema-graph\">{\"@context\":\"https:\\\/\\\/schema.org\",\"@graph\":[{\"@type\":\"Article\",\"@id\":\"https:\\\/\\\/www.renouvelle.be\\\/fr\\\/le-partage-denergie-a-bruxelles-cest-parti\\\/#article\",\"isPartOf\":{\"@id\":\"https:\\\/\\\/www.renouvelle.be\\\/fr\\\/le-partage-denergie-a-bruxelles-cest-parti\\\/\"},\"author\":{\"name\":\"Energie Commune\",\"@id\":\"https:\\\/\\\/www.renouvelle.be\\\/fr\\\/#\\\/schema\\\/person\\\/01fbe8226a07f8f3d4a1cd059b31f17a\"},\"headline\":\"Le partage d\u2019\u00e9nergie \u00e0 Bruxelles, c\u2019est parti !\",\"datePublished\":\"2022-03-24T10:19:23+00:00\",\"dateModified\":\"2023-06-08T09:09:21+00:00\",\"mainEntityOfPage\":{\"@id\":\"https:\\\/\\\/www.renouvelle.be\\\/fr\\\/le-partage-denergie-a-bruxelles-cest-parti\\\/\"},\"wordCount\":853,\"image\":{\"@id\":\"https:\\\/\\\/www.renouvelle.be\\\/fr\\\/le-partage-denergie-a-bruxelles-cest-parti\\\/#primaryimage\"},\"thumbnailUrl\":\"https:\\\/\\\/www.renouvelle.be\\\/wp-content\\\/uploads\\\/2022\\\/03\\\/solidarite2.jpg\",\"articleSection\":[\"Actualit\u00e9 en Belgique\"],\"inLanguage\":\"fr-FR\"},{\"@type\":\"WebPage\",\"@id\":\"https:\\\/\\\/www.renouvelle.be\\\/fr\\\/le-partage-denergie-a-bruxelles-cest-parti\\\/\",\"url\":\"https:\\\/\\\/www.renouvelle.be\\\/fr\\\/le-partage-denergie-a-bruxelles-cest-parti\\\/\",\"name\":\"Le partage d\u2019\u00e9nergie \u00e0 Bruxelles, c\u2019est parti ! - Renouvelle\",\"isPartOf\":{\"@id\":\"https:\\\/\\\/www.renouvelle.be\\\/fr\\\/#website\"},\"primaryImageOfPage\":{\"@id\":\"https:\\\/\\\/www.renouvelle.be\\\/fr\\\/le-partage-denergie-a-bruxelles-cest-parti\\\/#primaryimage\"},\"image\":{\"@id\":\"https:\\\/\\\/www.renouvelle.be\\\/fr\\\/le-partage-denergie-a-bruxelles-cest-parti\\\/#primaryimage\"},\"thumbnailUrl\":\"https:\\\/\\\/www.renouvelle.be\\\/wp-content\\\/uploads\\\/2022\\\/03\\\/solidarite2.jpg\",\"datePublished\":\"2022-03-24T10:19:23+00:00\",\"dateModified\":\"2023-06-08T09:09:21+00:00\",\"author\":{\"@id\":\"https:\\\/\\\/www.renouvelle.be\\\/fr\\\/#\\\/schema\\\/person\\\/01fbe8226a07f8f3d4a1cd059b31f17a\"},\"breadcrumb\":{\"@id\":\"https:\\\/\\\/www.renouvelle.be\\\/fr\\\/le-partage-denergie-a-bruxelles-cest-parti\\\/#breadcrumb\"},\"inLanguage\":\"fr-FR\",\"potentialAction\":[{\"@type\":\"ReadAction\",\"target\":[\"https:\\\/\\\/www.renouvelle.be\\\/fr\\\/le-partage-denergie-a-bruxelles-cest-parti\\\/\"]}]},{\"@type\":\"ImageObject\",\"inLanguage\":\"fr-FR\",\"@id\":\"https:\\\/\\\/www.renouvelle.be\\\/fr\\\/le-partage-denergie-a-bruxelles-cest-parti\\\/#primaryimage\",\"url\":\"https:\\\/\\\/www.renouvelle.be\\\/wp-content\\\/uploads\\\/2022\\\/03\\\/solidarite2.jpg\",\"contentUrl\":\"https:\\\/\\\/www.renouvelle.be\\\/wp-content\\\/uploads\\\/2022\\\/03\\\/solidarite2.jpg\",\"width\":700,\"height\":629,\"caption\":\"Parents and Children Environment Green Button Background on Blue Sky. The main icon is placed on a round green shiny button in the center of the illustration. Environmental green living lifestyle icons go around the circumference of the button. Green building, man on a bicycle, trees, wind turbine, alternative energy and other environmental conservation symbols complete this illustration. The background has a blue glow effect.\"},{\"@type\":\"BreadcrumbList\",\"@id\":\"https:\\\/\\\/www.renouvelle.be\\\/fr\\\/le-partage-denergie-a-bruxelles-cest-parti\\\/#breadcrumb\",\"itemListElement\":[{\"@type\":\"ListItem\",\"position\":1,\"name\":\"Accueil\",\"item\":\"https:\\\/\\\/www.renouvelle.be\\\/fr\\\/\"},{\"@type\":\"ListItem\",\"position\":2,\"name\":\"Le partage d\u2019\u00e9nergie \u00e0 Bruxelles, c\u2019est parti !\"}]},{\"@type\":\"WebSite\",\"@id\":\"https:\\\/\\\/www.renouvelle.be\\\/fr\\\/#website\",\"url\":\"https:\\\/\\\/www.renouvelle.be\\\/fr\\\/\",\"name\":\"Renouvelle\",\"description\":\"L&#039;actualit\u00e9 de l&#039;\u00e9nergie durable\",\"potentialAction\":[{\"@type\":\"SearchAction\",\"target\":{\"@type\":\"EntryPoint\",\"urlTemplate\":\"https:\\\/\\\/www.renouvelle.be\\\/fr\\\/?s={search_term_string}\"},\"query-input\":{\"@type\":\"PropertyValueSpecification\",\"valueRequired\":true,\"valueName\":\"search_term_string\"}}],\"inLanguage\":\"fr-FR\"},{\"@type\":\"Person\",\"@id\":\"https:\\\/\\\/www.renouvelle.be\\\/fr\\\/#\\\/schema\\\/person\\\/01fbe8226a07f8f3d4a1cd059b31f17a\",\"name\":\"Energie Commune\",\"url\":\"https:\\\/\\\/www.renouvelle.be\\\/fr\\\/author\\\/apere\\\/\"}]}<\/script>\n<!-- \/ Yoast SEO plugin. -->","yoast_head_json":{"title":"Le partage d\u2019\u00e9nergie \u00e0 Bruxelles, c\u2019est parti ! - Renouvelle","robots":{"index":"index","follow":"follow","max-snippet":"max-snippet:-1","max-image-preview":"max-image-preview:large","max-video-preview":"max-video-preview:-1"},"canonical":"https:\/\/www.renouvelle.be\/fr\/le-partage-denergie-a-bruxelles-cest-parti\/","og_locale":"fr_FR","og_type":"article","og_title":"Le partage d\u2019\u00e9nergie \u00e0 Bruxelles, c\u2019est parti ! - Renouvelle","og_description":"La hausse g\u00e9n\u00e9ralis\u00e9e des prix de l\u2019\u00e9nergie pr\u00e9occupe &#8211; \u00e0 juste titre \u2013 de nombreux m\u00e9nages et mobilise l\u2019attention politique.&nbsp; Depuis 7 mois, l\u2019inflation a gagn\u00e9 le march\u00e9 international de l\u2019\u00e9nergie, en raison de la hausse des prix du carbone et surtout des combustibles fossiles (le gaz en premier lieu). A cela s\u2019ajoute aujourd\u2019hui la guerre en Ukraine et la perspective d\u2019une r\u00e9duction ou d\u2019un boycott des hydrocarbures russes, ce qui bouleverse la g\u00e9opolitique \u00e9nerg\u00e9tique europ\u00e9enne.&nbsp; Or il&nbsp;n\u2019a jamais \u00e9t\u00e9 aussi clair que l\u2019\u00e9nergie la moins ch\u00e8re \u00e0 produire (chaleur et \u00e9lectricit\u00e9 confondue), c\u2019est l\u2019\u00e9nergie renouvelable.&nbsp; Elargir et d\u00e9mocratiser l\u2019acc\u00e8s direct aux \u00e9nergies renouvelables, via l\u2019autoproduction locale, permet de s\u2019affranchir du march\u00e9 international de l\u2019\u00e9nergie &#8211; et ses fluctuations de prix \u2013 et de ma\u00eetriser sa facture \u00e9nerg\u00e9tique moyen et \u00e0 long terme.&nbsp; Vive les Communaut\u00e9s d\u2019\u00e9nergie&nbsp;! Soutenu par deux directives europ\u00e9ennes, le principe des Communaut\u00e9s d\u2019\u00e9nergie permet pr\u00e9cis\u00e9ment de partager une production locale d\u2019\u00e9lectricit\u00e9 &#8211; par exemple une \u00e9cole \u00e9quip\u00e9e de panneaux photovolta\u00efques &#8211; avec des consommateurs \u00e0 proximit\u00e9 (m\u00e9nages, entreprises, administration, \u2026), \u00e0 un tarif avantageux.&nbsp; Des projets-pilotes existent d\u00e9j\u00e0 en Belgique, notamment \u00e0 Bruxelles, avec une dimension sociale et solidaire (lire notre article Des logements sociaux \u00e0 St-Gilles mettent leur \u00e9nergie en commun).&nbsp; Le partage d\u2019\u00e9nergie au sein d\u2019un b\u00e2timent ou au sein d\u2019une Communaut\u00e9 offre ainsi des solutions collectives&nbsp;aux nombreux Bruxellois qui ne peuvent pas produire eux-m\u00eames une \u00e9lectricit\u00e9 solaire, par manque de moyens financiers ou d\u2019acc\u00e8s \u00e0 une toiture.&nbsp; Il s\u2019agit donc d\u2019une grande avanc\u00e9e pour la d\u00e9mocratie \u00e9nerg\u00e9tique !&nbsp; Une ordonnance bruxelloise&nbsp; Le Parlement bruxellois vient pr\u00e9cis\u00e9ment d\u2019adopter un cadre l\u00e9gal.&nbsp; En effet, une ordonnance, qui entrera en vigueur d\u00e9but avril, rend possible le partage d&rsquo;\u00e9nergie entre clients actifs et la cr\u00e9ation de Communaut\u00e9s &hellip; Continue reading \"Le partage d\u2019\u00e9nergie \u00e0 Bruxelles, c\u2019est parti !\"","og_url":"https:\/\/www.renouvelle.be\/fr\/le-partage-denergie-a-bruxelles-cest-parti\/","og_site_name":"Renouvelle","article_published_time":"2022-03-24T10:19:23+00:00","article_modified_time":"2023-06-08T09:09:21+00:00","og_image":[{"width":700,"height":629,"url":"https:\/\/www.renouvelle.be\/wp-content\/uploads\/2022\/03\/solidarite2.jpg","type":"image\/jpeg"}],"author":"Energie Commune","twitter_card":"summary_large_image","schema":{"@context":"https:\/\/schema.org","@graph":[{"@type":"Article","@id":"https:\/\/www.renouvelle.be\/fr\/le-partage-denergie-a-bruxelles-cest-parti\/#article","isPartOf":{"@id":"https:\/\/www.renouvelle.be\/fr\/le-partage-denergie-a-bruxelles-cest-parti\/"},"author":{"name":"Energie Commune","@id":"https:\/\/www.renouvelle.be\/fr\/#\/schema\/person\/01fbe8226a07f8f3d4a1cd059b31f17a"},"headline":"Le partage d\u2019\u00e9nergie \u00e0 Bruxelles, c\u2019est parti !","datePublished":"2022-03-24T10:19:23+00:00","dateModified":"2023-06-08T09:09:21+00:00","mainEntityOfPage":{"@id":"https:\/\/www.renouvelle.be\/fr\/le-partage-denergie-a-bruxelles-cest-parti\/"},"wordCount":853,"image":{"@id":"https:\/\/www.renouvelle.be\/fr\/le-partage-denergie-a-bruxelles-cest-parti\/#primaryimage"},"thumbnailUrl":"https:\/\/www.renouvelle.be\/wp-content\/uploads\/2022\/03\/solidarite2.jpg","articleSection":["Actualit\u00e9 en Belgique"],"inLanguage":"fr-FR"},{"@type":"WebPage","@id":"https:\/\/www.renouvelle.be\/fr\/le-partage-denergie-a-bruxelles-cest-parti\/","url":"https:\/\/www.renouvelle.be\/fr\/le-partage-denergie-a-bruxelles-cest-parti\/","name":"Le partage d\u2019\u00e9nergie \u00e0 Bruxelles, c\u2019est parti ! - Renouvelle","isPartOf":{"@id":"https:\/\/www.renouvelle.be\/fr\/#website"},"primaryImageOfPage":{"@id":"https:\/\/www.renouvelle.be\/fr\/le-partage-denergie-a-bruxelles-cest-parti\/#primaryimage"},"image":{"@id":"https:\/\/www.renouvelle.be\/fr\/le-partage-denergie-a-bruxelles-cest-parti\/#primaryimage"},"thumbnailUrl":"https:\/\/www.renouvelle.be\/wp-content\/uploads\/2022\/03\/solidarite2.jpg","datePublished":"2022-03-24T10:19:23+00:00","dateModified":"2023-06-08T09:09:21+00:00","author":{"@id":"https:\/\/www.renouvelle.be\/fr\/#\/schema\/person\/01fbe8226a07f8f3d4a1cd059b31f17a"},"breadcrumb":{"@id":"https:\/\/www.renouvelle.be\/fr\/le-partage-denergie-a-bruxelles-cest-parti\/#breadcrumb"},"inLanguage":"fr-FR","potentialAction":[{"@type":"ReadAction","target":["https:\/\/www.renouvelle.be\/fr\/le-partage-denergie-a-bruxelles-cest-parti\/"]}]},{"@type":"ImageObject","inLanguage":"fr-FR","@id":"https:\/\/www.renouvelle.be\/fr\/le-partage-denergie-a-bruxelles-cest-parti\/#primaryimage","url":"https:\/\/www.renouvelle.be\/wp-content\/uploads\/2022\/03\/solidarite2.jpg","contentUrl":"https:\/\/www.renouvelle.be\/wp-content\/uploads\/2022\/03\/solidarite2.jpg","width":700,"height":629,"caption":"Parents and Children Environment Green Button Background on Blue Sky. The main icon is placed on a round green shiny button in the center of the illustration. Environmental green living lifestyle icons go around the circumference of the button. Green building, man on a bicycle, trees, wind turbine, alternative energy and other environmental conservation symbols complete this illustration. The background has a blue glow effect."},{"@type":"BreadcrumbList","@id":"https:\/\/www.renouvelle.be\/fr\/le-partage-denergie-a-bruxelles-cest-parti\/#breadcrumb","itemListElement":[{"@type":"ListItem","position":1,"name":"Accueil","item":"https:\/\/www.renouvelle.be\/fr\/"},{"@type":"ListItem","position":2,"name":"Le partage d\u2019\u00e9nergie \u00e0 Bruxelles, c\u2019est parti !"}]},{"@type":"WebSite","@id":"https:\/\/www.renouvelle.be\/fr\/#website","url":"https:\/\/www.renouvelle.be\/fr\/","name":"Renouvelle","description":"L&#039;actualit\u00e9 de l&#039;\u00e9nergie durable","potentialAction":[{"@type":"SearchAction","target":{"@type":"EntryPoint","urlTemplate":"https:\/\/www.renouvelle.be\/fr\/?s={search_term_string}"},"query-input":{"@type":"PropertyValueSpecification","valueRequired":true,"valueName":"search_term_string"}}],"inLanguage":"fr-FR"},{"@type":"Person","@id":"https:\/\/www.renouvelle.be\/fr\/#\/schema\/person\/01fbe8226a07f8f3d4a1cd059b31f17a","name":"Energie Commune","url":"https:\/\/www.renouvelle.be\/fr\/author\/apere\/"}]}},"_links":{"self":[{"href":"https:\/\/www.renouvelle.be\/fr\/wp-json\/wp\/v2\/posts\/8013","targetHints":{"allow":["GET"]}}],"collection":[{"href":"https:\/\/www.renouvelle.be\/fr\/wp-json\/wp\/v2\/posts"}],"about":[{"href":"https:\/\/www.renouvelle.be\/fr\/wp-json\/wp\/v2\/types\/post"}],"author":[{"embeddable":true,"href":"https:\/\/www.renouvelle.be\/fr\/wp-json\/wp\/v2\/users\/3"}],"replies":[{"embeddable":true,"href":"https:\/\/www.renouvelle.be\/fr\/wp-json\/wp\/v2\/comments?post=8013"}],"version-history":[{"count":6,"href":"https:\/\/www.renouvelle.be\/fr\/wp-json\/wp\/v2\/posts\/8013\/revisions"}],"predecessor-version":[{"id":9507,"href":"https:\/\/www.renouvelle.be\/fr\/wp-json\/wp\/v2\/posts\/8013\/revisions\/9507"}],"wp:featuredmedia":[{"embeddable":true,"href":"https:\/\/www.renouvelle.be\/fr\/wp-json\/wp\/v2\/media\/8014"}],"wp:attachment":[{"href":"https:\/\/www.renouvelle.be\/fr\/wp-json\/wp\/v2\/media?parent=8013"}],"wp:term":[{"taxonomy":"category","embeddable":true,"href":"https:\/\/www.renouvelle.be\/fr\/wp-json\/wp\/v2\/categories?post=8013"},{"taxonomy":"post_tag","embeddable":true,"href":"https:\/\/www.renouvelle.be\/fr\/wp-json\/wp\/v2\/tags?post=8013"},{"taxonomy":"section","embeddable":true,"href":"https:\/\/www.renouvelle.be\/fr\/wp-json\/wp\/v2\/section?post=8013"}],"curies":[{"name":"wp","href":"https:\/\/api.w.org\/{rel}","templated":true}]}}