{"id":7886,"date":"2022-02-24T12:53:09","date_gmt":"2022-02-24T11:53:09","guid":{"rendered":"https:\/\/www.renouvelle.be\/?p=7886"},"modified":"2023-07-11T00:19:18","modified_gmt":"2023-07-10T22:19:18","slug":"des-logements-sociaux-a-st-gilles-mettent-leur-energie-en-commun","status":"publish","type":"post","link":"https:\/\/www.renouvelle.be\/fr\/des-logements-sociaux-a-st-gilles-mettent-leur-energie-en-commun\/","title":{"rendered":"Des logements sociaux \u00e0 St-Gilles mettent leur \u00e9nergie en commun"},"content":{"rendered":"\n<p><br>Le nouveau projet-pilote \u00ab SunSud \u00bb a re\u00e7u le feu vert de Brugel &#8211; le r\u00e9gulateur bruxellois de l&rsquo;\u00e9nergie &#8211;  pour d\u00e9marrer le partage d\u2019\u00e9nergie. Les locataires du b\u00e2timent de logements sociaux situ\u00e9 rue Vlogaert \u00e0 Saint-Gilles pourront maintenant b\u00e9n\u00e9ficier d\u2019une \u00e9lectricit\u00e9 renouvelable, locale et moins ch\u00e8re provenant de l\u2019installation photovolta\u00efque pos\u00e9e sur le toit du b\u00e2timent.<\/p>\n\n\n\n<p>Ce projet a \u00e9t\u00e9 mis en place par un comit\u00e9 d\u2019habitant.e.s, encadr\u00e9 par les associations \u00c9nergie Commune (anciennement APERe), City Mine(d) et la SISP Foyer du Sud.<\/p>\n\n\n\n<h2 class=\"wp-block-heading\"><br>Le renouvelable accessible \u00e0 tous<\/h2>\n\n\n\n<p><br>Le b\u00e2timent dispose d\u2019une installation photovolta\u00efque sur son toit (photo ci-dessous). Jusqu\u2019\u00e0 pr\u00e9sent, seules les pi\u00e8ces communes pouvaient b\u00e9n\u00e9ficier de cette \u00e9lectricit\u00e9, mais gr\u00e2ce au lancement de ce projet-pilote, tous les locataires du b\u00e2timent qui le souhaitent peuvent consommer l\u2019exc\u00e9dent de l\u2019\u00e9nergie produite \u00e0 un tarif avantageux.<\/p>\n\n\n\n<p>SunSud a \u00e9t\u00e9 construit sur base de rencontres avec les locataires pour discuter comment l\u2019installation de panneaux solaires pouvait les concerner. Quelques citations d\u2019habitant.e.s l\u2019illustrent :<br><em>\u00ab J\u2019avais toujours pens\u00e9 que ce n\u2019\u00e9tait pas pour moi, l\u2019\u00e9nergie verte \u00bb<br>\u00ab L\u2019\u00e9nergie verte, c\u2019est l\u2019avenir, pour nos (petits-)enfants \u00bb<br>\u00ab \u00c7a m\u2019int\u00e9resse, mais je ne comprends pas tout ! \u00bb<\/em><\/p>\n\n\n\n<p>Des ateliers d\u2019information ont permis aux habitant.e.s de s\u2019approprier les questions li\u00e9es \u00e0 l\u2019\u00e9nergie renouvelable et de saisir les implications pour leur comportement, permettant de valoriser la production de l\u2019\u00e9nergie g\u00e9n\u00e9r\u00e9e sur leur toit.<\/p>\n\n\n\n<p>Muni de ces nouvelles connaissances, ce groupe d\u2019habitant.e.s a pu d\u00e9finir les modalit\u00e9s du partage (priorit\u00e9 aux communs, puis aux appartements des participant.e.s).<\/p>\n\n\n\n<p>Sofie Van Bruystegem de l\u2019association City Mine(d) explique :<br><em>\u00ab Au-del\u00e0 de ce que l\u2019on pourrait penser dans un contexte de fragilit\u00e9 sociale, l\u2019\u00e9nergie renouvelable interpelle et suscite de l\u2019int\u00e9r\u00eat. Ce genre d\u2019initiative, o\u00f9 les citoyen.ne.s concern\u00e9.e.s sont au c\u0153ur du projet, concr\u00e9tise le d\u00e9bat climatique et donne une place aux aspirations et besoins de personnes trop peu pris en compte. Motiv\u00e9.e.s par l\u2019envie de participer \u00e0 la cr\u00e9ation d\u2019un projet pionnier et d\u2019apprendre de mani\u00e8re collective, les participant.e.s se sentent valoris\u00e9.e.s par le fait de devenir des act.rice.eurs de la transition \u00e9nerg\u00e9tique. Esp\u00e9rons que le projet SunSud se dresse en figure de proue du mouvement et que les projets de communaut\u00e9s d\u2019\u00e9nergie inclusives se multiplient. \u00bb<\/em><\/p>\n\n\n\n<figure class=\"wp-block-image size-full\"><img loading=\"lazy\" decoding=\"async\" width=\"600\" height=\"389\" src=\"https:\/\/www.renouvelle.be\/wp-content\/uploads\/2022\/02\/panneaux_2_vues.webp\" alt=\"\" class=\"wp-image-7889\"\/><\/figure>\n\n\n\n<p><br>Le projet est n\u00e9 \u00e0 l\u2019initiative de l\u2019Echevin de l\u2019Energie de la Commune de Saint-Gilles, Jos Raymenants et est le fruit de la collaboration entre Foyer du Sud, Energie Commune et City Mine(d), avec le soutien de Bruxelles-Environnement.<br><br><em>\u00ab La Communaut\u00e9 d&rsquo;\u00e9nergie a \u00e9t\u00e9 le premier projet que j&rsquo;ai soutenu en tant qu&rsquo;\u00e9chevin de l&rsquo;\u00e9nergie \u00bb<\/em>, explique Jos Raymenants.<\/p>\n\n\n\n<p><em>\u00ab Je suis donc tr\u00e8s heureux que nous lancions ce projet pilote aujourd&rsquo;hui. Les locataires de la soci\u00e9t\u00e9 de logements sociaux peuvent partager entre eux l&rsquo;\u00e9lectricit\u00e9 verte autoproduite \u00e0 un tarif plus avantageux que celui du march\u00e9. Une communaut\u00e9 \u00e9nerg\u00e9tique est donc \u00e9cologique et sociale. En tant qu\u2019administration communale, nous le soutenons \u00e0 100%. Nous encourageons activement les citoyens et les associations \u00e0 jouer un r\u00f4le dans la transition vers une ville verte et durable. De plus, ce projet contribue \u00e0 la r\u00e9alisation de notre plan climat. Je tiens \u00e9galement \u00e0 remercier tous les partenaires pour leur engagement. Apr\u00e8s tout, ce sont eux qui ont fait de ce projet une r\u00e9alit\u00e9 sur le terrain. \u00bb<\/em><br><\/p>\n\n\n\n<p>Mathieu Bourgeois, charg\u00e9 de projets chez Energie Commune, insiste : <em>\u00ab Ce projet permet une transition \u00e9nerg\u00e9tique plus inclusive car il donne l\u2019opportunit\u00e9 \u00e0 des personnes qui ont habituellement peu acc\u00e8s aux \u00e9nergies renouvelables de consommer une \u00e9lectricit\u00e9 100% verte, moins ch\u00e8re et dont le prix est stable dans le temps. Ce qui, dans le contexte actuel de hausse g\u00e9n\u00e9ralis\u00e9e des prix de l\u2019\u00e9nergie, est particuli\u00e8rement avantageux. Ce type de projets permet ainsi de concilier les pr\u00e9occupations environnementales et sociales, souvent per\u00e7ues comme incompatibles et constitue une r\u00e9ponse concr\u00e8te et structurelle face \u00e0 la hausse actuelle des prix de l\u2019\u00e9nergie. Il illustre par ailleurs les nouvelles opportunit\u00e9s d\u2019acc\u00e8s \u00e0 la production et la consommation d\u2019\u00e9nergie renouvelable qu\u2019offre le partage d\u2019\u00e9nergie aux citoyens, y compris ceux \u00e0 faibles revenus. Gr\u00e2ce \u00e0 la dimension collective du partage d\u2019\u00e9nergie, il ne faut plus \u00eatre forc\u00e9ment propri\u00e9taire de sa toiture et\/ou investir soi-m\u00eame dans une installation solaire pour pouvoir consommer de l\u2019\u00e9lectricit\u00e9 renouvelable produite localement \u00bb.<\/em><\/p>\n\n\n\n<h2 class=\"wp-block-heading\"><br>Moins cher que le tarif social<\/h2>\n\n\n\n<p><br>L\u2019\u00e9lectricit\u00e9 solaire sera vendue aux participant.e.s par la soci\u00e9t\u00e9 de logements &#8211; propri\u00e9taire du b\u00e2timent et de l\u2019installation de 40 kWc &#8211; \u00e0 un peu moins de 10 c\u20ac\/kWh soit \u00e0 environ 2\/3 du tarif social pour l\u2019\u00e9lectricit\u00e9.<\/p>\n\n\n\n<p>Offrir un tel tarif est possible gr\u00e2ce aux faibles co\u00fbts de production, pratiquement couverts par les certificats verts, mais aussi gr\u00e2ce au fait que le Foyer du Sud, contrairement \u00e0 un fournisseur, ne souhaite pas g\u00e9n\u00e9rer de profits financiers sur la vente de cette \u00e9lectricit\u00e9. En outre, si un b\u00e9n\u00e9fice est tout de m\u00eame g\u00e9n\u00e9r\u00e9 par la vente d\u2019\u00e9lectricit\u00e9, il sera vers\u00e9\u202f\u00e0 un fond commun dont l\u2019affection sera d\u00e9cid\u00e9e par les participant.e.s eux-m\u00eames, en vue par exemple, de financer des travaux de r\u00e9novation \u00e9nerg\u00e9tique dans le b\u00e2timent.<\/p>\n\n\n\n<p><br>Pierre Genot, Directeur-G\u00e9rant de la SISP t\u00e9moigne : <em>\u00ab Le projet SunSud fait partie int\u00e9grante de la politique du Foyer du Sud en faveur de la transition \u00e9nerg\u00e9tique et de la lutte contre le r\u00e9chauffement climatique. Il permet aux locataires sociaux de participer activement aux processus d\u2019\u00e9laboration et de prise de d\u00e9cision. La participation citoyenne li\u00e9e \u00e0 l\u2019impl\u00e9mentation de ce projet est \u00e9galement un facteur de coh\u00e9sion sociale qui nous incite \u00e0 d\u00e9velopper des projets similaires sur d\u2019autres sites de notre patrimoine. \u00bb<\/em><\/p>\n\n\n\n<h2 class=\"wp-block-heading\"><br>Un projet amen\u00e9 \u00e0 se multiplier<\/h2>\n\n\n\n<p><br>Vu les avantages \u00e9vidents d\u2019un tel projet et le nombre d\u2019immeubles de logements sociaux, mais aussi de copropri\u00e9t\u00e9s \u00e0 Bruxelles, le potentiel de d\u00e9veloppement de ce type de partage au sein d\u2019un b\u00e2timent ailleurs \u00e0 Bruxelles est particuli\u00e8rement important.<br><br>Pour Alain Maron, Ministre bruxellois de l\u2019Energie, de l\u2019Environnement et de la Transition climatique : <em>\u00ab Ce feu vert de Brugel pour d\u00e9marrer le partage d&rsquo;\u00e9nergie \u00e0 SunSud, c\u2019est l&rsquo;aboutissement d&rsquo;un travail remarquable men\u00e9 par les diff\u00e9rentes \u00e9quipes. Je les en remercie et je me r\u00e9jouis de voir ce projet innovant se concr\u00e9tiser pour offrir une \u00e9nergie verte et moins ch\u00e8re aux r\u00e9sidents de ces logements sociaux. Ce projet refl\u00e8te clairement ma volont\u00e9 d\u2019allier transition \u00e9nerg\u00e9tique et justice sociale. Ainsi, la r\u00e9forme des march\u00e9s de l\u2019\u00e9nergie que je suis en train de finaliser offrira notamment un cadre l\u00e9gal facilitant le partage d\u2019\u00e9nergie. J\u2019esp\u00e8re que SunSud inspirera d\u2019autres Bruxellois.es et que de nombreuses communaut\u00e9s d\u2019\u00e9nergie verront prochainement le jour \u00e0 Bruxelles ! \u00bb<\/em><br><\/p>\n","protected":false},"excerpt":{"rendered":"<p>Le nouveau projet-pilote \u00ab SunSud \u00bb a re\u00e7u le feu vert de Brugel &#8211; le r\u00e9gulateur bruxellois de l&rsquo;\u00e9nergie &#8211; pour d\u00e9marrer le partage d\u2019\u00e9nergie. Les locataires du b\u00e2timent de logements sociaux situ\u00e9 rue Vlogaert \u00e0 Saint-Gilles pourront maintenant b\u00e9n\u00e9ficier d\u2019une \u00e9lectricit\u00e9 renouvelable, locale et moins ch\u00e8re provenant de l\u2019installation photovolta\u00efque pos\u00e9e sur le toit du b\u00e2timent. Ce projet a \u00e9t\u00e9 mis en place par un comit\u00e9 d\u2019habitant.e.s, encadr\u00e9 par les associations \u00c9nergie Commune (anciennement APERe), City Mine(d) et la SISP Foyer du Sud. Le renouvelable accessible \u00e0 tous Le b\u00e2timent dispose d\u2019une installation photovolta\u00efque sur son toit (photo ci-dessous). Jusqu\u2019\u00e0 pr\u00e9sent, seules les pi\u00e8ces communes pouvaient b\u00e9n\u00e9ficier de cette \u00e9lectricit\u00e9, mais gr\u00e2ce au lancement de ce projet-pilote, tous les locataires du b\u00e2timent qui le souhaitent peuvent consommer l\u2019exc\u00e9dent de l\u2019\u00e9nergie produite \u00e0 un tarif avantageux. SunSud a \u00e9t\u00e9 construit sur base de rencontres avec les locataires pour discuter comment l\u2019installation de panneaux solaires pouvait les concerner. Quelques citations d\u2019habitant.e.s l\u2019illustrent :\u00ab J\u2019avais toujours pens\u00e9 que ce n\u2019\u00e9tait pas pour moi, l\u2019\u00e9nergie verte \u00bb\u00ab L\u2019\u00e9nergie verte, c\u2019est l\u2019avenir, pour nos (petits-)enfants \u00bb\u00ab \u00c7a m\u2019int\u00e9resse, mais je ne comprends pas tout ! \u00bb Des ateliers d\u2019information ont permis aux habitant.e.s de s\u2019approprier les questions li\u00e9es \u00e0 l\u2019\u00e9nergie renouvelable et de saisir les implications pour leur comportement, permettant de valoriser la production de l\u2019\u00e9nergie g\u00e9n\u00e9r\u00e9e sur leur toit. Muni de ces nouvelles connaissances, ce groupe d\u2019habitant.e.s a pu d\u00e9finir les modalit\u00e9s du partage (priorit\u00e9 aux communs, puis aux appartements des participant.e.s). Sofie Van Bruystegem de l\u2019association City Mine(d) explique :\u00ab Au-del\u00e0 de ce que l\u2019on pourrait penser dans un contexte de fragilit\u00e9 sociale, l\u2019\u00e9nergie renouvelable interpelle et suscite de l\u2019int\u00e9r\u00eat. Ce genre d\u2019initiative, o\u00f9 les citoyen.ne.s concern\u00e9.e.s sont au c\u0153ur du projet, &hellip; <a href=\"https:\/\/www.renouvelle.be\/fr\/des-logements-sociaux-a-st-gilles-mettent-leur-energie-en-commun\/\" class=\"more-link\">Continue reading<span class=\"screen-reader-text\"> \u00ab\u00a0Des logements sociaux \u00e0 St-Gilles mettent leur \u00e9nergie en commun\u00a0\u00bb<\/span><\/a><\/p>\n","protected":false},"author":3,"featured_media":7887,"comment_status":"closed","ping_status":"closed","sticky":false,"template":"","format":"standard","meta":{"_acf_changed":false,"footnotes":""},"categories":[17],"tags":[],"section":[5],"class_list":["post-7886","post","type-post","status-publish","format-standard","has-post-thumbnail","hentry","category-actualite-en-belgique","section-communaute-denergie"],"acf":[],"yoast_head":"<!-- This site is optimized with the Yoast SEO plugin v27.5 - https:\/\/yoast.com\/product\/yoast-seo-wordpress\/ -->\n<title>Des logements sociaux \u00e0 St-Gilles mettent leur \u00e9nergie en commun - Renouvelle<\/title>\n<meta name=\"robots\" content=\"index, follow, max-snippet:-1, max-image-preview:large, max-video-preview:-1\" \/>\n<link rel=\"canonical\" href=\"https:\/\/www.renouvelle.be\/fr\/des-logements-sociaux-a-st-gilles-mettent-leur-energie-en-commun\/\" \/>\n<meta property=\"og:locale\" content=\"fr_FR\" \/>\n<meta property=\"og:type\" content=\"article\" \/>\n<meta property=\"og:title\" content=\"Des logements sociaux \u00e0 St-Gilles mettent leur \u00e9nergie en commun - Renouvelle\" \/>\n<meta property=\"og:description\" content=\"Le nouveau projet-pilote \u00ab SunSud \u00bb a re\u00e7u le feu vert de Brugel &#8211; le r\u00e9gulateur bruxellois de l&rsquo;\u00e9nergie &#8211; pour d\u00e9marrer le partage d\u2019\u00e9nergie. Les locataires du b\u00e2timent de logements sociaux situ\u00e9 rue Vlogaert \u00e0 Saint-Gilles pourront maintenant b\u00e9n\u00e9ficier d\u2019une \u00e9lectricit\u00e9 renouvelable, locale et moins ch\u00e8re provenant de l\u2019installation photovolta\u00efque pos\u00e9e sur le toit du b\u00e2timent. Ce projet a \u00e9t\u00e9 mis en place par un comit\u00e9 d\u2019habitant.e.s, encadr\u00e9 par les associations \u00c9nergie Commune (anciennement APERe), City Mine(d) et la SISP Foyer du Sud. Le renouvelable accessible \u00e0 tous Le b\u00e2timent dispose d\u2019une installation photovolta\u00efque sur son toit (photo ci-dessous). Jusqu\u2019\u00e0 pr\u00e9sent, seules les pi\u00e8ces communes pouvaient b\u00e9n\u00e9ficier de cette \u00e9lectricit\u00e9, mais gr\u00e2ce au lancement de ce projet-pilote, tous les locataires du b\u00e2timent qui le souhaitent peuvent consommer l\u2019exc\u00e9dent de l\u2019\u00e9nergie produite \u00e0 un tarif avantageux. SunSud a \u00e9t\u00e9 construit sur base de rencontres avec les locataires pour discuter comment l\u2019installation de panneaux solaires pouvait les concerner. Quelques citations d\u2019habitant.e.s l\u2019illustrent :\u00ab J\u2019avais toujours pens\u00e9 que ce n\u2019\u00e9tait pas pour moi, l\u2019\u00e9nergie verte \u00bb\u00ab L\u2019\u00e9nergie verte, c\u2019est l\u2019avenir, pour nos (petits-)enfants \u00bb\u00ab \u00c7a m\u2019int\u00e9resse, mais je ne comprends pas tout ! \u00bb Des ateliers d\u2019information ont permis aux habitant.e.s de s\u2019approprier les questions li\u00e9es \u00e0 l\u2019\u00e9nergie renouvelable et de saisir les implications pour leur comportement, permettant de valoriser la production de l\u2019\u00e9nergie g\u00e9n\u00e9r\u00e9e sur leur toit. Muni de ces nouvelles connaissances, ce groupe d\u2019habitant.e.s a pu d\u00e9finir les modalit\u00e9s du partage (priorit\u00e9 aux communs, puis aux appartements des participant.e.s). Sofie Van Bruystegem de l\u2019association City Mine(d) explique :\u00ab Au-del\u00e0 de ce que l\u2019on pourrait penser dans un contexte de fragilit\u00e9 sociale, l\u2019\u00e9nergie renouvelable interpelle et suscite de l\u2019int\u00e9r\u00eat. Ce genre d\u2019initiative, o\u00f9 les citoyen.ne.s concern\u00e9.e.s sont au c\u0153ur du projet, &hellip; Continue reading &quot;Des logements sociaux \u00e0 St-Gilles mettent leur \u00e9nergie en commun&quot;\" \/>\n<meta property=\"og:url\" content=\"https:\/\/www.renouvelle.be\/fr\/des-logements-sociaux-a-st-gilles-mettent-leur-energie-en-commun\/\" \/>\n<meta property=\"og:site_name\" content=\"Renouvelle\" \/>\n<meta property=\"article:published_time\" content=\"2022-02-24T11:53:09+00:00\" \/>\n<meta property=\"article:modified_time\" content=\"2023-07-10T22:19:18+00:00\" \/>\n<meta property=\"og:image\" content=\"https:\/\/www.renouvelle.be\/wp-content\/uploads\/2022\/02\/Image1.jpg\" \/>\n\t<meta property=\"og:image:width\" content=\"605\" \/>\n\t<meta property=\"og:image:height\" content=\"428\" \/>\n\t<meta property=\"og:image:type\" content=\"image\/jpeg\" \/>\n<meta name=\"author\" content=\"Energie Commune\" \/>\n<meta name=\"twitter:card\" content=\"summary_large_image\" \/>\n<script type=\"application\/ld+json\" class=\"yoast-schema-graph\">{\"@context\":\"https:\\\/\\\/schema.org\",\"@graph\":[{\"@type\":\"Article\",\"@id\":\"https:\\\/\\\/www.renouvelle.be\\\/fr\\\/des-logements-sociaux-a-st-gilles-mettent-leur-energie-en-commun\\\/#article\",\"isPartOf\":{\"@id\":\"https:\\\/\\\/www.renouvelle.be\\\/fr\\\/des-logements-sociaux-a-st-gilles-mettent-leur-energie-en-commun\\\/\"},\"author\":{\"name\":\"Energie Commune\",\"@id\":\"https:\\\/\\\/www.renouvelle.be\\\/fr\\\/#\\\/schema\\\/person\\\/01fbe8226a07f8f3d4a1cd059b31f17a\"},\"headline\":\"Des logements sociaux \u00e0 St-Gilles mettent leur \u00e9nergie en commun\",\"datePublished\":\"2022-02-24T11:53:09+00:00\",\"dateModified\":\"2023-07-10T22:19:18+00:00\",\"mainEntityOfPage\":{\"@id\":\"https:\\\/\\\/www.renouvelle.be\\\/fr\\\/des-logements-sociaux-a-st-gilles-mettent-leur-energie-en-commun\\\/\"},\"wordCount\":1251,\"image\":{\"@id\":\"https:\\\/\\\/www.renouvelle.be\\\/fr\\\/des-logements-sociaux-a-st-gilles-mettent-leur-energie-en-commun\\\/#primaryimage\"},\"thumbnailUrl\":\"https:\\\/\\\/www.renouvelle.be\\\/wp-content\\\/uploads\\\/2022\\\/02\\\/Image1.jpg\",\"articleSection\":[\"Actualit\u00e9 en Belgique\"],\"inLanguage\":\"fr-FR\"},{\"@type\":\"WebPage\",\"@id\":\"https:\\\/\\\/www.renouvelle.be\\\/fr\\\/des-logements-sociaux-a-st-gilles-mettent-leur-energie-en-commun\\\/\",\"url\":\"https:\\\/\\\/www.renouvelle.be\\\/fr\\\/des-logements-sociaux-a-st-gilles-mettent-leur-energie-en-commun\\\/\",\"name\":\"Des logements sociaux \u00e0 St-Gilles mettent leur \u00e9nergie en commun - Renouvelle\",\"isPartOf\":{\"@id\":\"https:\\\/\\\/www.renouvelle.be\\\/fr\\\/#website\"},\"primaryImageOfPage\":{\"@id\":\"https:\\\/\\\/www.renouvelle.be\\\/fr\\\/des-logements-sociaux-a-st-gilles-mettent-leur-energie-en-commun\\\/#primaryimage\"},\"image\":{\"@id\":\"https:\\\/\\\/www.renouvelle.be\\\/fr\\\/des-logements-sociaux-a-st-gilles-mettent-leur-energie-en-commun\\\/#primaryimage\"},\"thumbnailUrl\":\"https:\\\/\\\/www.renouvelle.be\\\/wp-content\\\/uploads\\\/2022\\\/02\\\/Image1.jpg\",\"datePublished\":\"2022-02-24T11:53:09+00:00\",\"dateModified\":\"2023-07-10T22:19:18+00:00\",\"author\":{\"@id\":\"https:\\\/\\\/www.renouvelle.be\\\/fr\\\/#\\\/schema\\\/person\\\/01fbe8226a07f8f3d4a1cd059b31f17a\"},\"breadcrumb\":{\"@id\":\"https:\\\/\\\/www.renouvelle.be\\\/fr\\\/des-logements-sociaux-a-st-gilles-mettent-leur-energie-en-commun\\\/#breadcrumb\"},\"inLanguage\":\"fr-FR\",\"potentialAction\":[{\"@type\":\"ReadAction\",\"target\":[\"https:\\\/\\\/www.renouvelle.be\\\/fr\\\/des-logements-sociaux-a-st-gilles-mettent-leur-energie-en-commun\\\/\"]}]},{\"@type\":\"ImageObject\",\"inLanguage\":\"fr-FR\",\"@id\":\"https:\\\/\\\/www.renouvelle.be\\\/fr\\\/des-logements-sociaux-a-st-gilles-mettent-leur-energie-en-commun\\\/#primaryimage\",\"url\":\"https:\\\/\\\/www.renouvelle.be\\\/wp-content\\\/uploads\\\/2022\\\/02\\\/Image1.jpg\",\"contentUrl\":\"https:\\\/\\\/www.renouvelle.be\\\/wp-content\\\/uploads\\\/2022\\\/02\\\/Image1.jpg\",\"width\":605,\"height\":428},{\"@type\":\"BreadcrumbList\",\"@id\":\"https:\\\/\\\/www.renouvelle.be\\\/fr\\\/des-logements-sociaux-a-st-gilles-mettent-leur-energie-en-commun\\\/#breadcrumb\",\"itemListElement\":[{\"@type\":\"ListItem\",\"position\":1,\"name\":\"Accueil\",\"item\":\"https:\\\/\\\/www.renouvelle.be\\\/fr\\\/\"},{\"@type\":\"ListItem\",\"position\":2,\"name\":\"Des logements sociaux \u00e0 St-Gilles mettent leur \u00e9nergie en commun\"}]},{\"@type\":\"WebSite\",\"@id\":\"https:\\\/\\\/www.renouvelle.be\\\/fr\\\/#website\",\"url\":\"https:\\\/\\\/www.renouvelle.be\\\/fr\\\/\",\"name\":\"Renouvelle\",\"description\":\"L&#039;actualit\u00e9 de l&#039;\u00e9nergie durable\",\"potentialAction\":[{\"@type\":\"SearchAction\",\"target\":{\"@type\":\"EntryPoint\",\"urlTemplate\":\"https:\\\/\\\/www.renouvelle.be\\\/fr\\\/?s={search_term_string}\"},\"query-input\":{\"@type\":\"PropertyValueSpecification\",\"valueRequired\":true,\"valueName\":\"search_term_string\"}}],\"inLanguage\":\"fr-FR\"},{\"@type\":\"Person\",\"@id\":\"https:\\\/\\\/www.renouvelle.be\\\/fr\\\/#\\\/schema\\\/person\\\/01fbe8226a07f8f3d4a1cd059b31f17a\",\"name\":\"Energie Commune\",\"url\":\"https:\\\/\\\/www.renouvelle.be\\\/fr\\\/author\\\/apere\\\/\"}]}<\/script>\n<!-- \/ Yoast SEO plugin. -->","yoast_head_json":{"title":"Des logements sociaux \u00e0 St-Gilles mettent leur \u00e9nergie en commun - Renouvelle","robots":{"index":"index","follow":"follow","max-snippet":"max-snippet:-1","max-image-preview":"max-image-preview:large","max-video-preview":"max-video-preview:-1"},"canonical":"https:\/\/www.renouvelle.be\/fr\/des-logements-sociaux-a-st-gilles-mettent-leur-energie-en-commun\/","og_locale":"fr_FR","og_type":"article","og_title":"Des logements sociaux \u00e0 St-Gilles mettent leur \u00e9nergie en commun - Renouvelle","og_description":"Le nouveau projet-pilote \u00ab SunSud \u00bb a re\u00e7u le feu vert de Brugel &#8211; le r\u00e9gulateur bruxellois de l&rsquo;\u00e9nergie &#8211; pour d\u00e9marrer le partage d\u2019\u00e9nergie. Les locataires du b\u00e2timent de logements sociaux situ\u00e9 rue Vlogaert \u00e0 Saint-Gilles pourront maintenant b\u00e9n\u00e9ficier d\u2019une \u00e9lectricit\u00e9 renouvelable, locale et moins ch\u00e8re provenant de l\u2019installation photovolta\u00efque pos\u00e9e sur le toit du b\u00e2timent. Ce projet a \u00e9t\u00e9 mis en place par un comit\u00e9 d\u2019habitant.e.s, encadr\u00e9 par les associations \u00c9nergie Commune (anciennement APERe), City Mine(d) et la SISP Foyer du Sud. Le renouvelable accessible \u00e0 tous Le b\u00e2timent dispose d\u2019une installation photovolta\u00efque sur son toit (photo ci-dessous). Jusqu\u2019\u00e0 pr\u00e9sent, seules les pi\u00e8ces communes pouvaient b\u00e9n\u00e9ficier de cette \u00e9lectricit\u00e9, mais gr\u00e2ce au lancement de ce projet-pilote, tous les locataires du b\u00e2timent qui le souhaitent peuvent consommer l\u2019exc\u00e9dent de l\u2019\u00e9nergie produite \u00e0 un tarif avantageux. SunSud a \u00e9t\u00e9 construit sur base de rencontres avec les locataires pour discuter comment l\u2019installation de panneaux solaires pouvait les concerner. Quelques citations d\u2019habitant.e.s l\u2019illustrent :\u00ab J\u2019avais toujours pens\u00e9 que ce n\u2019\u00e9tait pas pour moi, l\u2019\u00e9nergie verte \u00bb\u00ab L\u2019\u00e9nergie verte, c\u2019est l\u2019avenir, pour nos (petits-)enfants \u00bb\u00ab \u00c7a m\u2019int\u00e9resse, mais je ne comprends pas tout ! \u00bb Des ateliers d\u2019information ont permis aux habitant.e.s de s\u2019approprier les questions li\u00e9es \u00e0 l\u2019\u00e9nergie renouvelable et de saisir les implications pour leur comportement, permettant de valoriser la production de l\u2019\u00e9nergie g\u00e9n\u00e9r\u00e9e sur leur toit. Muni de ces nouvelles connaissances, ce groupe d\u2019habitant.e.s a pu d\u00e9finir les modalit\u00e9s du partage (priorit\u00e9 aux communs, puis aux appartements des participant.e.s). Sofie Van Bruystegem de l\u2019association City Mine(d) explique :\u00ab Au-del\u00e0 de ce que l\u2019on pourrait penser dans un contexte de fragilit\u00e9 sociale, l\u2019\u00e9nergie renouvelable interpelle et suscite de l\u2019int\u00e9r\u00eat. Ce genre d\u2019initiative, o\u00f9 les citoyen.ne.s concern\u00e9.e.s sont au c\u0153ur du projet, &hellip; Continue reading \"Des logements sociaux \u00e0 St-Gilles mettent leur \u00e9nergie en commun\"","og_url":"https:\/\/www.renouvelle.be\/fr\/des-logements-sociaux-a-st-gilles-mettent-leur-energie-en-commun\/","og_site_name":"Renouvelle","article_published_time":"2022-02-24T11:53:09+00:00","article_modified_time":"2023-07-10T22:19:18+00:00","og_image":[{"width":605,"height":428,"url":"https:\/\/www.renouvelle.be\/wp-content\/uploads\/2022\/02\/Image1.jpg","type":"image\/jpeg"}],"author":"Energie Commune","twitter_card":"summary_large_image","schema":{"@context":"https:\/\/schema.org","@graph":[{"@type":"Article","@id":"https:\/\/www.renouvelle.be\/fr\/des-logements-sociaux-a-st-gilles-mettent-leur-energie-en-commun\/#article","isPartOf":{"@id":"https:\/\/www.renouvelle.be\/fr\/des-logements-sociaux-a-st-gilles-mettent-leur-energie-en-commun\/"},"author":{"name":"Energie Commune","@id":"https:\/\/www.renouvelle.be\/fr\/#\/schema\/person\/01fbe8226a07f8f3d4a1cd059b31f17a"},"headline":"Des logements sociaux \u00e0 St-Gilles mettent leur \u00e9nergie en commun","datePublished":"2022-02-24T11:53:09+00:00","dateModified":"2023-07-10T22:19:18+00:00","mainEntityOfPage":{"@id":"https:\/\/www.renouvelle.be\/fr\/des-logements-sociaux-a-st-gilles-mettent-leur-energie-en-commun\/"},"wordCount":1251,"image":{"@id":"https:\/\/www.renouvelle.be\/fr\/des-logements-sociaux-a-st-gilles-mettent-leur-energie-en-commun\/#primaryimage"},"thumbnailUrl":"https:\/\/www.renouvelle.be\/wp-content\/uploads\/2022\/02\/Image1.jpg","articleSection":["Actualit\u00e9 en Belgique"],"inLanguage":"fr-FR"},{"@type":"WebPage","@id":"https:\/\/www.renouvelle.be\/fr\/des-logements-sociaux-a-st-gilles-mettent-leur-energie-en-commun\/","url":"https:\/\/www.renouvelle.be\/fr\/des-logements-sociaux-a-st-gilles-mettent-leur-energie-en-commun\/","name":"Des logements sociaux \u00e0 St-Gilles mettent leur \u00e9nergie en commun - Renouvelle","isPartOf":{"@id":"https:\/\/www.renouvelle.be\/fr\/#website"},"primaryImageOfPage":{"@id":"https:\/\/www.renouvelle.be\/fr\/des-logements-sociaux-a-st-gilles-mettent-leur-energie-en-commun\/#primaryimage"},"image":{"@id":"https:\/\/www.renouvelle.be\/fr\/des-logements-sociaux-a-st-gilles-mettent-leur-energie-en-commun\/#primaryimage"},"thumbnailUrl":"https:\/\/www.renouvelle.be\/wp-content\/uploads\/2022\/02\/Image1.jpg","datePublished":"2022-02-24T11:53:09+00:00","dateModified":"2023-07-10T22:19:18+00:00","author":{"@id":"https:\/\/www.renouvelle.be\/fr\/#\/schema\/person\/01fbe8226a07f8f3d4a1cd059b31f17a"},"breadcrumb":{"@id":"https:\/\/www.renouvelle.be\/fr\/des-logements-sociaux-a-st-gilles-mettent-leur-energie-en-commun\/#breadcrumb"},"inLanguage":"fr-FR","potentialAction":[{"@type":"ReadAction","target":["https:\/\/www.renouvelle.be\/fr\/des-logements-sociaux-a-st-gilles-mettent-leur-energie-en-commun\/"]}]},{"@type":"ImageObject","inLanguage":"fr-FR","@id":"https:\/\/www.renouvelle.be\/fr\/des-logements-sociaux-a-st-gilles-mettent-leur-energie-en-commun\/#primaryimage","url":"https:\/\/www.renouvelle.be\/wp-content\/uploads\/2022\/02\/Image1.jpg","contentUrl":"https:\/\/www.renouvelle.be\/wp-content\/uploads\/2022\/02\/Image1.jpg","width":605,"height":428},{"@type":"BreadcrumbList","@id":"https:\/\/www.renouvelle.be\/fr\/des-logements-sociaux-a-st-gilles-mettent-leur-energie-en-commun\/#breadcrumb","itemListElement":[{"@type":"ListItem","position":1,"name":"Accueil","item":"https:\/\/www.renouvelle.be\/fr\/"},{"@type":"ListItem","position":2,"name":"Des logements sociaux \u00e0 St-Gilles mettent leur \u00e9nergie en commun"}]},{"@type":"WebSite","@id":"https:\/\/www.renouvelle.be\/fr\/#website","url":"https:\/\/www.renouvelle.be\/fr\/","name":"Renouvelle","description":"L&#039;actualit\u00e9 de l&#039;\u00e9nergie durable","potentialAction":[{"@type":"SearchAction","target":{"@type":"EntryPoint","urlTemplate":"https:\/\/www.renouvelle.be\/fr\/?s={search_term_string}"},"query-input":{"@type":"PropertyValueSpecification","valueRequired":true,"valueName":"search_term_string"}}],"inLanguage":"fr-FR"},{"@type":"Person","@id":"https:\/\/www.renouvelle.be\/fr\/#\/schema\/person\/01fbe8226a07f8f3d4a1cd059b31f17a","name":"Energie Commune","url":"https:\/\/www.renouvelle.be\/fr\/author\/apere\/"}]}},"_links":{"self":[{"href":"https:\/\/www.renouvelle.be\/fr\/wp-json\/wp\/v2\/posts\/7886","targetHints":{"allow":["GET"]}}],"collection":[{"href":"https:\/\/www.renouvelle.be\/fr\/wp-json\/wp\/v2\/posts"}],"about":[{"href":"https:\/\/www.renouvelle.be\/fr\/wp-json\/wp\/v2\/types\/post"}],"author":[{"embeddable":true,"href":"https:\/\/www.renouvelle.be\/fr\/wp-json\/wp\/v2\/users\/3"}],"replies":[{"embeddable":true,"href":"https:\/\/www.renouvelle.be\/fr\/wp-json\/wp\/v2\/comments?post=7886"}],"version-history":[{"count":5,"href":"https:\/\/www.renouvelle.be\/fr\/wp-json\/wp\/v2\/posts\/7886\/revisions"}],"predecessor-version":[{"id":10197,"href":"https:\/\/www.renouvelle.be\/fr\/wp-json\/wp\/v2\/posts\/7886\/revisions\/10197"}],"wp:featuredmedia":[{"embeddable":true,"href":"https:\/\/www.renouvelle.be\/fr\/wp-json\/wp\/v2\/media\/7887"}],"wp:attachment":[{"href":"https:\/\/www.renouvelle.be\/fr\/wp-json\/wp\/v2\/media?parent=7886"}],"wp:term":[{"taxonomy":"category","embeddable":true,"href":"https:\/\/www.renouvelle.be\/fr\/wp-json\/wp\/v2\/categories?post=7886"},{"taxonomy":"post_tag","embeddable":true,"href":"https:\/\/www.renouvelle.be\/fr\/wp-json\/wp\/v2\/tags?post=7886"},{"taxonomy":"section","embeddable":true,"href":"https:\/\/www.renouvelle.be\/fr\/wp-json\/wp\/v2\/section?post=7886"}],"curies":[{"name":"wp","href":"https:\/\/api.w.org\/{rel}","templated":true}]}}