{"id":7833,"date":"2022-02-18T15:20:27","date_gmt":"2022-02-18T14:20:27","guid":{"rendered":"https:\/\/www.renouvelle.be\/?p=7833"},"modified":"2023-07-11T00:19:47","modified_gmt":"2023-07-10T22:19:47","slug":"le-parc-de-batteries-de-stockage-estore-lux-est-desormais-operationnel","status":"publish","type":"post","link":"https:\/\/www.renouvelle.be\/fr\/le-parc-de-batteries-de-stockage-estore-lux-est-desormais-operationnel\/","title":{"rendered":"Stockage : Le parc de batteries EStore-Lux est d\u00e9sormais op\u00e9rationnel"},"content":{"rendered":"\n<p>Les capacit\u00e9s de flexibilit\u00e9 sont des \u00e9l\u00e9ments-clef de la transition \u00e9nerg\u00e9tique car elles permettent de stocker les surplus d\u2019\u00e9lectricit\u00e9 renouvelable quand le&nbsp;soleil brille ou le vent souffle,&nbsp;et de les restituer sur le r\u00e9seau quand la m\u00e9t\u00e9o est moins favorable.&nbsp;<\/p>\n\n\n\n<p>Actuellement, ce sont principalement les centrales \u00e0&nbsp;gaz qui assurent une flexibilit\u00e9 quand il y a un pic de consommation sur le r\u00e9seau.&nbsp;<\/p>\n\n\n\n<p>A terme, il s\u2019agira donc de remplacer ces centrales \u00e0&nbsp;gaz par des capacit\u00e9s de flexibilit\u00e9 de sources renouvelables.&nbsp;<\/p>\n\n\n\n<p>En Belgique, le premier parc de batteries raccord\u00e9 au r\u00e9seau haute tension vient de r\u00e9ussir son d\u00e9marrage.&nbsp;<\/p>\n\n\n\n<p>Baptis\u00e9 EStor-Lux et op\u00e9rationnel depuis le 9 d\u00e9cembre 2021, ce parc de batteries a fourni pr\u00e8s de 16 000 MWh de capacit\u00e9 de r\u00e9glage \u00e0 Elia, gestionnaire du r\u00e9seau belge de transport d\u2019\u00e9lectricit\u00e9 haute tension.&nbsp;<\/p>\n\n\n\n<p>Avec une puissance install\u00e9e de 10 MW et une capacit\u00e9 de stockage de 20 MWh, le parc de 480 modules batteries lithium-ion, install\u00e9 sur le site d\u2019un data center&nbsp;\u00e0 Bastogne, est le plus important site de batteries en activit\u00e9 du Benelux en termes de capacit\u00e9 de stockage. Il constitue en outre un des premiers parcs de batteries en Europe offrant une capacit\u00e9 de restitution \u00e9lectrique de longue dur\u00e9e : de l\u2019ordre de 120 minutes soit 2 \u00e0 4 fois plus que les syst\u00e8mes existants.&nbsp;<\/p>\n\n\n\n<p>Cet avantage est d\u00e9terminant dans la mesure o\u00f9 il permet des activations beaucoup plus fr\u00e9quentes et plus longues afin d\u2019assurer l\u2019\u00e9quilibrage du r\u00e9seau avant que les d\u00e9viations de fr\u00e9quence ne se produisent, et non pour compenser ces derni\u00e8res apr\u00e8s leur apparition, ce \u00e0 quoi se limitent la plupart des&nbsp;batteries actuelles.&nbsp;<\/p>\n\n\n\n<p>En 2 mois de fonctionnement, Centrica Business Solutions, qui est en charge de la valorisation d\u2019EStor-Lux sur les march\u00e9s de l\u2019\u00e9lectricit\u00e9, a particip\u00e9 avec succ\u00e8s \u00e0 la plupart des ench\u00e8res de capacit\u00e9 de r\u00e9glage secondaire du r\u00e9seau organis\u00e9es quotidiennement par Elia. Le parc de batteries de Bastogne a ainsi mis \u00e0 disposition d\u2019Elia une capacit\u00e9 de r\u00e9glage moyenne (en injection ou en pr\u00e9l\u00e8vement) de 10,2 MW qui, int\u00e9gr\u00e9e \u00e0 d\u2019autres sources de capacit\u00e9 flexible, ont permis de contribuer \u00e0 la stabilit\u00e9 du r\u00e9seau \u00e9lectrique belge.&nbsp;<\/p>\n\n\n\n<figure class=\"wp-block-image size-full\"><img loading=\"lazy\" decoding=\"async\" width=\"700\" height=\"487\" src=\"https:\/\/www.renouvelle.be\/wp-content\/uploads\/2022\/02\/image-12.jpeg\" alt=\"\" class=\"wp-image-7836\" srcset=\"https:\/\/www.renouvelle.be\/wp-content\/uploads\/2022\/02\/image-12.jpeg 700w, https:\/\/www.renouvelle.be\/wp-content\/uploads\/2022\/02\/image-12-300x209.jpeg 300w\" sizes=\"auto, (max-width: 700px) 100vw, 700px\" \/><\/figure>\n\n\n\n<h2 class=\"wp-block-heading\" id=\"un-outil-precieux-de-la-transition-energetique\"><strong>Un outil pr\u00e9cieux de la transition \u00e9nerg\u00e9tique<\/strong>&nbsp;<\/h2>\n\n\n\n<p>Le d\u00e9veloppement des \u00e9nergies renouvelables, fluctuantes et non-parfaitement pr\u00e9visibles, entra\u00eene un accroissement important des besoins de flexibilit\u00e9. Une partie de celle-ci doit pouvoir \u00eatre tr\u00e8s rapidement activ\u00e9e (dans l\u2019heure, la minute, voire les 30 secondes) pour compenser les erreurs de pr\u00e9diction et les arr\u00eats non planifi\u00e9s de centrales de production.&nbsp;<\/p>\n\n\n\n<p>Les centrales de production au gaz fournissent actuellement l\u2019essentiel de ces sources de flexibilit\u00e9 rapide. De par leurs processus de mise en marche, d\u2019arr\u00eat ou de maintien de charge, cette flexibilit\u00e9 conventionnelle est de plus en plus co\u00fbteuse, tant \u00e9conomiquement que sur le plan environnemental. Les projets de stockage \u00e9lectrique par batteries ont l\u2019avantage d\u2019\u00eatre plus r\u00e9actifs (activation imm\u00e9diate), de ne pas avoir de seuil de charge minimal pour fournir de la capacit\u00e9 de r\u00e9glage et de ne pas \u00e9mettre de CO<sub>2<\/sub>. &nbsp;<\/p>\n\n\n\n<h2 class=\"wp-block-heading\" id=\"rentable-sans-subsides\"><strong>Rentable sans subsides<\/strong>&nbsp;<\/h2>\n\n\n\n<p>EStor-Lux d\u00e9montre par ailleurs que le mod\u00e8le est rentable et qu\u2019il ne n\u00e9cessite pas de subsides, pour autant qu\u2019il soit structur\u00e9 de mani\u00e8re pertinente.&nbsp;<\/p>\n\n\n\n<p>Pour Pierre Bayart, CEO de Rent-A-Port Green Energy (Ackermans &amp; van Haaren, CFE, BEWATT) : <em>\u201cLe mod\u00e8le repr\u00e9sente un r\u00e9el atout pour la transition \u00e9nerg\u00e9tique. Nous fournissons de la capacit\u00e9 de r\u00e9glage au r\u00e9seau \u00e0 des conditions plus avantageuses que les sources conventionnelles de flexibilit\u00e9. In fine, c\u2019est dans l\u2019int\u00e9r\u00eat du consommateur. Mais c\u2019est aussi tout b\u00e9n\u00e9fice pour la plan\u00e8te. La capacit\u00e9 que nous avons fournie en deux mois repr\u00e9sente d\u00e9j\u00e0 une \u00e9conomie de quelques 18 000 tonnes de CO<\/em><em><sub>2<\/sub><\/em><em> par rapport celle qui aurait \u00e9t\u00e9 fournie par des centrales \u00e0 gaz. Au-del\u00e0 de ce b\u00e9n\u00e9fice imm\u00e9diat, la solution constitue surtout un pas important vers une transition \u00e9nerg\u00e9tique compl\u00e8te. A terme, la multiplication de ce type de projets permettra de se passer totalement de centrales de production fossile pour assurer l\u2019\u00e9quilibrage du r\u00e9seau, ce qui est indispensable pour arriver \u00e0 couvrir la demande \u00e9lectrique par un mix 100% renouvelable \u00bb<\/em>&nbsp;<\/p>\n\n\n\n<p>C\u00e9dric Legros, Coordinateur de la Plateforme SRIW Energy, explique :<em> \u00ab Avec l\u2019accroissement du renouvelable, les p\u00e9riodes de prix faibles sont amen\u00e9es \u00e0 se multiplier. Dans ces conditions, forcer les centrales thermiques \u00e0 tourner \u00e0 perte dans le seul but d\u2019assurer l\u2019\u00e9quilibrage repr\u00e9sente un co\u00fbt \u00e9lev\u00e9 pour le syst\u00e8me. Et lorsque ces centrales ne fournissent plus de capacit\u00e9 flexible suffisante, il n\u2019y a d\u2019autres choix que de r\u00e9mun\u00e9rer des consommateurs pour ne pas consommer ou des producteurs de renouvelable pour ne pas produire\u2026 Un non-sens \u00e9conomique que les batteries peuvent aider \u00e0 \u00e9viter. \u00bb<\/em>&nbsp;<\/p>\n\n\n\n<h2 class=\"wp-block-heading\" id=\"150-mw-a-l-horizon-2024\"><strong>150 MW \u00e0 l\u2019horizon 2024<\/strong>&nbsp;<\/h2>\n\n\n\n<p>Forts de l\u2019exp\u00e9rience EStor-Lux, les porteurs du projet ont la volont\u00e9 de r\u00e9pliquer le mod\u00e8le \u00e0 plus grande \u00e9chelle. L\u2019ambition est \u00e9galement de proposer aux consommateurs industriels des solutions de tiers-financement de type \u00ab batteries-as-a-service \u00bb pour des capacit\u00e9s de plus petite taille, pour leur permettre, entre autres, de maximiser leur autoproduction d\u2019\u00e9lectricit\u00e9 renouvelable.&nbsp;<\/p>\n\n\n\n<p>C\u00e9dric Legros, conclut : <em>\u00ab Notre priorit\u00e9 reste de d\u00e9velopper des capacit\u00e9s qui contribuent \u00e0 l\u2019\u00e9quilibrage du r\u00e9seau, avec un objectif de 150 MW \u00e0 l\u2019horizon 2024. A terme, quand le renouvelable approchera 50% de la production \u00e9lectrique, soit \u00e0 l\u2019arriv\u00e9e des prochains parcs \u00e9oliens off-shore, notre ambition est de d\u00e9velopper des projets plus importants qui contribueront \u00e0 la capacit\u00e9 de production proprement dite en transf\u00e9rant l\u2019\u00e9lectricit\u00e9 produite lors de p\u00e9riodes de forte production de renouvelable vers des p\u00e9riodes de pointes de consommation \u00e9lectrique. \u00bb<\/em>&nbsp;<\/p>\n","protected":false},"excerpt":{"rendered":"<p>Les capacit\u00e9s de flexibilit\u00e9 sont des \u00e9l\u00e9ments-clef de la transition \u00e9nerg\u00e9tique car elles permettent de stocker les surplus d\u2019\u00e9lectricit\u00e9 renouvelable quand le&nbsp;soleil brille ou le vent souffle,&nbsp;et de les restituer sur le r\u00e9seau quand la m\u00e9t\u00e9o est moins favorable.&nbsp; Actuellement, ce sont principalement les centrales \u00e0&nbsp;gaz qui assurent une flexibilit\u00e9 quand il y a un pic de consommation sur le r\u00e9seau.&nbsp; A terme, il s\u2019agira donc de remplacer ces centrales \u00e0&nbsp;gaz par des capacit\u00e9s de flexibilit\u00e9 de sources renouvelables.&nbsp; En Belgique, le premier parc de batteries raccord\u00e9 au r\u00e9seau haute tension vient de r\u00e9ussir son d\u00e9marrage.&nbsp; Baptis\u00e9 EStor-Lux et op\u00e9rationnel depuis le 9 d\u00e9cembre 2021, ce parc de batteries a fourni pr\u00e8s de 16 000 MWh de capacit\u00e9 de r\u00e9glage \u00e0 Elia, gestionnaire du r\u00e9seau belge de transport d\u2019\u00e9lectricit\u00e9 haute tension.&nbsp; Avec une puissance install\u00e9e de 10 MW et une capacit\u00e9 de stockage de 20 MWh, le parc de 480 modules batteries lithium-ion, install\u00e9 sur le site d\u2019un data center&nbsp;\u00e0 Bastogne, est le plus important site de batteries en activit\u00e9 du Benelux en termes de capacit\u00e9 de stockage. Il constitue en outre un des premiers parcs de batteries en Europe offrant une capacit\u00e9 de restitution \u00e9lectrique de longue dur\u00e9e : de l\u2019ordre de 120 minutes soit 2 \u00e0 4 fois plus que les syst\u00e8mes existants.&nbsp; Cet avantage est d\u00e9terminant dans la mesure o\u00f9 il permet des activations beaucoup plus fr\u00e9quentes et plus longues afin d\u2019assurer l\u2019\u00e9quilibrage du r\u00e9seau avant que les d\u00e9viations de fr\u00e9quence ne se produisent, et non pour compenser ces derni\u00e8res apr\u00e8s leur apparition, ce \u00e0 quoi se limitent la plupart des&nbsp;batteries actuelles.&nbsp; En 2 mois de fonctionnement, Centrica Business Solutions, qui est en charge de la valorisation d\u2019EStor-Lux sur les march\u00e9s de l\u2019\u00e9lectricit\u00e9, a particip\u00e9 avec succ\u00e8s &hellip; <a href=\"https:\/\/www.renouvelle.be\/fr\/le-parc-de-batteries-de-stockage-estore-lux-est-desormais-operationnel\/\" class=\"more-link\">Continue reading<span class=\"screen-reader-text\"> \u00ab\u00a0Stockage : Le parc de batteries EStore-Lux est d\u00e9sormais op\u00e9rationnel\u00a0\u00bb<\/span><\/a><\/p>\n","protected":false},"author":3,"featured_media":7834,"comment_status":"closed","ping_status":"closed","sticky":false,"template":"","format":"standard","meta":{"_acf_changed":false,"footnotes":""},"categories":[17],"tags":[],"section":[14],"class_list":["post-7833","post","type-post","status-publish","format-standard","has-post-thumbnail","hentry","category-actualite-en-belgique","section-stockage"],"acf":[],"yoast_head":"<!-- This site is optimized with the Yoast SEO plugin v27.5 - https:\/\/yoast.com\/product\/yoast-seo-wordpress\/ -->\n<title>Stockage : Le parc de batteries EStore-Lux est d\u00e9sormais op\u00e9rationnel - Renouvelle<\/title>\n<meta name=\"robots\" content=\"index, follow, max-snippet:-1, max-image-preview:large, max-video-preview:-1\" \/>\n<link rel=\"canonical\" href=\"https:\/\/www.renouvelle.be\/fr\/le-parc-de-batteries-de-stockage-estore-lux-est-desormais-operationnel\/\" \/>\n<meta property=\"og:locale\" content=\"fr_FR\" \/>\n<meta property=\"og:type\" content=\"article\" \/>\n<meta property=\"og:title\" content=\"Stockage : Le parc de batteries EStore-Lux est d\u00e9sormais op\u00e9rationnel - Renouvelle\" \/>\n<meta property=\"og:description\" content=\"Les capacit\u00e9s de flexibilit\u00e9 sont des \u00e9l\u00e9ments-clef de la transition \u00e9nerg\u00e9tique car elles permettent de stocker les surplus d\u2019\u00e9lectricit\u00e9 renouvelable quand le&nbsp;soleil brille ou le vent souffle,&nbsp;et de les restituer sur le r\u00e9seau quand la m\u00e9t\u00e9o est moins favorable.&nbsp; Actuellement, ce sont principalement les centrales \u00e0&nbsp;gaz qui assurent une flexibilit\u00e9 quand il y a un pic de consommation sur le r\u00e9seau.&nbsp; A terme, il s\u2019agira donc de remplacer ces centrales \u00e0&nbsp;gaz par des capacit\u00e9s de flexibilit\u00e9 de sources renouvelables.&nbsp; En Belgique, le premier parc de batteries raccord\u00e9 au r\u00e9seau haute tension vient de r\u00e9ussir son d\u00e9marrage.&nbsp; Baptis\u00e9 EStor-Lux et op\u00e9rationnel depuis le 9 d\u00e9cembre 2021, ce parc de batteries a fourni pr\u00e8s de 16 000 MWh de capacit\u00e9 de r\u00e9glage \u00e0 Elia, gestionnaire du r\u00e9seau belge de transport d\u2019\u00e9lectricit\u00e9 haute tension.&nbsp; Avec une puissance install\u00e9e de 10 MW et une capacit\u00e9 de stockage de 20 MWh, le parc de 480 modules batteries lithium-ion, install\u00e9 sur le site d\u2019un data center&nbsp;\u00e0 Bastogne, est le plus important site de batteries en activit\u00e9 du Benelux en termes de capacit\u00e9 de stockage. Il constitue en outre un des premiers parcs de batteries en Europe offrant une capacit\u00e9 de restitution \u00e9lectrique de longue dur\u00e9e : de l\u2019ordre de 120 minutes soit 2 \u00e0 4 fois plus que les syst\u00e8mes existants.&nbsp; Cet avantage est d\u00e9terminant dans la mesure o\u00f9 il permet des activations beaucoup plus fr\u00e9quentes et plus longues afin d\u2019assurer l\u2019\u00e9quilibrage du r\u00e9seau avant que les d\u00e9viations de fr\u00e9quence ne se produisent, et non pour compenser ces derni\u00e8res apr\u00e8s leur apparition, ce \u00e0 quoi se limitent la plupart des&nbsp;batteries actuelles.&nbsp; En 2 mois de fonctionnement, Centrica Business Solutions, qui est en charge de la valorisation d\u2019EStor-Lux sur les march\u00e9s de l\u2019\u00e9lectricit\u00e9, a particip\u00e9 avec succ\u00e8s &hellip; Continue reading &quot;Stockage : Le parc de batteries EStore-Lux est d\u00e9sormais op\u00e9rationnel&quot;\" \/>\n<meta property=\"og:url\" content=\"https:\/\/www.renouvelle.be\/fr\/le-parc-de-batteries-de-stockage-estore-lux-est-desormais-operationnel\/\" \/>\n<meta property=\"og:site_name\" content=\"Renouvelle\" \/>\n<meta property=\"article:published_time\" content=\"2022-02-18T14:20:27+00:00\" \/>\n<meta property=\"article:modified_time\" content=\"2023-07-10T22:19:47+00:00\" \/>\n<meta property=\"og:image\" content=\"https:\/\/www.renouvelle.be\/wp-content\/uploads\/2022\/02\/Estor1.jpg\" \/>\n\t<meta property=\"og:image:width\" content=\"700\" \/>\n\t<meta property=\"og:image:height\" content=\"489\" \/>\n\t<meta property=\"og:image:type\" content=\"image\/jpeg\" \/>\n<meta name=\"author\" content=\"Energie Commune\" \/>\n<meta name=\"twitter:card\" content=\"summary_large_image\" \/>\n<script type=\"application\/ld+json\" class=\"yoast-schema-graph\">{\"@context\":\"https:\\\/\\\/schema.org\",\"@graph\":[{\"@type\":\"Article\",\"@id\":\"https:\\\/\\\/www.renouvelle.be\\\/fr\\\/le-parc-de-batteries-de-stockage-estore-lux-est-desormais-operationnel\\\/#article\",\"isPartOf\":{\"@id\":\"https:\\\/\\\/www.renouvelle.be\\\/fr\\\/le-parc-de-batteries-de-stockage-estore-lux-est-desormais-operationnel\\\/\"},\"author\":{\"name\":\"Energie Commune\",\"@id\":\"https:\\\/\\\/www.renouvelle.be\\\/fr\\\/#\\\/schema\\\/person\\\/01fbe8226a07f8f3d4a1cd059b31f17a\"},\"headline\":\"Stockage : Le parc de batteries EStore-Lux est d\u00e9sormais op\u00e9rationnel\",\"datePublished\":\"2022-02-18T14:20:27+00:00\",\"dateModified\":\"2023-07-10T22:19:47+00:00\",\"mainEntityOfPage\":{\"@id\":\"https:\\\/\\\/www.renouvelle.be\\\/fr\\\/le-parc-de-batteries-de-stockage-estore-lux-est-desormais-operationnel\\\/\"},\"wordCount\":1022,\"image\":{\"@id\":\"https:\\\/\\\/www.renouvelle.be\\\/fr\\\/le-parc-de-batteries-de-stockage-estore-lux-est-desormais-operationnel\\\/#primaryimage\"},\"thumbnailUrl\":\"https:\\\/\\\/www.renouvelle.be\\\/wp-content\\\/uploads\\\/2022\\\/02\\\/Estor1.jpg\",\"articleSection\":[\"Actualit\u00e9 en Belgique\"],\"inLanguage\":\"fr-FR\"},{\"@type\":\"WebPage\",\"@id\":\"https:\\\/\\\/www.renouvelle.be\\\/fr\\\/le-parc-de-batteries-de-stockage-estore-lux-est-desormais-operationnel\\\/\",\"url\":\"https:\\\/\\\/www.renouvelle.be\\\/fr\\\/le-parc-de-batteries-de-stockage-estore-lux-est-desormais-operationnel\\\/\",\"name\":\"Stockage : Le parc de batteries EStore-Lux est d\u00e9sormais op\u00e9rationnel - Renouvelle\",\"isPartOf\":{\"@id\":\"https:\\\/\\\/www.renouvelle.be\\\/fr\\\/#website\"},\"primaryImageOfPage\":{\"@id\":\"https:\\\/\\\/www.renouvelle.be\\\/fr\\\/le-parc-de-batteries-de-stockage-estore-lux-est-desormais-operationnel\\\/#primaryimage\"},\"image\":{\"@id\":\"https:\\\/\\\/www.renouvelle.be\\\/fr\\\/le-parc-de-batteries-de-stockage-estore-lux-est-desormais-operationnel\\\/#primaryimage\"},\"thumbnailUrl\":\"https:\\\/\\\/www.renouvelle.be\\\/wp-content\\\/uploads\\\/2022\\\/02\\\/Estor1.jpg\",\"datePublished\":\"2022-02-18T14:20:27+00:00\",\"dateModified\":\"2023-07-10T22:19:47+00:00\",\"author\":{\"@id\":\"https:\\\/\\\/www.renouvelle.be\\\/fr\\\/#\\\/schema\\\/person\\\/01fbe8226a07f8f3d4a1cd059b31f17a\"},\"breadcrumb\":{\"@id\":\"https:\\\/\\\/www.renouvelle.be\\\/fr\\\/le-parc-de-batteries-de-stockage-estore-lux-est-desormais-operationnel\\\/#breadcrumb\"},\"inLanguage\":\"fr-FR\",\"potentialAction\":[{\"@type\":\"ReadAction\",\"target\":[\"https:\\\/\\\/www.renouvelle.be\\\/fr\\\/le-parc-de-batteries-de-stockage-estore-lux-est-desormais-operationnel\\\/\"]}]},{\"@type\":\"ImageObject\",\"inLanguage\":\"fr-FR\",\"@id\":\"https:\\\/\\\/www.renouvelle.be\\\/fr\\\/le-parc-de-batteries-de-stockage-estore-lux-est-desormais-operationnel\\\/#primaryimage\",\"url\":\"https:\\\/\\\/www.renouvelle.be\\\/wp-content\\\/uploads\\\/2022\\\/02\\\/Estor1.jpg\",\"contentUrl\":\"https:\\\/\\\/www.renouvelle.be\\\/wp-content\\\/uploads\\\/2022\\\/02\\\/Estor1.jpg\",\"width\":700,\"height\":489},{\"@type\":\"BreadcrumbList\",\"@id\":\"https:\\\/\\\/www.renouvelle.be\\\/fr\\\/le-parc-de-batteries-de-stockage-estore-lux-est-desormais-operationnel\\\/#breadcrumb\",\"itemListElement\":[{\"@type\":\"ListItem\",\"position\":1,\"name\":\"Accueil\",\"item\":\"https:\\\/\\\/www.renouvelle.be\\\/fr\\\/\"},{\"@type\":\"ListItem\",\"position\":2,\"name\":\"Stockage : Le parc de batteries EStore-Lux est d\u00e9sormais op\u00e9rationnel\"}]},{\"@type\":\"WebSite\",\"@id\":\"https:\\\/\\\/www.renouvelle.be\\\/fr\\\/#website\",\"url\":\"https:\\\/\\\/www.renouvelle.be\\\/fr\\\/\",\"name\":\"Renouvelle\",\"description\":\"L&#039;actualit\u00e9 de l&#039;\u00e9nergie durable\",\"potentialAction\":[{\"@type\":\"SearchAction\",\"target\":{\"@type\":\"EntryPoint\",\"urlTemplate\":\"https:\\\/\\\/www.renouvelle.be\\\/fr\\\/?s={search_term_string}\"},\"query-input\":{\"@type\":\"PropertyValueSpecification\",\"valueRequired\":true,\"valueName\":\"search_term_string\"}}],\"inLanguage\":\"fr-FR\"},{\"@type\":\"Person\",\"@id\":\"https:\\\/\\\/www.renouvelle.be\\\/fr\\\/#\\\/schema\\\/person\\\/01fbe8226a07f8f3d4a1cd059b31f17a\",\"name\":\"Energie Commune\",\"url\":\"https:\\\/\\\/www.renouvelle.be\\\/fr\\\/author\\\/apere\\\/\"}]}<\/script>\n<!-- \/ Yoast SEO plugin. -->","yoast_head_json":{"title":"Stockage : Le parc de batteries EStore-Lux est d\u00e9sormais op\u00e9rationnel - Renouvelle","robots":{"index":"index","follow":"follow","max-snippet":"max-snippet:-1","max-image-preview":"max-image-preview:large","max-video-preview":"max-video-preview:-1"},"canonical":"https:\/\/www.renouvelle.be\/fr\/le-parc-de-batteries-de-stockage-estore-lux-est-desormais-operationnel\/","og_locale":"fr_FR","og_type":"article","og_title":"Stockage : Le parc de batteries EStore-Lux est d\u00e9sormais op\u00e9rationnel - Renouvelle","og_description":"Les capacit\u00e9s de flexibilit\u00e9 sont des \u00e9l\u00e9ments-clef de la transition \u00e9nerg\u00e9tique car elles permettent de stocker les surplus d\u2019\u00e9lectricit\u00e9 renouvelable quand le&nbsp;soleil brille ou le vent souffle,&nbsp;et de les restituer sur le r\u00e9seau quand la m\u00e9t\u00e9o est moins favorable.&nbsp; Actuellement, ce sont principalement les centrales \u00e0&nbsp;gaz qui assurent une flexibilit\u00e9 quand il y a un pic de consommation sur le r\u00e9seau.&nbsp; A terme, il s\u2019agira donc de remplacer ces centrales \u00e0&nbsp;gaz par des capacit\u00e9s de flexibilit\u00e9 de sources renouvelables.&nbsp; En Belgique, le premier parc de batteries raccord\u00e9 au r\u00e9seau haute tension vient de r\u00e9ussir son d\u00e9marrage.&nbsp; Baptis\u00e9 EStor-Lux et op\u00e9rationnel depuis le 9 d\u00e9cembre 2021, ce parc de batteries a fourni pr\u00e8s de 16 000 MWh de capacit\u00e9 de r\u00e9glage \u00e0 Elia, gestionnaire du r\u00e9seau belge de transport d\u2019\u00e9lectricit\u00e9 haute tension.&nbsp; Avec une puissance install\u00e9e de 10 MW et une capacit\u00e9 de stockage de 20 MWh, le parc de 480 modules batteries lithium-ion, install\u00e9 sur le site d\u2019un data center&nbsp;\u00e0 Bastogne, est le plus important site de batteries en activit\u00e9 du Benelux en termes de capacit\u00e9 de stockage. Il constitue en outre un des premiers parcs de batteries en Europe offrant une capacit\u00e9 de restitution \u00e9lectrique de longue dur\u00e9e : de l\u2019ordre de 120 minutes soit 2 \u00e0 4 fois plus que les syst\u00e8mes existants.&nbsp; Cet avantage est d\u00e9terminant dans la mesure o\u00f9 il permet des activations beaucoup plus fr\u00e9quentes et plus longues afin d\u2019assurer l\u2019\u00e9quilibrage du r\u00e9seau avant que les d\u00e9viations de fr\u00e9quence ne se produisent, et non pour compenser ces derni\u00e8res apr\u00e8s leur apparition, ce \u00e0 quoi se limitent la plupart des&nbsp;batteries actuelles.&nbsp; En 2 mois de fonctionnement, Centrica Business Solutions, qui est en charge de la valorisation d\u2019EStor-Lux sur les march\u00e9s de l\u2019\u00e9lectricit\u00e9, a particip\u00e9 avec succ\u00e8s &hellip; Continue reading \"Stockage : Le parc de batteries EStore-Lux est d\u00e9sormais op\u00e9rationnel\"","og_url":"https:\/\/www.renouvelle.be\/fr\/le-parc-de-batteries-de-stockage-estore-lux-est-desormais-operationnel\/","og_site_name":"Renouvelle","article_published_time":"2022-02-18T14:20:27+00:00","article_modified_time":"2023-07-10T22:19:47+00:00","og_image":[{"width":700,"height":489,"url":"https:\/\/www.renouvelle.be\/wp-content\/uploads\/2022\/02\/Estor1.jpg","type":"image\/jpeg"}],"author":"Energie Commune","twitter_card":"summary_large_image","schema":{"@context":"https:\/\/schema.org","@graph":[{"@type":"Article","@id":"https:\/\/www.renouvelle.be\/fr\/le-parc-de-batteries-de-stockage-estore-lux-est-desormais-operationnel\/#article","isPartOf":{"@id":"https:\/\/www.renouvelle.be\/fr\/le-parc-de-batteries-de-stockage-estore-lux-est-desormais-operationnel\/"},"author":{"name":"Energie Commune","@id":"https:\/\/www.renouvelle.be\/fr\/#\/schema\/person\/01fbe8226a07f8f3d4a1cd059b31f17a"},"headline":"Stockage : Le parc de batteries EStore-Lux est d\u00e9sormais op\u00e9rationnel","datePublished":"2022-02-18T14:20:27+00:00","dateModified":"2023-07-10T22:19:47+00:00","mainEntityOfPage":{"@id":"https:\/\/www.renouvelle.be\/fr\/le-parc-de-batteries-de-stockage-estore-lux-est-desormais-operationnel\/"},"wordCount":1022,"image":{"@id":"https:\/\/www.renouvelle.be\/fr\/le-parc-de-batteries-de-stockage-estore-lux-est-desormais-operationnel\/#primaryimage"},"thumbnailUrl":"https:\/\/www.renouvelle.be\/wp-content\/uploads\/2022\/02\/Estor1.jpg","articleSection":["Actualit\u00e9 en Belgique"],"inLanguage":"fr-FR"},{"@type":"WebPage","@id":"https:\/\/www.renouvelle.be\/fr\/le-parc-de-batteries-de-stockage-estore-lux-est-desormais-operationnel\/","url":"https:\/\/www.renouvelle.be\/fr\/le-parc-de-batteries-de-stockage-estore-lux-est-desormais-operationnel\/","name":"Stockage : Le parc de batteries EStore-Lux est d\u00e9sormais op\u00e9rationnel - Renouvelle","isPartOf":{"@id":"https:\/\/www.renouvelle.be\/fr\/#website"},"primaryImageOfPage":{"@id":"https:\/\/www.renouvelle.be\/fr\/le-parc-de-batteries-de-stockage-estore-lux-est-desormais-operationnel\/#primaryimage"},"image":{"@id":"https:\/\/www.renouvelle.be\/fr\/le-parc-de-batteries-de-stockage-estore-lux-est-desormais-operationnel\/#primaryimage"},"thumbnailUrl":"https:\/\/www.renouvelle.be\/wp-content\/uploads\/2022\/02\/Estor1.jpg","datePublished":"2022-02-18T14:20:27+00:00","dateModified":"2023-07-10T22:19:47+00:00","author":{"@id":"https:\/\/www.renouvelle.be\/fr\/#\/schema\/person\/01fbe8226a07f8f3d4a1cd059b31f17a"},"breadcrumb":{"@id":"https:\/\/www.renouvelle.be\/fr\/le-parc-de-batteries-de-stockage-estore-lux-est-desormais-operationnel\/#breadcrumb"},"inLanguage":"fr-FR","potentialAction":[{"@type":"ReadAction","target":["https:\/\/www.renouvelle.be\/fr\/le-parc-de-batteries-de-stockage-estore-lux-est-desormais-operationnel\/"]}]},{"@type":"ImageObject","inLanguage":"fr-FR","@id":"https:\/\/www.renouvelle.be\/fr\/le-parc-de-batteries-de-stockage-estore-lux-est-desormais-operationnel\/#primaryimage","url":"https:\/\/www.renouvelle.be\/wp-content\/uploads\/2022\/02\/Estor1.jpg","contentUrl":"https:\/\/www.renouvelle.be\/wp-content\/uploads\/2022\/02\/Estor1.jpg","width":700,"height":489},{"@type":"BreadcrumbList","@id":"https:\/\/www.renouvelle.be\/fr\/le-parc-de-batteries-de-stockage-estore-lux-est-desormais-operationnel\/#breadcrumb","itemListElement":[{"@type":"ListItem","position":1,"name":"Accueil","item":"https:\/\/www.renouvelle.be\/fr\/"},{"@type":"ListItem","position":2,"name":"Stockage : Le parc de batteries EStore-Lux est d\u00e9sormais op\u00e9rationnel"}]},{"@type":"WebSite","@id":"https:\/\/www.renouvelle.be\/fr\/#website","url":"https:\/\/www.renouvelle.be\/fr\/","name":"Renouvelle","description":"L&#039;actualit\u00e9 de l&#039;\u00e9nergie durable","potentialAction":[{"@type":"SearchAction","target":{"@type":"EntryPoint","urlTemplate":"https:\/\/www.renouvelle.be\/fr\/?s={search_term_string}"},"query-input":{"@type":"PropertyValueSpecification","valueRequired":true,"valueName":"search_term_string"}}],"inLanguage":"fr-FR"},{"@type":"Person","@id":"https:\/\/www.renouvelle.be\/fr\/#\/schema\/person\/01fbe8226a07f8f3d4a1cd059b31f17a","name":"Energie Commune","url":"https:\/\/www.renouvelle.be\/fr\/author\/apere\/"}]}},"_links":{"self":[{"href":"https:\/\/www.renouvelle.be\/fr\/wp-json\/wp\/v2\/posts\/7833","targetHints":{"allow":["GET"]}}],"collection":[{"href":"https:\/\/www.renouvelle.be\/fr\/wp-json\/wp\/v2\/posts"}],"about":[{"href":"https:\/\/www.renouvelle.be\/fr\/wp-json\/wp\/v2\/types\/post"}],"author":[{"embeddable":true,"href":"https:\/\/www.renouvelle.be\/fr\/wp-json\/wp\/v2\/users\/3"}],"replies":[{"embeddable":true,"href":"https:\/\/www.renouvelle.be\/fr\/wp-json\/wp\/v2\/comments?post=7833"}],"version-history":[{"count":7,"href":"https:\/\/www.renouvelle.be\/fr\/wp-json\/wp\/v2\/posts\/7833\/revisions"}],"predecessor-version":[{"id":10198,"href":"https:\/\/www.renouvelle.be\/fr\/wp-json\/wp\/v2\/posts\/7833\/revisions\/10198"}],"wp:featuredmedia":[{"embeddable":true,"href":"https:\/\/www.renouvelle.be\/fr\/wp-json\/wp\/v2\/media\/7834"}],"wp:attachment":[{"href":"https:\/\/www.renouvelle.be\/fr\/wp-json\/wp\/v2\/media?parent=7833"}],"wp:term":[{"taxonomy":"category","embeddable":true,"href":"https:\/\/www.renouvelle.be\/fr\/wp-json\/wp\/v2\/categories?post=7833"},{"taxonomy":"post_tag","embeddable":true,"href":"https:\/\/www.renouvelle.be\/fr\/wp-json\/wp\/v2\/tags?post=7833"},{"taxonomy":"section","embeddable":true,"href":"https:\/\/www.renouvelle.be\/fr\/wp-json\/wp\/v2\/section?post=7833"}],"curies":[{"name":"wp","href":"https:\/\/api.w.org\/{rel}","templated":true}]}}