{"id":7558,"date":"2021-12-22T11:38:10","date_gmt":"2021-12-22T10:38:10","guid":{"rendered":"https:\/\/www.renouvelle.be\/?p=7558"},"modified":"2025-03-21T09:44:16","modified_gmt":"2025-03-21T08:44:16","slug":"communaute-denergie-et-cohesion-sociale-nous-avons-mene-un-travail-de-terrain-pour-inclure-les-locataires","status":"publish","type":"post","link":"https:\/\/www.renouvelle.be\/fr\/communaute-denergie-et-cohesion-sociale-nous-avons-mene-un-travail-de-terrain-pour-inclure-les-locataires\/","title":{"rendered":"Communaut\u00e9 d\u2019\u00e9nergie et coh\u00e9sion sociale : \u201dNous avons men\u00e9 un travail de terrain pour inclure les locataires\u201d"},"content":{"rendered":"\n<p>A Verviers, Ans et Chapelle-lez-Herlaimont, des laboratoires vivants vont permettre de d\u00e9finir les bonnes pratiques pouvant conduire l\u2019ensemble des collectivit\u00e9s locales \u00e0 partager leur \u00e9nergie et leur mobilit\u00e9.&nbsp;<\/p>\n\n\n\n<p>En effet, ces trois communes ont \u00e9t\u00e9 choisies pour participer au projet wallon SOCCER (\u00ab\u00a0socio-\u00e9conomie des communaut\u00e9s d\u2019\u00e9nergie renouvelable\u00a0\u00bb).&nbsp;<\/p>\n\n\n\n<p>Il s\u2019agit d\u2019y exp\u00e9rimenter le concept de Communaut\u00e9 d\u2019\u00e9nergie renouvelable en faisant de la coh\u00e9sion sociale un facteur de r\u00e9ussite.&nbsp;<\/p>\n\n\n\n<p>Dans le contexte wallon, o\u00f9 plus d\u2019un m\u00e9nage sur quatre se trouve en situation de pr\u00e9carit\u00e9 \u00e9nerg\u00e9tique, une attention particuli\u00e8re doit \u00eatre apport\u00e9e pour permettre d\u2019inclure l\u2019ensemble des m\u00e9nages et en particulier les m\u00e9nages pr\u00e9caris\u00e9s dans la transition \u00e9nerg\u00e9tique (en savoir plus sur le <a href=\"https:\/\/www.rewallonia.be\/les-projets\/soccer\/\" target=\"_blank\" rel=\"noreferrer noopener\">projet SOCCER<\/a>).&nbsp;<\/p>\n\n\n\n<p>A Ans, le projet consiste \u00e0 d\u00e9velopper une Communaut\u00e9 d\u2019\u00e9nergie renouvelable incluant une soci\u00e9t\u00e9 de logements sociaux.&nbsp;<\/p>\n\n\n\n<p>Une installation photovolta\u00efque d\u2019environ 1 MWc sera install\u00e9e sur un b\u00e2timent communal et alimentera, en partie, les 350 logements sociaux \u00e0 proximit\u00e9.&nbsp;<\/p>\n\n\n\n<p>Renouvelle a interview\u00e9 Dr Ahmed Rassili (photo ci-dessous), Vice-Pr\u00e9sident de la Soci\u00e9t\u00e9 de Logements du Plateau (SLP), pour avoir un premier retour de terrain.<\/p>\n\n\n\n<figure class=\"wp-block-image size-full\"><img loading=\"lazy\" decoding=\"async\" width=\"162\" height=\"203\" src=\"https:\/\/www.renouvelle.be\/wp-content\/uploads\/2021\/12\/1144_RassiliAhmed_edited1.png\" alt=\"\" class=\"wp-image-7561\"\/><\/figure>\n\n\n\n<p><strong>Renouvelle : Quel est votre r\u00f4le dans le d\u00e9veloppement d\u2019une communaut\u00e9 d\u2019\u00e9nergie qui int\u00e8gre des logements sociaux ?<\/strong>&nbsp;<\/p>\n\n\n\n<p><strong>Ahmed Rassili (SLP) : <\/strong>Je suis vice-pr\u00e9sident de la soci\u00e9t\u00e9 de logements, qui est partenaire du projet. Et pour d\u00e9velopper une communaut\u00e9 d\u2019\u00e9nergie, il faut bien s\u00fbr impliquer les b\u00e9n\u00e9ficiaires et donc les locataires de la soci\u00e9t\u00e9 de logements. Notre r\u00f4le d\u2019administrateur, en collaboration avec le pr\u00e9sident, le directeur-g\u00e9rant ainsi que l\u2019ensemble du personnel de la SLP, c\u2019est de faciliter l\u2019\u00e9tude et les liens entre les partenaires et les locataires. Il serait difficile d\u2019avoir acc\u00e8s aux locataires si la soci\u00e9t\u00e9 de logements n\u2019\u00e9tait pas partenaire, c\u2019est une \u00e9vidence. &nbsp;<\/p>\n\n\n\n<p><strong>Quelle est selon vous la plus-value d\u2019une Communaut\u00e9 d\u2019\u00e9nergie (CE) qui int\u00e8gre des locataires sociaux ?<\/strong>&nbsp;<\/p>\n\n\n\n<p>Selon moi, d\u00e9velopper une Communaut\u00e9 avec une soci\u00e9t\u00e9 de logements, c\u2019est int\u00e9grer un quartier entier. On implique donc d\u2019embl\u00e9e tous les locataires. C\u2019est une composante tr\u00e8s int\u00e9ressante pour d\u00e9velopper une Communaut\u00e9.&nbsp;<\/p>\n\n\n\n<p><strong>Comment suscitez-vous la participation des m\u00e9nages ? <\/strong>&nbsp;<\/p>\n\n\n\n<p>Si des personnes ext\u00e9rieures \u00e9taient venus les voir pour leur parler de leur facture d\u2019\u00e9nergie, les locataires auraient \u00e9t\u00e9 frileux. La direction a donc envoy\u00e9 un courrier explicatif \u00e0 tous les locataires. Nous avons aussi fait du porte-\u00e0-porte et distribu\u00e9 un folder. Nous les avons ensuite invit\u00e9s \u00e0 une s\u00e9ance d\u2019information pour qu\u2019ils puissent poser leurs questions ainsi qu\u2019\u00e0 des s\u00e9ances individuelles et cibl\u00e9es. Car les gens sont parfois anxieux ou inquiets quand on leur parle de changement et ils peuvent se montrer conservateurs. Du coup, on a tout fait pour que l\u2019id\u00e9e d\u2019une Communaut\u00e9 d\u2019\u00e9nergie passe tr\u00e8s bien dans leur t\u00eate.&nbsp;<\/p>\n\n\n\n<p><strong>Comment l\u2019arriv\u00e9e d\u2019une CE change-t-elle les relations de communication et de prise de d\u00e9cision avec les b\u00e9n\u00e9ficiaires des logements sociaux ?<\/strong>&nbsp;<\/p>\n\n\n\n<p>En tant que propri\u00e9taire, la soci\u00e9t\u00e9 de logements pouvait facilement dire \u201cC\u2019est mon b\u00e2timent, nous allons l\u2019\u00e9quiper de panneaux photovolta\u00efques et cr\u00e9er une Communaut\u00e9 d\u2019\u00e9nergie\u201d. Mais il faut faire adh\u00e9rer les gens. Une communication doit donc s\u2019\u00e9tablir pour montrer aux gens qu\u2019ils peuvent en tirer des b\u00e9n\u00e9fices : leur facture \u00e9nerg\u00e9tique va diminuer et non seulement, ils participeront par cela \u00e0 un effort commun de gestion de la consommation \u00e9nerg\u00e9tique.&nbsp;<\/p>\n\n\n\n<p><strong>Quels sont les autres avantages attendus de la Communaut\u00e9 d\u2019\u00e9nergie pour les locataires de la SLP?<\/strong>&nbsp;<\/p>\n\n\n\n<p>Les gens ici disposent d\u2019un compteur de nuit et ils ont donc l\u2019habitude de consommer le soir. Avec une production d\u2019\u00e9lectricit\u00e9 solaire, il vaut mieux, au contraire, consommer le jour, moment du pic de production d\u2019\u00e9lectricit\u00e9 photovolta\u00efque. Ils vont donc devoir changer leurs comportements et lancer par exemple leur lave-vaisselle ou machine \u00e0 laver \u00e0 midi. S\u2019ils continuent \u00e0 consommer le soir, \u00e7a ne va rien changer \u00e0 leur facture car ils vont continuer \u00e0 consommer sur le r\u00e9seau \u00e9lectrique. Le principal impact de la Communaut\u00e9 sera donc sur leur portefeuille. &nbsp;<\/p>\n\n\n\n<p><strong>Comment se compose ce public-cible ?<\/strong>&nbsp;<\/p>\n\n\n\n<p>Il s\u2019agit principalement de locataires, o\u00f9 l\u2019on retrouve un peu de tout : des allocataires sociaux, des salari\u00e9s, des pensionn\u00e9s, \u2026 Il y a aussi des propri\u00e9taires mais ils repr\u00e9sentent environ 10% du parc de logements.&nbsp;<\/p>\n\n\n\n<p><strong>Quelles sont les difficult\u00e9s rencontr\u00e9es jusqu\u2019ici ?<\/strong>&nbsp;<\/p>\n\n\n\n<p>Quand on vient un peu bousculer les gens dans leurs habitudes, m\u00eame si c\u2019est dans leur int\u00e9r\u00eat, ils sont parfois r\u00e9ticents. Du coup, nos partenaires actifs au niveau social ont d\u00e9velopp\u00e9 une approche plus p\u00e9dagogique, par exemple en s\u2019appuyant sur des gens de terrain, telles l\u2019association des locataires et les associations de r\u00e9ciprocit\u00e9.&nbsp;<\/p>\n\n\n\n<p><strong>Dans le cas de Ans, quel est l\u2019acteur qui va r\u00e9aliser l\u2019investissement photovolta\u00efque initial ?<\/strong>&nbsp;<\/p>\n\n\n\n<p>C\u2019est la commune de Ans qui r\u00e9alise l\u2019investissement sur son b\u00e2timent. Et l\u2019avantage de ce b\u00e2timent, c\u2019est qu\u2019il n\u2019y a que la route qui le s\u00e9pare de la soci\u00e9t\u00e9 de logements. En plus, il dispose d\u2019un toit aussi grand qu\u2019un terrain de foot. Il peut donc accueillir une installation photovolta\u00efque qui va couvrir les besoins \u00e9lectriques du b\u00e2timent en soi \u2013 ce qui est une priorit\u00e9 &#8211; et le surplus servira aux habitants de la soci\u00e9t\u00e9 de logements. Il y a aussi des PME \u00e0 proximit\u00e9. Elles consomment en journ\u00e9e, ce qui est tr\u00e8s int\u00e9ressant. On pourra avoir une Communaut\u00e9 qui englobe des b\u00e2timents publics, une soci\u00e9t\u00e9 de logements, des PME, &#8230;&nbsp;<\/p>\n\n\n\n<p><strong>De quel type de b\u00e2timent s\u2019agit-il ?<\/strong>&nbsp;<\/p>\n\n\n\n<p>C\u2019est un d\u00e9p\u00f4t de la commune d\u00e9di\u00e9 aux services \u201cTravaux et Maintenance\u201d. On y trouve des bureaux mais aussi des ateliers ainsi que des camionnettes communales, des camions-poubelles, \u2026 &nbsp;<\/p>\n\n\n\n<p>On envisagera peut-\u00eatre aussi d\u2019y faire du stockage d\u2019\u00e9lectricit\u00e9, selon les profils de consommation de la Communaut\u00e9. A un moment donn\u00e9, il deviendra plus cher d\u2019injecter l\u2019\u00e9lectricit\u00e9 dans le r\u00e9seau plut\u00f4t que la stocker pour pouvoir s\u2019en servir d\u2019autres moments o\u00f9 la production est basse. Et le soir, ce stockage pourra servir aux habitants. &nbsp;Bien s\u00fbr, le co\u00fbt est plus important car on doit stocker puis d\u00e9stocker l\u2019\u00e9lectricit\u00e9. Mais on peut trouver un \u00e9quilibre o\u00f9 cela devient b\u00e9n\u00e9fique pour tout le monde.&nbsp;<\/p>\n\n\n\n<p>Nous avons \u00e9galement un sc\u00e9nario o\u00f9 nous pouvons ajouter des installations photovolta\u00efques suppl\u00e9mentaires sur les toits de certains logements. L\u2019\u00e9tude SOCCER en cours nous guidera vers le meilleur sc\u00e9nario.<\/p>\n\n\n\n<p>Je tiens vraiment \u00e0 saluer l\u2019implication et les efforts de la commune d\u2019Ans, parrain du projet, en la personne de son premier \u00e9chevin, Walther Herben.<\/p>\n\n\n\n<p><strong>Combien de consommateurs&nbsp;y aura-t-il au d\u00e9marrage du projet ?<\/strong>&nbsp;<\/p>\n\n\n\n<p>Il y a d\u2019abord le b\u00e2timent communal car il y a quand m\u00eame pas mal de gens dans les bureaux et c\u2019est un consommateur important d\u2019\u00e9lectricit\u00e9. Puis, on verra combien de personnes voudront adh\u00e9rer \u00e0 la Communaut\u00e9. Il y a moyen d\u2019englober tous les locataires car, une fois que les gens verront l\u2019impact sur leur facture, avec une diminution importante, ils vont commencer \u00e0 en parler avec leurs voisins et motiver les autres. Notre r\u00f4le, c\u2019est de faire adh\u00e9rer la majorit\u00e9 des locataires, sinon la totalit\u00e9.&nbsp;<\/p>\n\n\n\n<p><strong>Quelles sont les prochaines \u00e9tapes ?<\/strong>&nbsp;<\/p>\n\n\n\n<p>L\u00e0, on arrive tout doucement \u00e0 mi-termes du projet SOCCER. On va rendre les conclusions de l\u2019\u00e9tude pour \u00e9valuer les prochaines \u00e9tapes. On d\u00e9cidera d\u2019un \u201cgo \/ no-go\u00a0\u00bb en juin 2022.&nbsp;<\/p>\n\n\n\n<p><strong>Vous avez \u00e9galement un volet de mobilit\u00e9 partag\u00e9e, non ?<\/strong>&nbsp;<\/p>\n\n\n\n<p>Oui tout \u00e0 fait. Il s\u2019agira bien s\u00fbr de voitures \u00e9lectriques, qui permettront aux habitants de se d\u00e9placer.&nbsp;<\/p>\n\n\n\n<p><strong>Elles serviront aussi de stockage d\u2019\u00e9lectricit\u00e9 solaire ?<\/strong>&nbsp;<\/p>\n\n\n\n<p>\u00c7a d\u00e9pend car il faut une flotte importante de v\u00e9hicules pour faire un stockage suffisant. Ici on parle de quelques voitures ; de plus elles seront utilis\u00e9es en journ\u00e9e ce qui ne permettra peut-\u00eatre pas aux batteries d\u2019assurer le stockage du pic d\u2019\u00e9lectricit\u00e9 de la mi-journ\u00e9e&nbsp;<\/p>\n\n\n\n<p><strong>Quels conseils donneriez-vous pour reproduire votre mod\u00e8le ailleurs en Wallonie ?<\/strong>&nbsp;<\/p>\n\n\n\n<p>Pour un mod\u00e8le comme \u00e7a, je pense qu\u2019il faut combiner diff\u00e9rents profils de consommation et pas uniquement domestique et que chacun en tire un b\u00e9n\u00e9fice. Il faut arriver \u00e0 consommer au maximum l\u2019\u00e9lectricit\u00e9 produite au niveau local. Ce mod\u00e8le ne se limite pas \u00e0 du photovolta\u00efque. Cela peut aussi \u00eatre de la biomasse, de l\u2019\u00e9olien, \u2026 &nbsp;<\/p>\n\n\n\n<p>J\u2019aimerai \u00e0 la fin remercier l\u2019ensemble des partenaires et parrains du projet SOCCER, sans leur adh\u00e9sion et leur enthousiasme, le projet n\u2019aurait pas eu de succ\u00e8s.<\/p>\n\n\n\n<p><\/p>\n\n\n\n<p><\/p>\n","protected":false},"excerpt":{"rendered":"<p>A Verviers, Ans et Chapelle-lez-Herlaimont, des laboratoires vivants vont permettre de d\u00e9finir les bonnes pratiques pouvant conduire l\u2019ensemble des collectivit\u00e9s locales \u00e0 partager leur \u00e9nergie et leur mobilit\u00e9.&nbsp; En effet, ces trois communes ont \u00e9t\u00e9 choisies pour participer au projet wallon SOCCER (\u00ab\u00a0socio-\u00e9conomie des communaut\u00e9s d\u2019\u00e9nergie renouvelable\u00a0\u00bb).&nbsp; Il s\u2019agit d\u2019y exp\u00e9rimenter le concept de Communaut\u00e9 d\u2019\u00e9nergie renouvelable en faisant de la coh\u00e9sion sociale un facteur de r\u00e9ussite.&nbsp; Dans le contexte wallon, o\u00f9 plus d\u2019un m\u00e9nage sur quatre se trouve en situation de pr\u00e9carit\u00e9 \u00e9nerg\u00e9tique, une attention particuli\u00e8re doit \u00eatre apport\u00e9e pour permettre d\u2019inclure l\u2019ensemble des m\u00e9nages et en particulier les m\u00e9nages pr\u00e9caris\u00e9s dans la transition \u00e9nerg\u00e9tique (en savoir plus sur le projet SOCCER).&nbsp; A Ans, le projet consiste \u00e0 d\u00e9velopper une Communaut\u00e9 d\u2019\u00e9nergie renouvelable incluant une soci\u00e9t\u00e9 de logements sociaux.&nbsp; Une installation photovolta\u00efque d\u2019environ 1 MWc sera install\u00e9e sur un b\u00e2timent communal et alimentera, en partie, les 350 logements sociaux \u00e0 proximit\u00e9.&nbsp; Renouvelle a interview\u00e9 Dr Ahmed Rassili (photo ci-dessous), Vice-Pr\u00e9sident de la Soci\u00e9t\u00e9 de Logements du Plateau (SLP), pour avoir un premier retour de terrain. Renouvelle : Quel est votre r\u00f4le dans le d\u00e9veloppement d\u2019une communaut\u00e9 d\u2019\u00e9nergie qui int\u00e8gre des logements sociaux ?&nbsp; Ahmed Rassili (SLP) : Je suis vice-pr\u00e9sident de la soci\u00e9t\u00e9 de logements, qui est partenaire du projet. Et pour d\u00e9velopper une communaut\u00e9 d\u2019\u00e9nergie, il faut bien s\u00fbr impliquer les b\u00e9n\u00e9ficiaires et donc les locataires de la soci\u00e9t\u00e9 de logements. Notre r\u00f4le d\u2019administrateur, en collaboration avec le pr\u00e9sident, le directeur-g\u00e9rant ainsi que l\u2019ensemble du personnel de la SLP, c\u2019est de faciliter l\u2019\u00e9tude et les liens entre les partenaires et les locataires. Il serait difficile d\u2019avoir acc\u00e8s aux locataires si la soci\u00e9t\u00e9 de logements n\u2019\u00e9tait pas partenaire, c\u2019est une \u00e9vidence. &nbsp; Quelle est selon vous la plus-value d\u2019une &hellip; <a href=\"https:\/\/www.renouvelle.be\/fr\/communaute-denergie-et-cohesion-sociale-nous-avons-mene-un-travail-de-terrain-pour-inclure-les-locataires\/\" class=\"more-link\">Continue reading<span class=\"screen-reader-text\"> \u00ab\u00a0Communaut\u00e9 d\u2019\u00e9nergie et coh\u00e9sion sociale : \u201dNous avons men\u00e9 un travail de terrain pour inclure les locataires\u201d\u00a0\u00bb<\/span><\/a><\/p>\n","protected":false},"author":3,"featured_media":7559,"comment_status":"closed","ping_status":"closed","sticky":false,"template":"","format":"standard","meta":{"_acf_changed":false,"footnotes":""},"categories":[17],"tags":[],"section":[5],"class_list":["post-7558","post","type-post","status-publish","format-standard","has-post-thumbnail","hentry","category-actualite-en-belgique","section-communaute-denergie"],"acf":[],"yoast_head":"<!-- This site is optimized with the Yoast SEO plugin v27.5 - https:\/\/yoast.com\/product\/yoast-seo-wordpress\/ -->\n<title>Communaut\u00e9 d\u2019\u00e9nergie et coh\u00e9sion sociale : \u201dNous avons men\u00e9 un travail de terrain pour inclure les locataires\u201d - Renouvelle<\/title>\n<meta name=\"robots\" content=\"index, follow, max-snippet:-1, max-image-preview:large, max-video-preview:-1\" \/>\n<link rel=\"canonical\" href=\"https:\/\/www.renouvelle.be\/fr\/communaute-denergie-et-cohesion-sociale-nous-avons-mene-un-travail-de-terrain-pour-inclure-les-locataires\/\" \/>\n<meta property=\"og:locale\" content=\"fr_FR\" \/>\n<meta property=\"og:type\" content=\"article\" \/>\n<meta property=\"og:title\" content=\"Communaut\u00e9 d\u2019\u00e9nergie et coh\u00e9sion sociale : \u201dNous avons men\u00e9 un travail de terrain pour inclure les locataires\u201d - Renouvelle\" \/>\n<meta property=\"og:description\" content=\"A Verviers, Ans et Chapelle-lez-Herlaimont, des laboratoires vivants vont permettre de d\u00e9finir les bonnes pratiques pouvant conduire l\u2019ensemble des collectivit\u00e9s locales \u00e0 partager leur \u00e9nergie et leur mobilit\u00e9.&nbsp; En effet, ces trois communes ont \u00e9t\u00e9 choisies pour participer au projet wallon SOCCER (\u00ab\u00a0socio-\u00e9conomie des communaut\u00e9s d\u2019\u00e9nergie renouvelable\u00a0\u00bb).&nbsp; Il s\u2019agit d\u2019y exp\u00e9rimenter le concept de Communaut\u00e9 d\u2019\u00e9nergie renouvelable en faisant de la coh\u00e9sion sociale un facteur de r\u00e9ussite.&nbsp; Dans le contexte wallon, o\u00f9 plus d\u2019un m\u00e9nage sur quatre se trouve en situation de pr\u00e9carit\u00e9 \u00e9nerg\u00e9tique, une attention particuli\u00e8re doit \u00eatre apport\u00e9e pour permettre d\u2019inclure l\u2019ensemble des m\u00e9nages et en particulier les m\u00e9nages pr\u00e9caris\u00e9s dans la transition \u00e9nerg\u00e9tique (en savoir plus sur le projet SOCCER).&nbsp; A Ans, le projet consiste \u00e0 d\u00e9velopper une Communaut\u00e9 d\u2019\u00e9nergie renouvelable incluant une soci\u00e9t\u00e9 de logements sociaux.&nbsp; Une installation photovolta\u00efque d\u2019environ 1 MWc sera install\u00e9e sur un b\u00e2timent communal et alimentera, en partie, les 350 logements sociaux \u00e0 proximit\u00e9.&nbsp; Renouvelle a interview\u00e9 Dr Ahmed Rassili (photo ci-dessous), Vice-Pr\u00e9sident de la Soci\u00e9t\u00e9 de Logements du Plateau (SLP), pour avoir un premier retour de terrain. Renouvelle : Quel est votre r\u00f4le dans le d\u00e9veloppement d\u2019une communaut\u00e9 d\u2019\u00e9nergie qui int\u00e8gre des logements sociaux ?&nbsp; Ahmed Rassili (SLP) : Je suis vice-pr\u00e9sident de la soci\u00e9t\u00e9 de logements, qui est partenaire du projet. Et pour d\u00e9velopper une communaut\u00e9 d\u2019\u00e9nergie, il faut bien s\u00fbr impliquer les b\u00e9n\u00e9ficiaires et donc les locataires de la soci\u00e9t\u00e9 de logements. Notre r\u00f4le d\u2019administrateur, en collaboration avec le pr\u00e9sident, le directeur-g\u00e9rant ainsi que l\u2019ensemble du personnel de la SLP, c\u2019est de faciliter l\u2019\u00e9tude et les liens entre les partenaires et les locataires. Il serait difficile d\u2019avoir acc\u00e8s aux locataires si la soci\u00e9t\u00e9 de logements n\u2019\u00e9tait pas partenaire, c\u2019est une \u00e9vidence. &nbsp; Quelle est selon vous la plus-value d\u2019une &hellip; Continue reading &quot;Communaut\u00e9 d\u2019\u00e9nergie et coh\u00e9sion sociale : \u201dNous avons men\u00e9 un travail de terrain pour inclure les locataires\u201d&quot;\" \/>\n<meta property=\"og:url\" content=\"https:\/\/www.renouvelle.be\/fr\/communaute-denergie-et-cohesion-sociale-nous-avons-mene-un-travail-de-terrain-pour-inclure-les-locataires\/\" \/>\n<meta property=\"og:site_name\" content=\"Renouvelle\" \/>\n<meta property=\"article:published_time\" content=\"2021-12-22T10:38:10+00:00\" \/>\n<meta property=\"article:modified_time\" content=\"2025-03-21T08:44:16+00:00\" \/>\n<meta property=\"og:image\" content=\"https:\/\/www.renouvelle.be\/wp-content\/uploads\/2021\/12\/dialogue.jpg\" \/>\n\t<meta property=\"og:image:width\" content=\"700\" \/>\n\t<meta property=\"og:image:height\" content=\"467\" \/>\n\t<meta property=\"og:image:type\" content=\"image\/jpeg\" \/>\n<meta name=\"author\" content=\"Energie Commune\" \/>\n<meta name=\"twitter:card\" content=\"summary_large_image\" \/>\n<script type=\"application\/ld+json\" class=\"yoast-schema-graph\">{\"@context\":\"https:\\\/\\\/schema.org\",\"@graph\":[{\"@type\":\"Article\",\"@id\":\"https:\\\/\\\/www.renouvelle.be\\\/fr\\\/communaute-denergie-et-cohesion-sociale-nous-avons-mene-un-travail-de-terrain-pour-inclure-les-locataires\\\/#article\",\"isPartOf\":{\"@id\":\"https:\\\/\\\/www.renouvelle.be\\\/fr\\\/communaute-denergie-et-cohesion-sociale-nous-avons-mene-un-travail-de-terrain-pour-inclure-les-locataires\\\/\"},\"author\":{\"name\":\"Energie Commune\",\"@id\":\"https:\\\/\\\/www.renouvelle.be\\\/fr\\\/#\\\/schema\\\/person\\\/01fbe8226a07f8f3d4a1cd059b31f17a\"},\"headline\":\"Communaut\u00e9 d\u2019\u00e9nergie et coh\u00e9sion sociale : \u201dNous avons men\u00e9 un travail de terrain pour inclure les locataires\u201d\",\"datePublished\":\"2021-12-22T10:38:10+00:00\",\"dateModified\":\"2025-03-21T08:44:16+00:00\",\"mainEntityOfPage\":{\"@id\":\"https:\\\/\\\/www.renouvelle.be\\\/fr\\\/communaute-denergie-et-cohesion-sociale-nous-avons-mene-un-travail-de-terrain-pour-inclure-les-locataires\\\/\"},\"wordCount\":1584,\"image\":{\"@id\":\"https:\\\/\\\/www.renouvelle.be\\\/fr\\\/communaute-denergie-et-cohesion-sociale-nous-avons-mene-un-travail-de-terrain-pour-inclure-les-locataires\\\/#primaryimage\"},\"thumbnailUrl\":\"https:\\\/\\\/www.renouvelle.be\\\/wp-content\\\/uploads\\\/2021\\\/12\\\/dialogue.jpg\",\"articleSection\":[\"Actualit\u00e9 en Belgique\"],\"inLanguage\":\"fr-FR\"},{\"@type\":\"WebPage\",\"@id\":\"https:\\\/\\\/www.renouvelle.be\\\/fr\\\/communaute-denergie-et-cohesion-sociale-nous-avons-mene-un-travail-de-terrain-pour-inclure-les-locataires\\\/\",\"url\":\"https:\\\/\\\/www.renouvelle.be\\\/fr\\\/communaute-denergie-et-cohesion-sociale-nous-avons-mene-un-travail-de-terrain-pour-inclure-les-locataires\\\/\",\"name\":\"Communaut\u00e9 d\u2019\u00e9nergie et coh\u00e9sion sociale : \u201dNous avons men\u00e9 un travail de terrain pour inclure les locataires\u201d - Renouvelle\",\"isPartOf\":{\"@id\":\"https:\\\/\\\/www.renouvelle.be\\\/fr\\\/#website\"},\"primaryImageOfPage\":{\"@id\":\"https:\\\/\\\/www.renouvelle.be\\\/fr\\\/communaute-denergie-et-cohesion-sociale-nous-avons-mene-un-travail-de-terrain-pour-inclure-les-locataires\\\/#primaryimage\"},\"image\":{\"@id\":\"https:\\\/\\\/www.renouvelle.be\\\/fr\\\/communaute-denergie-et-cohesion-sociale-nous-avons-mene-un-travail-de-terrain-pour-inclure-les-locataires\\\/#primaryimage\"},\"thumbnailUrl\":\"https:\\\/\\\/www.renouvelle.be\\\/wp-content\\\/uploads\\\/2021\\\/12\\\/dialogue.jpg\",\"datePublished\":\"2021-12-22T10:38:10+00:00\",\"dateModified\":\"2025-03-21T08:44:16+00:00\",\"author\":{\"@id\":\"https:\\\/\\\/www.renouvelle.be\\\/fr\\\/#\\\/schema\\\/person\\\/01fbe8226a07f8f3d4a1cd059b31f17a\"},\"breadcrumb\":{\"@id\":\"https:\\\/\\\/www.renouvelle.be\\\/fr\\\/communaute-denergie-et-cohesion-sociale-nous-avons-mene-un-travail-de-terrain-pour-inclure-les-locataires\\\/#breadcrumb\"},\"inLanguage\":\"fr-FR\",\"potentialAction\":[{\"@type\":\"ReadAction\",\"target\":[\"https:\\\/\\\/www.renouvelle.be\\\/fr\\\/communaute-denergie-et-cohesion-sociale-nous-avons-mene-un-travail-de-terrain-pour-inclure-les-locataires\\\/\"]}]},{\"@type\":\"ImageObject\",\"inLanguage\":\"fr-FR\",\"@id\":\"https:\\\/\\\/www.renouvelle.be\\\/fr\\\/communaute-denergie-et-cohesion-sociale-nous-avons-mene-un-travail-de-terrain-pour-inclure-les-locataires\\\/#primaryimage\",\"url\":\"https:\\\/\\\/www.renouvelle.be\\\/wp-content\\\/uploads\\\/2021\\\/12\\\/dialogue.jpg\",\"contentUrl\":\"https:\\\/\\\/www.renouvelle.be\\\/wp-content\\\/uploads\\\/2021\\\/12\\\/dialogue.jpg\",\"width\":700,\"height\":467,\"caption\":\"Woman Speaking At Support Group Meeting For Mental Health Or Dependency Issues In Community Space\"},{\"@type\":\"BreadcrumbList\",\"@id\":\"https:\\\/\\\/www.renouvelle.be\\\/fr\\\/communaute-denergie-et-cohesion-sociale-nous-avons-mene-un-travail-de-terrain-pour-inclure-les-locataires\\\/#breadcrumb\",\"itemListElement\":[{\"@type\":\"ListItem\",\"position\":1,\"name\":\"Accueil\",\"item\":\"https:\\\/\\\/www.renouvelle.be\\\/fr\\\/\"},{\"@type\":\"ListItem\",\"position\":2,\"name\":\"Communaut\u00e9 d\u2019\u00e9nergie et coh\u00e9sion sociale : \u201dNous avons men\u00e9 un travail de terrain pour inclure les locataires\u201d\"}]},{\"@type\":\"WebSite\",\"@id\":\"https:\\\/\\\/www.renouvelle.be\\\/fr\\\/#website\",\"url\":\"https:\\\/\\\/www.renouvelle.be\\\/fr\\\/\",\"name\":\"Renouvelle\",\"description\":\"L&#039;actualit\u00e9 de l&#039;\u00e9nergie durable\",\"potentialAction\":[{\"@type\":\"SearchAction\",\"target\":{\"@type\":\"EntryPoint\",\"urlTemplate\":\"https:\\\/\\\/www.renouvelle.be\\\/fr\\\/?s={search_term_string}\"},\"query-input\":{\"@type\":\"PropertyValueSpecification\",\"valueRequired\":true,\"valueName\":\"search_term_string\"}}],\"inLanguage\":\"fr-FR\"},{\"@type\":\"Person\",\"@id\":\"https:\\\/\\\/www.renouvelle.be\\\/fr\\\/#\\\/schema\\\/person\\\/01fbe8226a07f8f3d4a1cd059b31f17a\",\"name\":\"Energie Commune\",\"url\":\"https:\\\/\\\/www.renouvelle.be\\\/fr\\\/author\\\/apere\\\/\"}]}<\/script>\n<!-- \/ Yoast SEO plugin. -->","yoast_head_json":{"title":"Communaut\u00e9 d\u2019\u00e9nergie et coh\u00e9sion sociale : \u201dNous avons men\u00e9 un travail de terrain pour inclure les locataires\u201d - Renouvelle","robots":{"index":"index","follow":"follow","max-snippet":"max-snippet:-1","max-image-preview":"max-image-preview:large","max-video-preview":"max-video-preview:-1"},"canonical":"https:\/\/www.renouvelle.be\/fr\/communaute-denergie-et-cohesion-sociale-nous-avons-mene-un-travail-de-terrain-pour-inclure-les-locataires\/","og_locale":"fr_FR","og_type":"article","og_title":"Communaut\u00e9 d\u2019\u00e9nergie et coh\u00e9sion sociale : \u201dNous avons men\u00e9 un travail de terrain pour inclure les locataires\u201d - Renouvelle","og_description":"A Verviers, Ans et Chapelle-lez-Herlaimont, des laboratoires vivants vont permettre de d\u00e9finir les bonnes pratiques pouvant conduire l\u2019ensemble des collectivit\u00e9s locales \u00e0 partager leur \u00e9nergie et leur mobilit\u00e9.&nbsp; En effet, ces trois communes ont \u00e9t\u00e9 choisies pour participer au projet wallon SOCCER (\u00ab\u00a0socio-\u00e9conomie des communaut\u00e9s d\u2019\u00e9nergie renouvelable\u00a0\u00bb).&nbsp; Il s\u2019agit d\u2019y exp\u00e9rimenter le concept de Communaut\u00e9 d\u2019\u00e9nergie renouvelable en faisant de la coh\u00e9sion sociale un facteur de r\u00e9ussite.&nbsp; Dans le contexte wallon, o\u00f9 plus d\u2019un m\u00e9nage sur quatre se trouve en situation de pr\u00e9carit\u00e9 \u00e9nerg\u00e9tique, une attention particuli\u00e8re doit \u00eatre apport\u00e9e pour permettre d\u2019inclure l\u2019ensemble des m\u00e9nages et en particulier les m\u00e9nages pr\u00e9caris\u00e9s dans la transition \u00e9nerg\u00e9tique (en savoir plus sur le projet SOCCER).&nbsp; A Ans, le projet consiste \u00e0 d\u00e9velopper une Communaut\u00e9 d\u2019\u00e9nergie renouvelable incluant une soci\u00e9t\u00e9 de logements sociaux.&nbsp; Une installation photovolta\u00efque d\u2019environ 1 MWc sera install\u00e9e sur un b\u00e2timent communal et alimentera, en partie, les 350 logements sociaux \u00e0 proximit\u00e9.&nbsp; Renouvelle a interview\u00e9 Dr Ahmed Rassili (photo ci-dessous), Vice-Pr\u00e9sident de la Soci\u00e9t\u00e9 de Logements du Plateau (SLP), pour avoir un premier retour de terrain. Renouvelle : Quel est votre r\u00f4le dans le d\u00e9veloppement d\u2019une communaut\u00e9 d\u2019\u00e9nergie qui int\u00e8gre des logements sociaux ?&nbsp; Ahmed Rassili (SLP) : Je suis vice-pr\u00e9sident de la soci\u00e9t\u00e9 de logements, qui est partenaire du projet. Et pour d\u00e9velopper une communaut\u00e9 d\u2019\u00e9nergie, il faut bien s\u00fbr impliquer les b\u00e9n\u00e9ficiaires et donc les locataires de la soci\u00e9t\u00e9 de logements. Notre r\u00f4le d\u2019administrateur, en collaboration avec le pr\u00e9sident, le directeur-g\u00e9rant ainsi que l\u2019ensemble du personnel de la SLP, c\u2019est de faciliter l\u2019\u00e9tude et les liens entre les partenaires et les locataires. Il serait difficile d\u2019avoir acc\u00e8s aux locataires si la soci\u00e9t\u00e9 de logements n\u2019\u00e9tait pas partenaire, c\u2019est une \u00e9vidence. &nbsp; Quelle est selon vous la plus-value d\u2019une &hellip; Continue reading \"Communaut\u00e9 d\u2019\u00e9nergie et coh\u00e9sion sociale : \u201dNous avons men\u00e9 un travail de terrain pour inclure les locataires\u201d\"","og_url":"https:\/\/www.renouvelle.be\/fr\/communaute-denergie-et-cohesion-sociale-nous-avons-mene-un-travail-de-terrain-pour-inclure-les-locataires\/","og_site_name":"Renouvelle","article_published_time":"2021-12-22T10:38:10+00:00","article_modified_time":"2025-03-21T08:44:16+00:00","og_image":[{"width":700,"height":467,"url":"https:\/\/www.renouvelle.be\/wp-content\/uploads\/2021\/12\/dialogue.jpg","type":"image\/jpeg"}],"author":"Energie Commune","twitter_card":"summary_large_image","schema":{"@context":"https:\/\/schema.org","@graph":[{"@type":"Article","@id":"https:\/\/www.renouvelle.be\/fr\/communaute-denergie-et-cohesion-sociale-nous-avons-mene-un-travail-de-terrain-pour-inclure-les-locataires\/#article","isPartOf":{"@id":"https:\/\/www.renouvelle.be\/fr\/communaute-denergie-et-cohesion-sociale-nous-avons-mene-un-travail-de-terrain-pour-inclure-les-locataires\/"},"author":{"name":"Energie Commune","@id":"https:\/\/www.renouvelle.be\/fr\/#\/schema\/person\/01fbe8226a07f8f3d4a1cd059b31f17a"},"headline":"Communaut\u00e9 d\u2019\u00e9nergie et coh\u00e9sion sociale : \u201dNous avons men\u00e9 un travail de terrain pour inclure les locataires\u201d","datePublished":"2021-12-22T10:38:10+00:00","dateModified":"2025-03-21T08:44:16+00:00","mainEntityOfPage":{"@id":"https:\/\/www.renouvelle.be\/fr\/communaute-denergie-et-cohesion-sociale-nous-avons-mene-un-travail-de-terrain-pour-inclure-les-locataires\/"},"wordCount":1584,"image":{"@id":"https:\/\/www.renouvelle.be\/fr\/communaute-denergie-et-cohesion-sociale-nous-avons-mene-un-travail-de-terrain-pour-inclure-les-locataires\/#primaryimage"},"thumbnailUrl":"https:\/\/www.renouvelle.be\/wp-content\/uploads\/2021\/12\/dialogue.jpg","articleSection":["Actualit\u00e9 en Belgique"],"inLanguage":"fr-FR"},{"@type":"WebPage","@id":"https:\/\/www.renouvelle.be\/fr\/communaute-denergie-et-cohesion-sociale-nous-avons-mene-un-travail-de-terrain-pour-inclure-les-locataires\/","url":"https:\/\/www.renouvelle.be\/fr\/communaute-denergie-et-cohesion-sociale-nous-avons-mene-un-travail-de-terrain-pour-inclure-les-locataires\/","name":"Communaut\u00e9 d\u2019\u00e9nergie et coh\u00e9sion sociale : \u201dNous avons men\u00e9 un travail de terrain pour inclure les locataires\u201d - Renouvelle","isPartOf":{"@id":"https:\/\/www.renouvelle.be\/fr\/#website"},"primaryImageOfPage":{"@id":"https:\/\/www.renouvelle.be\/fr\/communaute-denergie-et-cohesion-sociale-nous-avons-mene-un-travail-de-terrain-pour-inclure-les-locataires\/#primaryimage"},"image":{"@id":"https:\/\/www.renouvelle.be\/fr\/communaute-denergie-et-cohesion-sociale-nous-avons-mene-un-travail-de-terrain-pour-inclure-les-locataires\/#primaryimage"},"thumbnailUrl":"https:\/\/www.renouvelle.be\/wp-content\/uploads\/2021\/12\/dialogue.jpg","datePublished":"2021-12-22T10:38:10+00:00","dateModified":"2025-03-21T08:44:16+00:00","author":{"@id":"https:\/\/www.renouvelle.be\/fr\/#\/schema\/person\/01fbe8226a07f8f3d4a1cd059b31f17a"},"breadcrumb":{"@id":"https:\/\/www.renouvelle.be\/fr\/communaute-denergie-et-cohesion-sociale-nous-avons-mene-un-travail-de-terrain-pour-inclure-les-locataires\/#breadcrumb"},"inLanguage":"fr-FR","potentialAction":[{"@type":"ReadAction","target":["https:\/\/www.renouvelle.be\/fr\/communaute-denergie-et-cohesion-sociale-nous-avons-mene-un-travail-de-terrain-pour-inclure-les-locataires\/"]}]},{"@type":"ImageObject","inLanguage":"fr-FR","@id":"https:\/\/www.renouvelle.be\/fr\/communaute-denergie-et-cohesion-sociale-nous-avons-mene-un-travail-de-terrain-pour-inclure-les-locataires\/#primaryimage","url":"https:\/\/www.renouvelle.be\/wp-content\/uploads\/2021\/12\/dialogue.jpg","contentUrl":"https:\/\/www.renouvelle.be\/wp-content\/uploads\/2021\/12\/dialogue.jpg","width":700,"height":467,"caption":"Woman Speaking At Support Group Meeting For Mental Health Or Dependency Issues In Community Space"},{"@type":"BreadcrumbList","@id":"https:\/\/www.renouvelle.be\/fr\/communaute-denergie-et-cohesion-sociale-nous-avons-mene-un-travail-de-terrain-pour-inclure-les-locataires\/#breadcrumb","itemListElement":[{"@type":"ListItem","position":1,"name":"Accueil","item":"https:\/\/www.renouvelle.be\/fr\/"},{"@type":"ListItem","position":2,"name":"Communaut\u00e9 d\u2019\u00e9nergie et coh\u00e9sion sociale : \u201dNous avons men\u00e9 un travail de terrain pour inclure les locataires\u201d"}]},{"@type":"WebSite","@id":"https:\/\/www.renouvelle.be\/fr\/#website","url":"https:\/\/www.renouvelle.be\/fr\/","name":"Renouvelle","description":"L&#039;actualit\u00e9 de l&#039;\u00e9nergie durable","potentialAction":[{"@type":"SearchAction","target":{"@type":"EntryPoint","urlTemplate":"https:\/\/www.renouvelle.be\/fr\/?s={search_term_string}"},"query-input":{"@type":"PropertyValueSpecification","valueRequired":true,"valueName":"search_term_string"}}],"inLanguage":"fr-FR"},{"@type":"Person","@id":"https:\/\/www.renouvelle.be\/fr\/#\/schema\/person\/01fbe8226a07f8f3d4a1cd059b31f17a","name":"Energie Commune","url":"https:\/\/www.renouvelle.be\/fr\/author\/apere\/"}]}},"_links":{"self":[{"href":"https:\/\/www.renouvelle.be\/fr\/wp-json\/wp\/v2\/posts\/7558","targetHints":{"allow":["GET"]}}],"collection":[{"href":"https:\/\/www.renouvelle.be\/fr\/wp-json\/wp\/v2\/posts"}],"about":[{"href":"https:\/\/www.renouvelle.be\/fr\/wp-json\/wp\/v2\/types\/post"}],"author":[{"embeddable":true,"href":"https:\/\/www.renouvelle.be\/fr\/wp-json\/wp\/v2\/users\/3"}],"replies":[{"embeddable":true,"href":"https:\/\/www.renouvelle.be\/fr\/wp-json\/wp\/v2\/comments?post=7558"}],"version-history":[{"count":5,"href":"https:\/\/www.renouvelle.be\/fr\/wp-json\/wp\/v2\/posts\/7558\/revisions"}],"predecessor-version":[{"id":14893,"href":"https:\/\/www.renouvelle.be\/fr\/wp-json\/wp\/v2\/posts\/7558\/revisions\/14893"}],"wp:featuredmedia":[{"embeddable":true,"href":"https:\/\/www.renouvelle.be\/fr\/wp-json\/wp\/v2\/media\/7559"}],"wp:attachment":[{"href":"https:\/\/www.renouvelle.be\/fr\/wp-json\/wp\/v2\/media?parent=7558"}],"wp:term":[{"taxonomy":"category","embeddable":true,"href":"https:\/\/www.renouvelle.be\/fr\/wp-json\/wp\/v2\/categories?post=7558"},{"taxonomy":"post_tag","embeddable":true,"href":"https:\/\/www.renouvelle.be\/fr\/wp-json\/wp\/v2\/tags?post=7558"},{"taxonomy":"section","embeddable":true,"href":"https:\/\/www.renouvelle.be\/fr\/wp-json\/wp\/v2\/section?post=7558"}],"curies":[{"name":"wp","href":"https:\/\/api.w.org\/{rel}","templated":true}]}}